{"id":8863,"date":"2022-04-27T15:18:07","date_gmt":"2022-04-27T15:18:07","guid":{"rendered":"https:\/\/morarmais.com.br\/mms\/?p=8863"},"modified":"2022-05-10T16:02:53","modified_gmt":"2022-05-10T16:02:53","slug":"very-peri-como-a-cor-pantone-2022-inspira-novos-ares","status":"publish","type":"post","link":"https:\/\/morarmais.com.br\/mms\/very-peri-como-a-cor-pantone-2022-inspira-novos-ares\/","title":{"rendered":"Very Peri: como a cor Pantone 2022 inspira novos ares"},"content":{"rendered":"\n<p class=\" eplus-wrapper\">Conhecida como autoridade global no universo das cores, a Pantone definiu para o ano de 2022 uma combina\u00e7\u00e3o de tons azuis e vermelhos que resultaram na queridinha Very Peri. Tamb\u00e9m vista como um roxo delicado, a cor promete moldar a ind\u00fastria da moda, design de interiores e arte, seguindo os padr\u00f5es de influ\u00eancia da marca.<\/p>\n\n\n\n<p class=\" eplus-wrapper\">A proposta deste ano \u00e9 transforma\u00e7\u00e3o. A cultura ao redor do mundo foi diretamente afetada pelos \u00faltimos acontecimentos e agora \u00e9 o momento de reescrever hist\u00f3rias e suprir expectativas. Essa \u00e9 uma cor que nos ajuda a abra\u00e7ar a criatividade.<\/p>\n\n\n\n<p class=\" eplus-wrapper\">No Morar Mais, que prioriza a criatividade em projetos acess\u00edveis sem deixar de lado a inova\u00e7\u00e3o, podemos ver in\u00fameros espa\u00e7os dedicados \u00e0 ousadia das cores. Autenticidade \u00e9 com a gente!&nbsp;<\/p>\n\n\n\n<p class=\" eplus-wrapper\">Seja em planos gerais ou em detalhes, uma tonalidade diferente pode mudar completamente uma perspectiva. Voc\u00ea tem medo de pintar uma parede inteira? Se isso ainda te traz inseguran\u00e7a, comece ent\u00e3o por objetos no ambiente. \u00c9 como na moda: se voc\u00ea ainda n\u00e3o quer ousar em vestir uma roupa fora da sua paleta habitual, aposte nos acess\u00f3rios primeiro, ou entenda o que cada cor pode representar.&nbsp;<\/p>\n\n\n\n<p class=\" eplus-wrapper\">Confira como os profissionais inseriram pontos sutis da cor em edi\u00e7\u00f5es anteriores da mostra e ressignificaram a proposta de decora\u00e7\u00e3o.<\/p>\n\n\n\n<div class=\"wp-block-jetpack-slideshow aligncenter\" data-effect=\"slide\"><div class=\"wp-block-jetpack-slideshow_container swiper-container\"><ul class=\"wp-block-jetpack-slideshow_swiper-wrapper swiper-wrapper\"><li class=\"wp-block-jetpack-slideshow_slide swiper-slide\"><figure><img fetchpriority=\"high\" decoding=\"async\" width=\"1024\" height=\"682\" alt=\"\" class=\"wp-block-jetpack-slideshow_image wp-image-8864\" data-id=\"8864\" src=\"https:\/\/morarmais.com.br\/mms\/wp-content\/uploads\/2022\/04\/26.-Sala-Multifuncional-da-Fami\u0301lia-Cyntia-Sabat-_-1-1024x682.jpg\" srcset=\"https:\/\/morarmais.com.br\/mms\/wp-content\/uploads\/2022\/04\/26.-Sala-Multifuncional-da-Fami\u0301lia-Cyntia-Sabat-_-1-1024x682.jpg 1024w, https:\/\/morarmais.com.br\/mms\/wp-content\/uploads\/2022\/04\/26.-Sala-Multifuncional-da-Fami\u0301lia-Cyntia-Sabat-_-1-300x200.jpg 300w, https:\/\/morarmais.com.br\/mms\/wp-content\/uploads\/2022\/04\/26.-Sala-Multifuncional-da-Fami\u0301lia-Cyntia-Sabat-_-1-768x512.jpg 768w, https:\/\/morarmais.com.br\/mms\/wp-content\/uploads\/2022\/04\/26.-Sala-Multifuncional-da-Fami\u0301lia-Cyntia-Sabat-_-1-1200x800.jpg 1200w, https:\/\/morarmais.com.br\/mms\/wp-content\/uploads\/2022\/04\/26.-Sala-Multifuncional-da-Fami\u0301lia-Cyntia-Sabat-_-1-930x620.jpg 930w, https:\/\/morarmais.com.br\/mms\/wp-content\/uploads\/2022\/04\/26.-Sala-Multifuncional-da-Fami\u0301lia-Cyntia-Sabat-_-1-350x233.jpg 350w, https:\/\/morarmais.com.br\/mms\/wp-content\/uploads\/2022\/04\/26.-Sala-Multifuncional-da-Fami\u0301lia-Cyntia-Sabat-_-1.jpg 1280w\" sizes=\"(max-width: 1024px) 100vw, 1024px\" \/><figcaption class=\"wp-block-jetpack-slideshow_caption gallery-caption\">Sala Multifuncional da Fami\u0301lia &#8211; Cyntia Sabat<\/figcaption><\/figure><\/li><li class=\"wp-block-jetpack-slideshow_slide swiper-slide\"><figure><img decoding=\"async\" width=\"760\" height=\"1024\" alt=\"\" class=\"wp-block-jetpack-slideshow_image wp-image-8865\" data-id=\"8865\" src=\"https:\/\/morarmais.com.br\/mms\/wp-content\/uploads\/2022\/04\/26.-Sala-Multifuncional-da-Fami\u0301lia-Cyntia-Sabat.jpg\" srcset=\"https:\/\/morarmais.com.br\/mms\/wp-content\/uploads\/2022\/04\/26.-Sala-Multifuncional-da-Fami\u0301lia-Cyntia-Sabat.jpg 760w, https:\/\/morarmais.com.br\/mms\/wp-content\/uploads\/2022\/04\/26.-Sala-Multifuncional-da-Fami\u0301lia-Cyntia-Sabat-223x300.jpg 223w, https:\/\/morarmais.com.br\/mms\/wp-content\/uploads\/2022\/04\/26.-Sala-Multifuncional-da-Fami\u0301lia-Cyntia-Sabat-350x472.jpg 350w\" sizes=\"(max-width: 760px) 100vw, 760px\" \/><figcaption class=\"wp-block-jetpack-slideshow_caption gallery-caption\">Sala Multifuncional da Fami\u0301lia &#8211; Cyntia Sabat<\/figcaption><\/figure><\/li><li class=\"wp-block-jetpack-slideshow_slide swiper-slide\"><figure><img decoding=\"async\" width=\"1024\" height=\"682\" alt=\"\" class=\"wp-block-jetpack-slideshow_image wp-image-8866\" data-id=\"8866\" src=\"https:\/\/morarmais.com.br\/mms\/wp-content\/uploads\/2022\/04\/08.-Garagem-da-Mulher-Jose\u0301-Lobato-Caroline-Cardoso-e-Marcia-Freitas-SP-2019-detalhe-tapete.jpg\" srcset=\"https:\/\/morarmais.com.br\/mms\/wp-content\/uploads\/2022\/04\/08.-Garagem-da-Mulher-Jose\u0301-Lobato-Caroline-Cardoso-e-Marcia-Freitas-SP-2019-detalhe-tapete.jpg 1024w, https:\/\/morarmais.com.br\/mms\/wp-content\/uploads\/2022\/04\/08.-Garagem-da-Mulher-Jose\u0301-Lobato-Caroline-Cardoso-e-Marcia-Freitas-SP-2019-detalhe-tapete-300x200.jpg 300w, https:\/\/morarmais.com.br\/mms\/wp-content\/uploads\/2022\/04\/08.-Garagem-da-Mulher-Jose\u0301-Lobato-Caroline-Cardoso-e-Marcia-Freitas-SP-2019-detalhe-tapete-768x512.jpg 768w, https:\/\/morarmais.com.br\/mms\/wp-content\/uploads\/2022\/04\/08.-Garagem-da-Mulher-Jose\u0301-Lobato-Caroline-Cardoso-e-Marcia-Freitas-SP-2019-detalhe-tapete-930x620.jpg 930w, https:\/\/morarmais.com.br\/mms\/wp-content\/uploads\/2022\/04\/08.-Garagem-da-Mulher-Jose\u0301-Lobato-Caroline-Cardoso-e-Marcia-Freitas-SP-2019-detalhe-tapete-350x233.jpg 350w\" sizes=\"(max-width: 1024px) 100vw, 1024px\" \/><figcaption class=\"wp-block-jetpack-slideshow_caption gallery-caption\">Garagem da Mulher &#8211; Jose\u0301 Lobato, Caroline Cardoso e Marcia Freitas<\/figcaption><\/figure><\/li><li class=\"wp-block-jetpack-slideshow_slide swiper-slide\"><figure><img loading=\"lazy\" decoding=\"async\" width=\"700\" height=\"467\" alt=\"\" class=\"wp-block-jetpack-slideshow_image wp-image-8867\" data-id=\"8867\" src=\"https:\/\/morarmais.com.br\/mms\/wp-content\/uploads\/2022\/04\/banheiro-contemporaneo-fabiano-prates-ravaglia-fpr-studio-rio2017.jpg\" srcset=\"https:\/\/morarmais.com.br\/mms\/wp-content\/uploads\/2022\/04\/banheiro-contemporaneo-fabiano-prates-ravaglia-fpr-studio-rio2017.jpg 700w, https:\/\/morarmais.com.br\/mms\/wp-content\/uploads\/2022\/04\/banheiro-contemporaneo-fabiano-prates-ravaglia-fpr-studio-rio2017-300x200.jpg 300w, https:\/\/morarmais.com.br\/mms\/wp-content\/uploads\/2022\/04\/banheiro-contemporaneo-fabiano-prates-ravaglia-fpr-studio-rio2017-350x234.jpg 350w\" sizes=\"(max-width: 700px) 100vw, 700px\" \/><figcaption class=\"wp-block-jetpack-slideshow_caption gallery-caption\">Banheiro Contempor\u00e2neo &#8211; Fabiano Prates Ravaglia<\/figcaption><\/figure><\/li><li class=\"wp-block-jetpack-slideshow_slide swiper-slide\"><figure><img loading=\"lazy\" decoding=\"async\" width=\"700\" height=\"435\" alt=\"\" class=\"wp-block-jetpack-slideshow_image wp-image-8868\" data-id=\"8868\" src=\"https:\/\/morarmais.com.br\/mms\/wp-content\/uploads\/2022\/04\/bilheteria-cecilia-davila-vitoria2016.jpg\" srcset=\"https:\/\/morarmais.com.br\/mms\/wp-content\/uploads\/2022\/04\/bilheteria-cecilia-davila-vitoria2016.jpg 700w, https:\/\/morarmais.com.br\/mms\/wp-content\/uploads\/2022\/04\/bilheteria-cecilia-davila-vitoria2016-300x186.jpg 300w, https:\/\/morarmais.com.br\/mms\/wp-content\/uploads\/2022\/04\/bilheteria-cecilia-davila-vitoria2016-350x218.jpg 350w\" sizes=\"(max-width: 700px) 100vw, 700px\" \/><figcaption class=\"wp-block-jetpack-slideshow_caption gallery-caption\">Bilheteria Vit\u00f3ria &#8211; Cecilia Davila<\/figcaption><\/figure><\/li><li class=\"wp-block-jetpack-slideshow_slide swiper-slide\"><figure><img loading=\"lazy\" decoding=\"async\" width=\"700\" height=\"467\" alt=\"\" class=\"wp-block-jetpack-slideshow_image wp-image-8869\" data-id=\"8869\" src=\"https:\/\/morarmais.com.br\/mms\/wp-content\/uploads\/2022\/04\/loja-oca-criativa-miriamgatti-gabriela-brasil-verameijon-bh2015.jpg\" srcset=\"https:\/\/morarmais.com.br\/mms\/wp-content\/uploads\/2022\/04\/loja-oca-criativa-miriamgatti-gabriela-brasil-verameijon-bh2015.jpg 700w, https:\/\/morarmais.com.br\/mms\/wp-content\/uploads\/2022\/04\/loja-oca-criativa-miriamgatti-gabriela-brasil-verameijon-bh2015-300x200.jpg 300w, https:\/\/morarmais.com.br\/mms\/wp-content\/uploads\/2022\/04\/loja-oca-criativa-miriamgatti-gabriela-brasil-verameijon-bh2015-350x234.jpg 350w\" sizes=\"(max-width: 700px) 100vw, 700px\" \/><figcaption class=\"wp-block-jetpack-slideshow_caption gallery-caption\">Loja Oca Criativa &#8211; Miriam Gatti, Gabriela Brasil e Vera Meijon<\/figcaption><\/figure><\/li><\/ul><a class=\"wp-block-jetpack-slideshow_button-prev swiper-button-prev swiper-button-white\" role=\"button\"><\/a><a class=\"wp-block-jetpack-slideshow_button-next swiper-button-next swiper-button-white\" role=\"button\"><\/a><a aria-label=\"Pause Slideshow\" class=\"wp-block-jetpack-slideshow_button-pause\" role=\"button\"><\/a><div class=\"wp-block-jetpack-slideshow_pagination swiper-pagination swiper-pagination-white\"><\/div><\/div><\/div>\n\n\n\n<h3 class=\" eplus-wrapper wp-block-heading\"><strong>O poder da psicologia das cores nos ambientes<\/strong><\/h3>\n\n\n\n<p class=\" eplus-wrapper\">O comportamento humano \u00e9 altamente influenciado atrav\u00e9s das cores. \u00c9 a partir desse estudo mais espec\u00edfico que podemos entender a associa\u00e7\u00e3o de sentimentos com o uso de determinadas tonalidades. Neutros, frios ou quentes? A pintura estimula sensa\u00e7\u00f5es que interferem no nosso bem-estar, por isso \u00e9 preciso ficar atento na hora de selecionar o melhor para seu projeto.<\/p>\n\n\n\n<p class=\" eplus-wrapper\">Very Peri, por exemplo, tem uma presen\u00e7a nova e din\u00e2mica que encoraja a express\u00e3o pessoal. A const\u00e2ncia dos azuis somada ao entusiasmo dos vermelhos criou a mensagem de empoderamento na escolha da Pantone para esse ano.&nbsp;<\/p>\n\n\n\n<p class=\" eplus-wrapper\">Mas como chegar nesse resultado? Durante cinquenta anos a marca desenvolveu e aprimorou o conceito de seu sistema de combina\u00e7\u00e3o de cores e conta com especialistas que, atrav\u00e9s de pesquisas e an\u00e1lises que duram cerca de nove meses, buscam novas influ\u00eancias dentro de diversas \u00e1reas do mercado.&nbsp;<\/p>\n\n\n\n<p class=\" eplus-wrapper\">Dica: cores quentes estimulam o apetite, criam uma atmosfera alegre e otimista. J\u00e1 as cores frias s\u00e3o ideais para quem busca tranquilidade e frescor. Experimente mistur\u00e1-las e ter\u00e1 um espa\u00e7o harmonioso e com personalidade.&nbsp;<\/p>\n\n\n\n<p class=\" eplus-wrapper\">No Morar Mais Belo Horizonte, Silvia Turci e Cristhiane Prado acreditaram nas cores vivas para o &#8220;Quarto de Brincar e Jardim Secreto das Crian\u00e7as&#8221;. Um quarto l\u00fadico e alegre para momentos de lazer e relaxamento dos pequenos, onde vermelho, amarelo e azul surgem para estimular o aprendizado e a criatividade. O destaque fica para o c\u00e9u estrelado, um toque de magia e calmaria proporcionado pela pintura.<\/p>\n\n\n\n<figure class=\"wp-block-image size-full is-resized eplus-wrapper\"><img loading=\"lazy\" decoding=\"async\" src=\"https:\/\/morarmais.com.br\/mms\/wp-content\/uploads\/2022\/04\/quarto-de-brincar-e-jardim-secreto-das-criancas-silvia-turci-cristhiane-prado-bh2015.jpg\" alt=\"\" class=\"wp-image-8870\" width=\"981\" height=\"659\" srcset=\"https:\/\/morarmais.com.br\/mms\/wp-content\/uploads\/2022\/04\/quarto-de-brincar-e-jardim-secreto-das-criancas-silvia-turci-cristhiane-prado-bh2015.jpg 700w, https:\/\/morarmais.com.br\/mms\/wp-content\/uploads\/2022\/04\/quarto-de-brincar-e-jardim-secreto-das-criancas-silvia-turci-cristhiane-prado-bh2015-300x201.jpg 300w, https:\/\/morarmais.com.br\/mms\/wp-content\/uploads\/2022\/04\/quarto-de-brincar-e-jardim-secreto-das-criancas-silvia-turci-cristhiane-prado-bh2015-350x235.jpg 350w\" sizes=\"(max-width: 981px) 100vw, 981px\" \/><figcaption><meta charset=\"utf-8\"><em>Quarto de Brincar e Jardim Secreto das Crian\u00e7as por Silvia Turci e Cristhiane Prado<\/em><\/figcaption><\/figure>\n\n\n\n<h3 class=\" eplus-wrapper wp-block-heading\"><strong>Inspira\u00e7\u00e3o para todos os cantos da casa<\/strong><\/h3>\n\n\n\n<p class=\" eplus-wrapper\">Quarto, sala, banheiro, hall de entrada, decora\u00e7\u00e3o infantil, de adulto, masculino ou feminino\u2026 qual \u00e9 o melhor canto da casa para mergulhar no tom &#8220;roxinho&#8221;? Por que n\u00e3o todos? O Morar Mais confia na originalidade dos arquitetos participantes e d\u00e1 total liberdade para os processos criativos de cada profissional.&nbsp;<\/p>\n\n\n\n<p class=\" eplus-wrapper\">Pode ser apenas uma poltrona colocada como destaque, um piso de banheiro, um papel de parede ou uma parede principal pintada inteiramente com as misturas de vermelho e azul. Um c\u00f4modo roxo traz dinamismo e modernidade!<\/p>\n\n\n\n<p class=\" eplus-wrapper\">\u00c9 no equil\u00edbrio da paz gerada pelos tons azuis e da positividade dos tons vermelhos que Very Peri chega para aquecer ambientes e provocar sensa\u00e7\u00f5es. O designer de interiores \u00e9 impulsionado cada vez mais a pensar \u201cfora da caixa\u201d. Foi um longo tempo em que todos pararam e a ind\u00fastria&nbsp; de certa forma fechou, deixando as tend\u00eancias tamb\u00e9m estagnadas. Chegou a hora de arquitetar o novo: o novo lar, a nova perspectiva, a nova forma de encarar o mundo. Aproveite as cria\u00e7\u00f5es do Morar Mais para se inspirar!<\/p>\n\n\n\n<div class=\"wp-block-jetpack-slideshow aligncenter\" data-effect=\"slide\"><div class=\"wp-block-jetpack-slideshow_container swiper-container\"><ul class=\"wp-block-jetpack-slideshow_swiper-wrapper swiper-wrapper\"><li class=\"wp-block-jetpack-slideshow_slide swiper-slide\"><figure><img loading=\"lazy\" decoding=\"async\" width=\"1024\" height=\"682\" alt=\"\" class=\"wp-block-jetpack-slideshow_image wp-image-8872\" data-id=\"8872\" src=\"https:\/\/morarmais.com.br\/mms\/wp-content\/uploads\/2022\/04\/IMG-20161031-WA0014-1024x682.jpg\" srcset=\"https:\/\/morarmais.com.br\/mms\/wp-content\/uploads\/2022\/04\/IMG-20161031-WA0014-1024x682.jpg 1024w, https:\/\/morarmais.com.br\/mms\/wp-content\/uploads\/2022\/04\/IMG-20161031-WA0014-300x200.jpg 300w, https:\/\/morarmais.com.br\/mms\/wp-content\/uploads\/2022\/04\/IMG-20161031-WA0014-768x512.jpg 768w, https:\/\/morarmais.com.br\/mms\/wp-content\/uploads\/2022\/04\/IMG-20161031-WA0014-1536x1023.jpg 1536w, https:\/\/morarmais.com.br\/mms\/wp-content\/uploads\/2022\/04\/IMG-20161031-WA0014-1200x800.jpg 1200w, https:\/\/morarmais.com.br\/mms\/wp-content\/uploads\/2022\/04\/IMG-20161031-WA0014-930x620.jpg 930w, https:\/\/morarmais.com.br\/mms\/wp-content\/uploads\/2022\/04\/IMG-20161031-WA0014-350x233.jpg 350w, https:\/\/morarmais.com.br\/mms\/wp-content\/uploads\/2022\/04\/IMG-20161031-WA0014.jpg 1600w\" sizes=\"(max-width: 1024px) 100vw, 1024px\" \/><\/figure><\/li><li class=\"wp-block-jetpack-slideshow_slide swiper-slide\"><figure><img loading=\"lazy\" decoding=\"async\" width=\"511\" height=\"768\" alt=\"\" class=\"wp-block-jetpack-slideshow_image wp-image-8873\" data-id=\"8873\" src=\"https:\/\/morarmais.com.br\/mms\/wp-content\/uploads\/2022\/04\/45.-Quarto-da-Ma\u0303e-Moderna-Danielle-Dantas-e-Paula-Passos-1-sp-2019-detalge-papel-de-parede.jpg\" srcset=\"https:\/\/morarmais.com.br\/mms\/wp-content\/uploads\/2022\/04\/45.-Quarto-da-Ma\u0303e-Moderna-Danielle-Dantas-e-Paula-Passos-1-sp-2019-detalge-papel-de-parede.jpg 511w, https:\/\/morarmais.com.br\/mms\/wp-content\/uploads\/2022\/04\/45.-Quarto-da-Ma\u0303e-Moderna-Danielle-Dantas-e-Paula-Passos-1-sp-2019-detalge-papel-de-parede-200x300.jpg 200w, https:\/\/morarmais.com.br\/mms\/wp-content\/uploads\/2022\/04\/45.-Quarto-da-Ma\u0303e-Moderna-Danielle-Dantas-e-Paula-Passos-1-sp-2019-detalge-papel-de-parede-350x526.jpg 350w\" sizes=\"(max-width: 511px) 100vw, 511px\" \/><figcaption class=\"wp-block-jetpack-slideshow_caption gallery-caption\">Quarto da Ma\u0303e Moderna &#8211; Danielle Dantas e Paula Passos<\/figcaption><\/figure><\/li><li class=\"wp-block-jetpack-slideshow_slide swiper-slide\"><figure><img loading=\"lazy\" decoding=\"async\" width=\"700\" height=\"467\" alt=\"\" class=\"wp-block-jetpack-slideshow_image wp-image-8874\" data-id=\"8874\" src=\"https:\/\/morarmais.com.br\/mms\/wp-content\/uploads\/2022\/04\/banheiro-dos-irmaos-brunogomes-jamiledelima-rio2014.jpg\" srcset=\"https:\/\/morarmais.com.br\/mms\/wp-content\/uploads\/2022\/04\/banheiro-dos-irmaos-brunogomes-jamiledelima-rio2014.jpg 700w, https:\/\/morarmais.com.br\/mms\/wp-content\/uploads\/2022\/04\/banheiro-dos-irmaos-brunogomes-jamiledelima-rio2014-300x200.jpg 300w, https:\/\/morarmais.com.br\/mms\/wp-content\/uploads\/2022\/04\/banheiro-dos-irmaos-brunogomes-jamiledelima-rio2014-350x234.jpg 350w\" sizes=\"(max-width: 700px) 100vw, 700px\" \/><figcaption class=\"wp-block-jetpack-slideshow_caption gallery-caption\">Banheiro dos Irm\u00e3os por Bruno Gomes e Jamile de Lima<\/figcaption><\/figure><\/li><li class=\"wp-block-jetpack-slideshow_slide swiper-slide\"><figure><img loading=\"lazy\" decoding=\"async\" width=\"700\" height=\"468\" alt=\"\" class=\"wp-block-jetpack-slideshow_image wp-image-8875\" data-id=\"8875\" src=\"https:\/\/morarmais.com.br\/mms\/wp-content\/uploads\/2022\/04\/loja-dona-xica-jose-martins-jr-rio2016.jpg\" srcset=\"https:\/\/morarmais.com.br\/mms\/wp-content\/uploads\/2022\/04\/loja-dona-xica-jose-martins-jr-rio2016.jpg 700w, https:\/\/morarmais.com.br\/mms\/wp-content\/uploads\/2022\/04\/loja-dona-xica-jose-martins-jr-rio2016-300x201.jpg 300w, https:\/\/morarmais.com.br\/mms\/wp-content\/uploads\/2022\/04\/loja-dona-xica-jose-martins-jr-rio2016-350x234.jpg 350w\" sizes=\"(max-width: 700px) 100vw, 700px\" \/><figcaption class=\"wp-block-jetpack-slideshow_caption gallery-caption\">Loja Dona Xica por Jos\u00e9 Martins<\/figcaption><\/figure><\/li><\/ul><a class=\"wp-block-jetpack-slideshow_button-prev swiper-button-prev swiper-button-white\" role=\"button\"><\/a><a class=\"wp-block-jetpack-slideshow_button-next swiper-button-next swiper-button-white\" role=\"button\"><\/a><a aria-label=\"Pause Slideshow\" class=\"wp-block-jetpack-slideshow_button-pause\" role=\"button\"><\/a><div class=\"wp-block-jetpack-slideshow_pagination swiper-pagination swiper-pagination-white\"><\/div><\/div><\/div>\n\n\n\n<h3 class=\" eplus-wrapper wp-block-heading\"><strong>Colorir para iluminar<\/strong><\/h3>\n\n\n\n<p class=\" eplus-wrapper\">Nem s\u00f3 de tinta vivem as cores. A escolha do ano chegou tamb\u00e9m para iluminar! O efeito da cor na luz pode impactar um ambiente de diferentes maneiras. Voc\u00ea sabia que a ilumina\u00e7\u00e3o nos tons de Very Peri est\u00e1 presente na decora\u00e7\u00e3o de aeronaves? Os motivos s\u00e3o as propriedades relaxantes do roxo.&nbsp;<\/p>\n\n\n\n<div class=\"wp-block-jetpack-tiled-gallery aligncenter is-style-rectangular\"><div class=\"tiled-gallery__gallery\"><div class=\"tiled-gallery__row\"><div class=\"tiled-gallery__col\" style=\"flex-basis:100.00000%\"><figure class=\"tiled-gallery__item\"><img decoding=\"async\" alt=\"\" data-height=\"1707\" data-id=\"8876\" data-link=\"https:\/\/morarmais.com.br\/mms\/?attachment_id=8876\" data-url=\"https:\/\/morarmais.com.br\/mms\/wp-content\/uploads\/2022\/04\/06-Novos-Talentos_Rio_2018_CA_2045-1-1024x683.jpg\" data-width=\"2560\" src=\"https:\/\/i1.wp.com\/morarmais.com.br\/mms\/wp-content\/uploads\/2022\/04\/06-Novos-Talentos_Rio_2018_CA_2045-1-1024x683.jpg?ssl=1\" data-amp-layout=\"responsive\"\/><\/figure><\/div><\/div><\/div><\/div>\n\n\n\n<p class=\"has-text-align-center has-small-font-size eplus-wrapper\"><meta charset=\"utf-8\"><em>Pintura da Chris Bernardes<\/em><\/p>\n\n\n\n<p class=\" eplus-wrapper\">A sintonia com a luz cria in\u00fameras alternativas de clima para um mesmo espa\u00e7o. Experimente substituir uma divis\u00f3ria por jogos de luzes ou iluminar um cantinho pra diferenci\u00e1-lo dos demais. Fique atento: \u00e9 importante saber que as cores sempre beneficiam a ilumina\u00e7\u00e3o semelhante a sua pr\u00f3pria tonalidade.<\/p>\n\n\n\n<p class=\" eplus-wrapper\">Que tal um projeto que faz voc\u00ea se reconectar com a natureza? No lounge assinado pela Four Design para o Morar Mais Porto Alegre, o espelho d\u2019\u00e0gua transmitiu a ideia de acolhimento aos visitantes de maneira org\u00e2nica e sustent\u00e1vel. Repare como a ilumina\u00e7\u00e3o transformou parte da \u00e1rea do jardim.<\/p>\n\n\n\n<figure class=\"wp-block-image size-large eplus-wrapper\"><img loading=\"lazy\" decoding=\"async\" width=\"1024\" height=\"683\" src=\"https:\/\/morarmais.com.br\/mms\/wp-content\/uploads\/2022\/04\/md2019_09_26-190614-HDR-1024x683.jpg\" alt=\"\" class=\"wp-image-8877\" srcset=\"https:\/\/morarmais.com.br\/mms\/wp-content\/uploads\/2022\/04\/md2019_09_26-190614-HDR-1024x683.jpg 1024w, https:\/\/morarmais.com.br\/mms\/wp-content\/uploads\/2022\/04\/md2019_09_26-190614-HDR-300x200.jpg 300w, https:\/\/morarmais.com.br\/mms\/wp-content\/uploads\/2022\/04\/md2019_09_26-190614-HDR-768x512.jpg 768w, https:\/\/morarmais.com.br\/mms\/wp-content\/uploads\/2022\/04\/md2019_09_26-190614-HDR-1536x1024.jpg 1536w, https:\/\/morarmais.com.br\/mms\/wp-content\/uploads\/2022\/04\/md2019_09_26-190614-HDR-2048x1365.jpg 2048w, https:\/\/morarmais.com.br\/mms\/wp-content\/uploads\/2022\/04\/md2019_09_26-190614-HDR-1200x800.jpg 1200w, https:\/\/morarmais.com.br\/mms\/wp-content\/uploads\/2022\/04\/md2019_09_26-190614-HDR-930x620.jpg 930w, https:\/\/morarmais.com.br\/mms\/wp-content\/uploads\/2022\/04\/md2019_09_26-190614-HDR-350x233.jpg 350w\" sizes=\"(max-width: 1024px) 100vw, 1024px\" \/><\/figure>\n\n\n\n<p class=\"has-text-align-center has-small-font-size eplus-wrapper\"><meta charset=\"utf-8\"><em>Espelho d&#8217;agua por Four Design<\/em><\/p>\n\n\n\n<h3 class=\" eplus-wrapper wp-block-heading\"><strong>Por que apostar na Very Peri?<\/strong><\/h3>\n\n\n\n<p class=\" eplus-wrapper\">H\u00e1 mais de vinte anos a Cor do Ano Pantone influencia o desenvolvimento de produtos e decis\u00e3o de compras em v\u00e1rios setores, como moda, design industrial e mobili\u00e1rio. Novas tecnologias e materiais, assim como novos estilos de vida, inspiram a marca a trazer o que h\u00e1 de mais instigante para cada ano.<\/p>\n\n\n\n<p class=\" eplus-wrapper\">Energia \u00e9 a palavra de um mundo p\u00f3s-pand\u00eamico!&nbsp;<\/p>\n\n\n\n<p class=\" eplus-wrapper\">A defini\u00e7\u00e3o de uma cor direciona o mercado e, consequentemente, o consumo, j\u00e1 que a marca det\u00e9m a ind\u00fastria de cores americana. Promove, assim, o efeito cascata: quando as tend\u00eancias \u201cescorrem&#8221; para todas as classes \u00e0 medida que um produto se torna amplamente adotado.&nbsp;<\/p>\n\n\n\n<div class=\"wp-block-jetpack-tiled-gallery aligncenter is-style-rectangular\"><div class=\"tiled-gallery__gallery\"><div class=\"tiled-gallery__row\"><div class=\"tiled-gallery__col\" style=\"flex-basis:100.00000%\"><figure class=\"tiled-gallery__item\"><img decoding=\"async\" alt=\"\" data-height=\"1707\" data-id=\"8880\" data-link=\"https:\/\/morarmais.com.br\/mms\/?attachment_id=8880\" data-url=\"https:\/\/morarmais.com.br\/mms\/wp-content\/uploads\/2022\/04\/IMG_7402-1024x683.jpg\" data-width=\"2560\" src=\"https:\/\/i2.wp.com\/morarmais.com.br\/mms\/wp-content\/uploads\/2022\/04\/IMG_7402-1024x683.jpg?ssl=1\" data-amp-layout=\"responsive\"\/><\/figure><\/div><\/div><\/div><\/div>\n\n\n\n<p class=\"has-text-align-center has-small-font-size eplus-wrapper\"><em>Banheiro Funcional &#8211; Simone Schulmeister<\/em><\/p>\n\n\n\n<p class=\" eplus-wrapper\">O Morar Mais apoia essa ideia! Lembram do projeto assinado pela arquiteta Renata Zappellini para a Pantone Brasil na edi\u00e7\u00e3o de 2020 do Rio de Janeiro? Uma instala\u00e7\u00e3o completamente dedicada ao novo morar com o conceito da psicologia das cores.&nbsp;<\/p>\n\n\n\n<p class=\" eplus-wrapper\">Embora nem todas as escolhas sejam capazes de ditar a est\u00e9tica de uma gera\u00e7\u00e3o inteira de neg\u00f3cios, todos os olhos estar\u00e3o voltados para o roxo nos pr\u00f3ximos meses.<\/p>\n\n\n\n<figure class=\"wp-block-image size-large eplus-wrapper\"><img loading=\"lazy\" decoding=\"async\" width=\"1024\" height=\"683\" src=\"https:\/\/morarmais.com.br\/mms\/wp-content\/uploads\/2022\/04\/43.-Espac\u0327o-Pantone-por-Renata-Zappellini-MM-RIO-2020-3-1024x683.jpg\" alt=\"\" class=\"wp-image-8881\" srcset=\"https:\/\/morarmais.com.br\/mms\/wp-content\/uploads\/2022\/04\/43.-Espac\u0327o-Pantone-por-Renata-Zappellini-MM-RIO-2020-3-1024x683.jpg 1024w, https:\/\/morarmais.com.br\/mms\/wp-content\/uploads\/2022\/04\/43.-Espac\u0327o-Pantone-por-Renata-Zappellini-MM-RIO-2020-3-300x200.jpg 300w, https:\/\/morarmais.com.br\/mms\/wp-content\/uploads\/2022\/04\/43.-Espac\u0327o-Pantone-por-Renata-Zappellini-MM-RIO-2020-3-768x512.jpg 768w, https:\/\/morarmais.com.br\/mms\/wp-content\/uploads\/2022\/04\/43.-Espac\u0327o-Pantone-por-Renata-Zappellini-MM-RIO-2020-3-1536x1024.jpg 1536w, https:\/\/morarmais.com.br\/mms\/wp-content\/uploads\/2022\/04\/43.-Espac\u0327o-Pantone-por-Renata-Zappellini-MM-RIO-2020-3-1200x800.jpg 1200w, https:\/\/morarmais.com.br\/mms\/wp-content\/uploads\/2022\/04\/43.-Espac\u0327o-Pantone-por-Renata-Zappellini-MM-RIO-2020-3-930x620.jpg 930w, https:\/\/morarmais.com.br\/mms\/wp-content\/uploads\/2022\/04\/43.-Espac\u0327o-Pantone-por-Renata-Zappellini-MM-RIO-2020-3-350x233.jpg 350w, https:\/\/morarmais.com.br\/mms\/wp-content\/uploads\/2022\/04\/43.-Espac\u0327o-Pantone-por-Renata-Zappellini-MM-RIO-2020-3.jpg 1920w\" sizes=\"(max-width: 1024px) 100vw, 1024px\" \/><\/figure>\n\n\n\n<p class=\"has-text-align-center has-small-font-size eplus-wrapper\"><meta charset=\"utf-8\"><em>Espa\u00e7o Pantone &#8211; Renata Zappellini<\/em><\/p>\n\n\n\n<p class=\" eplus-wrapper\">&gt;&gt; Al\u00f4 lojistas e fornecedores! Quer ver o seu produto aqui no blog do Morar Mais? Participe da nossa pr\u00f3xima edi\u00e7\u00e3o clicando aqui!<\/p>\n\n\n\n<p class=\" eplus-wrapper\">&gt;&gt; Voc\u00ea \u00e9 arquiteto, designer de interiores ou paisagista e est\u00e1 se perguntando como participar do Morar Mais e concorrer ao Pr\u00eamio Morar Mais? Entre em contato conosco e confira nossas condi\u00e7\u00f5es especiais para projetos fechados com anteced\u00eancia!<\/p>\n\n\n\n<p class=\" eplus-wrapper\">Siga-nos no instagram:&nbsp;<a href=\"http:\/\/instagram.com\/morarmaispormenos\">@morarmaispormenos<\/a><\/p>\n\n\n\n<p class=\" eplus-wrapper\"><\/p>\n","protected":false},"excerpt":{"rendered":"<p>Conhecida como autoridade global no universo das cores, a Pantone definiu para o ano de 2022 uma combina\u00e7\u00e3o de tons azuis e vermelhos que resultaram na queridinha Very Peri. Tamb\u00e9m vista como um roxo delicado, a cor promete moldar a ind\u00fastria da moda, design de interiores e arte, seguindo os padr\u00f5es de influ\u00eancia da marca.&hellip;&nbsp;<a href=\"https:\/\/morarmais.com.br\/mms\/very-peri-como-a-cor-pantone-2022-inspira-novos-ares\/\" rel=\"bookmark\">Continue a ler &raquo;<span class=\"screen-reader-text\">Very Peri: como a cor Pantone 2022 inspira novos ares<\/span><\/a><\/p>\n","protected":false},"author":6,"featured_media":8886,"comment_status":"open","ping_status":"open","sticky":false,"template":"","format":"standard","meta":{"_eb_attr":"","editor_plus_copied_stylings":"{}","neve_meta_sidebar":"","neve_meta_container":"","neve_meta_enable_content_width":"","neve_meta_content_width":0,"neve_meta_title_alignment":"","neve_meta_author_avatar":"","neve_post_elements_order":"","neve_meta_disable_header":"","neve_meta_disable_footer":"","neve_meta_disable_title":"","_themeisle_gutenberg_block_has_review":false,"_vp_format_video_url":"","_vp_image_focal_point":[],"footnotes":""},"categories":[70,20,21,31],"tags":[],"class_list":["post-8863","post","type-post","status-publish","format-standard","has-post-thumbnail","hentry","category-blog","category-brasileirissimos","category-editorial","category-viciados-em-design"],"yoast_head":"<!-- This site is optimized with the Yoast SEO plugin v25.6 - https:\/\/yoast.com\/wordpress\/plugins\/seo\/ -->\n<title>Very Peri: como a cor Pantone 2022 inspira novos ares - Morar mais<\/title>\n<meta name=\"description\" content=\"Conhecida como autoridade global no universo das cores, a Pantone definiu para o ano de 2022 uma combina\u00e7\u00e3o de tons azuis e vermelhos que resultaram na queridinha Very Peri.\" \/>\n<meta name=\"robots\" content=\"index, follow, max-snippet:-1, max-image-preview:large, max-video-preview:-1\" \/>\n<link rel=\"canonical\" href=\"https:\/\/morarmais.com.br\/mms\/very-peri-como-a-cor-pantone-2022-inspira-novos-ares\/\" \/>\n<meta property=\"og:locale\" content=\"pt_BR\" \/>\n<meta property=\"og:type\" content=\"article\" \/>\n<meta property=\"og:title\" content=\"Very Peri: como a cor Pantone 2022 inspira novos ares - Morar mais\" \/>\n<meta property=\"og:description\" content=\"Conhecida como autoridade global no universo das cores, a Pantone definiu para o ano de 2022 uma combina\u00e7\u00e3o de tons azuis e vermelhos que resultaram na queridinha Very Peri.\" \/>\n<meta property=\"og:url\" content=\"https:\/\/morarmais.com.br\/mms\/very-peri-como-a-cor-pantone-2022-inspira-novos-ares\/\" \/>\n<meta property=\"og:site_name\" content=\"Morar mais\" \/>\n<meta property=\"article:publisher\" content=\"https:\/\/www.facebook.com\/morarmais\" \/>\n<meta property=\"article:published_time\" content=\"2022-04-27T15:18:07+00:00\" \/>\n<meta property=\"article:modified_time\" content=\"2022-05-10T16:02:53+00:00\" \/>\n<meta property=\"og:image\" content=\"https:\/\/morarmais.com.br\/mms\/wp-content\/uploads\/2022\/04\/Capas-Blog-2022.jpg\" \/>\n\t<meta property=\"og:image:width\" content=\"852\" \/>\n\t<meta property=\"og:image:height\" content=\"563\" \/>\n\t<meta property=\"og:image:type\" content=\"image\/jpeg\" \/>\n<meta name=\"author\" content=\"Ale Devecchi\" \/>\n<meta name=\"twitter:card\" content=\"summary_large_image\" \/>\n<meta name=\"twitter:label1\" content=\"Escrito por\" \/>\n\t<meta name=\"twitter:data1\" content=\"Ale Devecchi\" \/>\n\t<meta name=\"twitter:label2\" content=\"Est. tempo de leitura\" \/>\n\t<meta name=\"twitter:data2\" content=\"10 minutos\" \/>\n<script type=\"application\/ld+json\" class=\"yoast-schema-graph\">{\"@context\":\"https:\/\/schema.org\",\"@graph\":[{\"@type\":\"Article\",\"@id\":\"https:\/\/morarmais.com.br\/mms\/very-peri-como-a-cor-pantone-2022-inspira-novos-ares\/#article\",\"isPartOf\":{\"@id\":\"https:\/\/morarmais.com.br\/mms\/very-peri-como-a-cor-pantone-2022-inspira-novos-ares\/\"},\"author\":{\"name\":\"Ale Devecchi\",\"@id\":\"https:\/\/morarmais.com.br\/mms\/#\/schema\/person\/67dda048cb1edaf0c66d3a7787857c2a\"},\"headline\":\"Very Peri: como a cor Pantone 2022 inspira novos ares\",\"datePublished\":\"2022-04-27T15:18:07+00:00\",\"dateModified\":\"2022-05-10T16:02:53+00:00\",\"mainEntityOfPage\":{\"@id\":\"https:\/\/morarmais.com.br\/mms\/very-peri-como-a-cor-pantone-2022-inspira-novos-ares\/\"},\"wordCount\":1233,\"commentCount\":0,\"publisher\":{\"@id\":\"https:\/\/morarmais.com.br\/mms\/#organization\"},\"image\":{\"@id\":\"https:\/\/morarmais.com.br\/mms\/very-peri-como-a-cor-pantone-2022-inspira-novos-ares\/#primaryimage\"},\"thumbnailUrl\":\"https:\/\/morarmais.com.br\/mms\/wp-content\/uploads\/2022\/04\/Capas-Blog-2022.jpg\",\"articleSection\":[\"Blog\",\"Brasileir\u00edssimos\",\"Editorial\",\"Viciados em Design\"],\"inLanguage\":\"pt-BR\",\"potentialAction\":[{\"@type\":\"CommentAction\",\"name\":\"Comment\",\"target\":[\"https:\/\/morarmais.com.br\/mms\/very-peri-como-a-cor-pantone-2022-inspira-novos-ares\/#respond\"]}]},{\"@type\":\"WebPage\",\"@id\":\"https:\/\/morarmais.com.br\/mms\/very-peri-como-a-cor-pantone-2022-inspira-novos-ares\/\",\"url\":\"https:\/\/morarmais.com.br\/mms\/very-peri-como-a-cor-pantone-2022-inspira-novos-ares\/\",\"name\":\"Very Peri: como a cor Pantone 2022 inspira novos ares - Morar mais\",\"isPartOf\":{\"@id\":\"https:\/\/morarmais.com.br\/mms\/#website\"},\"primaryImageOfPage\":{\"@id\":\"https:\/\/morarmais.com.br\/mms\/very-peri-como-a-cor-pantone-2022-inspira-novos-ares\/#primaryimage\"},\"image\":{\"@id\":\"https:\/\/morarmais.com.br\/mms\/very-peri-como-a-cor-pantone-2022-inspira-novos-ares\/#primaryimage\"},\"thumbnailUrl\":\"https:\/\/morarmais.com.br\/mms\/wp-content\/uploads\/2022\/04\/Capas-Blog-2022.jpg\",\"datePublished\":\"2022-04-27T15:18:07+00:00\",\"dateModified\":\"2022-05-10T16:02:53+00:00\",\"description\":\"Conhecida como autoridade global no universo das cores, a Pantone definiu para o ano de 2022 uma combina\u00e7\u00e3o de tons azuis e vermelhos que resultaram na queridinha Very Peri.\",\"breadcrumb\":{\"@id\":\"https:\/\/morarmais.com.br\/mms\/very-peri-como-a-cor-pantone-2022-inspira-novos-ares\/#breadcrumb\"},\"inLanguage\":\"pt-BR\",\"potentialAction\":[{\"@type\":\"ReadAction\",\"target\":[\"https:\/\/morarmais.com.br\/mms\/very-peri-como-a-cor-pantone-2022-inspira-novos-ares\/\"]}]},{\"@type\":\"ImageObject\",\"inLanguage\":\"pt-BR\",\"@id\":\"https:\/\/morarmais.com.br\/mms\/very-peri-como-a-cor-pantone-2022-inspira-novos-ares\/#primaryimage\",\"url\":\"https:\/\/morarmais.com.br\/mms\/wp-content\/uploads\/2022\/04\/Capas-Blog-2022.jpg\",\"contentUrl\":\"https:\/\/morarmais.com.br\/mms\/wp-content\/uploads\/2022\/04\/Capas-Blog-2022.jpg\",\"width\":852,\"height\":563},{\"@type\":\"BreadcrumbList\",\"@id\":\"https:\/\/morarmais.com.br\/mms\/very-peri-como-a-cor-pantone-2022-inspira-novos-ares\/#breadcrumb\",\"itemListElement\":[{\"@type\":\"ListItem\",\"position\":1,\"name\":\"In\u00edcio\",\"item\":\"https:\/\/morarmais.com.br\/mms\/\"},{\"@type\":\"ListItem\",\"position\":2,\"name\":\"Very Peri: como a cor Pantone 2022 inspira novos ares\"}]},{\"@type\":\"WebSite\",\"@id\":\"https:\/\/morarmais.com.br\/mms\/#website\",\"url\":\"https:\/\/morarmais.com.br\/mms\/\",\"name\":\"Morar mais\",\"description\":\"O Chique que cabe no bolso\",\"publisher\":{\"@id\":\"https:\/\/morarmais.com.br\/mms\/#organization\"},\"potentialAction\":[{\"@type\":\"SearchAction\",\"target\":{\"@type\":\"EntryPoint\",\"urlTemplate\":\"https:\/\/morarmais.com.br\/mms\/?s={search_term_string}\"},\"query-input\":{\"@type\":\"PropertyValueSpecification\",\"valueRequired\":true,\"valueName\":\"search_term_string\"}}],\"inLanguage\":\"pt-BR\"},{\"@type\":\"Organization\",\"@id\":\"https:\/\/morarmais.com.br\/mms\/#organization\",\"name\":\"Morar mais\",\"url\":\"https:\/\/morarmais.com.br\/mms\/\",\"logo\":{\"@type\":\"ImageObject\",\"inLanguage\":\"pt-BR\",\"@id\":\"https:\/\/morarmais.com.br\/mms\/#\/schema\/logo\/image\/\",\"url\":\"https:\/\/morarmais.com.br\/mms\/wp-content\/uploads\/2019\/04\/cropped-logo-morar-mais-2-1-e1688661143585.png\",\"contentUrl\":\"https:\/\/morarmais.com.br\/mms\/wp-content\/uploads\/2019\/04\/cropped-logo-morar-mais-2-1-e1688661143585.png\",\"width\":130,\"height\":100,\"caption\":\"Morar mais\"},\"image\":{\"@id\":\"https:\/\/morarmais.com.br\/mms\/#\/schema\/logo\/image\/\"},\"sameAs\":[\"https:\/\/www.facebook.com\/morarmais\",\"https:\/\/www.instagram.com\/morarmaispormenos\",\"https:\/\/br.pinterest.com\/morarmais\/\"]},{\"@type\":\"Person\",\"@id\":\"https:\/\/morarmais.com.br\/mms\/#\/schema\/person\/67dda048cb1edaf0c66d3a7787857c2a\",\"name\":\"Ale Devecchi\",\"image\":{\"@type\":\"ImageObject\",\"inLanguage\":\"pt-BR\",\"@id\":\"https:\/\/morarmais.com.br\/mms\/#\/schema\/person\/image\/\",\"url\":\"https:\/\/secure.gravatar.com\/avatar\/194f7a41b78fc7f5fcbf2fb567b600b5?s=96&d=mm&r=g\",\"contentUrl\":\"https:\/\/secure.gravatar.com\/avatar\/194f7a41b78fc7f5fcbf2fb567b600b5?s=96&d=mm&r=g\",\"caption\":\"Ale Devecchi\"},\"url\":\"https:\/\/morarmais.com.br\/mms\/author\/marketing-mais\/\"}]}<\/script>\n<!-- \/ Yoast SEO plugin. -->","yoast_head_json":{"title":"Very Peri: como a cor Pantone 2022 inspira novos ares - Morar mais","description":"Conhecida como autoridade global no universo das cores, a Pantone definiu para o ano de 2022 uma combina\u00e7\u00e3o de tons azuis e vermelhos que resultaram na queridinha Very Peri.","robots":{"index":"index","follow":"follow","max-snippet":"max-snippet:-1","max-image-preview":"max-image-preview:large","max-video-preview":"max-video-preview:-1"},"canonical":"https:\/\/morarmais.com.br\/mms\/very-peri-como-a-cor-pantone-2022-inspira-novos-ares\/","og_locale":"pt_BR","og_type":"article","og_title":"Very Peri: como a cor Pantone 2022 inspira novos ares - Morar mais","og_description":"Conhecida como autoridade global no universo das cores, a Pantone definiu para o ano de 2022 uma combina\u00e7\u00e3o de tons azuis e vermelhos que resultaram na queridinha Very Peri.","og_url":"https:\/\/morarmais.com.br\/mms\/very-peri-como-a-cor-pantone-2022-inspira-novos-ares\/","og_site_name":"Morar mais","article_publisher":"https:\/\/www.facebook.com\/morarmais","article_published_time":"2022-04-27T15:18:07+00:00","article_modified_time":"2022-05-10T16:02:53+00:00","og_image":[{"width":852,"height":563,"url":"https:\/\/morarmais.com.br\/mms\/wp-content\/uploads\/2022\/04\/Capas-Blog-2022.jpg","type":"image\/jpeg"}],"author":"Ale Devecchi","twitter_card":"summary_large_image","twitter_misc":{"Escrito por":"Ale Devecchi","Est. tempo de leitura":"10 minutos"},"schema":{"@context":"https:\/\/schema.org","@graph":[{"@type":"Article","@id":"https:\/\/morarmais.com.br\/mms\/very-peri-como-a-cor-pantone-2022-inspira-novos-ares\/#article","isPartOf":{"@id":"https:\/\/morarmais.com.br\/mms\/very-peri-como-a-cor-pantone-2022-inspira-novos-ares\/"},"author":{"name":"Ale Devecchi","@id":"https:\/\/morarmais.com.br\/mms\/#\/schema\/person\/67dda048cb1edaf0c66d3a7787857c2a"},"headline":"Very Peri: como a cor Pantone 2022 inspira novos ares","datePublished":"2022-04-27T15:18:07+00:00","dateModified":"2022-05-10T16:02:53+00:00","mainEntityOfPage":{"@id":"https:\/\/morarmais.com.br\/mms\/very-peri-como-a-cor-pantone-2022-inspira-novos-ares\/"},"wordCount":1233,"commentCount":0,"publisher":{"@id":"https:\/\/morarmais.com.br\/mms\/#organization"},"image":{"@id":"https:\/\/morarmais.com.br\/mms\/very-peri-como-a-cor-pantone-2022-inspira-novos-ares\/#primaryimage"},"thumbnailUrl":"https:\/\/morarmais.com.br\/mms\/wp-content\/uploads\/2022\/04\/Capas-Blog-2022.jpg","articleSection":["Blog","Brasileir\u00edssimos","Editorial","Viciados em Design"],"inLanguage":"pt-BR","potentialAction":[{"@type":"CommentAction","name":"Comment","target":["https:\/\/morarmais.com.br\/mms\/very-peri-como-a-cor-pantone-2022-inspira-novos-ares\/#respond"]}]},{"@type":"WebPage","@id":"https:\/\/morarmais.com.br\/mms\/very-peri-como-a-cor-pantone-2022-inspira-novos-ares\/","url":"https:\/\/morarmais.com.br\/mms\/very-peri-como-a-cor-pantone-2022-inspira-novos-ares\/","name":"Very Peri: como a cor Pantone 2022 inspira novos ares - Morar mais","isPartOf":{"@id":"https:\/\/morarmais.com.br\/mms\/#website"},"primaryImageOfPage":{"@id":"https:\/\/morarmais.com.br\/mms\/very-peri-como-a-cor-pantone-2022-inspira-novos-ares\/#primaryimage"},"image":{"@id":"https:\/\/morarmais.com.br\/mms\/very-peri-como-a-cor-pantone-2022-inspira-novos-ares\/#primaryimage"},"thumbnailUrl":"https:\/\/morarmais.com.br\/mms\/wp-content\/uploads\/2022\/04\/Capas-Blog-2022.jpg","datePublished":"2022-04-27T15:18:07+00:00","dateModified":"2022-05-10T16:02:53+00:00","description":"Conhecida como autoridade global no universo das cores, a Pantone definiu para o ano de 2022 uma combina\u00e7\u00e3o de tons azuis e vermelhos que resultaram na queridinha Very Peri.","breadcrumb":{"@id":"https:\/\/morarmais.com.br\/mms\/very-peri-como-a-cor-pantone-2022-inspira-novos-ares\/#breadcrumb"},"inLanguage":"pt-BR","potentialAction":[{"@type":"ReadAction","target":["https:\/\/morarmais.com.br\/mms\/very-peri-como-a-cor-pantone-2022-inspira-novos-ares\/"]}]},{"@type":"ImageObject","inLanguage":"pt-BR","@id":"https:\/\/morarmais.com.br\/mms\/very-peri-como-a-cor-pantone-2022-inspira-novos-ares\/#primaryimage","url":"https:\/\/morarmais.com.br\/mms\/wp-content\/uploads\/2022\/04\/Capas-Blog-2022.jpg","contentUrl":"https:\/\/morarmais.com.br\/mms\/wp-content\/uploads\/2022\/04\/Capas-Blog-2022.jpg","width":852,"height":563},{"@type":"BreadcrumbList","@id":"https:\/\/morarmais.com.br\/mms\/very-peri-como-a-cor-pantone-2022-inspira-novos-ares\/#breadcrumb","itemListElement":[{"@type":"ListItem","position":1,"name":"In\u00edcio","item":"https:\/\/morarmais.com.br\/mms\/"},{"@type":"ListItem","position":2,"name":"Very Peri: como a cor Pantone 2022 inspira novos ares"}]},{"@type":"WebSite","@id":"https:\/\/morarmais.com.br\/mms\/#website","url":"https:\/\/morarmais.com.br\/mms\/","name":"Morar mais","description":"O Chique que cabe no bolso","publisher":{"@id":"https:\/\/morarmais.com.br\/mms\/#organization"},"potentialAction":[{"@type":"SearchAction","target":{"@type":"EntryPoint","urlTemplate":"https:\/\/morarmais.com.br\/mms\/?s={search_term_string}"},"query-input":{"@type":"PropertyValueSpecification","valueRequired":true,"valueName":"search_term_string"}}],"inLanguage":"pt-BR"},{"@type":"Organization","@id":"https:\/\/morarmais.com.br\/mms\/#organization","name":"Morar mais","url":"https:\/\/morarmais.com.br\/mms\/","logo":{"@type":"ImageObject","inLanguage":"pt-BR","@id":"https:\/\/morarmais.com.br\/mms\/#\/schema\/logo\/image\/","url":"https:\/\/morarmais.com.br\/mms\/wp-content\/uploads\/2019\/04\/cropped-logo-morar-mais-2-1-e1688661143585.png","contentUrl":"https:\/\/morarmais.com.br\/mms\/wp-content\/uploads\/2019\/04\/cropped-logo-morar-mais-2-1-e1688661143585.png","width":130,"height":100,"caption":"Morar mais"},"image":{"@id":"https:\/\/morarmais.com.br\/mms\/#\/schema\/logo\/image\/"},"sameAs":["https:\/\/www.facebook.com\/morarmais","https:\/\/www.instagram.com\/morarmaispormenos","https:\/\/br.pinterest.com\/morarmais\/"]},{"@type":"Person","@id":"https:\/\/morarmais.com.br\/mms\/#\/schema\/person\/67dda048cb1edaf0c66d3a7787857c2a","name":"Ale Devecchi","image":{"@type":"ImageObject","inLanguage":"pt-BR","@id":"https:\/\/morarmais.com.br\/mms\/#\/schema\/person\/image\/","url":"https:\/\/secure.gravatar.com\/avatar\/194f7a41b78fc7f5fcbf2fb567b600b5?s=96&d=mm&r=g","contentUrl":"https:\/\/secure.gravatar.com\/avatar\/194f7a41b78fc7f5fcbf2fb567b600b5?s=96&d=mm&r=g","caption":"Ale Devecchi"},"url":"https:\/\/morarmais.com.br\/mms\/author\/marketing-mais\/"}]}},"_links":{"self":[{"href":"https:\/\/morarmais.com.br\/mms\/wp-json\/wp\/v2\/posts\/8863"}],"collection":[{"href":"https:\/\/morarmais.com.br\/mms\/wp-json\/wp\/v2\/posts"}],"about":[{"href":"https:\/\/morarmais.com.br\/mms\/wp-json\/wp\/v2\/types\/post"}],"author":[{"embeddable":true,"href":"https:\/\/morarmais.com.br\/mms\/wp-json\/wp\/v2\/users\/6"}],"replies":[{"embeddable":true,"href":"https:\/\/morarmais.com.br\/mms\/wp-json\/wp\/v2\/comments?post=8863"}],"version-history":[{"count":0,"href":"https:\/\/morarmais.com.br\/mms\/wp-json\/wp\/v2\/posts\/8863\/revisions"}],"wp:featuredmedia":[{"embeddable":true,"href":"https:\/\/morarmais.com.br\/mms\/wp-json\/wp\/v2\/media\/8886"}],"wp:attachment":[{"href":"https:\/\/morarmais.com.br\/mms\/wp-json\/wp\/v2\/media?parent=8863"}],"wp:term":[{"taxonomy":"category","embeddable":true,"href":"https:\/\/morarmais.com.br\/mms\/wp-json\/wp\/v2\/categories?post=8863"},{"taxonomy":"post_tag","embeddable":true,"href":"https:\/\/morarmais.com.br\/mms\/wp-json\/wp\/v2\/tags?post=8863"}],"curies":[{"name":"wp","href":"https:\/\/api.w.org\/{rel}","templated":true}]}}