{"id":8096,"date":"2022-02-23T14:14:03","date_gmt":"2022-02-23T14:14:03","guid":{"rendered":"https:\/\/morarmais.com.br\/mms\/?p=8096"},"modified":"2022-02-24T10:52:29","modified_gmt":"2022-02-24T10:52:29","slug":"os-queridinhos-do-morar-mais-2021-parte-ii","status":"publish","type":"post","link":"https:\/\/morarmais.com.br\/mms\/os-queridinhos-do-morar-mais-2021-parte-ii\/","title":{"rendered":"Os \u201cQueridinhos\u201d do Morar Mais 2021 &#8211; Parte II"},"content":{"rendered":"\n<p class=\" eplus-wrapper\">Quem leu a <a href=\"https:\/\/morarmais.com.br\/mms\/os-queridinhos-do-morar-mais-2021-premio-morar-mais\/\" target=\"_blank\" rel=\"noreferrer noopener\">\u00faltima mat\u00e9ria<\/a> do nosso blog e visitou as mostras de 2021, percebeu que n\u00e3o falamos de todos os projetos premiados no ano passado, n\u00e3o \u00e9 mesmo? Isso foi proposital. Tivemos que dividir este tema em duas mat\u00e9rias pois s\u00e3o muuuuuuuitos bons projetos!<\/p>\n\n\n\n<p class=\" eplus-wrapper\">Buscamos sempre valorizar o profissionalismo, a dedica\u00e7\u00e3o, a criatividade e o talento dos arquitetos, decoradores, designers e paisagistas que melhor traduzem os conceitos do evento: <strong>mais por menos, customiza\u00e7\u00e3o, brasilidade, inclus\u00e3o social, sustentabilidade e tecnologia e inova\u00e7\u00e3o<\/strong>. Vamos falar deles, ent\u00e3o?<\/p>\n\n\n\n<h5 class=\" eplus-wrapper wp-block-heading\"><strong>\u00c9 CHIQUE SER ECON\u00d4MICO!<\/strong><\/h5>\n\n\n\n<p class=\" eplus-wrapper\">Quem nunca foi ao Saara? Para aqueles que n\u00e3o conhecem, o \u201cSaara\u201d \u00e9 um centro comercial no Rio de Janeiro onde encontramos lojas que vendem absolutamente tudo! E o mais importante: tudo muito barato.\u00a0<\/p>\n\n\n\n<div class=\"wp-block-jetpack-tiled-gallery aligncenter is-style-circle\"><div class=\"tiled-gallery__gallery\"><div class=\"tiled-gallery__row columns-2\"><div class=\"tiled-gallery__col\"><figure class=\"tiled-gallery__item\"><img decoding=\"async\" alt=\"\" data-height=\"450\" data-id=\"8098\" data-link=\"https:\/\/morarmais.com.br\/mms\/?attachment_id=8098\" data-url=\"https:\/\/morarmais.com.br\/mms\/wp-content\/uploads\/2022\/02\/800px-Rio-RuaUruguaiana1-Fulviusbsas.jpeg\" data-width=\"800\" src=\"https:\/\/i1.wp.com\/morarmais.com.br\/mms\/wp-content\/uploads\/2022\/02\/800px-Rio-RuaUruguaiana1-Fulviusbsas.jpeg?ssl=1&amp;resize=450%2C450\" data-amp-layout=\"responsive\"\/><\/figure><\/div><div class=\"tiled-gallery__col\"><figure class=\"tiled-gallery__item\"><img decoding=\"async\" alt=\"\" data-height=\"576\" data-id=\"8099\" data-link=\"https:\/\/morarmais.com.br\/mms\/?attachment_id=8099\" data-url=\"https:\/\/morarmais.com.br\/mms\/wp-content\/uploads\/2022\/02\/1024px-Rio-RuaUruguaiana6.jpeg\" data-width=\"1024\" src=\"https:\/\/i2.wp.com\/morarmais.com.br\/mms\/wp-content\/uploads\/2022\/02\/1024px-Rio-RuaUruguaiana6.jpeg?ssl=1&amp;resize=576%2C576\" data-amp-layout=\"responsive\"\/><\/figure><\/div><\/div><\/div><\/div>\n\n\n\n<p class=\" eplus-wrapper\">Com pouco investimento e muita criatividade \u00e9 poss\u00edvel sair do lugar comum. Essa foi a ideia central do &#8220;Quarto Dele&#8221;, assinado por <a href=\"https:\/\/www.instagram.com\/joaoamand.arquitetura\/\" target=\"_blank\" rel=\"noreferrer noopener\">Jo\u00e3o Amand<\/a> na mostra do Rio de Janeiro. A proposta foi um quarto bem carioca, leve e praiano. Reutilizando materiais e usando tinta para efeitos inusitados, Jo\u00e3o utilizou v\u00e1rios objetos de decora\u00e7\u00e3o comprados no Saara. A ideia principal foi trazer sofistica\u00e7\u00e3o atrav\u00e9s de elementos naturais e genuinamente brasileiros. Isso \u00e9 <strong>mais por menos<\/strong>, uma solu\u00e7\u00e3o criativa e despretensiosa que resultou num projeto cheio de bossa e que cabe no bolso.<\/p>\n\n\n\n<div class=\"wp-block-jetpack-tiled-gallery aligncenter is-style-rectangular\"><div class=\"tiled-gallery__gallery\"><div class=\"tiled-gallery__row\"><div class=\"tiled-gallery__col\" style=\"flex-basis:33.33333%\"><figure class=\"tiled-gallery__item\"><img decoding=\"async\" alt=\"queridinhos morar mais saara\" data-height=\"1280\" data-id=\"8100\" data-link=\"https:\/\/morarmais.com.br\/mms\/os-queridinhos-do-morar-mais-2021-parte-ii\/whatsapp-image-2022-02-03-at-11-40-51\/\" data-url=\"https:\/\/morarmais.com.br\/mms\/wp-content\/uploads\/2022\/02\/WhatsApp-Image-2022-02-03-at-11.40.51-682x1024.jpeg\" data-width=\"853\" src=\"https:\/\/i0.wp.com\/morarmais.com.br\/mms\/wp-content\/uploads\/2022\/02\/WhatsApp-Image-2022-02-03-at-11.40.51-682x1024.jpeg?ssl=1\" data-amp-layout=\"responsive\"\/><\/figure><\/div><div class=\"tiled-gallery__col\" style=\"flex-basis:33.33333%\"><figure class=\"tiled-gallery__item\"><img decoding=\"async\" alt=\"queridinhos morar mais azul da cor do mar\" data-height=\"1280\" data-id=\"8103\" data-link=\"https:\/\/morarmais.com.br\/mms\/os-queridinhos-do-morar-mais-2021-parte-ii\/whatsapp-image-2022-02-03-at-11-40-52\/\" data-url=\"https:\/\/morarmais.com.br\/mms\/wp-content\/uploads\/2022\/02\/WhatsApp-Image-2022-02-03-at-11.40.52-682x1024.jpeg\" data-width=\"853\" src=\"https:\/\/i1.wp.com\/morarmais.com.br\/mms\/wp-content\/uploads\/2022\/02\/WhatsApp-Image-2022-02-03-at-11.40.52-682x1024.jpeg?ssl=1\" data-amp-layout=\"responsive\"\/><\/figure><\/div><div class=\"tiled-gallery__col\" style=\"flex-basis:33.33333%\"><figure class=\"tiled-gallery__item\"><img decoding=\"async\" alt=\"queridinhos morar mais brasilidade\" data-height=\"1280\" data-id=\"8102\" data-link=\"https:\/\/morarmais.com.br\/mms\/os-queridinhos-do-morar-mais-2021-parte-ii\/whatsapp-image-2022-02-03-at-11-40-55\/\" data-url=\"https:\/\/morarmais.com.br\/mms\/wp-content\/uploads\/2022\/02\/WhatsApp-Image-2022-02-03-at-11.40.55-682x1024.jpeg\" data-width=\"853\" src=\"https:\/\/i0.wp.com\/morarmais.com.br\/mms\/wp-content\/uploads\/2022\/02\/WhatsApp-Image-2022-02-03-at-11.40.55-682x1024.jpeg?ssl=1\" data-amp-layout=\"responsive\"\/><\/figure><\/div><\/div><div class=\"tiled-gallery__row\"><div class=\"tiled-gallery__col\" style=\"flex-basis:50.00000%\"><figure class=\"tiled-gallery__item\"><img decoding=\"async\" alt=\"queridinhos morar mais mais por menos\" data-height=\"1280\" data-id=\"8101\" data-link=\"https:\/\/morarmais.com.br\/mms\/os-queridinhos-do-morar-mais-2021-parte-ii\/whatsapp-image-2022-02-03-at-11-40-55-1\/\" data-url=\"https:\/\/morarmais.com.br\/mms\/wp-content\/uploads\/2022\/02\/WhatsApp-Image-2022-02-03-at-11.40.55-1-682x1024.jpeg\" data-width=\"853\" src=\"https:\/\/i0.wp.com\/morarmais.com.br\/mms\/wp-content\/uploads\/2022\/02\/WhatsApp-Image-2022-02-03-at-11.40.55-1-682x1024.jpeg?ssl=1\" data-amp-layout=\"responsive\"\/><\/figure><\/div><div class=\"tiled-gallery__col\" style=\"flex-basis:50.00000%\"><figure class=\"tiled-gallery__item\"><img decoding=\"async\" alt=\"queridinhos morar mais arte\" data-height=\"1280\" data-id=\"8143\" data-link=\"https:\/\/morarmais.com.br\/mms\/os-queridinhos-do-morar-mais-2021-parte-ii\/whatsapp-image-2022-02-03-at-11-40-54\/\" data-url=\"https:\/\/morarmais.com.br\/mms\/wp-content\/uploads\/2022\/02\/WhatsApp-Image-2022-02-03-at-11.40.54-682x1024.jpeg\" data-width=\"853\" src=\"https:\/\/i0.wp.com\/morarmais.com.br\/mms\/wp-content\/uploads\/2022\/02\/WhatsApp-Image-2022-02-03-at-11.40.54-682x1024.jpeg?ssl=1\" data-amp-layout=\"responsive\"\/><\/figure><\/div><\/div><\/div><\/div>\n\n\n\n<p class=\"has-small-font-size\"><em>Fotos:\u00a0<a href=\"https:\/\/www.instagram.com\/errrepe\/\" target=\"_blank\" rel=\"noreferrer noopener\">Raphael Oliveira<\/a><\/em><\/p>\n\n\n\n<h5 class=\" eplus-wrapper wp-block-heading\"><strong>PEDALANDO: SEM LIMITE PARA A IMAGINA\u00c7\u00c3O<\/strong><\/h5>\n\n\n\n<p class=\" eplus-wrapper\">O mesmo conceito foi trabalhado na \u201cMorada do Ciclista\u201d, criada por <a href=\"https:\/\/www.instagram.com\/lu_limabh\/\" target=\"_blank\" rel=\"noreferrer noopener\">Luciana Lima<\/a> e <a href=\"https:\/\/www.instagram.com\/leticialonguinho.design\/\" target=\"_blank\" rel=\"noreferrer noopener\">Let\u00edcia Longuinho<\/a>, no evento de <a href=\"https:\/\/www.instagram.com\/morarmaisbh\/\" target=\"_blank\" rel=\"noreferrer noopener\">Belo Horizonte<\/a>.\u00a0<\/p>\n\n\n\n<p class=\" eplus-wrapper\">O espa\u00e7o foi inspirado num jovem ciclista, moderno, despojado e que adora esportes. O uso de objetos met\u00e1licos \u00edcones, como a cama suspensa customizada em metalon, ou a arena feita com aros de bike sucateados, garantem a personalidade especial e, acima de tudo, valorizam o reuso de materiais nobres, inicialmente descartados. O reaproveitamento de materiais torna o espa\u00e7o mais acess\u00edvel e isso \u00e9 <strong>mais por menos<\/strong>.<\/p>\n\n\n\n<div class=\"wp-block-jetpack-tiled-gallery aligncenter is-style-rectangular\"><div class=\"tiled-gallery__gallery\"><div class=\"tiled-gallery__row\"><div class=\"tiled-gallery__col\" style=\"flex-basis:40.34828%\"><figure class=\"tiled-gallery__item\"><img decoding=\"async\" alt=\"queridinhos morar mais ciclista\" data-height=\"427\" data-id=\"8104\" data-link=\"https:\/\/morarmais.com.br\/mms\/os-queridinhos-do-morar-mais-2021-parte-ii\/5-morada-do-ciclista-1\/\" data-url=\"https:\/\/morarmais.com.br\/mms\/wp-content\/uploads\/2022\/02\/5-morada-do-ciclista-1.jpg\" data-width=\"640\" src=\"https:\/\/i0.wp.com\/morarmais.com.br\/mms\/wp-content\/uploads\/2022\/02\/5-morada-do-ciclista-1.jpg?ssl=1\" data-amp-layout=\"responsive\"\/><\/figure><\/div><div class=\"tiled-gallery__col\" style=\"flex-basis:19.30344%\"><figure class=\"tiled-gallery__item\"><img decoding=\"async\" alt=\"queridinhos morar mais bicicleta\" data-height=\"480\" data-id=\"8106\" data-link=\"https:\/\/morarmais.com.br\/mms\/os-queridinhos-do-morar-mais-2021-parte-ii\/5-morada-do-ciclista-3\/\" data-url=\"https:\/\/morarmais.com.br\/mms\/wp-content\/uploads\/2022\/02\/5-morada-do-ciclista-3.jpg\" data-width=\"343\" src=\"https:\/\/i2.wp.com\/morarmais.com.br\/mms\/wp-content\/uploads\/2022\/02\/5-morada-do-ciclista-3.jpg?ssl=1\" data-amp-layout=\"responsive\"\/><\/figure><\/div><div class=\"tiled-gallery__col\" style=\"flex-basis:40.34828%\"><figure class=\"tiled-gallery__item\"><img decoding=\"async\" alt=\"queridinhos morar mais morada do ciclista\" data-height=\"427\" data-id=\"8105\" data-link=\"https:\/\/morarmais.com.br\/mms\/os-queridinhos-do-morar-mais-2021-parte-ii\/5-morada-do-ciclista-2\/\" data-url=\"https:\/\/morarmais.com.br\/mms\/wp-content\/uploads\/2022\/02\/5-morada-do-ciclista-2.jpg\" data-width=\"640\" src=\"https:\/\/i2.wp.com\/morarmais.com.br\/mms\/wp-content\/uploads\/2022\/02\/5-morada-do-ciclista-2.jpg?ssl=1\" data-amp-layout=\"responsive\"\/><\/figure><\/div><\/div><\/div><\/div>\n\n\n\n<p class=\"has-small-font-size eplus-wrapper\"><em>Fotos:&nbsp;<a href=\"https:\/\/ivanaraujoms.com\/\" target=\"_blank\" rel=\"noreferrer noopener\">Ivan Ara\u00fajo<\/a><\/em><\/p>\n\n\n\n<h5 class=\" eplus-wrapper wp-block-heading\"><strong>MEU PRIMEIRO APARTAMENTO<\/strong><\/h5>\n\n\n\n<p class=\" eplus-wrapper\">N\u00e3o podemos deixar de falar do \u201cEst\u00fadio e Lavabo do Filho\u201d, assinado por <a href=\"https:\/\/www.instagram.com\/silvanapratesdesigner\/\" target=\"_blank\" rel=\"noreferrer noopener\">Silvana Prates<\/a>, tamb\u00e9m em BH. O ambiente, inspirado no filho que quer ter um lar e uma vida pr\u00f3pria, apresentou um espa\u00e7o com somente o que realmente \u00e9 necess\u00e1rio e com muito aconchego. <strong>Mais por menos<\/strong>: conceito aberto, estilo industrial personalizado e com todo charme que \u00e9 preciso.<\/p>\n\n\n\n<div class=\"wp-block-jetpack-tiled-gallery aligncenter is-style-rectangular\"><div class=\"tiled-gallery__gallery\"><div class=\"tiled-gallery__row\"><div class=\"tiled-gallery__col\" style=\"flex-basis:30.82872%\"><figure class=\"tiled-gallery__item\"><img decoding=\"async\" alt=\"queridinhos morar mais\" data-height=\"480\" data-id=\"8108\" data-link=\"https:\/\/morarmais.com.br\/mms\/os-queridinhos-do-morar-mais-2021-parte-ii\/29-estudio-e-lavabo-do-filho-2\/\" data-url=\"https:\/\/morarmais.com.br\/mms\/wp-content\/uploads\/2022\/02\/29-estudio-e-lavabo-do-filho-2.jpg\" data-width=\"320\" src=\"https:\/\/i1.wp.com\/morarmais.com.br\/mms\/wp-content\/uploads\/2022\/02\/29-estudio-e-lavabo-do-filho-2.jpg?ssl=1\" data-amp-layout=\"responsive\"\/><\/figure><\/div><div class=\"tiled-gallery__col\" style=\"flex-basis:69.17128%\"><figure class=\"tiled-gallery__item\"><img decoding=\"async\" alt=\"queridinhos morar mais\" data-height=\"427\" data-id=\"8109\" data-link=\"https:\/\/morarmais.com.br\/mms\/os-queridinhos-do-morar-mais-2021-parte-ii\/29-estudio-e-lavabo-do-filho-3\/\" data-url=\"https:\/\/morarmais.com.br\/mms\/wp-content\/uploads\/2022\/02\/29-estudio-e-lavabo-do-filho.jpg\" data-width=\"640\" src=\"https:\/\/i1.wp.com\/morarmais.com.br\/mms\/wp-content\/uploads\/2022\/02\/29-estudio-e-lavabo-do-filho.jpg?ssl=1\" data-amp-layout=\"responsive\"\/><\/figure><\/div><\/div><\/div><\/div>\n\n\n\n<p class=\"has-small-font-size eplus-wrapper\"><em>Fotos:&nbsp;<a href=\"https:\/\/ivanaraujoms.com\/\" target=\"_blank\" rel=\"noreferrer noopener\">Ivan Ara\u00fajo<\/a><\/em><\/p>\n\n\n\n<h5 class=\" eplus-wrapper wp-block-heading\"><strong>BRINQUEDO DE ADULTO<\/strong><\/h5>\n\n\n\n<p class=\" eplus-wrapper\">A arte do reaproveitando foi a grande sacada do ambiente criado por <a href=\"https:\/\/www.instagram.com\/herrera.studio\/\" target=\"_blank\" rel=\"noreferrer noopener\">Thiago Herrera<\/a>. O espa\u00e7o \u201cGaragem BMW\u201d, apresentado na mostra carioca, mostrou um recanto descontra\u00eddo para o homem moderno receber os amigos e cuidar dos seus brinquedos de adultos, como motos e carros. Um \u00fanico ambiente que permite momentos de contempla\u00e7\u00e3o com bar e home office, atendendo as necessidades contempor\u00e2neas. Al\u00e9m das <a href=\"https:\/\/autokraft-bmw.com.br\/bmw\" target=\"_blank\" rel=\"noreferrer noopener\">BMWs<\/a>, o espa\u00e7o conta com a arte do reaproveitando, \u00edcone da <strong>sustentabilidade<\/strong>, apresentada no lavabo, que conta com bacias, cubas e arm\u00e1rios originais repaginados e ressignificados com a criatividade do profissional.<\/p>\n\n\n\n<div class=\"wp-block-jetpack-tiled-gallery aligncenter is-style-rectangular\"><div class=\"tiled-gallery__gallery\"><div class=\"tiled-gallery__row\"><div class=\"tiled-gallery__col\" style=\"flex-basis:69.08022%\"><figure class=\"tiled-gallery__item\"><img decoding=\"async\" alt=\"queridinhos morar mais garagem\" data-height=\"1715\" data-id=\"8113\" data-link=\"https:\/\/morarmais.com.br\/mms\/os-queridinhos-do-morar-mais-2021-parte-ii\/18-garagem-bmw_thiago-herrera_76a0101-2-2\/\" data-url=\"https:\/\/morarmais.com.br\/mms\/wp-content\/uploads\/2022\/02\/18.Garagem-BMW_Thiago-Herrera_76A0101-2-1024x686.jpg\" data-width=\"2560\" src=\"https:\/\/i2.wp.com\/morarmais.com.br\/mms\/wp-content\/uploads\/2022\/02\/18.Garagem-BMW_Thiago-Herrera_76A0101-2-1024x686.jpg?ssl=1\" data-amp-layout=\"responsive\"\/><\/figure><\/div><div class=\"tiled-gallery__col\" style=\"flex-basis:30.91978%\"><figure class=\"tiled-gallery__item\"><img decoding=\"async\" alt=\"queridinhos morar mais moto bmw\" data-height=\"2560\" data-id=\"8112\" data-link=\"https:\/\/morarmais.com.br\/mms\/os-queridinhos-do-morar-mais-2021-parte-ii\/18-garagem-bmw_thiago-herrera_76a0061-1\/\" data-url=\"https:\/\/morarmais.com.br\/mms\/wp-content\/uploads\/2022\/02\/18.Garagem-BMW_Thiago-Herrera_76A0061-1-683x1024.jpg\" data-width=\"1707\" src=\"https:\/\/i0.wp.com\/morarmais.com.br\/mms\/wp-content\/uploads\/2022\/02\/18.Garagem-BMW_Thiago-Herrera_76A0061-1-683x1024.jpg?ssl=1\" data-amp-layout=\"responsive\"\/><\/figure><\/div><\/div><div class=\"tiled-gallery__row\"><div class=\"tiled-gallery__col\" style=\"flex-basis:33.72105%\"><figure class=\"tiled-gallery__item\"><img decoding=\"async\" alt=\"queridinhos morar mais\" data-height=\"2560\" data-id=\"8110\" data-link=\"https:\/\/morarmais.com.br\/mms\/os-queridinhos-do-morar-mais-2021-parte-ii\/morar_mais_thiago_herrera_091021_0827-hdr-editar\/\" data-url=\"https:\/\/morarmais.com.br\/mms\/wp-content\/uploads\/2022\/02\/morar_mais_thiago_herrera_091021_0827-HDR-Editar-683x1024.jpg\" data-width=\"1707\" src=\"https:\/\/i2.wp.com\/morarmais.com.br\/mms\/wp-content\/uploads\/2022\/02\/morar_mais_thiago_herrera_091021_0827-HDR-Editar-683x1024.jpg?ssl=1\" data-amp-layout=\"responsive\"\/><\/figure><\/div><div class=\"tiled-gallery__col\" style=\"flex-basis:32.55789%\"><figure class=\"tiled-gallery__item\"><img decoding=\"async\" alt=\"queridinhos morar mais\" data-height=\"2560\" data-id=\"8111\" data-link=\"https:\/\/morarmais.com.br\/mms\/os-queridinhos-do-morar-mais-2021-parte-ii\/morar_mais_thiago_herrera_091021_1383-hdr-editar\/\" data-url=\"https:\/\/morarmais.com.br\/mms\/wp-content\/uploads\/2022\/02\/morar_mais_thiago_herrera_091021_1383-HDR-Editar-659x1024.jpg\" data-width=\"1648\" src=\"https:\/\/i2.wp.com\/morarmais.com.br\/mms\/wp-content\/uploads\/2022\/02\/morar_mais_thiago_herrera_091021_1383-HDR-Editar-659x1024.jpg?ssl=1\" data-amp-layout=\"responsive\"\/><\/figure><\/div><div class=\"tiled-gallery__col\" style=\"flex-basis:33.72105%\"><figure class=\"tiled-gallery__item\"><img decoding=\"async\" alt=\"queridinhos morar mais\" data-height=\"2560\" data-id=\"8114\" data-link=\"https:\/\/morarmais.com.br\/mms\/os-queridinhos-do-morar-mais-2021-parte-ii\/18-garagem-bmw_thiago-herrera_76a0172-2\/\" data-url=\"https:\/\/morarmais.com.br\/mms\/wp-content\/uploads\/2022\/02\/18.Garagem-BMW_Thiago-Herrera_76A0172-2-683x1024.jpg\" data-width=\"1707\" src=\"https:\/\/i0.wp.com\/morarmais.com.br\/mms\/wp-content\/uploads\/2022\/02\/18.Garagem-BMW_Thiago-Herrera_76A0172-2-683x1024.jpg?ssl=1\" data-amp-layout=\"responsive\"\/><\/figure><\/div><\/div><\/div><\/div>\n\n\n\n<p class=\"has-small-font-size eplus-wrapper\"><meta charset=\"utf-8\"><em>Fotos:\u00a0<a href=\"https:\/\/www.instagram.com\/mca_estudio\/\" target=\"_blank\" rel=\"noreferrer noopener\">MCA<\/a> e <a href=\"https:\/\/www.instagram.com\/errrepe\/\" target=\"_blank\" rel=\"noreferrer noopener\">Raphael Oliveira<\/a><\/em><\/p>\n\n\n\n<h5 class=\" eplus-wrapper wp-block-heading\"><strong>AVARANDADO&#8230;<\/strong><\/h5>\n\n\n\n<p class=\" eplus-wrapper\"><strong>Sustentabilidade<\/strong> foi o foco da \u201cVaranda Bar\u201d, espa\u00e7o assinado por <a href=\"https:\/\/www.instagram.com\/skalearquitetura\/\" target=\"_blank\" rel=\"noreferrer noopener\">Karina Moreira<\/a> e <a href=\"https:\/\/www.instagram.com\/katiatrindadeconceitodecor\/\" target=\"_blank\" rel=\"noreferrer noopener\">Katia Trindade<\/a> na mostra mineira. O projeto prioriza as rela\u00e7\u00f5es entre amigos e familiares, proporcionado por um ambiente externo. Tons terrosos e madeira natural trazem aconchego e harmonia ao se integrarem com a \u00e1rea verde do espa\u00e7o. O tran\u00e7ado das lumin\u00e1rias em papel kraft, se conecta com a trama dos m\u00f3veis em corda n\u00e1utica. Foram reaproveitados escaninhos, bicicleta, cano pvc, dentre outros materiais de baixo custo.<\/p>\n\n\n\n<div class=\"wp-block-jetpack-tiled-gallery aligncenter is-style-rectangular\"><div class=\"tiled-gallery__gallery\"><div class=\"tiled-gallery__row\"><div class=\"tiled-gallery__col\" style=\"flex-basis:50.00000%\"><figure class=\"tiled-gallery__item\"><img decoding=\"async\" alt=\"queridinhos morar mais bh\" data-height=\"427\" data-id=\"8116\" data-link=\"https:\/\/morarmais.com.br\/mms\/os-queridinhos-do-morar-mais-2021-parte-ii\/17-varanda-bar-2\/\" data-url=\"https:\/\/morarmais.com.br\/mms\/wp-content\/uploads\/2022\/02\/17-varanda-bar-2.jpg\" data-width=\"640\" src=\"https:\/\/i0.wp.com\/morarmais.com.br\/mms\/wp-content\/uploads\/2022\/02\/17-varanda-bar-2.jpg?ssl=1\" data-amp-layout=\"responsive\"\/><\/figure><\/div><div class=\"tiled-gallery__col\" style=\"flex-basis:50.00000%\"><figure class=\"tiled-gallery__item\"><img decoding=\"async\" alt=\"queridinhos morar mais bh\" data-height=\"427\" data-id=\"8117\" data-link=\"https:\/\/morarmais.com.br\/mms\/os-queridinhos-do-morar-mais-2021-parte-ii\/17-varanda-bar-3\/\" data-url=\"https:\/\/morarmais.com.br\/mms\/wp-content\/uploads\/2022\/02\/17-varanda-bar.jpg\" data-width=\"640\" src=\"https:\/\/i0.wp.com\/morarmais.com.br\/mms\/wp-content\/uploads\/2022\/02\/17-varanda-bar.jpg?ssl=1\" data-amp-layout=\"responsive\"\/><\/figure><\/div><\/div><\/div><\/div>\n\n\n\n<p class=\"has-small-font-size eplus-wrapper\"><meta charset=\"utf-8\"><em>Fotos:\u00a0<a href=\"https:\/\/ivanaraujoms.com\/\" target=\"_blank\" rel=\"noreferrer noopener\">Ivan Ara\u00fajo<\/a><\/em><\/p>\n\n\n\n<p class=\" eplus-wrapper\">E por falar em tran\u00e7a, o Morar Mais pormenos ADORA tran\u00e7a! Pode ser em cabelos, em bolsas ou chap\u00e9us de palha, tudo com material reaproveitado, incr\u00edveis!<\/p>\n\n\n\n<div class=\"wp-block-jetpack-tiled-gallery aligncenter is-style-circle\"><div class=\"tiled-gallery__gallery\"><div class=\"tiled-gallery__row columns-3\"><div class=\"tiled-gallery__col\"><figure class=\"tiled-gallery__item\"><img decoding=\"async\" alt=\"\" data-height=\"1280\" data-id=\"8118\" data-link=\"https:\/\/morarmais.com.br\/mms\/?attachment_id=8118\" data-url=\"https:\/\/morarmais.com.br\/mms\/wp-content\/uploads\/2022\/02\/bolsa-e-chapeu-palha-4-1024x683.png\" data-width=\"1920\" src=\"https:\/\/i0.wp.com\/morarmais.com.br\/mms\/wp-content\/uploads\/2022\/02\/bolsa-e-chapeu-palha-4-1024x683.png?ssl=1&amp;resize=1280%2C1280\" data-amp-layout=\"responsive\"\/><\/figure><\/div><div class=\"tiled-gallery__col\"><figure class=\"tiled-gallery__item\"><img decoding=\"async\" alt=\"\" data-height=\"1280\" data-id=\"8120\" data-link=\"https:\/\/morarmais.com.br\/mms\/?attachment_id=8120\" data-url=\"https:\/\/morarmais.com.br\/mms\/wp-content\/uploads\/2022\/02\/tranca-2-1024x683.png\" data-width=\"1920\" src=\"https:\/\/i2.wp.com\/morarmais.com.br\/mms\/wp-content\/uploads\/2022\/02\/tranca-2-1024x683.png?ssl=1&amp;resize=1280%2C1280\" data-amp-layout=\"responsive\"\/><\/figure><\/div><div class=\"tiled-gallery__col\"><figure class=\"tiled-gallery__item\"><img decoding=\"async\" alt=\"\" data-height=\"1280\" data-id=\"8119\" data-link=\"https:\/\/morarmais.com.br\/mms\/?attachment_id=8119\" data-url=\"https:\/\/morarmais.com.br\/mms\/wp-content\/uploads\/2022\/02\/bolsa-palha-1024x683.png\" data-width=\"1920\" src=\"https:\/\/i0.wp.com\/morarmais.com.br\/mms\/wp-content\/uploads\/2022\/02\/bolsa-palha-1024x683.png?ssl=1&amp;resize=1280%2C1280\" data-amp-layout=\"responsive\"\/><\/figure><\/div><\/div><\/div><\/div>\n\n\n\n<h5 class=\" eplus-wrapper wp-block-heading\"><strong>MEU BRASIL BRASILEIRO<\/strong><\/h5>\n\n\n\n<p class=\" eplus-wrapper\">Podem fazer cr\u00edticas ao nosso pa\u00eds mas, em muitos quesitos, somos mais que aben\u00e7oados. Tem coisa mais gostosa que tomar uma \u00e1gua de coco na beira da praia? E saborear uma banana no meio da tarde? Podem falar o que quiserem, mas nossas frutas s\u00e3o as melhores!<\/p>\n\n\n\n<div class=\"wp-block-jetpack-tiled-gallery aligncenter is-style-circle\"><div class=\"tiled-gallery__gallery\"><div class=\"tiled-gallery__row columns-3\"><div class=\"tiled-gallery__col\"><figure class=\"tiled-gallery__item\"><img decoding=\"async\" alt=\"\" data-height=\"1280\" data-id=\"8125\" data-link=\"https:\/\/morarmais.com.br\/mms\/?attachment_id=8125\" data-url=\"https:\/\/morarmais.com.br\/mms\/wp-content\/uploads\/2022\/02\/agua-de-coco-1024x683.png\" data-width=\"1920\" src=\"https:\/\/i0.wp.com\/morarmais.com.br\/mms\/wp-content\/uploads\/2022\/02\/agua-de-coco-1024x683.png?ssl=1&amp;resize=1280%2C1280\" data-amp-layout=\"responsive\"\/><\/figure><\/div><div class=\"tiled-gallery__col\"><figure class=\"tiled-gallery__item\"><img decoding=\"async\" alt=\"\" data-height=\"1280\" data-id=\"8124\" data-link=\"https:\/\/morarmais.com.br\/mms\/?attachment_id=8124\" data-url=\"https:\/\/morarmais.com.br\/mms\/wp-content\/uploads\/2022\/02\/mangue-seco-bahia-coqueiros-1024x683.png\" data-width=\"1920\" src=\"https:\/\/i2.wp.com\/morarmais.com.br\/mms\/wp-content\/uploads\/2022\/02\/mangue-seco-bahia-coqueiros-1024x683.png?ssl=1&amp;resize=1280%2C1280\" data-amp-layout=\"responsive\"\/><\/figure><\/div><div class=\"tiled-gallery__col\"><figure class=\"tiled-gallery__item\"><img decoding=\"async\" alt=\"\" data-height=\"1280\" data-id=\"8122\" data-link=\"https:\/\/morarmais.com.br\/mms\/?attachment_id=8122\" data-url=\"https:\/\/morarmais.com.br\/mms\/wp-content\/uploads\/2022\/02\/bananeira-1024x683.png\" data-width=\"1920\" src=\"https:\/\/i2.wp.com\/morarmais.com.br\/mms\/wp-content\/uploads\/2022\/02\/bananeira-1024x683.png?ssl=1&amp;resize=1280%2C1280\" data-amp-layout=\"responsive\"\/><\/figure><\/div><\/div><\/div><\/div>\n\n\n\n<p class=\" eplus-wrapper\">E a mesma brasilidade que amamos \u00e9 refletida em nossos eventos.&nbsp;<\/p>\n\n\n\n<p class=\" eplus-wrapper\">O \u201cEstar Nordestino\u201d, criado por <a href=\"https:\/\/www.instagram.com\/ederambrosio\/\" target=\"_blank\" rel=\"noreferrer noopener\">Eder Ambr\u00f3sio<\/a> na mostra do <a href=\"https:\/\/www.instagram.com\/morarmaisrio\/\" target=\"_blank\" rel=\"noreferrer noopener\">Rio<\/a>, traduziu conforto, funcionalidade e valoriza\u00e7\u00e3o do design em espa\u00e7os que retratam a <strong>brasilidade<\/strong> nordestina a partir de artesanato e elementos naturais. O uso de texturas em cimento queimado, cortinas de palhinha natural e pe\u00e7as decorativas feitas do reaproveitamento de madeira de queimadas surgem como solu\u00e7\u00f5es criativas e sustent\u00e1veis.\u00a0\u00a0<\/p>\n\n\n\n<div class=\"wp-block-jetpack-tiled-gallery aligncenter is-style-rectangular\"><div class=\"tiled-gallery__gallery\"><div class=\"tiled-gallery__row\"><div class=\"tiled-gallery__col\" style=\"flex-basis:69.17956%\"><figure class=\"tiled-gallery__item\"><img decoding=\"async\" alt=\"queridinhos morar mais nordeste\" data-height=\"1707\" data-id=\"8131\" data-link=\"https:\/\/morarmais.com.br\/mms\/os-queridinhos-do-morar-mais-2021-parte-ii\/53-estar-nordestino_eder-ambrosio_76a9476-1\/\" data-url=\"https:\/\/morarmais.com.br\/mms\/wp-content\/uploads\/2022\/02\/53.Estar-Nordestino_Eder-Ambro\u0301sio_76A9476-1-1024x683.jpg\" data-width=\"2560\" src=\"https:\/\/i2.wp.com\/morarmais.com.br\/mms\/wp-content\/uploads\/2022\/02\/53.Estar-Nordestino_Eder-Ambro%CC%81sio_76A9476-1-1024x683.jpg?ssl=1\" data-amp-layout=\"responsive\"\/><\/figure><\/div><div class=\"tiled-gallery__col\" style=\"flex-basis:30.82044%\"><figure class=\"tiled-gallery__item\"><img decoding=\"async\" alt=\"queridinhos morar mais espa\u00e7o nordestino\" data-height=\"2560\" data-id=\"8128\" data-link=\"https:\/\/morarmais.com.br\/mms\/os-queridinhos-do-morar-mais-2021-parte-ii\/eder_ambrosio-3624-hdr-editar\/\" data-url=\"https:\/\/morarmais.com.br\/mms\/wp-content\/uploads\/2022\/02\/eder_ambrosio-3624-HDR-Editar-683x1024.jpg\" data-width=\"1707\" src=\"https:\/\/i1.wp.com\/morarmais.com.br\/mms\/wp-content\/uploads\/2022\/02\/eder_ambrosio-3624-HDR-Editar-683x1024.jpg?ssl=1\" data-amp-layout=\"responsive\"\/><\/figure><\/div><\/div><\/div><\/div>\n\n\n\n<p class=\"has-small-font-size eplus-wrapper\"><meta charset=\"utf-8\"><em>Fotos:\u00a0<a href=\"https:\/\/www.instagram.com\/mca_estudio\/\" target=\"_blank\" rel=\"noreferrer noopener\">MCA<\/a> e <a href=\"https:\/\/www.instagram.com\/errrepe\/\" target=\"_blank\" rel=\"noreferrer noopener\">Raphael Oliveira<\/a><\/em><\/p>\n\n\n\n<h5 class=\" eplus-wrapper wp-block-heading\"><strong>SINERGIA DO AMBIENTE COM A NATUREZA<\/strong><\/h5>\n\n\n\n<p class=\" eplus-wrapper\">A <strong>brasilidade<\/strong> tamb\u00e9m foi mote do \u201cAteli\u00ea Ybyr\u00e1\u201d, assinado por <a href=\"https:\/\/www.instagram.com\/corativa.arquiteturaecor\/\" target=\"_blank\" rel=\"noreferrer noopener\">Ang\u00e9lica Santana<\/a> no evento de Belo Horizonte. Ybyr\u00e1 \u00e9 uma palavra que vem do Tupi, significa \u201c\u00e1rvore, madeira\u201d e traduz a ess\u00eancia do ateli\u00ea. Um ambiente preenchido pela natureza ancestral, expressa na arte afetuosa que comp\u00f5e o espa\u00e7o e que abra\u00e7a a todos com cores emblem\u00e1ticas, contemplando uma arquitetura de interiores coerente, criativa e consciente.<\/p>\n\n\n\n<div class=\"wp-block-jetpack-tiled-gallery aligncenter is-style-rectangular\"><div class=\"tiled-gallery__gallery\"><div class=\"tiled-gallery__row\"><div class=\"tiled-gallery__col\" style=\"flex-basis:50.00000%\"><figure class=\"tiled-gallery__item\"><img decoding=\"async\" alt=\"queridinhos morar mais atelie\" data-height=\"427\" data-id=\"8132\" data-link=\"https:\/\/morarmais.com.br\/mms\/os-queridinhos-do-morar-mais-2021-parte-ii\/36-atelie-ybyra-2\/\" data-url=\"https:\/\/morarmais.com.br\/mms\/wp-content\/uploads\/2022\/02\/36-atelie-ybyra-2.jpg\" data-width=\"640\" src=\"https:\/\/i0.wp.com\/morarmais.com.br\/mms\/wp-content\/uploads\/2022\/02\/36-atelie-ybyra-2.jpg?ssl=1\" data-amp-layout=\"responsive\"\/><\/figure><\/div><div class=\"tiled-gallery__col\" style=\"flex-basis:50.00000%\"><figure class=\"tiled-gallery__item\"><img decoding=\"async\" alt=\"queridinhos morar mais\" data-height=\"427\" data-id=\"8133\" data-link=\"https:\/\/morarmais.com.br\/mms\/os-queridinhos-do-morar-mais-2021-parte-ii\/36-atelie-ybyra-3\/\" data-url=\"https:\/\/morarmais.com.br\/mms\/wp-content\/uploads\/2022\/02\/36-atelie-ybyra.jpg\" data-width=\"640\" src=\"https:\/\/i2.wp.com\/morarmais.com.br\/mms\/wp-content\/uploads\/2022\/02\/36-atelie-ybyra.jpg?ssl=1\" data-amp-layout=\"responsive\"\/><\/figure><\/div><\/div><\/div><\/div>\n\n\n\n<p class=\"has-small-font-size eplus-wrapper\"><meta charset=\"utf-8\"><em>Fotos:\u00a0<a href=\"https:\/\/ivanaraujoms.com\/\" target=\"_blank\" rel=\"noreferrer noopener\">Ivan Ara\u00fajo<\/a><\/em><\/p>\n\n\n\n<p class=\" eplus-wrapper\">E por falar em brasilidade, temos mais uma receita deliciosa: farofa de banana!!! Descasque as bananas, a cebola e o alho. Corte as bananas em meias-luas m\u00e9dias, a cebola em cubos pequenos e pique fino o alho. Coloque uma pitada de amor, um toque de sabedoria e aprecie sem modera\u00e7\u00e3o!<\/p>\n\n\n\n<div class=\"wp-block-jetpack-tiled-gallery aligncenter is-style-circle\"><div class=\"tiled-gallery__gallery\"><div class=\"tiled-gallery__row columns-2\"><div class=\"tiled-gallery__col\"><figure class=\"tiled-gallery__item\"><img decoding=\"async\" alt=\"\" data-height=\"1280\" data-id=\"8135\" data-link=\"https:\/\/morarmais.com.br\/mms\/?attachment_id=8135\" data-url=\"https:\/\/morarmais.com.br\/mms\/wp-content\/uploads\/2022\/02\/farofa-de-banana-1024x683.png\" data-width=\"1920\" src=\"https:\/\/i2.wp.com\/morarmais.com.br\/mms\/wp-content\/uploads\/2022\/02\/farofa-de-banana-1024x683.png?ssl=1&amp;resize=1280%2C1280\" data-amp-layout=\"responsive\"\/><\/figure><\/div><div class=\"tiled-gallery__col\"><figure class=\"tiled-gallery__item\"><img decoding=\"async\" alt=\"\" data-height=\"640\" data-id=\"8136\" data-link=\"https:\/\/morarmais.com.br\/mms\/?attachment_id=8136\" data-url=\"https:\/\/morarmais.com.br\/mms\/wp-content\/uploads\/2022\/02\/farofa-banana-da-terra.jpeg\" data-width=\"1024\" src=\"https:\/\/i0.wp.com\/morarmais.com.br\/mms\/wp-content\/uploads\/2022\/02\/farofa-banana-da-terra.jpeg?ssl=1&amp;resize=640%2C640\" data-amp-layout=\"responsive\"\/><\/figure><\/div><\/div><\/div><\/div>\n\n\n\n<h5 class=\" eplus-wrapper wp-block-heading\"><strong>OBJETOS DE SEGUNDA M\u00c3O? POR QUE N\u00c3O?<\/strong><\/h5>\n\n\n\n<p class=\" eplus-wrapper\">Quem n\u00e3o gosta de um brech\u00f3 de qualidade ou de uma boa feira de antiguidade? Esses cl\u00e1ssicos est\u00e3o sempre na moda. Ali\u00e1s, a moda \u00e9 saber comprar o bom e barato, sempre!&nbsp;<\/p>\n\n\n\n<div class=\"wp-block-jetpack-tiled-gallery aligncenter is-style-circle\"><div class=\"tiled-gallery__gallery\"><div class=\"tiled-gallery__row columns-2\"><div class=\"tiled-gallery__col\"><figure class=\"tiled-gallery__item\"><img decoding=\"async\" alt=\"\" data-height=\"853\" data-id=\"8137\" data-link=\"https:\/\/morarmais.com.br\/mms\/?attachment_id=8137\" data-url=\"https:\/\/morarmais.com.br\/mms\/wp-content\/uploads\/2022\/02\/13.-Sala-Suburbano-Corac\u0327a\u0303o-Janete-Oldemburg-_-foto-5-antiguidade-1024x682.jpg\" data-width=\"1280\" src=\"https:\/\/i2.wp.com\/morarmais.com.br\/mms\/wp-content\/uploads\/2022\/02\/13.-Sala-Suburbano-Corac%CC%A7a%CC%83o-Janete-Oldemburg-_-foto-5-antiguidade-1024x682.jpg?ssl=1&amp;resize=853%2C853\" data-amp-layout=\"responsive\"\/><\/figure><\/div><div class=\"tiled-gallery__col\"><figure class=\"tiled-gallery__item\"><img decoding=\"async\" alt=\"\" data-height=\"1024\" data-id=\"8138\" data-link=\"https:\/\/morarmais.com.br\/mms\/?attachment_id=8138\" data-url=\"https:\/\/morarmais.com.br\/mms\/wp-content\/uploads\/2022\/02\/13.-Sala-Suburbano-Corac\u0327a\u0303o-Janete-Oldemburg-_-foto-8-antiguidade.jpg\" data-width=\"682\" src=\"https:\/\/i1.wp.com\/morarmais.com.br\/mms\/wp-content\/uploads\/2022\/02\/13.-Sala-Suburbano-Corac%CC%A7a%CC%83o-Janete-Oldemburg-_-foto-8-antiguidade.jpg?ssl=1&amp;resize=682%2C682\" data-amp-layout=\"responsive\"\/><\/figure><\/div><\/div><\/div><\/div>\n\n\n\n<p class=\" eplus-wrapper\">Foi esta a linha de pensamento dos arquitetos <a href=\"https:\/\/www.instagram.com\/_humaarquitetura\/\" target=\"_blank\" rel=\"noreferrer noopener\">Hugo Viana e Mayla Barreto<\/a> quando criaram o \u201cEst\u00fadio 30\u201d na mostra do Rio. O projeto buscou explorar mobili\u00e1rios, materiais e elementos j\u00e1 existentes: m\u00f3veis, objetos e lumin\u00e1rias de segunda m\u00e3o, garimpados em antiqu\u00e1rios do centro do Rio, onde \u00e9 poss\u00edvel encontrar pe\u00e7as originais das d\u00e9cadas de 50 a 60, por valores bem mais baixos. Isso tornou o ambiente mais vend\u00e1vel, dentro da realidade, acess\u00edvel. Por isso foram premiados na categoria <strong>comercial e vendas<\/strong>.<\/p>\n\n\n\n<div class=\"wp-block-jetpack-tiled-gallery aligncenter is-style-rectangular\"><div class=\"tiled-gallery__gallery\"><div class=\"tiled-gallery__row\"><div class=\"tiled-gallery__col\" style=\"flex-basis:69.17956%\"><figure class=\"tiled-gallery__item\"><img decoding=\"async\" alt=\"queridinhos morar mais estudio 30\" data-height=\"1707\" data-id=\"8140\" data-link=\"https:\/\/morarmais.com.br\/mms\/os-queridinhos-do-morar-mais-2021-parte-ii\/44-estudio-30_-hugo-viana-e-mayla-barreto_6-estudio-30-hugo-viana-e-mayla-barreto_76a8908-1\/\" data-url=\"https:\/\/morarmais.com.br\/mms\/wp-content\/uploads\/2022\/02\/44.Estu\u0301dio-30_-Hugo-Viana-e-Mayla-Barreto_6-Estudio-30-Hugo-Viana-e-Mayla-Barreto_76A8908-1-1024x683.jpg\" data-width=\"2560\" src=\"https:\/\/i1.wp.com\/morarmais.com.br\/mms\/wp-content\/uploads\/2022\/02\/44.Estu%CC%81dio-30_-Hugo-Viana-e-Mayla-Barreto_6-Estudio-30-Hugo-Viana-e-Mayla-Barreto_76A8908-1-1024x683.jpg?ssl=1\" data-amp-layout=\"responsive\"\/><\/figure><\/div><div class=\"tiled-gallery__col\" style=\"flex-basis:30.82044%\"><figure class=\"tiled-gallery__item\"><img decoding=\"async\" alt=\"queridinhos morar mais\" data-height=\"2560\" data-id=\"8139\" data-link=\"https:\/\/morarmais.com.br\/mms\/os-queridinhos-do-morar-mais-2021-parte-ii\/44-estudio-30_-hugo-viana-e-mayla-barreto_6_76a8974-1\/\" data-url=\"https:\/\/morarmais.com.br\/mms\/wp-content\/uploads\/2022\/02\/44.Estu\u0301dio-30_-Hugo-Viana-e-Mayla-Barreto_6_76A8974-1-683x1024.jpg\" data-width=\"1707\" src=\"https:\/\/i0.wp.com\/morarmais.com.br\/mms\/wp-content\/uploads\/2022\/02\/44.Estu%CC%81dio-30_-Hugo-Viana-e-Mayla-Barreto_6_76A8974-1-683x1024.jpg?ssl=1\" data-amp-layout=\"responsive\"\/><\/figure><\/div><\/div><\/div><\/div>\n\n\n\n<p class=\"has-small-font-size eplus-wrapper\"><meta charset=\"utf-8\"><em>Fotos:\u00a0<a href=\"https:\/\/www.instagram.com\/mca_estudio\/\" target=\"_blank\" rel=\"noreferrer noopener\">MCA<\/a><\/em><\/p>\n\n\n\n<p class=\" eplus-wrapper\">Bem, parece que contemplamos todos os ambientes premiados. Ufa, s\u00e3o muitos! E agora focamos nosso olhar para o futuro, os eventos de 2022 j\u00e1 est\u00e3o no forno. Esse ano, daremos destaque \u00e0 inova\u00e7\u00e3o, \u00e0 Alameda O, ao Feng Shui, \u00e0 biofilia e \u00e0 neuroarquitetura. Aguardem, vem muita coisa boa por a\u00ed!<\/p>\n\n\n\n<div style=\"height:10px\" aria-hidden=\"true\" class=\"wp-block-spacer eplus-wrapper\"><\/div>\n\n\n\n<p class=\" eplus-wrapper\">&gt;&gt; Al\u00f4 lojistas e fornecedores! Quer ver o seu produto aqui no blog do Morar Mais? Participe da nossa pr\u00f3xima edi\u00e7\u00e3o clicando aqui!<\/p>\n\n\n\n<p class=\" eplus-wrapper\">&gt;&gt; Voc\u00ea \u00e9 arquiteto, designer de interiores ou paisagista e est\u00e1 se perguntando como participar do Morar Mais e concorrer ao Pr\u00eamio Morar Mais? Entre em contato conosco e confira nossas condi\u00e7\u00f5es especiais para projetos fechados com anteced\u00eancia!<\/p>\n\n\n\n<p class=\" eplus-wrapper\">Siga-nos no instagram:&nbsp;<a href=\"http:\/\/instagram.com\/morarmaispormenos\">@morarmaispormenos<\/a><\/p>\n","protected":false},"excerpt":{"rendered":"<p>Quem leu a \u00faltima mat\u00e9ria do nosso blog e visitou as mostras de 2021, percebeu que n\u00e3o falamos de todos os projetos premiados no ano passado, n\u00e3o \u00e9 mesmo? Isso foi proposital. Tivemos que dividir este tema em duas mat\u00e9rias pois s\u00e3o muuuuuuuitos bons projetos! Buscamos sempre valorizar o profissionalismo, a dedica\u00e7\u00e3o, a criatividade e&hellip;&nbsp;<a href=\"https:\/\/morarmais.com.br\/mms\/os-queridinhos-do-morar-mais-2021-parte-ii\/\" rel=\"bookmark\">Continue a ler &raquo;<span class=\"screen-reader-text\">Os \u201cQueridinhos\u201d do Morar Mais 2021 &#8211; Parte II<\/span><\/a><\/p>\n","protected":false},"author":6,"featured_media":8145,"comment_status":"open","ping_status":"open","sticky":false,"template":"","format":"standard","meta":{"_eb_attr":"","editor_plus_copied_stylings":"{}","neve_meta_sidebar":"","neve_meta_container":"","neve_meta_enable_content_width":"","neve_meta_content_width":0,"neve_meta_title_alignment":"","neve_meta_author_avatar":"","neve_post_elements_order":"","neve_meta_disable_header":"","neve_meta_disable_footer":"","neve_meta_disable_title":"","_themeisle_gutenberg_block_has_review":false,"_vp_format_video_url":"","_vp_image_focal_point":[],"footnotes":""},"categories":[70,20,21,23,26,27,31],"tags":[153,265,169,41,148,176,51,284,73,181,56,285,179,257],"class_list":["post-8096","post","type-post","status-publish","format-standard","has-post-thumbnail","hentry","category-blog","category-brasileirissimos","category-editorial","category-home","category-mais-por-menos","category-morarmais-aposta","category-viciados-em-design","tag-arquitetura","tag-brasilidade","tag-criatividade","tag-decoracao","tag-designers-de-interiores","tag-faca-voce-mesmo","tag-morar-mais","tag-morar-mais-bh","tag-morar-mais-por-menos","tag-morar-mais-rio","tag-paisagismo","tag-premio-morar-mais","tag-sustentabilidade","tag-sustentavel"],"yoast_head":"<!-- This site is optimized with the Yoast SEO plugin v25.6 - https:\/\/yoast.com\/wordpress\/plugins\/seo\/ -->\n<title>Os \u201cQueridinhos\u201d do Morar Mais 2021 - Parte II - Morar mais<\/title>\n<meta name=\"description\" content=\"No Pr\u00eamio Morar Mais valorizamos a criatividade dos profissionais que melhor traduzem os conceitos do evento. Os queridinhos morar mais!\" \/>\n<meta name=\"robots\" content=\"index, follow, max-snippet:-1, max-image-preview:large, max-video-preview:-1\" \/>\n<link rel=\"canonical\" href=\"https:\/\/morarmais.com.br\/mms\/os-queridinhos-do-morar-mais-2021-parte-ii\/\" \/>\n<meta property=\"og:locale\" content=\"pt_BR\" \/>\n<meta property=\"og:type\" content=\"article\" \/>\n<meta property=\"og:title\" content=\"Os \u201cQueridinhos\u201d do Morar Mais 2021 - Parte II - Morar mais\" \/>\n<meta property=\"og:description\" content=\"No Pr\u00eamio Morar Mais valorizamos a criatividade dos profissionais que melhor traduzem os conceitos do evento. Os queridinhos morar mais!\" \/>\n<meta property=\"og:url\" content=\"https:\/\/morarmais.com.br\/mms\/os-queridinhos-do-morar-mais-2021-parte-ii\/\" \/>\n<meta property=\"og:site_name\" content=\"Morar mais\" \/>\n<meta property=\"article:publisher\" content=\"https:\/\/www.facebook.com\/morarmais\" \/>\n<meta property=\"article:published_time\" content=\"2022-02-23T14:14:03+00:00\" \/>\n<meta property=\"article:modified_time\" content=\"2022-02-24T10:52:29+00:00\" \/>\n<meta property=\"og:image\" content=\"https:\/\/morarmais.com.br\/mms\/wp-content\/uploads\/2022\/02\/Capas-Blog-2022-2.png\" \/>\n\t<meta property=\"og:image:width\" content=\"852\" \/>\n\t<meta property=\"og:image:height\" content=\"563\" \/>\n\t<meta property=\"og:image:type\" content=\"image\/png\" \/>\n<meta name=\"author\" content=\"Ale Devecchi\" \/>\n<meta name=\"twitter:card\" content=\"summary_large_image\" \/>\n<meta name=\"twitter:label1\" content=\"Escrito por\" \/>\n\t<meta name=\"twitter:data1\" content=\"Ale Devecchi\" \/>\n\t<meta name=\"twitter:label2\" content=\"Est. tempo de leitura\" \/>\n\t<meta name=\"twitter:data2\" content=\"13 minutos\" \/>\n<script type=\"application\/ld+json\" class=\"yoast-schema-graph\">{\"@context\":\"https:\/\/schema.org\",\"@graph\":[{\"@type\":\"Article\",\"@id\":\"https:\/\/morarmais.com.br\/mms\/os-queridinhos-do-morar-mais-2021-parte-ii\/#article\",\"isPartOf\":{\"@id\":\"https:\/\/morarmais.com.br\/mms\/os-queridinhos-do-morar-mais-2021-parte-ii\/\"},\"author\":{\"name\":\"Ale Devecchi\",\"@id\":\"https:\/\/morarmais.com.br\/mms\/#\/schema\/person\/67dda048cb1edaf0c66d3a7787857c2a\"},\"headline\":\"Os \u201cQueridinhos\u201d do Morar Mais 2021 &#8211; Parte II\",\"datePublished\":\"2022-02-23T14:14:03+00:00\",\"dateModified\":\"2022-02-24T10:52:29+00:00\",\"mainEntityOfPage\":{\"@id\":\"https:\/\/morarmais.com.br\/mms\/os-queridinhos-do-morar-mais-2021-parte-ii\/\"},\"wordCount\":1172,\"commentCount\":0,\"publisher\":{\"@id\":\"https:\/\/morarmais.com.br\/mms\/#organization\"},\"image\":{\"@id\":\"https:\/\/morarmais.com.br\/mms\/os-queridinhos-do-morar-mais-2021-parte-ii\/#primaryimage\"},\"thumbnailUrl\":\"https:\/\/morarmais.com.br\/mms\/wp-content\/uploads\/2022\/02\/Capas-Blog-2022-2.png\",\"keywords\":[\"Arquitetura\",\"Brasilidade\",\"criatividade\",\"Decora\u00e7\u00e3o\",\"Designers de interiores\",\"fa\u00e7a voc\u00ea mesmo\",\"Morar Mais\",\"Morar Mais BH\",\"Morar Mais por menos\",\"Morar Mais Rio\",\"Paisagismo\",\"Pr\u00eamio Morar Mais\",\"sustentabilidade\",\"Sustent\u00e1vel\"],\"articleSection\":[\"Blog\",\"Brasileir\u00edssimos\",\"Editorial\",\"Home\",\"Mais por Menos\",\"Morar Mais Aposta\",\"Viciados em Design\"],\"inLanguage\":\"pt-BR\",\"potentialAction\":[{\"@type\":\"CommentAction\",\"name\":\"Comment\",\"target\":[\"https:\/\/morarmais.com.br\/mms\/os-queridinhos-do-morar-mais-2021-parte-ii\/#respond\"]}]},{\"@type\":\"WebPage\",\"@id\":\"https:\/\/morarmais.com.br\/mms\/os-queridinhos-do-morar-mais-2021-parte-ii\/\",\"url\":\"https:\/\/morarmais.com.br\/mms\/os-queridinhos-do-morar-mais-2021-parte-ii\/\",\"name\":\"Os \u201cQueridinhos\u201d do Morar Mais 2021 - Parte II - Morar mais\",\"isPartOf\":{\"@id\":\"https:\/\/morarmais.com.br\/mms\/#website\"},\"primaryImageOfPage\":{\"@id\":\"https:\/\/morarmais.com.br\/mms\/os-queridinhos-do-morar-mais-2021-parte-ii\/#primaryimage\"},\"image\":{\"@id\":\"https:\/\/morarmais.com.br\/mms\/os-queridinhos-do-morar-mais-2021-parte-ii\/#primaryimage\"},\"thumbnailUrl\":\"https:\/\/morarmais.com.br\/mms\/wp-content\/uploads\/2022\/02\/Capas-Blog-2022-2.png\",\"datePublished\":\"2022-02-23T14:14:03+00:00\",\"dateModified\":\"2022-02-24T10:52:29+00:00\",\"description\":\"No Pr\u00eamio Morar Mais valorizamos a criatividade dos profissionais que melhor traduzem os conceitos do evento. Os queridinhos morar mais!\",\"breadcrumb\":{\"@id\":\"https:\/\/morarmais.com.br\/mms\/os-queridinhos-do-morar-mais-2021-parte-ii\/#breadcrumb\"},\"inLanguage\":\"pt-BR\",\"potentialAction\":[{\"@type\":\"ReadAction\",\"target\":[\"https:\/\/morarmais.com.br\/mms\/os-queridinhos-do-morar-mais-2021-parte-ii\/\"]}]},{\"@type\":\"ImageObject\",\"inLanguage\":\"pt-BR\",\"@id\":\"https:\/\/morarmais.com.br\/mms\/os-queridinhos-do-morar-mais-2021-parte-ii\/#primaryimage\",\"url\":\"https:\/\/morarmais.com.br\/mms\/wp-content\/uploads\/2022\/02\/Capas-Blog-2022-2.png\",\"contentUrl\":\"https:\/\/morarmais.com.br\/mms\/wp-content\/uploads\/2022\/02\/Capas-Blog-2022-2.png\",\"width\":852,\"height\":563},{\"@type\":\"BreadcrumbList\",\"@id\":\"https:\/\/morarmais.com.br\/mms\/os-queridinhos-do-morar-mais-2021-parte-ii\/#breadcrumb\",\"itemListElement\":[{\"@type\":\"ListItem\",\"position\":1,\"name\":\"In\u00edcio\",\"item\":\"https:\/\/morarmais.com.br\/mms\/\"},{\"@type\":\"ListItem\",\"position\":2,\"name\":\"Os \u201cQueridinhos\u201d do Morar Mais 2021 &#8211; Parte II\"}]},{\"@type\":\"WebSite\",\"@id\":\"https:\/\/morarmais.com.br\/mms\/#website\",\"url\":\"https:\/\/morarmais.com.br\/mms\/\",\"name\":\"Morar mais\",\"description\":\"O Chique que cabe no bolso\",\"publisher\":{\"@id\":\"https:\/\/morarmais.com.br\/mms\/#organization\"},\"potentialAction\":[{\"@type\":\"SearchAction\",\"target\":{\"@type\":\"EntryPoint\",\"urlTemplate\":\"https:\/\/morarmais.com.br\/mms\/?s={search_term_string}\"},\"query-input\":{\"@type\":\"PropertyValueSpecification\",\"valueRequired\":true,\"valueName\":\"search_term_string\"}}],\"inLanguage\":\"pt-BR\"},{\"@type\":\"Organization\",\"@id\":\"https:\/\/morarmais.com.br\/mms\/#organization\",\"name\":\"Morar mais\",\"url\":\"https:\/\/morarmais.com.br\/mms\/\",\"logo\":{\"@type\":\"ImageObject\",\"inLanguage\":\"pt-BR\",\"@id\":\"https:\/\/morarmais.com.br\/mms\/#\/schema\/logo\/image\/\",\"url\":\"https:\/\/morarmais.com.br\/mms\/wp-content\/uploads\/2019\/04\/cropped-logo-morar-mais-2-1-e1688661143585.png\",\"contentUrl\":\"https:\/\/morarmais.com.br\/mms\/wp-content\/uploads\/2019\/04\/cropped-logo-morar-mais-2-1-e1688661143585.png\",\"width\":130,\"height\":100,\"caption\":\"Morar mais\"},\"image\":{\"@id\":\"https:\/\/morarmais.com.br\/mms\/#\/schema\/logo\/image\/\"},\"sameAs\":[\"https:\/\/www.facebook.com\/morarmais\",\"https:\/\/www.instagram.com\/morarmaispormenos\",\"https:\/\/br.pinterest.com\/morarmais\/\"]},{\"@type\":\"Person\",\"@id\":\"https:\/\/morarmais.com.br\/mms\/#\/schema\/person\/67dda048cb1edaf0c66d3a7787857c2a\",\"name\":\"Ale Devecchi\",\"image\":{\"@type\":\"ImageObject\",\"inLanguage\":\"pt-BR\",\"@id\":\"https:\/\/morarmais.com.br\/mms\/#\/schema\/person\/image\/\",\"url\":\"https:\/\/secure.gravatar.com\/avatar\/194f7a41b78fc7f5fcbf2fb567b600b5?s=96&d=mm&r=g\",\"contentUrl\":\"https:\/\/secure.gravatar.com\/avatar\/194f7a41b78fc7f5fcbf2fb567b600b5?s=96&d=mm&r=g\",\"caption\":\"Ale Devecchi\"},\"url\":\"https:\/\/morarmais.com.br\/mms\/author\/marketing-mais\/\"}]}<\/script>\n<!-- \/ Yoast SEO plugin. -->","yoast_head_json":{"title":"Os \u201cQueridinhos\u201d do Morar Mais 2021 - Parte II - Morar mais","description":"No Pr\u00eamio Morar Mais valorizamos a criatividade dos profissionais que melhor traduzem os conceitos do evento. Os queridinhos morar mais!","robots":{"index":"index","follow":"follow","max-snippet":"max-snippet:-1","max-image-preview":"max-image-preview:large","max-video-preview":"max-video-preview:-1"},"canonical":"https:\/\/morarmais.com.br\/mms\/os-queridinhos-do-morar-mais-2021-parte-ii\/","og_locale":"pt_BR","og_type":"article","og_title":"Os \u201cQueridinhos\u201d do Morar Mais 2021 - Parte II - Morar mais","og_description":"No Pr\u00eamio Morar Mais valorizamos a criatividade dos profissionais que melhor traduzem os conceitos do evento. Os queridinhos morar mais!","og_url":"https:\/\/morarmais.com.br\/mms\/os-queridinhos-do-morar-mais-2021-parte-ii\/","og_site_name":"Morar mais","article_publisher":"https:\/\/www.facebook.com\/morarmais","article_published_time":"2022-02-23T14:14:03+00:00","article_modified_time":"2022-02-24T10:52:29+00:00","og_image":[{"width":852,"height":563,"url":"https:\/\/morarmais.com.br\/mms\/wp-content\/uploads\/2022\/02\/Capas-Blog-2022-2.png","type":"image\/png"}],"author":"Ale Devecchi","twitter_card":"summary_large_image","twitter_misc":{"Escrito por":"Ale Devecchi","Est. tempo de leitura":"13 minutos"},"schema":{"@context":"https:\/\/schema.org","@graph":[{"@type":"Article","@id":"https:\/\/morarmais.com.br\/mms\/os-queridinhos-do-morar-mais-2021-parte-ii\/#article","isPartOf":{"@id":"https:\/\/morarmais.com.br\/mms\/os-queridinhos-do-morar-mais-2021-parte-ii\/"},"author":{"name":"Ale Devecchi","@id":"https:\/\/morarmais.com.br\/mms\/#\/schema\/person\/67dda048cb1edaf0c66d3a7787857c2a"},"headline":"Os \u201cQueridinhos\u201d do Morar Mais 2021 &#8211; Parte II","datePublished":"2022-02-23T14:14:03+00:00","dateModified":"2022-02-24T10:52:29+00:00","mainEntityOfPage":{"@id":"https:\/\/morarmais.com.br\/mms\/os-queridinhos-do-morar-mais-2021-parte-ii\/"},"wordCount":1172,"commentCount":0,"publisher":{"@id":"https:\/\/morarmais.com.br\/mms\/#organization"},"image":{"@id":"https:\/\/morarmais.com.br\/mms\/os-queridinhos-do-morar-mais-2021-parte-ii\/#primaryimage"},"thumbnailUrl":"https:\/\/morarmais.com.br\/mms\/wp-content\/uploads\/2022\/02\/Capas-Blog-2022-2.png","keywords":["Arquitetura","Brasilidade","criatividade","Decora\u00e7\u00e3o","Designers de interiores","fa\u00e7a voc\u00ea mesmo","Morar Mais","Morar Mais BH","Morar Mais por menos","Morar Mais Rio","Paisagismo","Pr\u00eamio Morar Mais","sustentabilidade","Sustent\u00e1vel"],"articleSection":["Blog","Brasileir\u00edssimos","Editorial","Home","Mais por Menos","Morar Mais Aposta","Viciados em Design"],"inLanguage":"pt-BR","potentialAction":[{"@type":"CommentAction","name":"Comment","target":["https:\/\/morarmais.com.br\/mms\/os-queridinhos-do-morar-mais-2021-parte-ii\/#respond"]}]},{"@type":"WebPage","@id":"https:\/\/morarmais.com.br\/mms\/os-queridinhos-do-morar-mais-2021-parte-ii\/","url":"https:\/\/morarmais.com.br\/mms\/os-queridinhos-do-morar-mais-2021-parte-ii\/","name":"Os \u201cQueridinhos\u201d do Morar Mais 2021 - Parte II - Morar mais","isPartOf":{"@id":"https:\/\/morarmais.com.br\/mms\/#website"},"primaryImageOfPage":{"@id":"https:\/\/morarmais.com.br\/mms\/os-queridinhos-do-morar-mais-2021-parte-ii\/#primaryimage"},"image":{"@id":"https:\/\/morarmais.com.br\/mms\/os-queridinhos-do-morar-mais-2021-parte-ii\/#primaryimage"},"thumbnailUrl":"https:\/\/morarmais.com.br\/mms\/wp-content\/uploads\/2022\/02\/Capas-Blog-2022-2.png","datePublished":"2022-02-23T14:14:03+00:00","dateModified":"2022-02-24T10:52:29+00:00","description":"No Pr\u00eamio Morar Mais valorizamos a criatividade dos profissionais que melhor traduzem os conceitos do evento. Os queridinhos morar mais!","breadcrumb":{"@id":"https:\/\/morarmais.com.br\/mms\/os-queridinhos-do-morar-mais-2021-parte-ii\/#breadcrumb"},"inLanguage":"pt-BR","potentialAction":[{"@type":"ReadAction","target":["https:\/\/morarmais.com.br\/mms\/os-queridinhos-do-morar-mais-2021-parte-ii\/"]}]},{"@type":"ImageObject","inLanguage":"pt-BR","@id":"https:\/\/morarmais.com.br\/mms\/os-queridinhos-do-morar-mais-2021-parte-ii\/#primaryimage","url":"https:\/\/morarmais.com.br\/mms\/wp-content\/uploads\/2022\/02\/Capas-Blog-2022-2.png","contentUrl":"https:\/\/morarmais.com.br\/mms\/wp-content\/uploads\/2022\/02\/Capas-Blog-2022-2.png","width":852,"height":563},{"@type":"BreadcrumbList","@id":"https:\/\/morarmais.com.br\/mms\/os-queridinhos-do-morar-mais-2021-parte-ii\/#breadcrumb","itemListElement":[{"@type":"ListItem","position":1,"name":"In\u00edcio","item":"https:\/\/morarmais.com.br\/mms\/"},{"@type":"ListItem","position":2,"name":"Os \u201cQueridinhos\u201d do Morar Mais 2021 &#8211; Parte II"}]},{"@type":"WebSite","@id":"https:\/\/morarmais.com.br\/mms\/#website","url":"https:\/\/morarmais.com.br\/mms\/","name":"Morar mais","description":"O Chique que cabe no bolso","publisher":{"@id":"https:\/\/morarmais.com.br\/mms\/#organization"},"potentialAction":[{"@type":"SearchAction","target":{"@type":"EntryPoint","urlTemplate":"https:\/\/morarmais.com.br\/mms\/?s={search_term_string}"},"query-input":{"@type":"PropertyValueSpecification","valueRequired":true,"valueName":"search_term_string"}}],"inLanguage":"pt-BR"},{"@type":"Organization","@id":"https:\/\/morarmais.com.br\/mms\/#organization","name":"Morar mais","url":"https:\/\/morarmais.com.br\/mms\/","logo":{"@type":"ImageObject","inLanguage":"pt-BR","@id":"https:\/\/morarmais.com.br\/mms\/#\/schema\/logo\/image\/","url":"https:\/\/morarmais.com.br\/mms\/wp-content\/uploads\/2019\/04\/cropped-logo-morar-mais-2-1-e1688661143585.png","contentUrl":"https:\/\/morarmais.com.br\/mms\/wp-content\/uploads\/2019\/04\/cropped-logo-morar-mais-2-1-e1688661143585.png","width":130,"height":100,"caption":"Morar mais"},"image":{"@id":"https:\/\/morarmais.com.br\/mms\/#\/schema\/logo\/image\/"},"sameAs":["https:\/\/www.facebook.com\/morarmais","https:\/\/www.instagram.com\/morarmaispormenos","https:\/\/br.pinterest.com\/morarmais\/"]},{"@type":"Person","@id":"https:\/\/morarmais.com.br\/mms\/#\/schema\/person\/67dda048cb1edaf0c66d3a7787857c2a","name":"Ale Devecchi","image":{"@type":"ImageObject","inLanguage":"pt-BR","@id":"https:\/\/morarmais.com.br\/mms\/#\/schema\/person\/image\/","url":"https:\/\/secure.gravatar.com\/avatar\/194f7a41b78fc7f5fcbf2fb567b600b5?s=96&d=mm&r=g","contentUrl":"https:\/\/secure.gravatar.com\/avatar\/194f7a41b78fc7f5fcbf2fb567b600b5?s=96&d=mm&r=g","caption":"Ale Devecchi"},"url":"https:\/\/morarmais.com.br\/mms\/author\/marketing-mais\/"}]}},"_links":{"self":[{"href":"https:\/\/morarmais.com.br\/mms\/wp-json\/wp\/v2\/posts\/8096"}],"collection":[{"href":"https:\/\/morarmais.com.br\/mms\/wp-json\/wp\/v2\/posts"}],"about":[{"href":"https:\/\/morarmais.com.br\/mms\/wp-json\/wp\/v2\/types\/post"}],"author":[{"embeddable":true,"href":"https:\/\/morarmais.com.br\/mms\/wp-json\/wp\/v2\/users\/6"}],"replies":[{"embeddable":true,"href":"https:\/\/morarmais.com.br\/mms\/wp-json\/wp\/v2\/comments?post=8096"}],"version-history":[{"count":0,"href":"https:\/\/morarmais.com.br\/mms\/wp-json\/wp\/v2\/posts\/8096\/revisions"}],"wp:featuredmedia":[{"embeddable":true,"href":"https:\/\/morarmais.com.br\/mms\/wp-json\/wp\/v2\/media\/8145"}],"wp:attachment":[{"href":"https:\/\/morarmais.com.br\/mms\/wp-json\/wp\/v2\/media?parent=8096"}],"wp:term":[{"taxonomy":"category","embeddable":true,"href":"https:\/\/morarmais.com.br\/mms\/wp-json\/wp\/v2\/categories?post=8096"},{"taxonomy":"post_tag","embeddable":true,"href":"https:\/\/morarmais.com.br\/mms\/wp-json\/wp\/v2\/tags?post=8096"}],"curies":[{"name":"wp","href":"https:\/\/api.w.org\/{rel}","templated":true}]}}