{"id":7959,"date":"2022-02-02T14:35:06","date_gmt":"2022-02-02T14:35:06","guid":{"rendered":"https:\/\/morarmais.com.br\/mms\/?p=7959"},"modified":"2022-02-03T17:18:26","modified_gmt":"2022-02-03T17:18:26","slug":"os-queridinhos-do-morar-mais-2021-premio-morar-mais","status":"publish","type":"post","link":"https:\/\/morarmais.com.br\/mms\/os-queridinhos-do-morar-mais-2021-premio-morar-mais\/","title":{"rendered":"Os &#8220;Queridinhos&#8221; do Morar Mais 2021"},"content":{"rendered":"\n<p class=\" eplus-wrapper\">Voc\u00ea que acompanha o <a href=\"https:\/\/morarmais.com.br\/mms\/\" target=\"_blank\" rel=\"noreferrer noopener\">Morar Mais pormenos<\/a>, sabe que fazemos quest\u00e3o de premiar, em todas as edi\u00e7\u00f5es, aqueles profissionais que mais se destacaram na mostra. Nada mais justo, n\u00e3o \u00e9 mesmo? Achamos muito importante valorizar o profissionalismo, a dedica\u00e7\u00e3o, a criatividade e o talento dos arquitetos, decoradores, designers e paisagistas que melhor traduzem os conceitos do evento: <strong>mais por menos, customiza\u00e7\u00e3o, brasilidade, inclus\u00e3o social, sustentabilidade e tecnologia e inova\u00e7\u00e3o<\/strong> <meta charset=\"utf-8\">atrav\u00e9s do &#8220;Pr\u00eamio Morar Mais&#8221;. Esse \u00e9 o nosso DNA, nossa ess\u00eancia! Pode parecer coincid\u00eancia, mas os projetos que seguem essa tend\u00eancia acabam sendo os mais admirados pelos visitantes. Opa, sinal que estamos no caminho certo!<\/p>\n\n\n\n<h5 class=\" eplus-wrapper wp-block-heading\"><strong>N\u00c3O PRECISA DE MUITO PARA SER FELIZ<\/strong><\/h5>\n\n\n\n<p class=\" eplus-wrapper\">A felicidade vive dentro de mim. Essa m\u00e1xima foi retratada no \u201cEst\u00fadio da Jovem M\u00e9dica\u201d, assinado por <a href=\"https:\/\/www.instagram.com\/arquitetamarthaleal\/\" target=\"_blank\" rel=\"noreferrer noopener\">Martha Leal<\/a>, na edi\u00e7\u00e3o do <a href=\"https:\/\/www.instagram.com\/morarmaisrio\/\" target=\"_blank\" rel=\"noreferrer noopener\">Rio de Janeiro<\/a>. A ideia partiu de uma jovem m\u00e9dica que morava em apartamento alugado e sabia que logo partiria para outro endere\u00e7o.&nbsp;<\/p>\n\n\n\n<p class=\" eplus-wrapper\">Voc\u00ea que gosta ou precisa mudar sempre, inspire-se nesse ambiente! Simplicidade e reaproveitamento. Mudan\u00e7as f\u00e1ceis e pr\u00e1ticas. A mesma ta\u00e7a usada no jantar, pode virar um arranjo minimalista. Isso \u00e9 <strong>mais por menos<\/strong>, uma solu\u00e7\u00e3o criativa e despretensiosa que resultou num projeto cheio de bossa e que cabe no bolso.<\/p>\n\n\n\n<div class=\"wp-block-jetpack-tiled-gallery aligncenter is-style-rectangular\"><div class=\"tiled-gallery__gallery\"><div class=\"tiled-gallery__row\"><div class=\"tiled-gallery__col\" style=\"flex-basis:72.67514%\"><figure class=\"tiled-gallery__item\"><img decoding=\"async\" alt=\"\" data-height=\"1707\" data-id=\"7961\" data-link=\"https:\/\/morarmais.com.br\/mms\/?attachment_id=7961\" data-url=\"https:\/\/morarmais.com.br\/mms\/wp-content\/uploads\/2022\/02\/Li\u0301lia-Mendel_Martha-Leal_Projeto-Morar-Mais-3-1024x683.jpg\" data-width=\"2560\" src=\"https:\/\/i0.wp.com\/morarmais.com.br\/mms\/wp-content\/uploads\/2022\/02\/Li%CC%81lia-Mendel_Martha-Leal_Projeto-Morar-Mais-3-1024x683.jpg?ssl=1\" data-amp-layout=\"responsive\"\/><\/figure><\/div><div class=\"tiled-gallery__col\" style=\"flex-basis:27.32486%\"><figure class=\"tiled-gallery__item\"><img decoding=\"async\" alt=\"\" data-height=\"1600\" data-id=\"7960\" data-link=\"https:\/\/morarmais.com.br\/mms\/?attachment_id=7960\" data-url=\"https:\/\/morarmais.com.br\/mms\/wp-content\/uploads\/2022\/02\/WhatsApp-Image-2022-01-25-at-16.51.57-576x1024.jpeg\" data-width=\"900\" src=\"https:\/\/i2.wp.com\/morarmais.com.br\/mms\/wp-content\/uploads\/2022\/02\/WhatsApp-Image-2022-01-25-at-16.51.57-576x1024.jpeg?ssl=1\" data-amp-layout=\"responsive\"\/><\/figure><\/div><\/div><\/div><\/div>\n\n\n\n<p class=\"has-small-font-size eplus-wrapper\"><em>Fotos: <a href=\"https:\/\/www.instagram.com\/liliamendel.fotografia\/\" target=\"_blank\" rel=\"noreferrer noopener\">Lilia Mendel<\/a> e <a href=\"https:\/\/www.instagram.com\/aledevecchi\/\" target=\"_blank\" rel=\"noreferrer noopener\">Ale Devecchi<\/a><\/em><\/p>\n\n\n\n<div style=\"height:20px\" aria-hidden=\"true\" class=\"wp-block-spacer eplus-wrapper\"><\/div>\n\n\n\n<h5 class=\" eplus-wrapper wp-block-heading\"><strong>NO MUNDO DE FAZ DE CONTA<\/strong><\/h5>\n\n\n\n<p class=\" eplus-wrapper\">Quem n\u00e3o gosta desse mundo? Ah, \u00e9 bom demais!<\/p>\n\n\n\n<p class=\" eplus-wrapper\">\u201cCasa de Boneca\u201d, ambiente assinado por <a href=\"https:\/\/www.instagram.com\/lindisantos.designer\/\" target=\"_blank\" rel=\"noreferrer noopener\">Lindi Santos<\/a> na mostra de <a href=\"https:\/\/www.instagram.com\/morarmaisbh\/\" target=\"_blank\" rel=\"noreferrer noopener\">Belo Horizonte<\/a>, \u00e9 um mundo de faz de conta! A caixa de feira virou poltrona, latas formam uma lumin\u00e1ria, isopor com papel uma estante, lona de algod\u00e3o cru reveste as paredes. Esses materiais ressignificados atrav\u00e9s da <strong>customiza\u00e7\u00e3o<\/strong>, refor\u00e7am os conceitos de <strong>mais por menos<\/strong> e <strong>sustentabilidade<\/strong>. \u00danico ambiente premiado em tr\u00eas categorias!!! Um sonho que virou realidade.<\/p>\n\n\n\n<div class=\"wp-block-jetpack-tiled-gallery aligncenter is-style-rectangular\"><div class=\"tiled-gallery__gallery\"><div class=\"tiled-gallery__row\"><div class=\"tiled-gallery__col\" style=\"flex-basis:65.44881%\"><figure class=\"tiled-gallery__item\"><img decoding=\"async\" alt=\"Pr\u00eamio Morar Mais Sustentabilidade\" data-height=\"1764\" data-id=\"7975\" data-link=\"https:\/\/morarmais.com.br\/mms\/?attachment_id=7975\" data-url=\"https:\/\/morarmais.com.br\/mms\/wp-content\/uploads\/2022\/02\/casa-de-boneca-1-1024x810.jpg\" data-width=\"2230\" src=\"https:\/\/i0.wp.com\/morarmais.com.br\/mms\/wp-content\/uploads\/2022\/02\/casa-de-boneca-1-1024x810.jpg?ssl=1\" data-amp-layout=\"responsive\"\/><\/figure><\/div><div class=\"tiled-gallery__col\" style=\"flex-basis:34.55119%\"><figure class=\"tiled-gallery__item\"><img decoding=\"async\" alt=\"\" data-height=\"480\" data-id=\"7972\" data-link=\"https:\/\/morarmais.com.br\/mms\/?attachment_id=7972\" data-url=\"https:\/\/morarmais.com.br\/mms\/wp-content\/uploads\/2022\/02\/28-casa-de-boneca-1.jpg\" data-width=\"320\" src=\"https:\/\/i2.wp.com\/morarmais.com.br\/mms\/wp-content\/uploads\/2022\/02\/28-casa-de-boneca-1.jpg?ssl=1\" data-amp-layout=\"responsive\"\/><\/figure><\/div><\/div><\/div><\/div>\n\n\n\n<p class=\"has-small-font-size eplus-wrapper\"><meta charset=\"utf-8\"><em>Fotos: <a href=\"https:\/\/ivanaraujoms.com\/\" target=\"_blank\" rel=\"noreferrer noopener\">Ivan Ara\u00fajo<\/a><\/em><\/p>\n\n\n\n<div style=\"height:20px\" aria-hidden=\"true\" class=\"wp-block-spacer eplus-wrapper\"><\/div>\n\n\n\n<h5 class=\" eplus-wrapper wp-block-heading\"><strong>NO MEIO DO CAMINHO TINHA UMA PEDRA&#8230;<\/strong><\/h5>\n\n\n\n<p class=\" eplus-wrapper\">O projeto \u201cMorada da Pedra\u201d, assinado por <a href=\"https:\/\/www.instagram.com\/faparquitetura\/\" target=\"_blank\" rel=\"noreferrer noopener\">Felipe Alves<\/a> na edi\u00e7\u00e3o do <a href=\"https:\/\/www.instagram.com\/morarmaisrio\/\" target=\"_blank\" rel=\"noreferrer noopener\">Rio<\/a>, teve como elemento principal a pedra natural existente no fundo do ambiente. Uma pedra literalmente! Destaque para o acabamento de paredes e tetos no chapisco cimentado e o p\u00e9-direito duplo, possibilitando aproveitar texturas e n\u00edveis de uso.&nbsp;<\/p>\n\n\n\n<div class=\"wp-block-jetpack-tiled-gallery aligncenter is-style-rectangular\"><div class=\"tiled-gallery__gallery\"><div class=\"tiled-gallery__row\"><div class=\"tiled-gallery__col\" style=\"flex-basis:63.97669%\"><figure class=\"tiled-gallery__item\"><img decoding=\"async\" alt=\"Pr\u00eamio Morar Mais Sustentabilidade\" data-height=\"960\" data-id=\"7978\" data-link=\"https:\/\/morarmais.com.br\/mms\/?attachment_id=7978\" data-url=\"https:\/\/morarmais.com.br\/mms\/wp-content\/uploads\/2022\/02\/20211002_105436-co\u0301pia-1-1024x768.jpg\" data-width=\"1280\" src=\"https:\/\/i0.wp.com\/morarmais.com.br\/mms\/wp-content\/uploads\/2022\/02\/20211002_105436-co%CC%81pia-1-1024x768.jpg?ssl=1\" data-amp-layout=\"responsive\"\/><\/figure><\/div><div class=\"tiled-gallery__col\" style=\"flex-basis:36.02331%\"><figure class=\"tiled-gallery__item\"><img decoding=\"async\" alt=\"\" data-height=\"1280\" data-id=\"7979\" data-link=\"https:\/\/morarmais.com.br\/mms\/?attachment_id=7979\" data-url=\"https:\/\/morarmais.com.br\/mms\/wp-content\/uploads\/2022\/02\/20211002_110101-co\u0301pia-1-768x1024.jpg\" data-width=\"960\" src=\"https:\/\/i0.wp.com\/morarmais.com.br\/mms\/wp-content\/uploads\/2022\/02\/20211002_110101-co%CC%81pia-1-768x1024.jpg?ssl=1\" data-amp-layout=\"responsive\"\/><\/figure><\/div><\/div><\/div><\/div>\n\n\n\n<p class=\" eplus-wrapper\">A <strong>sustentabilidade<\/strong> fica evidente com a preserva\u00e7\u00e3o da caracter\u00edstica bruta da pedra e de todo o clima &#8220;caverna&#8221; misturados com a sofistica\u00e7\u00e3o presentes atrav\u00e9s da ilumina\u00e7\u00e3o e de elementos decorativos. Inova\u00e7\u00f5es sustent\u00e1veis que mostram na pr\u00e1tica atitudes conscientes. Isso muda o mundo!<\/p>\n\n\n\n<p class=\" eplus-wrapper\">Cada pa\u00eds segue o seu caminho. Quem sabe um dia teremos um biciclet\u00e1rio como o de Amsterd\u00e3? A sustentabilidade com mobilidade, sempre!<\/p>\n\n\n\n<div class=\"wp-block-jetpack-tiled-gallery aligncenter is-style-circle\"><div class=\"tiled-gallery__gallery\"><div class=\"tiled-gallery__row columns-2\"><div class=\"tiled-gallery__col\"><figure class=\"tiled-gallery__item\"><img decoding=\"async\" alt=\"\" data-height=\"480\" data-id=\"7981\" data-link=\"https:\/\/morarmais.com.br\/mms\/?attachment_id=7981\" data-url=\"https:\/\/morarmais.com.br\/mms\/wp-content\/uploads\/2022\/02\/bicicletario-amsterdam-1-co\u0301pia.png\" data-width=\"800\" src=\"https:\/\/i0.wp.com\/morarmais.com.br\/mms\/wp-content\/uploads\/2022\/02\/bicicletario-amsterdam-1-co%CC%81pia.png?ssl=1&amp;resize=480%2C480\" data-amp-layout=\"responsive\"\/><\/figure><\/div><div class=\"tiled-gallery__col\"><figure class=\"tiled-gallery__item\"><img decoding=\"async\" alt=\"\" data-height=\"480\" data-id=\"7982\" data-link=\"https:\/\/morarmais.com.br\/mms\/?attachment_id=7982\" data-url=\"https:\/\/morarmais.com.br\/mms\/wp-content\/uploads\/2022\/02\/bicicletario-amsterdam-2-co\u0301pia.png\" data-width=\"800\" src=\"https:\/\/i0.wp.com\/morarmais.com.br\/mms\/wp-content\/uploads\/2022\/02\/bicicletario-amsterdam-2-co%CC%81pia.png?ssl=1&amp;resize=480%2C480\" data-amp-layout=\"responsive\"\/><\/figure><\/div><\/div><\/div><\/div>\n\n\n\n<h5 class=\" eplus-wrapper wp-block-heading\"><strong>COISAS DO BRASIL<\/strong><\/h5>\n\n\n\n<p class=\" eplus-wrapper\">J\u00e1 se imaginou numa sala de estar que leva o p\u00fablico a origem ind\u00edgena? E com tudo que se tem direito! A ideia foi retratada no espa\u00e7o \u201cNative\u201d, assinado por <a href=\"https:\/\/www.instagram.com\/sophia.interiores\/\" target=\"_blank\" rel=\"noreferrer noopener\">Sophia Abraham<\/a>, tamb\u00e9m no Rio. A sala de <a href=\"https:\/\/www.instagram.com\/molina.ela\/\" target=\"_blank\" rel=\"noreferrer noopener\">Dayana Molina<\/a> &#8211; mulher indi\u0301gena, militante social, estilista de sucesso no Brasil e exterior que esta\u0301 a frente de inu\u0301meras ac\u0327o\u0303es para transformar o olhar coletivo sobre os povos indi\u0301genas &#8211; traz sua personalidade, seu olhar e, especialmente, seus valores. Uma viv\u00eancia de hist\u00f3ria, design e muita <strong>brasilidade<\/strong>.<\/p>\n\n\n\n<div class=\"wp-block-jetpack-tiled-gallery aligncenter is-style-rectangular\"><div class=\"tiled-gallery__gallery\"><div class=\"tiled-gallery__row\"><div class=\"tiled-gallery__col\" style=\"flex-basis:30.46317%\"><figure class=\"tiled-gallery__item\"><img decoding=\"async\" alt=\"Pr\u00eamio Morar Mais Brasilidade\" data-height=\"2560\" data-id=\"7984\" data-link=\"https:\/\/morarmais.com.br\/mms\/os-queridinhos-do-morar-mais-2021-premio-morar-mais\/20211003_104856a\/\" data-url=\"https:\/\/morarmais.com.br\/mms\/wp-content\/uploads\/2022\/02\/20211003_104856a-597x1024.jpg\" data-width=\"1494\" src=\"https:\/\/i2.wp.com\/morarmais.com.br\/mms\/wp-content\/uploads\/2022\/02\/20211003_104856a-597x1024.jpg?ssl=1\" data-amp-layout=\"responsive\"\/><\/figure><\/div><div class=\"tiled-gallery__col\" style=\"flex-basis:34.76841%\"><figure class=\"tiled-gallery__item\"><img decoding=\"async\" alt=\"Pr\u00eamio Morar Mais Brasilidade\" data-height=\"800\" data-id=\"7985\" data-link=\"https:\/\/morarmais.com.br\/mms\/os-queridinhos-do-morar-mais-2021-premio-morar-mais\/sophia_abraham-3112-hdr-editar-copia\/\" data-url=\"https:\/\/morarmais.com.br\/mms\/wp-content\/uploads\/2022\/02\/sophia_abraham-3112-HDR-Editar-co\u0301pia.jpg\" data-width=\"533\" src=\"https:\/\/i2.wp.com\/morarmais.com.br\/mms\/wp-content\/uploads\/2022\/02\/sophia_abraham-3112-HDR-Editar-co%CC%81pia.jpg?ssl=1\" data-amp-layout=\"responsive\"\/><\/figure><\/div><div class=\"tiled-gallery__col\" style=\"flex-basis:34.76841%\"><figure class=\"tiled-gallery__item\"><img decoding=\"async\" alt=\"Pr\u00eamio Morar Mais Brasilidade\" data-height=\"800\" data-id=\"7986\" data-link=\"https:\/\/morarmais.com.br\/mms\/os-queridinhos-do-morar-mais-2021-premio-morar-mais\/sophia_abraham-3222-hdr-editar-copia\/\" data-url=\"https:\/\/morarmais.com.br\/mms\/wp-content\/uploads\/2022\/02\/sophia_abraham-3222-HDR-Editar-co\u0301pia.jpg\" data-width=\"533\" src=\"https:\/\/i0.wp.com\/morarmais.com.br\/mms\/wp-content\/uploads\/2022\/02\/sophia_abraham-3222-HDR-Editar-co%CC%81pia.jpg?ssl=1\" data-amp-layout=\"responsive\"\/><\/figure><\/div><\/div><\/div><\/div>\n\n\n\n<p class=\"has-small-font-size eplus-wrapper\"><meta charset=\"utf-8\"><em>Fotos: <a href=\"https:\/\/aledevecchi.com.br\/\" target=\"_blank\" rel=\"noreferrer noopener\">Ale Devecchi<\/a> e <a href=\"https:\/\/www.instagram.com\/errrepe\/\" target=\"_blank\" rel=\"noreferrer noopener\">Raphael Oliveira<\/a><\/em><\/p>\n\n\n\n<div style=\"height:20px\" aria-hidden=\"true\" class=\"wp-block-spacer eplus-wrapper\"><\/div>\n\n\n\n<h4 class=\" eplus-wrapper wp-block-heading\">E por falar em brasilidade&#8230;&nbsp;<\/h4>\n\n\n\n<div class=\"wp-block-jetpack-tiled-gallery aligncenter is-style-circle\"><div class=\"tiled-gallery__gallery\"><div class=\"tiled-gallery__row columns-2\"><div class=\"tiled-gallery__col\"><figure class=\"tiled-gallery__item\"><img decoding=\"async\" alt=\"\" data-height=\"1920\" data-id=\"7998\" data-link=\"https:\/\/morarmais.com.br\/mms\/os-queridinhos-do-morar-mais-2021\/quindim-2-3\/\" data-url=\"https:\/\/morarmais.com.br\/mms\/wp-content\/uploads\/2022\/02\/Quindim-2-2-1024x983.jpg\" data-width=\"2000\" src=\"https:\/\/i0.wp.com\/morarmais.com.br\/mms\/wp-content\/uploads\/2022\/02\/Quindim-2-2-1024x983.jpg?ssl=1&amp;resize=1920%2C1920\" data-amp-layout=\"responsive\"\/><\/figure><\/div><div class=\"tiled-gallery__col\"><figure class=\"tiled-gallery__item\"><img decoding=\"async\" alt=\"\" data-height=\"1920\" data-id=\"7999\" data-link=\"https:\/\/morarmais.com.br\/mms\/os-queridinhos-do-morar-mais-2021\/quindim-3\/\" data-url=\"https:\/\/morarmais.com.br\/mms\/wp-content\/uploads\/2022\/02\/Quindim-3-1024x983.jpg\" data-width=\"2000\" src=\"https:\/\/i2.wp.com\/morarmais.com.br\/mms\/wp-content\/uploads\/2022\/02\/Quindim-3-1024x983.jpg?ssl=1&amp;resize=1920%2C1920\" data-amp-layout=\"responsive\"\/><\/figure><\/div><\/div><\/div><\/div>\n\n\n\n<p class=\" eplus-wrapper\">Quindim Morar Mais: amor, ovos, coco e do\u00e7ura! Pronto: essa \u00e9 a receita cheia de brasilidade e gostosura. Nosso quindim Morar Mais. Hummmmmmmmm!!!<\/p>\n\n\n\n<div style=\"height:20px\" aria-hidden=\"true\" class=\"wp-block-spacer eplus-wrapper\"><\/div>\n\n\n\n<h5 class=\" eplus-wrapper wp-block-heading\"><strong>E AQUI TUDO COME\u00c7OU<\/strong><\/h5>\n\n\n\n<p class=\" eplus-wrapper\">Por que n\u00e3o falar dos \u00edndios, nossos primeiros habitantes? E a oca, a primeira casa constru\u00edda? A oca foi o primeiro modelo de resid\u00eancia, trazido pelos \u00edndios, representando uma jun\u00e7\u00e3o entre a simplicidade e o respeito \u00e0 natureza (a casa \u00e9 feita de tudo que \u00e9 extra\u00eddo da natureza). O <a href=\"https:\/\/www.instagram.com\/morarmaispormenos\/\" target=\"_blank\" rel=\"noreferrer noopener\">Morar Mais<\/a> ADORA esse combo! Al\u00e9m disso, destacamos o aspecto de inclus\u00e3o social, j\u00e1 que o \u00edndio est\u00e1 totalmente inserido na nossa cultura e na nossa sociedade. N\u00e3o \u00e9 \u00e0 toa que muitos ambientes da edi\u00e7\u00e3o 2021 ilustraram essa tem\u00e1tica. Super atual, vanguarda!<\/p>\n\n\n\n<div class=\"wp-block-jetpack-tiled-gallery aligncenter is-style-circle\"><div class=\"tiled-gallery__gallery\"><div class=\"tiled-gallery__row columns-3\"><div class=\"tiled-gallery__col\"><figure class=\"tiled-gallery__item\"><img decoding=\"async\" alt=\"\" data-height=\"1920\" data-id=\"8003\" data-link=\"https:\/\/morarmais.com.br\/mms\/?attachment_id=8003\" data-url=\"https:\/\/morarmais.com.br\/mms\/wp-content\/uploads\/2022\/02\/indios-brasileiros-1-1024x983.jpg\" data-width=\"2000\" src=\"https:\/\/i0.wp.com\/morarmais.com.br\/mms\/wp-content\/uploads\/2022\/02\/indios-brasileiros-1-1024x983.jpg?ssl=1&amp;resize=1920%2C1920\" data-amp-layout=\"responsive\"\/><\/figure><\/div><div class=\"tiled-gallery__col\"><figure class=\"tiled-gallery__item\"><img decoding=\"async\" alt=\"\" data-height=\"1920\" data-id=\"8004\" data-link=\"https:\/\/morarmais.com.br\/mms\/?attachment_id=8004\" data-url=\"https:\/\/morarmais.com.br\/mms\/wp-content\/uploads\/2022\/02\/indios-brasileiros-2-1024x983.jpg\" data-width=\"2000\" src=\"https:\/\/i1.wp.com\/morarmais.com.br\/mms\/wp-content\/uploads\/2022\/02\/indios-brasileiros-2-1024x983.jpg?ssl=1&amp;resize=1920%2C1920\" data-amp-layout=\"responsive\"\/><\/figure><\/div><div class=\"tiled-gallery__col\"><figure class=\"tiled-gallery__item\"><img decoding=\"async\" alt=\"\" data-height=\"1920\" data-id=\"8005\" data-link=\"https:\/\/morarmais.com.br\/mms\/?attachment_id=8005\" data-url=\"https:\/\/morarmais.com.br\/mms\/wp-content\/uploads\/2022\/02\/indios-brasileiros-3-1024x983.jpg\" data-width=\"2000\" src=\"https:\/\/i0.wp.com\/morarmais.com.br\/mms\/wp-content\/uploads\/2022\/02\/indios-brasileiros-3-1024x983.jpg?ssl=1&amp;resize=1920%2C1920\" data-amp-layout=\"responsive\"\/><\/figure><\/div><\/div><div class=\"tiled-gallery__row columns-3\"><div class=\"tiled-gallery__col\"><figure class=\"tiled-gallery__item\"><img decoding=\"async\" alt=\"\" data-height=\"1920\" data-id=\"8006\" data-link=\"https:\/\/morarmais.com.br\/mms\/?attachment_id=8006\" data-url=\"https:\/\/morarmais.com.br\/mms\/wp-content\/uploads\/2022\/02\/oca-1-1024x983.jpg\" data-width=\"2000\" src=\"https:\/\/i1.wp.com\/morarmais.com.br\/mms\/wp-content\/uploads\/2022\/02\/oca-1-1024x983.jpg?ssl=1&amp;resize=1920%2C1920\" data-amp-layout=\"responsive\"\/><\/figure><\/div><div class=\"tiled-gallery__col\"><figure class=\"tiled-gallery__item\"><img decoding=\"async\" alt=\"\" data-height=\"1920\" data-id=\"8007\" data-link=\"https:\/\/morarmais.com.br\/mms\/?attachment_id=8007\" data-url=\"https:\/\/morarmais.com.br\/mms\/wp-content\/uploads\/2022\/02\/oca-2-1024x983.jpg\" data-width=\"2000\" src=\"https:\/\/i0.wp.com\/morarmais.com.br\/mms\/wp-content\/uploads\/2022\/02\/oca-2-1024x983.jpg?ssl=1&amp;resize=1920%2C1920\" data-amp-layout=\"responsive\"\/><\/figure><\/div><div class=\"tiled-gallery__col\"><figure class=\"tiled-gallery__item\"><img decoding=\"async\" alt=\"\" data-height=\"1920\" data-id=\"8008\" data-link=\"https:\/\/morarmais.com.br\/mms\/?attachment_id=8008\" data-url=\"https:\/\/morarmais.com.br\/mms\/wp-content\/uploads\/2022\/02\/oca-3-1024x983.jpg\" data-width=\"2000\" src=\"https:\/\/i2.wp.com\/morarmais.com.br\/mms\/wp-content\/uploads\/2022\/02\/oca-3-1024x983.jpg?ssl=1&amp;resize=1920%2C1920\" data-amp-layout=\"responsive\"\/><\/figure><\/div><\/div><\/div><\/div>\n\n\n\n<div style=\"height:20px\" aria-hidden=\"true\" class=\"wp-block-spacer eplus-wrapper\"><\/div>\n\n\n\n<h5 class=\" eplus-wrapper wp-block-heading\"><strong>E QUE TAL UM REF\u00daGIO BRASILEIRO?<\/strong><\/h5>\n\n\n\n<div class=\"wp-block-jetpack-tiled-gallery aligncenter is-style-rectangular\"><div class=\"tiled-gallery__gallery\"><div class=\"tiled-gallery__row\"><div class=\"tiled-gallery__col\" style=\"flex-basis:23.56783%\"><figure class=\"tiled-gallery__item\"><img decoding=\"async\" alt=\"Pr\u00eamio Morar Mais Brasilidade\" data-height=\"480\" data-id=\"8012\" data-link=\"https:\/\/morarmais.com.br\/mms\/os-queridinhos-do-morar-mais-2021-premio-morar-mais\/14-refugio-das-ceramistas-2\/\" data-url=\"https:\/\/morarmais.com.br\/mms\/wp-content\/uploads\/2022\/02\/14-refugio-das-ceramistas-2.jpg\" data-width=\"320\" src=\"https:\/\/i0.wp.com\/morarmais.com.br\/mms\/wp-content\/uploads\/2022\/02\/14-refugio-das-ceramistas-2.jpg?ssl=1\" data-amp-layout=\"responsive\"\/><\/figure><\/div><div class=\"tiled-gallery__col\" style=\"flex-basis:52.86435%\"><figure class=\"tiled-gallery__item\"><img decoding=\"async\" alt=\"Pr\u00eamio Morar Mais Brasilidade\" data-height=\"427\" data-id=\"8013\" data-link=\"https:\/\/morarmais.com.br\/mms\/os-queridinhos-do-morar-mais-2021-premio-morar-mais\/14-refugio-das-ceramistas-3\/\" data-url=\"https:\/\/morarmais.com.br\/mms\/wp-content\/uploads\/2022\/02\/14-refugio-das-ceramistas-3.jpg\" data-width=\"640\" src=\"https:\/\/i1.wp.com\/morarmais.com.br\/mms\/wp-content\/uploads\/2022\/02\/14-refugio-das-ceramistas-3.jpg?ssl=1\" data-amp-layout=\"responsive\"\/><\/figure><\/div><div class=\"tiled-gallery__col\" style=\"flex-basis:23.56783%\"><figure class=\"tiled-gallery__item\"><img decoding=\"async\" alt=\"Pr\u00eamio Morar Mais Brasilidade\" data-height=\"480\" data-id=\"8014\" data-link=\"https:\/\/morarmais.com.br\/mms\/os-queridinhos-do-morar-mais-2021-premio-morar-mais\/14-refugio-das-ceramistas-4\/\" data-url=\"https:\/\/morarmais.com.br\/mms\/wp-content\/uploads\/2022\/02\/14-refugio-das-ceramistas.jpg\" data-width=\"320\" src=\"https:\/\/i2.wp.com\/morarmais.com.br\/mms\/wp-content\/uploads\/2022\/02\/14-refugio-das-ceramistas.jpg?ssl=1\" data-amp-layout=\"responsive\"\/><\/figure><\/div><\/div><\/div><\/div>\n\n\n\n<p class=\"has-small-font-size eplus-wrapper\"><em>Fotos: <a href=\"https:\/\/ivanaraujoms.com\/\" target=\"_blank\" rel=\"noreferrer noopener\">Ivan Ara\u00fajo<\/a><\/em><\/p>\n\n\n\n<div style=\"height:20px\" aria-hidden=\"true\" class=\"wp-block-spacer eplus-wrapper\"><\/div>\n\n\n\n<p class=\" eplus-wrapper\">O \u201cRef\u00fagio das Ceramistas\u201d, assinado por <a href=\"https:\/\/www.instagram.com\/neinicolatodesign\/\" target=\"_blank\" rel=\"noreferrer noopener\">Nei Nicolato<\/a> em <a href=\"https:\/\/www.instagram.com\/morarmaisbh\/\" target=\"_blank\" rel=\"noreferrer noopener\">Belo Horizonte<\/a>, \u00e9 outro bom exemplo de <strong>brasilidade<\/strong>. O ambiente faz refer\u00eancia \u00e0s mulheres ceramistas do Brasil. Camadas de textura nos guiam atrav\u00e9s do barro no piso, passando pela argila e sua queima nas paredes, explodindo em itens \u00fanicos em exposi\u00e7\u00e3o. Vendo o projeto, quem n\u00e3o lembra da cena do filme <a href=\"https:\/\/pt.wikipedia.org\/wiki\/Ghost_(filme)\" target=\"_blank\" rel=\"noreferrer noopener\">Ghost<\/a>? Bateu at\u00e9 saudade!<\/p>\n\n\n\n<div class=\"wp-block-jetpack-tiled-gallery aligncenter is-style-circle\"><div class=\"tiled-gallery__gallery\"><div class=\"tiled-gallery__row columns-2\"><div class=\"tiled-gallery__col\"><figure class=\"tiled-gallery__item\"><img decoding=\"async\" alt=\"\" data-height=\"1920\" data-id=\"8011\" data-link=\"https:\/\/morarmais.com.br\/mms\/?attachment_id=8011\" data-url=\"https:\/\/morarmais.com.br\/mms\/wp-content\/uploads\/2022\/02\/ghost-2-1024x983.jpg\" data-width=\"2000\" src=\"https:\/\/i2.wp.com\/morarmais.com.br\/mms\/wp-content\/uploads\/2022\/02\/ghost-2-1024x983.jpg?ssl=1&amp;resize=1920%2C1920\" data-amp-layout=\"responsive\"\/><\/figure><\/div><div class=\"tiled-gallery__col\"><figure class=\"tiled-gallery__item\"><img decoding=\"async\" alt=\"\" data-height=\"1920\" data-id=\"8010\" data-link=\"https:\/\/morarmais.com.br\/mms\/?attachment_id=8010\" data-url=\"https:\/\/morarmais.com.br\/mms\/wp-content\/uploads\/2022\/02\/ghost-1-1024x983.jpg\" data-width=\"2000\" src=\"https:\/\/i1.wp.com\/morarmais.com.br\/mms\/wp-content\/uploads\/2022\/02\/ghost-1-1024x983.jpg?ssl=1&amp;resize=1920%2C1920\" data-amp-layout=\"responsive\"\/><\/figure><\/div><\/div><\/div><\/div>\n\n\n\n<div style=\"height:20px\" aria-hidden=\"true\" class=\"wp-block-spacer eplus-wrapper\"><\/div>\n\n\n\n<h5 class=\" eplus-wrapper wp-block-heading\"><strong>VIDA NOVA!<\/strong><\/h5>\n\n\n\n<p class=\" eplus-wrapper\">Voc\u00ea j\u00e1 teve uma bela colcha de retalhos?<\/p>\n\n\n\n<p class=\" eplus-wrapper\">A colcha de retalhos est\u00e1 associada ao nosso cotidiano, pois representa, em uma constru\u00e7\u00e3o, o material utilizado em casa para cobrir uma cama, um sof\u00e1, etc. Tantos pedacinhos de tecido est\u00e3o ali representados, restos que poderiam ter sido descartados, mas foram reaproveitados e est\u00e3o ali, dando vida a uma nova pe\u00e7a.<\/p>\n\n\n\n<div class=\"wp-block-jetpack-tiled-gallery aligncenter is-style-circle\"><div class=\"tiled-gallery__gallery\"><div class=\"tiled-gallery__row columns-2\"><div class=\"tiled-gallery__col\"><figure class=\"tiled-gallery__item\"><img decoding=\"async\" alt=\"\" data-height=\"1920\" data-id=\"8017\" data-link=\"https:\/\/morarmais.com.br\/mms\/?attachment_id=8017\" data-url=\"https:\/\/morarmais.com.br\/mms\/wp-content\/uploads\/2022\/02\/colcha0de0retalho-2-1024x983.jpg\" data-width=\"2000\" src=\"https:\/\/i2.wp.com\/morarmais.com.br\/mms\/wp-content\/uploads\/2022\/02\/colcha0de0retalho-2-1024x983.jpg?ssl=1&amp;resize=1920%2C1920\" data-amp-layout=\"responsive\"\/><\/figure><\/div><div class=\"tiled-gallery__col\"><figure class=\"tiled-gallery__item\"><img decoding=\"async\" alt=\"\" data-height=\"1920\" data-id=\"8018\" data-link=\"https:\/\/morarmais.com.br\/mms\/?attachment_id=8018\" data-url=\"https:\/\/morarmais.com.br\/mms\/wp-content\/uploads\/2022\/02\/colcha0de0retalho-3-1024x983.jpg\" data-width=\"2000\" src=\"https:\/\/i1.wp.com\/morarmais.com.br\/mms\/wp-content\/uploads\/2022\/02\/colcha0de0retalho-3-1024x983.jpg?ssl=1&amp;resize=1920%2C1920\" data-amp-layout=\"responsive\"\/><\/figure><\/div><\/div><\/div><\/div>\n\n\n\n<p class=\" eplus-wrapper\">A mesma ideia de <strong>customiza\u00e7\u00e3o<\/strong> foi apresentada na \u201cVaranda da Artista Baiana\u201d, um verdadeiro retrato do que as profissionais acreditam ser como of\u00edcio. A produ\u00e7\u00e3o do ambiente foi executada 100% pelas arquitetas <a href=\"https:\/\/www.instagram.com\/arquiteturaumpraum\/\" target=\"_blank\" rel=\"noreferrer noopener\">Amanda Menezes e Talita Neri<\/a> na edi\u00e7\u00e3o carioca, uma forma de valorizar o &#8220;feito \u00e0 m\u00e3o&#8221; e toda forma de arte como decora\u00e7\u00e3o, uma cren\u00e7a respeitada no projeto. <\/p>\n\n\n\n<div class=\"wp-block-jetpack-tiled-gallery aligncenter is-style-rectangular\"><div class=\"tiled-gallery__gallery\"><div class=\"tiled-gallery__row\"><div class=\"tiled-gallery__col\" style=\"flex-basis:24.82060%\"><figure class=\"tiled-gallery__item\"><img decoding=\"async\" alt=\"Pr\u00eamio Morar Mais Customiza\u00e7\u00e3o\" data-height=\"800\" data-id=\"8020\" data-link=\"https:\/\/morarmais.com.br\/mms\/os-queridinhos-do-morar-mais-2021-premio-morar-mais\/16-depois-copia\/\" data-url=\"https:\/\/morarmais.com.br\/mms\/wp-content\/uploads\/2022\/02\/16.depois-co\u0301pia.jpg\" data-width=\"534\" src=\"https:\/\/i0.wp.com\/morarmais.com.br\/mms\/wp-content\/uploads\/2022\/02\/16.depois-co%CC%81pia.jpg?ssl=1\" data-amp-layout=\"responsive\"\/><\/figure><\/div><div class=\"tiled-gallery__col\" style=\"flex-basis:55.69565%\"><figure class=\"tiled-gallery__item\"><img decoding=\"async\" alt=\"Pr\u00eamio Morar Mais Customiza\u00e7\u00e3o\" data-height=\"533\" data-id=\"8021\" data-link=\"https:\/\/morarmais.com.br\/mms\/os-queridinhos-do-morar-mais-2021-premio-morar-mais\/15-16-varanda-e-quarto-da-artista-baiana_amanda-ferreira-e-talita-neri_76a0627-1-copia\/\" data-url=\"https:\/\/morarmais.com.br\/mms\/wp-content\/uploads\/2022\/02\/15.16.Varanda-e-Quarto-da-Artista-Baiana_Amanda-Ferreira-e-Talita-Neri_76A0627-1-co\u0301pia.jpg\" data-width=\"800\" src=\"https:\/\/i0.wp.com\/morarmais.com.br\/mms\/wp-content\/uploads\/2022\/02\/15.16.Varanda-e-Quarto-da-Artista-Baiana_Amanda-Ferreira-e-Talita-Neri_76A0627-1-co%CC%81pia.jpg?ssl=1\" data-amp-layout=\"responsive\"\/><\/figure><\/div><div class=\"tiled-gallery__col\" style=\"flex-basis:19.48375%\"><figure class=\"tiled-gallery__item\"><img decoding=\"async\" alt=\"Pr\u00eamio Morar Mais Customiza\u00e7\u00e3o\" data-height=\"640\" data-id=\"8022\" data-link=\"https:\/\/morarmais.com.br\/mms\/os-queridinhos-do-morar-mais-2021-premio-morar-mais\/15-16-varanda-e-quarto-da-artista-baiana_amanda-ferreira-e-talita-neri_76a0604-1-copia\/\" data-url=\"https:\/\/morarmais.com.br\/mms\/wp-content\/uploads\/2022\/02\/15.16.Varanda-e-Quarto-da-Artista-Baiana_Amanda-Ferreira-e-Talita-Neri_76A0604-1-co\u0301pia.png\" data-width=\"335\" src=\"https:\/\/i1.wp.com\/morarmais.com.br\/mms\/wp-content\/uploads\/2022\/02\/15.16.Varanda-e-Quarto-da-Artista-Baiana_Amanda-Ferreira-e-Talita-Neri_76A0604-1-co%CC%81pia.png?ssl=1\" data-amp-layout=\"responsive\"\/><\/figure><\/div><\/div><\/div><\/div>\n\n\n\n<p class=\" eplus-wrapper\">Em cada canto h\u00e1 um peda\u00e7o da Bahia e da dupla, como lumin\u00e1rias de papel, macram\u00ea, cestaria (peneiras de palha), painel e m\u00f3veis com cabos de vassoura, m\u00f3veis em tubo de PVC e telas pintadas por elas.<\/p>\n\n\n\n<p class=\" eplus-wrapper\">A criatividade de customizar \u00e9 um dom m\u00e1gico e o Morar Mais \u00e9 pura inspira\u00e7\u00e3o!<\/p>\n\n\n\n<div style=\"height:20px\" aria-hidden=\"true\" class=\"wp-block-spacer eplus-wrapper\"><\/div>\n\n\n\n<h5 class=\" eplus-wrapper wp-block-heading\"><strong>CUSTOMIZANDO DE FORMA ASSIM\u00c9TRICA<\/strong><\/h5>\n\n\n\n<p class=\" eplus-wrapper\">O \u201cRestaurante Dissimetria\u201d, assinado por <a href=\"https:\/\/www.instagram.com\/_dsarquitetura\/\" target=\"_blank\" rel=\"noreferrer noopener\">Dyanne Anjos e Stephany Galantini<\/a> na capital mineira, \u00e9 um outro belo exemplo de projeto premiado. Foi desenvolvido de forma a integrar o espa\u00e7o interno e externo atrav\u00e9s do mobili\u00e1rio. O uso da ilumina\u00e7\u00e3o, materiais, cores e vegeta\u00e7\u00e3o real\u00e7am a sinuosidade da parede principal e a dissimetria do espa\u00e7o.<\/p>\n\n\n\n<figure class=\"wp-block-image size-full eplus-wrapper\"><img fetchpriority=\"high\" decoding=\"async\" width=\"640\" height=\"427\" src=\"https:\/\/morarmais.com.br\/mms\/wp-content\/uploads\/2022\/02\/20-restaurante-dissimetria.jpg\" alt=\"\" class=\"wp-image-8034\" srcset=\"https:\/\/morarmais.com.br\/mms\/wp-content\/uploads\/2022\/02\/20-restaurante-dissimetria.jpg 640w, https:\/\/morarmais.com.br\/mms\/wp-content\/uploads\/2022\/02\/20-restaurante-dissimetria-300x200.jpg 300w, https:\/\/morarmais.com.br\/mms\/wp-content\/uploads\/2022\/02\/20-restaurante-dissimetria-350x234.jpg 350w\" sizes=\"(max-width: 640px) 100vw, 640px\" \/><\/figure>\n\n\n\n<p class=\"has-small-font-size eplus-wrapper\"><meta charset=\"utf-8\"><em>Foto: <a href=\"https:\/\/ivanaraujoms.com\/\" target=\"_blank\" rel=\"noreferrer noopener\">Ivan Ara\u00fajo<\/a><\/em><\/p>\n\n\n\n<div style=\"height:20px\" aria-hidden=\"true\" class=\"wp-block-spacer eplus-wrapper\"><\/div>\n\n\n\n<p class=\" eplus-wrapper\">A ideia acabou nos remetendo \u00e0 Casa de Ch\u00e1 &#8220;Bridging&#8221;, voc\u00eas conhecem? Localizada no Parque de Arquitetura JinHua, na China, representa a <strong>customiza\u00e7\u00e3o<\/strong> em sua ess\u00eancia. Ess\u00eancia e assimetria. Pequenos pavilh\u00f5es projetados por arquitetos de todo o mundo ocupam o solo, juntos formam uma parte importante do desenvolvimento do novo distrito. Uma vez que s\u00e3o identidades \u00fanicas, atraem muitas pessoas.&nbsp;<\/p>\n\n\n\n<p class=\" eplus-wrapper\">A proposta de FR-EE&nbsp;explora a intera\u00e7\u00e3o tipol\u00f3gica entre duas estruturas tradicionais dos jardins da antiga China: uma casa de ch\u00e1 e uma ponte. A ponte se lan\u00e7a como uma cont\u00ednua estrutura de concreto ao longo do lago e se destaca por sua cor vermelha, tradicionalmente a cor simb\u00f3lica da felicidade na China.<\/p>\n\n\n\n<p class=\" eplus-wrapper\"><\/p>\n\n\n\n<div class=\"wp-block-jetpack-tiled-gallery aligncenter is-style-circle\"><div class=\"tiled-gallery__gallery\"><div class=\"tiled-gallery__row columns-2\"><div class=\"tiled-gallery__col\"><figure class=\"tiled-gallery__item\"><img decoding=\"async\" alt=\"\" data-height=\"1200\" data-id=\"8035\" data-link=\"https:\/\/morarmais.com.br\/mms\/?attachment_id=8035\" data-url=\"https:\/\/morarmais.com.br\/mms\/wp-content\/uploads\/2022\/02\/bridging-tea-house-1-1024x614.png\" data-width=\"2000\" src=\"https:\/\/i1.wp.com\/morarmais.com.br\/mms\/wp-content\/uploads\/2022\/02\/bridging-tea-house-1-1024x614.png?ssl=1&amp;resize=1200%2C1200\" data-amp-layout=\"responsive\"\/><\/figure><\/div><div class=\"tiled-gallery__col\"><figure class=\"tiled-gallery__item\"><img decoding=\"async\" alt=\"\" data-height=\"1200\" data-id=\"8036\" data-link=\"https:\/\/morarmais.com.br\/mms\/?attachment_id=8036\" data-url=\"https:\/\/morarmais.com.br\/mms\/wp-content\/uploads\/2022\/02\/bridging-tea-house-2-1024x614.png\" data-width=\"2000\" src=\"https:\/\/i0.wp.com\/morarmais.com.br\/mms\/wp-content\/uploads\/2022\/02\/bridging-tea-house-2-1024x614.png?ssl=1&amp;resize=1200%2C1200\" data-amp-layout=\"responsive\"\/><\/figure><\/div><\/div><\/div><\/div>\n\n\n\n<p class=\" eplus-wrapper\">No interior, uma variedade de micro-plataformas, em diferentes formatos e n\u00edveis, criam sequ\u00eancias de experi\u00eancias para os visitantes que passam pela ponte &#8211; permitindo a privacidade e intimidade, mesmo quando grupos maiores est\u00e3o no pavilh\u00e3o. A divis\u00e3o entre essas plataformas suporta a estrutura do pavilh\u00e3o, permitindo-lhe passar por cima da lagoa.<\/p>\n\n\n\n<p class=\" eplus-wrapper\">Morar Mais tamb\u00e9m \u00e9 cultura!<\/p>\n\n\n\n<div style=\"height:20px\" aria-hidden=\"true\" class=\"wp-block-spacer eplus-wrapper\"><\/div>\n\n\n\n<h5 class=\" eplus-wrapper wp-block-heading\"><strong>QUINTAL DO SABER<\/strong><\/h5>\n\n\n\n<p class=\" eplus-wrapper\">O acesso ao conhecimento devia ser comum a todos, n\u00e3o? Mas, infelizmente essa n\u00e3o \u00e9 a realidade.<\/p>\n\n\n\n<p class=\" eplus-wrapper\">Por isso, as profissionais <a href=\"https:\/\/www.instagram.com\/arcontemporaneo\/\" target=\"_blank\" rel=\"noreferrer noopener\">Ander Rodrigues<\/a>, <a href=\"https:\/\/www.instagram.com\/chrisdemelo.arq\/\" target=\"_blank\" rel=\"noreferrer noopener\">Chris de Melo<\/a> e <a href=\"https:\/\/www.instagram.com\/patriciabritostudio\/\" target=\"_blank\" rel=\"noreferrer noopener\">Patr\u00edcia Brito<\/a> assinaram um espa\u00e7o t\u00edpico de <strong>inclus\u00e3o social<\/strong> no evento do Rio de Janeiro, uma brinquedoteca!!! Um cen\u00e1rio l\u00fadico e participativo para o p\u00fablico infantil estudar de forma divertida. O quintal tem como ponto central uma \u00e1rvore de papel\u00e3o, representando o crescimento cont\u00ednuo e os frutos ao longo da vida. A ideia \u00e9 plantar educa\u00e7\u00e3o, independ\u00eancia, criatividade e a consci\u00eancia de preservar a natureza e reaproveitar os materiais. Os brinquedos e livros utilizados no projeto foram doados por crian\u00e7as e, ao final da mostra, foram entregues \u00e0 orfanatos. Belo exemplo de inclus\u00e3o social!<\/p>\n\n\n\n<div class=\"wp-block-jetpack-tiled-gallery aligncenter is-style-rectangular\"><div class=\"tiled-gallery__gallery\"><div class=\"tiled-gallery__row\"><div class=\"tiled-gallery__col\" style=\"flex-basis:52.75599%\"><figure class=\"tiled-gallery__item\"><img decoding=\"async\" alt=\"Pr\u00eamio Morar Mais Inclus\u00e3o Social\" data-height=\"1709\" data-id=\"8037\" data-link=\"https:\/\/morarmais.com.br\/mms\/os-queridinhos-do-morar-mais-2021-premio-morar-mais\/brinquedoteca-1_depois\/\" data-url=\"https:\/\/morarmais.com.br\/mms\/wp-content\/uploads\/2022\/02\/Brinquedoteca-1_depois-1024x684.jpg\" data-width=\"2560\" src=\"https:\/\/i1.wp.com\/morarmais.com.br\/mms\/wp-content\/uploads\/2022\/02\/Brinquedoteca-1_depois-1024x684.jpg?ssl=1\" data-amp-layout=\"responsive\"\/><\/figure><figure class=\"tiled-gallery__item\"><img decoding=\"async\" alt=\"Pr\u00eamio Morar Mais Inclus\u00e3o Social\" data-height=\"1707\" data-id=\"8038\" data-link=\"https:\/\/morarmais.com.br\/mms\/os-queridinhos-do-morar-mais-2021-premio-morar-mais\/40-e-41_quintal-do-saberbrinqudoteca_anderluce-chistiane-e-patricia_ca_0567-2\/\" data-url=\"https:\/\/morarmais.com.br\/mms\/wp-content\/uploads\/2022\/02\/40-e-41_Quintal-do-SaberBrinqudoteca_Anderluce-Chistiane-e-Patricia_CA_0567-2-1024x683.jpg\" data-width=\"2560\" src=\"https:\/\/i1.wp.com\/morarmais.com.br\/mms\/wp-content\/uploads\/2022\/02\/40-e-41_Quintal-do-SaberBrinqudoteca_Anderluce-Chistiane-e-Patricia_CA_0567-2-1024x683.jpg?ssl=1\" data-amp-layout=\"responsive\"\/><\/figure><\/div><div class=\"tiled-gallery__col\" style=\"flex-basis:47.24401%\"><figure class=\"tiled-gallery__item\"><img decoding=\"async\" alt=\"Pr\u00eamio Morar Mais Inclus\u00e3o Social\" data-height=\"2560\" data-id=\"8039\" data-link=\"https:\/\/morarmais.com.br\/mms\/os-queridinhos-do-morar-mais-2021-premio-morar-mais\/40-e-41_quintal-do-saberbrinqudoteca_anderluce-chistiane-e-patricia_ca_0570-1\/\" data-url=\"https:\/\/morarmais.com.br\/mms\/wp-content\/uploads\/2022\/02\/40-e-41_Quintal-do-SaberBrinqudoteca_Anderluce-Chistiane-e-Patricia_CA_0570-1-683x1024.jpg\" data-width=\"1707\" src=\"https:\/\/i0.wp.com\/morarmais.com.br\/mms\/wp-content\/uploads\/2022\/02\/40-e-41_Quintal-do-SaberBrinqudoteca_Anderluce-Chistiane-e-Patricia_CA_0570-1-683x1024.jpg?ssl=1\" data-amp-layout=\"responsive\"\/><\/figure><\/div><\/div><\/div><\/div>\n\n\n\n<div style=\"height:20px\" aria-hidden=\"true\" class=\"wp-block-spacer eplus-wrapper\"><\/div>\n\n\n\n<h5 class=\" eplus-wrapper wp-block-heading\"><strong>ALEXA EM ALTA<\/strong><\/h5>\n\n\n\n<p class=\" eplus-wrapper\">Cada vez mais presentes nas resid\u00eancias e no cotidianos das pessoas, tecnologia e inova\u00e7\u00e3o s\u00e3o hoje parte essencial de nossas vidas.&nbsp;<\/p>\n\n\n\n<p class=\" eplus-wrapper\">No espa\u00e7o \u201cSala Delas\u201d, assinado por <a href=\"https:\/\/www.instagram.com\/alenovaes\/\" target=\"_blank\" rel=\"noreferrer noopener\">Ale Novaes<\/a> na edi\u00e7\u00e3o do Rio, as cortinas tamb\u00e9m eram comandadas pela Alexa, personagem anteriormente conhecida somente para aparelhos eletr\u00f4nicos como TVs e aparelhos de ar condicionado. Salve Alexa!<\/p>\n\n\n\n<figure class=\"wp-block-image size-large eplus-wrapper\"><img decoding=\"async\" width=\"1024\" height=\"684\" src=\"https:\/\/morarmais.com.br\/mms\/wp-content\/uploads\/2022\/02\/49.Sala-Delas-2_depois-2-1024x684.jpg\" alt=\"\" class=\"wp-image-8040\" srcset=\"https:\/\/morarmais.com.br\/mms\/wp-content\/uploads\/2022\/02\/49.Sala-Delas-2_depois-2-1024x684.jpg 1024w, https:\/\/morarmais.com.br\/mms\/wp-content\/uploads\/2022\/02\/49.Sala-Delas-2_depois-2-300x200.jpg 300w, https:\/\/morarmais.com.br\/mms\/wp-content\/uploads\/2022\/02\/49.Sala-Delas-2_depois-2-768x513.jpg 768w, https:\/\/morarmais.com.br\/mms\/wp-content\/uploads\/2022\/02\/49.Sala-Delas-2_depois-2-1536x1025.jpg 1536w, https:\/\/morarmais.com.br\/mms\/wp-content\/uploads\/2022\/02\/49.Sala-Delas-2_depois-2-2048x1367.jpg 2048w, https:\/\/morarmais.com.br\/mms\/wp-content\/uploads\/2022\/02\/49.Sala-Delas-2_depois-2-1200x800.jpg 1200w, https:\/\/morarmais.com.br\/mms\/wp-content\/uploads\/2022\/02\/49.Sala-Delas-2_depois-2-930x620.jpg 930w, https:\/\/morarmais.com.br\/mms\/wp-content\/uploads\/2022\/02\/49.Sala-Delas-2_depois-2-350x234.jpg 350w\" sizes=\"(max-width: 1024px) 100vw, 1024px\" \/><\/figure>\n\n\n\n<div style=\"height:20px\" aria-hidden=\"true\" class=\"wp-block-spacer eplus-wrapper\"><\/div>\n\n\n\n<p class=\" eplus-wrapper\">&gt;&gt; Al\u00f4 lojistas e fornecedores! Quer ver o seu produto aqui no blog do Morar Mais? Participe da nossa pr\u00f3xima edi\u00e7\u00e3o clicando aqui!<\/p>\n\n\n\n<p class=\" eplus-wrapper\">&gt;&gt; Voc\u00ea \u00e9 arquiteto, designer de interiores ou paisagista e est\u00e1 se perguntando como participar do Morar Mais e concorrer ao Pr\u00eamio Morar Mais? Entre em contato conosco e confira nossas condi\u00e7\u00f5es especiais para projetos fechados com anteced\u00eancia!<\/p>\n\n\n\n<p class=\" eplus-wrapper\">Siga-nos no instagram:&nbsp;<a href=\"http:\/\/instagram.com\/morarmaispormenos\">@morarmaispormenos<\/a><\/p>\n","protected":false},"excerpt":{"rendered":"<p>Voc\u00ea que acompanha o Morar Mais pormenos, sabe que fazemos quest\u00e3o de premiar, em todas as edi\u00e7\u00f5es, aqueles profissionais que mais se destacaram na mostra. Nada mais justo, n\u00e3o \u00e9 mesmo? Achamos muito importante valorizar o profissionalismo, a dedica\u00e7\u00e3o, a criatividade e o talento dos arquitetos, decoradores, designers e paisagistas que melhor traduzem os conceitos&hellip;&nbsp;<a href=\"https:\/\/morarmais.com.br\/mms\/os-queridinhos-do-morar-mais-2021-premio-morar-mais\/\" rel=\"bookmark\">Continue a ler &raquo;<span class=\"screen-reader-text\">Os &#8220;Queridinhos&#8221; do Morar Mais 2021<\/span><\/a><\/p>\n","protected":false},"author":6,"featured_media":8042,"comment_status":"open","ping_status":"open","sticky":false,"template":"","format":"standard","meta":{"_eb_attr":"","editor_plus_copied_stylings":"{}","neve_meta_sidebar":"","neve_meta_container":"","neve_meta_enable_content_width":"","neve_meta_content_width":0,"neve_meta_title_alignment":"","neve_meta_author_avatar":"","neve_post_elements_order":"","neve_meta_disable_header":"","neve_meta_disable_footer":"","neve_meta_disable_title":"","_themeisle_gutenberg_block_has_review":false,"_vp_format_video_url":"","_vp_image_focal_point":[],"footnotes":""},"categories":[70,22,23,29,1,31],"tags":[153,265,281,39,41,148,176,282,283,129,278,51,73,179,279,280],"class_list":["post-7959","post","type-post","status-publish","format-standard","has-post-thumbnail","hentry","category-blog","category-faca-voce-mesmo","category-home","category-um-mundo-sustentavel","category-uncategorized","category-viciados-em-design","tag-arquitetura","tag-brasilidade","tag-comercial","tag-customizacao","tag-decoracao","tag-designers-de-interiores","tag-faca-voce-mesmo","tag-geracao-de-negocios","tag-inclusao-social-2","tag-inovacao","tag-mais-por-menos","tag-morar-mais","tag-morar-mais-por-menos","tag-sustentabilidade","tag-tecnologia","tag-vendas"],"yoast_head":"<!-- This site is optimized with the Yoast SEO plugin v25.6 - https:\/\/yoast.com\/wordpress\/plugins\/seo\/ -->\n<title>Os &quot;Queridinhos&quot; do Morar Mais 2021 - Morar mais<\/title>\n<meta name=\"description\" content=\"Atrav\u00e9s do Premio Morar Mais valorizamos a criatividade dos profissionais que melhor traduzem os conceitos do evento.\" \/>\n<meta name=\"robots\" content=\"index, follow, max-snippet:-1, max-image-preview:large, max-video-preview:-1\" \/>\n<link rel=\"canonical\" href=\"https:\/\/morarmais.com.br\/mms\/os-queridinhos-do-morar-mais-2021-premio-morar-mais\/\" \/>\n<meta property=\"og:locale\" content=\"pt_BR\" \/>\n<meta property=\"og:type\" content=\"article\" \/>\n<meta property=\"og:title\" content=\"Os &quot;Queridinhos&quot; do Morar Mais 2021 - Morar mais\" \/>\n<meta property=\"og:description\" content=\"Atrav\u00e9s do Premio Morar Mais valorizamos a criatividade dos profissionais que melhor traduzem os conceitos do evento.\" \/>\n<meta property=\"og:url\" content=\"https:\/\/morarmais.com.br\/mms\/os-queridinhos-do-morar-mais-2021-premio-morar-mais\/\" \/>\n<meta property=\"og:site_name\" content=\"Morar mais\" \/>\n<meta property=\"article:publisher\" content=\"https:\/\/www.facebook.com\/morarmais\" \/>\n<meta property=\"article:published_time\" content=\"2022-02-02T14:35:06+00:00\" \/>\n<meta property=\"article:modified_time\" content=\"2022-02-03T17:18:26+00:00\" \/>\n<meta property=\"og:image\" content=\"https:\/\/morarmais.com.br\/mms\/wp-content\/uploads\/2022\/02\/Capas-Blog-2022.png\" \/>\n\t<meta property=\"og:image:width\" content=\"852\" \/>\n\t<meta property=\"og:image:height\" content=\"563\" \/>\n\t<meta property=\"og:image:type\" content=\"image\/png\" \/>\n<meta name=\"author\" content=\"Ale Devecchi\" \/>\n<meta name=\"twitter:card\" content=\"summary_large_image\" \/>\n<meta name=\"twitter:label1\" content=\"Escrito por\" \/>\n\t<meta name=\"twitter:data1\" content=\"Ale Devecchi\" \/>\n\t<meta name=\"twitter:label2\" content=\"Est. tempo de leitura\" \/>\n\t<meta name=\"twitter:data2\" content=\"14 minutos\" \/>\n<script type=\"application\/ld+json\" class=\"yoast-schema-graph\">{\"@context\":\"https:\/\/schema.org\",\"@graph\":[{\"@type\":\"Article\",\"@id\":\"https:\/\/morarmais.com.br\/mms\/os-queridinhos-do-morar-mais-2021-premio-morar-mais\/#article\",\"isPartOf\":{\"@id\":\"https:\/\/morarmais.com.br\/mms\/os-queridinhos-do-morar-mais-2021-premio-morar-mais\/\"},\"author\":{\"name\":\"Ale Devecchi\",\"@id\":\"https:\/\/morarmais.com.br\/mms\/#\/schema\/person\/67dda048cb1edaf0c66d3a7787857c2a\"},\"headline\":\"Os &#8220;Queridinhos&#8221; do Morar Mais 2021\",\"datePublished\":\"2022-02-02T14:35:06+00:00\",\"dateModified\":\"2022-02-03T17:18:26+00:00\",\"mainEntityOfPage\":{\"@id\":\"https:\/\/morarmais.com.br\/mms\/os-queridinhos-do-morar-mais-2021-premio-morar-mais\/\"},\"wordCount\":1502,\"commentCount\":0,\"publisher\":{\"@id\":\"https:\/\/morarmais.com.br\/mms\/#organization\"},\"image\":{\"@id\":\"https:\/\/morarmais.com.br\/mms\/os-queridinhos-do-morar-mais-2021-premio-morar-mais\/#primaryimage\"},\"thumbnailUrl\":\"https:\/\/morarmais.com.br\/mms\/wp-content\/uploads\/2022\/02\/Capas-Blog-2022.png\",\"keywords\":[\"Arquitetura\",\"Brasilidade\",\"Comercial\",\"customiza\u00e7\u00e3o\",\"Decora\u00e7\u00e3o\",\"Designers de interiores\",\"fa\u00e7a voc\u00ea mesmo\",\"Gera\u00e7\u00e3o de Neg\u00f3cios\",\"Inclus\u00e3o Social\",\"inova\u00e7\u00e3o\",\"Mais por menos\",\"Morar Mais\",\"Morar Mais por menos\",\"sustentabilidade\",\"Tecnologia\",\"Vendas\"],\"articleSection\":[\"Blog\",\"Fa\u00e7a Voc\u00ea Mesmo\",\"Home\",\"Um mundo Sustent\u00e1vel\",\"Uncategorized\",\"Viciados em Design\"],\"inLanguage\":\"pt-BR\",\"potentialAction\":[{\"@type\":\"CommentAction\",\"name\":\"Comment\",\"target\":[\"https:\/\/morarmais.com.br\/mms\/os-queridinhos-do-morar-mais-2021-premio-morar-mais\/#respond\"]}]},{\"@type\":\"WebPage\",\"@id\":\"https:\/\/morarmais.com.br\/mms\/os-queridinhos-do-morar-mais-2021-premio-morar-mais\/\",\"url\":\"https:\/\/morarmais.com.br\/mms\/os-queridinhos-do-morar-mais-2021-premio-morar-mais\/\",\"name\":\"Os \\\"Queridinhos\\\" do Morar Mais 2021 - Morar mais\",\"isPartOf\":{\"@id\":\"https:\/\/morarmais.com.br\/mms\/#website\"},\"primaryImageOfPage\":{\"@id\":\"https:\/\/morarmais.com.br\/mms\/os-queridinhos-do-morar-mais-2021-premio-morar-mais\/#primaryimage\"},\"image\":{\"@id\":\"https:\/\/morarmais.com.br\/mms\/os-queridinhos-do-morar-mais-2021-premio-morar-mais\/#primaryimage\"},\"thumbnailUrl\":\"https:\/\/morarmais.com.br\/mms\/wp-content\/uploads\/2022\/02\/Capas-Blog-2022.png\",\"datePublished\":\"2022-02-02T14:35:06+00:00\",\"dateModified\":\"2022-02-03T17:18:26+00:00\",\"description\":\"Atrav\u00e9s do Premio Morar Mais valorizamos a criatividade dos profissionais que melhor traduzem os conceitos do evento.\",\"breadcrumb\":{\"@id\":\"https:\/\/morarmais.com.br\/mms\/os-queridinhos-do-morar-mais-2021-premio-morar-mais\/#breadcrumb\"},\"inLanguage\":\"pt-BR\",\"potentialAction\":[{\"@type\":\"ReadAction\",\"target\":[\"https:\/\/morarmais.com.br\/mms\/os-queridinhos-do-morar-mais-2021-premio-morar-mais\/\"]}]},{\"@type\":\"ImageObject\",\"inLanguage\":\"pt-BR\",\"@id\":\"https:\/\/morarmais.com.br\/mms\/os-queridinhos-do-morar-mais-2021-premio-morar-mais\/#primaryimage\",\"url\":\"https:\/\/morarmais.com.br\/mms\/wp-content\/uploads\/2022\/02\/Capas-Blog-2022.png\",\"contentUrl\":\"https:\/\/morarmais.com.br\/mms\/wp-content\/uploads\/2022\/02\/Capas-Blog-2022.png\",\"width\":852,\"height\":563},{\"@type\":\"BreadcrumbList\",\"@id\":\"https:\/\/morarmais.com.br\/mms\/os-queridinhos-do-morar-mais-2021-premio-morar-mais\/#breadcrumb\",\"itemListElement\":[{\"@type\":\"ListItem\",\"position\":1,\"name\":\"In\u00edcio\",\"item\":\"https:\/\/morarmais.com.br\/mms\/\"},{\"@type\":\"ListItem\",\"position\":2,\"name\":\"Os &#8220;Queridinhos&#8221; do Morar Mais 2021\"}]},{\"@type\":\"WebSite\",\"@id\":\"https:\/\/morarmais.com.br\/mms\/#website\",\"url\":\"https:\/\/morarmais.com.br\/mms\/\",\"name\":\"Morar mais\",\"description\":\"O Chique que cabe no bolso\",\"publisher\":{\"@id\":\"https:\/\/morarmais.com.br\/mms\/#organization\"},\"potentialAction\":[{\"@type\":\"SearchAction\",\"target\":{\"@type\":\"EntryPoint\",\"urlTemplate\":\"https:\/\/morarmais.com.br\/mms\/?s={search_term_string}\"},\"query-input\":{\"@type\":\"PropertyValueSpecification\",\"valueRequired\":true,\"valueName\":\"search_term_string\"}}],\"inLanguage\":\"pt-BR\"},{\"@type\":\"Organization\",\"@id\":\"https:\/\/morarmais.com.br\/mms\/#organization\",\"name\":\"Morar mais\",\"url\":\"https:\/\/morarmais.com.br\/mms\/\",\"logo\":{\"@type\":\"ImageObject\",\"inLanguage\":\"pt-BR\",\"@id\":\"https:\/\/morarmais.com.br\/mms\/#\/schema\/logo\/image\/\",\"url\":\"https:\/\/morarmais.com.br\/mms\/wp-content\/uploads\/2019\/04\/cropped-logo-morar-mais-2-1-e1688661143585.png\",\"contentUrl\":\"https:\/\/morarmais.com.br\/mms\/wp-content\/uploads\/2019\/04\/cropped-logo-morar-mais-2-1-e1688661143585.png\",\"width\":130,\"height\":100,\"caption\":\"Morar mais\"},\"image\":{\"@id\":\"https:\/\/morarmais.com.br\/mms\/#\/schema\/logo\/image\/\"},\"sameAs\":[\"https:\/\/www.facebook.com\/morarmais\",\"https:\/\/www.instagram.com\/morarmaispormenos\",\"https:\/\/br.pinterest.com\/morarmais\/\"]},{\"@type\":\"Person\",\"@id\":\"https:\/\/morarmais.com.br\/mms\/#\/schema\/person\/67dda048cb1edaf0c66d3a7787857c2a\",\"name\":\"Ale Devecchi\",\"image\":{\"@type\":\"ImageObject\",\"inLanguage\":\"pt-BR\",\"@id\":\"https:\/\/morarmais.com.br\/mms\/#\/schema\/person\/image\/\",\"url\":\"https:\/\/secure.gravatar.com\/avatar\/194f7a41b78fc7f5fcbf2fb567b600b5?s=96&d=mm&r=g\",\"contentUrl\":\"https:\/\/secure.gravatar.com\/avatar\/194f7a41b78fc7f5fcbf2fb567b600b5?s=96&d=mm&r=g\",\"caption\":\"Ale Devecchi\"},\"url\":\"https:\/\/morarmais.com.br\/mms\/author\/marketing-mais\/\"}]}<\/script>\n<!-- \/ Yoast SEO plugin. -->","yoast_head_json":{"title":"Os \"Queridinhos\" do Morar Mais 2021 - Morar mais","description":"Atrav\u00e9s do Premio Morar Mais valorizamos a criatividade dos profissionais que melhor traduzem os conceitos do evento.","robots":{"index":"index","follow":"follow","max-snippet":"max-snippet:-1","max-image-preview":"max-image-preview:large","max-video-preview":"max-video-preview:-1"},"canonical":"https:\/\/morarmais.com.br\/mms\/os-queridinhos-do-morar-mais-2021-premio-morar-mais\/","og_locale":"pt_BR","og_type":"article","og_title":"Os \"Queridinhos\" do Morar Mais 2021 - Morar mais","og_description":"Atrav\u00e9s do Premio Morar Mais valorizamos a criatividade dos profissionais que melhor traduzem os conceitos do evento.","og_url":"https:\/\/morarmais.com.br\/mms\/os-queridinhos-do-morar-mais-2021-premio-morar-mais\/","og_site_name":"Morar mais","article_publisher":"https:\/\/www.facebook.com\/morarmais","article_published_time":"2022-02-02T14:35:06+00:00","article_modified_time":"2022-02-03T17:18:26+00:00","og_image":[{"width":852,"height":563,"url":"https:\/\/morarmais.com.br\/mms\/wp-content\/uploads\/2022\/02\/Capas-Blog-2022.png","type":"image\/png"}],"author":"Ale Devecchi","twitter_card":"summary_large_image","twitter_misc":{"Escrito por":"Ale Devecchi","Est. tempo de leitura":"14 minutos"},"schema":{"@context":"https:\/\/schema.org","@graph":[{"@type":"Article","@id":"https:\/\/morarmais.com.br\/mms\/os-queridinhos-do-morar-mais-2021-premio-morar-mais\/#article","isPartOf":{"@id":"https:\/\/morarmais.com.br\/mms\/os-queridinhos-do-morar-mais-2021-premio-morar-mais\/"},"author":{"name":"Ale Devecchi","@id":"https:\/\/morarmais.com.br\/mms\/#\/schema\/person\/67dda048cb1edaf0c66d3a7787857c2a"},"headline":"Os &#8220;Queridinhos&#8221; do Morar Mais 2021","datePublished":"2022-02-02T14:35:06+00:00","dateModified":"2022-02-03T17:18:26+00:00","mainEntityOfPage":{"@id":"https:\/\/morarmais.com.br\/mms\/os-queridinhos-do-morar-mais-2021-premio-morar-mais\/"},"wordCount":1502,"commentCount":0,"publisher":{"@id":"https:\/\/morarmais.com.br\/mms\/#organization"},"image":{"@id":"https:\/\/morarmais.com.br\/mms\/os-queridinhos-do-morar-mais-2021-premio-morar-mais\/#primaryimage"},"thumbnailUrl":"https:\/\/morarmais.com.br\/mms\/wp-content\/uploads\/2022\/02\/Capas-Blog-2022.png","keywords":["Arquitetura","Brasilidade","Comercial","customiza\u00e7\u00e3o","Decora\u00e7\u00e3o","Designers de interiores","fa\u00e7a voc\u00ea mesmo","Gera\u00e7\u00e3o de Neg\u00f3cios","Inclus\u00e3o Social","inova\u00e7\u00e3o","Mais por menos","Morar Mais","Morar Mais por menos","sustentabilidade","Tecnologia","Vendas"],"articleSection":["Blog","Fa\u00e7a Voc\u00ea Mesmo","Home","Um mundo Sustent\u00e1vel","Uncategorized","Viciados em Design"],"inLanguage":"pt-BR","potentialAction":[{"@type":"CommentAction","name":"Comment","target":["https:\/\/morarmais.com.br\/mms\/os-queridinhos-do-morar-mais-2021-premio-morar-mais\/#respond"]}]},{"@type":"WebPage","@id":"https:\/\/morarmais.com.br\/mms\/os-queridinhos-do-morar-mais-2021-premio-morar-mais\/","url":"https:\/\/morarmais.com.br\/mms\/os-queridinhos-do-morar-mais-2021-premio-morar-mais\/","name":"Os \"Queridinhos\" do Morar Mais 2021 - Morar mais","isPartOf":{"@id":"https:\/\/morarmais.com.br\/mms\/#website"},"primaryImageOfPage":{"@id":"https:\/\/morarmais.com.br\/mms\/os-queridinhos-do-morar-mais-2021-premio-morar-mais\/#primaryimage"},"image":{"@id":"https:\/\/morarmais.com.br\/mms\/os-queridinhos-do-morar-mais-2021-premio-morar-mais\/#primaryimage"},"thumbnailUrl":"https:\/\/morarmais.com.br\/mms\/wp-content\/uploads\/2022\/02\/Capas-Blog-2022.png","datePublished":"2022-02-02T14:35:06+00:00","dateModified":"2022-02-03T17:18:26+00:00","description":"Atrav\u00e9s do Premio Morar Mais valorizamos a criatividade dos profissionais que melhor traduzem os conceitos do evento.","breadcrumb":{"@id":"https:\/\/morarmais.com.br\/mms\/os-queridinhos-do-morar-mais-2021-premio-morar-mais\/#breadcrumb"},"inLanguage":"pt-BR","potentialAction":[{"@type":"ReadAction","target":["https:\/\/morarmais.com.br\/mms\/os-queridinhos-do-morar-mais-2021-premio-morar-mais\/"]}]},{"@type":"ImageObject","inLanguage":"pt-BR","@id":"https:\/\/morarmais.com.br\/mms\/os-queridinhos-do-morar-mais-2021-premio-morar-mais\/#primaryimage","url":"https:\/\/morarmais.com.br\/mms\/wp-content\/uploads\/2022\/02\/Capas-Blog-2022.png","contentUrl":"https:\/\/morarmais.com.br\/mms\/wp-content\/uploads\/2022\/02\/Capas-Blog-2022.png","width":852,"height":563},{"@type":"BreadcrumbList","@id":"https:\/\/morarmais.com.br\/mms\/os-queridinhos-do-morar-mais-2021-premio-morar-mais\/#breadcrumb","itemListElement":[{"@type":"ListItem","position":1,"name":"In\u00edcio","item":"https:\/\/morarmais.com.br\/mms\/"},{"@type":"ListItem","position":2,"name":"Os &#8220;Queridinhos&#8221; do Morar Mais 2021"}]},{"@type":"WebSite","@id":"https:\/\/morarmais.com.br\/mms\/#website","url":"https:\/\/morarmais.com.br\/mms\/","name":"Morar mais","description":"O Chique que cabe no bolso","publisher":{"@id":"https:\/\/morarmais.com.br\/mms\/#organization"},"potentialAction":[{"@type":"SearchAction","target":{"@type":"EntryPoint","urlTemplate":"https:\/\/morarmais.com.br\/mms\/?s={search_term_string}"},"query-input":{"@type":"PropertyValueSpecification","valueRequired":true,"valueName":"search_term_string"}}],"inLanguage":"pt-BR"},{"@type":"Organization","@id":"https:\/\/morarmais.com.br\/mms\/#organization","name":"Morar mais","url":"https:\/\/morarmais.com.br\/mms\/","logo":{"@type":"ImageObject","inLanguage":"pt-BR","@id":"https:\/\/morarmais.com.br\/mms\/#\/schema\/logo\/image\/","url":"https:\/\/morarmais.com.br\/mms\/wp-content\/uploads\/2019\/04\/cropped-logo-morar-mais-2-1-e1688661143585.png","contentUrl":"https:\/\/morarmais.com.br\/mms\/wp-content\/uploads\/2019\/04\/cropped-logo-morar-mais-2-1-e1688661143585.png","width":130,"height":100,"caption":"Morar mais"},"image":{"@id":"https:\/\/morarmais.com.br\/mms\/#\/schema\/logo\/image\/"},"sameAs":["https:\/\/www.facebook.com\/morarmais","https:\/\/www.instagram.com\/morarmaispormenos","https:\/\/br.pinterest.com\/morarmais\/"]},{"@type":"Person","@id":"https:\/\/morarmais.com.br\/mms\/#\/schema\/person\/67dda048cb1edaf0c66d3a7787857c2a","name":"Ale Devecchi","image":{"@type":"ImageObject","inLanguage":"pt-BR","@id":"https:\/\/morarmais.com.br\/mms\/#\/schema\/person\/image\/","url":"https:\/\/secure.gravatar.com\/avatar\/194f7a41b78fc7f5fcbf2fb567b600b5?s=96&d=mm&r=g","contentUrl":"https:\/\/secure.gravatar.com\/avatar\/194f7a41b78fc7f5fcbf2fb567b600b5?s=96&d=mm&r=g","caption":"Ale Devecchi"},"url":"https:\/\/morarmais.com.br\/mms\/author\/marketing-mais\/"}]}},"_links":{"self":[{"href":"https:\/\/morarmais.com.br\/mms\/wp-json\/wp\/v2\/posts\/7959"}],"collection":[{"href":"https:\/\/morarmais.com.br\/mms\/wp-json\/wp\/v2\/posts"}],"about":[{"href":"https:\/\/morarmais.com.br\/mms\/wp-json\/wp\/v2\/types\/post"}],"author":[{"embeddable":true,"href":"https:\/\/morarmais.com.br\/mms\/wp-json\/wp\/v2\/users\/6"}],"replies":[{"embeddable":true,"href":"https:\/\/morarmais.com.br\/mms\/wp-json\/wp\/v2\/comments?post=7959"}],"version-history":[{"count":0,"href":"https:\/\/morarmais.com.br\/mms\/wp-json\/wp\/v2\/posts\/7959\/revisions"}],"wp:featuredmedia":[{"embeddable":true,"href":"https:\/\/morarmais.com.br\/mms\/wp-json\/wp\/v2\/media\/8042"}],"wp:attachment":[{"href":"https:\/\/morarmais.com.br\/mms\/wp-json\/wp\/v2\/media?parent=7959"}],"wp:term":[{"taxonomy":"category","embeddable":true,"href":"https:\/\/morarmais.com.br\/mms\/wp-json\/wp\/v2\/categories?post=7959"},{"taxonomy":"post_tag","embeddable":true,"href":"https:\/\/morarmais.com.br\/mms\/wp-json\/wp\/v2\/tags?post=7959"}],"curies":[{"name":"wp","href":"https:\/\/api.w.org\/{rel}","templated":true}]}}