{"id":654,"date":"2016-07-08T22:09:33","date_gmt":"2016-07-08T22:09:33","guid":{"rendered":"http:\/\/www.morarmais.com.br\/blog\/?p=654"},"modified":"2016-07-08T22:09:33","modified_gmt":"2016-07-08T22:09:33","slug":"mais-por-menos-2","status":"publish","type":"post","link":"https:\/\/morarmais.com.br\/mms\/mais-por-menos-2\/","title":{"rendered":"Mais por menos"},"content":{"rendered":"<p><a href=\"http:\/\/www.morarmais.com.br\/blog\/wp-content\/uploads\/2016\/07\/morar_mais_capa.jpg\"><img fetchpriority=\"high\" decoding=\"async\" class=\"alignnone size-full wp-image-657\" src=\"http:\/\/www.morarmais.com.br\/blog\/wp-content\/uploads\/2016\/07\/morar_mais_capa.jpg\" alt=\"morar_mais_capa\" width=\"850\" height=\"562\" srcset=\"https:\/\/morarmais.com.br\/mms\/wp-content\/uploads\/2016\/07\/morar_mais_capa.jpg 850w, https:\/\/morarmais.com.br\/mms\/wp-content\/uploads\/2016\/07\/morar_mais_capa-300x198.jpg 300w, https:\/\/morarmais.com.br\/mms\/wp-content\/uploads\/2016\/07\/morar_mais_capa-768x508.jpg 768w, https:\/\/morarmais.com.br\/mms\/wp-content\/uploads\/2016\/07\/morar_mais_capa-500x331.jpg 500w\" sizes=\"(max-width: 850px) 100vw, 850px\" \/><\/a><br \/>\nQuer deixar a casa chiqu\u00e9rrima?\u00a0Os espelhos est\u00e3o com tudo: em molduras barroqu\u00edssimas\u00a0ou absolutamente despojados, eles refletem a personalidade do morador.\u00a0\u00c9 claro, que o uso dos espelhos\u00a0envolve a quest\u00e3o do estilo, mas\u00a0o adorno tem uma vantagem essencial que \u00e9 a amplia\u00e7\u00e3o dos espa\u00e7os. Al\u00e9m disso ele cria profundidade e replica a luz.<br \/>\n\u00c9, ou n\u00e3o \u00e9 um\u00a0objeto m\u00e1gico?<br \/>\n<em>MORAR MAIS CAMPO GRANDE, BANHEIRO MASCULINO ALVORADA, LET\u00cdCIA ROCHA<br \/>\nParceiros\u00a0Revestimentos, Cuba e metal &#8211; Alvorada Materiais de Constru\u00e7\u00e3o | Espelho, Amor Arte Molduras e Quadros | Planta, Pantanal Garden Center<\/em><br \/>\n<span style=\"font-size: 14pt;\"><strong>Barroco e muuuiiito moderno?<br \/>\n<\/strong><\/span>Tem um truque para criar um resultado bem atual que \u00e9 misturar o\u00a0antigo, bem rebuscado com materiais crus, como o cimento e tijolos aparentes. A combina\u00e7\u00e3o provoca um clima bem arrojado e delirantemente chique.<br \/>\n<a href=\"http:\/\/www.morarmais.com.br\/blog\/wp-content\/uploads\/2016\/07\/morar_mais_barroco.jpg\"><img decoding=\"async\" class=\"alignnone size-full wp-image-656\" src=\"http:\/\/www.morarmais.com.br\/blog\/wp-content\/uploads\/2016\/07\/morar_mais_barroco.jpg\" alt=\"morar_mais_barroco\" width=\"763\" height=\"504\" srcset=\"https:\/\/morarmais.com.br\/mms\/wp-content\/uploads\/2016\/07\/morar_mais_barroco.jpg 763w, https:\/\/morarmais.com.br\/mms\/wp-content\/uploads\/2016\/07\/morar_mais_barroco-300x198.jpg 300w, https:\/\/morarmais.com.br\/mms\/wp-content\/uploads\/2016\/07\/morar_mais_barroco-500x330.jpg 500w\" sizes=\"(max-width: 763px) 100vw, 763px\" \/><\/a><br \/>\nA ousadia dos contrastes \u00e9 a alma do BOHO, que traz o ecletismo de v\u00e1rias tend\u00eancias numa releitura urbana. Para quem n\u00e3o sabe, a sigla\u00a0BOHO\u00a0\u00e9 origin\u00e1ria de BOHEMIAN+SOHO, ou seja, \u00e9 uma mistura de boemia com o nome do bairro novaiorquino, que abriga artistas e a galera alternativa. Da\u00ed, fica f\u00e1cil perceber\u00a0o ar absolutamente cosmopolita do visual.<br \/>\n<em>MORAR MAIS RIO DE JANEIRO, ESTAR TOKSTOK, VERONICA FRAGA<br \/>\nParceiros:\u00a0Papel de Parede, By Floor | M\u00f3veis e adornos Tok&amp;Stok\u00a0<\/em><br \/>\n<span style=\"font-size: 14pt;\"><strong>Refletindo a geometria<br \/>\n<\/strong><\/span>Uma das coisas mais bacanas na decora\u00e7\u00e3o \u00e9 que existe espa\u00e7o para a diferen\u00e7a. Se a sua levada \u00e9 mais &#8220;clean&#8221; voc\u00ea pode se inspirar nos ambientes abaixo.<br \/>\n<a href=\"http:\/\/www.morarmais.com.br\/blog\/wp-content\/uploads\/2016\/07\/morar_mais_geometricos.jpg\"><img decoding=\"async\" class=\"alignnone size-full wp-image-658\" src=\"http:\/\/www.morarmais.com.br\/blog\/wp-content\/uploads\/2016\/07\/morar_mais_geometricos.jpg\" alt=\"morar_mais_geometricos\" width=\"763\" height=\"504\" srcset=\"https:\/\/morarmais.com.br\/mms\/wp-content\/uploads\/2016\/07\/morar_mais_geometricos.jpg 763w, https:\/\/morarmais.com.br\/mms\/wp-content\/uploads\/2016\/07\/morar_mais_geometricos-300x198.jpg 300w, https:\/\/morarmais.com.br\/mms\/wp-content\/uploads\/2016\/07\/morar_mais_geometricos-500x330.jpg 500w\" sizes=\"(max-width: 763px) 100vw, 763px\" \/><\/a><br \/>\nAqui, s\u00e3o 2 propostas bem contempor\u00e2neas para o uso dos espelhos. Nos banheiros os cortes retos com aplica\u00e7\u00e3o com afastamento, sem colar nas paredes, d\u00e3o essa sensa\u00e7\u00e3o de leveza. O uso da ilumina\u00e7\u00e3o por tr\u00e1s do espelho, faz com que ele flutue numa concep\u00e7\u00e3o de elegante modernidade. Para a sala de jantar (sim, n\u00e3o \u00e9 s\u00f3 nos banheiros que os espelhos s\u00e3o destaque) ele ganhou moldura de madeira clara em linhas retas. Apoiado diretamente no piso, o espelho de propor\u00e7\u00f5es generosas, capta a luz da janela e devolve a luminosidade para o ambiente. Lindo jogo de ampliar e iluminar o ambiente!<br \/>\n<em>MORAR MAIS BELO HORIZONTE, BANHO DA MO\u00c7A, MARCO DIAS REIS<br \/>\n<\/em><em>Parceiros:\u00a0Metais, Lorenzetti | Bancada de M\u00e1rmore, A3 M\u00e1rmores e Granitos<\/em><br \/>\n<em>MORAR MAIS VIT\u00d3RIA, BANHEIROS P\u00daBLICOS, LET\u00cdCIA BORGES E LORENNA BORGES<\/em><br \/>\n<em>MORAR MAIS RIO DE JANEIRO, SALA DE JANTAR, LUIZ CL\u00c1UDIO LEAL<br \/>\n<\/em><em style=\"line-height: 1.5;\">Parceiros:\u00a0Aparador, Breton | Cortina, Soul Arte Interiores | Adornos, Rosa Kochen<\/em><br \/>\n<span style=\"font-size: 14pt;\"><strong>As ideias est\u00e3o soltas no ar&#8230;<br \/>\n<\/strong><\/span>A gente adora investigar as novidades mundo afora, para no final constatar, que estamos todos conectados.<br \/>\nMontamos um painel para voc\u00ea se inspirar com v\u00e1rias ideias que selecionamos. A primeira foto \u00e9 do Morar Mais, claro!<br \/>\n<a href=\"http:\/\/www.morarmais.com.br\/blog\/wp-content\/uploads\/2016\/07\/morar_mais_pelo_mundo2.jpg\"><img loading=\"lazy\" decoding=\"async\" class=\"alignnone size-full wp-image-668\" src=\"http:\/\/www.morarmais.com.br\/blog\/wp-content\/uploads\/2016\/07\/morar_mais_pelo_mundo2.jpg\" alt=\"morar_mais_pelo_mundo2\" width=\"788\" height=\"926\" srcset=\"https:\/\/morarmais.com.br\/mms\/wp-content\/uploads\/2016\/07\/morar_mais_pelo_mundo2.jpg 788w, https:\/\/morarmais.com.br\/mms\/wp-content\/uploads\/2016\/07\/morar_mais_pelo_mundo2-255x300.jpg 255w, https:\/\/morarmais.com.br\/mms\/wp-content\/uploads\/2016\/07\/morar_mais_pelo_mundo2-768x902.jpg 768w, https:\/\/morarmais.com.br\/mms\/wp-content\/uploads\/2016\/07\/morar_mais_pelo_mundo2-500x588.jpg 500w\" sizes=\"(max-width: 788px) 100vw, 788px\" \/><\/a><br \/>\n&nbsp;<br \/>\n&nbsp;<br \/>\n&nbsp;<br \/>\n&nbsp;<br \/>\n&nbsp;<\/p>\n","protected":false},"excerpt":{"rendered":"<p>Quer deixar a casa chiqu\u00e9rrima?\u00a0Os espelhos est\u00e3o com tudo: em molduras barroqu\u00edssimas\u00a0ou absolutamente despojados, eles refletem a personalidade do morador.\u00a0\u00c9 claro, que o uso dos espelhos\u00a0envolve a quest\u00e3o do estilo, mas\u00a0o adorno tem uma vantagem essencial que \u00e9 a amplia\u00e7\u00e3o dos espa\u00e7os. Al\u00e9m disso ele cria profundidade e replica a luz. \u00c9, ou n\u00e3o \u00e9&hellip;&nbsp;<a href=\"https:\/\/morarmais.com.br\/mms\/mais-por-menos-2\/\" rel=\"bookmark\">Continue a ler &raquo;<span class=\"screen-reader-text\">Mais por menos<\/span><\/a><\/p>\n","protected":false},"author":3,"featured_media":657,"comment_status":"open","ping_status":"open","sticky":false,"template":"","format":"standard","meta":{"_eb_attr":"","editor_plus_copied_stylings":"{}","neve_meta_sidebar":"","neve_meta_container":"","neve_meta_enable_content_width":"","neve_meta_content_width":0,"neve_meta_title_alignment":"","neve_meta_author_avatar":"","neve_post_elements_order":"","neve_meta_disable_header":"","neve_meta_disable_footer":"","neve_meta_disable_title":"","_themeisle_gutenberg_block_has_review":false,"_vp_format_video_url":"","_vp_image_focal_point":[],"footnotes":""},"categories":[26],"tags":[],"class_list":["post-654","post","type-post","status-publish","format-standard","has-post-thumbnail","hentry","category-mais-por-menos"],"yoast_head":"<!-- This site is optimized with the Yoast SEO plugin v25.6 - https:\/\/yoast.com\/wordpress\/plugins\/seo\/ -->\n<title>Mais por menos - Morar mais<\/title>\n<meta name=\"robots\" content=\"index, follow, max-snippet:-1, max-image-preview:large, max-video-preview:-1\" \/>\n<link rel=\"canonical\" href=\"https:\/\/morarmais.com.br\/mms\/mais-por-menos-2\/\" \/>\n<meta property=\"og:locale\" content=\"pt_BR\" \/>\n<meta property=\"og:type\" content=\"article\" \/>\n<meta property=\"og:title\" content=\"Mais por menos - Morar mais\" \/>\n<meta property=\"og:description\" content=\"Quer deixar a casa chiqu\u00e9rrima?\u00a0Os espelhos est\u00e3o com tudo: em molduras barroqu\u00edssimas\u00a0ou absolutamente despojados, eles refletem a personalidade do morador.\u00a0\u00c9 claro, que o uso dos espelhos\u00a0envolve a quest\u00e3o do estilo, mas\u00a0o adorno tem uma vantagem essencial que \u00e9 a amplia\u00e7\u00e3o dos espa\u00e7os. Al\u00e9m disso ele cria profundidade e replica a luz. \u00c9, ou n\u00e3o \u00e9&hellip;&nbsp;Continue a ler &raquo;Mais por menos\" \/>\n<meta property=\"og:url\" content=\"https:\/\/morarmais.com.br\/mms\/mais-por-menos-2\/\" \/>\n<meta property=\"og:site_name\" content=\"Morar mais\" \/>\n<meta property=\"article:publisher\" content=\"https:\/\/www.facebook.com\/morarmais\" \/>\n<meta property=\"article:published_time\" content=\"2016-07-08T22:09:33+00:00\" \/>\n<meta property=\"og:image\" content=\"https:\/\/i2.wp.com\/morarmais.com.br\/mms\/wp-content\/uploads\/2016\/07\/morar_mais_capa.jpg?fit=850%2C562&ssl=1\" \/>\n\t<meta property=\"og:image:width\" content=\"850\" \/>\n\t<meta property=\"og:image:height\" content=\"562\" \/>\n\t<meta property=\"og:image:type\" content=\"image\/jpeg\" \/>\n<meta name=\"author\" content=\"premiata\" \/>\n<meta name=\"twitter:card\" content=\"summary_large_image\" \/>\n<meta name=\"twitter:label1\" content=\"Escrito por\" \/>\n\t<meta name=\"twitter:data1\" content=\"premiata\" \/>\n\t<meta name=\"twitter:label2\" content=\"Est. tempo de leitura\" \/>\n\t<meta name=\"twitter:data2\" content=\"2 minutos\" \/>\n<script type=\"application\/ld+json\" class=\"yoast-schema-graph\">{\"@context\":\"https:\/\/schema.org\",\"@graph\":[{\"@type\":\"Article\",\"@id\":\"https:\/\/morarmais.com.br\/mms\/mais-por-menos-2\/#article\",\"isPartOf\":{\"@id\":\"https:\/\/morarmais.com.br\/mms\/mais-por-menos-2\/\"},\"author\":{\"name\":\"premiata\",\"@id\":\"https:\/\/morarmais.com.br\/mms\/#\/schema\/person\/2b6eaad3f24c852077a8e21da2395a85\"},\"headline\":\"Mais por menos\",\"datePublished\":\"2016-07-08T22:09:33+00:00\",\"mainEntityOfPage\":{\"@id\":\"https:\/\/morarmais.com.br\/mms\/mais-por-menos-2\/\"},\"wordCount\":474,\"commentCount\":0,\"publisher\":{\"@id\":\"https:\/\/morarmais.com.br\/mms\/#organization\"},\"image\":{\"@id\":\"https:\/\/morarmais.com.br\/mms\/mais-por-menos-2\/#primaryimage\"},\"thumbnailUrl\":\"https:\/\/morarmais.com.br\/mms\/wp-content\/uploads\/2016\/07\/morar_mais_capa.jpg\",\"articleSection\":[\"Mais por Menos\"],\"inLanguage\":\"pt-BR\",\"potentialAction\":[{\"@type\":\"CommentAction\",\"name\":\"Comment\",\"target\":[\"https:\/\/morarmais.com.br\/mms\/mais-por-menos-2\/#respond\"]}]},{\"@type\":\"WebPage\",\"@id\":\"https:\/\/morarmais.com.br\/mms\/mais-por-menos-2\/\",\"url\":\"https:\/\/morarmais.com.br\/mms\/mais-por-menos-2\/\",\"name\":\"Mais por menos - Morar mais\",\"isPartOf\":{\"@id\":\"https:\/\/morarmais.com.br\/mms\/#website\"},\"primaryImageOfPage\":{\"@id\":\"https:\/\/morarmais.com.br\/mms\/mais-por-menos-2\/#primaryimage\"},\"image\":{\"@id\":\"https:\/\/morarmais.com.br\/mms\/mais-por-menos-2\/#primaryimage\"},\"thumbnailUrl\":\"https:\/\/morarmais.com.br\/mms\/wp-content\/uploads\/2016\/07\/morar_mais_capa.jpg\",\"datePublished\":\"2016-07-08T22:09:33+00:00\",\"breadcrumb\":{\"@id\":\"https:\/\/morarmais.com.br\/mms\/mais-por-menos-2\/#breadcrumb\"},\"inLanguage\":\"pt-BR\",\"potentialAction\":[{\"@type\":\"ReadAction\",\"target\":[\"https:\/\/morarmais.com.br\/mms\/mais-por-menos-2\/\"]}]},{\"@type\":\"ImageObject\",\"inLanguage\":\"pt-BR\",\"@id\":\"https:\/\/morarmais.com.br\/mms\/mais-por-menos-2\/#primaryimage\",\"url\":\"https:\/\/morarmais.com.br\/mms\/wp-content\/uploads\/2016\/07\/morar_mais_capa.jpg\",\"contentUrl\":\"https:\/\/morarmais.com.br\/mms\/wp-content\/uploads\/2016\/07\/morar_mais_capa.jpg\",\"width\":850,\"height\":562},{\"@type\":\"BreadcrumbList\",\"@id\":\"https:\/\/morarmais.com.br\/mms\/mais-por-menos-2\/#breadcrumb\",\"itemListElement\":[{\"@type\":\"ListItem\",\"position\":1,\"name\":\"In\u00edcio\",\"item\":\"https:\/\/morarmais.com.br\/mms\/\"},{\"@type\":\"ListItem\",\"position\":2,\"name\":\"Mais por menos\"}]},{\"@type\":\"WebSite\",\"@id\":\"https:\/\/morarmais.com.br\/mms\/#website\",\"url\":\"https:\/\/morarmais.com.br\/mms\/\",\"name\":\"Morar mais\",\"description\":\"O Chique que cabe no bolso\",\"publisher\":{\"@id\":\"https:\/\/morarmais.com.br\/mms\/#organization\"},\"potentialAction\":[{\"@type\":\"SearchAction\",\"target\":{\"@type\":\"EntryPoint\",\"urlTemplate\":\"https:\/\/morarmais.com.br\/mms\/?s={search_term_string}\"},\"query-input\":{\"@type\":\"PropertyValueSpecification\",\"valueRequired\":true,\"valueName\":\"search_term_string\"}}],\"inLanguage\":\"pt-BR\"},{\"@type\":\"Organization\",\"@id\":\"https:\/\/morarmais.com.br\/mms\/#organization\",\"name\":\"Morar mais\",\"url\":\"https:\/\/morarmais.com.br\/mms\/\",\"logo\":{\"@type\":\"ImageObject\",\"inLanguage\":\"pt-BR\",\"@id\":\"https:\/\/morarmais.com.br\/mms\/#\/schema\/logo\/image\/\",\"url\":\"https:\/\/morarmais.com.br\/mms\/wp-content\/uploads\/2019\/04\/cropped-logo-morar-mais-2-1-e1688661143585.png\",\"contentUrl\":\"https:\/\/morarmais.com.br\/mms\/wp-content\/uploads\/2019\/04\/cropped-logo-morar-mais-2-1-e1688661143585.png\",\"width\":130,\"height\":100,\"caption\":\"Morar mais\"},\"image\":{\"@id\":\"https:\/\/morarmais.com.br\/mms\/#\/schema\/logo\/image\/\"},\"sameAs\":[\"https:\/\/www.facebook.com\/morarmais\",\"https:\/\/www.instagram.com\/morarmaispormenos\",\"https:\/\/br.pinterest.com\/morarmais\/\"]},{\"@type\":\"Person\",\"@id\":\"https:\/\/morarmais.com.br\/mms\/#\/schema\/person\/2b6eaad3f24c852077a8e21da2395a85\",\"name\":\"premiata\",\"image\":{\"@type\":\"ImageObject\",\"inLanguage\":\"pt-BR\",\"@id\":\"https:\/\/morarmais.com.br\/mms\/#\/schema\/person\/image\/\",\"url\":\"https:\/\/secure.gravatar.com\/avatar\/?s=96&d=mm&r=g\",\"contentUrl\":\"https:\/\/secure.gravatar.com\/avatar\/?s=96&d=mm&r=g\",\"caption\":\"premiata\"},\"url\":\"https:\/\/morarmais.com.br\/mms\/author\/premiata\/\"}]}<\/script>\n<!-- \/ Yoast SEO plugin. -->","yoast_head_json":{"title":"Mais por menos - Morar mais","robots":{"index":"index","follow":"follow","max-snippet":"max-snippet:-1","max-image-preview":"max-image-preview:large","max-video-preview":"max-video-preview:-1"},"canonical":"https:\/\/morarmais.com.br\/mms\/mais-por-menos-2\/","og_locale":"pt_BR","og_type":"article","og_title":"Mais por menos - Morar mais","og_description":"Quer deixar a casa chiqu\u00e9rrima?\u00a0Os espelhos est\u00e3o com tudo: em molduras barroqu\u00edssimas\u00a0ou absolutamente despojados, eles refletem a personalidade do morador.\u00a0\u00c9 claro, que o uso dos espelhos\u00a0envolve a quest\u00e3o do estilo, mas\u00a0o adorno tem uma vantagem essencial que \u00e9 a amplia\u00e7\u00e3o dos espa\u00e7os. Al\u00e9m disso ele cria profundidade e replica a luz. \u00c9, ou n\u00e3o \u00e9&hellip;&nbsp;Continue a ler &raquo;Mais por menos","og_url":"https:\/\/morarmais.com.br\/mms\/mais-por-menos-2\/","og_site_name":"Morar mais","article_publisher":"https:\/\/www.facebook.com\/morarmais","article_published_time":"2016-07-08T22:09:33+00:00","og_image":[{"width":850,"height":562,"url":"https:\/\/i2.wp.com\/morarmais.com.br\/mms\/wp-content\/uploads\/2016\/07\/morar_mais_capa.jpg?fit=850%2C562&ssl=1","type":"image\/jpeg"}],"author":"premiata","twitter_card":"summary_large_image","twitter_misc":{"Escrito por":"premiata","Est. tempo de leitura":"2 minutos"},"schema":{"@context":"https:\/\/schema.org","@graph":[{"@type":"Article","@id":"https:\/\/morarmais.com.br\/mms\/mais-por-menos-2\/#article","isPartOf":{"@id":"https:\/\/morarmais.com.br\/mms\/mais-por-menos-2\/"},"author":{"name":"premiata","@id":"https:\/\/morarmais.com.br\/mms\/#\/schema\/person\/2b6eaad3f24c852077a8e21da2395a85"},"headline":"Mais por menos","datePublished":"2016-07-08T22:09:33+00:00","mainEntityOfPage":{"@id":"https:\/\/morarmais.com.br\/mms\/mais-por-menos-2\/"},"wordCount":474,"commentCount":0,"publisher":{"@id":"https:\/\/morarmais.com.br\/mms\/#organization"},"image":{"@id":"https:\/\/morarmais.com.br\/mms\/mais-por-menos-2\/#primaryimage"},"thumbnailUrl":"https:\/\/morarmais.com.br\/mms\/wp-content\/uploads\/2016\/07\/morar_mais_capa.jpg","articleSection":["Mais por Menos"],"inLanguage":"pt-BR","potentialAction":[{"@type":"CommentAction","name":"Comment","target":["https:\/\/morarmais.com.br\/mms\/mais-por-menos-2\/#respond"]}]},{"@type":"WebPage","@id":"https:\/\/morarmais.com.br\/mms\/mais-por-menos-2\/","url":"https:\/\/morarmais.com.br\/mms\/mais-por-menos-2\/","name":"Mais por menos - Morar mais","isPartOf":{"@id":"https:\/\/morarmais.com.br\/mms\/#website"},"primaryImageOfPage":{"@id":"https:\/\/morarmais.com.br\/mms\/mais-por-menos-2\/#primaryimage"},"image":{"@id":"https:\/\/morarmais.com.br\/mms\/mais-por-menos-2\/#primaryimage"},"thumbnailUrl":"https:\/\/morarmais.com.br\/mms\/wp-content\/uploads\/2016\/07\/morar_mais_capa.jpg","datePublished":"2016-07-08T22:09:33+00:00","breadcrumb":{"@id":"https:\/\/morarmais.com.br\/mms\/mais-por-menos-2\/#breadcrumb"},"inLanguage":"pt-BR","potentialAction":[{"@type":"ReadAction","target":["https:\/\/morarmais.com.br\/mms\/mais-por-menos-2\/"]}]},{"@type":"ImageObject","inLanguage":"pt-BR","@id":"https:\/\/morarmais.com.br\/mms\/mais-por-menos-2\/#primaryimage","url":"https:\/\/morarmais.com.br\/mms\/wp-content\/uploads\/2016\/07\/morar_mais_capa.jpg","contentUrl":"https:\/\/morarmais.com.br\/mms\/wp-content\/uploads\/2016\/07\/morar_mais_capa.jpg","width":850,"height":562},{"@type":"BreadcrumbList","@id":"https:\/\/morarmais.com.br\/mms\/mais-por-menos-2\/#breadcrumb","itemListElement":[{"@type":"ListItem","position":1,"name":"In\u00edcio","item":"https:\/\/morarmais.com.br\/mms\/"},{"@type":"ListItem","position":2,"name":"Mais por menos"}]},{"@type":"WebSite","@id":"https:\/\/morarmais.com.br\/mms\/#website","url":"https:\/\/morarmais.com.br\/mms\/","name":"Morar mais","description":"O Chique que cabe no bolso","publisher":{"@id":"https:\/\/morarmais.com.br\/mms\/#organization"},"potentialAction":[{"@type":"SearchAction","target":{"@type":"EntryPoint","urlTemplate":"https:\/\/morarmais.com.br\/mms\/?s={search_term_string}"},"query-input":{"@type":"PropertyValueSpecification","valueRequired":true,"valueName":"search_term_string"}}],"inLanguage":"pt-BR"},{"@type":"Organization","@id":"https:\/\/morarmais.com.br\/mms\/#organization","name":"Morar mais","url":"https:\/\/morarmais.com.br\/mms\/","logo":{"@type":"ImageObject","inLanguage":"pt-BR","@id":"https:\/\/morarmais.com.br\/mms\/#\/schema\/logo\/image\/","url":"https:\/\/morarmais.com.br\/mms\/wp-content\/uploads\/2019\/04\/cropped-logo-morar-mais-2-1-e1688661143585.png","contentUrl":"https:\/\/morarmais.com.br\/mms\/wp-content\/uploads\/2019\/04\/cropped-logo-morar-mais-2-1-e1688661143585.png","width":130,"height":100,"caption":"Morar mais"},"image":{"@id":"https:\/\/morarmais.com.br\/mms\/#\/schema\/logo\/image\/"},"sameAs":["https:\/\/www.facebook.com\/morarmais","https:\/\/www.instagram.com\/morarmaispormenos","https:\/\/br.pinterest.com\/morarmais\/"]},{"@type":"Person","@id":"https:\/\/morarmais.com.br\/mms\/#\/schema\/person\/2b6eaad3f24c852077a8e21da2395a85","name":"premiata","image":{"@type":"ImageObject","inLanguage":"pt-BR","@id":"https:\/\/morarmais.com.br\/mms\/#\/schema\/person\/image\/","url":"https:\/\/secure.gravatar.com\/avatar\/?s=96&d=mm&r=g","contentUrl":"https:\/\/secure.gravatar.com\/avatar\/?s=96&d=mm&r=g","caption":"premiata"},"url":"https:\/\/morarmais.com.br\/mms\/author\/premiata\/"}]}},"_links":{"self":[{"href":"https:\/\/morarmais.com.br\/mms\/wp-json\/wp\/v2\/posts\/654"}],"collection":[{"href":"https:\/\/morarmais.com.br\/mms\/wp-json\/wp\/v2\/posts"}],"about":[{"href":"https:\/\/morarmais.com.br\/mms\/wp-json\/wp\/v2\/types\/post"}],"author":[{"embeddable":true,"href":"https:\/\/morarmais.com.br\/mms\/wp-json\/wp\/v2\/users\/3"}],"replies":[{"embeddable":true,"href":"https:\/\/morarmais.com.br\/mms\/wp-json\/wp\/v2\/comments?post=654"}],"version-history":[{"count":0,"href":"https:\/\/morarmais.com.br\/mms\/wp-json\/wp\/v2\/posts\/654\/revisions"}],"wp:featuredmedia":[{"embeddable":true,"href":"https:\/\/morarmais.com.br\/mms\/wp-json\/wp\/v2\/media\/657"}],"wp:attachment":[{"href":"https:\/\/morarmais.com.br\/mms\/wp-json\/wp\/v2\/media?parent=654"}],"wp:term":[{"taxonomy":"category","embeddable":true,"href":"https:\/\/morarmais.com.br\/mms\/wp-json\/wp\/v2\/categories?post=654"},{"taxonomy":"post_tag","embeddable":true,"href":"https:\/\/morarmais.com.br\/mms\/wp-json\/wp\/v2\/tags?post=654"}],"curies":[{"name":"wp","href":"https:\/\/api.w.org\/{rel}","templated":true}]}}