{"id":637,"date":"2016-07-02T00:07:13","date_gmt":"2016-07-02T00:07:13","guid":{"rendered":"http:\/\/www.morarmais.com.br\/blog\/?p=637"},"modified":"2016-07-02T00:07:13","modified_gmt":"2016-07-02T00:07:13","slug":"pensando-dentro-da-caixa","status":"publish","type":"post","link":"https:\/\/morarmais.com.br\/mms\/pensando-dentro-da-caixa\/","title":{"rendered":"Um mundo sustent\u00e1vel"},"content":{"rendered":"<p><a href=\"http:\/\/www.morarmais.com.br\/blog\/wp-content\/uploads\/2016\/07\/capa.jpg\"><img fetchpriority=\"high\" decoding=\"async\" class=\"alignnone size-full wp-image-641\" src=\"http:\/\/www.morarmais.com.br\/blog\/wp-content\/uploads\/2016\/07\/capa.jpg\" alt=\"capa\" width=\"850\" height=\"562\" srcset=\"https:\/\/morarmais.com.br\/mms\/wp-content\/uploads\/2016\/07\/capa.jpg 850w, https:\/\/morarmais.com.br\/mms\/wp-content\/uploads\/2016\/07\/capa-300x198.jpg 300w, https:\/\/morarmais.com.br\/mms\/wp-content\/uploads\/2016\/07\/capa-768x508.jpg 768w, https:\/\/morarmais.com.br\/mms\/wp-content\/uploads\/2016\/07\/capa-500x331.jpg 500w\" sizes=\"(max-width: 850px) 100vw, 850px\" \/><\/a><br \/>\nEngradados e gavetas podem virar prateleiras originais e pr\u00e1ticas.\u00a0Solu\u00e7\u00f5es perfeitas podem surgir\u00a0quando pensamos em usos alternativos para objetos do cotidiano. O melhor de tudo \u00e9 que muitas vezes, podemos aproveitar coisas que poderiam estar no lixo e que depois de repaginadas, viram luxo! Esses arquitetos e suas ideias maravilhosas est\u00e3o sempre surpreendendo. Confira!<br \/>\n<span style=\"font-size: 12pt;\"><em>MORAR MAIS VIT\u00d3RIA,\u00a0SUITE DAS CRIAN\u00c7AS, TATIANA ESP\u00cdNDULA E LORRAYNE ZUCOLOTTO<br \/>\n<\/em><\/span><em>PARCEIROS: Cadeir\u00e3o e Ovelhas em papel\u00e3o, Imagiton<\/em><br \/>\n<span style=\"font-size: 14pt;\"><strong>Joga na parede!<br \/>\n<\/strong><\/span>Desmontou o arm\u00e1rio e sobraram as gavetas? Que tal uma boa dem\u00e3o de tinta para mudar totalmente o visual. A dica \u00e9 pintar com tinta esmalte, que \u00e9 pr\u00f3pria para madeira e suja menos.\u00a0J\u00e1 caixotes de madeira aparente\u00a0merecem conservar a textura natural. Para isso voc\u00ea pode deixar tudo na madeira crua ou pintar o interior, que o efeito vai ficar demais!\u00a0Engradados pl\u00e1sticos s\u00e3o excelentes por sua resist\u00eancia, al\u00e9m de serem lav\u00e1veis (\u00f3tima not\u00edcia para quem planeja\u00a0utiliz\u00e1-los em quartos infantis). Tudo isso tem instala\u00e7\u00e3o bem f\u00e1cil: basta\u00a0alguma habilidade com furadeira, parafusos e buchas e pronto! Agora, d\u00ea uma geral para organizar tudo e aten\u00e7\u00e3o para n\u00e3o cair na tenta\u00e7\u00e3o de acumular coisas desnecess\u00e1rias. Viu s\u00f3? Prateleiras descoladas que respeitam os 3 Rs (reduzir, reutilizar e reciclar).<br \/>\n<a href=\"http:\/\/www.morarmais.com.br\/blog\/wp-content\/uploads\/2016\/07\/morarmais_fora-da-caixa.jpg\"><img decoding=\"async\" class=\"alignnone size-full wp-image-643\" src=\"http:\/\/www.morarmais.com.br\/blog\/wp-content\/uploads\/2016\/07\/morarmais_fora-da-caixa.jpg\" alt=\"morarmais_fora-da-caixa\" width=\"763\" height=\"504\" srcset=\"https:\/\/morarmais.com.br\/mms\/wp-content\/uploads\/2016\/07\/morarmais_fora-da-caixa.jpg 763w, https:\/\/morarmais.com.br\/mms\/wp-content\/uploads\/2016\/07\/morarmais_fora-da-caixa-300x198.jpg 300w, https:\/\/morarmais.com.br\/mms\/wp-content\/uploads\/2016\/07\/morarmais_fora-da-caixa-500x330.jpg 500w\" sizes=\"(max-width: 763px) 100vw, 763px\" \/><\/a><br \/>\n<span style=\"font-size: 12pt;\"><em>MORAR MAIS VIT\u00d3RIA,\u00a0SUITE DAS CRIAN\u00c7AS, TATIANA ESP\u00cdNDULA E LORRAYNE ZUCOLOTTO<\/em><\/span><br \/>\n<span style=\"font-size: 12pt;\"><em>MORAR MAIS BELO HORIZONTE, BANHO DA CHEFE,\u00a0LUIZ PAULO AMORIM E MICHELLE MIGUEL<br \/>\n<\/em><\/span><em>PARCEIROS:\u00a0Metais e Chuveiro, Lorenzetti | Bancada em Ard\u00f3sia, Peras Itamarandiba | Revestimento e Porcelanato, Bel Lar | Nichos em madeira de Eucalipto, Acervo pessoal da arquiteta<br \/>\n<\/em><em style=\"font-size: 12pt; line-height: 1.5;\">MORAR MAIS RIO DE JANEIRO, LOJAS MORAR MAIS, DANIEL MAIA, ANTONIA ARAUJO PINHO E CRISTINA GUIMAR\u00c3ES<br \/>\n<\/em><em>PARCEIROS:\u00a0Caixotes de Vinho, O Galp\u00e3o<\/em><br \/>\n<span style=\"font-size: 14pt;\"><strong>Caixotes multiuso<\/strong><\/span><br \/>\nAqueles caixotes que servem para acondicionar frutas e legumes, bebidas e outros produtos de uso comum, s\u00e3o ricas fontes de inspira\u00e7\u00e3o para mentes criativas! Para come\u00e7ar eles podem ser utilizados, assim mesmo,\u00a0do jeito que eles foram feitos, sem que voc\u00ea tenha que interferir em nada. Basta dispor objetos e plantas que voc\u00ea goste em uma composi\u00e7\u00e3o bacana, que o seu caixote vira mesa lateral, de centro ou cachep\u00f4.\u00a0Simples assim! D\u00e1 uma olhada nesse ambiente criado com madeira bem despojada: desde mesa, jardineira, banco, estante, divis\u00f3ria e at\u00e9 mesmo bancada de bar. Um\u00a0espa\u00e7o como convida para uma reuni\u00e3o com amigos e muiiita descontra\u00e7\u00e3o!<br \/>\n<a href=\"http:\/\/www.morarmais.com.br\/blog\/wp-content\/uploads\/2016\/07\/post_blog21.jpg\"><img decoding=\"async\" class=\"alignnone size-full wp-image-646\" src=\"http:\/\/www.morarmais.com.br\/blog\/wp-content\/uploads\/2016\/07\/post_blog21.jpg\" alt=\"post_blog2\" width=\"763\" height=\"504\" srcset=\"https:\/\/morarmais.com.br\/mms\/wp-content\/uploads\/2016\/07\/post_blog21.jpg 763w, https:\/\/morarmais.com.br\/mms\/wp-content\/uploads\/2016\/07\/post_blog21-300x198.jpg 300w, https:\/\/morarmais.com.br\/mms\/wp-content\/uploads\/2016\/07\/post_blog21-500x330.jpg 500w\" sizes=\"(max-width: 763px) 100vw, 763px\" \/><br \/>\n<\/a><em>MORAR MAIS RIO DE JANEIRO, TROCANDO IDEIAS, THA\u00cdS COSSO E CARMEN BRAGAN\u00c7A<br \/>\nPARCEIROS:\u00a0Casa com Pallet<\/em><br \/>\n<a href=\"http:\/\/www.morarmais.com.br\/blog\/wp-content\/uploads\/2016\/07\/post_blog1.jpg\"><img loading=\"lazy\" decoding=\"async\" class=\"alignnone size-full wp-image-638\" src=\"http:\/\/www.morarmais.com.br\/blog\/wp-content\/uploads\/2016\/07\/post_blog1.jpg\" alt=\"post_blog1\" width=\"763\" height=\"504\" srcset=\"https:\/\/morarmais.com.br\/mms\/wp-content\/uploads\/2016\/07\/post_blog1.jpg 763w, https:\/\/morarmais.com.br\/mms\/wp-content\/uploads\/2016\/07\/post_blog1-300x198.jpg 300w, https:\/\/morarmais.com.br\/mms\/wp-content\/uploads\/2016\/07\/post_blog1-500x330.jpg 500w\" sizes=\"(max-width: 763px) 100vw, 763px\" \/><br \/>\n<\/a><em>MORAR MAIS GOI\u00c2NIA, VARANDA DAS ARTES,\u00a0ELIS\u00c2NGELA ALVES<br \/>\n<\/em><em style=\"line-height: 1.5;\">PARCEIROS:\u00a0Almofadas, Arraial Brasil | Vasos, Emp\u00f3rio do Lar | Plantas, Garden Emanuella | Sof\u00e1, Antiguidade Moderna Decora\u00e7\u00e3o<\/em><br \/>\n&nbsp;<br \/>\n&nbsp;<br \/>\n&nbsp;<\/p>\n","protected":false},"excerpt":{"rendered":"<p>Engradados e gavetas podem virar prateleiras originais e pr\u00e1ticas.\u00a0Solu\u00e7\u00f5es perfeitas podem surgir\u00a0quando pensamos em usos alternativos para objetos do cotidiano. O melhor de tudo \u00e9 que muitas vezes, podemos aproveitar coisas que poderiam estar no lixo e que depois de repaginadas, viram luxo! Esses arquitetos e suas ideias maravilhosas est\u00e3o sempre surpreendendo. Confira! MORAR MAIS&hellip;&nbsp;<a href=\"https:\/\/morarmais.com.br\/mms\/pensando-dentro-da-caixa\/\" rel=\"bookmark\">Continue a ler &raquo;<span class=\"screen-reader-text\">Um mundo sustent\u00e1vel<\/span><\/a><\/p>\n","protected":false},"author":3,"featured_media":641,"comment_status":"open","ping_status":"open","sticky":false,"template":"","format":"standard","meta":{"_eb_attr":"","editor_plus_copied_stylings":"{}","neve_meta_sidebar":"","neve_meta_container":"","neve_meta_enable_content_width":"","neve_meta_content_width":0,"neve_meta_title_alignment":"","neve_meta_author_avatar":"","neve_post_elements_order":"","neve_meta_disable_header":"","neve_meta_disable_footer":"","neve_meta_disable_title":"","_themeisle_gutenberg_block_has_review":false,"_vp_format_video_url":"","_vp_image_focal_point":[],"footnotes":""},"categories":[29],"tags":[36,55],"class_list":["post-637","post","type-post","status-publish","format-standard","has-post-thumbnail","hentry","category-um-mundo-sustentavel","tag-caixotes","tag-organizacao"],"yoast_head":"<!-- This site is optimized with the Yoast SEO plugin v25.6 - https:\/\/yoast.com\/wordpress\/plugins\/seo\/ -->\n<title>Um mundo sustent\u00e1vel - Morar mais<\/title>\n<meta name=\"robots\" content=\"index, follow, max-snippet:-1, max-image-preview:large, max-video-preview:-1\" \/>\n<link rel=\"canonical\" href=\"https:\/\/morarmais.com.br\/mms\/pensando-dentro-da-caixa\/\" \/>\n<meta property=\"og:locale\" content=\"pt_BR\" \/>\n<meta property=\"og:type\" content=\"article\" \/>\n<meta property=\"og:title\" content=\"Um mundo sustent\u00e1vel - Morar mais\" \/>\n<meta property=\"og:description\" content=\"Engradados e gavetas podem virar prateleiras originais e pr\u00e1ticas.\u00a0Solu\u00e7\u00f5es perfeitas podem surgir\u00a0quando pensamos em usos alternativos para objetos do cotidiano. O melhor de tudo \u00e9 que muitas vezes, podemos aproveitar coisas que poderiam estar no lixo e que depois de repaginadas, viram luxo! Esses arquitetos e suas ideias maravilhosas est\u00e3o sempre surpreendendo. Confira! MORAR MAIS&hellip;&nbsp;Continue a ler &raquo;Um mundo sustent\u00e1vel\" \/>\n<meta property=\"og:url\" content=\"https:\/\/morarmais.com.br\/mms\/pensando-dentro-da-caixa\/\" \/>\n<meta property=\"og:site_name\" content=\"Morar mais\" \/>\n<meta property=\"article:publisher\" content=\"https:\/\/www.facebook.com\/morarmais\" \/>\n<meta property=\"article:published_time\" content=\"2016-07-02T00:07:13+00:00\" \/>\n<meta property=\"og:image\" content=\"https:\/\/i0.wp.com\/morarmais.com.br\/mms\/wp-content\/uploads\/2016\/07\/capa.jpg?fit=850%2C562&ssl=1\" \/>\n\t<meta property=\"og:image:width\" content=\"850\" \/>\n\t<meta property=\"og:image:height\" content=\"562\" \/>\n\t<meta property=\"og:image:type\" content=\"image\/jpeg\" \/>\n<meta name=\"author\" content=\"premiata\" \/>\n<meta name=\"twitter:card\" content=\"summary_large_image\" \/>\n<meta name=\"twitter:label1\" content=\"Escrito por\" \/>\n\t<meta name=\"twitter:data1\" content=\"premiata\" \/>\n\t<meta name=\"twitter:label2\" content=\"Est. tempo de leitura\" \/>\n\t<meta name=\"twitter:data2\" content=\"2 minutos\" \/>\n<script type=\"application\/ld+json\" class=\"yoast-schema-graph\">{\"@context\":\"https:\/\/schema.org\",\"@graph\":[{\"@type\":\"Article\",\"@id\":\"https:\/\/morarmais.com.br\/mms\/pensando-dentro-da-caixa\/#article\",\"isPartOf\":{\"@id\":\"https:\/\/morarmais.com.br\/mms\/pensando-dentro-da-caixa\/\"},\"author\":{\"name\":\"premiata\",\"@id\":\"https:\/\/morarmais.com.br\/mms\/#\/schema\/person\/2b6eaad3f24c852077a8e21da2395a85\"},\"headline\":\"Um mundo sustent\u00e1vel\",\"datePublished\":\"2016-07-02T00:07:13+00:00\",\"mainEntityOfPage\":{\"@id\":\"https:\/\/morarmais.com.br\/mms\/pensando-dentro-da-caixa\/\"},\"wordCount\":469,\"commentCount\":0,\"publisher\":{\"@id\":\"https:\/\/morarmais.com.br\/mms\/#organization\"},\"image\":{\"@id\":\"https:\/\/morarmais.com.br\/mms\/pensando-dentro-da-caixa\/#primaryimage\"},\"thumbnailUrl\":\"https:\/\/morarmais.com.br\/mms\/wp-content\/uploads\/2016\/07\/capa.jpg\",\"keywords\":[\"caixotes\",\"organiza\u00e7\u00e3o\"],\"articleSection\":[\"Um mundo Sustent\u00e1vel\"],\"inLanguage\":\"pt-BR\",\"potentialAction\":[{\"@type\":\"CommentAction\",\"name\":\"Comment\",\"target\":[\"https:\/\/morarmais.com.br\/mms\/pensando-dentro-da-caixa\/#respond\"]}]},{\"@type\":\"WebPage\",\"@id\":\"https:\/\/morarmais.com.br\/mms\/pensando-dentro-da-caixa\/\",\"url\":\"https:\/\/morarmais.com.br\/mms\/pensando-dentro-da-caixa\/\",\"name\":\"Um mundo sustent\u00e1vel - Morar mais\",\"isPartOf\":{\"@id\":\"https:\/\/morarmais.com.br\/mms\/#website\"},\"primaryImageOfPage\":{\"@id\":\"https:\/\/morarmais.com.br\/mms\/pensando-dentro-da-caixa\/#primaryimage\"},\"image\":{\"@id\":\"https:\/\/morarmais.com.br\/mms\/pensando-dentro-da-caixa\/#primaryimage\"},\"thumbnailUrl\":\"https:\/\/morarmais.com.br\/mms\/wp-content\/uploads\/2016\/07\/capa.jpg\",\"datePublished\":\"2016-07-02T00:07:13+00:00\",\"breadcrumb\":{\"@id\":\"https:\/\/morarmais.com.br\/mms\/pensando-dentro-da-caixa\/#breadcrumb\"},\"inLanguage\":\"pt-BR\",\"potentialAction\":[{\"@type\":\"ReadAction\",\"target\":[\"https:\/\/morarmais.com.br\/mms\/pensando-dentro-da-caixa\/\"]}]},{\"@type\":\"ImageObject\",\"inLanguage\":\"pt-BR\",\"@id\":\"https:\/\/morarmais.com.br\/mms\/pensando-dentro-da-caixa\/#primaryimage\",\"url\":\"https:\/\/morarmais.com.br\/mms\/wp-content\/uploads\/2016\/07\/capa.jpg\",\"contentUrl\":\"https:\/\/morarmais.com.br\/mms\/wp-content\/uploads\/2016\/07\/capa.jpg\",\"width\":850,\"height\":562},{\"@type\":\"BreadcrumbList\",\"@id\":\"https:\/\/morarmais.com.br\/mms\/pensando-dentro-da-caixa\/#breadcrumb\",\"itemListElement\":[{\"@type\":\"ListItem\",\"position\":1,\"name\":\"In\u00edcio\",\"item\":\"https:\/\/morarmais.com.br\/mms\/\"},{\"@type\":\"ListItem\",\"position\":2,\"name\":\"Um mundo sustent\u00e1vel\"}]},{\"@type\":\"WebSite\",\"@id\":\"https:\/\/morarmais.com.br\/mms\/#website\",\"url\":\"https:\/\/morarmais.com.br\/mms\/\",\"name\":\"Morar mais\",\"description\":\"O Chique que cabe no bolso\",\"publisher\":{\"@id\":\"https:\/\/morarmais.com.br\/mms\/#organization\"},\"potentialAction\":[{\"@type\":\"SearchAction\",\"target\":{\"@type\":\"EntryPoint\",\"urlTemplate\":\"https:\/\/morarmais.com.br\/mms\/?s={search_term_string}\"},\"query-input\":{\"@type\":\"PropertyValueSpecification\",\"valueRequired\":true,\"valueName\":\"search_term_string\"}}],\"inLanguage\":\"pt-BR\"},{\"@type\":\"Organization\",\"@id\":\"https:\/\/morarmais.com.br\/mms\/#organization\",\"name\":\"Morar mais\",\"url\":\"https:\/\/morarmais.com.br\/mms\/\",\"logo\":{\"@type\":\"ImageObject\",\"inLanguage\":\"pt-BR\",\"@id\":\"https:\/\/morarmais.com.br\/mms\/#\/schema\/logo\/image\/\",\"url\":\"https:\/\/morarmais.com.br\/mms\/wp-content\/uploads\/2019\/04\/cropped-logo-morar-mais-2-1-e1688661143585.png\",\"contentUrl\":\"https:\/\/morarmais.com.br\/mms\/wp-content\/uploads\/2019\/04\/cropped-logo-morar-mais-2-1-e1688661143585.png\",\"width\":130,\"height\":100,\"caption\":\"Morar mais\"},\"image\":{\"@id\":\"https:\/\/morarmais.com.br\/mms\/#\/schema\/logo\/image\/\"},\"sameAs\":[\"https:\/\/www.facebook.com\/morarmais\",\"https:\/\/www.instagram.com\/morarmaispormenos\",\"https:\/\/br.pinterest.com\/morarmais\/\"]},{\"@type\":\"Person\",\"@id\":\"https:\/\/morarmais.com.br\/mms\/#\/schema\/person\/2b6eaad3f24c852077a8e21da2395a85\",\"name\":\"premiata\",\"image\":{\"@type\":\"ImageObject\",\"inLanguage\":\"pt-BR\",\"@id\":\"https:\/\/morarmais.com.br\/mms\/#\/schema\/person\/image\/\",\"url\":\"https:\/\/secure.gravatar.com\/avatar\/?s=96&d=mm&r=g\",\"contentUrl\":\"https:\/\/secure.gravatar.com\/avatar\/?s=96&d=mm&r=g\",\"caption\":\"premiata\"},\"url\":\"https:\/\/morarmais.com.br\/mms\/author\/premiata\/\"}]}<\/script>\n<!-- \/ Yoast SEO plugin. -->","yoast_head_json":{"title":"Um mundo sustent\u00e1vel - Morar mais","robots":{"index":"index","follow":"follow","max-snippet":"max-snippet:-1","max-image-preview":"max-image-preview:large","max-video-preview":"max-video-preview:-1"},"canonical":"https:\/\/morarmais.com.br\/mms\/pensando-dentro-da-caixa\/","og_locale":"pt_BR","og_type":"article","og_title":"Um mundo sustent\u00e1vel - Morar mais","og_description":"Engradados e gavetas podem virar prateleiras originais e pr\u00e1ticas.\u00a0Solu\u00e7\u00f5es perfeitas podem surgir\u00a0quando pensamos em usos alternativos para objetos do cotidiano. O melhor de tudo \u00e9 que muitas vezes, podemos aproveitar coisas que poderiam estar no lixo e que depois de repaginadas, viram luxo! Esses arquitetos e suas ideias maravilhosas est\u00e3o sempre surpreendendo. Confira! MORAR MAIS&hellip;&nbsp;Continue a ler &raquo;Um mundo sustent\u00e1vel","og_url":"https:\/\/morarmais.com.br\/mms\/pensando-dentro-da-caixa\/","og_site_name":"Morar mais","article_publisher":"https:\/\/www.facebook.com\/morarmais","article_published_time":"2016-07-02T00:07:13+00:00","og_image":[{"width":850,"height":562,"url":"https:\/\/i0.wp.com\/morarmais.com.br\/mms\/wp-content\/uploads\/2016\/07\/capa.jpg?fit=850%2C562&ssl=1","type":"image\/jpeg"}],"author":"premiata","twitter_card":"summary_large_image","twitter_misc":{"Escrito por":"premiata","Est. tempo de leitura":"2 minutos"},"schema":{"@context":"https:\/\/schema.org","@graph":[{"@type":"Article","@id":"https:\/\/morarmais.com.br\/mms\/pensando-dentro-da-caixa\/#article","isPartOf":{"@id":"https:\/\/morarmais.com.br\/mms\/pensando-dentro-da-caixa\/"},"author":{"name":"premiata","@id":"https:\/\/morarmais.com.br\/mms\/#\/schema\/person\/2b6eaad3f24c852077a8e21da2395a85"},"headline":"Um mundo sustent\u00e1vel","datePublished":"2016-07-02T00:07:13+00:00","mainEntityOfPage":{"@id":"https:\/\/morarmais.com.br\/mms\/pensando-dentro-da-caixa\/"},"wordCount":469,"commentCount":0,"publisher":{"@id":"https:\/\/morarmais.com.br\/mms\/#organization"},"image":{"@id":"https:\/\/morarmais.com.br\/mms\/pensando-dentro-da-caixa\/#primaryimage"},"thumbnailUrl":"https:\/\/morarmais.com.br\/mms\/wp-content\/uploads\/2016\/07\/capa.jpg","keywords":["caixotes","organiza\u00e7\u00e3o"],"articleSection":["Um mundo Sustent\u00e1vel"],"inLanguage":"pt-BR","potentialAction":[{"@type":"CommentAction","name":"Comment","target":["https:\/\/morarmais.com.br\/mms\/pensando-dentro-da-caixa\/#respond"]}]},{"@type":"WebPage","@id":"https:\/\/morarmais.com.br\/mms\/pensando-dentro-da-caixa\/","url":"https:\/\/morarmais.com.br\/mms\/pensando-dentro-da-caixa\/","name":"Um mundo sustent\u00e1vel - Morar mais","isPartOf":{"@id":"https:\/\/morarmais.com.br\/mms\/#website"},"primaryImageOfPage":{"@id":"https:\/\/morarmais.com.br\/mms\/pensando-dentro-da-caixa\/#primaryimage"},"image":{"@id":"https:\/\/morarmais.com.br\/mms\/pensando-dentro-da-caixa\/#primaryimage"},"thumbnailUrl":"https:\/\/morarmais.com.br\/mms\/wp-content\/uploads\/2016\/07\/capa.jpg","datePublished":"2016-07-02T00:07:13+00:00","breadcrumb":{"@id":"https:\/\/morarmais.com.br\/mms\/pensando-dentro-da-caixa\/#breadcrumb"},"inLanguage":"pt-BR","potentialAction":[{"@type":"ReadAction","target":["https:\/\/morarmais.com.br\/mms\/pensando-dentro-da-caixa\/"]}]},{"@type":"ImageObject","inLanguage":"pt-BR","@id":"https:\/\/morarmais.com.br\/mms\/pensando-dentro-da-caixa\/#primaryimage","url":"https:\/\/morarmais.com.br\/mms\/wp-content\/uploads\/2016\/07\/capa.jpg","contentUrl":"https:\/\/morarmais.com.br\/mms\/wp-content\/uploads\/2016\/07\/capa.jpg","width":850,"height":562},{"@type":"BreadcrumbList","@id":"https:\/\/morarmais.com.br\/mms\/pensando-dentro-da-caixa\/#breadcrumb","itemListElement":[{"@type":"ListItem","position":1,"name":"In\u00edcio","item":"https:\/\/morarmais.com.br\/mms\/"},{"@type":"ListItem","position":2,"name":"Um mundo sustent\u00e1vel"}]},{"@type":"WebSite","@id":"https:\/\/morarmais.com.br\/mms\/#website","url":"https:\/\/morarmais.com.br\/mms\/","name":"Morar mais","description":"O Chique que cabe no bolso","publisher":{"@id":"https:\/\/morarmais.com.br\/mms\/#organization"},"potentialAction":[{"@type":"SearchAction","target":{"@type":"EntryPoint","urlTemplate":"https:\/\/morarmais.com.br\/mms\/?s={search_term_string}"},"query-input":{"@type":"PropertyValueSpecification","valueRequired":true,"valueName":"search_term_string"}}],"inLanguage":"pt-BR"},{"@type":"Organization","@id":"https:\/\/morarmais.com.br\/mms\/#organization","name":"Morar mais","url":"https:\/\/morarmais.com.br\/mms\/","logo":{"@type":"ImageObject","inLanguage":"pt-BR","@id":"https:\/\/morarmais.com.br\/mms\/#\/schema\/logo\/image\/","url":"https:\/\/morarmais.com.br\/mms\/wp-content\/uploads\/2019\/04\/cropped-logo-morar-mais-2-1-e1688661143585.png","contentUrl":"https:\/\/morarmais.com.br\/mms\/wp-content\/uploads\/2019\/04\/cropped-logo-morar-mais-2-1-e1688661143585.png","width":130,"height":100,"caption":"Morar mais"},"image":{"@id":"https:\/\/morarmais.com.br\/mms\/#\/schema\/logo\/image\/"},"sameAs":["https:\/\/www.facebook.com\/morarmais","https:\/\/www.instagram.com\/morarmaispormenos","https:\/\/br.pinterest.com\/morarmais\/"]},{"@type":"Person","@id":"https:\/\/morarmais.com.br\/mms\/#\/schema\/person\/2b6eaad3f24c852077a8e21da2395a85","name":"premiata","image":{"@type":"ImageObject","inLanguage":"pt-BR","@id":"https:\/\/morarmais.com.br\/mms\/#\/schema\/person\/image\/","url":"https:\/\/secure.gravatar.com\/avatar\/?s=96&d=mm&r=g","contentUrl":"https:\/\/secure.gravatar.com\/avatar\/?s=96&d=mm&r=g","caption":"premiata"},"url":"https:\/\/morarmais.com.br\/mms\/author\/premiata\/"}]}},"_links":{"self":[{"href":"https:\/\/morarmais.com.br\/mms\/wp-json\/wp\/v2\/posts\/637"}],"collection":[{"href":"https:\/\/morarmais.com.br\/mms\/wp-json\/wp\/v2\/posts"}],"about":[{"href":"https:\/\/morarmais.com.br\/mms\/wp-json\/wp\/v2\/types\/post"}],"author":[{"embeddable":true,"href":"https:\/\/morarmais.com.br\/mms\/wp-json\/wp\/v2\/users\/3"}],"replies":[{"embeddable":true,"href":"https:\/\/morarmais.com.br\/mms\/wp-json\/wp\/v2\/comments?post=637"}],"version-history":[{"count":0,"href":"https:\/\/morarmais.com.br\/mms\/wp-json\/wp\/v2\/posts\/637\/revisions"}],"wp:featuredmedia":[{"embeddable":true,"href":"https:\/\/morarmais.com.br\/mms\/wp-json\/wp\/v2\/media\/641"}],"wp:attachment":[{"href":"https:\/\/morarmais.com.br\/mms\/wp-json\/wp\/v2\/media?parent=637"}],"wp:term":[{"taxonomy":"category","embeddable":true,"href":"https:\/\/morarmais.com.br\/mms\/wp-json\/wp\/v2\/categories?post=637"},{"taxonomy":"post_tag","embeddable":true,"href":"https:\/\/morarmais.com.br\/mms\/wp-json\/wp\/v2\/tags?post=637"}],"curies":[{"name":"wp","href":"https:\/\/api.w.org\/{rel}","templated":true}]}}