{"id":623,"date":"2016-06-10T18:28:21","date_gmt":"2016-06-10T18:28:21","guid":{"rendered":"http:\/\/www.morarmais.com.br\/blog\/?p=623"},"modified":"2020-10-01T19:22:26","modified_gmt":"2020-10-01T19:22:26","slug":"decor-com-quadros","status":"publish","type":"post","link":"https:\/\/morarmais.com.br\/mms\/decor-com-quadros\/","title":{"rendered":"Decor com quadros: ideias fora do convencional"},"content":{"rendered":"<p>Na decora\u00e7\u00e3o atual os quadros ganham espa\u00e7os cada vez menos tradicionais. Os temas s\u00e3o os mais diversos, de verdadeiras obras de arte a p\u00f4steres super-divertidos. Para expor essa mistura irreverente, as ideias t\u00eam que sair do convencional. Uma forte tend\u00eancia da decor com quadros \u00e9 compor pain\u00e9is de tamanhos e formas diferentes com muiiiiitos quadros. O visual fica descolado e bem jovem.<br \/>\n<em>FOTO MORAR MAIS RIO DE JANEIRO, CERVEJARIA,\u00a0DANIELLE BOGGIS E LUCIANA MACHADO<br \/>\n<\/em>Parceiros:\u00a0Quadros, Urban Arts<br \/>\n<strong>A\u00a0arte come\u00e7a na moldura<\/strong><br \/>\nSe voc\u00ea busca uma solu\u00e7\u00e3o bem diferente, que tal come\u00e7ar com as molduras?\u00a0Tanto as formas como as cores podem\u00a0ser inusitadas. Sejam quadradas, redondas, ovais ou retangulares, elas convivem em perfeita harmonia. E o melhor \u00e9 que se voc\u00ea tiver em casa quadros com molduras rebuscadas ou <em>antiguinhas<\/em>, com uma boa dem\u00e3o de tinta, o visual fica outro. Na verdade, essa mistura meio rococ\u00f3 com cores vivas como o rosa <em>pink<\/em> ou o <em>acqua<\/em> fica bem interessante e est\u00e1 sendo bastante usada\u00a0para criar\u00a0um estilo <em>vintage<\/em>.<br \/>\n<a href=\"http:\/\/www.morarmais.com.br\/blog\/wp-content\/uploads\/2016\/06\/morarmais-goiania-riodejaneiro.jpg\"><br \/>\n<\/a><a href=\"http:\/\/www.morarmais.com.br\/blog\/wp-content\/uploads\/2016\/06\/morarmais-goiania-riodejaneiro.jpg\"><img fetchpriority=\"high\" decoding=\"async\" class=\"alignnone wp-image-626 size-full\" title=\"decor com quadros\" src=\"https:\/\/morarmais.com.br\/mms\/wp-content\/uploads\/2016\/06\/morarmais-goiania-riodejaneiro.jpg\" alt=\"decor com quadros\" width=\"763\" height=\"504\" srcset=\"https:\/\/morarmais.com.br\/mms\/wp-content\/uploads\/2016\/06\/morarmais-goiania-riodejaneiro.jpg 763w, https:\/\/morarmais.com.br\/mms\/wp-content\/uploads\/2016\/06\/morarmais-goiania-riodejaneiro-300x198.jpg 300w, https:\/\/morarmais.com.br\/mms\/wp-content\/uploads\/2016\/06\/morarmais-goiania-riodejaneiro-500x330.jpg 500w\" sizes=\"(max-width: 763px) 100vw, 763px\" \/><\/a><em>\u00c0 ESQUERDA:\u00a0MORAR MAIS\u00a0GOI\u00c2NIA, SEBRAE ESPA\u00c7O MUNDO CRIATIVO, LAIS RIOS E RENNY MALTEZ<br \/>\n<\/em><em>Parceiros: Quadros, Reflexo Ilumina\u00e7\u00e3o| Puff e Poltrona, Confian\u00e7a Interiores | C\u00f4modas, Arraial Brasil<br \/>\n<\/em><em>\u00c0 DIREITA: MORAR MAIS RIO DE JANEIRO, HALL ALEGRIA CARIOCA, ADELIA CALACHE ZACCUR E SILVIO ZACCUR HADDAD<br \/>\nParceiros: Revestimento Parede, Biancogres | Almofadas, M2V Casa&amp;Decora\u00e7\u00f5es | Banco de Madeira, Garden Center<\/em><br \/>\n<strong>A\u00a0gente apoia<\/strong><br \/>\nApoiar\u00a0os quadros em prateleiras\u00a0ou sobre m\u00f3veis \u00e9 um recurso muito usado atualmente. Muitos designers de interiores t\u00eam projetado prateleiras fininhas, justamente para servir de apoio para quadros e fotografias. O melhor desta solu\u00e7\u00e3o \u00e9 que ela perfeita para dar uma bossa a\u00a0corredores e locais estreitos. Bancadas e m\u00f3veis tamb\u00e9m funcionam para fazer composi\u00e7\u00f5es bem bacanas de quadros\u00a0e objetos. Esta \u00e9 uma \u00f3tima ideia \u00a0para quem gosta de variar, e de vez em quando dar uma repaginada na decora\u00e7\u00e3o.<br \/>\n<a href=\"http:\/\/www.morarmais.com.br\/blog\/wp-content\/uploads\/2016\/06\/morarmais-vitoria.jpg\"><img decoding=\"async\" class=\"alignnone size-full wp-image-629\" src=\"http:\/\/www.morarmais.com.br\/blog\/wp-content\/uploads\/2016\/06\/morarmais-vitoria.jpg\" alt=\"morarmais-vitoria\" width=\"763\" height=\"504\" srcset=\"https:\/\/morarmais.com.br\/mms\/wp-content\/uploads\/2016\/06\/morarmais-vitoria.jpg 763w, https:\/\/morarmais.com.br\/mms\/wp-content\/uploads\/2016\/06\/morarmais-vitoria-300x198.jpg 300w, https:\/\/morarmais.com.br\/mms\/wp-content\/uploads\/2016\/06\/morarmais-vitoria-500x330.jpg 500w\" sizes=\"(max-width: 763px) 100vw, 763px\" \/><br \/>\n<\/a><em>MORAR MAIS VIT\u00d3RIA, EST\u00daDIO DA BLOGUEIRA, NATALIA COSTALONGA E LETICIA COSTALONGA<br \/>\nParceiros: Quadros, Casa Duett| Macenaria, AC M\u00f3veis Ltda. | Cadeira, Lider Interiores | Revestimento parede e piso, PortoBello Shop<\/em><br \/>\n<a href=\"http:\/\/www.morarmais.com.br\/blog\/wp-content\/uploads\/2016\/06\/morarmais-riodejaneiro.jpg\"><img decoding=\"async\" class=\"alignnone size-full wp-image-625\" src=\"http:\/\/www.morarmais.com.br\/blog\/wp-content\/uploads\/2016\/06\/morarmais-riodejaneiro.jpg\" alt=\"morarmais--riodejaneiro\" width=\"763\" height=\"504\" srcset=\"https:\/\/morarmais.com.br\/mms\/wp-content\/uploads\/2016\/06\/morarmais-riodejaneiro.jpg 763w, https:\/\/morarmais.com.br\/mms\/wp-content\/uploads\/2016\/06\/morarmais-riodejaneiro-300x198.jpg 300w, https:\/\/morarmais.com.br\/mms\/wp-content\/uploads\/2016\/06\/morarmais-riodejaneiro-500x330.jpg 500w\" sizes=\"(max-width: 763px) 100vw, 763px\" \/><br \/>\n<\/a><em>\u00c0 ESQUERDA:\u00a0MORAR MAIS RIO DE JANEIRO,\u00a0MINI AP\u00ca,\u00a0CAMILA MESQUITA E PAULA WERNECK<br \/>\nParceiros: Quadros, Urban Arts | Sof\u00e1 e Arm\u00e1rio, Velha Bahia | Lumin\u00e1ria, Inov Ilumina\u00e7\u00e3o<br \/>\n<\/em><em>\u00c0 DIREITA: MORAR MAIS RIO DE JANEIRO, ESCRIT\u00d3RIO DO PUBLICIT\u00c1RIO,\u00a0OCT\u00c1VIO MIRANDA E SHERLON NAVEGA<br \/>\nParceiros: Quadros, Urban Arts<\/em><br \/>\n<strong>As ideias est\u00e3o por a\u00ed&#8230;<br \/>\n<\/strong>Como sempre estamos de olho no que acontece pelo mundo do decor e selecionamos para voc\u00ea algumas ideias que amamos!<br \/>\n<em><a href=\"http:\/\/www.morarmais.com.br\/blog\/wp-content\/uploads\/2016\/06\/morarmais-valetudo.jpg\"><img loading=\"lazy\" decoding=\"async\" class=\"alignnone size-full wp-image-627\" src=\"http:\/\/www.morarmais.com.br\/blog\/wp-content\/uploads\/2016\/06\/morarmais-valetudo.jpg\" alt=\"morarmais-valetudo\" width=\"763\" height=\"887\" srcset=\"https:\/\/morarmais.com.br\/mms\/wp-content\/uploads\/2016\/06\/morarmais-valetudo.jpg 763w, https:\/\/morarmais.com.br\/mms\/wp-content\/uploads\/2016\/06\/morarmais-valetudo-258x300.jpg 258w, https:\/\/morarmais.com.br\/mms\/wp-content\/uploads\/2016\/06\/morarmais-valetudo-500x581.jpg 500w\" sizes=\"(max-width: 763px) 100vw, 763px\" \/><br \/>\n<\/a>ENCONTRAMOS ESTAS FOTOS NOS SITES: <a href=\"http:\/\/www.decoracao.com\" target=\"_blank\" rel=\"noopener noreferrer\">WWW.DCORACAO.COM<\/a>, <a href=\"http:\/\/decorviva.com.br\" target=\"_blank\" rel=\"noopener noreferrer\">WWW.DECORVIVA.COM.BR<\/a>, <a href=\"http:\/\/www.myscandinavianhome.com\" target=\"_blank\" rel=\"noopener noreferrer\">WWW.MYSCANDINAVIANHOME.COM<\/a><\/em><\/p>\n<p>Curtiu as inspira\u00e7\u00f5es? Ent\u00e3o acompanhe as nossas redes sociais, confira outras ideias incr\u00edveis apresentadas no <a href=\"https:\/\/morarmais.com.br\/mms\/\" target=\"_blank\" rel=\"noopener noreferrer\">Morar Mais<\/a> e fique por dentro de todas as novidades! Fique de olho no nosso canal no <a href=\"https:\/\/www.youtube.com\/user\/Morarmaispormenostv\" target=\"_blank\" rel=\"noreferrer noopener\">YouTube<\/a>\u00a0e em nosso\u00a0<a href=\"http:\/\/instagram.com\/morarmaispormenos\" target=\"_blank\" rel=\"noreferrer noopener\">Instagram<\/a>!<\/p>\n","protected":false},"excerpt":{"rendered":"<p>Na decora\u00e7\u00e3o atual os quadros ganham espa\u00e7os cada vez menos tradicionais. Os temas s\u00e3o os mais diversos, de verdadeiras obras de arte a p\u00f4steres super-divertidos. Para expor essa mistura irreverente, as ideias t\u00eam que sair do convencional. Uma forte tend\u00eancia da decor com quadros \u00e9 compor pain\u00e9is de tamanhos e formas diferentes com muiiiiitos quadros.&hellip;&nbsp;<a href=\"https:\/\/morarmais.com.br\/mms\/decor-com-quadros\/\" rel=\"bookmark\">Continue a ler &raquo;<span class=\"screen-reader-text\">Decor com quadros: ideias fora do convencional<\/span><\/a><\/p>\n","protected":false},"author":1,"featured_media":628,"comment_status":"open","ping_status":"open","sticky":false,"template":"","format":"standard","meta":{"_eb_attr":"","editor_plus_copied_stylings":"{}","neve_meta_sidebar":"","neve_meta_container":"","neve_meta_enable_content_width":"off","neve_meta_content_width":0,"neve_meta_title_alignment":"","neve_meta_author_avatar":"","neve_post_elements_order":"","neve_meta_disable_header":"","neve_meta_disable_footer":"","neve_meta_disable_title":"","_themeisle_gutenberg_block_has_review":false,"_vp_format_video_url":"","_vp_image_focal_point":[],"footnotes":""},"categories":[23,31],"tags":[],"class_list":["post-623","post","type-post","status-publish","format-standard","has-post-thumbnail","hentry","category-home","category-viciados-em-design"],"yoast_head":"<!-- This site is optimized with the Yoast SEO plugin v25.6 - https:\/\/yoast.com\/wordpress\/plugins\/seo\/ -->\n<title>Decor com quadros: ideias fora do convencional - Morar mais<\/title>\n<meta name=\"description\" content=\"Decor com quadros \u00e9 tend\u00eancia atual. Os temas s\u00e3o os mais diversos, de verdadeiras obras de arte a p\u00f4steres super-divertidos.\" \/>\n<meta name=\"robots\" content=\"index, follow, max-snippet:-1, max-image-preview:large, max-video-preview:-1\" \/>\n<link rel=\"canonical\" href=\"https:\/\/morarmais.com.br\/mms\/decor-com-quadros\/\" \/>\n<meta property=\"og:locale\" content=\"pt_BR\" \/>\n<meta property=\"og:type\" content=\"article\" \/>\n<meta property=\"og:title\" content=\"Decor com quadros: ideias fora do convencional - Morar mais\" \/>\n<meta property=\"og:description\" content=\"Decor com quadros \u00e9 tend\u00eancia atual. Os temas s\u00e3o os mais diversos, de verdadeiras obras de arte a p\u00f4steres super-divertidos.\" \/>\n<meta property=\"og:url\" content=\"https:\/\/morarmais.com.br\/mms\/decor-com-quadros\/\" \/>\n<meta property=\"og:site_name\" content=\"Morar mais\" \/>\n<meta property=\"article:publisher\" content=\"https:\/\/www.facebook.com\/morarmais\" \/>\n<meta property=\"article:published_time\" content=\"2016-06-10T18:28:21+00:00\" \/>\n<meta property=\"article:modified_time\" content=\"2020-10-01T19:22:26+00:00\" \/>\n<meta property=\"og:image\" content=\"https:\/\/i1.wp.com\/morarmais.com.br\/mms\/wp-content\/uploads\/2016\/06\/capa-morarmais-riodejaneiro.jpg?fit=850%2C562&ssl=1\" \/>\n\t<meta property=\"og:image:width\" content=\"850\" \/>\n\t<meta property=\"og:image:height\" content=\"562\" \/>\n\t<meta property=\"og:image:type\" content=\"image\/jpeg\" \/>\n<meta name=\"author\" content=\"morarmais\" \/>\n<meta name=\"twitter:card\" content=\"summary_large_image\" \/>\n<meta name=\"twitter:label1\" content=\"Escrito por\" \/>\n\t<meta name=\"twitter:data1\" content=\"morarmais\" \/>\n\t<meta name=\"twitter:label2\" content=\"Est. tempo de leitura\" \/>\n\t<meta name=\"twitter:data2\" content=\"2 minutos\" \/>\n<script type=\"application\/ld+json\" class=\"yoast-schema-graph\">{\"@context\":\"https:\/\/schema.org\",\"@graph\":[{\"@type\":\"Article\",\"@id\":\"https:\/\/morarmais.com.br\/mms\/decor-com-quadros\/#article\",\"isPartOf\":{\"@id\":\"https:\/\/morarmais.com.br\/mms\/decor-com-quadros\/\"},\"author\":{\"name\":\"morarmais\",\"@id\":\"https:\/\/morarmais.com.br\/mms\/#\/schema\/person\/279595a0d25fac9a49b182b180dd4460\"},\"headline\":\"Decor com quadros: ideias fora do convencional\",\"datePublished\":\"2016-06-10T18:28:21+00:00\",\"dateModified\":\"2020-10-01T19:22:26+00:00\",\"mainEntityOfPage\":{\"@id\":\"https:\/\/morarmais.com.br\/mms\/decor-com-quadros\/\"},\"wordCount\":499,\"commentCount\":0,\"publisher\":{\"@id\":\"https:\/\/morarmais.com.br\/mms\/#organization\"},\"image\":{\"@id\":\"https:\/\/morarmais.com.br\/mms\/decor-com-quadros\/#primaryimage\"},\"thumbnailUrl\":\"https:\/\/morarmais.com.br\/mms\/wp-content\/uploads\/2016\/06\/capa-morarmais-riodejaneiro.jpg\",\"articleSection\":[\"Home\",\"Viciados em Design\"],\"inLanguage\":\"pt-BR\",\"potentialAction\":[{\"@type\":\"CommentAction\",\"name\":\"Comment\",\"target\":[\"https:\/\/morarmais.com.br\/mms\/decor-com-quadros\/#respond\"]}]},{\"@type\":\"WebPage\",\"@id\":\"https:\/\/morarmais.com.br\/mms\/decor-com-quadros\/\",\"url\":\"https:\/\/morarmais.com.br\/mms\/decor-com-quadros\/\",\"name\":\"Decor com quadros: ideias fora do convencional - Morar mais\",\"isPartOf\":{\"@id\":\"https:\/\/morarmais.com.br\/mms\/#website\"},\"primaryImageOfPage\":{\"@id\":\"https:\/\/morarmais.com.br\/mms\/decor-com-quadros\/#primaryimage\"},\"image\":{\"@id\":\"https:\/\/morarmais.com.br\/mms\/decor-com-quadros\/#primaryimage\"},\"thumbnailUrl\":\"https:\/\/morarmais.com.br\/mms\/wp-content\/uploads\/2016\/06\/capa-morarmais-riodejaneiro.jpg\",\"datePublished\":\"2016-06-10T18:28:21+00:00\",\"dateModified\":\"2020-10-01T19:22:26+00:00\",\"description\":\"Decor com quadros \u00e9 tend\u00eancia atual. Os temas s\u00e3o os mais diversos, de verdadeiras obras de arte a p\u00f4steres super-divertidos.\",\"breadcrumb\":{\"@id\":\"https:\/\/morarmais.com.br\/mms\/decor-com-quadros\/#breadcrumb\"},\"inLanguage\":\"pt-BR\",\"potentialAction\":[{\"@type\":\"ReadAction\",\"target\":[\"https:\/\/morarmais.com.br\/mms\/decor-com-quadros\/\"]}]},{\"@type\":\"ImageObject\",\"inLanguage\":\"pt-BR\",\"@id\":\"https:\/\/morarmais.com.br\/mms\/decor-com-quadros\/#primaryimage\",\"url\":\"https:\/\/morarmais.com.br\/mms\/wp-content\/uploads\/2016\/06\/capa-morarmais-riodejaneiro.jpg\",\"contentUrl\":\"https:\/\/morarmais.com.br\/mms\/wp-content\/uploads\/2016\/06\/capa-morarmais-riodejaneiro.jpg\",\"width\":850,\"height\":562},{\"@type\":\"BreadcrumbList\",\"@id\":\"https:\/\/morarmais.com.br\/mms\/decor-com-quadros\/#breadcrumb\",\"itemListElement\":[{\"@type\":\"ListItem\",\"position\":1,\"name\":\"In\u00edcio\",\"item\":\"https:\/\/morarmais.com.br\/mms\/\"},{\"@type\":\"ListItem\",\"position\":2,\"name\":\"Decor com quadros: ideias fora do convencional\"}]},{\"@type\":\"WebSite\",\"@id\":\"https:\/\/morarmais.com.br\/mms\/#website\",\"url\":\"https:\/\/morarmais.com.br\/mms\/\",\"name\":\"Morar mais\",\"description\":\"O Chique que cabe no bolso\",\"publisher\":{\"@id\":\"https:\/\/morarmais.com.br\/mms\/#organization\"},\"potentialAction\":[{\"@type\":\"SearchAction\",\"target\":{\"@type\":\"EntryPoint\",\"urlTemplate\":\"https:\/\/morarmais.com.br\/mms\/?s={search_term_string}\"},\"query-input\":{\"@type\":\"PropertyValueSpecification\",\"valueRequired\":true,\"valueName\":\"search_term_string\"}}],\"inLanguage\":\"pt-BR\"},{\"@type\":\"Organization\",\"@id\":\"https:\/\/morarmais.com.br\/mms\/#organization\",\"name\":\"Morar mais\",\"url\":\"https:\/\/morarmais.com.br\/mms\/\",\"logo\":{\"@type\":\"ImageObject\",\"inLanguage\":\"pt-BR\",\"@id\":\"https:\/\/morarmais.com.br\/mms\/#\/schema\/logo\/image\/\",\"url\":\"https:\/\/morarmais.com.br\/mms\/wp-content\/uploads\/2019\/04\/cropped-logo-morar-mais-2-1-e1688661143585.png\",\"contentUrl\":\"https:\/\/morarmais.com.br\/mms\/wp-content\/uploads\/2019\/04\/cropped-logo-morar-mais-2-1-e1688661143585.png\",\"width\":130,\"height\":100,\"caption\":\"Morar mais\"},\"image\":{\"@id\":\"https:\/\/morarmais.com.br\/mms\/#\/schema\/logo\/image\/\"},\"sameAs\":[\"https:\/\/www.facebook.com\/morarmais\",\"https:\/\/www.instagram.com\/morarmaispormenos\",\"https:\/\/br.pinterest.com\/morarmais\/\"]},{\"@type\":\"Person\",\"@id\":\"https:\/\/morarmais.com.br\/mms\/#\/schema\/person\/279595a0d25fac9a49b182b180dd4460\",\"name\":\"morarmais\",\"image\":{\"@type\":\"ImageObject\",\"inLanguage\":\"pt-BR\",\"@id\":\"https:\/\/morarmais.com.br\/mms\/#\/schema\/person\/image\/\",\"url\":\"https:\/\/secure.gravatar.com\/avatar\/c61120420671a49f41c532958efe436f?s=96&d=mm&r=g\",\"contentUrl\":\"https:\/\/secure.gravatar.com\/avatar\/c61120420671a49f41c532958efe436f?s=96&d=mm&r=g\",\"caption\":\"morarmais\"},\"url\":\"https:\/\/morarmais.com.br\/mms\/author\/morarmais\/\"}]}<\/script>\n<!-- \/ Yoast SEO plugin. -->","yoast_head_json":{"title":"Decor com quadros: ideias fora do convencional - Morar mais","description":"Decor com quadros \u00e9 tend\u00eancia atual. Os temas s\u00e3o os mais diversos, de verdadeiras obras de arte a p\u00f4steres super-divertidos.","robots":{"index":"index","follow":"follow","max-snippet":"max-snippet:-1","max-image-preview":"max-image-preview:large","max-video-preview":"max-video-preview:-1"},"canonical":"https:\/\/morarmais.com.br\/mms\/decor-com-quadros\/","og_locale":"pt_BR","og_type":"article","og_title":"Decor com quadros: ideias fora do convencional - Morar mais","og_description":"Decor com quadros \u00e9 tend\u00eancia atual. Os temas s\u00e3o os mais diversos, de verdadeiras obras de arte a p\u00f4steres super-divertidos.","og_url":"https:\/\/morarmais.com.br\/mms\/decor-com-quadros\/","og_site_name":"Morar mais","article_publisher":"https:\/\/www.facebook.com\/morarmais","article_published_time":"2016-06-10T18:28:21+00:00","article_modified_time":"2020-10-01T19:22:26+00:00","og_image":[{"width":850,"height":562,"url":"https:\/\/i1.wp.com\/morarmais.com.br\/mms\/wp-content\/uploads\/2016\/06\/capa-morarmais-riodejaneiro.jpg?fit=850%2C562&ssl=1","type":"image\/jpeg"}],"author":"morarmais","twitter_card":"summary_large_image","twitter_misc":{"Escrito por":"morarmais","Est. tempo de leitura":"2 minutos"},"schema":{"@context":"https:\/\/schema.org","@graph":[{"@type":"Article","@id":"https:\/\/morarmais.com.br\/mms\/decor-com-quadros\/#article","isPartOf":{"@id":"https:\/\/morarmais.com.br\/mms\/decor-com-quadros\/"},"author":{"name":"morarmais","@id":"https:\/\/morarmais.com.br\/mms\/#\/schema\/person\/279595a0d25fac9a49b182b180dd4460"},"headline":"Decor com quadros: ideias fora do convencional","datePublished":"2016-06-10T18:28:21+00:00","dateModified":"2020-10-01T19:22:26+00:00","mainEntityOfPage":{"@id":"https:\/\/morarmais.com.br\/mms\/decor-com-quadros\/"},"wordCount":499,"commentCount":0,"publisher":{"@id":"https:\/\/morarmais.com.br\/mms\/#organization"},"image":{"@id":"https:\/\/morarmais.com.br\/mms\/decor-com-quadros\/#primaryimage"},"thumbnailUrl":"https:\/\/morarmais.com.br\/mms\/wp-content\/uploads\/2016\/06\/capa-morarmais-riodejaneiro.jpg","articleSection":["Home","Viciados em Design"],"inLanguage":"pt-BR","potentialAction":[{"@type":"CommentAction","name":"Comment","target":["https:\/\/morarmais.com.br\/mms\/decor-com-quadros\/#respond"]}]},{"@type":"WebPage","@id":"https:\/\/morarmais.com.br\/mms\/decor-com-quadros\/","url":"https:\/\/morarmais.com.br\/mms\/decor-com-quadros\/","name":"Decor com quadros: ideias fora do convencional - Morar mais","isPartOf":{"@id":"https:\/\/morarmais.com.br\/mms\/#website"},"primaryImageOfPage":{"@id":"https:\/\/morarmais.com.br\/mms\/decor-com-quadros\/#primaryimage"},"image":{"@id":"https:\/\/morarmais.com.br\/mms\/decor-com-quadros\/#primaryimage"},"thumbnailUrl":"https:\/\/morarmais.com.br\/mms\/wp-content\/uploads\/2016\/06\/capa-morarmais-riodejaneiro.jpg","datePublished":"2016-06-10T18:28:21+00:00","dateModified":"2020-10-01T19:22:26+00:00","description":"Decor com quadros \u00e9 tend\u00eancia atual. Os temas s\u00e3o os mais diversos, de verdadeiras obras de arte a p\u00f4steres super-divertidos.","breadcrumb":{"@id":"https:\/\/morarmais.com.br\/mms\/decor-com-quadros\/#breadcrumb"},"inLanguage":"pt-BR","potentialAction":[{"@type":"ReadAction","target":["https:\/\/morarmais.com.br\/mms\/decor-com-quadros\/"]}]},{"@type":"ImageObject","inLanguage":"pt-BR","@id":"https:\/\/morarmais.com.br\/mms\/decor-com-quadros\/#primaryimage","url":"https:\/\/morarmais.com.br\/mms\/wp-content\/uploads\/2016\/06\/capa-morarmais-riodejaneiro.jpg","contentUrl":"https:\/\/morarmais.com.br\/mms\/wp-content\/uploads\/2016\/06\/capa-morarmais-riodejaneiro.jpg","width":850,"height":562},{"@type":"BreadcrumbList","@id":"https:\/\/morarmais.com.br\/mms\/decor-com-quadros\/#breadcrumb","itemListElement":[{"@type":"ListItem","position":1,"name":"In\u00edcio","item":"https:\/\/morarmais.com.br\/mms\/"},{"@type":"ListItem","position":2,"name":"Decor com quadros: ideias fora do convencional"}]},{"@type":"WebSite","@id":"https:\/\/morarmais.com.br\/mms\/#website","url":"https:\/\/morarmais.com.br\/mms\/","name":"Morar mais","description":"O Chique que cabe no bolso","publisher":{"@id":"https:\/\/morarmais.com.br\/mms\/#organization"},"potentialAction":[{"@type":"SearchAction","target":{"@type":"EntryPoint","urlTemplate":"https:\/\/morarmais.com.br\/mms\/?s={search_term_string}"},"query-input":{"@type":"PropertyValueSpecification","valueRequired":true,"valueName":"search_term_string"}}],"inLanguage":"pt-BR"},{"@type":"Organization","@id":"https:\/\/morarmais.com.br\/mms\/#organization","name":"Morar mais","url":"https:\/\/morarmais.com.br\/mms\/","logo":{"@type":"ImageObject","inLanguage":"pt-BR","@id":"https:\/\/morarmais.com.br\/mms\/#\/schema\/logo\/image\/","url":"https:\/\/morarmais.com.br\/mms\/wp-content\/uploads\/2019\/04\/cropped-logo-morar-mais-2-1-e1688661143585.png","contentUrl":"https:\/\/morarmais.com.br\/mms\/wp-content\/uploads\/2019\/04\/cropped-logo-morar-mais-2-1-e1688661143585.png","width":130,"height":100,"caption":"Morar mais"},"image":{"@id":"https:\/\/morarmais.com.br\/mms\/#\/schema\/logo\/image\/"},"sameAs":["https:\/\/www.facebook.com\/morarmais","https:\/\/www.instagram.com\/morarmaispormenos","https:\/\/br.pinterest.com\/morarmais\/"]},{"@type":"Person","@id":"https:\/\/morarmais.com.br\/mms\/#\/schema\/person\/279595a0d25fac9a49b182b180dd4460","name":"morarmais","image":{"@type":"ImageObject","inLanguage":"pt-BR","@id":"https:\/\/morarmais.com.br\/mms\/#\/schema\/person\/image\/","url":"https:\/\/secure.gravatar.com\/avatar\/c61120420671a49f41c532958efe436f?s=96&d=mm&r=g","contentUrl":"https:\/\/secure.gravatar.com\/avatar\/c61120420671a49f41c532958efe436f?s=96&d=mm&r=g","caption":"morarmais"},"url":"https:\/\/morarmais.com.br\/mms\/author\/morarmais\/"}]}},"_links":{"self":[{"href":"https:\/\/morarmais.com.br\/mms\/wp-json\/wp\/v2\/posts\/623"}],"collection":[{"href":"https:\/\/morarmais.com.br\/mms\/wp-json\/wp\/v2\/posts"}],"about":[{"href":"https:\/\/morarmais.com.br\/mms\/wp-json\/wp\/v2\/types\/post"}],"author":[{"embeddable":true,"href":"https:\/\/morarmais.com.br\/mms\/wp-json\/wp\/v2\/users\/1"}],"replies":[{"embeddable":true,"href":"https:\/\/morarmais.com.br\/mms\/wp-json\/wp\/v2\/comments?post=623"}],"version-history":[{"count":0,"href":"https:\/\/morarmais.com.br\/mms\/wp-json\/wp\/v2\/posts\/623\/revisions"}],"wp:featuredmedia":[{"embeddable":true,"href":"https:\/\/morarmais.com.br\/mms\/wp-json\/wp\/v2\/media\/628"}],"wp:attachment":[{"href":"https:\/\/morarmais.com.br\/mms\/wp-json\/wp\/v2\/media?parent=623"}],"wp:term":[{"taxonomy":"category","embeddable":true,"href":"https:\/\/morarmais.com.br\/mms\/wp-json\/wp\/v2\/categories?post=623"},{"taxonomy":"post_tag","embeddable":true,"href":"https:\/\/morarmais.com.br\/mms\/wp-json\/wp\/v2\/tags?post=623"}],"curies":[{"name":"wp","href":"https:\/\/api.w.org\/{rel}","templated":true}]}}