{"id":602,"date":"2016-05-30T22:50:34","date_gmt":"2016-05-30T22:50:34","guid":{"rendered":"http:\/\/www.morarmais.com.br\/blog\/?p=602"},"modified":"2020-07-09T14:05:28","modified_gmt":"2020-07-09T14:05:28","slug":"viciados-em-design-4","status":"publish","type":"post","link":"https:\/\/morarmais.com.br\/mms\/viciados-em-design-4\/","title":{"rendered":"Viciados em design: Destaque na parede!"},"content":{"rendered":"<p style=\"text-align: left;\">Como o assunto \u00e9 muito rico, vamos fazer duas s\u00e9ries de postagens, cheias de boas ideias.<br \/>\nConfira as dicas de como compor uma parede liiiinnnda! \u00a0Nada como uma parede descolada\u00a0para dar um realce no decor. Na\u00a0pagina\u00e7\u00e3o das pe\u00e7as n\u00e3o tem mais vez\u00a0aquele visual comportado, com tudo&#8230; Agora, pendurar os quadros tamb\u00e9m \u00e9 uma arte!<\/p>\n<p style=\"text-align: left;\">No ambiente do Morar Mais Vit\u00f3ria, a escolha das obras foi decisiva para o sucesso da composi\u00e7\u00e3o. A op\u00e7\u00e3o pelos tons de cinza, preto e branco contra o revestimento de tijolo de cimento deu um ar radicalmente urbano. At\u00e9 na foto colorida, quase uma pintura abstrata, o preto \u00e9 marcante. Colocar objetos enquadrados, como os cocares, tamb\u00e9m \u00e9 um recurso muito bacana e inusitado.<\/p>\n<p style=\"text-align: left;\">DICAS:<br \/>\n1-A composi\u00e7\u00e3o assim\u00e9trica d\u00e1 movimento ao conjunto, mas se voc\u00ea olhar bem, vai perceber que as obras foram montadas por grupos de estilo e tipos de molduras. Os\u00a0cocares, com molduras pretas e as gravuras geom\u00e9tricas, com molduras de madeira clara, fazem duplas entre si.<br \/>\n2- A altura da coloca\u00e7\u00e3o dos quadros \u00e9 bem pr\u00f3xima do encosto do sof\u00e1. Al\u00ed\u00e1s, come\u00e7ar a distribui\u00e7\u00e3o dos quadros quase a partir do piso, o at\u00e9 o teto, \u00e9 muito bacana!<br \/>\n3- Para um efeito contempor\u00e2neo, o ideal \u00e9 usar aquela moldura chatinha,\u00a0e, entrar com algumas obras em caixas (que \u00e9 quando a obra n\u00e3o fica colada no vidro).<br \/>\n<em>Foto ambiente: MORAR MAIS VIT\u00d3RIA, SALA DE ESTAR, MARCELA GRASSELLI E KASIO FONTOURA<\/em><\/p>\n<p style=\"text-align: left;\"><strong>Para sair bem na foto!<\/strong><br \/>\nPendurar\u00a0fotos\u00a0, \u00e9 super tend\u00eancia. E \u00e9 bom saber que al\u00e9m das molduras com vidro, existem muitas outras maneira de dar acabamento nas fotografias. As\u00a0caixas de acr\u00edlico, por exemplo,\u00a0d\u00e3o um toque\u00a0bem atual. Outra\u00a0novidade que vale a pena experimentar \u00e9 a\u00a0montagem em <em>Plexiglass<\/em>, tamb\u00e9m conhecido como <em>Metacrilato<\/em>. O processo\u00a0tem sido muito utilizado por artistas em exposi\u00e7\u00f5es, porque valoriza a imagem com se fosse vitrificada e dispensa o uso de molduras. A imagem fica como se estivesse flutuando&#8230;<\/p>\n<p style=\"text-align: left;\"><a href=\"http:\/\/www.morarmais.com.br\/blog\/wp-content\/uploads\/2016\/05\/morarmais-riodejaneiro.jpg\"><img fetchpriority=\"high\" decoding=\"async\" class=\"alignnone size-full wp-image-609\" src=\"http:\/\/www.morarmais.com.br\/blog\/wp-content\/uploads\/2016\/05\/morarmais-riodejaneiro.jpg\" alt=\"morarmais-riodejaneiro\" width=\"850\" height=\"562\" srcset=\"https:\/\/morarmais.com.br\/mms\/wp-content\/uploads\/2016\/05\/morarmais-riodejaneiro.jpg 850w, https:\/\/morarmais.com.br\/mms\/wp-content\/uploads\/2016\/05\/morarmais-riodejaneiro-300x198.jpg 300w, https:\/\/morarmais.com.br\/mms\/wp-content\/uploads\/2016\/05\/morarmais-riodejaneiro-768x508.jpg 768w, https:\/\/morarmais.com.br\/mms\/wp-content\/uploads\/2016\/05\/morarmais-riodejaneiro-500x331.jpg 500w\" sizes=\"(max-width: 850px) 100vw, 850px\" \/><\/a><\/p>\n<p style=\"text-align: left;\">Na foto \u00e0 esquerda, um exemplo do uso do <em>Metacrilato<\/em>. O acabamento n\u00e3o fica incr\u00edvel?<br \/>\n<em>MORAR MAIS RIO DE JANEIRO, ESTAR E JANTAR DA FAM\u00cdLIA CARIOCA, ANDRESSA FONSECA<br \/>\nParceiros:\u00a0Quadros, Muui | Sof\u00e1, Vivence | Almofadas, By Floor<\/em><\/p>\n<p style=\"text-align: left;\">J\u00e1 na direita, as molduras em madeira crua e pretas (viu que s\u00e3o diferentes?) refor\u00e7am o efeito despojado\u00a0do tijolo aparente. Bem radical!<br \/>\nO espa\u00e7o, que \u00e9 uma homenagem ao fot\u00f3grafo Den\u00edlson Machado, tem nas paredes as belas fotos do homenageado.<br \/>\n<em>MORAR MAIS RIO DE JANEIRO, EST\u00daDIO DO FOT\u00d3GRAFO, BIANCA PRIOR, REGINA PRIOR, HANNAH BRAUER<br \/>\nParceiros:\u00a0Quadros, Denilson Machado | Almofadas, Velha Bahia<\/em><\/p>\n<p style=\"text-align: left;\"><strong>Vale tudo!<br \/>\n<\/strong>Para conseguir um visual bem diferente, as paredes podem abrigar, al\u00e9m de quadros, tamb\u00e9m objetos. Os pratos,\u00a0vistos tradicionalmente na decora\u00e7\u00e3o de estilo colonial, entram repaginados em composi\u00e7\u00f5es variadas. Misturados a pinturas, fotografias e gravuras eles criam mosaicos de cores e texturas, dando personalidade aos ambientes. Outra ousadia\u00a0bem-vinda \u00e9 a possibilidade de usar tanto obras de arte, quanto artesanato e at\u00e9 pintura das crian\u00e7as (por que n\u00e3o?) para criar espa\u00e7os cheios de originalidade e afeto.<\/p>\n<p style=\"text-align: left;\"><a href=\"http:\/\/www.morarmais.com.br\/blog\/wp-content\/uploads\/2016\/05\/morarmais-belohorizonte.jpg\"><img decoding=\"async\" class=\"alignnone size-full wp-image-607\" src=\"http:\/\/www.morarmais.com.br\/blog\/wp-content\/uploads\/2016\/05\/morarmais-belohorizonte.jpg\" alt=\"morarmais-belohorizonte\" width=\"850\" height=\"562\" srcset=\"https:\/\/morarmais.com.br\/mms\/wp-content\/uploads\/2016\/05\/morarmais-belohorizonte.jpg 850w, https:\/\/morarmais.com.br\/mms\/wp-content\/uploads\/2016\/05\/morarmais-belohorizonte-300x198.jpg 300w, https:\/\/morarmais.com.br\/mms\/wp-content\/uploads\/2016\/05\/morarmais-belohorizonte-768x508.jpg 768w, https:\/\/morarmais.com.br\/mms\/wp-content\/uploads\/2016\/05\/morarmais-belohorizonte-500x331.jpg 500w\" sizes=\"(max-width: 850px) 100vw, 850px\" \/><\/a><\/p>\n<p style=\"text-align: left;\"><em>FOTOS AMBIENTES (\u00c0 ESQUERDA): MORAR MAIS BELO HORIZONTE, SALA DE ALMO\u00c7O, DEUSICLEIA HORTA<\/em><br \/>\n<em>\u00c0 DIREITA:\u00a0MORAR MAIS BELO HORIZONTE, RESTAURANTE,\u00a0MARCIA MUNDIM<br \/>\nParceiros: Quadros, Rodrio Tozzi e Arte e Artefato | Cadeiras e Mesas, Decksol<\/em><\/p>\n<p style=\"text-align: left;\"><strong>Um painel bem variado!<br \/>\n<\/strong>Para dar mais inspira\u00e7\u00e3o para voc\u00ea encher a parede, sem medo de ser feliz, d\u00e1 um olhadinha nos ambientes abaixo!<\/p>\n<p style=\"text-align: left;\"><a href=\"http:\/\/www.morarmais.com.br\/blog\/wp-content\/uploads\/2016\/05\/morarmais-quadros1.jpg\"><img decoding=\"async\" class=\"alignnone size-full wp-image-615\" src=\"http:\/\/www.morarmais.com.br\/blog\/wp-content\/uploads\/2016\/05\/morarmais-quadros1.jpg\" alt=\"morarmais-quadros1\" width=\"850\" height=\"562\" srcset=\"https:\/\/morarmais.com.br\/mms\/wp-content\/uploads\/2016\/05\/morarmais-quadros1.jpg 850w, https:\/\/morarmais.com.br\/mms\/wp-content\/uploads\/2016\/05\/morarmais-quadros1-300x198.jpg 300w, https:\/\/morarmais.com.br\/mms\/wp-content\/uploads\/2016\/05\/morarmais-quadros1-768x508.jpg 768w, https:\/\/morarmais.com.br\/mms\/wp-content\/uploads\/2016\/05\/morarmais-quadros1-500x331.jpg 500w\" sizes=\"(max-width: 850px) 100vw, 850px\" \/><\/a><\/p>\n<p style=\"text-align: left;\">Adoramos esta composi\u00e7\u00e3o virando a esquina: tudo em preto branco e madeira crua, e bem coladinho.<br \/>\n<em>FONTE: WWW.DECORACAO.COM<\/em><\/p>\n<p style=\"text-align: left;\">L\u00e1 em cima, \u00e0 direita, num ambiente do Morar Mais 2014, que a gente n\u00e3o cansa de admirar: preto, branco e pink, bem <em>pop-art<\/em>.<br \/>\n<em>FOTO AMBIENTE: MORAR MAIS RIO DE JANEIRO, VARANDA COM ESTILO, FERNADA DORTA E MAGDA ALVA<br \/>\nParceiros:\u00a0Quadros, Urban Arts | Sof\u00e1, Vivence<\/em><\/p>\n<p style=\"text-align: left;\">J\u00e1 na sala com clima dos anos 70, dominam as imagens\u00a0com levada <em>rock-and-roll<\/em> em composi\u00e7\u00e3o assim\u00e9trica que come\u00e7a um pouquinho acima do rodap\u00e9. Uau!!!<br \/>\n<em>FONTE: WWW.INSPIRA.NETDECOR.COM.BR<\/em><\/p>\n<p>Siga-nos no instagram: <a href=\"http:\/\/www.instagram.com\/morarmaispormenos\">@morarmaispormenos<\/a><\/p>\n","protected":false},"excerpt":{"rendered":"<p>Como o assunto \u00e9 muito rico, vamos fazer duas s\u00e9ries de postagens, cheias de boas ideias. Confira as dicas de como compor uma parede liiiinnnda! \u00a0Nada como uma parede descolada\u00a0para dar um realce no decor. Na\u00a0pagina\u00e7\u00e3o das pe\u00e7as n\u00e3o tem mais vez\u00a0aquele visual comportado, com tudo&#8230; Agora, pendurar os quadros tamb\u00e9m \u00e9 uma arte! No&hellip;&nbsp;<a href=\"https:\/\/morarmais.com.br\/mms\/viciados-em-design-4\/\" rel=\"bookmark\">Continue a ler &raquo;<span class=\"screen-reader-text\">Viciados em design: Destaque na parede!<\/span><\/a><\/p>\n","protected":false},"author":3,"featured_media":610,"comment_status":"closed","ping_status":"closed","sticky":false,"template":"","format":"standard","meta":{"_eb_attr":"","editor_plus_copied_stylings":"{}","neve_meta_sidebar":"","neve_meta_container":"","neve_meta_enable_content_width":"off","neve_meta_content_width":0,"neve_meta_title_alignment":"","neve_meta_author_avatar":"","neve_post_elements_order":"","neve_meta_disable_header":"","neve_meta_disable_footer":"","neve_meta_disable_title":"","_themeisle_gutenberg_block_has_review":false,"_vp_format_video_url":"","_vp_image_focal_point":[],"footnotes":""},"categories":[23,31],"tags":[],"class_list":["post-602","post","type-post","status-publish","format-standard","has-post-thumbnail","hentry","category-home","category-viciados-em-design"],"yoast_head":"<!-- This site is optimized with the Yoast SEO plugin v25.6 - https:\/\/yoast.com\/wordpress\/plugins\/seo\/ -->\n<title>Viciados em design: Destaque na parede! - Morar mais<\/title>\n<meta name=\"robots\" content=\"index, follow, max-snippet:-1, max-image-preview:large, max-video-preview:-1\" \/>\n<link rel=\"canonical\" href=\"https:\/\/morarmais.com.br\/mms\/viciados-em-design-4\/\" \/>\n<meta property=\"og:locale\" content=\"pt_BR\" \/>\n<meta property=\"og:type\" content=\"article\" \/>\n<meta property=\"og:title\" content=\"Viciados em design: Destaque na parede! - Morar mais\" \/>\n<meta property=\"og:description\" content=\"Como o assunto \u00e9 muito rico, vamos fazer duas s\u00e9ries de postagens, cheias de boas ideias. Confira as dicas de como compor uma parede liiiinnnda! \u00a0Nada como uma parede descolada\u00a0para dar um realce no decor. Na\u00a0pagina\u00e7\u00e3o das pe\u00e7as n\u00e3o tem mais vez\u00a0aquele visual comportado, com tudo&#8230; Agora, pendurar os quadros tamb\u00e9m \u00e9 uma arte! No&hellip;&nbsp;Continue a ler &raquo;Viciados em design: Destaque na parede!\" \/>\n<meta property=\"og:url\" content=\"https:\/\/morarmais.com.br\/mms\/viciados-em-design-4\/\" \/>\n<meta property=\"og:site_name\" content=\"Morar mais\" \/>\n<meta property=\"article:publisher\" content=\"https:\/\/www.facebook.com\/morarmais\" \/>\n<meta property=\"article:published_time\" content=\"2016-05-30T22:50:34+00:00\" \/>\n<meta property=\"article:modified_time\" content=\"2020-07-09T14:05:28+00:00\" \/>\n<meta property=\"og:image\" content=\"https:\/\/i1.wp.com\/morarmais.com.br\/mms\/wp-content\/uploads\/2016\/05\/morarmais-vitoria.jpg?fit=850%2C562&ssl=1\" \/>\n\t<meta property=\"og:image:width\" content=\"850\" \/>\n\t<meta property=\"og:image:height\" content=\"562\" \/>\n\t<meta property=\"og:image:type\" content=\"image\/jpeg\" \/>\n<meta name=\"author\" content=\"premiata\" \/>\n<meta name=\"twitter:card\" content=\"summary_large_image\" \/>\n<meta name=\"twitter:label1\" content=\"Escrito por\" \/>\n\t<meta name=\"twitter:data1\" content=\"premiata\" \/>\n\t<meta name=\"twitter:label2\" content=\"Est. tempo de leitura\" \/>\n\t<meta name=\"twitter:data2\" content=\"3 minutos\" \/>\n<script type=\"application\/ld+json\" class=\"yoast-schema-graph\">{\"@context\":\"https:\/\/schema.org\",\"@graph\":[{\"@type\":\"Article\",\"@id\":\"https:\/\/morarmais.com.br\/mms\/viciados-em-design-4\/#article\",\"isPartOf\":{\"@id\":\"https:\/\/morarmais.com.br\/mms\/viciados-em-design-4\/\"},\"author\":{\"name\":\"premiata\",\"@id\":\"https:\/\/morarmais.com.br\/mms\/#\/schema\/person\/2b6eaad3f24c852077a8e21da2395a85\"},\"headline\":\"Viciados em design: Destaque na parede!\",\"datePublished\":\"2016-05-30T22:50:34+00:00\",\"dateModified\":\"2020-07-09T14:05:28+00:00\",\"mainEntityOfPage\":{\"@id\":\"https:\/\/morarmais.com.br\/mms\/viciados-em-design-4\/\"},\"wordCount\":699,\"publisher\":{\"@id\":\"https:\/\/morarmais.com.br\/mms\/#organization\"},\"image\":{\"@id\":\"https:\/\/morarmais.com.br\/mms\/viciados-em-design-4\/#primaryimage\"},\"thumbnailUrl\":\"https:\/\/morarmais.com.br\/mms\/wp-content\/uploads\/2016\/05\/morarmais-vitoria.jpg\",\"articleSection\":[\"Home\",\"Viciados em Design\"],\"inLanguage\":\"pt-BR\"},{\"@type\":\"WebPage\",\"@id\":\"https:\/\/morarmais.com.br\/mms\/viciados-em-design-4\/\",\"url\":\"https:\/\/morarmais.com.br\/mms\/viciados-em-design-4\/\",\"name\":\"Viciados em design: Destaque na parede! - Morar mais\",\"isPartOf\":{\"@id\":\"https:\/\/morarmais.com.br\/mms\/#website\"},\"primaryImageOfPage\":{\"@id\":\"https:\/\/morarmais.com.br\/mms\/viciados-em-design-4\/#primaryimage\"},\"image\":{\"@id\":\"https:\/\/morarmais.com.br\/mms\/viciados-em-design-4\/#primaryimage\"},\"thumbnailUrl\":\"https:\/\/morarmais.com.br\/mms\/wp-content\/uploads\/2016\/05\/morarmais-vitoria.jpg\",\"datePublished\":\"2016-05-30T22:50:34+00:00\",\"dateModified\":\"2020-07-09T14:05:28+00:00\",\"breadcrumb\":{\"@id\":\"https:\/\/morarmais.com.br\/mms\/viciados-em-design-4\/#breadcrumb\"},\"inLanguage\":\"pt-BR\",\"potentialAction\":[{\"@type\":\"ReadAction\",\"target\":[\"https:\/\/morarmais.com.br\/mms\/viciados-em-design-4\/\"]}]},{\"@type\":\"ImageObject\",\"inLanguage\":\"pt-BR\",\"@id\":\"https:\/\/morarmais.com.br\/mms\/viciados-em-design-4\/#primaryimage\",\"url\":\"https:\/\/morarmais.com.br\/mms\/wp-content\/uploads\/2016\/05\/morarmais-vitoria.jpg\",\"contentUrl\":\"https:\/\/morarmais.com.br\/mms\/wp-content\/uploads\/2016\/05\/morarmais-vitoria.jpg\",\"width\":850,\"height\":562},{\"@type\":\"BreadcrumbList\",\"@id\":\"https:\/\/morarmais.com.br\/mms\/viciados-em-design-4\/#breadcrumb\",\"itemListElement\":[{\"@type\":\"ListItem\",\"position\":1,\"name\":\"In\u00edcio\",\"item\":\"https:\/\/morarmais.com.br\/mms\/\"},{\"@type\":\"ListItem\",\"position\":2,\"name\":\"Viciados em design: Destaque na parede!\"}]},{\"@type\":\"WebSite\",\"@id\":\"https:\/\/morarmais.com.br\/mms\/#website\",\"url\":\"https:\/\/morarmais.com.br\/mms\/\",\"name\":\"Morar mais\",\"description\":\"O Chique que cabe no bolso\",\"publisher\":{\"@id\":\"https:\/\/morarmais.com.br\/mms\/#organization\"},\"potentialAction\":[{\"@type\":\"SearchAction\",\"target\":{\"@type\":\"EntryPoint\",\"urlTemplate\":\"https:\/\/morarmais.com.br\/mms\/?s={search_term_string}\"},\"query-input\":{\"@type\":\"PropertyValueSpecification\",\"valueRequired\":true,\"valueName\":\"search_term_string\"}}],\"inLanguage\":\"pt-BR\"},{\"@type\":\"Organization\",\"@id\":\"https:\/\/morarmais.com.br\/mms\/#organization\",\"name\":\"Morar mais\",\"url\":\"https:\/\/morarmais.com.br\/mms\/\",\"logo\":{\"@type\":\"ImageObject\",\"inLanguage\":\"pt-BR\",\"@id\":\"https:\/\/morarmais.com.br\/mms\/#\/schema\/logo\/image\/\",\"url\":\"https:\/\/morarmais.com.br\/mms\/wp-content\/uploads\/2019\/04\/cropped-logo-morar-mais-2-1-e1688661143585.png\",\"contentUrl\":\"https:\/\/morarmais.com.br\/mms\/wp-content\/uploads\/2019\/04\/cropped-logo-morar-mais-2-1-e1688661143585.png\",\"width\":130,\"height\":100,\"caption\":\"Morar mais\"},\"image\":{\"@id\":\"https:\/\/morarmais.com.br\/mms\/#\/schema\/logo\/image\/\"},\"sameAs\":[\"https:\/\/www.facebook.com\/morarmais\",\"https:\/\/www.instagram.com\/morarmaispormenos\",\"https:\/\/br.pinterest.com\/morarmais\/\"]},{\"@type\":\"Person\",\"@id\":\"https:\/\/morarmais.com.br\/mms\/#\/schema\/person\/2b6eaad3f24c852077a8e21da2395a85\",\"name\":\"premiata\",\"image\":{\"@type\":\"ImageObject\",\"inLanguage\":\"pt-BR\",\"@id\":\"https:\/\/morarmais.com.br\/mms\/#\/schema\/person\/image\/\",\"url\":\"https:\/\/secure.gravatar.com\/avatar\/?s=96&d=mm&r=g\",\"contentUrl\":\"https:\/\/secure.gravatar.com\/avatar\/?s=96&d=mm&r=g\",\"caption\":\"premiata\"},\"url\":\"https:\/\/morarmais.com.br\/mms\/author\/premiata\/\"}]}<\/script>\n<!-- \/ Yoast SEO plugin. -->","yoast_head_json":{"title":"Viciados em design: Destaque na parede! - Morar mais","robots":{"index":"index","follow":"follow","max-snippet":"max-snippet:-1","max-image-preview":"max-image-preview:large","max-video-preview":"max-video-preview:-1"},"canonical":"https:\/\/morarmais.com.br\/mms\/viciados-em-design-4\/","og_locale":"pt_BR","og_type":"article","og_title":"Viciados em design: Destaque na parede! - Morar mais","og_description":"Como o assunto \u00e9 muito rico, vamos fazer duas s\u00e9ries de postagens, cheias de boas ideias. Confira as dicas de como compor uma parede liiiinnnda! \u00a0Nada como uma parede descolada\u00a0para dar um realce no decor. Na\u00a0pagina\u00e7\u00e3o das pe\u00e7as n\u00e3o tem mais vez\u00a0aquele visual comportado, com tudo&#8230; Agora, pendurar os quadros tamb\u00e9m \u00e9 uma arte! No&hellip;&nbsp;Continue a ler &raquo;Viciados em design: Destaque na parede!","og_url":"https:\/\/morarmais.com.br\/mms\/viciados-em-design-4\/","og_site_name":"Morar mais","article_publisher":"https:\/\/www.facebook.com\/morarmais","article_published_time":"2016-05-30T22:50:34+00:00","article_modified_time":"2020-07-09T14:05:28+00:00","og_image":[{"width":850,"height":562,"url":"https:\/\/i1.wp.com\/morarmais.com.br\/mms\/wp-content\/uploads\/2016\/05\/morarmais-vitoria.jpg?fit=850%2C562&ssl=1","type":"image\/jpeg"}],"author":"premiata","twitter_card":"summary_large_image","twitter_misc":{"Escrito por":"premiata","Est. tempo de leitura":"3 minutos"},"schema":{"@context":"https:\/\/schema.org","@graph":[{"@type":"Article","@id":"https:\/\/morarmais.com.br\/mms\/viciados-em-design-4\/#article","isPartOf":{"@id":"https:\/\/morarmais.com.br\/mms\/viciados-em-design-4\/"},"author":{"name":"premiata","@id":"https:\/\/morarmais.com.br\/mms\/#\/schema\/person\/2b6eaad3f24c852077a8e21da2395a85"},"headline":"Viciados em design: Destaque na parede!","datePublished":"2016-05-30T22:50:34+00:00","dateModified":"2020-07-09T14:05:28+00:00","mainEntityOfPage":{"@id":"https:\/\/morarmais.com.br\/mms\/viciados-em-design-4\/"},"wordCount":699,"publisher":{"@id":"https:\/\/morarmais.com.br\/mms\/#organization"},"image":{"@id":"https:\/\/morarmais.com.br\/mms\/viciados-em-design-4\/#primaryimage"},"thumbnailUrl":"https:\/\/morarmais.com.br\/mms\/wp-content\/uploads\/2016\/05\/morarmais-vitoria.jpg","articleSection":["Home","Viciados em Design"],"inLanguage":"pt-BR"},{"@type":"WebPage","@id":"https:\/\/morarmais.com.br\/mms\/viciados-em-design-4\/","url":"https:\/\/morarmais.com.br\/mms\/viciados-em-design-4\/","name":"Viciados em design: Destaque na parede! - Morar mais","isPartOf":{"@id":"https:\/\/morarmais.com.br\/mms\/#website"},"primaryImageOfPage":{"@id":"https:\/\/morarmais.com.br\/mms\/viciados-em-design-4\/#primaryimage"},"image":{"@id":"https:\/\/morarmais.com.br\/mms\/viciados-em-design-4\/#primaryimage"},"thumbnailUrl":"https:\/\/morarmais.com.br\/mms\/wp-content\/uploads\/2016\/05\/morarmais-vitoria.jpg","datePublished":"2016-05-30T22:50:34+00:00","dateModified":"2020-07-09T14:05:28+00:00","breadcrumb":{"@id":"https:\/\/morarmais.com.br\/mms\/viciados-em-design-4\/#breadcrumb"},"inLanguage":"pt-BR","potentialAction":[{"@type":"ReadAction","target":["https:\/\/morarmais.com.br\/mms\/viciados-em-design-4\/"]}]},{"@type":"ImageObject","inLanguage":"pt-BR","@id":"https:\/\/morarmais.com.br\/mms\/viciados-em-design-4\/#primaryimage","url":"https:\/\/morarmais.com.br\/mms\/wp-content\/uploads\/2016\/05\/morarmais-vitoria.jpg","contentUrl":"https:\/\/morarmais.com.br\/mms\/wp-content\/uploads\/2016\/05\/morarmais-vitoria.jpg","width":850,"height":562},{"@type":"BreadcrumbList","@id":"https:\/\/morarmais.com.br\/mms\/viciados-em-design-4\/#breadcrumb","itemListElement":[{"@type":"ListItem","position":1,"name":"In\u00edcio","item":"https:\/\/morarmais.com.br\/mms\/"},{"@type":"ListItem","position":2,"name":"Viciados em design: Destaque na parede!"}]},{"@type":"WebSite","@id":"https:\/\/morarmais.com.br\/mms\/#website","url":"https:\/\/morarmais.com.br\/mms\/","name":"Morar mais","description":"O Chique que cabe no bolso","publisher":{"@id":"https:\/\/morarmais.com.br\/mms\/#organization"},"potentialAction":[{"@type":"SearchAction","target":{"@type":"EntryPoint","urlTemplate":"https:\/\/morarmais.com.br\/mms\/?s={search_term_string}"},"query-input":{"@type":"PropertyValueSpecification","valueRequired":true,"valueName":"search_term_string"}}],"inLanguage":"pt-BR"},{"@type":"Organization","@id":"https:\/\/morarmais.com.br\/mms\/#organization","name":"Morar mais","url":"https:\/\/morarmais.com.br\/mms\/","logo":{"@type":"ImageObject","inLanguage":"pt-BR","@id":"https:\/\/morarmais.com.br\/mms\/#\/schema\/logo\/image\/","url":"https:\/\/morarmais.com.br\/mms\/wp-content\/uploads\/2019\/04\/cropped-logo-morar-mais-2-1-e1688661143585.png","contentUrl":"https:\/\/morarmais.com.br\/mms\/wp-content\/uploads\/2019\/04\/cropped-logo-morar-mais-2-1-e1688661143585.png","width":130,"height":100,"caption":"Morar mais"},"image":{"@id":"https:\/\/morarmais.com.br\/mms\/#\/schema\/logo\/image\/"},"sameAs":["https:\/\/www.facebook.com\/morarmais","https:\/\/www.instagram.com\/morarmaispormenos","https:\/\/br.pinterest.com\/morarmais\/"]},{"@type":"Person","@id":"https:\/\/morarmais.com.br\/mms\/#\/schema\/person\/2b6eaad3f24c852077a8e21da2395a85","name":"premiata","image":{"@type":"ImageObject","inLanguage":"pt-BR","@id":"https:\/\/morarmais.com.br\/mms\/#\/schema\/person\/image\/","url":"https:\/\/secure.gravatar.com\/avatar\/?s=96&d=mm&r=g","contentUrl":"https:\/\/secure.gravatar.com\/avatar\/?s=96&d=mm&r=g","caption":"premiata"},"url":"https:\/\/morarmais.com.br\/mms\/author\/premiata\/"}]}},"_links":{"self":[{"href":"https:\/\/morarmais.com.br\/mms\/wp-json\/wp\/v2\/posts\/602"}],"collection":[{"href":"https:\/\/morarmais.com.br\/mms\/wp-json\/wp\/v2\/posts"}],"about":[{"href":"https:\/\/morarmais.com.br\/mms\/wp-json\/wp\/v2\/types\/post"}],"author":[{"embeddable":true,"href":"https:\/\/morarmais.com.br\/mms\/wp-json\/wp\/v2\/users\/3"}],"replies":[{"embeddable":true,"href":"https:\/\/morarmais.com.br\/mms\/wp-json\/wp\/v2\/comments?post=602"}],"version-history":[{"count":0,"href":"https:\/\/morarmais.com.br\/mms\/wp-json\/wp\/v2\/posts\/602\/revisions"}],"wp:featuredmedia":[{"embeddable":true,"href":"https:\/\/morarmais.com.br\/mms\/wp-json\/wp\/v2\/media\/610"}],"wp:attachment":[{"href":"https:\/\/morarmais.com.br\/mms\/wp-json\/wp\/v2\/media?parent=602"}],"wp:term":[{"taxonomy":"category","embeddable":true,"href":"https:\/\/morarmais.com.br\/mms\/wp-json\/wp\/v2\/categories?post=602"},{"taxonomy":"post_tag","embeddable":true,"href":"https:\/\/morarmais.com.br\/mms\/wp-json\/wp\/v2\/tags?post=602"}],"curies":[{"name":"wp","href":"https:\/\/api.w.org\/{rel}","templated":true}]}}