{"id":555,"date":"2016-04-26T00:39:39","date_gmt":"2016-04-26T00:39:39","guid":{"rendered":"http:\/\/www.morarmais.com.br\/blog\/?p=555"},"modified":"2020-07-09T14:11:31","modified_gmt":"2020-07-09T14:11:31","slug":"por-um-mundo-sustentavel","status":"publish","type":"post","link":"https:\/\/morarmais.com.br\/mms\/por-um-mundo-sustentavel\/","title":{"rendered":"Por um mundo sustent\u00e1vel: Falsa taxidermia na decor!"},"content":{"rendered":"<p>O uso de cabe\u00e7as de animais para decorar as paredes, voltou com tudo. S\u00f3 que agora elas s\u00e3o de mentira (ainda bem!!!) ou, falsa taxidermia*, como v\u00eam sendo chamadas. S\u00f3 para esclarecer: a taxidermia \u00e9 uma t\u00e9cnica utilizada para preservar um animal com todas as suas caracter\u00edsticas f\u00edsicas. Um de seus usos mais frequentes \u00e9 em cabe\u00e7as que s\u00e3o exibidas como trof\u00e9us de ca\u00e7a, o que vamos combinar, n\u00e3o fica nada bem na \u00e9poca em que vivemos.<br \/>\nEnt\u00e3o, no mundo inteiro a reprodu\u00e7\u00e3o de bustos dos bichinhos em mdf, cer\u00e2mica, tecido e at\u00e9 croch\u00ea, virou uma febre. Os animais agradecem!<br \/>\nComo os participantes do Morar Mais est\u00e3o sempre por dentro do que acontece no mundo do design de interiores, l\u00e1 v\u00e3o alguns exemplos de que em 2014 e 2015, apostaram no bicho! Para ilustrar, mostramos tamb\u00e9m decora\u00e7\u00f5es de outras partes do planeta, com a mesma levada de preserva\u00e7\u00e3o da fauna e, \u00e9 claro, do bom gosto.<br \/>\n<strong>Chique e po\u00e9tico<br \/>\n<\/strong>Os veados e alces t\u00eam sido os animais preferidos para a falsa taxidermia. No Morar Mais\u00a0Goi\u00e2nia, um\u00a0cervo em lou\u00e7a branca tem p\u00e1ssaros em sua galhada de madeira. N\u00f3s achamos lindo e muito po\u00e9tico. Para completar, o uso dos tons minerais e o decor com pe\u00e7as selecionadas deixa tudo em harmonia. Como na natureza.<br \/>\n<a href=\"http:\/\/www.morarmais.com.br\/blog\/wp-content\/uploads\/2016\/04\/22-01-2016-bichosS-morar-mais0.jpg\"><img fetchpriority=\"high\" decoding=\"async\" class=\"alignnone size-full wp-image-558\" src=\"http:\/\/www.morarmais.com.br\/blog\/wp-content\/uploads\/2016\/04\/22-01-2016-bichosS-morar-mais0.jpg\" alt=\"22-01-2016-bichosS-morar-mais0\" width=\"763\" height=\"504\" srcset=\"https:\/\/morarmais.com.br\/mms\/wp-content\/uploads\/2016\/04\/22-01-2016-bichosS-morar-mais0.jpg 763w, https:\/\/morarmais.com.br\/mms\/wp-content\/uploads\/2016\/04\/22-01-2016-bichosS-morar-mais0-300x198.jpg 300w, https:\/\/morarmais.com.br\/mms\/wp-content\/uploads\/2016\/04\/22-01-2016-bichosS-morar-mais0-500x330.jpg 500w\" sizes=\"(max-width: 763px) 100vw, 763px\" \/><\/a><br \/>\n<a href=\"http:\/\/www.morarmais.com.br\/blog\/wp-content\/uploads\/2016\/04\/22-01-2016-bichosS-morar-mais0-1.jpg\"><img decoding=\"async\" class=\"alignnone size-full wp-image-557\" src=\"http:\/\/www.morarmais.com.br\/blog\/wp-content\/uploads\/2016\/04\/22-01-2016-bichosS-morar-mais0-1.jpg\" alt=\"22-01-2016-bichosS-morar-mais0-1\" width=\"763\" height=\"504\" srcset=\"https:\/\/morarmais.com.br\/mms\/wp-content\/uploads\/2016\/04\/22-01-2016-bichosS-morar-mais0-1.jpg 763w, https:\/\/morarmais.com.br\/mms\/wp-content\/uploads\/2016\/04\/22-01-2016-bichosS-morar-mais0-1-300x198.jpg 300w, https:\/\/morarmais.com.br\/mms\/wp-content\/uploads\/2016\/04\/22-01-2016-bichosS-morar-mais0-1-500x330.jpg 500w\" sizes=\"(max-width: 763px) 100vw, 763px\" \/><br \/>\n<\/a><em><span style=\"color: #000000;\"><a href=\"http:\/\/www.morarmais.com.br\/blog\/wordpressteste\/wp-content\/uploads\/2016\/04\/22-01-2016-bichosS-morar-mais0-1.jpg\">Morar Mais\u00ae Goi\u00e2nia, Estar Juntos, Diego Ramos<br \/>\n<\/a><\/span><\/em><em><span style=\"color: #000000;\">Pelo mundo: <a style=\"color: #000000; text-decoration: underline;\" href=\"http:\/\/www.wallcharmers.com\">www.wallcharmers.com<\/a>, <span style=\"text-decoration: underline;\">www.houzz.com<\/span><\/span><\/em><br \/>\n<strong>Casa de menina<br \/>\n<\/strong>Quem diria que a cabe\u00e7a de um animal pudesse virar um adorno delicado. Foi isso que aconteceu no ambiente do Morar Mais Rio de Janeiro criado para ser o est\u00fadio de uma designer. Cercado por papel de parede de bolinhas, almofadas florais e cores pasteis, a escultura ficou um charme e o espa\u00e7o bem feminino. N\u00e3o \u00e9 \u00e0 toa que o busto tem sido utilizado com vers\u00f5es com aplica\u00e7\u00f5es de padr\u00f5es primaveris e at\u00e9 em tecido.<br \/>\n<a href=\"http:\/\/www.morarmais.com.br\/blog\/wp-content\/uploads\/2016\/04\/morarmais-taxidermiafalsa1.jpg\"><img decoding=\"async\" class=\"alignnone size-full wp-image-559\" src=\"http:\/\/www.morarmais.com.br\/blog\/wp-content\/uploads\/2016\/04\/morarmais-taxidermiafalsa1.jpg\" alt=\"morarmais-taxidermiafalsa1\" width=\"763\" height=\"504\" srcset=\"https:\/\/morarmais.com.br\/mms\/wp-content\/uploads\/2016\/04\/morarmais-taxidermiafalsa1.jpg 763w, https:\/\/morarmais.com.br\/mms\/wp-content\/uploads\/2016\/04\/morarmais-taxidermiafalsa1-300x198.jpg 300w, https:\/\/morarmais.com.br\/mms\/wp-content\/uploads\/2016\/04\/morarmais-taxidermiafalsa1-500x330.jpg 500w\" sizes=\"(max-width: 763px) 100vw, 763px\" \/><\/a><br \/>\n<a href=\"http:\/\/www.morarmais.com.br\/blog\/wp-content\/uploads\/2016\/04\/22-01-2016-bichosS-morar-mais1-1.jpg\"><img loading=\"lazy\" decoding=\"async\" class=\"alignnone size-full wp-image-560\" src=\"http:\/\/www.morarmais.com.br\/blog\/wp-content\/uploads\/2016\/04\/22-01-2016-bichosS-morar-mais1-1.jpg\" alt=\"22-01-2016-bichosS-morar-mais1-1\" width=\"763\" height=\"504\" srcset=\"https:\/\/morarmais.com.br\/mms\/wp-content\/uploads\/2016\/04\/22-01-2016-bichosS-morar-mais1-1.jpg 763w, https:\/\/morarmais.com.br\/mms\/wp-content\/uploads\/2016\/04\/22-01-2016-bichosS-morar-mais1-1-300x198.jpg 300w, https:\/\/morarmais.com.br\/mms\/wp-content\/uploads\/2016\/04\/22-01-2016-bichosS-morar-mais1-1-500x330.jpg 500w\" sizes=\"(max-width: 763px) 100vw, 763px\" \/><br \/>\n<\/a><em>Morar Mais\u00ae Rio de Janeiro, Est\u00fadio da Designer,\u00a0 Nilton Montarroyos<br \/>\n<\/em><em>Pelo mundo: <span style=\"text-decoration: underline;\"><a style=\"color: #000000; text-decoration: underline;\" href=\"http:\/\/www.tinatarnoff\">www.tinatarnoff<\/a>.typepad.com<\/span>,\u00a0<a style=\"color: #000000;\" href=\"http:\/\/www.etsy.com\">www.etsy.com<\/a><\/em><br \/>\n<strong>Mistura ecl\u00e9tica<br \/>\n<\/strong>Sob o olhar vigilante de um alce (de mentirinha), conversam pe\u00e7as de estilos bem diferentes. \u00cdcones do Brasil colonial, os abacaxis, dividem as prateleiras com artesanato brasileiro e cristal Murano. A celebrada poltrona Charles Eames, a mesa de projeto arrojado e a lareira em etanol t\u00eam o contraponto luxuoso de um enorme lustre de cristal de 60 bra\u00e7os. Tradi\u00e7\u00e3o e futuro convivem num mesmo espa\u00e7o.<br \/>\n<a href=\"http:\/\/www.morarmais.com.br\/blog\/wp-content\/uploads\/2016\/04\/morarmais-taxidermiafalsa.jpg\"><img loading=\"lazy\" decoding=\"async\" class=\"alignnone size-full wp-image-561\" src=\"http:\/\/www.morarmais.com.br\/blog\/wp-content\/uploads\/2016\/04\/morarmais-taxidermiafalsa.jpg\" alt=\"morarmais-taxidermiafalsa\" width=\"763\" height=\"504\" srcset=\"https:\/\/morarmais.com.br\/mms\/wp-content\/uploads\/2016\/04\/morarmais-taxidermiafalsa.jpg 763w, https:\/\/morarmais.com.br\/mms\/wp-content\/uploads\/2016\/04\/morarmais-taxidermiafalsa-300x198.jpg 300w, https:\/\/morarmais.com.br\/mms\/wp-content\/uploads\/2016\/04\/morarmais-taxidermiafalsa-500x330.jpg 500w\" sizes=\"(max-width: 763px) 100vw, 763px\" \/><\/a><br \/>\n<a href=\"http:\/\/www.morarmais.com.br\/blog\/wp-content\/uploads\/2016\/04\/morarmais-taxidermiafalsa3-1.jpg\"><img loading=\"lazy\" decoding=\"async\" class=\"alignnone size-full wp-image-562\" src=\"http:\/\/www.morarmais.com.br\/blog\/wp-content\/uploads\/2016\/04\/morarmais-taxidermiafalsa3-1.jpg\" alt=\"morarmais-taxidermiafalsa3-1\" width=\"763\" height=\"504\" srcset=\"https:\/\/morarmais.com.br\/mms\/wp-content\/uploads\/2016\/04\/morarmais-taxidermiafalsa3-1.jpg 763w, https:\/\/morarmais.com.br\/mms\/wp-content\/uploads\/2016\/04\/morarmais-taxidermiafalsa3-1-300x198.jpg 300w, https:\/\/morarmais.com.br\/mms\/wp-content\/uploads\/2016\/04\/morarmais-taxidermiafalsa3-1-500x330.jpg 500w\" sizes=\"(max-width: 763px) 100vw, 763px\" \/><br \/>\n<\/a><em>Morar Mais\u00ae Campo Grande 2015, Sala de Cria\u00e7\u00e3o do Designer de Interiores\u00a0 &#8211; ABD. Alessandra O. Batista, Daiana Capuci, Fabiana Bicca, Flavio C. DA Silva, Paula Pacheco, Benia B. da Silva, N\u00e1dia Mattos, Priscilla Valler, Youssef\u00a0 M. Carvalho<br \/>\n<\/em><em>Pelo mundo: <a href=\"http:\/\/www.dolangeiman.com\">www.dolangeiman.com<\/a>, <a href=\"http:\/\/www.myscandinavainhome.com\">www.myscandinavainhome.com<\/a>, \u00a0www.inmyhouse.com.br<\/em><\/p>\n","protected":false},"excerpt":{"rendered":"<p>O uso de cabe\u00e7as de animais para decorar as paredes, voltou com tudo. S\u00f3 que agora elas s\u00e3o de mentira (ainda bem!!!) ou, falsa taxidermia*, como v\u00eam sendo chamadas. S\u00f3 para esclarecer: a taxidermia \u00e9 uma t\u00e9cnica utilizada para preservar um animal com todas as suas caracter\u00edsticas f\u00edsicas. Um de seus usos mais frequentes \u00e9&hellip;&nbsp;<a href=\"https:\/\/morarmais.com.br\/mms\/por-um-mundo-sustentavel\/\" rel=\"bookmark\">Continue a ler &raquo;<span class=\"screen-reader-text\">Por um mundo sustent\u00e1vel: Falsa taxidermia na decor!<\/span><\/a><\/p>\n","protected":false},"author":3,"featured_media":556,"comment_status":"open","ping_status":"open","sticky":false,"template":"","format":"standard","meta":{"_eb_attr":"","editor_plus_copied_stylings":"{}","neve_meta_sidebar":"","neve_meta_container":"","neve_meta_enable_content_width":"off","neve_meta_content_width":0,"neve_meta_title_alignment":"","neve_meta_author_avatar":"","neve_post_elements_order":"","neve_meta_disable_header":"","neve_meta_disable_footer":"","neve_meta_disable_title":"","_themeisle_gutenberg_block_has_review":false,"_vp_format_video_url":"","_vp_image_focal_point":[],"footnotes":""},"categories":[23,29],"tags":[47,52,53,54],"class_list":["post-555","post","type-post","status-publish","format-standard","has-post-thumbnail","hentry","category-home","category-um-mundo-sustentavel","tag-falsa-taxidermia","tag-morar-mais-campo-grande","tag-morar-mais-goiania","tag-morar-mais-rio-de-janeiro"],"yoast_head":"<!-- This site is optimized with the Yoast SEO plugin v25.6 - https:\/\/yoast.com\/wordpress\/plugins\/seo\/ -->\n<title>Por um mundo sustent\u00e1vel: Falsa taxidermia na decor! - Morar mais<\/title>\n<meta name=\"robots\" content=\"index, follow, max-snippet:-1, max-image-preview:large, max-video-preview:-1\" \/>\n<link rel=\"canonical\" href=\"https:\/\/morarmais.com.br\/mms\/por-um-mundo-sustentavel\/\" \/>\n<meta property=\"og:locale\" content=\"pt_BR\" \/>\n<meta property=\"og:type\" content=\"article\" \/>\n<meta property=\"og:title\" content=\"Por um mundo sustent\u00e1vel: Falsa taxidermia na decor! - Morar mais\" \/>\n<meta property=\"og:description\" content=\"O uso de cabe\u00e7as de animais para decorar as paredes, voltou com tudo. S\u00f3 que agora elas s\u00e3o de mentira (ainda bem!!!) ou, falsa taxidermia*, como v\u00eam sendo chamadas. S\u00f3 para esclarecer: a taxidermia \u00e9 uma t\u00e9cnica utilizada para preservar um animal com todas as suas caracter\u00edsticas f\u00edsicas. Um de seus usos mais frequentes \u00e9&hellip;&nbsp;Continue a ler &raquo;Por um mundo sustent\u00e1vel: Falsa taxidermia na decor!\" \/>\n<meta property=\"og:url\" content=\"https:\/\/morarmais.com.br\/mms\/por-um-mundo-sustentavel\/\" \/>\n<meta property=\"og:site_name\" content=\"Morar mais\" \/>\n<meta property=\"article:publisher\" content=\"https:\/\/www.facebook.com\/morarmais\" \/>\n<meta property=\"article:published_time\" content=\"2016-04-26T00:39:39+00:00\" \/>\n<meta property=\"article:modified_time\" content=\"2020-07-09T14:11:31+00:00\" \/>\n<meta property=\"og:image\" content=\"https:\/\/i2.wp.com\/morarmais.com.br\/mms\/wp-content\/uploads\/2016\/04\/morarmais-capa.jpg?fit=850%2C562&ssl=1\" \/>\n\t<meta property=\"og:image:width\" content=\"850\" \/>\n\t<meta property=\"og:image:height\" content=\"562\" \/>\n\t<meta property=\"og:image:type\" content=\"image\/jpeg\" \/>\n<meta name=\"author\" content=\"premiata\" \/>\n<meta name=\"twitter:card\" content=\"summary_large_image\" \/>\n<meta name=\"twitter:label1\" content=\"Escrito por\" \/>\n\t<meta name=\"twitter:data1\" content=\"premiata\" \/>\n\t<meta name=\"twitter:label2\" content=\"Est. tempo de leitura\" \/>\n\t<meta name=\"twitter:data2\" content=\"2 minutos\" \/>\n<script type=\"application\/ld+json\" class=\"yoast-schema-graph\">{\"@context\":\"https:\/\/schema.org\",\"@graph\":[{\"@type\":\"Article\",\"@id\":\"https:\/\/morarmais.com.br\/mms\/por-um-mundo-sustentavel\/#article\",\"isPartOf\":{\"@id\":\"https:\/\/morarmais.com.br\/mms\/por-um-mundo-sustentavel\/\"},\"author\":{\"name\":\"premiata\",\"@id\":\"https:\/\/morarmais.com.br\/mms\/#\/schema\/person\/2b6eaad3f24c852077a8e21da2395a85\"},\"headline\":\"Por um mundo sustent\u00e1vel: Falsa taxidermia na decor!\",\"datePublished\":\"2016-04-26T00:39:39+00:00\",\"dateModified\":\"2020-07-09T14:11:31+00:00\",\"mainEntityOfPage\":{\"@id\":\"https:\/\/morarmais.com.br\/mms\/por-um-mundo-sustentavel\/\"},\"wordCount\":488,\"commentCount\":0,\"publisher\":{\"@id\":\"https:\/\/morarmais.com.br\/mms\/#organization\"},\"image\":{\"@id\":\"https:\/\/morarmais.com.br\/mms\/por-um-mundo-sustentavel\/#primaryimage\"},\"thumbnailUrl\":\"https:\/\/morarmais.com.br\/mms\/wp-content\/uploads\/2016\/04\/morarmais-capa.jpg\",\"keywords\":[\"falsa taxidermia\",\"morar mais campo grande\",\"morar mais goi\u00e2nia\",\"morar mais rio de janeiro\"],\"articleSection\":[\"Home\",\"Um mundo Sustent\u00e1vel\"],\"inLanguage\":\"pt-BR\",\"potentialAction\":[{\"@type\":\"CommentAction\",\"name\":\"Comment\",\"target\":[\"https:\/\/morarmais.com.br\/mms\/por-um-mundo-sustentavel\/#respond\"]}]},{\"@type\":\"WebPage\",\"@id\":\"https:\/\/morarmais.com.br\/mms\/por-um-mundo-sustentavel\/\",\"url\":\"https:\/\/morarmais.com.br\/mms\/por-um-mundo-sustentavel\/\",\"name\":\"Por um mundo sustent\u00e1vel: Falsa taxidermia na decor! - Morar mais\",\"isPartOf\":{\"@id\":\"https:\/\/morarmais.com.br\/mms\/#website\"},\"primaryImageOfPage\":{\"@id\":\"https:\/\/morarmais.com.br\/mms\/por-um-mundo-sustentavel\/#primaryimage\"},\"image\":{\"@id\":\"https:\/\/morarmais.com.br\/mms\/por-um-mundo-sustentavel\/#primaryimage\"},\"thumbnailUrl\":\"https:\/\/morarmais.com.br\/mms\/wp-content\/uploads\/2016\/04\/morarmais-capa.jpg\",\"datePublished\":\"2016-04-26T00:39:39+00:00\",\"dateModified\":\"2020-07-09T14:11:31+00:00\",\"breadcrumb\":{\"@id\":\"https:\/\/morarmais.com.br\/mms\/por-um-mundo-sustentavel\/#breadcrumb\"},\"inLanguage\":\"pt-BR\",\"potentialAction\":[{\"@type\":\"ReadAction\",\"target\":[\"https:\/\/morarmais.com.br\/mms\/por-um-mundo-sustentavel\/\"]}]},{\"@type\":\"ImageObject\",\"inLanguage\":\"pt-BR\",\"@id\":\"https:\/\/morarmais.com.br\/mms\/por-um-mundo-sustentavel\/#primaryimage\",\"url\":\"https:\/\/morarmais.com.br\/mms\/wp-content\/uploads\/2016\/04\/morarmais-capa.jpg\",\"contentUrl\":\"https:\/\/morarmais.com.br\/mms\/wp-content\/uploads\/2016\/04\/morarmais-capa.jpg\",\"width\":850,\"height\":562},{\"@type\":\"BreadcrumbList\",\"@id\":\"https:\/\/morarmais.com.br\/mms\/por-um-mundo-sustentavel\/#breadcrumb\",\"itemListElement\":[{\"@type\":\"ListItem\",\"position\":1,\"name\":\"In\u00edcio\",\"item\":\"https:\/\/morarmais.com.br\/mms\/\"},{\"@type\":\"ListItem\",\"position\":2,\"name\":\"Por um mundo sustent\u00e1vel: Falsa taxidermia na decor!\"}]},{\"@type\":\"WebSite\",\"@id\":\"https:\/\/morarmais.com.br\/mms\/#website\",\"url\":\"https:\/\/morarmais.com.br\/mms\/\",\"name\":\"Morar mais\",\"description\":\"O Chique que cabe no bolso\",\"publisher\":{\"@id\":\"https:\/\/morarmais.com.br\/mms\/#organization\"},\"potentialAction\":[{\"@type\":\"SearchAction\",\"target\":{\"@type\":\"EntryPoint\",\"urlTemplate\":\"https:\/\/morarmais.com.br\/mms\/?s={search_term_string}\"},\"query-input\":{\"@type\":\"PropertyValueSpecification\",\"valueRequired\":true,\"valueName\":\"search_term_string\"}}],\"inLanguage\":\"pt-BR\"},{\"@type\":\"Organization\",\"@id\":\"https:\/\/morarmais.com.br\/mms\/#organization\",\"name\":\"Morar mais\",\"url\":\"https:\/\/morarmais.com.br\/mms\/\",\"logo\":{\"@type\":\"ImageObject\",\"inLanguage\":\"pt-BR\",\"@id\":\"https:\/\/morarmais.com.br\/mms\/#\/schema\/logo\/image\/\",\"url\":\"https:\/\/morarmais.com.br\/mms\/wp-content\/uploads\/2019\/04\/cropped-logo-morar-mais-2-1-e1688661143585.png\",\"contentUrl\":\"https:\/\/morarmais.com.br\/mms\/wp-content\/uploads\/2019\/04\/cropped-logo-morar-mais-2-1-e1688661143585.png\",\"width\":130,\"height\":100,\"caption\":\"Morar mais\"},\"image\":{\"@id\":\"https:\/\/morarmais.com.br\/mms\/#\/schema\/logo\/image\/\"},\"sameAs\":[\"https:\/\/www.facebook.com\/morarmais\",\"https:\/\/www.instagram.com\/morarmaispormenos\",\"https:\/\/br.pinterest.com\/morarmais\/\"]},{\"@type\":\"Person\",\"@id\":\"https:\/\/morarmais.com.br\/mms\/#\/schema\/person\/2b6eaad3f24c852077a8e21da2395a85\",\"name\":\"premiata\",\"image\":{\"@type\":\"ImageObject\",\"inLanguage\":\"pt-BR\",\"@id\":\"https:\/\/morarmais.com.br\/mms\/#\/schema\/person\/image\/\",\"url\":\"https:\/\/secure.gravatar.com\/avatar\/?s=96&d=mm&r=g\",\"contentUrl\":\"https:\/\/secure.gravatar.com\/avatar\/?s=96&d=mm&r=g\",\"caption\":\"premiata\"},\"url\":\"https:\/\/morarmais.com.br\/mms\/author\/premiata\/\"}]}<\/script>\n<!-- \/ Yoast SEO plugin. -->","yoast_head_json":{"title":"Por um mundo sustent\u00e1vel: Falsa taxidermia na decor! - Morar mais","robots":{"index":"index","follow":"follow","max-snippet":"max-snippet:-1","max-image-preview":"max-image-preview:large","max-video-preview":"max-video-preview:-1"},"canonical":"https:\/\/morarmais.com.br\/mms\/por-um-mundo-sustentavel\/","og_locale":"pt_BR","og_type":"article","og_title":"Por um mundo sustent\u00e1vel: Falsa taxidermia na decor! - Morar mais","og_description":"O uso de cabe\u00e7as de animais para decorar as paredes, voltou com tudo. S\u00f3 que agora elas s\u00e3o de mentira (ainda bem!!!) ou, falsa taxidermia*, como v\u00eam sendo chamadas. S\u00f3 para esclarecer: a taxidermia \u00e9 uma t\u00e9cnica utilizada para preservar um animal com todas as suas caracter\u00edsticas f\u00edsicas. Um de seus usos mais frequentes \u00e9&hellip;&nbsp;Continue a ler &raquo;Por um mundo sustent\u00e1vel: Falsa taxidermia na decor!","og_url":"https:\/\/morarmais.com.br\/mms\/por-um-mundo-sustentavel\/","og_site_name":"Morar mais","article_publisher":"https:\/\/www.facebook.com\/morarmais","article_published_time":"2016-04-26T00:39:39+00:00","article_modified_time":"2020-07-09T14:11:31+00:00","og_image":[{"width":850,"height":562,"url":"https:\/\/i2.wp.com\/morarmais.com.br\/mms\/wp-content\/uploads\/2016\/04\/morarmais-capa.jpg?fit=850%2C562&ssl=1","type":"image\/jpeg"}],"author":"premiata","twitter_card":"summary_large_image","twitter_misc":{"Escrito por":"premiata","Est. tempo de leitura":"2 minutos"},"schema":{"@context":"https:\/\/schema.org","@graph":[{"@type":"Article","@id":"https:\/\/morarmais.com.br\/mms\/por-um-mundo-sustentavel\/#article","isPartOf":{"@id":"https:\/\/morarmais.com.br\/mms\/por-um-mundo-sustentavel\/"},"author":{"name":"premiata","@id":"https:\/\/morarmais.com.br\/mms\/#\/schema\/person\/2b6eaad3f24c852077a8e21da2395a85"},"headline":"Por um mundo sustent\u00e1vel: Falsa taxidermia na decor!","datePublished":"2016-04-26T00:39:39+00:00","dateModified":"2020-07-09T14:11:31+00:00","mainEntityOfPage":{"@id":"https:\/\/morarmais.com.br\/mms\/por-um-mundo-sustentavel\/"},"wordCount":488,"commentCount":0,"publisher":{"@id":"https:\/\/morarmais.com.br\/mms\/#organization"},"image":{"@id":"https:\/\/morarmais.com.br\/mms\/por-um-mundo-sustentavel\/#primaryimage"},"thumbnailUrl":"https:\/\/morarmais.com.br\/mms\/wp-content\/uploads\/2016\/04\/morarmais-capa.jpg","keywords":["falsa taxidermia","morar mais campo grande","morar mais goi\u00e2nia","morar mais rio de janeiro"],"articleSection":["Home","Um mundo Sustent\u00e1vel"],"inLanguage":"pt-BR","potentialAction":[{"@type":"CommentAction","name":"Comment","target":["https:\/\/morarmais.com.br\/mms\/por-um-mundo-sustentavel\/#respond"]}]},{"@type":"WebPage","@id":"https:\/\/morarmais.com.br\/mms\/por-um-mundo-sustentavel\/","url":"https:\/\/morarmais.com.br\/mms\/por-um-mundo-sustentavel\/","name":"Por um mundo sustent\u00e1vel: Falsa taxidermia na decor! - Morar mais","isPartOf":{"@id":"https:\/\/morarmais.com.br\/mms\/#website"},"primaryImageOfPage":{"@id":"https:\/\/morarmais.com.br\/mms\/por-um-mundo-sustentavel\/#primaryimage"},"image":{"@id":"https:\/\/morarmais.com.br\/mms\/por-um-mundo-sustentavel\/#primaryimage"},"thumbnailUrl":"https:\/\/morarmais.com.br\/mms\/wp-content\/uploads\/2016\/04\/morarmais-capa.jpg","datePublished":"2016-04-26T00:39:39+00:00","dateModified":"2020-07-09T14:11:31+00:00","breadcrumb":{"@id":"https:\/\/morarmais.com.br\/mms\/por-um-mundo-sustentavel\/#breadcrumb"},"inLanguage":"pt-BR","potentialAction":[{"@type":"ReadAction","target":["https:\/\/morarmais.com.br\/mms\/por-um-mundo-sustentavel\/"]}]},{"@type":"ImageObject","inLanguage":"pt-BR","@id":"https:\/\/morarmais.com.br\/mms\/por-um-mundo-sustentavel\/#primaryimage","url":"https:\/\/morarmais.com.br\/mms\/wp-content\/uploads\/2016\/04\/morarmais-capa.jpg","contentUrl":"https:\/\/morarmais.com.br\/mms\/wp-content\/uploads\/2016\/04\/morarmais-capa.jpg","width":850,"height":562},{"@type":"BreadcrumbList","@id":"https:\/\/morarmais.com.br\/mms\/por-um-mundo-sustentavel\/#breadcrumb","itemListElement":[{"@type":"ListItem","position":1,"name":"In\u00edcio","item":"https:\/\/morarmais.com.br\/mms\/"},{"@type":"ListItem","position":2,"name":"Por um mundo sustent\u00e1vel: Falsa taxidermia na decor!"}]},{"@type":"WebSite","@id":"https:\/\/morarmais.com.br\/mms\/#website","url":"https:\/\/morarmais.com.br\/mms\/","name":"Morar mais","description":"O Chique que cabe no bolso","publisher":{"@id":"https:\/\/morarmais.com.br\/mms\/#organization"},"potentialAction":[{"@type":"SearchAction","target":{"@type":"EntryPoint","urlTemplate":"https:\/\/morarmais.com.br\/mms\/?s={search_term_string}"},"query-input":{"@type":"PropertyValueSpecification","valueRequired":true,"valueName":"search_term_string"}}],"inLanguage":"pt-BR"},{"@type":"Organization","@id":"https:\/\/morarmais.com.br\/mms\/#organization","name":"Morar mais","url":"https:\/\/morarmais.com.br\/mms\/","logo":{"@type":"ImageObject","inLanguage":"pt-BR","@id":"https:\/\/morarmais.com.br\/mms\/#\/schema\/logo\/image\/","url":"https:\/\/morarmais.com.br\/mms\/wp-content\/uploads\/2019\/04\/cropped-logo-morar-mais-2-1-e1688661143585.png","contentUrl":"https:\/\/morarmais.com.br\/mms\/wp-content\/uploads\/2019\/04\/cropped-logo-morar-mais-2-1-e1688661143585.png","width":130,"height":100,"caption":"Morar mais"},"image":{"@id":"https:\/\/morarmais.com.br\/mms\/#\/schema\/logo\/image\/"},"sameAs":["https:\/\/www.facebook.com\/morarmais","https:\/\/www.instagram.com\/morarmaispormenos","https:\/\/br.pinterest.com\/morarmais\/"]},{"@type":"Person","@id":"https:\/\/morarmais.com.br\/mms\/#\/schema\/person\/2b6eaad3f24c852077a8e21da2395a85","name":"premiata","image":{"@type":"ImageObject","inLanguage":"pt-BR","@id":"https:\/\/morarmais.com.br\/mms\/#\/schema\/person\/image\/","url":"https:\/\/secure.gravatar.com\/avatar\/?s=96&d=mm&r=g","contentUrl":"https:\/\/secure.gravatar.com\/avatar\/?s=96&d=mm&r=g","caption":"premiata"},"url":"https:\/\/morarmais.com.br\/mms\/author\/premiata\/"}]}},"_links":{"self":[{"href":"https:\/\/morarmais.com.br\/mms\/wp-json\/wp\/v2\/posts\/555"}],"collection":[{"href":"https:\/\/morarmais.com.br\/mms\/wp-json\/wp\/v2\/posts"}],"about":[{"href":"https:\/\/morarmais.com.br\/mms\/wp-json\/wp\/v2\/types\/post"}],"author":[{"embeddable":true,"href":"https:\/\/morarmais.com.br\/mms\/wp-json\/wp\/v2\/users\/3"}],"replies":[{"embeddable":true,"href":"https:\/\/morarmais.com.br\/mms\/wp-json\/wp\/v2\/comments?post=555"}],"version-history":[{"count":0,"href":"https:\/\/morarmais.com.br\/mms\/wp-json\/wp\/v2\/posts\/555\/revisions"}],"wp:featuredmedia":[{"embeddable":true,"href":"https:\/\/morarmais.com.br\/mms\/wp-json\/wp\/v2\/media\/556"}],"wp:attachment":[{"href":"https:\/\/morarmais.com.br\/mms\/wp-json\/wp\/v2\/media?parent=555"}],"wp:term":[{"taxonomy":"category","embeddable":true,"href":"https:\/\/morarmais.com.br\/mms\/wp-json\/wp\/v2\/categories?post=555"},{"taxonomy":"post_tag","embeddable":true,"href":"https:\/\/morarmais.com.br\/mms\/wp-json\/wp\/v2\/tags?post=555"}],"curies":[{"name":"wp","href":"https:\/\/api.w.org\/{rel}","templated":true}]}}