{"id":4499,"date":"2020-08-26T16:00:00","date_gmt":"2020-08-26T16:00:00","guid":{"rendered":"https:\/\/morarmais.com.br\/mms\/?p=4499"},"modified":"2020-08-26T20:06:48","modified_gmt":"2020-08-26T20:06:48","slug":"galeria-em-casa-9-ideias-inusitadas-para-compor-quadros-na-parede","status":"publish","type":"post","link":"https:\/\/morarmais.com.br\/mms\/galeria-em-casa-9-ideias-inusitadas-para-compor-quadros-na-parede\/","title":{"rendered":"Galeria em Casa: 9 ideias inusitadas para compor quadros na parede"},"content":{"rendered":"\n<p>Se voc\u00ea \u00e9 do time que sempre quis montar uma galeria em casa, mas nunca soube por onde come\u00e7ar, n\u00f3s temos a solu\u00e7\u00e3o! Reunimos abaixo nove ideias inusitadas e inspiradoras de como compor quadros na parede! Apresentados no <strong><a href=\"https:\/\/morarmais.com.br\/mms\/\" target=\"_blank\" rel=\"noreferrer noopener\">Morar Mais<\/a><\/strong>, de diversas cidades do Brasil, os projetos ressaltam a criatividade e originalidade dos profissionais: afinal, esse elemento atribui um toque de personalidade instant\u00e2neo \u00e0 decora\u00e7\u00e3o!&nbsp; Seja no quarto, na sala, na copa ou at\u00e9 no banheiro! Confira!<\/p>\n\n\n\n<h4 class=\"wp-block-heading\"><strong><strong>QUADRO-VERDE<\/strong><\/strong><\/h4>\n\n\n\n<div style=\"height:20px\" aria-hidden=\"true\" class=\"wp-block-spacer\"><\/div>\n\n\n\n<div class=\"wp-block-jetpack-tiled-gallery aligncenter is-style-rectangular\"><div class=\"tiled-gallery__gallery\"><div class=\"tiled-gallery__row\"><div class=\"tiled-gallery__col\" style=\"flex-basis:24.49700996625086%\"><figure class=\"tiled-gallery__item\"><img decoding=\"async\" alt=\"compor quadros na parede\" data-height=\"1024\" data-id=\"4501\" data-link=\"https:\/\/morarmais.com.br\/mms\/?attachment_id=4501\" data-url=\"https:\/\/morarmais.com.br\/mms\/wp-content\/uploads\/2020\/08\/1-Um-banho-no-E\u0301den_Artur-Caveiro_cre\u0301ditos-Celina-Germer-MM-SP-1.jpg\" data-width=\"498\" src=\"https:\/\/i1.wp.com\/morarmais.com.br\/mms\/wp-content\/uploads\/2020\/08\/1-Um-banho-no-E\u0301den_Artur-Caveiro_cre\u0301ditos-Celina-Germer-MM-SP-1.jpg?ssl=1\" layout=\"responsive\"\/><\/figure><\/div><div class=\"tiled-gallery__col\" style=\"flex-basis:75.50299003374913%\"><figure class=\"tiled-gallery__item\"><img decoding=\"async\" alt=\"compor quadros na parede\" data-height=\"681\" data-id=\"4502\" data-link=\"https:\/\/morarmais.com.br\/mms\/?attachment_id=4502\" data-url=\"https:\/\/morarmais.com.br\/mms\/wp-content\/uploads\/2020\/08\/1-Um-banho-no-E\u0301den_Artur-Caveiro_cre\u0301ditos-Celina-Germer-MM-SP-2.jpg\" data-width=\"1024\" src=\"https:\/\/i0.wp.com\/morarmais.com.br\/mms\/wp-content\/uploads\/2020\/08\/1-Um-banho-no-E\u0301den_Artur-Caveiro_cre\u0301ditos-Celina-Germer-MM-SP-2.jpg?ssl=1\" layout=\"responsive\"\/><\/figure><\/div><\/div><\/div><\/div>\n\n\n\n<p class=\"has-small-font-size\"><em>Um Banho no \u00c9den, assinado por Arthur Caveiro para o Morar Mais SP<\/em><br><em>Foto: Celina Germer<\/em><\/p>\n\n\n\n<p>Que tal trazer mais verde para a decora\u00e7\u00e3o com uma galeria composta por quadros de plantas? Essa foi a ideia de <strong><a href=\"https:\/\/www.instagram.com\/artur.caveiro\/\" target=\"_blank\" rel=\"noreferrer noopener\">Artur Caveiro<\/a><\/strong> para o espa\u00e7o <strong>Um banho no \u00c9den<\/strong>, apresentado no <strong>Morar Mais S\u00e3o Paulo<\/strong>. A composi\u00e7\u00e3o tamb\u00e9m mistura diversos tamanhos e formatos de quadros, com molduras iguais, e musgos com diversas tonalidades de verde. <\/p>\n\n\n\n<h4 class=\"wp-block-heading\"><strong><strong>DESTAQUE<\/strong><\/strong><\/h4>\n\n\n\n<div style=\"height:20px\" aria-hidden=\"true\" class=\"wp-block-spacer\"><\/div>\n\n\n\n<figure class=\"wp-block-image size-large\"><img fetchpriority=\"high\" decoding=\"async\" width=\"1024\" height=\"683\" src=\"https:\/\/morarmais.com.br\/mms\/wp-content\/uploads\/2020\/08\/2-Loja-Galeria-9-Caroline-Entrielli-Li\u0301via-Romariz-e-Nata\u0301lia-Asfora-MM-RIO-2019.jpg\" alt=\"compor quadros na parede\" class=\"wp-image-4504\" srcset=\"https:\/\/morarmais.com.br\/mms\/wp-content\/uploads\/2020\/08\/2-Loja-Galeria-9-Caroline-Entrielli-Li\u0301via-Romariz-e-Nata\u0301lia-Asfora-MM-RIO-2019.jpg 1024w, https:\/\/morarmais.com.br\/mms\/wp-content\/uploads\/2020\/08\/2-Loja-Galeria-9-Caroline-Entrielli-Li\u0301via-Romariz-e-Nata\u0301lia-Asfora-MM-RIO-2019-300x200.jpg 300w, https:\/\/morarmais.com.br\/mms\/wp-content\/uploads\/2020\/08\/2-Loja-Galeria-9-Caroline-Entrielli-Li\u0301via-Romariz-e-Nata\u0301lia-Asfora-MM-RIO-2019-768x512.jpg 768w, https:\/\/morarmais.com.br\/mms\/wp-content\/uploads\/2020\/08\/2-Loja-Galeria-9-Caroline-Entrielli-Li\u0301via-Romariz-e-Nata\u0301lia-Asfora-MM-RIO-2019-930x620.jpg 930w, https:\/\/morarmais.com.br\/mms\/wp-content\/uploads\/2020\/08\/2-Loja-Galeria-9-Caroline-Entrielli-Li\u0301via-Romariz-e-Nata\u0301lia-Asfora-MM-RIO-2019-350x233.jpg 350w\" sizes=\"(max-width: 1024px) 100vw, 1024px\" \/><\/figure>\n\n\n\n<p class=\"has-small-font-size\"><em>Galeria 9, assinada por Caroline Entrielli, L\u00edvia Romariz e Nat\u00e1lia Asfora para o Morar Mais Rio<\/em><br><em>Foto: MCA St\u00fadio<\/em><\/p>\n\n\n\n<p>Para atrair o olhar para os quadros,<a href=\"http:\/\/instagram.com\/@gruna.arquitetura\" target=\"_blank\" rel=\"noreferrer noopener\"> <strong>Caroline Entrielli<\/strong>, <strong>L\u00edvia Romariz<\/strong> e <strong>Nat\u00e1lia Asfora<\/strong><\/a> destacaram as obras posicionando-as sobre um painel branco, em contraste com as paredes pretas. A ideia, criada para a loja <strong><a href=\"http:\/\/instagram.com\/agaleria9\" target=\"_blank\" rel=\"noreferrer noopener\">Galeria 9<\/a><\/strong>, no <strong><a href=\"https:\/\/morarmais.com.br\/mms\/morar-mais-bom-pra-cachorro\/\">Morar Mais Rio<\/a><\/strong>, pode ser aplicada, inclusive, em ambientes residenciais! Embora os quadros apresentem diferentes linguagens, a composi\u00e7\u00e3o \u00e9 harm\u00f4nica: repare que as molduras tem propor\u00e7\u00f5es semelhantes e todas as pe\u00e7as est\u00e3o alinhadas em rela\u00e7\u00e3o \u00e0s bordas do painel.<\/p>\n\n\n\n<h4 class=\"wp-block-heading\"><strong><strong>PRETO E BRANCO 1<\/strong><\/strong><\/h4>\n\n\n\n<div style=\"height:20px\" aria-hidden=\"true\" class=\"wp-block-spacer\"><\/div>\n\n\n\n<div class=\"wp-block-jetpack-tiled-gallery aligncenter is-style-columns\"><div class=\"tiled-gallery__gallery\"><div class=\"tiled-gallery__row\"><div class=\"tiled-gallery__col\" style=\"flex-basis:28.93907776490172%\"><figure class=\"tiled-gallery__item\"><img decoding=\"async\" alt=\"\" data-height=\"1024\" data-id=\"4509\" data-link=\"https:\/\/morarmais.com.br\/mms\/3-sala-do-apto-alugado-quinto-andar-salas-in-foco-joana-goulart-salasinfoco-mm-poa-2019-5\/\" data-url=\"https:\/\/morarmais.com.br\/mms\/wp-content\/uploads\/2020\/08\/3-Sala-do-Apto-Alugado-Quinto-andar-Salas-in-Foco-Joana-Goulart-@salasinfoco-MM-POA-2019-5.jpg\" data-width=\"683\" src=\"https:\/\/i2.wp.com\/morarmais.com.br\/mms\/wp-content\/uploads\/2020\/08\/3-Sala-do-Apto-Alugado-Quinto-andar-Salas-in-Foco-Joana-Goulart-@salasinfoco-MM-POA-2019-5.jpg?ssl=1\" layout=\"responsive\"\/><\/figure><figure class=\"tiled-gallery__item\"><img decoding=\"async\" alt=\"compor quadros na parede\" data-height=\"1024\" data-id=\"4508\" data-link=\"https:\/\/morarmais.com.br\/mms\/3-sala-do-apto-alugado-quinto-andar-salas-in-foco-joana-goulart-salasinfoco-mm-poa-2019-4\/\" data-url=\"https:\/\/morarmais.com.br\/mms\/wp-content\/uploads\/2020\/08\/3-Sala-do-Apto-Alugado-Quinto-andar-Salas-in-Foco-Joana-Goulart-@salasinfoco-MM-POA-2019-4.jpg\" data-width=\"683\" src=\"https:\/\/i1.wp.com\/morarmais.com.br\/mms\/wp-content\/uploads\/2020\/08\/3-Sala-do-Apto-Alugado-Quinto-andar-Salas-in-Foco-Joana-Goulart-@salasinfoco-MM-POA-2019-4.jpg?ssl=1\" layout=\"responsive\"\/><\/figure><figure class=\"tiled-gallery__item\"><img decoding=\"async\" alt=\"compor quadros na parede\" data-height=\"683\" data-id=\"4507\" data-link=\"https:\/\/morarmais.com.br\/mms\/3-sala-do-apto-alugado-quinto-andar-salas-in-foco-joana-goulart-salasinfoco-mm-poa-2019-3\/\" data-url=\"https:\/\/morarmais.com.br\/mms\/wp-content\/uploads\/2020\/08\/3-Sala-do-Apto-Alugado-Quinto-andar-Salas-in-Foco-Joana-Goulart-@salasinfoco-MM-POA-2019-3.jpg\" data-width=\"1024\" src=\"https:\/\/i1.wp.com\/morarmais.com.br\/mms\/wp-content\/uploads\/2020\/08\/3-Sala-do-Apto-Alugado-Quinto-andar-Salas-in-Foco-Joana-Goulart-@salasinfoco-MM-POA-2019-3.jpg?ssl=1\" layout=\"responsive\"\/><\/figure><\/div><div class=\"tiled-gallery__col\" style=\"flex-basis:71.06092223509827%\"><figure class=\"tiled-gallery__item\"><img decoding=\"async\" alt=\"compor quadros na parede\" data-height=\"1024\" data-id=\"4506\" data-link=\"https:\/\/morarmais.com.br\/mms\/3-sala-do-apto-alugado-quinto-andar-salas-in-foco-joana-goulart-salasinfoco-mm-poa-2019-2\/\" data-url=\"https:\/\/morarmais.com.br\/mms\/wp-content\/uploads\/2020\/08\/3-Sala-do-Apto-Alugado-Quinto-andar-Salas-in-Foco-Joana-Goulart-@salasinfoco-MM-POA-2019-2.jpg\" data-width=\"683\" src=\"https:\/\/i1.wp.com\/morarmais.com.br\/mms\/wp-content\/uploads\/2020\/08\/3-Sala-do-Apto-Alugado-Quinto-andar-Salas-in-Foco-Joana-Goulart-@salasinfoco-MM-POA-2019-2.jpg?ssl=1\" layout=\"responsive\"\/><\/figure><\/div><\/div><\/div><\/div>\n\n\n\n<p class=\"has-small-font-size\"><em>Apartamento Alugado QuintoAndar, assinado por Joana Goulart para o Morar Mais POA<\/em><\/p>\n\n\n\n<p>Na <strong>Sala do Apartamento Alugado <a href=\"http:\/\/www.quintoandar.com.br\" target=\"_blank\" rel=\"noreferrer noopener\">QuintoAndar<\/a><\/strong>, no <strong><a href=\"http:\/\/instagram.com\/morarmaispoa\" target=\"_blank\" rel=\"noreferrer noopener\">Morar Mais Porto Alegre<\/a><\/strong>, <strong><a href=\"https:\/\/www.instagram.com\/salasinfoco\/\" target=\"_blank\" rel=\"noreferrer noopener\">Joana Goulart<\/a><\/strong> apostou em uma decora\u00e7\u00e3o jovial e vibrante, com pintura especial em tom laranja. Para equilibrar a paleta de cores do espa\u00e7o, as obras escolhidas para a composi\u00e7\u00e3o na parede trazem elementos geom\u00e9tricos, em preto e branco, brincando, inclusive, com a moldura dos quadros.<\/p>\n\n\n\n<h4 class=\"wp-block-heading\"><strong><strong>PRETO E BRANCO 2<\/strong><\/strong><\/h4>\n\n\n\n<div style=\"height:20px\" aria-hidden=\"true\" class=\"wp-block-spacer\"><\/div>\n\n\n\n<figure class=\"wp-block-image size-large\"><img decoding=\"async\" width=\"678\" height=\"1024\" src=\"https:\/\/morarmais.com.br\/mms\/wp-content\/uploads\/2020\/08\/4-Estar-da-Fami\u0301lia-Carioca-Cyntia-Sabat-MM-RIO-2019.jpg\" alt=\"\" class=\"wp-image-4510\" srcset=\"https:\/\/morarmais.com.br\/mms\/wp-content\/uploads\/2020\/08\/4-Estar-da-Fami\u0301lia-Carioca-Cyntia-Sabat-MM-RIO-2019.jpg 678w, https:\/\/morarmais.com.br\/mms\/wp-content\/uploads\/2020\/08\/4-Estar-da-Fami\u0301lia-Carioca-Cyntia-Sabat-MM-RIO-2019-199x300.jpg 199w, https:\/\/morarmais.com.br\/mms\/wp-content\/uploads\/2020\/08\/4-Estar-da-Fami\u0301lia-Carioca-Cyntia-Sabat-MM-RIO-2019-350x529.jpg 350w\" sizes=\"(max-width: 678px) 100vw, 678px\" \/><\/figure>\n\n\n\n<p class=\"has-small-font-size\"><em>Estar da Fam\u00edlia Carioca, assinado por Cyntia Sabat para o Morar Mais Rio<\/em><br><em>Foto: MCA Est\u00fadio<\/em><\/p>\n\n\n\n<p>Tamb\u00e9m seguindo a linha de quadros em preto e branco, a arquiteta <strong><a href=\"https:\/\/www.instagram.com\/cyntia_sabat_arquitetura\/\" target=\"_blank\" rel=\"noreferrer noopener\">Cyntia Sabat<\/a><\/strong> elegeu fotografias do Rio e Janeiro para compor a galeria do <strong>Estar da Fam\u00edlia Carioca<\/strong>, no <strong><a href=\"https:\/\/www.instagram.com\/morarmaisrio\" target=\"_blank\" rel=\"noreferrer noopener\">Morar Mais Rio<\/a><\/strong>. Al\u00e9m disso, para destacar as imagens, foi criada uma faixa com pintura que simula cimento queimado, delimitando a \u00e1rea da galeria. Todos os quadros ganharam molduras pretas, da mesma espessura, e passe-partout \u2013 \u00e0 exce\u00e7\u00e3o do d\u00edptico com a foto dos Arcos da Lapa.<\/p>\n\n\n\n<h4 class=\"wp-block-heading\"><strong><strong>INDUSTRIAL<\/strong><\/strong><\/h4>\n\n\n\n<div style=\"height:20px\" aria-hidden=\"true\" class=\"wp-block-spacer\"><\/div>\n\n\n\n<div class=\"wp-block-jetpack-tiled-gallery aligncenter is-style-rectangular\"><div class=\"tiled-gallery__gallery\"><div class=\"tiled-gallery__row\"><div class=\"tiled-gallery__col\" style=\"flex-basis:66.78142119675303%\"><figure class=\"tiled-gallery__item\"><img decoding=\"async\" alt=\"\" data-height=\"683\" data-id=\"4514\" data-link=\"https:\/\/morarmais.com.br\/mms\/5-ella-wine-coffe-quipe-morar-mais-morarmaispoa-4\/\" data-url=\"https:\/\/morarmais.com.br\/mms\/wp-content\/uploads\/2020\/08\/5-Ella-Wine-Coffe-Quipe-Morar-Mais-@morarmaispoa-4.jpg\" data-width=\"1024\" src=\"https:\/\/i2.wp.com\/morarmais.com.br\/mms\/wp-content\/uploads\/2020\/08\/5-Ella-Wine-Coffe-Quipe-Morar-Mais-@morarmaispoa-4.jpg?ssl=1\" layout=\"responsive\"\/><\/figure><\/div><div class=\"tiled-gallery__col\" style=\"flex-basis:33.21857880324697%\"><figure class=\"tiled-gallery__item\"><img decoding=\"async\" alt=\"\" data-height=\"683\" data-id=\"4513\" data-link=\"https:\/\/morarmais.com.br\/mms\/5-ella-wine-coffe-quipe-morar-mais-morarmaispoa-3\/\" data-url=\"https:\/\/morarmais.com.br\/mms\/wp-content\/uploads\/2020\/08\/5-Ella-Wine-Coffe-Quipe-Morar-Mais-@morarmaispoa-3.jpg\" data-width=\"1024\" src=\"https:\/\/i1.wp.com\/morarmais.com.br\/mms\/wp-content\/uploads\/2020\/08\/5-Ella-Wine-Coffe-Quipe-Morar-Mais-@morarmaispoa-3.jpg?ssl=1\" layout=\"responsive\"\/><\/figure><figure class=\"tiled-gallery__item\"><img decoding=\"async\" alt=\"\" data-height=\"683\" data-id=\"4512\" data-link=\"https:\/\/morarmais.com.br\/mms\/5-ella-wine-coffe-quipe-morar-mais-morarmaispoa-2\/\" data-url=\"https:\/\/morarmais.com.br\/mms\/wp-content\/uploads\/2020\/08\/5-Ella-Wine-Coffe-Quipe-Morar-Mais-@morarmaispoa-2.jpg\" data-width=\"1024\" src=\"https:\/\/i1.wp.com\/morarmais.com.br\/mms\/wp-content\/uploads\/2020\/08\/5-Ella-Wine-Coffe-Quipe-Morar-Mais-@morarmaispoa-2.jpg?ssl=1\" layout=\"responsive\"\/><\/figure><\/div><\/div><\/div><\/div>\n\n\n\n<p class=\"has-small-font-size\"><em>Cafeteria Ella Wine &amp; Coffee no Morar Mais POA<\/em><\/p>\n\n\n\n<p>J\u00e1 no <strong><a href=\"https:\/\/www.instagram.com\/morarmaispoa\" target=\"_blank\" rel=\"noreferrer noopener\">Morar Mais Porto Alegre<\/a><\/strong>, a cafeteria <strong>Ella Wine &amp; Coffee<\/strong> apresentou uma pegada industrial, com banco-adega de blocos de concreto e meia-parede coberta por tapumes de obra. Acima, sobre a faixa pintada de preto, a produ\u00e7\u00e3o do evento mesclou diversos estilos de quadros, como frases, altos-relevos, fotografias e impress\u00f5es digitais mescladas \u00e0 t\u00e9cnica de <em>lettering<\/em> aplicadas diretamente \u00e0 parede.<\/p>\n\n\n\n<h4 class=\"wp-block-heading\"><strong><strong>BEM-HUMORADO<\/strong><\/strong><\/h4>\n\n\n\n<div style=\"height:20px\" aria-hidden=\"true\" class=\"wp-block-spacer\"><\/div>\n\n\n\n<div class=\"wp-block-jetpack-tiled-gallery aligncenter is-style-rectangular\"><div class=\"tiled-gallery__gallery\"><div class=\"tiled-gallery__row\"><div class=\"tiled-gallery__col\" style=\"flex-basis:31.641031194641915%\"><figure class=\"tiled-gallery__item\"><img decoding=\"async\" alt=\"\" data-height=\"1024\" data-id=\"4515\" data-link=\"https:\/\/morarmais.com.br\/mms\/6-estudio-da-designer-projetado-pelo-arquiteto-nilton-montarroyos-morar-mais-rio-2014-1\/\" data-url=\"https:\/\/morarmais.com.br\/mms\/wp-content\/uploads\/2020\/08\/6-Estu\u0301dio-da-Designer-projetado-pelo-arquiteto-Nilton-Montarroyos-MORAR-MAIS-Rio-2014-1.jpg\" data-width=\"706\" src=\"https:\/\/i1.wp.com\/morarmais.com.br\/mms\/wp-content\/uploads\/2020\/08\/6-Estu\u0301dio-da-Designer-projetado-pelo-arquiteto-Nilton-Montarroyos-MORAR-MAIS-Rio-2014-1.jpg?ssl=1\" layout=\"responsive\"\/><\/figure><\/div><div class=\"tiled-gallery__col\" style=\"flex-basis:68.35896880535809%\"><figure class=\"tiled-gallery__item\"><img decoding=\"async\" alt=\"\" data-height=\"686\" data-id=\"4516\" data-link=\"https:\/\/morarmais.com.br\/mms\/6-estudio-da-designer-projetado-pelo-arquiteto-nilton-montarroyos-morar-mais-rio-2014-2\/\" data-url=\"https:\/\/morarmais.com.br\/mms\/wp-content\/uploads\/2020\/08\/6-Estu\u0301dio-da-Designer-projetado-pelo-arquiteto-Nilton-Montarroyos-MORAR-MAIS-Rio-2014-2.jpg\" data-width=\"1024\" src=\"https:\/\/i0.wp.com\/morarmais.com.br\/mms\/wp-content\/uploads\/2020\/08\/6-Estu\u0301dio-da-Designer-projetado-pelo-arquiteto-Nilton-Montarroyos-MORAR-MAIS-Rio-2014-2.jpg?ssl=1\" layout=\"responsive\"\/><\/figure><\/div><\/div><\/div><\/div>\n\n\n\n<p class=\"has-small-font-size\"><em>Est\u00fadio da Designer, assinado por Nilton Montarroyos para o Morar Mais Rio<\/em><br><em>Foto: MCA St\u00fadio<\/em><\/p>\n\n\n\n<p>O arquiteto <strong><a rel=\"noreferrer noopener\" href=\"https:\/\/www.instagram.com\/niltonmontarroyosarquitetura\/\" target=\"_blank\">Nilton Montarroyos<\/a><\/strong> criou uma decora\u00e7\u00e3o jovial e divertida para o <strong>Est\u00fadio da Designer<\/strong>, no <strong><a href=\"https:\/\/www.instagram.com\/morarmaisrio\" target=\"_blank\" rel=\"noreferrer noopener\">Morar Mais Rio<\/a><\/strong>! Para isso, a base clara e neutra abre espa\u00e7o para o mobili\u00e1rio e acess\u00f3rios coloridos, com atmosfera vibrante. Para compor a galeria de quadros, acima do sof\u00e1, Nilton escolheu, portanto, pe\u00e7as com est\u00e9ticas semelhantes, alinhadas \u00e0 mesma dist\u00e2ncia em rela\u00e7\u00e3o ao sof\u00e1.<\/p>\n\n\n\n<h4 class=\"wp-block-heading\"><strong><strong>MOLDURAS VAZADAS<\/strong><\/strong><\/h4>\n\n\n\n<div style=\"height:20px\" aria-hidden=\"true\" class=\"wp-block-spacer\"><\/div>\n\n\n\n<figure class=\"wp-block-image size-large\"><img decoding=\"async\" width=\"1024\" height=\"683\" src=\"https:\/\/morarmais.com.br\/mms\/wp-content\/uploads\/2020\/08\/7-Suite-da-Designer-Raquel-Salgado-Morar-Mais-Rio-2013.jpg\" alt=\"\" class=\"wp-image-4517\" srcset=\"https:\/\/morarmais.com.br\/mms\/wp-content\/uploads\/2020\/08\/7-Suite-da-Designer-Raquel-Salgado-Morar-Mais-Rio-2013.jpg 1024w, https:\/\/morarmais.com.br\/mms\/wp-content\/uploads\/2020\/08\/7-Suite-da-Designer-Raquel-Salgado-Morar-Mais-Rio-2013-300x200.jpg 300w, https:\/\/morarmais.com.br\/mms\/wp-content\/uploads\/2020\/08\/7-Suite-da-Designer-Raquel-Salgado-Morar-Mais-Rio-2013-768x512.jpg 768w, https:\/\/morarmais.com.br\/mms\/wp-content\/uploads\/2020\/08\/7-Suite-da-Designer-Raquel-Salgado-Morar-Mais-Rio-2013-930x620.jpg 930w, https:\/\/morarmais.com.br\/mms\/wp-content\/uploads\/2020\/08\/7-Suite-da-Designer-Raquel-Salgado-Morar-Mais-Rio-2013-350x233.jpg 350w\" sizes=\"(max-width: 1024px) 100vw, 1024px\" \/><\/figure>\n\n\n\n<p class=\"has-small-font-size\"><em>Su\u00edte da Designer, assinada por Raquel Salgado para o Morar Mais Rio<\/em><\/p>\n\n\n\n<p>Na <strong>Su\u00edte da Designer<\/strong>, assinada por <strong>Raquel Salgado<\/strong> para o <strong><a href=\"https:\/\/www.instagram.com\/morarmaisrio\" target=\"_blank\" rel=\"noreferrer noopener\">Morar Mais Rio<\/a><\/strong>, a interpreta\u00e7\u00e3o foi mais cl\u00e1ssica: cores suaves e um papel de parede floral, em tons de cinza e dourado, serviram de base para a paleta de cores de todo o quarto. Com o uso da estampa em destaque no papel de parede, a designer optou, portanto, por uma combina\u00e7\u00e3o de molduras vazadas em vez de pinturas ou fotografias, alcan\u00e7ando um resultado inusitado e elegante.&nbsp;<\/p>\n\n\n\n<h4 class=\"wp-block-heading\"><strong><strong>CESTARIAS<\/strong><\/strong><\/h4>\n\n\n\n<div style=\"height:20px\" aria-hidden=\"true\" class=\"wp-block-spacer\"><\/div>\n\n\n\n<div class=\"wp-block-jetpack-tiled-gallery aligncenter is-style-columns\"><div class=\"tiled-gallery__gallery\"><div class=\"tiled-gallery__row\"><div class=\"tiled-gallery__col\" style=\"flex-basis:81.80113250259382%\"><figure class=\"tiled-gallery__item\"><img decoding=\"async\" alt=\"\" data-height=\"683\" data-id=\"4518\" data-link=\"https:\/\/morarmais.com.br\/mms\/8-suite-leme-patricia-brock-patriciabrockarq-mm-poa-2019-1\/\" data-url=\"https:\/\/morarmais.com.br\/mms\/wp-content\/uploads\/2020\/08\/8-Sui\u0301te-Leme-Patri\u0301cia-Brock-@patriciabrockarq-MM-POA-2019-1.jpg\" data-width=\"1024\" src=\"https:\/\/i2.wp.com\/morarmais.com.br\/mms\/wp-content\/uploads\/2020\/08\/8-Sui\u0301te-Leme-Patri\u0301cia-Brock-@patriciabrockarq-MM-POA-2019-1.jpg?ssl=1\" layout=\"responsive\"\/><\/figure><\/div><div class=\"tiled-gallery__col\" style=\"flex-basis:18.198867497406194%\"><figure class=\"tiled-gallery__item\"><img decoding=\"async\" alt=\"\" data-height=\"1024\" data-id=\"4520\" data-link=\"https:\/\/morarmais.com.br\/mms\/8-suite-leme-patricia-brock-patriciabrockarq-mm-poa-2019-3\/\" data-url=\"https:\/\/morarmais.com.br\/mms\/wp-content\/uploads\/2020\/08\/8-Sui\u0301te-Leme-Patri\u0301cia-Brock-@patriciabrockarq-MM-POA-2019-3.jpg\" data-width=\"683\" src=\"https:\/\/i1.wp.com\/morarmais.com.br\/mms\/wp-content\/uploads\/2020\/08\/8-Sui\u0301te-Leme-Patri\u0301cia-Brock-@patriciabrockarq-MM-POA-2019-3.jpg?ssl=1\" layout=\"responsive\"\/><\/figure><figure class=\"tiled-gallery__item\"><img decoding=\"async\" alt=\"\" data-height=\"1024\" data-id=\"4519\" data-link=\"https:\/\/morarmais.com.br\/mms\/8-suite-leme-patricia-brock-patriciabrockarq-mm-poa-2019-2\/\" data-url=\"https:\/\/morarmais.com.br\/mms\/wp-content\/uploads\/2020\/08\/8-Sui\u0301te-Leme-Patri\u0301cia-Brock-@patriciabrockarq-MM-POA-2019-2.jpg\" data-width=\"683\" src=\"https:\/\/i1.wp.com\/morarmais.com.br\/mms\/wp-content\/uploads\/2020\/08\/8-Sui\u0301te-Leme-Patri\u0301cia-Brock-@patriciabrockarq-MM-POA-2019-2.jpg?ssl=1\" layout=\"responsive\"\/><\/figure><\/div><\/div><\/div><\/div>\n\n\n\n<p class=\"has-small-font-size\"><em>Su\u00edte Leme, assinada por Patr\u00edcia Brock para o Morar Mais POA<\/em><\/p>\n\n\n\n<p><strong><a href=\"http:\/\/instagram.com\/patriciabrockarq\" target=\"_blank\" rel=\"noreferrer noopener\">Patr\u00edcia Brock<\/a><\/strong>, por sua vez, criou para o <strong><a href=\"http:\/\/instagram.com\/morarmaispoa\" target=\"_blank\" rel=\"noreferrer noopener\">Morar Mais Porto Alegre<\/a><\/strong> a <strong>Su\u00edte Leme<\/strong>, com uma inspira\u00e7\u00e3o praiana. Para combinar com a est\u00e9tica glamorosa \u00e0 beira-mar, elementos r\u00fasticos e naturais se justap\u00f5em a pe\u00e7as mais refinadas e minimalistas. Sobre a parede de tijolinhos, no entanto, Patr\u00edcia optou por cestarias de diversos tamanhos e formas, em vez da decora\u00e7\u00e3o com quadros.<\/p>\n\n\n\n<h4 class=\"wp-block-heading\"><strong><strong>MINIMALISTA<\/strong><\/strong><\/h4>\n\n\n\n<div style=\"height:20px\" aria-hidden=\"true\" class=\"wp-block-spacer\"><\/div>\n\n\n\n<figure class=\"wp-block-image size-large\"><img loading=\"lazy\" decoding=\"async\" width=\"1024\" height=\"683\" src=\"https:\/\/morarmais.com.br\/mms\/wp-content\/uploads\/2020\/08\/9-ESTAR-DA-CASA-assinado-por-Patricia-Fiuza-para-o-MORAR-MAIS-POR-MENOS-RIO-2018.jpg\" alt=\"\" class=\"wp-image-4524\" srcset=\"https:\/\/morarmais.com.br\/mms\/wp-content\/uploads\/2020\/08\/9-ESTAR-DA-CASA-assinado-por-Patricia-Fiuza-para-o-MORAR-MAIS-POR-MENOS-RIO-2018.jpg 1024w, https:\/\/morarmais.com.br\/mms\/wp-content\/uploads\/2020\/08\/9-ESTAR-DA-CASA-assinado-por-Patricia-Fiuza-para-o-MORAR-MAIS-POR-MENOS-RIO-2018-300x200.jpg 300w, https:\/\/morarmais.com.br\/mms\/wp-content\/uploads\/2020\/08\/9-ESTAR-DA-CASA-assinado-por-Patricia-Fiuza-para-o-MORAR-MAIS-POR-MENOS-RIO-2018-768x512.jpg 768w, https:\/\/morarmais.com.br\/mms\/wp-content\/uploads\/2020\/08\/9-ESTAR-DA-CASA-assinado-por-Patricia-Fiuza-para-o-MORAR-MAIS-POR-MENOS-RIO-2018-930x620.jpg 930w, https:\/\/morarmais.com.br\/mms\/wp-content\/uploads\/2020\/08\/9-ESTAR-DA-CASA-assinado-por-Patricia-Fiuza-para-o-MORAR-MAIS-POR-MENOS-RIO-2018-350x233.jpg 350w\" sizes=\"(max-width: 1024px) 100vw, 1024px\" \/><\/figure>\n\n\n\n<p class=\"has-small-font-size\"><em>Estar da Casa, assinada por Patricia Fiuza para o Morar Mais Rio<\/em><\/p>\n\n\n\n<p>A paleta de cores suave e elegante, eleita por <strong><a href=\"https:\/\/www.instagram.com\/patriciafiuzaarquitetura\/\" target=\"_blank\" rel=\"noreferrer noopener\">Patricia Fiuza<\/a><\/strong> para o <strong>Estar da Casa<\/strong>, no <strong><a href=\"https:\/\/www.instagram.com\/morarmaisrio\" target=\"_blank\" rel=\"noreferrer noopener\">Morar Mais Rio<\/a><\/strong>, guiou n\u00e3o apenas a escolha do mobili\u00e1rio, mas tamb\u00e9m a sele\u00e7\u00e3o dos quadros e acess\u00f3rios. Al\u00e9m das obras abstratas, que conversam com as almofadas, destacam-se tamb\u00e9m o mix de elementos na composi\u00e7\u00e3o, como esculturas de parede e frases.<\/p>\n\n\n\n<div style=\"height:20px\" aria-hidden=\"true\" class=\"wp-block-spacer\"><\/div>\n\n\n\n<p>Curtiu as dicas? Confira tamb\u00e9m nosso canal no&nbsp;<strong><a href=\"https:\/\/www.youtube.com\/user\/Morarmaispormenostv\" target=\"_blank\" rel=\"noreferrer noopener\">YouTube<\/a><\/strong>&nbsp;e fique de olho nas novidades do&nbsp;<strong>Morar Mais<\/strong>&nbsp;atrav\u00e9s do nosso&nbsp;<strong><a href=\"http:\/\/instagram.com\/morarmaispormenos\" target=\"_blank\" rel=\"noreferrer noopener\">Instagram<\/a><\/strong>.<\/p>\n\n\n\n<p><em>Mat\u00e9ria produzida pela:&nbsp;<a rel=\"noreferrer noopener\" href=\"https:\/\/www.instagram.com\/lschuback\/\" target=\"_blank\">L.Schuback Assessoria de Comunica\u00e7\u00e3o<\/a><\/em><\/p>\n","protected":false},"excerpt":{"rendered":"<p>Se voc\u00ea \u00e9 do time que sempre quis montar uma galeria em casa, mas nunca soube por onde come\u00e7ar, n\u00f3s temos a solu\u00e7\u00e3o! Reunimos abaixo nove ideias inusitadas e inspiradoras de como compor quadros na parede! Apresentados no Morar Mais, de diversas cidades do Brasil, os projetos ressaltam a criatividade e originalidade dos profissionais: afinal,&hellip;&nbsp;<a href=\"https:\/\/morarmais.com.br\/mms\/galeria-em-casa-9-ideias-inusitadas-para-compor-quadros-na-parede\/\" rel=\"bookmark\">Continue a ler &raquo;<span class=\"screen-reader-text\">Galeria em Casa: 9 ideias inusitadas para compor quadros na parede<\/span><\/a><\/p>\n","protected":false},"author":6,"featured_media":4525,"comment_status":"open","ping_status":"open","sticky":false,"template":"","format":"standard","meta":{"_eb_attr":"","editor_plus_copied_stylings":"{}","neve_meta_sidebar":"","neve_meta_container":"","neve_meta_enable_content_width":"off","neve_meta_content_width":0,"neve_meta_title_alignment":"","neve_meta_author_avatar":"","neve_post_elements_order":"","neve_meta_disable_header":"","neve_meta_disable_footer":"","neve_meta_disable_title":"","_themeisle_gutenberg_block_has_review":false,"_vp_format_video_url":"","_vp_image_focal_point":[],"footnotes":""},"categories":[22,23,31],"tags":[232,177,73,226,230,227,231,234,233,228],"class_list":["post-4499","post","type-post","status-publish","format-standard","has-post-thumbnail","hentry","category-faca-voce-mesmo","category-home","category-viciados-em-design","tag-decoracao-criativa","tag-ideias-criativas","tag-morar-mais-por-menos","tag-quadros","tag-quadros-de-decoracao","tag-quadros-decorativos","tag-quadros-na-parede","tag-quadros-para-quarto","tag-quadros-para-sala","tag-quadros-personalizados"],"yoast_head":"<!-- This site is optimized with the Yoast SEO plugin v25.6 - https:\/\/yoast.com\/wordpress\/plugins\/seo\/ -->\n<title>Galeria em Casa: 9 ideias inusitadas para compor quadros na parede - Morar mais<\/title>\n<meta name=\"description\" content=\"Para inspirar voc\u00ea a criar uma verdadeira galeria em casa, garimpamos 8 ideias apresentadas no Morar Mais, em todo o Brasil para compor quadros na parede.\" \/>\n<meta name=\"robots\" content=\"index, follow, max-snippet:-1, max-image-preview:large, max-video-preview:-1\" \/>\n<link rel=\"canonical\" href=\"https:\/\/morarmais.com.br\/mms\/galeria-em-casa-9-ideias-inusitadas-para-compor-quadros-na-parede\/\" \/>\n<meta property=\"og:locale\" content=\"pt_BR\" \/>\n<meta property=\"og:type\" content=\"article\" \/>\n<meta property=\"og:title\" content=\"Galeria em Casa: 9 ideias inusitadas para compor quadros na parede - Morar mais\" \/>\n<meta property=\"og:description\" content=\"Para inspirar voc\u00ea a criar uma verdadeira galeria em casa, garimpamos 8 ideias apresentadas no Morar Mais, em todo o Brasil para compor quadros na parede.\" \/>\n<meta property=\"og:url\" content=\"https:\/\/morarmais.com.br\/mms\/galeria-em-casa-9-ideias-inusitadas-para-compor-quadros-na-parede\/\" \/>\n<meta property=\"og:site_name\" content=\"Morar mais\" \/>\n<meta property=\"article:publisher\" content=\"https:\/\/www.facebook.com\/morarmais\" \/>\n<meta property=\"article:published_time\" content=\"2020-08-26T16:00:00+00:00\" \/>\n<meta property=\"article:modified_time\" content=\"2020-08-26T20:06:48+00:00\" \/>\n<meta property=\"og:image\" content=\"https:\/\/i1.wp.com\/morarmais.com.br\/mms\/wp-content\/uploads\/2020\/08\/galeria-em-casa-9-ideias-compor-quadros-na-parede.png?fit=852%2C563&ssl=1\" \/>\n\t<meta property=\"og:image:width\" content=\"852\" \/>\n\t<meta property=\"og:image:height\" content=\"563\" \/>\n\t<meta property=\"og:image:type\" content=\"image\/png\" \/>\n<meta name=\"author\" content=\"Ale Devecchi\" \/>\n<meta name=\"twitter:card\" content=\"summary_large_image\" \/>\n<meta name=\"twitter:label1\" content=\"Escrito por\" \/>\n\t<meta name=\"twitter:data1\" content=\"Ale Devecchi\" \/>\n\t<meta name=\"twitter:label2\" content=\"Est. tempo de leitura\" \/>\n\t<meta name=\"twitter:data2\" content=\"4 minutos\" \/>\n<script type=\"application\/ld+json\" class=\"yoast-schema-graph\">{\"@context\":\"https:\/\/schema.org\",\"@graph\":[{\"@type\":\"Article\",\"@id\":\"https:\/\/morarmais.com.br\/mms\/galeria-em-casa-9-ideias-inusitadas-para-compor-quadros-na-parede\/#article\",\"isPartOf\":{\"@id\":\"https:\/\/morarmais.com.br\/mms\/galeria-em-casa-9-ideias-inusitadas-para-compor-quadros-na-parede\/\"},\"author\":{\"name\":\"Ale Devecchi\",\"@id\":\"https:\/\/morarmais.com.br\/mms\/#\/schema\/person\/67dda048cb1edaf0c66d3a7787857c2a\"},\"headline\":\"Galeria em Casa: 9 ideias inusitadas para compor quadros na parede\",\"datePublished\":\"2020-08-26T16:00:00+00:00\",\"dateModified\":\"2020-08-26T20:06:48+00:00\",\"mainEntityOfPage\":{\"@id\":\"https:\/\/morarmais.com.br\/mms\/galeria-em-casa-9-ideias-inusitadas-para-compor-quadros-na-parede\/\"},\"wordCount\":908,\"commentCount\":0,\"publisher\":{\"@id\":\"https:\/\/morarmais.com.br\/mms\/#organization\"},\"image\":{\"@id\":\"https:\/\/morarmais.com.br\/mms\/galeria-em-casa-9-ideias-inusitadas-para-compor-quadros-na-parede\/#primaryimage\"},\"thumbnailUrl\":\"https:\/\/morarmais.com.br\/mms\/wp-content\/uploads\/2020\/08\/galeria-em-casa-9-ideias-compor-quadros-na-parede.png\",\"keywords\":[\"decora\u00e7\u00e3o criativa\",\"ideias criativas\",\"Morar Mais por menos\",\"quadros\",\"quadros de decora\u00e7\u00e3o\",\"quadros decorativos\",\"quadros na parede\",\"quadros para quarto\",\"quadros para sala\",\"quadros personalizados\"],\"articleSection\":[\"Fa\u00e7a Voc\u00ea Mesmo\",\"Home\",\"Viciados em Design\"],\"inLanguage\":\"pt-BR\",\"potentialAction\":[{\"@type\":\"CommentAction\",\"name\":\"Comment\",\"target\":[\"https:\/\/morarmais.com.br\/mms\/galeria-em-casa-9-ideias-inusitadas-para-compor-quadros-na-parede\/#respond\"]}]},{\"@type\":\"WebPage\",\"@id\":\"https:\/\/morarmais.com.br\/mms\/galeria-em-casa-9-ideias-inusitadas-para-compor-quadros-na-parede\/\",\"url\":\"https:\/\/morarmais.com.br\/mms\/galeria-em-casa-9-ideias-inusitadas-para-compor-quadros-na-parede\/\",\"name\":\"Galeria em Casa: 9 ideias inusitadas para compor quadros na parede - Morar mais\",\"isPartOf\":{\"@id\":\"https:\/\/morarmais.com.br\/mms\/#website\"},\"primaryImageOfPage\":{\"@id\":\"https:\/\/morarmais.com.br\/mms\/galeria-em-casa-9-ideias-inusitadas-para-compor-quadros-na-parede\/#primaryimage\"},\"image\":{\"@id\":\"https:\/\/morarmais.com.br\/mms\/galeria-em-casa-9-ideias-inusitadas-para-compor-quadros-na-parede\/#primaryimage\"},\"thumbnailUrl\":\"https:\/\/morarmais.com.br\/mms\/wp-content\/uploads\/2020\/08\/galeria-em-casa-9-ideias-compor-quadros-na-parede.png\",\"datePublished\":\"2020-08-26T16:00:00+00:00\",\"dateModified\":\"2020-08-26T20:06:48+00:00\",\"description\":\"Para inspirar voc\u00ea a criar uma verdadeira galeria em casa, garimpamos 8 ideias apresentadas no Morar Mais, em todo o Brasil para compor quadros na parede.\",\"breadcrumb\":{\"@id\":\"https:\/\/morarmais.com.br\/mms\/galeria-em-casa-9-ideias-inusitadas-para-compor-quadros-na-parede\/#breadcrumb\"},\"inLanguage\":\"pt-BR\",\"potentialAction\":[{\"@type\":\"ReadAction\",\"target\":[\"https:\/\/morarmais.com.br\/mms\/galeria-em-casa-9-ideias-inusitadas-para-compor-quadros-na-parede\/\"]}]},{\"@type\":\"ImageObject\",\"inLanguage\":\"pt-BR\",\"@id\":\"https:\/\/morarmais.com.br\/mms\/galeria-em-casa-9-ideias-inusitadas-para-compor-quadros-na-parede\/#primaryimage\",\"url\":\"https:\/\/morarmais.com.br\/mms\/wp-content\/uploads\/2020\/08\/galeria-em-casa-9-ideias-compor-quadros-na-parede.png\",\"contentUrl\":\"https:\/\/morarmais.com.br\/mms\/wp-content\/uploads\/2020\/08\/galeria-em-casa-9-ideias-compor-quadros-na-parede.png\",\"width\":852,\"height\":563,\"caption\":\"compor quadros na parede\"},{\"@type\":\"BreadcrumbList\",\"@id\":\"https:\/\/morarmais.com.br\/mms\/galeria-em-casa-9-ideias-inusitadas-para-compor-quadros-na-parede\/#breadcrumb\",\"itemListElement\":[{\"@type\":\"ListItem\",\"position\":1,\"name\":\"In\u00edcio\",\"item\":\"https:\/\/morarmais.com.br\/mms\/\"},{\"@type\":\"ListItem\",\"position\":2,\"name\":\"Galeria em Casa: 9 ideias inusitadas para compor quadros na parede\"}]},{\"@type\":\"WebSite\",\"@id\":\"https:\/\/morarmais.com.br\/mms\/#website\",\"url\":\"https:\/\/morarmais.com.br\/mms\/\",\"name\":\"Morar mais\",\"description\":\"O Chique que cabe no bolso\",\"publisher\":{\"@id\":\"https:\/\/morarmais.com.br\/mms\/#organization\"},\"potentialAction\":[{\"@type\":\"SearchAction\",\"target\":{\"@type\":\"EntryPoint\",\"urlTemplate\":\"https:\/\/morarmais.com.br\/mms\/?s={search_term_string}\"},\"query-input\":{\"@type\":\"PropertyValueSpecification\",\"valueRequired\":true,\"valueName\":\"search_term_string\"}}],\"inLanguage\":\"pt-BR\"},{\"@type\":\"Organization\",\"@id\":\"https:\/\/morarmais.com.br\/mms\/#organization\",\"name\":\"Morar mais\",\"url\":\"https:\/\/morarmais.com.br\/mms\/\",\"logo\":{\"@type\":\"ImageObject\",\"inLanguage\":\"pt-BR\",\"@id\":\"https:\/\/morarmais.com.br\/mms\/#\/schema\/logo\/image\/\",\"url\":\"https:\/\/morarmais.com.br\/mms\/wp-content\/uploads\/2019\/04\/cropped-logo-morar-mais-2-1-e1688661143585.png\",\"contentUrl\":\"https:\/\/morarmais.com.br\/mms\/wp-content\/uploads\/2019\/04\/cropped-logo-morar-mais-2-1-e1688661143585.png\",\"width\":130,\"height\":100,\"caption\":\"Morar mais\"},\"image\":{\"@id\":\"https:\/\/morarmais.com.br\/mms\/#\/schema\/logo\/image\/\"},\"sameAs\":[\"https:\/\/www.facebook.com\/morarmais\",\"https:\/\/www.instagram.com\/morarmaispormenos\",\"https:\/\/br.pinterest.com\/morarmais\/\"]},{\"@type\":\"Person\",\"@id\":\"https:\/\/morarmais.com.br\/mms\/#\/schema\/person\/67dda048cb1edaf0c66d3a7787857c2a\",\"name\":\"Ale Devecchi\",\"image\":{\"@type\":\"ImageObject\",\"inLanguage\":\"pt-BR\",\"@id\":\"https:\/\/morarmais.com.br\/mms\/#\/schema\/person\/image\/\",\"url\":\"https:\/\/secure.gravatar.com\/avatar\/194f7a41b78fc7f5fcbf2fb567b600b5?s=96&d=mm&r=g\",\"contentUrl\":\"https:\/\/secure.gravatar.com\/avatar\/194f7a41b78fc7f5fcbf2fb567b600b5?s=96&d=mm&r=g\",\"caption\":\"Ale Devecchi\"},\"url\":\"https:\/\/morarmais.com.br\/mms\/author\/marketing-mais\/\"}]}<\/script>\n<!-- \/ Yoast SEO plugin. -->","yoast_head_json":{"title":"Galeria em Casa: 9 ideias inusitadas para compor quadros na parede - Morar mais","description":"Para inspirar voc\u00ea a criar uma verdadeira galeria em casa, garimpamos 8 ideias apresentadas no Morar Mais, em todo o Brasil para compor quadros na parede.","robots":{"index":"index","follow":"follow","max-snippet":"max-snippet:-1","max-image-preview":"max-image-preview:large","max-video-preview":"max-video-preview:-1"},"canonical":"https:\/\/morarmais.com.br\/mms\/galeria-em-casa-9-ideias-inusitadas-para-compor-quadros-na-parede\/","og_locale":"pt_BR","og_type":"article","og_title":"Galeria em Casa: 9 ideias inusitadas para compor quadros na parede - Morar mais","og_description":"Para inspirar voc\u00ea a criar uma verdadeira galeria em casa, garimpamos 8 ideias apresentadas no Morar Mais, em todo o Brasil para compor quadros na parede.","og_url":"https:\/\/morarmais.com.br\/mms\/galeria-em-casa-9-ideias-inusitadas-para-compor-quadros-na-parede\/","og_site_name":"Morar mais","article_publisher":"https:\/\/www.facebook.com\/morarmais","article_published_time":"2020-08-26T16:00:00+00:00","article_modified_time":"2020-08-26T20:06:48+00:00","og_image":[{"width":852,"height":563,"url":"https:\/\/i1.wp.com\/morarmais.com.br\/mms\/wp-content\/uploads\/2020\/08\/galeria-em-casa-9-ideias-compor-quadros-na-parede.png?fit=852%2C563&ssl=1","type":"image\/png"}],"author":"Ale Devecchi","twitter_card":"summary_large_image","twitter_misc":{"Escrito por":"Ale Devecchi","Est. tempo de leitura":"4 minutos"},"schema":{"@context":"https:\/\/schema.org","@graph":[{"@type":"Article","@id":"https:\/\/morarmais.com.br\/mms\/galeria-em-casa-9-ideias-inusitadas-para-compor-quadros-na-parede\/#article","isPartOf":{"@id":"https:\/\/morarmais.com.br\/mms\/galeria-em-casa-9-ideias-inusitadas-para-compor-quadros-na-parede\/"},"author":{"name":"Ale Devecchi","@id":"https:\/\/morarmais.com.br\/mms\/#\/schema\/person\/67dda048cb1edaf0c66d3a7787857c2a"},"headline":"Galeria em Casa: 9 ideias inusitadas para compor quadros na parede","datePublished":"2020-08-26T16:00:00+00:00","dateModified":"2020-08-26T20:06:48+00:00","mainEntityOfPage":{"@id":"https:\/\/morarmais.com.br\/mms\/galeria-em-casa-9-ideias-inusitadas-para-compor-quadros-na-parede\/"},"wordCount":908,"commentCount":0,"publisher":{"@id":"https:\/\/morarmais.com.br\/mms\/#organization"},"image":{"@id":"https:\/\/morarmais.com.br\/mms\/galeria-em-casa-9-ideias-inusitadas-para-compor-quadros-na-parede\/#primaryimage"},"thumbnailUrl":"https:\/\/morarmais.com.br\/mms\/wp-content\/uploads\/2020\/08\/galeria-em-casa-9-ideias-compor-quadros-na-parede.png","keywords":["decora\u00e7\u00e3o criativa","ideias criativas","Morar Mais por menos","quadros","quadros de decora\u00e7\u00e3o","quadros decorativos","quadros na parede","quadros para quarto","quadros para sala","quadros personalizados"],"articleSection":["Fa\u00e7a Voc\u00ea Mesmo","Home","Viciados em Design"],"inLanguage":"pt-BR","potentialAction":[{"@type":"CommentAction","name":"Comment","target":["https:\/\/morarmais.com.br\/mms\/galeria-em-casa-9-ideias-inusitadas-para-compor-quadros-na-parede\/#respond"]}]},{"@type":"WebPage","@id":"https:\/\/morarmais.com.br\/mms\/galeria-em-casa-9-ideias-inusitadas-para-compor-quadros-na-parede\/","url":"https:\/\/morarmais.com.br\/mms\/galeria-em-casa-9-ideias-inusitadas-para-compor-quadros-na-parede\/","name":"Galeria em Casa: 9 ideias inusitadas para compor quadros na parede - Morar mais","isPartOf":{"@id":"https:\/\/morarmais.com.br\/mms\/#website"},"primaryImageOfPage":{"@id":"https:\/\/morarmais.com.br\/mms\/galeria-em-casa-9-ideias-inusitadas-para-compor-quadros-na-parede\/#primaryimage"},"image":{"@id":"https:\/\/morarmais.com.br\/mms\/galeria-em-casa-9-ideias-inusitadas-para-compor-quadros-na-parede\/#primaryimage"},"thumbnailUrl":"https:\/\/morarmais.com.br\/mms\/wp-content\/uploads\/2020\/08\/galeria-em-casa-9-ideias-compor-quadros-na-parede.png","datePublished":"2020-08-26T16:00:00+00:00","dateModified":"2020-08-26T20:06:48+00:00","description":"Para inspirar voc\u00ea a criar uma verdadeira galeria em casa, garimpamos 8 ideias apresentadas no Morar Mais, em todo o Brasil para compor quadros na parede.","breadcrumb":{"@id":"https:\/\/morarmais.com.br\/mms\/galeria-em-casa-9-ideias-inusitadas-para-compor-quadros-na-parede\/#breadcrumb"},"inLanguage":"pt-BR","potentialAction":[{"@type":"ReadAction","target":["https:\/\/morarmais.com.br\/mms\/galeria-em-casa-9-ideias-inusitadas-para-compor-quadros-na-parede\/"]}]},{"@type":"ImageObject","inLanguage":"pt-BR","@id":"https:\/\/morarmais.com.br\/mms\/galeria-em-casa-9-ideias-inusitadas-para-compor-quadros-na-parede\/#primaryimage","url":"https:\/\/morarmais.com.br\/mms\/wp-content\/uploads\/2020\/08\/galeria-em-casa-9-ideias-compor-quadros-na-parede.png","contentUrl":"https:\/\/morarmais.com.br\/mms\/wp-content\/uploads\/2020\/08\/galeria-em-casa-9-ideias-compor-quadros-na-parede.png","width":852,"height":563,"caption":"compor quadros na parede"},{"@type":"BreadcrumbList","@id":"https:\/\/morarmais.com.br\/mms\/galeria-em-casa-9-ideias-inusitadas-para-compor-quadros-na-parede\/#breadcrumb","itemListElement":[{"@type":"ListItem","position":1,"name":"In\u00edcio","item":"https:\/\/morarmais.com.br\/mms\/"},{"@type":"ListItem","position":2,"name":"Galeria em Casa: 9 ideias inusitadas para compor quadros na parede"}]},{"@type":"WebSite","@id":"https:\/\/morarmais.com.br\/mms\/#website","url":"https:\/\/morarmais.com.br\/mms\/","name":"Morar mais","description":"O Chique que cabe no bolso","publisher":{"@id":"https:\/\/morarmais.com.br\/mms\/#organization"},"potentialAction":[{"@type":"SearchAction","target":{"@type":"EntryPoint","urlTemplate":"https:\/\/morarmais.com.br\/mms\/?s={search_term_string}"},"query-input":{"@type":"PropertyValueSpecification","valueRequired":true,"valueName":"search_term_string"}}],"inLanguage":"pt-BR"},{"@type":"Organization","@id":"https:\/\/morarmais.com.br\/mms\/#organization","name":"Morar mais","url":"https:\/\/morarmais.com.br\/mms\/","logo":{"@type":"ImageObject","inLanguage":"pt-BR","@id":"https:\/\/morarmais.com.br\/mms\/#\/schema\/logo\/image\/","url":"https:\/\/morarmais.com.br\/mms\/wp-content\/uploads\/2019\/04\/cropped-logo-morar-mais-2-1-e1688661143585.png","contentUrl":"https:\/\/morarmais.com.br\/mms\/wp-content\/uploads\/2019\/04\/cropped-logo-morar-mais-2-1-e1688661143585.png","width":130,"height":100,"caption":"Morar mais"},"image":{"@id":"https:\/\/morarmais.com.br\/mms\/#\/schema\/logo\/image\/"},"sameAs":["https:\/\/www.facebook.com\/morarmais","https:\/\/www.instagram.com\/morarmaispormenos","https:\/\/br.pinterest.com\/morarmais\/"]},{"@type":"Person","@id":"https:\/\/morarmais.com.br\/mms\/#\/schema\/person\/67dda048cb1edaf0c66d3a7787857c2a","name":"Ale Devecchi","image":{"@type":"ImageObject","inLanguage":"pt-BR","@id":"https:\/\/morarmais.com.br\/mms\/#\/schema\/person\/image\/","url":"https:\/\/secure.gravatar.com\/avatar\/194f7a41b78fc7f5fcbf2fb567b600b5?s=96&d=mm&r=g","contentUrl":"https:\/\/secure.gravatar.com\/avatar\/194f7a41b78fc7f5fcbf2fb567b600b5?s=96&d=mm&r=g","caption":"Ale Devecchi"},"url":"https:\/\/morarmais.com.br\/mms\/author\/marketing-mais\/"}]}},"_links":{"self":[{"href":"https:\/\/morarmais.com.br\/mms\/wp-json\/wp\/v2\/posts\/4499"}],"collection":[{"href":"https:\/\/morarmais.com.br\/mms\/wp-json\/wp\/v2\/posts"}],"about":[{"href":"https:\/\/morarmais.com.br\/mms\/wp-json\/wp\/v2\/types\/post"}],"author":[{"embeddable":true,"href":"https:\/\/morarmais.com.br\/mms\/wp-json\/wp\/v2\/users\/6"}],"replies":[{"embeddable":true,"href":"https:\/\/morarmais.com.br\/mms\/wp-json\/wp\/v2\/comments?post=4499"}],"version-history":[{"count":0,"href":"https:\/\/morarmais.com.br\/mms\/wp-json\/wp\/v2\/posts\/4499\/revisions"}],"wp:featuredmedia":[{"embeddable":true,"href":"https:\/\/morarmais.com.br\/mms\/wp-json\/wp\/v2\/media\/4525"}],"wp:attachment":[{"href":"https:\/\/morarmais.com.br\/mms\/wp-json\/wp\/v2\/media?parent=4499"}],"wp:term":[{"taxonomy":"category","embeddable":true,"href":"https:\/\/morarmais.com.br\/mms\/wp-json\/wp\/v2\/categories?post=4499"},{"taxonomy":"post_tag","embeddable":true,"href":"https:\/\/morarmais.com.br\/mms\/wp-json\/wp\/v2\/tags?post=4499"}],"curies":[{"name":"wp","href":"https:\/\/api.w.org\/{rel}","templated":true}]}}