{"id":4373,"date":"2020-07-28T16:20:00","date_gmt":"2020-07-28T16:20:00","guid":{"rendered":"https:\/\/morarmais.com.br\/mms\/?p=4373"},"modified":"2020-07-28T19:19:54","modified_gmt":"2020-07-28T19:19:54","slug":"morar-mais-bom-pra-cachorro","status":"publish","type":"post","link":"https:\/\/morarmais.com.br\/mms\/morar-mais-bom-pra-cachorro\/","title":{"rendered":"Morar Mais bom pra cachorro!"},"content":{"rendered":"\n<p class=\"has-small-font-size\"><em>Escrit\u00f3rio e Estudio do Dr Pet, assinado por Carlos Agricola e Patr\u00edcia Capobianco para o Morar Mais SP<\/em><\/p>\n\n\n\n<p>Voc\u00ea sabia que o <strong><a rel=\"noreferrer noopener\" href=\"https:\/\/morarmais.com.br\/mms\/\" target=\"_blank\">Morar Mais<\/a><\/strong> \u00e9 \u201cbom pra cachorro\u201d? Al\u00e9m de levar seu animalzinho de estima\u00e7\u00e3o para visitar o evento, voc\u00ea pode se inspirar em espa\u00e7os incr\u00edveis projetados especialmente para os peludos! J\u00e1 tivemos por aqui desde quartos e salas de estar, com solu\u00e7\u00f5es especiais para incluir o cantinho do seu cachorro ou gatinho na decora\u00e7\u00e3o, at\u00e9 pet shops descoladas e divertidas, com tudo para seu animalzinho.\u00a0<\/p>\n\n\n\n<figure class=\"wp-block-image size-large\"><img fetchpriority=\"high\" decoding=\"async\" width=\"852\" height=\"563\" src=\"https:\/\/morarmais.com.br\/mms\/wp-content\/uploads\/2020\/07\/GIF-1-QUARTO-DA-FILHA-por-Camila-Saavedra-e-Larissa-Mogilewsky-RIO-2018-1.gif\" alt=\"bom pra cachorro\" class=\"wp-image-4407\"\/><\/figure>\n\n\n\n<p class=\"has-small-font-size\"><em>Quarto da Filha, assinado por Camila Saavedra e Larissa Mogilewsky para o Morar Mais Rio<\/em><\/p>\n\n\n\n<p>No <strong><a href=\"http:\/\/instagram.com\/morarmaisrio\" target=\"_blank\" rel=\"noreferrer noopener\">Morar Mais Rio<\/a><\/strong>, <strong><a href=\"http:\/\/instagram.com\/saavedraarquitetura\" target=\"_blank\" rel=\"noreferrer noopener\">Camila Saavedra<\/a><\/strong> e <strong>Larissa Mogilewsky<\/strong> criaram para o <strong>Quarto da Filha<\/strong> um projeto personalizado de marcenaria, com gavet\u00f5es sob a cama de pallets com comedores para o c\u00e3ozinho! Repare que, sob a mesa de cabeceira, fica a caminha do cachorro! Ali\u00e1s, o modelo canino da foto \u00e9 o <strong><a href=\"https:\/\/www.instagram.com\/dogflavinho\/\" target=\"_blank\" rel=\"noreferrer noopener\">Flavinho<\/a><\/strong>, um astro da internet com mais de 60 mil seguidores!<\/p>\n\n\n\n<figure class=\"wp-block-image size-large\"><img decoding=\"async\" width=\"852\" height=\"563\" src=\"https:\/\/morarmais.com.br\/mms\/wp-content\/uploads\/2020\/07\/Gif-2-Quarto-Paranaue\u0302-Karla-Khalil-e-Luciane-Borges-do-Carmo-MM-RIO-2019.gif\" alt=\"\" class=\"wp-image-4409\"\/><\/figure>\n\n\n\n<p class=\"has-small-font-size\"><em>Quarto Paranau\u00ea, assinado por Karla Khalil e Luciane Borges do Carmo para o Morar Mais Rio<\/em><\/p>\n\n\n\n<p>Tamb\u00e9m no <strong>Morar Mais Rio<\/strong>, <strong><a href=\"http:\/\/instagram.com\/karlakhalil_arquitetura\" target=\"_blank\" rel=\"noreferrer noopener\">Karla Khalil<\/a><\/strong> e <strong><a href=\"http:\/\/instagram.com\/lucianebc_\" target=\"_blank\" rel=\"noreferrer noopener\">Luciane Borges do Carmo<\/a> <\/strong>projetaram o <strong>Quarto Paranau\u00ea,<\/strong> um espa\u00e7o infantil superdivertido, com marcenaria sob medida para o pequeno desbravador e seu mascote! Quando fechada, a caminha fica escondida, esperando a hora da soneca!<\/p>\n\n\n\n<figure class=\"wp-block-image size-large\"><img decoding=\"async\" width=\"852\" height=\"563\" src=\"https:\/\/morarmais.com.br\/mms\/wp-content\/uploads\/2020\/07\/gif5-3-Escrito\u0301rio-e-Estudio-do-Dr-Pet-Carlos-Agricola-e-Patri\u0301cia-Capobianco-MMSP-1.gif\" alt=\"\" class=\"wp-image-4412\"\/><\/figure>\n\n\n\n<p class=\"has-small-font-size\"><em>Escrit\u00f3rio e Estudio do Dr Pet, assinado por Carlos Agricola e Patr\u00edcia Capobianco para o Morar Mais SP<\/em><\/p>\n\n\n\n<p>J\u00e1 no <strong>Morar Mais S\u00e3o Paulo<\/strong>, um ambiente inteiro foi dedicado aos bichanos: <strong>Carlos Agricola<\/strong> e <strong>Patr\u00edcia Capobianco<\/strong>, da<strong> <a href=\"http:\/\/instagram.com\/quatriarquitetura\" target=\"_blank\" rel=\"noreferrer noopener\">Quatri Arquitetura<\/a><\/strong>, projetaram o <strong>Est\u00fadio do Dr. Pet<\/strong>, em homenagem ao veterin\u00e1rio e zootecnista <strong><a href=\"https:\/\/www.instagram.com\/alexandrerossi_oficial\/\" target=\"_blank\" rel=\"noreferrer noopener\">Alexandre Rossi<\/a><\/strong>. Por l\u00e1, al\u00e9m de um mural assinado pelo artista <strong><a href=\"https:\/\/www.instagram.com\/roger_tai_\/\" target=\"_blank\" rel=\"noreferrer noopener\">Roger Tai<\/a><\/strong>, representando os animais de estima\u00e7\u00e3o de Rossi &#8211; Estopinha, Barth\u00f4 e Miah -, a marcenaria foi projetada com nichos para acolher a caminha dos pets, al\u00e9m de uma estante de escalada, prateleiras e arranhadores para estimular o instinto desbravador da gatinha.&nbsp;<\/p>\n\n\n\n<div class=\"wp-block-jetpack-slideshow aligncenter\" data-effect=\"slide\"><div class=\"wp-block-jetpack-slideshow_container swiper-container\"><ul class=\"wp-block-jetpack-slideshow_swiper-wrapper swiper-wrapper\"><li class=\"wp-block-jetpack-slideshow_slide swiper-slide\"><figure><img loading=\"lazy\" decoding=\"async\" width=\"1024\" height=\"672\" alt=\"bom pra cachorro\" class=\"wp-block-jetpack-slideshow_image wp-image-4380\" data-id=\"4380\" src=\"https:\/\/morarmais.com.br\/mms\/wp-content\/uploads\/2020\/07\/4-COZINHA-DAS-BRISAS-Ana-Cano-Milman-Erica-Saraiva-e-Magda-Alvarenga-no-MM-Rio-2016-1.jpg\" srcset=\"https:\/\/morarmais.com.br\/mms\/wp-content\/uploads\/2020\/07\/4-COZINHA-DAS-BRISAS-Ana-Cano-Milman-Erica-Saraiva-e-Magda-Alvarenga-no-MM-Rio-2016-1.jpg 1024w, https:\/\/morarmais.com.br\/mms\/wp-content\/uploads\/2020\/07\/4-COZINHA-DAS-BRISAS-Ana-Cano-Milman-Erica-Saraiva-e-Magda-Alvarenga-no-MM-Rio-2016-1-300x197.jpg 300w, https:\/\/morarmais.com.br\/mms\/wp-content\/uploads\/2020\/07\/4-COZINHA-DAS-BRISAS-Ana-Cano-Milman-Erica-Saraiva-e-Magda-Alvarenga-no-MM-Rio-2016-1-768x504.jpg 768w, https:\/\/morarmais.com.br\/mms\/wp-content\/uploads\/2020\/07\/4-COZINHA-DAS-BRISAS-Ana-Cano-Milman-Erica-Saraiva-e-Magda-Alvarenga-no-MM-Rio-2016-1-350x230.jpg 350w\" sizes=\"(max-width: 1024px) 100vw, 1024px\" \/><\/figure><\/li><li class=\"wp-block-jetpack-slideshow_slide swiper-slide\"><figure><img loading=\"lazy\" decoding=\"async\" width=\"768\" height=\"1024\" alt=\"bom pra cachorro\" class=\"wp-block-jetpack-slideshow_image wp-image-4381\" data-id=\"4381\" src=\"https:\/\/morarmais.com.br\/mms\/wp-content\/uploads\/2020\/07\/4-COZINHA-DAS-BRISAS-Ana-Cano-Milman-Erica-Saraiva-e-Magda-Alvarenga-no-MM-Rio-2016-2.jpg\" srcset=\"https:\/\/morarmais.com.br\/mms\/wp-content\/uploads\/2020\/07\/4-COZINHA-DAS-BRISAS-Ana-Cano-Milman-Erica-Saraiva-e-Magda-Alvarenga-no-MM-Rio-2016-2.jpg 768w, https:\/\/morarmais.com.br\/mms\/wp-content\/uploads\/2020\/07\/4-COZINHA-DAS-BRISAS-Ana-Cano-Milman-Erica-Saraiva-e-Magda-Alvarenga-no-MM-Rio-2016-2-225x300.jpg 225w, https:\/\/morarmais.com.br\/mms\/wp-content\/uploads\/2020\/07\/4-COZINHA-DAS-BRISAS-Ana-Cano-Milman-Erica-Saraiva-e-Magda-Alvarenga-no-MM-Rio-2016-2-350x467.jpg 350w\" sizes=\"(max-width: 768px) 100vw, 768px\" \/><\/figure><\/li><\/ul><a class=\"wp-block-jetpack-slideshow_button-prev swiper-button-prev swiper-button-white\" role=\"button\"><\/a><a class=\"wp-block-jetpack-slideshow_button-next swiper-button-next swiper-button-white\" role=\"button\"><\/a><a aria-label=\"Pause Slideshow\" class=\"wp-block-jetpack-slideshow_button-pause\" role=\"button\"><\/a><div class=\"wp-block-jetpack-slideshow_pagination swiper-pagination swiper-pagination-white\"><\/div><\/div><\/div>\n\n\n\n<p class=\"has-small-font-size\"><em>Cozinha das Brisas, assinado por Ana Cano Milman, Erica Saraiva e Magda Alvarenga para o Morar Mais Rio<\/em><\/p>\n\n\n\n<p>A <strong>Cozinha das Brisas<\/strong>, no <strong><a href=\"http:\/\/instagram.com\/morarmaisrio\" target=\"_blank\" rel=\"noreferrer noopener\">Morar Mais Rio<\/a><\/strong>, foi uma homenagem \u00e0s duas cachorrinhas de mesmo nome, pertencentes ao casal de moradores que inspiraram o projeto assinado pela arquiteta <strong><a href=\"http:\/\/instagram.com\/ana_cano_milman_arquiteta\" target=\"_blank\" rel=\"noreferrer noopener\">Ana Cano<\/a><\/strong>, pela designer de interiores <strong><a href=\"http:\/\/instagram.com\/ericasaraivadesigndeinteriores\" target=\"_blank\" rel=\"noreferrer noopener\">\u00c9rica Saraiva<\/a><\/strong> e pela designer de interiores e paisagista <strong><a href=\"http:\/\/instagram.com\/alvarengamagda\" target=\"_blank\" rel=\"noreferrer noopener\">Magda Alvarenga<\/a><\/strong>. O espa\u00e7o ganhou uma parede pintada com tinta lousa, com o desenho das duas Brisas, onde ficam os potinhos de ra\u00e7\u00e3o e o gancho para guardar a guia da coleira.&nbsp;<\/p>\n\n\n\n<figure class=\"wp-block-image size-large\"><img loading=\"lazy\" decoding=\"async\" width=\"1024\" height=\"683\" src=\"https:\/\/morarmais.com.br\/mms\/wp-content\/uploads\/2020\/07\/5-PET-STORE-Claudia-Neves-e-Marcelle-Castro-Neves-no-MM-Rio-2016.jpg\" alt=\"\" class=\"wp-image-4382\" srcset=\"https:\/\/morarmais.com.br\/mms\/wp-content\/uploads\/2020\/07\/5-PET-STORE-Claudia-Neves-e-Marcelle-Castro-Neves-no-MM-Rio-2016.jpg 1024w, https:\/\/morarmais.com.br\/mms\/wp-content\/uploads\/2020\/07\/5-PET-STORE-Claudia-Neves-e-Marcelle-Castro-Neves-no-MM-Rio-2016-300x200.jpg 300w, https:\/\/morarmais.com.br\/mms\/wp-content\/uploads\/2020\/07\/5-PET-STORE-Claudia-Neves-e-Marcelle-Castro-Neves-no-MM-Rio-2016-768x512.jpg 768w, https:\/\/morarmais.com.br\/mms\/wp-content\/uploads\/2020\/07\/5-PET-STORE-Claudia-Neves-e-Marcelle-Castro-Neves-no-MM-Rio-2016-930x620.jpg 930w, https:\/\/morarmais.com.br\/mms\/wp-content\/uploads\/2020\/07\/5-PET-STORE-Claudia-Neves-e-Marcelle-Castro-Neves-no-MM-Rio-2016-350x233.jpg 350w\" sizes=\"(max-width: 1024px) 100vw, 1024px\" \/><\/figure>\n\n\n\n<p class=\"has-small-font-size\"><em>Pet Store, assinado por Claudia Neves e Marcelle Castro Neves para o Morar Mais Rio<\/em><\/p>\n\n\n\n<p>Espa\u00e7os comerciais voltados para os nossos queridos animais de estima\u00e7\u00e3o tamb\u00e9m fazem bonito no <strong>Morar Mais Rio<\/strong>! Na <strong>Pet Store<\/strong>, assinada por <strong><a href=\"http:\/\/instagram.com\/claudianevesintefiores\" target=\"_blank\" rel=\"noreferrer noopener\">Claudia Neves<\/a><\/strong> e <strong><a href=\"http:\/\/instagram.com\/castroneves_arquitetura\" target=\"_blank\" rel=\"noreferrer noopener\">Marcelle Castro Neves<\/a><\/strong>, o espa\u00e7o contou com recursos que os bichinhos adoram, como grama sint\u00e9tica, caminhas e nichos superconfort\u00e1veis para os peludos.<\/p>\n\n\n\n<figure class=\"wp-block-image size-large\"><img loading=\"lazy\" decoding=\"async\" width=\"1024\" height=\"766\" src=\"https:\/\/morarmais.com.br\/mms\/wp-content\/uploads\/2020\/07\/6-Espac\u0327o-Pet-Carlos-Flores-e-Ligia-Chiesa-MM-Vito\u0301ria-2016.jpg\" alt=\"\" class=\"wp-image-4383\" srcset=\"https:\/\/morarmais.com.br\/mms\/wp-content\/uploads\/2020\/07\/6-Espac\u0327o-Pet-Carlos-Flores-e-Ligia-Chiesa-MM-Vito\u0301ria-2016.jpg 1024w, https:\/\/morarmais.com.br\/mms\/wp-content\/uploads\/2020\/07\/6-Espac\u0327o-Pet-Carlos-Flores-e-Ligia-Chiesa-MM-Vito\u0301ria-2016-300x224.jpg 300w, https:\/\/morarmais.com.br\/mms\/wp-content\/uploads\/2020\/07\/6-Espac\u0327o-Pet-Carlos-Flores-e-Ligia-Chiesa-MM-Vito\u0301ria-2016-768x575.jpg 768w, https:\/\/morarmais.com.br\/mms\/wp-content\/uploads\/2020\/07\/6-Espac\u0327o-Pet-Carlos-Flores-e-Ligia-Chiesa-MM-Vito\u0301ria-2016-350x262.jpg 350w\" sizes=\"(max-width: 1024px) 100vw, 1024px\" \/><\/figure>\n\n\n\n<p class=\"has-small-font-size\"><em>Espa\u00e7o Pet, assinado por Carlos Flores e Ligia Chiesa para o Morar Mais Vit\u00f3ria<\/em><\/p>\n\n\n\n<p>No <strong>Morar Mais Vit\u00f3ria<\/strong>, <strong><a href=\"http:\/\/instagram.com\/carlosjunior.arq\" target=\"_blank\" rel=\"noreferrer noopener\">Carlos Flores<\/a><\/strong> e <strong><a href=\"http:\/\/instagram.com\/ligiachiesa\" target=\"_blank\" rel=\"noreferrer noopener\">Ligia Chiesa<\/a><\/strong> criaram um verdadeiro playground para animais de estima\u00e7\u00e3o! Com direito a casinhas, nichos, parede de escalada e grama sint\u00e9tica, a dupla reuniu no <strong>Espa\u00e7o Pet<\/strong> v\u00e1rias ideias que podem deixar a casa mais divertida para c\u00e3es e gatos!&nbsp;<\/p>\n\n\n\n<figure class=\"wp-block-image size-large\"><img loading=\"lazy\" decoding=\"async\" width=\"852\" height=\"563\" src=\"https:\/\/morarmais.com.br\/mms\/wp-content\/uploads\/2020\/07\/gif3-7-Casinha-Jetsons-por-Leonardo-Bueno-no-espac\u0327o-Galeria-de-Ricardo-Caminada-MM-SP-2.gif\" alt=\"\" class=\"wp-image-4411\"\/><\/figure>\n\n\n\n<p class=\"has-small-font-size\"><em>Casinha Jetsons, assinado por Leonardo Bueno, no espa\u00e7o Galeria, de Ricardo Caminada para o Morar Mais SP<\/em><\/p>\n\n\n\n<p>Uma casinha futurista e com design! No <strong>Morar Mais S\u00e3o Paulo<\/strong>, o designer mineiro <strong><a href=\"https:\/\/www.instagram.com\/leonardobuenoarte\/\" target=\"_blank\" rel=\"noreferrer noopener\">Leonardo Bueno<\/a><\/strong> apresentou a <strong>casinha Jetsons<\/strong>. Com design inspirado em uma televis\u00e3o retr\u00f4, a ideia \u00e9 proporcionar ao animal um lugar seguro e fechado, onde ele pode se proteger de situa\u00e7\u00f5es estressantes, como fogos de artif\u00edcio. A casinha ficou exposta na <strong>Galeria Sciacco Studio<\/strong>, assinada por <strong><a href=\"https:\/\/www.instagram.com\/studiocaminada\/\" target=\"_blank\" rel=\"noreferrer noopener\">Ricardo Caminada<\/a><\/strong>.<\/p>\n\n\n\n<figure class=\"wp-block-image size-large\"><img loading=\"lazy\" decoding=\"async\" width=\"1024\" height=\"684\" src=\"https:\/\/morarmais.com.br\/mms\/wp-content\/uploads\/2020\/07\/8-Mundo-Ca\u0303o-Diego-Miranda-e-Samara-Barbosa-cre\u0301dito-Cadu-Silve\u0301rio-curitiba2010-1.jpg\" alt=\"bom pra cachorro\" class=\"wp-image-4386\" srcset=\"https:\/\/morarmais.com.br\/mms\/wp-content\/uploads\/2020\/07\/8-Mundo-Ca\u0303o-Diego-Miranda-e-Samara-Barbosa-cre\u0301dito-Cadu-Silve\u0301rio-curitiba2010-1.jpg 1024w, https:\/\/morarmais.com.br\/mms\/wp-content\/uploads\/2020\/07\/8-Mundo-Ca\u0303o-Diego-Miranda-e-Samara-Barbosa-cre\u0301dito-Cadu-Silve\u0301rio-curitiba2010-1-300x200.jpg 300w, https:\/\/morarmais.com.br\/mms\/wp-content\/uploads\/2020\/07\/8-Mundo-Ca\u0303o-Diego-Miranda-e-Samara-Barbosa-cre\u0301dito-Cadu-Silve\u0301rio-curitiba2010-1-768x513.jpg 768w, https:\/\/morarmais.com.br\/mms\/wp-content\/uploads\/2020\/07\/8-Mundo-Ca\u0303o-Diego-Miranda-e-Samara-Barbosa-cre\u0301dito-Cadu-Silve\u0301rio-curitiba2010-1-930x620.jpg 930w, https:\/\/morarmais.com.br\/mms\/wp-content\/uploads\/2020\/07\/8-Mundo-Ca\u0303o-Diego-Miranda-e-Samara-Barbosa-cre\u0301dito-Cadu-Silve\u0301rio-curitiba2010-1-350x234.jpg 350w\" sizes=\"(max-width: 1024px) 100vw, 1024px\" \/><\/figure>\n\n\n\n<p class=\"has-small-font-size\"><em>Mundo C\u00e3o, assinado por Diego Miranda e Samara Barbosa para o Morar Mais Curitiba &#8211; Foto: Cadu Silv\u00e9rio<\/em><\/p>\n\n\n\n<p>Um espa\u00e7o para brincar com seu c\u00e3ozinho e que pode ser usado por ele como sala de espera divertida, enquanto voc\u00ea confere os outros ambientes da mostra: essa foi a proposta do <strong>Mundo C\u00e3o<\/strong>, desenvolvido por <strong><a rel=\"noreferrer noopener\" href=\"https:\/\/www.instagram.com\/diegomirandaleite\/\" target=\"_blank\">Diego Miranda<\/a> <\/strong>e<strong> <a rel=\"noreferrer noopener\" href=\"https:\/\/www.instagram.com\/arq_samarabarbosa\/\" target=\"_blank\">Samara Barbosa<\/a><\/strong> para o <strong>Morar Mais Curitiba<\/strong>. <\/p>\n\n\n\n<figure class=\"wp-block-image size-large\"><img loading=\"lazy\" decoding=\"async\" width=\"1024\" height=\"495\" src=\"https:\/\/morarmais.com.br\/mms\/wp-content\/uploads\/2020\/07\/8-Mundo-Ca\u0303o-Diego-Miranda-e-Samara-Barbosa-cre\u0301dito-Cadu-Silve\u0301rio-curitiba2010-2.jpg\" alt=\"bom pra cachorro\" class=\"wp-image-4387\" srcset=\"https:\/\/morarmais.com.br\/mms\/wp-content\/uploads\/2020\/07\/8-Mundo-Ca\u0303o-Diego-Miranda-e-Samara-Barbosa-cre\u0301dito-Cadu-Silve\u0301rio-curitiba2010-2.jpg 1024w, https:\/\/morarmais.com.br\/mms\/wp-content\/uploads\/2020\/07\/8-Mundo-Ca\u0303o-Diego-Miranda-e-Samara-Barbosa-cre\u0301dito-Cadu-Silve\u0301rio-curitiba2010-2-300x145.jpg 300w, https:\/\/morarmais.com.br\/mms\/wp-content\/uploads\/2020\/07\/8-Mundo-Ca\u0303o-Diego-Miranda-e-Samara-Barbosa-cre\u0301dito-Cadu-Silve\u0301rio-curitiba2010-2-768x371.jpg 768w, https:\/\/morarmais.com.br\/mms\/wp-content\/uploads\/2020\/07\/8-Mundo-Ca\u0303o-Diego-Miranda-e-Samara-Barbosa-cre\u0301dito-Cadu-Silve\u0301rio-curitiba2010-2-350x169.jpg 350w\" sizes=\"(max-width: 1024px) 100vw, 1024px\" \/><\/figure>\n\n\n\n<p class=\"has-small-font-size\"><em><em>Mundo C\u00e3o, assinado por Diego Miranda e Samara Barbosa para o Morar Mais Curitiba &#8211; Foto: Marcelo Miranda<\/em><\/em><\/p>\n\n\n\n<p>Com solu\u00e7\u00f5es simples que garantem conforto e divers\u00e3o para os pets, o ambiente promoveu at\u00e9 mesmo um coquetel canino, com quitutes especiais para os peludos! Entre os recursos usados na decora\u00e7\u00e3o, est\u00e3o um ecodeck e diversas caminhas aconchegantes \u2013 entre elas, destaca-se uma poltrona customizada, feita com cabine de telefone p\u00fablico. Vai dizer que o Morar Mais n\u00e3o \u00e9 bom pra cachorro?<\/p>\n\n\n\n<div style=\"height:20px\" aria-hidden=\"true\" class=\"wp-block-spacer\"><\/div>\n\n\n\n<p>Confira tamb\u00e9m nosso canal no <strong><a rel=\"noreferrer noopener\" href=\"https:\/\/www.youtube.com\/user\/Morarmaispormenostv\" target=\"_blank\">YouTube<\/a><\/strong> e fique de olho nas novidades do <strong>Morar Mais<\/strong> atrav\u00e9s do nosso <strong><a rel=\"noreferrer noopener\" href=\"http:\/\/instagram.com\/morarmaispormenos\" target=\"_blank\">Instagram<\/a><\/strong>.<\/p>\n\n\n\n<p><em>Texto: <a href=\"https:\/\/www.instagram.com\/lschuback\/\" target=\"_blank\" rel=\"noreferrer noopener\">L.Schuback Assessoria de Comunica\u00e7\u00e3o<\/a><\/em><\/p>\n","protected":false},"excerpt":{"rendered":"<p>Escrit\u00f3rio e Estudio do Dr Pet, assinado por Carlos Agricola e Patr\u00edcia Capobianco para o Morar Mais SP Voc\u00ea sabia que o Morar Mais \u00e9 \u201cbom pra cachorro\u201d? Al\u00e9m de levar seu animalzinho de estima\u00e7\u00e3o para visitar o evento, voc\u00ea pode se inspirar em espa\u00e7os incr\u00edveis projetados especialmente para os peludos! J\u00e1 tivemos por aqui&hellip;&nbsp;<a href=\"https:\/\/morarmais.com.br\/mms\/morar-mais-bom-pra-cachorro\/\" rel=\"bookmark\">Continue a ler &raquo;<span class=\"screen-reader-text\">Morar Mais bom pra cachorro!<\/span><\/a><\/p>\n","protected":false},"author":6,"featured_media":4398,"comment_status":"open","ping_status":"open","sticky":false,"template":"","format":"standard","meta":{"_eb_attr":"","editor_plus_copied_stylings":"{}","neve_meta_sidebar":"","neve_meta_container":"","neve_meta_enable_content_width":"off","neve_meta_content_width":0,"neve_meta_title_alignment":"","neve_meta_author_avatar":"","neve_post_elements_order":"","neve_meta_disable_header":"","neve_meta_disable_footer":"","neve_meta_disable_title":"","_themeisle_gutenberg_block_has_review":false,"_vp_format_video_url":"","_vp_image_focal_point":[],"footnotes":""},"categories":[23,31],"tags":[217,224,223,169,41,222,177,220,225,51,73,215,219,216,221,218],"class_list":["post-4373","post","type-post","status-publish","format-standard","has-post-thumbnail","hentry","category-home","category-viciados-em-design","tag-animais","tag-animais-domesticos","tag-caes-e-gatos","tag-criatividade","tag-decoracao","tag-espaco-pet","tag-ideias-criativas","tag-mascotes","tag-melhor-amigo-do-homem","tag-morar-mais","tag-morar-mais-por-menos","tag-pet","tag-pet-decor","tag-pet-friendly","tag-pet-lovers","tag-pet-shops"],"yoast_head":"<!-- This site is optimized with the Yoast SEO plugin v25.6 - https:\/\/yoast.com\/wordpress\/plugins\/seo\/ -->\n<title>Morar Mais bom pra cachorro! - Morar mais<\/title>\n<meta name=\"description\" content=\"O Morar Mais \u00e9 bom pra cachorro! Al\u00e9m de levar seu animalzinho de estima\u00e7\u00e3o, voc\u00ea pode se inspirar em espa\u00e7os projetados especialmente para os peludos.\" \/>\n<meta name=\"robots\" content=\"index, follow, max-snippet:-1, max-image-preview:large, max-video-preview:-1\" \/>\n<link rel=\"canonical\" href=\"https:\/\/morarmais.com.br\/mms\/morar-mais-bom-pra-cachorro\/\" \/>\n<meta property=\"og:locale\" content=\"pt_BR\" \/>\n<meta property=\"og:type\" content=\"article\" \/>\n<meta property=\"og:title\" content=\"Morar Mais bom pra cachorro! - Morar mais\" \/>\n<meta property=\"og:description\" content=\"O Morar Mais \u00e9 bom pra cachorro! Al\u00e9m de levar seu animalzinho de estima\u00e7\u00e3o, voc\u00ea pode se inspirar em espa\u00e7os projetados especialmente para os peludos.\" \/>\n<meta property=\"og:url\" content=\"https:\/\/morarmais.com.br\/mms\/morar-mais-bom-pra-cachorro\/\" \/>\n<meta property=\"og:site_name\" content=\"Morar mais\" \/>\n<meta property=\"article:publisher\" content=\"https:\/\/www.facebook.com\/morarmais\" \/>\n<meta property=\"article:published_time\" content=\"2020-07-28T16:20:00+00:00\" \/>\n<meta property=\"article:modified_time\" content=\"2020-07-28T19:19:54+00:00\" \/>\n<meta property=\"og:image\" content=\"https:\/\/i1.wp.com\/morarmais.com.br\/mms\/wp-content\/uploads\/2020\/07\/morar-mais-bom-pra-cachorro-capa-blog.png?fit=852%2C563&ssl=1\" \/>\n\t<meta property=\"og:image:width\" content=\"852\" \/>\n\t<meta property=\"og:image:height\" content=\"563\" \/>\n\t<meta property=\"og:image:type\" content=\"image\/png\" \/>\n<meta name=\"author\" content=\"Ale Devecchi\" \/>\n<meta name=\"twitter:card\" content=\"summary_large_image\" \/>\n<meta name=\"twitter:label1\" content=\"Escrito por\" \/>\n\t<meta name=\"twitter:data1\" content=\"Ale Devecchi\" \/>\n\t<meta name=\"twitter:label2\" content=\"Est. tempo de leitura\" \/>\n\t<meta name=\"twitter:data2\" content=\"4 minutos\" \/>\n<script type=\"application\/ld+json\" class=\"yoast-schema-graph\">{\"@context\":\"https:\/\/schema.org\",\"@graph\":[{\"@type\":\"Article\",\"@id\":\"https:\/\/morarmais.com.br\/mms\/morar-mais-bom-pra-cachorro\/#article\",\"isPartOf\":{\"@id\":\"https:\/\/morarmais.com.br\/mms\/morar-mais-bom-pra-cachorro\/\"},\"author\":{\"name\":\"Ale Devecchi\",\"@id\":\"https:\/\/morarmais.com.br\/mms\/#\/schema\/person\/67dda048cb1edaf0c66d3a7787857c2a\"},\"headline\":\"Morar Mais bom pra cachorro!\",\"datePublished\":\"2020-07-28T16:20:00+00:00\",\"dateModified\":\"2020-07-28T19:19:54+00:00\",\"mainEntityOfPage\":{\"@id\":\"https:\/\/morarmais.com.br\/mms\/morar-mais-bom-pra-cachorro\/\"},\"wordCount\":852,\"commentCount\":0,\"publisher\":{\"@id\":\"https:\/\/morarmais.com.br\/mms\/#organization\"},\"image\":{\"@id\":\"https:\/\/morarmais.com.br\/mms\/morar-mais-bom-pra-cachorro\/#primaryimage\"},\"thumbnailUrl\":\"https:\/\/morarmais.com.br\/mms\/wp-content\/uploads\/2020\/07\/morar-mais-bom-pra-cachorro-capa-blog.png\",\"keywords\":[\"animais\",\"animais dom\u00e9sticos\",\"c\u00e3es e gatos\",\"criatividade\",\"Decora\u00e7\u00e3o\",\"espa\u00e7o pet\",\"ideias criativas\",\"mascotes\",\"melhor amigo do homem\",\"Morar Mais\",\"Morar Mais por menos\",\"Pet\",\"pet decor\",\"Pet friendly\",\"pet lovers\",\"pet shops\"],\"articleSection\":[\"Home\",\"Viciados em Design\"],\"inLanguage\":\"pt-BR\",\"potentialAction\":[{\"@type\":\"CommentAction\",\"name\":\"Comment\",\"target\":[\"https:\/\/morarmais.com.br\/mms\/morar-mais-bom-pra-cachorro\/#respond\"]}]},{\"@type\":\"WebPage\",\"@id\":\"https:\/\/morarmais.com.br\/mms\/morar-mais-bom-pra-cachorro\/\",\"url\":\"https:\/\/morarmais.com.br\/mms\/morar-mais-bom-pra-cachorro\/\",\"name\":\"Morar Mais bom pra cachorro! - Morar mais\",\"isPartOf\":{\"@id\":\"https:\/\/morarmais.com.br\/mms\/#website\"},\"primaryImageOfPage\":{\"@id\":\"https:\/\/morarmais.com.br\/mms\/morar-mais-bom-pra-cachorro\/#primaryimage\"},\"image\":{\"@id\":\"https:\/\/morarmais.com.br\/mms\/morar-mais-bom-pra-cachorro\/#primaryimage\"},\"thumbnailUrl\":\"https:\/\/morarmais.com.br\/mms\/wp-content\/uploads\/2020\/07\/morar-mais-bom-pra-cachorro-capa-blog.png\",\"datePublished\":\"2020-07-28T16:20:00+00:00\",\"dateModified\":\"2020-07-28T19:19:54+00:00\",\"description\":\"O Morar Mais \u00e9 bom pra cachorro! Al\u00e9m de levar seu animalzinho de estima\u00e7\u00e3o, voc\u00ea pode se inspirar em espa\u00e7os projetados especialmente para os peludos.\",\"breadcrumb\":{\"@id\":\"https:\/\/morarmais.com.br\/mms\/morar-mais-bom-pra-cachorro\/#breadcrumb\"},\"inLanguage\":\"pt-BR\",\"potentialAction\":[{\"@type\":\"ReadAction\",\"target\":[\"https:\/\/morarmais.com.br\/mms\/morar-mais-bom-pra-cachorro\/\"]}]},{\"@type\":\"ImageObject\",\"inLanguage\":\"pt-BR\",\"@id\":\"https:\/\/morarmais.com.br\/mms\/morar-mais-bom-pra-cachorro\/#primaryimage\",\"url\":\"https:\/\/morarmais.com.br\/mms\/wp-content\/uploads\/2020\/07\/morar-mais-bom-pra-cachorro-capa-blog.png\",\"contentUrl\":\"https:\/\/morarmais.com.br\/mms\/wp-content\/uploads\/2020\/07\/morar-mais-bom-pra-cachorro-capa-blog.png\",\"width\":852,\"height\":563},{\"@type\":\"BreadcrumbList\",\"@id\":\"https:\/\/morarmais.com.br\/mms\/morar-mais-bom-pra-cachorro\/#breadcrumb\",\"itemListElement\":[{\"@type\":\"ListItem\",\"position\":1,\"name\":\"In\u00edcio\",\"item\":\"https:\/\/morarmais.com.br\/mms\/\"},{\"@type\":\"ListItem\",\"position\":2,\"name\":\"Morar Mais bom pra cachorro!\"}]},{\"@type\":\"WebSite\",\"@id\":\"https:\/\/morarmais.com.br\/mms\/#website\",\"url\":\"https:\/\/morarmais.com.br\/mms\/\",\"name\":\"Morar mais\",\"description\":\"O Chique que cabe no bolso\",\"publisher\":{\"@id\":\"https:\/\/morarmais.com.br\/mms\/#organization\"},\"potentialAction\":[{\"@type\":\"SearchAction\",\"target\":{\"@type\":\"EntryPoint\",\"urlTemplate\":\"https:\/\/morarmais.com.br\/mms\/?s={search_term_string}\"},\"query-input\":{\"@type\":\"PropertyValueSpecification\",\"valueRequired\":true,\"valueName\":\"search_term_string\"}}],\"inLanguage\":\"pt-BR\"},{\"@type\":\"Organization\",\"@id\":\"https:\/\/morarmais.com.br\/mms\/#organization\",\"name\":\"Morar mais\",\"url\":\"https:\/\/morarmais.com.br\/mms\/\",\"logo\":{\"@type\":\"ImageObject\",\"inLanguage\":\"pt-BR\",\"@id\":\"https:\/\/morarmais.com.br\/mms\/#\/schema\/logo\/image\/\",\"url\":\"https:\/\/morarmais.com.br\/mms\/wp-content\/uploads\/2019\/04\/cropped-logo-morar-mais-2-1-e1688661143585.png\",\"contentUrl\":\"https:\/\/morarmais.com.br\/mms\/wp-content\/uploads\/2019\/04\/cropped-logo-morar-mais-2-1-e1688661143585.png\",\"width\":130,\"height\":100,\"caption\":\"Morar mais\"},\"image\":{\"@id\":\"https:\/\/morarmais.com.br\/mms\/#\/schema\/logo\/image\/\"},\"sameAs\":[\"https:\/\/www.facebook.com\/morarmais\",\"https:\/\/www.instagram.com\/morarmaispormenos\",\"https:\/\/br.pinterest.com\/morarmais\/\"]},{\"@type\":\"Person\",\"@id\":\"https:\/\/morarmais.com.br\/mms\/#\/schema\/person\/67dda048cb1edaf0c66d3a7787857c2a\",\"name\":\"Ale Devecchi\",\"image\":{\"@type\":\"ImageObject\",\"inLanguage\":\"pt-BR\",\"@id\":\"https:\/\/morarmais.com.br\/mms\/#\/schema\/person\/image\/\",\"url\":\"https:\/\/secure.gravatar.com\/avatar\/194f7a41b78fc7f5fcbf2fb567b600b5?s=96&d=mm&r=g\",\"contentUrl\":\"https:\/\/secure.gravatar.com\/avatar\/194f7a41b78fc7f5fcbf2fb567b600b5?s=96&d=mm&r=g\",\"caption\":\"Ale Devecchi\"},\"url\":\"https:\/\/morarmais.com.br\/mms\/author\/marketing-mais\/\"}]}<\/script>\n<!-- \/ Yoast SEO plugin. -->","yoast_head_json":{"title":"Morar Mais bom pra cachorro! - Morar mais","description":"O Morar Mais \u00e9 bom pra cachorro! Al\u00e9m de levar seu animalzinho de estima\u00e7\u00e3o, voc\u00ea pode se inspirar em espa\u00e7os projetados especialmente para os peludos.","robots":{"index":"index","follow":"follow","max-snippet":"max-snippet:-1","max-image-preview":"max-image-preview:large","max-video-preview":"max-video-preview:-1"},"canonical":"https:\/\/morarmais.com.br\/mms\/morar-mais-bom-pra-cachorro\/","og_locale":"pt_BR","og_type":"article","og_title":"Morar Mais bom pra cachorro! - Morar mais","og_description":"O Morar Mais \u00e9 bom pra cachorro! Al\u00e9m de levar seu animalzinho de estima\u00e7\u00e3o, voc\u00ea pode se inspirar em espa\u00e7os projetados especialmente para os peludos.","og_url":"https:\/\/morarmais.com.br\/mms\/morar-mais-bom-pra-cachorro\/","og_site_name":"Morar mais","article_publisher":"https:\/\/www.facebook.com\/morarmais","article_published_time":"2020-07-28T16:20:00+00:00","article_modified_time":"2020-07-28T19:19:54+00:00","og_image":[{"width":852,"height":563,"url":"https:\/\/i1.wp.com\/morarmais.com.br\/mms\/wp-content\/uploads\/2020\/07\/morar-mais-bom-pra-cachorro-capa-blog.png?fit=852%2C563&ssl=1","type":"image\/png"}],"author":"Ale Devecchi","twitter_card":"summary_large_image","twitter_misc":{"Escrito por":"Ale Devecchi","Est. tempo de leitura":"4 minutos"},"schema":{"@context":"https:\/\/schema.org","@graph":[{"@type":"Article","@id":"https:\/\/morarmais.com.br\/mms\/morar-mais-bom-pra-cachorro\/#article","isPartOf":{"@id":"https:\/\/morarmais.com.br\/mms\/morar-mais-bom-pra-cachorro\/"},"author":{"name":"Ale Devecchi","@id":"https:\/\/morarmais.com.br\/mms\/#\/schema\/person\/67dda048cb1edaf0c66d3a7787857c2a"},"headline":"Morar Mais bom pra cachorro!","datePublished":"2020-07-28T16:20:00+00:00","dateModified":"2020-07-28T19:19:54+00:00","mainEntityOfPage":{"@id":"https:\/\/morarmais.com.br\/mms\/morar-mais-bom-pra-cachorro\/"},"wordCount":852,"commentCount":0,"publisher":{"@id":"https:\/\/morarmais.com.br\/mms\/#organization"},"image":{"@id":"https:\/\/morarmais.com.br\/mms\/morar-mais-bom-pra-cachorro\/#primaryimage"},"thumbnailUrl":"https:\/\/morarmais.com.br\/mms\/wp-content\/uploads\/2020\/07\/morar-mais-bom-pra-cachorro-capa-blog.png","keywords":["animais","animais dom\u00e9sticos","c\u00e3es e gatos","criatividade","Decora\u00e7\u00e3o","espa\u00e7o pet","ideias criativas","mascotes","melhor amigo do homem","Morar Mais","Morar Mais por menos","Pet","pet decor","Pet friendly","pet lovers","pet shops"],"articleSection":["Home","Viciados em Design"],"inLanguage":"pt-BR","potentialAction":[{"@type":"CommentAction","name":"Comment","target":["https:\/\/morarmais.com.br\/mms\/morar-mais-bom-pra-cachorro\/#respond"]}]},{"@type":"WebPage","@id":"https:\/\/morarmais.com.br\/mms\/morar-mais-bom-pra-cachorro\/","url":"https:\/\/morarmais.com.br\/mms\/morar-mais-bom-pra-cachorro\/","name":"Morar Mais bom pra cachorro! - Morar mais","isPartOf":{"@id":"https:\/\/morarmais.com.br\/mms\/#website"},"primaryImageOfPage":{"@id":"https:\/\/morarmais.com.br\/mms\/morar-mais-bom-pra-cachorro\/#primaryimage"},"image":{"@id":"https:\/\/morarmais.com.br\/mms\/morar-mais-bom-pra-cachorro\/#primaryimage"},"thumbnailUrl":"https:\/\/morarmais.com.br\/mms\/wp-content\/uploads\/2020\/07\/morar-mais-bom-pra-cachorro-capa-blog.png","datePublished":"2020-07-28T16:20:00+00:00","dateModified":"2020-07-28T19:19:54+00:00","description":"O Morar Mais \u00e9 bom pra cachorro! Al\u00e9m de levar seu animalzinho de estima\u00e7\u00e3o, voc\u00ea pode se inspirar em espa\u00e7os projetados especialmente para os peludos.","breadcrumb":{"@id":"https:\/\/morarmais.com.br\/mms\/morar-mais-bom-pra-cachorro\/#breadcrumb"},"inLanguage":"pt-BR","potentialAction":[{"@type":"ReadAction","target":["https:\/\/morarmais.com.br\/mms\/morar-mais-bom-pra-cachorro\/"]}]},{"@type":"ImageObject","inLanguage":"pt-BR","@id":"https:\/\/morarmais.com.br\/mms\/morar-mais-bom-pra-cachorro\/#primaryimage","url":"https:\/\/morarmais.com.br\/mms\/wp-content\/uploads\/2020\/07\/morar-mais-bom-pra-cachorro-capa-blog.png","contentUrl":"https:\/\/morarmais.com.br\/mms\/wp-content\/uploads\/2020\/07\/morar-mais-bom-pra-cachorro-capa-blog.png","width":852,"height":563},{"@type":"BreadcrumbList","@id":"https:\/\/morarmais.com.br\/mms\/morar-mais-bom-pra-cachorro\/#breadcrumb","itemListElement":[{"@type":"ListItem","position":1,"name":"In\u00edcio","item":"https:\/\/morarmais.com.br\/mms\/"},{"@type":"ListItem","position":2,"name":"Morar Mais bom pra cachorro!"}]},{"@type":"WebSite","@id":"https:\/\/morarmais.com.br\/mms\/#website","url":"https:\/\/morarmais.com.br\/mms\/","name":"Morar mais","description":"O Chique que cabe no bolso","publisher":{"@id":"https:\/\/morarmais.com.br\/mms\/#organization"},"potentialAction":[{"@type":"SearchAction","target":{"@type":"EntryPoint","urlTemplate":"https:\/\/morarmais.com.br\/mms\/?s={search_term_string}"},"query-input":{"@type":"PropertyValueSpecification","valueRequired":true,"valueName":"search_term_string"}}],"inLanguage":"pt-BR"},{"@type":"Organization","@id":"https:\/\/morarmais.com.br\/mms\/#organization","name":"Morar mais","url":"https:\/\/morarmais.com.br\/mms\/","logo":{"@type":"ImageObject","inLanguage":"pt-BR","@id":"https:\/\/morarmais.com.br\/mms\/#\/schema\/logo\/image\/","url":"https:\/\/morarmais.com.br\/mms\/wp-content\/uploads\/2019\/04\/cropped-logo-morar-mais-2-1-e1688661143585.png","contentUrl":"https:\/\/morarmais.com.br\/mms\/wp-content\/uploads\/2019\/04\/cropped-logo-morar-mais-2-1-e1688661143585.png","width":130,"height":100,"caption":"Morar mais"},"image":{"@id":"https:\/\/morarmais.com.br\/mms\/#\/schema\/logo\/image\/"},"sameAs":["https:\/\/www.facebook.com\/morarmais","https:\/\/www.instagram.com\/morarmaispormenos","https:\/\/br.pinterest.com\/morarmais\/"]},{"@type":"Person","@id":"https:\/\/morarmais.com.br\/mms\/#\/schema\/person\/67dda048cb1edaf0c66d3a7787857c2a","name":"Ale Devecchi","image":{"@type":"ImageObject","inLanguage":"pt-BR","@id":"https:\/\/morarmais.com.br\/mms\/#\/schema\/person\/image\/","url":"https:\/\/secure.gravatar.com\/avatar\/194f7a41b78fc7f5fcbf2fb567b600b5?s=96&d=mm&r=g","contentUrl":"https:\/\/secure.gravatar.com\/avatar\/194f7a41b78fc7f5fcbf2fb567b600b5?s=96&d=mm&r=g","caption":"Ale Devecchi"},"url":"https:\/\/morarmais.com.br\/mms\/author\/marketing-mais\/"}]}},"_links":{"self":[{"href":"https:\/\/morarmais.com.br\/mms\/wp-json\/wp\/v2\/posts\/4373"}],"collection":[{"href":"https:\/\/morarmais.com.br\/mms\/wp-json\/wp\/v2\/posts"}],"about":[{"href":"https:\/\/morarmais.com.br\/mms\/wp-json\/wp\/v2\/types\/post"}],"author":[{"embeddable":true,"href":"https:\/\/morarmais.com.br\/mms\/wp-json\/wp\/v2\/users\/6"}],"replies":[{"embeddable":true,"href":"https:\/\/morarmais.com.br\/mms\/wp-json\/wp\/v2\/comments?post=4373"}],"version-history":[{"count":0,"href":"https:\/\/morarmais.com.br\/mms\/wp-json\/wp\/v2\/posts\/4373\/revisions"}],"wp:featuredmedia":[{"embeddable":true,"href":"https:\/\/morarmais.com.br\/mms\/wp-json\/wp\/v2\/media\/4398"}],"wp:attachment":[{"href":"https:\/\/morarmais.com.br\/mms\/wp-json\/wp\/v2\/media?parent=4373"}],"wp:term":[{"taxonomy":"category","embeddable":true,"href":"https:\/\/morarmais.com.br\/mms\/wp-json\/wp\/v2\/categories?post=4373"},{"taxonomy":"post_tag","embeddable":true,"href":"https:\/\/morarmais.com.br\/mms\/wp-json\/wp\/v2\/tags?post=4373"}],"curies":[{"name":"wp","href":"https:\/\/api.w.org\/{rel}","templated":true}]}}