{"id":4306,"date":"2020-07-14T12:09:36","date_gmt":"2020-07-14T12:09:36","guid":{"rendered":"https:\/\/morarmais.com.br\/mms\/?p=4306"},"modified":"2020-07-14T15:55:20","modified_gmt":"2020-07-14T15:55:20","slug":"design-biofilico-entenda-o-que-e-e-como-aplicar-no-dia-a-dia","status":"publish","type":"post","link":"https:\/\/morarmais.com.br\/mms\/design-biofilico-entenda-o-que-e-e-como-aplicar-no-dia-a-dia\/","title":{"rendered":"Design Biof\u00edlico: entenda o que \u00e9 e como aplicar no dia a dia"},"content":{"rendered":"\n<p class=\"has-small-font-size\"><em>Est\u00fadio Guria Natureba, assinado por <a rel=\"noreferrer noopener\" href=\"https:\/\/www.instagram.com\/larissesqueff\/\" target=\"_blank\">Larisse Squeff<\/a> e <a href=\"https:\/\/www.instagram.com\/tataschneider\/\" target=\"_blank\" rel=\"noreferrer noopener\">Roberta Preiss<\/a> para o Morar Mais Porto Alegre<\/em><\/p>\n\n\n\n<h4 class=\"wp-block-heading\"><strong>Biofilia<\/strong>: <\/h4>\n\n\n\n<p>Essa palavra pode ser nova e estranha para muita gente mas, nos \u00faltimos meses, v\u00eam ganhando cada vez mais espa\u00e7o no universo da arquitetura e do design. Come\u00e7ando pelo sentido etimol\u00f3gico da palavra, podemos traduzir \u2018biofilia\u2019 como \u2018amor \u00e0s coisas vivas\u2019 (do grego \u2018bio\u2019 = \u2018vida\u2019 e \u2018philia\u2019 = amor a \/ inclina\u00e7\u00e3o a). Entender a origem da palavra ajuda a compreender melhor do que se trata esse conceito, que n\u00e3o \u00e9 apenas criar paredes verdes, usar madeira nos projetos ou usar a palavra \u201csustentabilidade\u201d. A ideia vai muito al\u00e9m disso, buscando promover o bem-estar, a sa\u00fade e o conforto emocional atrav\u00e9s de uma reconex\u00e3o das pessoas com a natureza, proporcionada a partir de projetos que promovam essa rela\u00e7\u00e3o.&nbsp;<\/p>\n\n\n\n<figure class=\"wp-block-image size-large\"><img fetchpriority=\"high\" decoding=\"async\" width=\"1024\" height=\"683\" src=\"https:\/\/morarmais.com.br\/mms\/wp-content\/uploads\/2020\/07\/Loft-da-Estudante-Estar-Cozinha-LR-Arquitetura-4-design-biofilico-morar-mais.jpg\" alt=\"\" class=\"wp-image-4311\" srcset=\"https:\/\/morarmais.com.br\/mms\/wp-content\/uploads\/2020\/07\/Loft-da-Estudante-Estar-Cozinha-LR-Arquitetura-4-design-biofilico-morar-mais.jpg 1024w, https:\/\/morarmais.com.br\/mms\/wp-content\/uploads\/2020\/07\/Loft-da-Estudante-Estar-Cozinha-LR-Arquitetura-4-design-biofilico-morar-mais-300x200.jpg 300w, https:\/\/morarmais.com.br\/mms\/wp-content\/uploads\/2020\/07\/Loft-da-Estudante-Estar-Cozinha-LR-Arquitetura-4-design-biofilico-morar-mais-768x512.jpg 768w, https:\/\/morarmais.com.br\/mms\/wp-content\/uploads\/2020\/07\/Loft-da-Estudante-Estar-Cozinha-LR-Arquitetura-4-design-biofilico-morar-mais-930x620.jpg 930w, https:\/\/morarmais.com.br\/mms\/wp-content\/uploads\/2020\/07\/Loft-da-Estudante-Estar-Cozinha-LR-Arquitetura-4-design-biofilico-morar-mais-350x233.jpg 350w\" sizes=\"(max-width: 1024px) 100vw, 1024px\" \/><\/figure>\n\n\n\n<p class=\"has-small-font-size\"><em>Est\u00fadio Guria Natureba, assinado por <a rel=\"noreferrer noopener\" href=\"https:\/\/www.instagram.com\/larissesqueff\/\" target=\"_blank\">Larisse Squeff<\/a> e <a rel=\"noreferrer noopener\" href=\"https:\/\/www.instagram.com\/tataschneider\/\" target=\"_blank\">Roberta Preiss<\/a> para o Morar Mais Porto Alegre<\/em><\/p>\n\n\n\n<h4 class=\"wp-block-heading\"><strong>Conex\u00e3o humana com a natureza<\/strong><\/h4>\n\n\n\n<p>Segundo a arquiteta <strong><a href=\"https:\/\/www.instagram.com\/jaquelamente\/\" target=\"_blank\" rel=\"noreferrer noopener\">Jaqueline Lamente<\/a><\/strong>, especialista em interiores sustent\u00e1veis, \u201cbuscar abrigo \u00e9 uma necessidade humana desde as primeiras civiliza\u00e7\u00f5es. Antigamente, a natureza supria diretamente esta e outras necessidades b\u00e1sicas, como comida e rem\u00e9dios\u201d, conta. Ao longo da evolu\u00e7\u00e3o da sociedade, a intera\u00e7\u00e3o do homem com a natureza foi diminuindo, acelerada pela revolu\u00e7\u00e3o industrial e tecnol\u00f3gica, que automatizou diversos desses processos e foi nos confinando cada vez mais no interior das edifica\u00e7\u00f5es.&nbsp;<\/p>\n\n\n\n<p>Uma \u00f3tima maneira para entender essa rela\u00e7\u00e3o natureza x ambientes constru\u00eddos \u00e9 fazer o seguinte teste: imagine como seria o cen\u00e1rio perfeito para seu relaxamento, que emana tranquilidade, descanso e conforto. Provavelmente voc\u00ea imaginou um local cercado pela natureza em vez de um shopping center, certo? No entanto, passamos a maior parte do nosso tempo em constru\u00e7\u00f5es, sem contato com a natureza, seja em casa, no trabalho ou at\u00e9 em momentos de lazer.&nbsp;<\/p>\n\n\n\n<p>\u201cAo longo do tempo, isso foi delineando nosso estilo de vida moderno, ca\u00f3tico, baseado no individualismo e no ac\u00famulo de coisas \u2013 situa\u00e7\u00f5es que impactam no nosso corpo f\u00edsico, na forma de estresse, ansiedade, obesidade, entre outras doen\u00e7as. <\/p>\n\n\n\n<p>Nos ambientes de trabalho, se reflete na redu\u00e7\u00e3o da produtividade, na alta-rotatividade de funcion\u00e1rios, no presente\u00edsmo (a pessoa est\u00e1 de corpo presente na empresa, mas desconectada de seu trabalho), al\u00e9m de outros fatores\u201d, explica Jaqueline.<\/p>\n\n\n\n<h4 class=\"wp-block-heading\"><strong>Biofilia \u00e9 ci\u00eancia<\/strong><\/h4>\n\n\n\n<p>Apesar de ser uma pauta bastante recente, essa rela\u00e7\u00e3o \u00e9 observada j\u00e1 a algum tempo por estudiosos. O termo biofilia foi usado pela primeira vez pelo psic\u00f3logo <a href=\"https:\/\/pt.wikipedia.org\/wiki\/Erich_Fromm\" target=\"_blank\" rel=\"noreferrer noopener\">Erich Fromm<\/a> em 1964 e, nos anos 80, pelo bi\u00f3logo <a href=\"https:\/\/pt.wikipedia.org\/wiki\/Edward_Osborne_Wilson\" target=\"_blank\" rel=\"noreferrer noopener\">Edward O. Wilson<\/a>, detectando como a urbaniza\u00e7\u00e3o come\u00e7ou a promover uma forte desconex\u00e3o com a natureza.<\/p>\n\n\n\n<div class=\"wp-block-media-text alignwide is-stacked-on-mobile is-vertically-aligned-center is-image-fill\" style=\"grid-template-columns:41% auto\"><figure class=\"wp-block-media-text__media\" style=\"background-image:url(https:\/\/morarmais.com.br\/mms\/wp-content\/uploads\/2020\/07\/carpete-interface-design-biofilico-morar-mais.jpg);background-position:50% 50%\"><img decoding=\"async\" width=\"206\" height=\"310\" src=\"https:\/\/morarmais.com.br\/mms\/wp-content\/uploads\/2020\/07\/carpete-interface-design-biofilico-morar-mais.jpg\" alt=\"Design Biofilico\" class=\"wp-image-4318\" srcset=\"https:\/\/morarmais.com.br\/mms\/wp-content\/uploads\/2020\/07\/carpete-interface-design-biofilico-morar-mais.jpg 206w, https:\/\/morarmais.com.br\/mms\/wp-content\/uploads\/2020\/07\/carpete-interface-design-biofilico-morar-mais-199x300.jpg 199w\" sizes=\"(max-width: 206px) 100vw, 206px\" \/><\/figure><div class=\"wp-block-media-text__content\">\n<div style=\"height:20px\" aria-hidden=\"true\" class=\"wp-block-spacer\"><\/div>\n\n\n\n<p class=\"has-small-font-size\"><em>Carpete modular da <a href=\"https:\/\/www.interface.com\/LA\/pt-BR\/about\/index\" target=\"_blank\" rel=\"noreferrer noopener\">Interface\u00ae<\/a>, distribu\u00eddo no Rio de Janeiro pela <a href=\"https:\/\/design.novoambiente.com\/corporativo\/nova-corp\/\" target=\"_blank\" rel=\"noreferrer noopener\">Novacorp,<\/a> que reproduz a ideia da grama nascendo no piso de pedra (modelo moss in stone).&nbsp;<\/em><\/p>\n\n\n\n<p>Estudos mais recentes, publicados no relat\u00f3rio <em>Human Spaces<\/em>, promovido pela marca de carpetes americana Interface\u00ae \u2013 uma das pioneiras em sustentabilidade e defesa do design biof\u00edlico, distribu\u00edda no Rio de Janeiro pela Novacorp \u2013 comprovam que \u201cum ambiente desprovido de natureza pode ter um efeito negativo na sa\u00fade, produtividade e bem-estar\u201d, e que \u201cestudos mostraram que a adi\u00e7\u00e3o de elementos biof\u00edlicos ao interior pode reduzir o estresse, a press\u00e3o arterial e os batimentos card\u00edacos &#8211; enquanto aumenta a produtividade, a criatividade e o bem-estar geral\u201d, segundo o relat\u00f3rio.&nbsp;<\/p>\n<\/div><\/div>\n\n\n\n<div style=\"height:20px\" aria-hidden=\"true\" class=\"wp-block-spacer\"><\/div>\n\n\n\n<h4 class=\"wp-block-heading\"><strong>Design Biof\u00edlico na pr\u00e1tica<\/strong><\/h4>\n\n\n\n<p>De acordo com Jaqueline, alguns elementos presentes em projetos que consideram o design biof\u00edlico s\u00e3o a ilumina\u00e7\u00e3o e ventila\u00e7\u00e3o natural, a utiliza\u00e7\u00e3o de plantas em espa\u00e7os internos, ambientes mais silenciosos ou com sons que remetem \u00e0 natureza (como uma fonte de \u00e1gua, por exemplo), compondo um conjunto que transmite tranquilidade.<\/p>\n\n\n\n<p>\u201cTamb\u00e9m \u00e9 indicado o uso de materiais sustent\u00e1veis, mais eficientes. Cores e texturas, que se assemelham ou reproduzem padr\u00f5es encontrados na natureza, tamb\u00e9m podem ser usados como estrat\u00e9gia para um projeto de design biof\u00edlico, seja em espa\u00e7os residenciais ou corporativos\u201d, exemplifica a arquiteta. \u201cPequenas mudan\u00e7as podem gerar grandes impactos nas pr\u00f3ximas gera\u00e7\u00f5es. Espero que os projetos de arquitetura sejam cada vez mais centrados nas pessoas, entendendo o ser humano como parte de um todo, que \u00e9 o Planeta Terra, e n\u00e3o separado dele\u201d, acredita Jaqueline.<\/p>\n\n\n\n<h4 class=\"wp-block-heading\"><strong>Biofilia em empresas: funcion\u00e1rios mais felizes e maior produtividade<\/strong><\/h4>\n\n\n\n<figure class=\"wp-block-image size-large\"><img decoding=\"async\" width=\"1024\" height=\"682\" src=\"https:\/\/morarmais.com.br\/mms\/wp-content\/uploads\/2020\/07\/amazon-escritorio-design-biofilico-morar-mais.jpg\" alt=\"\" class=\"wp-image-4308\" srcset=\"https:\/\/morarmais.com.br\/mms\/wp-content\/uploads\/2020\/07\/amazon-escritorio-design-biofilico-morar-mais.jpg 1024w, https:\/\/morarmais.com.br\/mms\/wp-content\/uploads\/2020\/07\/amazon-escritorio-design-biofilico-morar-mais-300x200.jpg 300w, https:\/\/morarmais.com.br\/mms\/wp-content\/uploads\/2020\/07\/amazon-escritorio-design-biofilico-morar-mais-768x512.jpg 768w, https:\/\/morarmais.com.br\/mms\/wp-content\/uploads\/2020\/07\/amazon-escritorio-design-biofilico-morar-mais-930x620.jpg 930w, https:\/\/morarmais.com.br\/mms\/wp-content\/uploads\/2020\/07\/amazon-escritorio-design-biofilico-morar-mais-350x233.jpg 350w\" sizes=\"(max-width: 1024px) 100vw, 1024px\" \/><\/figure>\n\n\n\n<p class=\"has-small-font-size\"><em>Sede da Amazon, em Seattle<\/em><\/p>\n\n\n\n<p>A sede da <a href=\"https:\/\/www.google.com\/aclk?sa=L&amp;ai=DChcSEwj8iLqM-szqAhWWhpEKHfArDDcYABAAGgJjZQ&amp;sig=AOD64_1U-NyXMdxT9Xw1snuoQZIavIYrUg&amp;q=&amp;ved=2ahUKEwjj77GM-szqAhWbD7kGHVk0APkQ0Qx6BAgNEAE&amp;adurl=\" target=\"_blank\" rel=\"noreferrer noopener\">Amazon<\/a> em Seattle, batizada como \u201cThe Spheres\u201d, \u00e9 um dos exemplos mais famosos de arquitetura com design biof\u00edlico. Inaugurado em 2018, o edif\u00edcio \u00e9 formado por tr\u00eas esferas, com estrutura met\u00e1lica e pain\u00e9is de vidro transl\u00facido, e abriga mais de mais de 40 mil plantas. O foco do projeto corporativo \u00e9 proporcionar maior bem-estar para os colaboradores da empresa, com menos baias e mais integrados \u00e0 natureza \u2013 para isso, foi criado de fato um ambiente florestal dentro da estrutura, inclusive com rios e cachoeiras.&nbsp;<\/p>\n\n\n\n<figure class=\"wp-block-image size-large\"><img loading=\"lazy\" decoding=\"async\" width=\"1024\" height=\"683\" src=\"https:\/\/morarmais.com.br\/mms\/wp-content\/uploads\/2020\/07\/amazon-escritorio2-design-biofilico-morar-mais.jpg\" alt=\"\" class=\"wp-image-4309\" srcset=\"https:\/\/morarmais.com.br\/mms\/wp-content\/uploads\/2020\/07\/amazon-escritorio2-design-biofilico-morar-mais.jpg 1024w, https:\/\/morarmais.com.br\/mms\/wp-content\/uploads\/2020\/07\/amazon-escritorio2-design-biofilico-morar-mais-300x200.jpg 300w, https:\/\/morarmais.com.br\/mms\/wp-content\/uploads\/2020\/07\/amazon-escritorio2-design-biofilico-morar-mais-768x512.jpg 768w, https:\/\/morarmais.com.br\/mms\/wp-content\/uploads\/2020\/07\/amazon-escritorio2-design-biofilico-morar-mais-930x620.jpg 930w, https:\/\/morarmais.com.br\/mms\/wp-content\/uploads\/2020\/07\/amazon-escritorio2-design-biofilico-morar-mais-350x233.jpg 350w\" sizes=\"(max-width: 1024px) 100vw, 1024px\" \/><\/figure>\n\n\n\n<p class=\"has-small-font-size\"><em>Acima, escrit\u00f3rio da Amazon, em Seattle<\/em><\/p>\n\n\n\n<div style=\"height:20px\" aria-hidden=\"true\" class=\"wp-block-spacer\"><\/div>\n\n\n\n<p>J\u00e1 a <a rel=\"noreferrer noopener\" href=\"http:\/\/microsoft%20-%20official%20home%20pagewww.microsoft.xn--com%20%20pt-br-bq3h\/\" target=\"_blank\">Microsoft<\/a>, por outro lado, levou o escrit\u00f3rio para o meio da floresta. No campus de sua sede corporativa, em Washington, a empresa criou um deck suspenso com tr\u00eas \u201cescrit\u00f3rios na \u00e1rvore\u201d para reuni\u00f5es e espa\u00e7os convidativos para o trabalho ao ar livre, com toda infraestrutura tecnol\u00f3gica necess\u00e1ria.&nbsp;<\/p>\n\n\n\n<div class=\"wp-block-media-text alignwide is-stacked-on-mobile is-vertically-aligned-center is-image-fill\" style=\"grid-template-columns:41% auto\"><figure class=\"wp-block-media-text__media\" style=\"background-image:url(https:\/\/morarmais.com.br\/mms\/wp-content\/uploads\/2020\/07\/microsoft-8-design-biofilico-morar-mais.jpg);background-position:50% 50%\"><img decoding=\"async\" src=\"https:\/\/morarmais.com.br\/mms\/wp-content\/uploads\/2020\/07\/microsoft-8-design-biofilico-morar-mais.jpg\" alt=\"\" class=\"wp-image-4313\"\/><\/figure><div class=\"wp-block-media-text__content\">\n<div style=\"height:20px\" aria-hidden=\"true\" class=\"wp-block-spacer\"><\/div>\n\n\n\n<p class=\"has-small-font-size\"><em>Deck suspenso com tr\u00eas \u201cescrit\u00f3rios na \u00e1rvore\u201d na sede corporativa da Microsoft em Washington.<\/em><\/p>\n\n\n\n<p>Segundo divulga\u00e7\u00e3o da empresa, ser mais criativo e flex\u00edvel com o espa\u00e7o de trabalho aumenta a produtividade e cria\u00e7\u00e3o de produtos inovadores. \u201cAs pessoas absorvem o meio ambiente e mudam a percep\u00e7\u00e3o de seu trabalho e como elas podem realiz\u00e1-lo\u201d, disse Bret Boulter, respons\u00e1vel pelas instala\u00e7\u00f5es na sede da Microsoft.&nbsp;<\/p>\n<\/div><\/div>\n\n\n\n<div style=\"height:20px\" aria-hidden=\"true\" class=\"wp-block-spacer\"><\/div>\n\n\n\n<figure class=\"wp-block-image size-large\"><img loading=\"lazy\" decoding=\"async\" width=\"628\" height=\"418\" src=\"https:\/\/morarmais.com.br\/mms\/wp-content\/uploads\/2020\/07\/microsoft-7.jpg\" alt=\"\" class=\"wp-image-4352\" srcset=\"https:\/\/morarmais.com.br\/mms\/wp-content\/uploads\/2020\/07\/microsoft-7.jpg 628w, https:\/\/morarmais.com.br\/mms\/wp-content\/uploads\/2020\/07\/microsoft-7-300x200.jpg 300w, https:\/\/morarmais.com.br\/mms\/wp-content\/uploads\/2020\/07\/microsoft-7-350x233.jpg 350w\" sizes=\"(max-width: 628px) 100vw, 628px\" \/><\/figure>\n\n\n\n<p class=\"has-small-font-size\"><em>Acima, escrit\u00f3rios na \u00e1rvore da Microsoft, em Washington<\/em><\/p>\n\n\n\n<div style=\"height:20px\" aria-hidden=\"true\" class=\"wp-block-spacer\"><\/div>\n\n\n\n<p><strong>Inspira\u00e7\u00e3o do Morar Mais para a sua casa<\/strong><\/p>\n\n\n\n<p>Para Jaqueline, o per\u00edodo atual que estamos vivendo, com tantas pessoas trabalhando em casa, traz uma s\u00e9rie de questionamentos sobre bem-estar e conforto dentro de nossos lares, buscado ambientes organizados, harm\u00f4nicos, ventilados e iluminados \u2013 aspectos bastante abordados em projetos com design biof\u00edlico.&nbsp;<\/p>\n\n\n\n<p>Para adotar esses par\u00e2metros em casa, a receita pode ser simples: priorize ilumina\u00e7\u00e3o e ventila\u00e7\u00e3o naturais; opte por revestimentos, m\u00f3veis e adornos feitos de materiais naturais com origem certificada ou sint\u00e9ticos que reproduzam essas texturas, como madeira, pedra, palha, grama, entre outros; traga o verde para ambientes internos \u2013 o cuidado com plantas nas grandes cidades tem, inclusive, ganhado muitos adeptos nos \u00faltimos anos, com o movimento <em>Urban Jungle<\/em>. No Morar Mais por Menos, podemos nos inspirar em projetos que adotaram esse caminho, proporcionando os benef\u00edcios de um ambiente mais conectado \u00e0 natureza. Confira abaixo!<\/p>\n\n\n\n<p>No <strong>Morar Mais S\u00e3o Paulo<\/strong>, o arquiteto <a href=\"https:\/\/www.instagram.com\/artur.caveiro\/\" target=\"_blank\" rel=\"noreferrer noopener\">Artur Caveiro<\/a> criou o <strong>Banheiro Um Banho no \u00c9den<\/strong>, com bancada de madeira r\u00fastica, pias com formato org\u00e2nico, parede verde e muitas plantas. Revestimentos que reproduzem seixos de rio e pap\u00e9is de parede com estampa de \u00e1rvores, usados da \u00e1rea molhada, refor\u00e7am a sensa\u00e7\u00e3o de estar em meio \u00e0 natureza.&nbsp;<\/p>\n\n\n\n<figure class=\"wp-block-image size-large\"><img loading=\"lazy\" decoding=\"async\" width=\"1024\" height=\"683\" src=\"https:\/\/morarmais.com.br\/mms\/wp-content\/uploads\/2020\/07\/37-Banheiro-Um-Banho-no-E\u0301den-Artur-Caveiro-design-biofilico-1024x683.jpg\" alt=\"\" class=\"wp-image-4321\" srcset=\"https:\/\/morarmais.com.br\/mms\/wp-content\/uploads\/2020\/07\/37-Banheiro-Um-Banho-no-E\u0301den-Artur-Caveiro-design-biofilico-1024x683.jpg 1024w, https:\/\/morarmais.com.br\/mms\/wp-content\/uploads\/2020\/07\/37-Banheiro-Um-Banho-no-E\u0301den-Artur-Caveiro-design-biofilico-300x200.jpg 300w, https:\/\/morarmais.com.br\/mms\/wp-content\/uploads\/2020\/07\/37-Banheiro-Um-Banho-no-E\u0301den-Artur-Caveiro-design-biofilico-768x512.jpg 768w, https:\/\/morarmais.com.br\/mms\/wp-content\/uploads\/2020\/07\/37-Banheiro-Um-Banho-no-E\u0301den-Artur-Caveiro-design-biofilico-930x620.jpg 930w, https:\/\/morarmais.com.br\/mms\/wp-content\/uploads\/2020\/07\/37-Banheiro-Um-Banho-no-E\u0301den-Artur-Caveiro-design-biofilico-350x234.jpg 350w, https:\/\/morarmais.com.br\/mms\/wp-content\/uploads\/2020\/07\/37-Banheiro-Um-Banho-no-E\u0301den-Artur-Caveiro-design-biofilico.jpg 1280w\" sizes=\"(max-width: 1024px) 100vw, 1024px\" \/><\/figure>\n\n\n\n<p class=\"has-small-font-size\"><em>Banheiro Um Banho no \u00c9den, assinado pelo arquiteto Artur Caveiro<\/em><\/p>\n\n\n\n<div style=\"height:20px\" aria-hidden=\"true\" class=\"wp-block-spacer\"><\/div>\n\n\n\n<p>J\u00e1 no <strong>Morar Mais Rio<\/strong>, a designer de interiores <strong><a href=\"https:\/\/www.instagram.com\/marcellabacellarstudio\/\" target=\"_blank\" rel=\"noreferrer noopener\">Marcella Bacellar<\/a><\/strong> assina o <strong>Apartamento <a href=\"https:\/\/www.quintoandar.com.br\/\" target=\"_blank\" rel=\"noreferrer noopener\">QuintoAndar<\/a><\/strong>, inspirado no estilo pied-\u00e0-terre (p\u00e9 no ch\u00e3o, em portugu\u00eas), que resgata a simplicidade e o essencial. <\/p>\n\n\n\n<figure class=\"wp-block-image size-large\"><img loading=\"lazy\" decoding=\"async\" width=\"1024\" height=\"682\" src=\"https:\/\/morarmais.com.br\/mms\/wp-content\/uploads\/2020\/07\/MM-Rio-Marcela-Bacellar-Apartamento-Quinto-Andar-design-biofilico-morar-mais.jpeg\" alt=\"Design Biofilico\" class=\"wp-image-4315\" srcset=\"https:\/\/morarmais.com.br\/mms\/wp-content\/uploads\/2020\/07\/MM-Rio-Marcela-Bacellar-Apartamento-Quinto-Andar-design-biofilico-morar-mais.jpeg 1024w, https:\/\/morarmais.com.br\/mms\/wp-content\/uploads\/2020\/07\/MM-Rio-Marcela-Bacellar-Apartamento-Quinto-Andar-design-biofilico-morar-mais-300x200.jpeg 300w, https:\/\/morarmais.com.br\/mms\/wp-content\/uploads\/2020\/07\/MM-Rio-Marcela-Bacellar-Apartamento-Quinto-Andar-design-biofilico-morar-mais-768x512.jpeg 768w, https:\/\/morarmais.com.br\/mms\/wp-content\/uploads\/2020\/07\/MM-Rio-Marcela-Bacellar-Apartamento-Quinto-Andar-design-biofilico-morar-mais-930x620.jpeg 930w, https:\/\/morarmais.com.br\/mms\/wp-content\/uploads\/2020\/07\/MM-Rio-Marcela-Bacellar-Apartamento-Quinto-Andar-design-biofilico-morar-mais-350x233.jpeg 350w\" sizes=\"(max-width: 1024px) 100vw, 1024px\" \/><\/figure>\n\n\n\n<p class=\"has-small-font-size\"><em>Apartamento QuintoAndar, assinado pela design de interiores Marcella Bacellar<\/em><\/p>\n\n\n\n<p>A ilumina\u00e7\u00e3o natural \u00e9 um dos pontos explorados no projeto, que ainda conta com piso cimentado em tom de barro e uma sele\u00e7\u00e3o de m\u00f3veis e acess\u00f3rios em elementos naturais como a madeira e a palhinha. Al\u00e9m disso, mais de 60 plantas tropicais, em vasos de barro, foram usados no espa\u00e7o.&nbsp;<\/p>\n\n\n\n<div class=\"wp-block-jetpack-tiled-gallery aligncenter is-style-rectangular\"><div class=\"tiled-gallery__gallery\"><div class=\"tiled-gallery__row\"><div class=\"tiled-gallery__col\" style=\"flex-basis:42.2007180388717%\"><figure class=\"tiled-gallery__item\"><img decoding=\"async\" alt=\"\" data-height=\"1024\" data-id=\"4317\" data-link=\"https:\/\/morarmais.com.br\/mms\/design-biofilico-entenda-o-que-e-e-como-aplicar-no-dia-a-dia\/mm-rio-apartamento-quintoandar-marcella-bacellar-2-design-biofilico-morar-mais\/\" data-url=\"https:\/\/morarmais.com.br\/mms\/wp-content\/uploads\/2020\/07\/MM-Rio-Apartamento-QuintoAndar-Marcella-Bacellar-2-design-biofilico-morar-mais.jpg\" data-width=\"683\" src=\"https:\/\/i1.wp.com\/morarmais.com.br\/mms\/wp-content\/uploads\/2020\/07\/MM-Rio-Apartamento-QuintoAndar-Marcella-Bacellar-2-design-biofilico-morar-mais.jpg?ssl=1\" layout=\"responsive\"\/><\/figure><\/div><div class=\"tiled-gallery__col\" style=\"flex-basis:57.799281961128315%\"><figure class=\"tiled-gallery__item\"><img decoding=\"async\" alt=\"Design Biofilico\" data-height=\"1024\" data-id=\"4316\" data-link=\"https:\/\/morarmais.com.br\/mms\/design-biofilico-entenda-o-que-e-e-como-aplicar-no-dia-a-dia\/mm-rio-apartamento-quintoandar-marcella-bacellar-1-design-biofilico-morar-mais\/\" data-url=\"https:\/\/morarmais.com.br\/mms\/wp-content\/uploads\/2020\/07\/MM-Rio-Apartamento-QuintoAndar-Marcella-Bacellar-1-design-biofilico-morar-mais.jpg\" data-width=\"936\" src=\"https:\/\/i2.wp.com\/morarmais.com.br\/mms\/wp-content\/uploads\/2020\/07\/MM-Rio-Apartamento-QuintoAndar-Marcella-Bacellar-1-design-biofilico-morar-mais.jpg?ssl=1\" layout=\"responsive\"\/><\/figure><\/div><\/div><\/div><\/div>\n\n\n\n<p class=\"has-small-font-size\"><em>Apartamento QuintoAndar, assinado pela design de interiores Marcella Bacellar<\/em><\/p>\n\n\n\n<div style=\"height:20px\" aria-hidden=\"true\" class=\"wp-block-spacer\"><\/div>\n\n\n\n<p>No <strong>Morar Mais Goi\u00e2nia<\/strong>, o <strong>Restaurante O Popular<\/strong>, assinado por <strong><a href=\"https:\/\/www.instagram.com\/milleroliveira.arq\/\" target=\"_blank\" rel=\"noreferrer noopener\">Bianka Miller<\/a>, Eneida Oliveira e <a href=\"https:\/\/www.instagram.com\/milleroliveira.arq\/\" target=\"_blank\" rel=\"noreferrer noopener\">Gabriel Oliveira<\/a><\/strong>, proporciona um clima r\u00fastico, com parede de pedra natural, banco e m\u00f3veis de madeira, al\u00e9m de plantas espalhadas pelo ambiente.&nbsp;<\/p>\n\n\n\n<figure class=\"wp-block-image size-large\"><img loading=\"lazy\" decoding=\"async\" width=\"1024\" height=\"683\" src=\"https:\/\/morarmais.com.br\/mms\/wp-content\/uploads\/2020\/07\/MM-Goias-2015-restaurante-o-popular-Bianka-Miller-Eneida-Oliveira-e-Gabriel-Oliveira-design-biofilico-morar-mais.jpeg\" alt=\"Design Biofilico\" class=\"wp-image-4314\" srcset=\"https:\/\/morarmais.com.br\/mms\/wp-content\/uploads\/2020\/07\/MM-Goias-2015-restaurante-o-popular-Bianka-Miller-Eneida-Oliveira-e-Gabriel-Oliveira-design-biofilico-morar-mais.jpeg 1024w, https:\/\/morarmais.com.br\/mms\/wp-content\/uploads\/2020\/07\/MM-Goias-2015-restaurante-o-popular-Bianka-Miller-Eneida-Oliveira-e-Gabriel-Oliveira-design-biofilico-morar-mais-300x200.jpeg 300w, https:\/\/morarmais.com.br\/mms\/wp-content\/uploads\/2020\/07\/MM-Goias-2015-restaurante-o-popular-Bianka-Miller-Eneida-Oliveira-e-Gabriel-Oliveira-design-biofilico-morar-mais-768x512.jpeg 768w, https:\/\/morarmais.com.br\/mms\/wp-content\/uploads\/2020\/07\/MM-Goias-2015-restaurante-o-popular-Bianka-Miller-Eneida-Oliveira-e-Gabriel-Oliveira-design-biofilico-morar-mais-930x620.jpeg 930w, https:\/\/morarmais.com.br\/mms\/wp-content\/uploads\/2020\/07\/MM-Goias-2015-restaurante-o-popular-Bianka-Miller-Eneida-Oliveira-e-Gabriel-Oliveira-design-biofilico-morar-mais-350x233.jpeg 350w\" sizes=\"(max-width: 1024px) 100vw, 1024px\" \/><\/figure>\n\n\n\n<p class=\"has-small-font-size\"><em>Restaurante O Popular, assinado por Bianka Miller, Eneida Oliveira e Gabriel Oliveira<\/em><\/p>\n\n\n\n<div style=\"height:20px\" aria-hidden=\"true\" class=\"wp-block-spacer\"><\/div>\n\n\n\n<p>Confira tamb\u00e9m nosso canal no <strong><a rel=\"noreferrer noopener\" href=\"https:\/\/www.youtube.com\/user\/Morarmaispormenostv\" target=\"_blank\">YouTube<\/a><\/strong> e fique de olho nas novidades do <strong>Morar Mais<\/strong> atrav\u00e9s do nosso <strong><a rel=\"noreferrer noopener\" href=\"http:\/\/instagram.com\/morarmaispormenos\" target=\"_blank\">Instagram<\/a><\/strong>.<\/p>\n\n\n\n<p><em>Texto: <a href=\"https:\/\/www.instagram.com\/lschuback\/\" target=\"_blank\" rel=\"noreferrer noopener\">L.Schuback Assessoria de Comunica\u00e7\u00e3o<\/a><\/em><\/p>\n","protected":false},"excerpt":{"rendered":"<p>Est\u00fadio Guria Natureba, assinado por Larisse Squeff e Roberta Preiss para o Morar Mais Porto Alegre Biofilia: Essa palavra pode ser nova e estranha para muita gente mas, nos \u00faltimos meses, v\u00eam ganhando cada vez mais espa\u00e7o no universo da arquitetura e do design. Come\u00e7ando pelo sentido etimol\u00f3gico da palavra, podemos traduzir \u2018biofilia\u2019 como \u2018amor&hellip;&nbsp;<a href=\"https:\/\/morarmais.com.br\/mms\/design-biofilico-entenda-o-que-e-e-como-aplicar-no-dia-a-dia\/\" rel=\"bookmark\">Continue a ler &raquo;<span class=\"screen-reader-text\">Design Biof\u00edlico: entenda o que \u00e9 e como aplicar no dia a dia<\/span><\/a><\/p>\n","protected":false},"author":6,"featured_media":4326,"comment_status":"open","ping_status":"open","sticky":false,"template":"","format":"standard","meta":{"_eb_attr":"","editor_plus_copied_stylings":"{}","neve_meta_sidebar":"","neve_meta_container":"","neve_meta_enable_content_width":"off","neve_meta_content_width":0,"neve_meta_title_alignment":"","neve_meta_author_avatar":"","neve_post_elements_order":"","neve_meta_disable_header":"","neve_meta_disable_footer":"","neve_meta_disable_title":"","_themeisle_gutenberg_block_has_review":false,"_vp_format_video_url":"","_vp_image_focal_point":[],"footnotes":""},"categories":[23,29,31],"tags":[213,212,214,169,41,211,44,176,177,51,73,209,210],"class_list":["post-4306","post","type-post","status-publish","format-standard","has-post-thumbnail","hentry","category-home","category-um-mundo-sustentavel","category-viciados-em-design","tag-bem-estar","tag-biofilia-na-arquitetura","tag-conforto-emocional","tag-criatividade","tag-decoracao","tag-design-biofilico-2","tag-diy","tag-faca-voce-mesmo","tag-ideias-criativas","tag-morar-mais","tag-morar-mais-por-menos","tag-reconexao","tag-saude"],"yoast_head":"<!-- This site is optimized with the Yoast SEO plugin v25.6 - https:\/\/yoast.com\/wordpress\/plugins\/seo\/ -->\n<title>Design Biof\u00edlico: entenda o que \u00e9 e como aplicar no dia a dia - Morar mais<\/title>\n<meta name=\"description\" content=\"Design Biof\u00edlico: entenda o que \u00e9 e como aplicar no dia a dia. Sentido etimol\u00f3gico da palavra \u2018Biofilia\u2019: \u2018amor \u00e0s coisas vivas\u2019.\" \/>\n<meta name=\"robots\" content=\"index, follow, max-snippet:-1, max-image-preview:large, max-video-preview:-1\" \/>\n<link rel=\"canonical\" href=\"https:\/\/morarmais.com.br\/mms\/design-biofilico-entenda-o-que-e-e-como-aplicar-no-dia-a-dia\/\" \/>\n<meta property=\"og:locale\" content=\"pt_BR\" \/>\n<meta property=\"og:type\" content=\"article\" \/>\n<meta property=\"og:title\" content=\"Design Biof\u00edlico: entenda o que \u00e9 e como aplicar no dia a dia - Morar mais\" \/>\n<meta property=\"og:description\" content=\"Design Biof\u00edlico: entenda o que \u00e9 e como aplicar no dia a dia. Sentido etimol\u00f3gico da palavra \u2018Biofilia\u2019: \u2018amor \u00e0s coisas vivas\u2019.\" \/>\n<meta property=\"og:url\" content=\"https:\/\/morarmais.com.br\/mms\/design-biofilico-entenda-o-que-e-e-como-aplicar-no-dia-a-dia\/\" \/>\n<meta property=\"og:site_name\" content=\"Morar mais\" \/>\n<meta property=\"article:publisher\" content=\"https:\/\/www.facebook.com\/morarmais\" \/>\n<meta property=\"article:published_time\" content=\"2020-07-14T12:09:36+00:00\" \/>\n<meta property=\"article:modified_time\" content=\"2020-07-14T15:55:20+00:00\" \/>\n<meta property=\"og:image\" content=\"https:\/\/i0.wp.com\/morarmais.com.br\/mms\/wp-content\/uploads\/2020\/07\/design-biofilico-morar-mais-capa-blog.png?fit=852%2C563&ssl=1\" \/>\n\t<meta property=\"og:image:width\" content=\"852\" \/>\n\t<meta property=\"og:image:height\" content=\"563\" \/>\n\t<meta property=\"og:image:type\" content=\"image\/png\" \/>\n<meta name=\"author\" content=\"Ale Devecchi\" \/>\n<meta name=\"twitter:card\" content=\"summary_large_image\" \/>\n<meta name=\"twitter:label1\" content=\"Escrito por\" \/>\n\t<meta name=\"twitter:data1\" content=\"Ale Devecchi\" \/>\n\t<meta name=\"twitter:label2\" content=\"Est. tempo de leitura\" \/>\n\t<meta name=\"twitter:data2\" content=\"7 minutos\" \/>\n<script type=\"application\/ld+json\" class=\"yoast-schema-graph\">{\"@context\":\"https:\/\/schema.org\",\"@graph\":[{\"@type\":\"Article\",\"@id\":\"https:\/\/morarmais.com.br\/mms\/design-biofilico-entenda-o-que-e-e-como-aplicar-no-dia-a-dia\/#article\",\"isPartOf\":{\"@id\":\"https:\/\/morarmais.com.br\/mms\/design-biofilico-entenda-o-que-e-e-como-aplicar-no-dia-a-dia\/\"},\"author\":{\"name\":\"Ale Devecchi\",\"@id\":\"https:\/\/morarmais.com.br\/mms\/#\/schema\/person\/67dda048cb1edaf0c66d3a7787857c2a\"},\"headline\":\"Design Biof\u00edlico: entenda o que \u00e9 e como aplicar no dia a dia\",\"datePublished\":\"2020-07-14T12:09:36+00:00\",\"dateModified\":\"2020-07-14T15:55:20+00:00\",\"mainEntityOfPage\":{\"@id\":\"https:\/\/morarmais.com.br\/mms\/design-biofilico-entenda-o-que-e-e-como-aplicar-no-dia-a-dia\/\"},\"wordCount\":1426,\"commentCount\":0,\"publisher\":{\"@id\":\"https:\/\/morarmais.com.br\/mms\/#organization\"},\"image\":{\"@id\":\"https:\/\/morarmais.com.br\/mms\/design-biofilico-entenda-o-que-e-e-como-aplicar-no-dia-a-dia\/#primaryimage\"},\"thumbnailUrl\":\"https:\/\/morarmais.com.br\/mms\/wp-content\/uploads\/2020\/07\/design-biofilico-morar-mais-capa-blog.png\",\"keywords\":[\"bem-estar\",\"biofilia na arquitetura\",\"conforto emocional\",\"criatividade\",\"Decora\u00e7\u00e3o\",\"design biofilico\",\"diy\",\"fa\u00e7a voc\u00ea mesmo\",\"ideias criativas\",\"Morar Mais\",\"Morar Mais por menos\",\"reconex\u00e3o\",\"sa\u00fade\"],\"articleSection\":[\"Home\",\"Um mundo Sustent\u00e1vel\",\"Viciados em Design\"],\"inLanguage\":\"pt-BR\",\"potentialAction\":[{\"@type\":\"CommentAction\",\"name\":\"Comment\",\"target\":[\"https:\/\/morarmais.com.br\/mms\/design-biofilico-entenda-o-que-e-e-como-aplicar-no-dia-a-dia\/#respond\"]}]},{\"@type\":\"WebPage\",\"@id\":\"https:\/\/morarmais.com.br\/mms\/design-biofilico-entenda-o-que-e-e-como-aplicar-no-dia-a-dia\/\",\"url\":\"https:\/\/morarmais.com.br\/mms\/design-biofilico-entenda-o-que-e-e-como-aplicar-no-dia-a-dia\/\",\"name\":\"Design Biof\u00edlico: entenda o que \u00e9 e como aplicar no dia a dia - Morar mais\",\"isPartOf\":{\"@id\":\"https:\/\/morarmais.com.br\/mms\/#website\"},\"primaryImageOfPage\":{\"@id\":\"https:\/\/morarmais.com.br\/mms\/design-biofilico-entenda-o-que-e-e-como-aplicar-no-dia-a-dia\/#primaryimage\"},\"image\":{\"@id\":\"https:\/\/morarmais.com.br\/mms\/design-biofilico-entenda-o-que-e-e-como-aplicar-no-dia-a-dia\/#primaryimage\"},\"thumbnailUrl\":\"https:\/\/morarmais.com.br\/mms\/wp-content\/uploads\/2020\/07\/design-biofilico-morar-mais-capa-blog.png\",\"datePublished\":\"2020-07-14T12:09:36+00:00\",\"dateModified\":\"2020-07-14T15:55:20+00:00\",\"description\":\"Design Biof\u00edlico: entenda o que \u00e9 e como aplicar no dia a dia. Sentido etimol\u00f3gico da palavra \u2018Biofilia\u2019: \u2018amor \u00e0s coisas vivas\u2019.\",\"breadcrumb\":{\"@id\":\"https:\/\/morarmais.com.br\/mms\/design-biofilico-entenda-o-que-e-e-como-aplicar-no-dia-a-dia\/#breadcrumb\"},\"inLanguage\":\"pt-BR\",\"potentialAction\":[{\"@type\":\"ReadAction\",\"target\":[\"https:\/\/morarmais.com.br\/mms\/design-biofilico-entenda-o-que-e-e-como-aplicar-no-dia-a-dia\/\"]}]},{\"@type\":\"ImageObject\",\"inLanguage\":\"pt-BR\",\"@id\":\"https:\/\/morarmais.com.br\/mms\/design-biofilico-entenda-o-que-e-e-como-aplicar-no-dia-a-dia\/#primaryimage\",\"url\":\"https:\/\/morarmais.com.br\/mms\/wp-content\/uploads\/2020\/07\/design-biofilico-morar-mais-capa-blog.png\",\"contentUrl\":\"https:\/\/morarmais.com.br\/mms\/wp-content\/uploads\/2020\/07\/design-biofilico-morar-mais-capa-blog.png\",\"width\":852,\"height\":563,\"caption\":\"Design Biof\u00edlico\"},{\"@type\":\"BreadcrumbList\",\"@id\":\"https:\/\/morarmais.com.br\/mms\/design-biofilico-entenda-o-que-e-e-como-aplicar-no-dia-a-dia\/#breadcrumb\",\"itemListElement\":[{\"@type\":\"ListItem\",\"position\":1,\"name\":\"In\u00edcio\",\"item\":\"https:\/\/morarmais.com.br\/mms\/\"},{\"@type\":\"ListItem\",\"position\":2,\"name\":\"Design Biof\u00edlico: entenda o que \u00e9 e como aplicar no dia a dia\"}]},{\"@type\":\"WebSite\",\"@id\":\"https:\/\/morarmais.com.br\/mms\/#website\",\"url\":\"https:\/\/morarmais.com.br\/mms\/\",\"name\":\"Morar mais\",\"description\":\"O Chique que cabe no bolso\",\"publisher\":{\"@id\":\"https:\/\/morarmais.com.br\/mms\/#organization\"},\"potentialAction\":[{\"@type\":\"SearchAction\",\"target\":{\"@type\":\"EntryPoint\",\"urlTemplate\":\"https:\/\/morarmais.com.br\/mms\/?s={search_term_string}\"},\"query-input\":{\"@type\":\"PropertyValueSpecification\",\"valueRequired\":true,\"valueName\":\"search_term_string\"}}],\"inLanguage\":\"pt-BR\"},{\"@type\":\"Organization\",\"@id\":\"https:\/\/morarmais.com.br\/mms\/#organization\",\"name\":\"Morar mais\",\"url\":\"https:\/\/morarmais.com.br\/mms\/\",\"logo\":{\"@type\":\"ImageObject\",\"inLanguage\":\"pt-BR\",\"@id\":\"https:\/\/morarmais.com.br\/mms\/#\/schema\/logo\/image\/\",\"url\":\"https:\/\/morarmais.com.br\/mms\/wp-content\/uploads\/2019\/04\/cropped-logo-morar-mais-2-1-e1688661143585.png\",\"contentUrl\":\"https:\/\/morarmais.com.br\/mms\/wp-content\/uploads\/2019\/04\/cropped-logo-morar-mais-2-1-e1688661143585.png\",\"width\":130,\"height\":100,\"caption\":\"Morar mais\"},\"image\":{\"@id\":\"https:\/\/morarmais.com.br\/mms\/#\/schema\/logo\/image\/\"},\"sameAs\":[\"https:\/\/www.facebook.com\/morarmais\",\"https:\/\/www.instagram.com\/morarmaispormenos\",\"https:\/\/br.pinterest.com\/morarmais\/\"]},{\"@type\":\"Person\",\"@id\":\"https:\/\/morarmais.com.br\/mms\/#\/schema\/person\/67dda048cb1edaf0c66d3a7787857c2a\",\"name\":\"Ale Devecchi\",\"image\":{\"@type\":\"ImageObject\",\"inLanguage\":\"pt-BR\",\"@id\":\"https:\/\/morarmais.com.br\/mms\/#\/schema\/person\/image\/\",\"url\":\"https:\/\/secure.gravatar.com\/avatar\/194f7a41b78fc7f5fcbf2fb567b600b5?s=96&d=mm&r=g\",\"contentUrl\":\"https:\/\/secure.gravatar.com\/avatar\/194f7a41b78fc7f5fcbf2fb567b600b5?s=96&d=mm&r=g\",\"caption\":\"Ale Devecchi\"},\"url\":\"https:\/\/morarmais.com.br\/mms\/author\/marketing-mais\/\"}]}<\/script>\n<!-- \/ Yoast SEO plugin. -->","yoast_head_json":{"title":"Design Biof\u00edlico: entenda o que \u00e9 e como aplicar no dia a dia - Morar mais","description":"Design Biof\u00edlico: entenda o que \u00e9 e como aplicar no dia a dia. Sentido etimol\u00f3gico da palavra \u2018Biofilia\u2019: \u2018amor \u00e0s coisas vivas\u2019.","robots":{"index":"index","follow":"follow","max-snippet":"max-snippet:-1","max-image-preview":"max-image-preview:large","max-video-preview":"max-video-preview:-1"},"canonical":"https:\/\/morarmais.com.br\/mms\/design-biofilico-entenda-o-que-e-e-como-aplicar-no-dia-a-dia\/","og_locale":"pt_BR","og_type":"article","og_title":"Design Biof\u00edlico: entenda o que \u00e9 e como aplicar no dia a dia - Morar mais","og_description":"Design Biof\u00edlico: entenda o que \u00e9 e como aplicar no dia a dia. Sentido etimol\u00f3gico da palavra \u2018Biofilia\u2019: \u2018amor \u00e0s coisas vivas\u2019.","og_url":"https:\/\/morarmais.com.br\/mms\/design-biofilico-entenda-o-que-e-e-como-aplicar-no-dia-a-dia\/","og_site_name":"Morar mais","article_publisher":"https:\/\/www.facebook.com\/morarmais","article_published_time":"2020-07-14T12:09:36+00:00","article_modified_time":"2020-07-14T15:55:20+00:00","og_image":[{"width":852,"height":563,"url":"https:\/\/i0.wp.com\/morarmais.com.br\/mms\/wp-content\/uploads\/2020\/07\/design-biofilico-morar-mais-capa-blog.png?fit=852%2C563&ssl=1","type":"image\/png"}],"author":"Ale Devecchi","twitter_card":"summary_large_image","twitter_misc":{"Escrito por":"Ale Devecchi","Est. tempo de leitura":"7 minutos"},"schema":{"@context":"https:\/\/schema.org","@graph":[{"@type":"Article","@id":"https:\/\/morarmais.com.br\/mms\/design-biofilico-entenda-o-que-e-e-como-aplicar-no-dia-a-dia\/#article","isPartOf":{"@id":"https:\/\/morarmais.com.br\/mms\/design-biofilico-entenda-o-que-e-e-como-aplicar-no-dia-a-dia\/"},"author":{"name":"Ale Devecchi","@id":"https:\/\/morarmais.com.br\/mms\/#\/schema\/person\/67dda048cb1edaf0c66d3a7787857c2a"},"headline":"Design Biof\u00edlico: entenda o que \u00e9 e como aplicar no dia a dia","datePublished":"2020-07-14T12:09:36+00:00","dateModified":"2020-07-14T15:55:20+00:00","mainEntityOfPage":{"@id":"https:\/\/morarmais.com.br\/mms\/design-biofilico-entenda-o-que-e-e-como-aplicar-no-dia-a-dia\/"},"wordCount":1426,"commentCount":0,"publisher":{"@id":"https:\/\/morarmais.com.br\/mms\/#organization"},"image":{"@id":"https:\/\/morarmais.com.br\/mms\/design-biofilico-entenda-o-que-e-e-como-aplicar-no-dia-a-dia\/#primaryimage"},"thumbnailUrl":"https:\/\/morarmais.com.br\/mms\/wp-content\/uploads\/2020\/07\/design-biofilico-morar-mais-capa-blog.png","keywords":["bem-estar","biofilia na arquitetura","conforto emocional","criatividade","Decora\u00e7\u00e3o","design biofilico","diy","fa\u00e7a voc\u00ea mesmo","ideias criativas","Morar Mais","Morar Mais por menos","reconex\u00e3o","sa\u00fade"],"articleSection":["Home","Um mundo Sustent\u00e1vel","Viciados em Design"],"inLanguage":"pt-BR","potentialAction":[{"@type":"CommentAction","name":"Comment","target":["https:\/\/morarmais.com.br\/mms\/design-biofilico-entenda-o-que-e-e-como-aplicar-no-dia-a-dia\/#respond"]}]},{"@type":"WebPage","@id":"https:\/\/morarmais.com.br\/mms\/design-biofilico-entenda-o-que-e-e-como-aplicar-no-dia-a-dia\/","url":"https:\/\/morarmais.com.br\/mms\/design-biofilico-entenda-o-que-e-e-como-aplicar-no-dia-a-dia\/","name":"Design Biof\u00edlico: entenda o que \u00e9 e como aplicar no dia a dia - Morar mais","isPartOf":{"@id":"https:\/\/morarmais.com.br\/mms\/#website"},"primaryImageOfPage":{"@id":"https:\/\/morarmais.com.br\/mms\/design-biofilico-entenda-o-que-e-e-como-aplicar-no-dia-a-dia\/#primaryimage"},"image":{"@id":"https:\/\/morarmais.com.br\/mms\/design-biofilico-entenda-o-que-e-e-como-aplicar-no-dia-a-dia\/#primaryimage"},"thumbnailUrl":"https:\/\/morarmais.com.br\/mms\/wp-content\/uploads\/2020\/07\/design-biofilico-morar-mais-capa-blog.png","datePublished":"2020-07-14T12:09:36+00:00","dateModified":"2020-07-14T15:55:20+00:00","description":"Design Biof\u00edlico: entenda o que \u00e9 e como aplicar no dia a dia. Sentido etimol\u00f3gico da palavra \u2018Biofilia\u2019: \u2018amor \u00e0s coisas vivas\u2019.","breadcrumb":{"@id":"https:\/\/morarmais.com.br\/mms\/design-biofilico-entenda-o-que-e-e-como-aplicar-no-dia-a-dia\/#breadcrumb"},"inLanguage":"pt-BR","potentialAction":[{"@type":"ReadAction","target":["https:\/\/morarmais.com.br\/mms\/design-biofilico-entenda-o-que-e-e-como-aplicar-no-dia-a-dia\/"]}]},{"@type":"ImageObject","inLanguage":"pt-BR","@id":"https:\/\/morarmais.com.br\/mms\/design-biofilico-entenda-o-que-e-e-como-aplicar-no-dia-a-dia\/#primaryimage","url":"https:\/\/morarmais.com.br\/mms\/wp-content\/uploads\/2020\/07\/design-biofilico-morar-mais-capa-blog.png","contentUrl":"https:\/\/morarmais.com.br\/mms\/wp-content\/uploads\/2020\/07\/design-biofilico-morar-mais-capa-blog.png","width":852,"height":563,"caption":"Design Biof\u00edlico"},{"@type":"BreadcrumbList","@id":"https:\/\/morarmais.com.br\/mms\/design-biofilico-entenda-o-que-e-e-como-aplicar-no-dia-a-dia\/#breadcrumb","itemListElement":[{"@type":"ListItem","position":1,"name":"In\u00edcio","item":"https:\/\/morarmais.com.br\/mms\/"},{"@type":"ListItem","position":2,"name":"Design Biof\u00edlico: entenda o que \u00e9 e como aplicar no dia a dia"}]},{"@type":"WebSite","@id":"https:\/\/morarmais.com.br\/mms\/#website","url":"https:\/\/morarmais.com.br\/mms\/","name":"Morar mais","description":"O Chique que cabe no bolso","publisher":{"@id":"https:\/\/morarmais.com.br\/mms\/#organization"},"potentialAction":[{"@type":"SearchAction","target":{"@type":"EntryPoint","urlTemplate":"https:\/\/morarmais.com.br\/mms\/?s={search_term_string}"},"query-input":{"@type":"PropertyValueSpecification","valueRequired":true,"valueName":"search_term_string"}}],"inLanguage":"pt-BR"},{"@type":"Organization","@id":"https:\/\/morarmais.com.br\/mms\/#organization","name":"Morar mais","url":"https:\/\/morarmais.com.br\/mms\/","logo":{"@type":"ImageObject","inLanguage":"pt-BR","@id":"https:\/\/morarmais.com.br\/mms\/#\/schema\/logo\/image\/","url":"https:\/\/morarmais.com.br\/mms\/wp-content\/uploads\/2019\/04\/cropped-logo-morar-mais-2-1-e1688661143585.png","contentUrl":"https:\/\/morarmais.com.br\/mms\/wp-content\/uploads\/2019\/04\/cropped-logo-morar-mais-2-1-e1688661143585.png","width":130,"height":100,"caption":"Morar mais"},"image":{"@id":"https:\/\/morarmais.com.br\/mms\/#\/schema\/logo\/image\/"},"sameAs":["https:\/\/www.facebook.com\/morarmais","https:\/\/www.instagram.com\/morarmaispormenos","https:\/\/br.pinterest.com\/morarmais\/"]},{"@type":"Person","@id":"https:\/\/morarmais.com.br\/mms\/#\/schema\/person\/67dda048cb1edaf0c66d3a7787857c2a","name":"Ale Devecchi","image":{"@type":"ImageObject","inLanguage":"pt-BR","@id":"https:\/\/morarmais.com.br\/mms\/#\/schema\/person\/image\/","url":"https:\/\/secure.gravatar.com\/avatar\/194f7a41b78fc7f5fcbf2fb567b600b5?s=96&d=mm&r=g","contentUrl":"https:\/\/secure.gravatar.com\/avatar\/194f7a41b78fc7f5fcbf2fb567b600b5?s=96&d=mm&r=g","caption":"Ale Devecchi"},"url":"https:\/\/morarmais.com.br\/mms\/author\/marketing-mais\/"}]}},"_links":{"self":[{"href":"https:\/\/morarmais.com.br\/mms\/wp-json\/wp\/v2\/posts\/4306"}],"collection":[{"href":"https:\/\/morarmais.com.br\/mms\/wp-json\/wp\/v2\/posts"}],"about":[{"href":"https:\/\/morarmais.com.br\/mms\/wp-json\/wp\/v2\/types\/post"}],"author":[{"embeddable":true,"href":"https:\/\/morarmais.com.br\/mms\/wp-json\/wp\/v2\/users\/6"}],"replies":[{"embeddable":true,"href":"https:\/\/morarmais.com.br\/mms\/wp-json\/wp\/v2\/comments?post=4306"}],"version-history":[{"count":0,"href":"https:\/\/morarmais.com.br\/mms\/wp-json\/wp\/v2\/posts\/4306\/revisions"}],"wp:featuredmedia":[{"embeddable":true,"href":"https:\/\/morarmais.com.br\/mms\/wp-json\/wp\/v2\/media\/4326"}],"wp:attachment":[{"href":"https:\/\/morarmais.com.br\/mms\/wp-json\/wp\/v2\/media?parent=4306"}],"wp:term":[{"taxonomy":"category","embeddable":true,"href":"https:\/\/morarmais.com.br\/mms\/wp-json\/wp\/v2\/categories?post=4306"},{"taxonomy":"post_tag","embeddable":true,"href":"https:\/\/morarmais.com.br\/mms\/wp-json\/wp\/v2\/tags?post=4306"}],"curies":[{"name":"wp","href":"https:\/\/api.w.org\/{rel}","templated":true}]}}