{"id":3610,"date":"2020-05-19T09:30:00","date_gmt":"2020-05-19T09:30:00","guid":{"rendered":"https:\/\/morarmais.com.br\/mms\/?p=3610"},"modified":"2020-05-21T20:39:08","modified_gmt":"2020-05-21T20:39:08","slug":"faca-voce-mesmo-9-ideias-de-luminarias-criativas-do-morar-mais-que-voce-pode-recriar-em-casa","status":"publish","type":"post","link":"https:\/\/morarmais.com.br\/mms\/faca-voce-mesmo-9-ideias-de-luminarias-criativas-do-morar-mais-que-voce-pode-recriar-em-casa\/","title":{"rendered":"Fa\u00e7a voc\u00ea mesmo: 9 ideias de lumin\u00e1rias criativas do Morar Mais que voc\u00ea pode recriar em casa!"},"content":{"rendered":"\t\t<div data-elementor-type=\"wp-post\" data-elementor-id=\"3610\" class=\"elementor elementor-3610\" data-elementor-settings=\"{&quot;ha_cmc_init_switcher&quot;:&quot;no&quot;}\">\n\t\t\t\t\t\t<section class=\"elementor-section elementor-top-section elementor-element elementor-element-4570e73 elementor-section-boxed elementor-section-height-default elementor-section-height-default\" data-id=\"4570e73\" data-element_type=\"section\" data-settings=\"{&quot;_ha_eqh_enable&quot;:false}\">\n\t\t\t\t\t\t<div class=\"elementor-container elementor-column-gap-default\">\n\t\t\t\t\t<div class=\"elementor-column elementor-col-100 elementor-top-column elementor-element elementor-element-8ce7d24\" data-id=\"8ce7d24\" data-element_type=\"column\">\n\t\t\t<div class=\"elementor-widget-wrap elementor-element-populated\">\n\t\t\t\t\t\t<div class=\"elementor-element elementor-element-19900f8 elementor-widget elementor-widget-text-editor\" data-id=\"19900f8\" data-element_type=\"widget\" data-widget_type=\"text-editor.default\">\n\t\t\t\t<div class=\"elementor-widget-container\">\n\t\t\t\t\t\t\t<p>SALA DA FAMI\u0301LIA &#8211; dois lustres com estrutura em ferro oxidado e cu\u0301pulas feitas de copinhos de pla\u0301stico descarta\u0301veis &#8211; <a href=\"http:\/\/www.instagram.com\/crisjapiassuarquiteta\" target=\"_blank\" rel=\"noreferrer noopener\">Cristina Japiassu<\/a><\/p>\t\t\t\t\t\t<\/div>\n\t\t\t\t<\/div>\n\t\t\t\t\t<\/div>\n\t\t<\/div>\n\t\t\t\t\t<\/div>\n\t\t<\/section>\n\t\t\t\t<section class=\"elementor-section elementor-top-section elementor-element elementor-element-ce23e68 elementor-section-boxed elementor-section-height-default elementor-section-height-default\" data-id=\"ce23e68\" data-element_type=\"section\" data-settings=\"{&quot;_ha_eqh_enable&quot;:false}\">\n\t\t\t\t\t\t<div class=\"elementor-container elementor-column-gap-default\">\n\t\t\t\t\t<div class=\"elementor-column elementor-col-100 elementor-top-column elementor-element elementor-element-0a3520a\" data-id=\"0a3520a\" data-element_type=\"column\">\n\t\t\t<div class=\"elementor-widget-wrap elementor-element-populated\">\n\t\t\t\t\t\t<div class=\"elementor-element elementor-element-7f874f7 elementor-widget elementor-widget-text-editor\" data-id=\"7f874f7\" data-element_type=\"widget\" data-widget_type=\"text-editor.default\">\n\t\t\t\t<div class=\"elementor-widget-container\">\n\t\t\t\t\t\t\t<p>Se tem uma coisa que enche a gente de orgulho, \u00e9 a criatividade dos arquitetos e designers de interiores do\u00a0<a href=\"http:\/\/morarmais.com.br\/mms\/\" target=\"_blank\" rel=\"noopener\">Morar Mais<\/a>. Todos os anos, os profissionais participantes nos presenteiam com ideias criativas, inusitadas e que cabem no bolso, para as mais diversas fun\u00e7\u00f5es, que podem ser facilmente reproduzidas! Hoje, vamos apresentar <strong>nove lumin\u00e1rias criativas incr\u00edveis<\/strong> que voc\u00ea pode fazer at\u00e9 mesmo com o que j\u00e1 tem em casa, com pregadores de roupa, fitas cassete, copos descart\u00e1veis, funil de cozinha, peneira de obra&#8230; vamos l\u00e1!<\/p>\t\t\t\t\t\t<\/div>\n\t\t\t\t<\/div>\n\t\t\t\t\t<\/div>\n\t\t<\/div>\n\t\t\t\t\t<\/div>\n\t\t<\/section>\n\t\t\t\t<section class=\"elementor-section elementor-top-section elementor-element elementor-element-d6ac59e elementor-reverse-tablet elementor-section-boxed elementor-section-height-default elementor-section-height-default\" data-id=\"d6ac59e\" data-element_type=\"section\" data-settings=\"{&quot;_ha_eqh_enable&quot;:false}\">\n\t\t\t\t\t\t<div class=\"elementor-container elementor-column-gap-default\">\n\t\t\t\t\t<div class=\"elementor-column elementor-col-50 elementor-top-column elementor-element elementor-element-0e29ad9\" data-id=\"0e29ad9\" data-element_type=\"column\">\n\t\t\t<div class=\"elementor-widget-wrap elementor-element-populated\">\n\t\t\t\t\t\t<div class=\"elementor-element elementor-element-6ec0b2a elementor-widget elementor-widget-image\" data-id=\"6ec0b2a\" data-element_type=\"widget\" data-widget_type=\"image.default\">\n\t\t\t\t<div class=\"elementor-widget-container\">\n\t\t\t\t\t\t\t\t\t\t\t\t\t\t<a href=\"https:\/\/morarmais.com.br\/mms\/wp-content\/uploads\/2020\/05\/1-ESTU\u0301DIO-DO-RAPAZ-por-Danielle-Boggiss-e-Marcia-Magalha\u0303es-lumina\u0301ria-pendente-com-cu\u0301pula-feita-de-pregadores-de-madeira-MM-RIO-2013.jpg\" data-elementor-open-lightbox=\"yes\" data-elementor-lightbox-title=\"1-ESTU\u0301DIO-DO-RAPAZ-por-Danielle-Boggiss-e-Marcia-Magalha\u0303es-lumina\u0301ria-pendente-com-cu\u0301pula-feita-de-pregadores-de-madeira-MM-RIO-2013\" data-e-action-hash=\"#elementor-action%3Aaction%3Dlightbox%26settings%3DeyJpZCI6MzU4MCwidXJsIjoiaHR0cHM6XC9cL21vcmFybWFpcy5jb20uYnJcL21tc1wvd3AtY29udGVudFwvdXBsb2Fkc1wvMjAyMFwvMDVcLzEtRVNUVVx1MDMwMURJTy1ETy1SQVBBWi1wb3ItRGFuaWVsbGUtQm9nZ2lzcy1lLU1hcmNpYS1NYWdhbGhhXHUwMzAzZXMtbHVtaW5hXHUwMzAxcmlhLXBlbmRlbnRlLWNvbS1jdVx1MDMwMXB1bGEtZmVpdGEtZGUtcHJlZ2Fkb3Jlcy1kZS1tYWRlaXJhLU1NLVJJTy0yMDEzLmpwZyJ9\">\n\t\t\t\t\t\t\t<img fetchpriority=\"high\" decoding=\"async\" width=\"768\" height=\"1024\" src=\"https:\/\/morarmais.com.br\/mms\/wp-content\/uploads\/2020\/05\/1-ESTU\u0301DIO-DO-RAPAZ-por-Danielle-Boggiss-e-Marcia-Magalha\u0303es-lumina\u0301ria-pendente-com-cu\u0301pula-feita-de-pregadores-de-madeira-MM-RIO-2013.jpg\" class=\"attachment-large size-large wp-image-3580\" alt=\"\" srcset=\"https:\/\/morarmais.com.br\/mms\/wp-content\/uploads\/2020\/05\/1-ESTU\u0301DIO-DO-RAPAZ-por-Danielle-Boggiss-e-Marcia-Magalha\u0303es-lumina\u0301ria-pendente-com-cu\u0301pula-feita-de-pregadores-de-madeira-MM-RIO-2013.jpg 768w, https:\/\/morarmais.com.br\/mms\/wp-content\/uploads\/2020\/05\/1-ESTU\u0301DIO-DO-RAPAZ-por-Danielle-Boggiss-e-Marcia-Magalha\u0303es-lumina\u0301ria-pendente-com-cu\u0301pula-feita-de-pregadores-de-madeira-MM-RIO-2013-225x300.jpg 225w, https:\/\/morarmais.com.br\/mms\/wp-content\/uploads\/2020\/05\/1-ESTU\u0301DIO-DO-RAPAZ-por-Danielle-Boggiss-e-Marcia-Magalha\u0303es-lumina\u0301ria-pendente-com-cu\u0301pula-feita-de-pregadores-de-madeira-MM-RIO-2013-350x467.jpg 350w\" sizes=\"(max-width: 768px) 100vw, 768px\" \/>\t\t\t\t\t\t\t\t<\/a>\n\t\t\t\t\t\t\t\t\t\t\t\t\t<\/div>\n\t\t\t\t<\/div>\n\t\t\t\t\t<\/div>\n\t\t<\/div>\n\t\t\t\t<div class=\"elementor-column elementor-col-50 elementor-top-column elementor-element elementor-element-d154361\" data-id=\"d154361\" data-element_type=\"column\">\n\t\t\t<div class=\"elementor-widget-wrap elementor-element-populated\">\n\t\t\t\t\t\t<div class=\"elementor-element elementor-element-613a2ae elementor-widget elementor-widget-text-editor\" data-id=\"613a2ae\" data-element_type=\"widget\" data-widget_type=\"text-editor.default\">\n\t\t\t\t<div class=\"elementor-widget-container\">\n\t\t\t\t\t\t\t<p><!-- wp:paragraph --><\/p>\n<p><strong>PREGADORES DE MADEIRA<\/strong><\/p>\n<p><!-- \/wp:paragraph --><!-- wp:paragraph {\"align\":\"justify\"} --><\/p>\n<p class=\"has-text-align-justify\">Que tal usar pregadores madeira, desses de pendurar a roupa no varal, para criar uma lumin\u00e1ria pendente super descolada? Essa foi a ideia de&nbsp;<a href=\"http:\/\/www.instagram.com\/daniboggiss_interiores\" target=\"_blank\">Danielle Boggiss<\/a><strong>&nbsp;<\/strong>e<strong>&nbsp;<\/strong><a href=\"http:\/\/www.instagram.com\/marciagsmagalhaes\" target=\"_blank\">Marcia Magalh\u00e3es<\/a>&nbsp;para criar uma ilumina\u00e7\u00e3o suave e irreverente para o <strong>Est\u00fadio do Rapaz<\/strong>, no&nbsp;<a href=\"http:\/\/www.instagram.com\/morarmaisrio\" target=\"_blank\">Morar Mais Rio<\/a>. Basta criar duas estruturas de arame quadradas, com cerca de 2cm de diferen\u00e7a de uma para a outra, e preenche-las com os pregadores.<\/p>\n<p><!-- \/wp:paragraph --><\/p>\t\t\t\t\t\t<\/div>\n\t\t\t\t<\/div>\n\t\t\t\t\t<\/div>\n\t\t<\/div>\n\t\t\t\t\t<\/div>\n\t\t<\/section>\n\t\t\t\t<section class=\"elementor-section elementor-top-section elementor-element elementor-element-9b16755 elementor-section-boxed elementor-section-height-default elementor-section-height-default\" data-id=\"9b16755\" data-element_type=\"section\" data-settings=\"{&quot;_ha_eqh_enable&quot;:false}\">\n\t\t\t\t\t\t<div class=\"elementor-container elementor-column-gap-default\">\n\t\t\t\t\t<div class=\"elementor-column elementor-col-50 elementor-top-column elementor-element elementor-element-8a9a5f2\" data-id=\"8a9a5f2\" data-element_type=\"column\">\n\t\t\t<div class=\"elementor-widget-wrap elementor-element-populated\">\n\t\t\t\t\t\t<div class=\"elementor-element elementor-element-3ea24c5 elementor-widget elementor-widget-image\" data-id=\"3ea24c5\" data-element_type=\"widget\" data-widget_type=\"image.default\">\n\t\t\t\t<div class=\"elementor-widget-container\">\n\t\t\t\t\t\t\t\t\t\t\t\t\t\t<a href=\"https:\/\/morarmais.com.br\/mms\/wp-content\/uploads\/2020\/05\/2-Estudio-da-Chef-de-Cozinha-Casa-e-Gourmet-Vivianne-Pontes-e-Vivi-Visentin-MMRio-2013.jpg\" data-elementor-open-lightbox=\"yes\" data-elementor-lightbox-title=\"2-Estudio-da-Chef-de-Cozinha-Casa-e-Gourmet-Vivianne-Pontes-e-Vivi-Visentin-MMRio-2013\" data-e-action-hash=\"#elementor-action%3Aaction%3Dlightbox%26settings%3DeyJpZCI6MzU4OCwidXJsIjoiaHR0cHM6XC9cL21vcmFybWFpcy5jb20uYnJcL21tc1wvd3AtY29udGVudFwvdXBsb2Fkc1wvMjAyMFwvMDVcLzItRXN0dWRpby1kYS1DaGVmLWRlLUNvemluaGEtQ2FzYS1lLUdvdXJtZXQtVml2aWFubmUtUG9udGVzLWUtVml2aS1WaXNlbnRpbi1NTVJpby0yMDEzLmpwZyJ9\">\n\t\t\t\t\t\t\t<img decoding=\"async\" width=\"682\" height=\"1024\" src=\"https:\/\/morarmais.com.br\/mms\/wp-content\/uploads\/2020\/05\/2-Estudio-da-Chef-de-Cozinha-Casa-e-Gourmet-Vivianne-Pontes-e-Vivi-Visentin-MMRio-2013.jpg\" class=\"attachment-large size-large wp-image-3588\" alt=\"\" srcset=\"https:\/\/morarmais.com.br\/mms\/wp-content\/uploads\/2020\/05\/2-Estudio-da-Chef-de-Cozinha-Casa-e-Gourmet-Vivianne-Pontes-e-Vivi-Visentin-MMRio-2013.jpg 682w, https:\/\/morarmais.com.br\/mms\/wp-content\/uploads\/2020\/05\/2-Estudio-da-Chef-de-Cozinha-Casa-e-Gourmet-Vivianne-Pontes-e-Vivi-Visentin-MMRio-2013-200x300.jpg 200w, https:\/\/morarmais.com.br\/mms\/wp-content\/uploads\/2020\/05\/2-Estudio-da-Chef-de-Cozinha-Casa-e-Gourmet-Vivianne-Pontes-e-Vivi-Visentin-MMRio-2013-350x526.jpg 350w\" sizes=\"(max-width: 682px) 100vw, 682px\" \/>\t\t\t\t\t\t\t\t<\/a>\n\t\t\t\t\t\t\t\t\t\t\t\t\t<\/div>\n\t\t\t\t<\/div>\n\t\t\t\t\t<\/div>\n\t\t<\/div>\n\t\t\t\t<div class=\"elementor-column elementor-col-50 elementor-top-column elementor-element elementor-element-e889aeb\" data-id=\"e889aeb\" data-element_type=\"column\">\n\t\t\t<div class=\"elementor-widget-wrap elementor-element-populated\">\n\t\t\t\t\t\t<div class=\"elementor-element elementor-element-4f5f473 elementor-widget elementor-widget-text-editor\" data-id=\"4f5f473\" data-element_type=\"widget\" data-widget_type=\"text-editor.default\">\n\t\t\t\t<div class=\"elementor-widget-container\">\n\t\t\t\t\t\t\t<p><!-- wp:paragraph --><\/p>\n<p><!-- wp:paragraph --><\/p>\n<p><strong>FUNIL DE PL\u00c1STICO<\/strong><\/p>\n<p><!-- \/wp:paragraph --> <!-- wp:paragraph {\"align\":\"justify\"} --><\/p>\n<p class=\"has-text-align-justify\">No <strong>Est\u00fadio da Chef de Cozinha Casa e Gourmet<\/strong>, do\u00a0<a href=\"http:\/\/www.instagram.com\/morarmaisrio\" target=\"_blank\" rel=\"noopener\">Morar Mais Rio<\/a>,\u00a0<a href=\"http:\/\/www.instagram.com\/dcoracao\" target=\"_blank\" rel=\"noopener\">Vivianne Pontes<\/a><strong>\u00a0e\u00a0<\/strong><a href=\"http:\/\/www.instagram.com\/vividecorviva\" target=\"_blank\" rel=\"noopener\">Vivi Visentin<\/a>\u00a0levaram para a decora\u00e7\u00e3o v\u00e1rias refer\u00eancias ao universo gastron\u00f4mico. Aqui, o lustre da mesa de jantar \u00e9 feito a partir de v\u00e1rios pendentes com \u201cc\u00fapula\u201d de funil pl\u00e1stico! O fio de alimenta\u00e7\u00e3o entra pela parte mais estreita do funil e s\u00f3 ent\u00e3o \u00e9 conectado ao bocal com a l\u00e2mpada. Pintados com tinta spray na cor bronze, fica at\u00e9 dif\u00edcil reconhecer o utens\u00edlio, n\u00e3o \u00e9 mesmo?\u00a0<\/p>\n<p><!-- \/wp:paragraph --><\/p>\n<p><!-- \/wp:paragraph --><\/p>\t\t\t\t\t\t<\/div>\n\t\t\t\t<\/div>\n\t\t\t\t\t<\/div>\n\t\t<\/div>\n\t\t\t\t\t<\/div>\n\t\t<\/section>\n\t\t\t\t<section class=\"elementor-section elementor-top-section elementor-element elementor-element-bda2baf elementor-section-boxed elementor-section-height-default elementor-section-height-default\" data-id=\"bda2baf\" data-element_type=\"section\" data-settings=\"{&quot;_ha_eqh_enable&quot;:false}\">\n\t\t\t\t\t\t<div class=\"elementor-container elementor-column-gap-default\">\n\t\t\t\t\t<div class=\"elementor-column elementor-col-50 elementor-top-column elementor-element elementor-element-767ba59\" data-id=\"767ba59\" data-element_type=\"column\">\n\t\t\t<div class=\"elementor-widget-wrap elementor-element-populated\">\n\t\t\t\t\t\t<div class=\"elementor-element elementor-element-6b79214 elementor-widget elementor-widget-image\" data-id=\"6b79214\" data-element_type=\"widget\" data-widget_type=\"image.default\">\n\t\t\t\t<div class=\"elementor-widget-container\">\n\t\t\t\t\t\t\t\t\t\t\t\t\t\t<a href=\"https:\/\/morarmais.com.br\/mms\/wp-content\/uploads\/2020\/05\/3-Lumina\u0301ria-de-mesa-feita-com-fitas-k7-pela-dupla-Ana-Lu\u0301cia-Danello-e-Va\u0302nia-Lu\u0301cia-Guerreiro-Quarto-da-Jogadora-de-Vo\u0302lei-MM-RIO-2014.jpg\" data-elementor-open-lightbox=\"yes\" data-elementor-lightbox-title=\"3-Lumina\u0301ria-de-mesa-feita-com-fitas-k7-pela-dupla-Ana-Lu\u0301cia-Danello-e-Va\u0302nia-Lu\u0301cia-Guerreiro-Quarto-da-Jogadora-de-Vo\u0302lei-MM-RIO-2014\" data-e-action-hash=\"#elementor-action%3Aaction%3Dlightbox%26settings%3DeyJpZCI6MzU5MiwidXJsIjoiaHR0cHM6XC9cL21vcmFybWFpcy5jb20uYnJcL21tc1wvd3AtY29udGVudFwvdXBsb2Fkc1wvMjAyMFwvMDVcLzMtTHVtaW5hXHUwMzAxcmlhLWRlLW1lc2EtZmVpdGEtY29tLWZpdGFzLWs3LXBlbGEtZHVwbGEtQW5hLUx1XHUwMzAxY2lhLURhbmVsbG8tZS1WYVx1MDMwMm5pYS1MdVx1MDMwMWNpYS1HdWVycmVpcm8tUXVhcnRvLWRhLUpvZ2Fkb3JhLWRlLVZvXHUwMzAybGVpLU1NLVJJTy0yMDE0LmpwZyJ9\">\n\t\t\t\t\t\t\t<img decoding=\"async\" width=\"768\" height=\"1024\" src=\"https:\/\/morarmais.com.br\/mms\/wp-content\/uploads\/2020\/05\/3-Lumina\u0301ria-de-mesa-feita-com-fitas-k7-pela-dupla-Ana-Lu\u0301cia-Danello-e-Va\u0302nia-Lu\u0301cia-Guerreiro-Quarto-da-Jogadora-de-Vo\u0302lei-MM-RIO-2014.jpg\" class=\"attachment-large size-large wp-image-3592\" alt=\"\" srcset=\"https:\/\/morarmais.com.br\/mms\/wp-content\/uploads\/2020\/05\/3-Lumina\u0301ria-de-mesa-feita-com-fitas-k7-pela-dupla-Ana-Lu\u0301cia-Danello-e-Va\u0302nia-Lu\u0301cia-Guerreiro-Quarto-da-Jogadora-de-Vo\u0302lei-MM-RIO-2014.jpg 768w, https:\/\/morarmais.com.br\/mms\/wp-content\/uploads\/2020\/05\/3-Lumina\u0301ria-de-mesa-feita-com-fitas-k7-pela-dupla-Ana-Lu\u0301cia-Danello-e-Va\u0302nia-Lu\u0301cia-Guerreiro-Quarto-da-Jogadora-de-Vo\u0302lei-MM-RIO-2014-225x300.jpg 225w, https:\/\/morarmais.com.br\/mms\/wp-content\/uploads\/2020\/05\/3-Lumina\u0301ria-de-mesa-feita-com-fitas-k7-pela-dupla-Ana-Lu\u0301cia-Danello-e-Va\u0302nia-Lu\u0301cia-Guerreiro-Quarto-da-Jogadora-de-Vo\u0302lei-MM-RIO-2014-350x467.jpg 350w\" sizes=\"(max-width: 768px) 100vw, 768px\" \/>\t\t\t\t\t\t\t\t<\/a>\n\t\t\t\t\t\t\t\t\t\t\t\t\t<\/div>\n\t\t\t\t<\/div>\n\t\t\t\t\t<\/div>\n\t\t<\/div>\n\t\t\t\t<div class=\"elementor-column elementor-col-50 elementor-top-column elementor-element elementor-element-0a748a2\" data-id=\"0a748a2\" data-element_type=\"column\">\n\t\t\t<div class=\"elementor-widget-wrap elementor-element-populated\">\n\t\t\t\t\t\t<div class=\"elementor-element elementor-element-97ac6be elementor-widget elementor-widget-text-editor\" data-id=\"97ac6be\" data-element_type=\"widget\" data-widget_type=\"text-editor.default\">\n\t\t\t\t<div class=\"elementor-widget-container\">\n\t\t\t\t\t\t\t<p><!-- wp:paragraph --><\/p>\n<p><!-- wp:paragraph --><\/p>\n<p><!-- wp:paragraph --><\/p>\n<p><strong>FITAS K7<\/strong><\/p>\n<p><!-- \/wp:paragraph --> <!-- wp:paragraph {\"align\":\"justify\"} --><\/p>\n<p class=\"has-text-align-justify\">Um abajur super diferente e com um toque de nostalgia! Quem guardou aquelas fitas cassete antigas pode se inspirar nesta lumin\u00e1ria de mesa criada por\u00a0<a href=\"http:\/\/www.instagram.com\/aldanello\" target=\"_blank\" rel=\"noopener\">Ana L\u00facia Danello<\/a><strong>\u00a0<\/strong>e<strong>\u00a0<\/strong><a href=\"http:\/\/www.instagram.com\/vanialguerreiro\" target=\"_blank\" rel=\"noopener\">V\u00e2nia L\u00facia Guerreiro<\/a>\u00a0para o <strong>Quarto da Jogadora de V\u00f4lei<\/strong>, do\u00a0<a href=\"http:\/\/www.instagram.com\/morarmaisrio\" target=\"_blank\" rel=\"noopener\">Morar Mais Rio<\/a>. Para fazer essa pe\u00e7a, as profissionais retiraram a fita magn\u00e9tica, mantendo apenas a caixa pl\u00e1stica. As pe\u00e7as foram unidas por bra\u00e7adeiras e presas a uma base de mdf, onde est\u00e3o instalados o bocal e a l\u00e2mpada. Duas fitas desmontadas formam os p\u00e9s da nova lumin\u00e1ria. Pronto!<\/p>\n<p><!-- \/wp:paragraph --><\/p>\n<p><!-- \/wp:paragraph --><\/p>\n<p><!-- \/wp:paragraph --><\/p>\t\t\t\t\t\t<\/div>\n\t\t\t\t<\/div>\n\t\t\t\t\t<\/div>\n\t\t<\/div>\n\t\t\t\t\t<\/div>\n\t\t<\/section>\n\t\t\t\t<section class=\"elementor-section elementor-top-section elementor-element elementor-element-f634f9f elementor-section-boxed elementor-section-height-default elementor-section-height-default\" data-id=\"f634f9f\" data-element_type=\"section\" data-settings=\"{&quot;_ha_eqh_enable&quot;:false}\">\n\t\t\t\t\t\t<div class=\"elementor-container elementor-column-gap-default\">\n\t\t\t\t\t<div class=\"elementor-column elementor-col-50 elementor-top-column elementor-element elementor-element-0837988\" data-id=\"0837988\" data-element_type=\"column\">\n\t\t\t<div class=\"elementor-widget-wrap elementor-element-populated\">\n\t\t\t\t\t\t<div class=\"elementor-element elementor-element-e2910a3 elementor-widget elementor-widget-image\" data-id=\"e2910a3\" data-element_type=\"widget\" data-widget_type=\"image.default\">\n\t\t\t\t<div class=\"elementor-widget-container\">\n\t\t\t\t\t\t\t\t\t\t\t\t\t\t<a href=\"https:\/\/morarmais.com.br\/mms\/wp-content\/uploads\/2020\/05\/4-CINE-ALPENDRE-por-Ceci\u0301lia-Carvalho-@obree.arq-e-Sandra-Salazar-@sandrasalazar17-\u2013-MMBH2019-2.jpg\" data-elementor-open-lightbox=\"yes\" data-elementor-lightbox-title=\"4-CINE-ALPENDRE-por-Ceci\u0301lia-Carvalho-@obree.arq-e-Sandra-Salazar-@sandrasalazar17-\u2013-MMBH2019-2\" data-e-action-hash=\"#elementor-action%3Aaction%3Dlightbox%26settings%3DeyJpZCI6MzU5NCwidXJsIjoiaHR0cHM6XC9cL21vcmFybWFpcy5jb20uYnJcL21tc1wvd3AtY29udGVudFwvdXBsb2Fkc1wvMjAyMFwvMDVcLzQtQ0lORS1BTFBFTkRSRS1wb3ItQ2VjaVx1MDMwMWxpYS1DYXJ2YWxoby1Ab2JyZWUuYXJxLWUtU2FuZHJhLVNhbGF6YXItQHNhbmRyYXNhbGF6YXIxNy1cdTIwMTMtTU1CSDIwMTktMi5qcGcifQ%3D%3D\">\n\t\t\t\t\t\t\t<img loading=\"lazy\" decoding=\"async\" width=\"683\" height=\"1024\" src=\"https:\/\/morarmais.com.br\/mms\/wp-content\/uploads\/2020\/05\/4-CINE-ALPENDRE-por-Ceci\u0301lia-Carvalho-@obree.arq-e-Sandra-Salazar-@sandrasalazar17-\u2013-MMBH2019-2.jpg\" class=\"attachment-large size-large wp-image-3594\" alt=\"\" srcset=\"https:\/\/morarmais.com.br\/mms\/wp-content\/uploads\/2020\/05\/4-CINE-ALPENDRE-por-Ceci\u0301lia-Carvalho-@obree.arq-e-Sandra-Salazar-@sandrasalazar17-\u2013-MMBH2019-2.jpg 683w, https:\/\/morarmais.com.br\/mms\/wp-content\/uploads\/2020\/05\/4-CINE-ALPENDRE-por-Ceci\u0301lia-Carvalho-@obree.arq-e-Sandra-Salazar-@sandrasalazar17-\u2013-MMBH2019-2-200x300.jpg 200w, https:\/\/morarmais.com.br\/mms\/wp-content\/uploads\/2020\/05\/4-CINE-ALPENDRE-por-Ceci\u0301lia-Carvalho-@obree.arq-e-Sandra-Salazar-@sandrasalazar17-\u2013-MMBH2019-2-350x525.jpg 350w\" sizes=\"(max-width: 683px) 100vw, 683px\" \/>\t\t\t\t\t\t\t\t<\/a>\n\t\t\t\t\t\t\t\t\t\t\t\t\t<\/div>\n\t\t\t\t<\/div>\n\t\t\t\t\t<\/div>\n\t\t<\/div>\n\t\t\t\t<div class=\"elementor-column elementor-col-50 elementor-top-column elementor-element elementor-element-4ec1354\" data-id=\"4ec1354\" data-element_type=\"column\">\n\t\t\t<div class=\"elementor-widget-wrap elementor-element-populated\">\n\t\t\t\t\t\t<div class=\"elementor-element elementor-element-7b87dba elementor-widget elementor-widget-text-editor\" data-id=\"7b87dba\" data-element_type=\"widget\" data-widget_type=\"text-editor.default\">\n\t\t\t\t<div class=\"elementor-widget-container\">\n\t\t\t\t\t\t\t<p><!-- wp:paragraph --><\/p>\n<p><!-- wp:paragraph --><\/p>\n<p><!-- wp:paragraph --><\/p>\n<p><!-- wp:paragraph --><\/p>\n<p><strong>PENEIRAS DE PALHA<\/strong><\/p>\n<p><!-- \/wp:paragraph --> <!-- wp:paragraph {\"align\":\"justify\"} --><\/p>\n<p class=\"has-text-align-justify\">Uma ilumina\u00e7\u00e3o delicada e rom\u00e2ntica no cinema ao ar livre! No <strong>Cine Alpendre<\/strong>, espa\u00e7o assinado por\u00a0<a href=\"http:\/\/www.instagram.com\/obree.arq\" target=\"_blank\" rel=\"noopener\">Cec\u00edlia Carvalho<\/a>\u00a0e\u00a0<a href=\"http:\/\/www.instagram.com\/sandrasalazar17\">Sandra Salazar<\/a>\u00a0para o\u00a0<a href=\"http:\/\/www.instagram.com\/morarmaisbh\" target=\"_blank\" rel=\"noopener\">Morar Mais Belo Horizonte<\/a>, o delicado jogo de pendentes, em diferentes alturas, \u00e9 feito a partir de peneiras de palha unidas de duas em duas, como um \u201csandu\u00edche\u201d. A l\u00e2mpada fria amarela d\u00e1 um toque mais acolhedor \u00e0 ilumina\u00e7\u00e3o.<!-- \/wp:paragraph --><\/p>\n<p><!-- \/wp:paragraph --><\/p>\n<p><!-- \/wp:paragraph --><\/p>\n<p><!-- \/wp:paragraph --><\/p>\t\t\t\t\t\t<\/div>\n\t\t\t\t<\/div>\n\t\t\t\t\t<\/div>\n\t\t<\/div>\n\t\t\t\t\t<\/div>\n\t\t<\/section>\n\t\t\t\t<section class=\"elementor-section elementor-top-section elementor-element elementor-element-357c139 elementor-section-boxed elementor-section-height-default elementor-section-height-default\" data-id=\"357c139\" data-element_type=\"section\" data-settings=\"{&quot;_ha_eqh_enable&quot;:false}\">\n\t\t\t\t\t\t<div class=\"elementor-container elementor-column-gap-default\">\n\t\t\t\t\t<div class=\"elementor-column elementor-col-50 elementor-top-column elementor-element elementor-element-a3b3396\" data-id=\"a3b3396\" data-element_type=\"column\">\n\t\t\t<div class=\"elementor-widget-wrap elementor-element-populated\">\n\t\t\t\t\t\t<div class=\"elementor-element elementor-element-559b858 elementor-widget elementor-widget-image\" data-id=\"559b858\" data-element_type=\"widget\" data-widget_type=\"image.default\">\n\t\t\t\t<div class=\"elementor-widget-container\">\n\t\t\t\t\t\t\t\t\t\t\t\t\t\t<a href=\"https:\/\/morarmais.com.br\/mms\/wp-content\/uploads\/2020\/05\/5-Peneira-de-obra-usada-como-bastidor-vira-uma-lumina\u0301ria-designer-de-int-Natasha-Betts-que-assina-a-loja-Andrea-B-MM-Rio.jpg\" data-elementor-open-lightbox=\"yes\" data-elementor-lightbox-title=\"5 - Peneira de obra usada como bastidor vira uma lumina\u0301ria designer de int Natasha Betts, que assina a loja Andrea B MM Rio\" data-e-action-hash=\"#elementor-action%3Aaction%3Dlightbox%26settings%3DeyJpZCI6MzU5NywidXJsIjoiaHR0cHM6XC9cL21vcmFybWFpcy5jb20uYnJcL21tc1wvd3AtY29udGVudFwvdXBsb2Fkc1wvMjAyMFwvMDVcLzUtUGVuZWlyYS1kZS1vYnJhLXVzYWRhLWNvbW8tYmFzdGlkb3ItdmlyYS11bWEtbHVtaW5hXHUwMzAxcmlhLWRlc2lnbmVyLWRlLWludC1OYXRhc2hhLUJldHRzLXF1ZS1hc3NpbmEtYS1sb2phLUFuZHJlYS1CLU1NLVJpby5qcGcifQ%3D%3D\">\n\t\t\t\t\t\t\t<img loading=\"lazy\" decoding=\"async\" width=\"768\" height=\"1024\" src=\"https:\/\/morarmais.com.br\/mms\/wp-content\/uploads\/2020\/05\/5-Peneira-de-obra-usada-como-bastidor-vira-uma-lumina\u0301ria-designer-de-int-Natasha-Betts-que-assina-a-loja-Andrea-B-MM-Rio.jpg\" class=\"attachment-large size-large wp-image-3597\" alt=\"\" srcset=\"https:\/\/morarmais.com.br\/mms\/wp-content\/uploads\/2020\/05\/5-Peneira-de-obra-usada-como-bastidor-vira-uma-lumina\u0301ria-designer-de-int-Natasha-Betts-que-assina-a-loja-Andrea-B-MM-Rio.jpg 768w, https:\/\/morarmais.com.br\/mms\/wp-content\/uploads\/2020\/05\/5-Peneira-de-obra-usada-como-bastidor-vira-uma-lumina\u0301ria-designer-de-int-Natasha-Betts-que-assina-a-loja-Andrea-B-MM-Rio-225x300.jpg 225w, https:\/\/morarmais.com.br\/mms\/wp-content\/uploads\/2020\/05\/5-Peneira-de-obra-usada-como-bastidor-vira-uma-lumina\u0301ria-designer-de-int-Natasha-Betts-que-assina-a-loja-Andrea-B-MM-Rio-350x467.jpg 350w\" sizes=\"(max-width: 768px) 100vw, 768px\" \/>\t\t\t\t\t\t\t\t<\/a>\n\t\t\t\t\t\t\t\t\t\t\t\t\t<\/div>\n\t\t\t\t<\/div>\n\t\t\t\t\t<\/div>\n\t\t<\/div>\n\t\t\t\t<div class=\"elementor-column elementor-col-50 elementor-top-column elementor-element elementor-element-7a79ad1\" data-id=\"7a79ad1\" data-element_type=\"column\">\n\t\t\t<div class=\"elementor-widget-wrap elementor-element-populated\">\n\t\t\t\t\t\t<div class=\"elementor-element elementor-element-1157187 elementor-widget elementor-widget-text-editor\" data-id=\"1157187\" data-element_type=\"widget\" data-widget_type=\"text-editor.default\">\n\t\t\t\t<div class=\"elementor-widget-container\">\n\t\t\t\t\t\t\t<p><!-- wp:paragraph --><\/p>\n<p><!-- wp:paragraph --><\/p>\n<p><!-- wp:paragraph --><\/p>\n<p><!-- wp:paragraph --><\/p>\n<p><!-- wp:paragraph --><\/p>\n<p><strong>PENEIRA DE OBRA 1<\/strong><\/p>\n<p><!-- \/wp:paragraph --> <!-- wp:paragraph {\"align\":\"justify\"} --><\/p>\n<p class=\"has-text-align-justify\">Uma lumin\u00e1ria de parede personalizada e encantadora! A designer de interiores\u00a0<a href=\"http:\/\/www.instagram.com\/natashabetts\" target=\"_blank\" rel=\"noopener\">Natasha Betts<\/a>, que assinou a decora\u00e7\u00e3o da <strong>Loja Andrea B <\/strong>para o\u00a0<a href=\"http:\/\/www.instagram.com\/morarmaisrio\" target=\"_blank\" rel=\"noopener\">Morar Mais Rio<\/a>, usou uma peneira de obra como bastidor de bordado, transformando-a em uma charmosa arandela. Neste caso, o bordado precisa ocultar a l\u00e2mpada, que fica presa na parte de tr\u00e1s da peneira. Use um fio revestido em tecido para deixar sua lumin\u00e1ria ainda mais bonita!<\/p>\n<p><!-- \/wp:paragraph --><\/p>\n<p class=\"has-text-align-justify\"><!-- \/wp:paragraph --><\/p>\n<p><!-- \/wp:paragraph --><\/p>\n<p><!-- \/wp:paragraph --><\/p>\n<p><!-- \/wp:paragraph --><\/p>\t\t\t\t\t\t<\/div>\n\t\t\t\t<\/div>\n\t\t\t\t\t<\/div>\n\t\t<\/div>\n\t\t\t\t\t<\/div>\n\t\t<\/section>\n\t\t\t\t<section class=\"elementor-section elementor-top-section elementor-element elementor-element-9a32ddc elementor-section-boxed elementor-section-height-default elementor-section-height-default\" data-id=\"9a32ddc\" data-element_type=\"section\" data-settings=\"{&quot;_ha_eqh_enable&quot;:false}\">\n\t\t\t\t\t\t<div class=\"elementor-container elementor-column-gap-default\">\n\t\t\t\t\t<div class=\"elementor-column elementor-col-50 elementor-top-column elementor-element elementor-element-a22efde\" data-id=\"a22efde\" data-element_type=\"column\">\n\t\t\t<div class=\"elementor-widget-wrap elementor-element-populated\">\n\t\t\t\t\t\t<div class=\"elementor-element elementor-element-3853f60 elementor-widget elementor-widget-image\" data-id=\"3853f60\" data-element_type=\"widget\" data-widget_type=\"image.default\">\n\t\t\t\t<div class=\"elementor-widget-container\">\n\t\t\t\t\t\t\t\t\t\t\t\t\t\t<a href=\"https:\/\/morarmais.com.br\/mms\/wp-content\/uploads\/2020\/05\/6-ESTAR-CARIOCA-seis-peneiras-de-obra-foram-transformadas-em-lumina\u0301rias-suspensas-Ana-Cano-E\u0301rica-Saraiva-e-Lavi\u0301nia-Jobim-MM-Rio-2015.jpg\" data-elementor-open-lightbox=\"yes\" data-elementor-lightbox-title=\"6-ESTAR-CARIOCA-seis-peneiras-de-obra-foram-transformadas-em-lumina\u0301rias-suspensas-Ana-Cano-E\u0301rica-Saraiva-e-Lavi\u0301nia-Jobim-MM-Rio-2015\" data-e-action-hash=\"#elementor-action%3Aaction%3Dlightbox%26settings%3DeyJpZCI6MzU5OCwidXJsIjoiaHR0cHM6XC9cL21vcmFybWFpcy5jb20uYnJcL21tc1wvd3AtY29udGVudFwvdXBsb2Fkc1wvMjAyMFwvMDVcLzYtRVNUQVItQ0FSSU9DQS1zZWlzLXBlbmVpcmFzLWRlLW9icmEtZm9yYW0tdHJhbnNmb3JtYWRhcy1lbS1sdW1pbmFcdTAzMDFyaWFzLXN1c3BlbnNhcy1BbmEtQ2Fuby1FXHUwMzAxcmljYS1TYXJhaXZhLWUtTGF2aVx1MDMwMW5pYS1Kb2JpbS1NTS1SaW8tMjAxNS5qcGcifQ%3D%3D\">\n\t\t\t\t\t\t\t<img loading=\"lazy\" decoding=\"async\" width=\"683\" height=\"1024\" src=\"https:\/\/morarmais.com.br\/mms\/wp-content\/uploads\/2020\/05\/6-ESTAR-CARIOCA-seis-peneiras-de-obra-foram-transformadas-em-lumina\u0301rias-suspensas-Ana-Cano-E\u0301rica-Saraiva-e-Lavi\u0301nia-Jobim-MM-Rio-2015.jpg\" class=\"attachment-large size-large wp-image-3598\" alt=\"\" srcset=\"https:\/\/morarmais.com.br\/mms\/wp-content\/uploads\/2020\/05\/6-ESTAR-CARIOCA-seis-peneiras-de-obra-foram-transformadas-em-lumina\u0301rias-suspensas-Ana-Cano-E\u0301rica-Saraiva-e-Lavi\u0301nia-Jobim-MM-Rio-2015.jpg 683w, https:\/\/morarmais.com.br\/mms\/wp-content\/uploads\/2020\/05\/6-ESTAR-CARIOCA-seis-peneiras-de-obra-foram-transformadas-em-lumina\u0301rias-suspensas-Ana-Cano-E\u0301rica-Saraiva-e-Lavi\u0301nia-Jobim-MM-Rio-2015-200x300.jpg 200w, https:\/\/morarmais.com.br\/mms\/wp-content\/uploads\/2020\/05\/6-ESTAR-CARIOCA-seis-peneiras-de-obra-foram-transformadas-em-lumina\u0301rias-suspensas-Ana-Cano-E\u0301rica-Saraiva-e-Lavi\u0301nia-Jobim-MM-Rio-2015-350x525.jpg 350w\" sizes=\"(max-width: 683px) 100vw, 683px\" \/>\t\t\t\t\t\t\t\t<\/a>\n\t\t\t\t\t\t\t\t\t\t\t\t\t<\/div>\n\t\t\t\t<\/div>\n\t\t\t\t\t<\/div>\n\t\t<\/div>\n\t\t\t\t<div class=\"elementor-column elementor-col-50 elementor-top-column elementor-element elementor-element-01656f3\" data-id=\"01656f3\" data-element_type=\"column\">\n\t\t\t<div class=\"elementor-widget-wrap elementor-element-populated\">\n\t\t\t\t\t\t<div class=\"elementor-element elementor-element-588c60c elementor-widget elementor-widget-text-editor\" data-id=\"588c60c\" data-element_type=\"widget\" data-widget_type=\"text-editor.default\">\n\t\t\t\t<div class=\"elementor-widget-container\">\n\t\t\t\t\t\t\t<p><!-- wp:paragraph --><\/p>\n<p><!-- wp:paragraph --><\/p>\n<p><!-- wp:paragraph --><\/p>\n<p><!-- wp:paragraph --><\/p>\n<p><!-- wp:paragraph --><\/p>\n<p><!-- wp:paragraph --><\/p>\n<p><strong>PENEIRA DE OBRA 2<\/strong><\/p>\n<p><!-- \/wp:paragraph --> <!-- wp:paragraph {\"align\":\"justify\"} --><\/p>\n<p class=\"has-text-align-justify\">Outra ideia super bacana com peneiras de obra foi apresentada no <strong>Estar Carioca<\/strong>, assinado por\u00a0<a href=\"http:\/\/www.instagram.com\/ana_cano_milman\" target=\"_blank\" rel=\"noopener\">Ana Cano Milman<\/a><strong>,\u00a0<\/strong><a href=\"http:\/\/www.instagram.com\/jobimlavinia\" target=\"_blank\" rel=\"noopener\">Lav\u00ednia Jobim<\/a><strong>\u00a0<\/strong>e<strong>\u00a0<\/strong><a href=\"http:\/\/www.instagram.com\/ericasaraivadesigndeinteriores\" target=\"_blank\" rel=\"noopener\">\u00c9rica Saraiva<\/a>\u00a0para o\u00a0<a href=\"http:\/\/www.instagram.com\/morarmaisrio\" target=\"_blank\" rel=\"noopener\">Morar Mais Rio<\/a>: o trio pintou seis peneiras de obra de diferentes cores e transformou-as em lumin\u00e1rias suspensas por cabos de a\u00e7o \u2013 os fios, bocais e l\u00e2mpadas ficam aparentes, repousados sobre as peneiras. O resultado \u00e9 colorido e divertido!<!-- \/wp:paragraph --><\/p>\n<p><!-- \/wp:paragraph --><\/p>\n<p class=\"has-text-align-justify\"><!-- \/wp:paragraph --><\/p>\n<p><!-- \/wp:paragraph --><\/p>\n<p><!-- \/wp:paragraph --><\/p>\n<p><!-- \/wp:paragraph --><\/p>\t\t\t\t\t\t<\/div>\n\t\t\t\t<\/div>\n\t\t\t\t\t<\/div>\n\t\t<\/div>\n\t\t\t\t\t<\/div>\n\t\t<\/section>\n\t\t\t\t<section class=\"elementor-section elementor-top-section elementor-element elementor-element-08bb756 elementor-section-boxed elementor-section-height-default elementor-section-height-default\" data-id=\"08bb756\" data-element_type=\"section\" data-settings=\"{&quot;_ha_eqh_enable&quot;:false}\">\n\t\t\t\t\t\t<div class=\"elementor-container elementor-column-gap-default\">\n\t\t\t\t\t<div class=\"elementor-column elementor-col-50 elementor-top-column elementor-element elementor-element-886874b\" data-id=\"886874b\" data-element_type=\"column\">\n\t\t\t<div class=\"elementor-widget-wrap elementor-element-populated\">\n\t\t\t\t\t\t<div class=\"elementor-element elementor-element-74b0dfe elementor-widget elementor-widget-image\" data-id=\"74b0dfe\" data-element_type=\"widget\" data-widget_type=\"image.default\">\n\t\t\t\t<div class=\"elementor-widget-container\">\n\t\t\t\t\t\t\t\t\t\t\t\t\t\t<a href=\"https:\/\/morarmais.com.br\/mms\/wp-content\/uploads\/2020\/05\/7-BANHO-DA-GALERIA-por-Aline-Nepomuceno-Mariely-Costa-Nei-Nicolato-e-Camila-Alvarenga-@bonacciarq-\u2013-MMBH-2019-1.jpg\" data-elementor-open-lightbox=\"yes\" data-elementor-lightbox-title=\"7-BANHO-DA-GALERIA-por-Aline-Nepomuceno-Mariely-Costa-Nei-Nicolato-e-Camila-Alvarenga-@bonacciarq-\u2013-MMBH-2019-1\" data-e-action-hash=\"#elementor-action%3Aaction%3Dlightbox%26settings%3DeyJpZCI6MzU5OSwidXJsIjoiaHR0cHM6XC9cL21vcmFybWFpcy5jb20uYnJcL21tc1wvd3AtY29udGVudFwvdXBsb2Fkc1wvMjAyMFwvMDVcLzctQkFOSE8tREEtR0FMRVJJQS1wb3ItQWxpbmUtTmVwb211Y2Vuby1NYXJpZWx5LUNvc3RhLU5laS1OaWNvbGF0by1lLUNhbWlsYS1BbHZhcmVuZ2EtQGJvbmFjY2lhcnEtXHUyMDEzLU1NQkgtMjAxOS0xLmpwZyJ9\">\n\t\t\t\t\t\t\t<img loading=\"lazy\" decoding=\"async\" width=\"799\" height=\"1024\" src=\"https:\/\/morarmais.com.br\/mms\/wp-content\/uploads\/2020\/05\/7-BANHO-DA-GALERIA-por-Aline-Nepomuceno-Mariely-Costa-Nei-Nicolato-e-Camila-Alvarenga-@bonacciarq-\u2013-MMBH-2019-1.jpg\" class=\"attachment-large size-large wp-image-3599\" alt=\"\" srcset=\"https:\/\/morarmais.com.br\/mms\/wp-content\/uploads\/2020\/05\/7-BANHO-DA-GALERIA-por-Aline-Nepomuceno-Mariely-Costa-Nei-Nicolato-e-Camila-Alvarenga-@bonacciarq-\u2013-MMBH-2019-1.jpg 799w, https:\/\/morarmais.com.br\/mms\/wp-content\/uploads\/2020\/05\/7-BANHO-DA-GALERIA-por-Aline-Nepomuceno-Mariely-Costa-Nei-Nicolato-e-Camila-Alvarenga-@bonacciarq-\u2013-MMBH-2019-1-234x300.jpg 234w, https:\/\/morarmais.com.br\/mms\/wp-content\/uploads\/2020\/05\/7-BANHO-DA-GALERIA-por-Aline-Nepomuceno-Mariely-Costa-Nei-Nicolato-e-Camila-Alvarenga-@bonacciarq-\u2013-MMBH-2019-1-768x984.jpg 768w, https:\/\/morarmais.com.br\/mms\/wp-content\/uploads\/2020\/05\/7-BANHO-DA-GALERIA-por-Aline-Nepomuceno-Mariely-Costa-Nei-Nicolato-e-Camila-Alvarenga-@bonacciarq-\u2013-MMBH-2019-1-350x449.jpg 350w\" sizes=\"(max-width: 799px) 100vw, 799px\" \/>\t\t\t\t\t\t\t\t<\/a>\n\t\t\t\t\t\t\t\t\t\t\t\t\t<\/div>\n\t\t\t\t<\/div>\n\t\t\t\t\t<\/div>\n\t\t<\/div>\n\t\t\t\t<div class=\"elementor-column elementor-col-50 elementor-top-column elementor-element elementor-element-2f6cb5a\" data-id=\"2f6cb5a\" data-element_type=\"column\">\n\t\t\t<div class=\"elementor-widget-wrap elementor-element-populated\">\n\t\t\t\t\t\t<div class=\"elementor-element elementor-element-e143857 elementor-widget elementor-widget-text-editor\" data-id=\"e143857\" data-element_type=\"widget\" data-widget_type=\"text-editor.default\">\n\t\t\t\t<div class=\"elementor-widget-container\">\n\t\t\t\t\t\t\t<p><!-- wp:paragraph --><\/p>\n<p><!-- wp:paragraph --><\/p>\n<p><!-- wp:paragraph --><\/p>\n<p><!-- wp:paragraph --><\/p>\n<p><!-- wp:paragraph --><\/p>\n<p><!-- wp:paragraph --><\/p>\n<p><!-- wp:paragraph --><\/p>\n<p><strong>CABO DE VASSOURA<\/strong><\/p>\n<p><!-- \/wp:paragraph --><!-- wp:paragraph {\"align\":\"justify\"} --><\/p>\n<p class=\"has-text-align-justify\">Acredite se quiser: no <strong>Banho da Galeria<\/strong>, assinado por <strong>Aline Nepomuceno, Mariely Costa, Nei Nicolato e Camila Alvarenga<\/strong>, do escrit\u00f3rio\u00a0<a href=\"http:\/\/www.instagram.com\/bonacciarq\" target=\"_blank\" rel=\"noopener\">Bonacci Arquitetura<\/a><strong>\u00a0e Interiores<\/strong>, para o\u00a0<a href=\"http:\/\/www.instagram.com\/morarmaisbh\" target=\"_blank\" rel=\"noopener\">Morar Mais Belo Horizonte<\/a>, o lustre irreverente e descolado foi feito com cabos de vassoura! A pe\u00e7a \u00e9 composta por uma haste principal e tr\u00eas partes do cabo presas em diferentes n\u00edveis e angula\u00e7\u00f5es por parafusos e porcas-borboleta, com um bocal com l\u00e2mpada preso em uma das extremidades. O resultado \u00e9 um lustre assim\u00e9trico que confere um toque industrial imediato ao ambiente!<\/p>\n<p><!-- \/wp:paragraph --><\/p>\n<p class=\"has-text-align-justify\"><!-- \/wp:paragraph --><\/p>\n<p><!-- \/wp:paragraph --><\/p>\n<p class=\"has-text-align-justify\"><!-- \/wp:paragraph --><\/p>\n<p><!-- \/wp:paragraph --><\/p>\n<p><!-- \/wp:paragraph --><\/p>\n<p><!-- \/wp:paragraph --><\/p>\t\t\t\t\t\t<\/div>\n\t\t\t\t<\/div>\n\t\t\t\t\t<\/div>\n\t\t<\/div>\n\t\t\t\t\t<\/div>\n\t\t<\/section>\n\t\t\t\t<section class=\"elementor-section elementor-top-section elementor-element elementor-element-9885e9e elementor-section-boxed elementor-section-height-default elementor-section-height-default\" data-id=\"9885e9e\" data-element_type=\"section\" data-settings=\"{&quot;_ha_eqh_enable&quot;:false}\">\n\t\t\t\t\t\t<div class=\"elementor-container elementor-column-gap-default\">\n\t\t\t\t\t<div class=\"elementor-column elementor-col-50 elementor-top-column elementor-element elementor-element-4984e29\" data-id=\"4984e29\" data-element_type=\"column\">\n\t\t\t<div class=\"elementor-widget-wrap elementor-element-populated\">\n\t\t\t\t\t\t<div class=\"elementor-element elementor-element-7f685d5 elementor-widget elementor-widget-image\" data-id=\"7f685d5\" data-element_type=\"widget\" data-widget_type=\"image.default\">\n\t\t\t\t<div class=\"elementor-widget-container\">\n\t\t\t\t\t\t\t\t\t\t\t\t\t\t<a href=\"https:\/\/morarmais.com.br\/mms\/wp-content\/uploads\/2020\/05\/8-QUARTO-DA-MENINA-por-@leticiafigueiredo.interiores-@junovaesdesigninfantil-e-@gianeduarteinteriores-\u2013-MMBH-2019-3.jpg\" data-elementor-open-lightbox=\"yes\" data-elementor-lightbox-title=\"8-QUARTO-DA-MENINA-por-@leticiafigueiredo.interiores-@junovaesdesigninfantil-e-@gianeduarteinteriores-\u2013-MMBH-2019-3\" data-e-action-hash=\"#elementor-action%3Aaction%3Dlightbox%26settings%3DeyJpZCI6MzYwMCwidXJsIjoiaHR0cHM6XC9cL21vcmFybWFpcy5jb20uYnJcL21tc1wvd3AtY29udGVudFwvdXBsb2Fkc1wvMjAyMFwvMDVcLzgtUVVBUlRPLURBLU1FTklOQS1wb3ItQGxldGljaWFmaWd1ZWlyZWRvLmludGVyaW9yZXMtQGp1bm92YWVzZGVzaWduaW5mYW50aWwtZS1AZ2lhbmVkdWFydGVpbnRlcmlvcmVzLVx1MjAxMy1NTUJILTIwMTktMy5qcGcifQ%3D%3D\">\n\t\t\t\t\t\t\t<img loading=\"lazy\" decoding=\"async\" width=\"779\" height=\"1024\" src=\"https:\/\/morarmais.com.br\/mms\/wp-content\/uploads\/2020\/05\/8-QUARTO-DA-MENINA-por-@leticiafigueiredo.interiores-@junovaesdesigninfantil-e-@gianeduarteinteriores-\u2013-MMBH-2019-3.jpg\" class=\"attachment-large size-large wp-image-3600\" alt=\"\" srcset=\"https:\/\/morarmais.com.br\/mms\/wp-content\/uploads\/2020\/05\/8-QUARTO-DA-MENINA-por-@leticiafigueiredo.interiores-@junovaesdesigninfantil-e-@gianeduarteinteriores-\u2013-MMBH-2019-3.jpg 779w, https:\/\/morarmais.com.br\/mms\/wp-content\/uploads\/2020\/05\/8-QUARTO-DA-MENINA-por-@leticiafigueiredo.interiores-@junovaesdesigninfantil-e-@gianeduarteinteriores-\u2013-MMBH-2019-3-228x300.jpg 228w, https:\/\/morarmais.com.br\/mms\/wp-content\/uploads\/2020\/05\/8-QUARTO-DA-MENINA-por-@leticiafigueiredo.interiores-@junovaesdesigninfantil-e-@gianeduarteinteriores-\u2013-MMBH-2019-3-768x1010.jpg 768w, https:\/\/morarmais.com.br\/mms\/wp-content\/uploads\/2020\/05\/8-QUARTO-DA-MENINA-por-@leticiafigueiredo.interiores-@junovaesdesigninfantil-e-@gianeduarteinteriores-\u2013-MMBH-2019-3-350x460.jpg 350w\" sizes=\"(max-width: 779px) 100vw, 779px\" \/>\t\t\t\t\t\t\t\t<\/a>\n\t\t\t\t\t\t\t\t\t\t\t\t\t<\/div>\n\t\t\t\t<\/div>\n\t\t\t\t\t<\/div>\n\t\t<\/div>\n\t\t\t\t<div class=\"elementor-column elementor-col-50 elementor-top-column elementor-element elementor-element-27c13a2\" data-id=\"27c13a2\" data-element_type=\"column\">\n\t\t\t<div class=\"elementor-widget-wrap elementor-element-populated\">\n\t\t\t\t\t\t<div class=\"elementor-element elementor-element-0f0cc4a elementor-widget elementor-widget-text-editor\" data-id=\"0f0cc4a\" data-element_type=\"widget\" data-widget_type=\"text-editor.default\">\n\t\t\t\t<div class=\"elementor-widget-container\">\n\t\t\t\t\t\t\t<p><!-- wp:paragraph --><\/p>\n<p><!-- wp:paragraph --><\/p>\n<p><!-- wp:paragraph --><\/p>\n<p><!-- wp:paragraph --><\/p>\n<p><!-- wp:paragraph --><\/p>\n<p><!-- wp:paragraph --><\/p>\n<p><!-- wp:paragraph --><\/p>\n<p><!-- wp:paragraph --><\/p>\n<p><strong>L\u00c3 ou FITA POMPOM\u00a0<\/strong><\/p>\n<p><!-- \/wp:paragraph --> <!-- wp:paragraph {\"align\":\"justify\"} --><\/p>\n<p class=\"has-text-align-justify\">No <strong>Quarto da Menina<\/strong>, assinado por\u00a0<a href=\"http:\/\/www.instagram.com\/leticiafigueiredo.interiores\" target=\"_blank\" rel=\"noopener\">Leticia Figueiredo<\/a><strong>,\u00a0<\/strong><a href=\"http:\/\/www.instagram.com\/junovaesdesigninfantil\" target=\"_blank\" rel=\"noopener\">Juliana Novaes<\/a>\u00a0e<strong>\u00a0<\/strong><a href=\"http:\/\/www.instagram.com\/gianeduarteinteriores\" target=\"_blank\" rel=\"noopener\">Giane Duarte<\/a>\u00a0para o\u00a0<a href=\"http:\/\/www.instagram.com\/morarmaisbh\" target=\"_blank\" rel=\"noopener\">Morar Mais Belo Horizonte<\/a>, um dos toques de fofura fica por conta do lustre customizado, devidamente batizado de Nuvem!\u00a0 A c\u00fapula foi envolvida por l\u00e3 de algod\u00e3o, com um volume no fio que d\u00e1 esse visual de pel\u00facia \u00e0 pe\u00e7a. Em casa, voc\u00ea pode aproveitar para dar um novo visual para c\u00fapulas mais antigas ou criar uma estrutura com dois aros de metal, envolvendo-os com l\u00e3 ou fita pompom! \u00c9 importante usar uma l\u00e2mpada fria (que n\u00e3o esquenta) para evitar acidentes, ok?<!-- \/wp:paragraph --><\/p>\n<p><!-- \/wp:paragraph --><\/p>\n<p class=\"has-text-align-justify\"><!-- \/wp:paragraph --><\/p>\n<p><!-- \/wp:paragraph --><\/p>\n<p class=\"has-text-align-justify\"><!-- \/wp:paragraph --><\/p>\n<p><!-- \/wp:paragraph --><\/p>\n<p><!-- \/wp:paragraph --><\/p>\n<p><!-- \/wp:paragraph --><\/p>\t\t\t\t\t\t<\/div>\n\t\t\t\t<\/div>\n\t\t\t\t\t<\/div>\n\t\t<\/div>\n\t\t\t\t\t<\/div>\n\t\t<\/section>\n\t\t\t\t<section class=\"elementor-section elementor-top-section elementor-element elementor-element-f948067 elementor-section-boxed elementor-section-height-default elementor-section-height-default\" data-id=\"f948067\" data-element_type=\"section\" data-settings=\"{&quot;_ha_eqh_enable&quot;:false}\">\n\t\t\t\t\t\t<div class=\"elementor-container elementor-column-gap-default\">\n\t\t\t\t\t<div class=\"elementor-column elementor-col-50 elementor-top-column elementor-element elementor-element-db6ba25\" data-id=\"db6ba25\" data-element_type=\"column\">\n\t\t\t<div class=\"elementor-widget-wrap elementor-element-populated\">\n\t\t\t\t\t\t<div class=\"elementor-element elementor-element-8f598b5 elementor-widget elementor-widget-image\" data-id=\"8f598b5\" data-element_type=\"widget\" data-widget_type=\"image.default\">\n\t\t\t\t<div class=\"elementor-widget-container\">\n\t\t\t\t\t\t\t\t\t\t\t\t\t\t<a href=\"https:\/\/morarmais.com.br\/mms\/wp-content\/uploads\/2020\/05\/9-SALA-DA-FAMI\u0301LIA-dois-lustres-com-estrutura-em-ferro-oxidado-e-cu\u0301pulas-feitas-de-copinhos-de-pla\u0301stico-descarta\u0301veis-Cristina-Japiassu.jpg\" data-elementor-open-lightbox=\"yes\" data-elementor-lightbox-title=\"9-SALA-DA-FAMI\u0301LIA-dois-lustres-com-estrutura-em-ferro-oxidado-e-cu\u0301pulas-feitas-de-copinhos-de-pla\u0301stico-descarta\u0301veis-Cristina-Japiassu\" data-e-action-hash=\"#elementor-action%3Aaction%3Dlightbox%26settings%3DeyJpZCI6MzYwMSwidXJsIjoiaHR0cHM6XC9cL21vcmFybWFpcy5jb20uYnJcL21tc1wvd3AtY29udGVudFwvdXBsb2Fkc1wvMjAyMFwvMDVcLzktU0FMQS1EQS1GQU1JXHUwMzAxTElBLWRvaXMtbHVzdHJlcy1jb20tZXN0cnV0dXJhLWVtLWZlcnJvLW94aWRhZG8tZS1jdVx1MDMwMXB1bGFzLWZlaXRhcy1kZS1jb3Bpbmhvcy1kZS1wbGFcdTAzMDFzdGljby1kZXNjYXJ0YVx1MDMwMXZlaXMtQ3Jpc3RpbmEtSmFwaWFzc3UuanBnIn0%3D\">\n\t\t\t\t\t\t\t<img loading=\"lazy\" decoding=\"async\" width=\"1024\" height=\"683\" src=\"https:\/\/morarmais.com.br\/mms\/wp-content\/uploads\/2020\/05\/9-SALA-DA-FAMI\u0301LIA-dois-lustres-com-estrutura-em-ferro-oxidado-e-cu\u0301pulas-feitas-de-copinhos-de-pla\u0301stico-descarta\u0301veis-Cristina-Japiassu.jpg\" class=\"attachment-large size-large wp-image-3601\" alt=\"\" srcset=\"https:\/\/morarmais.com.br\/mms\/wp-content\/uploads\/2020\/05\/9-SALA-DA-FAMI\u0301LIA-dois-lustres-com-estrutura-em-ferro-oxidado-e-cu\u0301pulas-feitas-de-copinhos-de-pla\u0301stico-descarta\u0301veis-Cristina-Japiassu.jpg 1024w, https:\/\/morarmais.com.br\/mms\/wp-content\/uploads\/2020\/05\/9-SALA-DA-FAMI\u0301LIA-dois-lustres-com-estrutura-em-ferro-oxidado-e-cu\u0301pulas-feitas-de-copinhos-de-pla\u0301stico-descarta\u0301veis-Cristina-Japiassu-300x200.jpg 300w, https:\/\/morarmais.com.br\/mms\/wp-content\/uploads\/2020\/05\/9-SALA-DA-FAMI\u0301LIA-dois-lustres-com-estrutura-em-ferro-oxidado-e-cu\u0301pulas-feitas-de-copinhos-de-pla\u0301stico-descarta\u0301veis-Cristina-Japiassu-768x512.jpg 768w, https:\/\/morarmais.com.br\/mms\/wp-content\/uploads\/2020\/05\/9-SALA-DA-FAMI\u0301LIA-dois-lustres-com-estrutura-em-ferro-oxidado-e-cu\u0301pulas-feitas-de-copinhos-de-pla\u0301stico-descarta\u0301veis-Cristina-Japiassu-930x620.jpg 930w, https:\/\/morarmais.com.br\/mms\/wp-content\/uploads\/2020\/05\/9-SALA-DA-FAMI\u0301LIA-dois-lustres-com-estrutura-em-ferro-oxidado-e-cu\u0301pulas-feitas-de-copinhos-de-pla\u0301stico-descarta\u0301veis-Cristina-Japiassu-350x233.jpg 350w\" sizes=\"(max-width: 1024px) 100vw, 1024px\" \/>\t\t\t\t\t\t\t\t<\/a>\n\t\t\t\t\t\t\t\t\t\t\t\t\t<\/div>\n\t\t\t\t<\/div>\n\t\t\t\t\t<\/div>\n\t\t<\/div>\n\t\t\t\t<div class=\"elementor-column elementor-col-50 elementor-top-column elementor-element elementor-element-7dd7245\" data-id=\"7dd7245\" data-element_type=\"column\">\n\t\t\t<div class=\"elementor-widget-wrap elementor-element-populated\">\n\t\t\t\t\t\t<div class=\"elementor-element elementor-element-9064ab8 elementor-widget elementor-widget-text-editor\" data-id=\"9064ab8\" data-element_type=\"widget\" data-widget_type=\"text-editor.default\">\n\t\t\t\t<div class=\"elementor-widget-container\">\n\t\t\t\t\t\t\t<p><!-- wp:paragraph --><\/p>\n<p><!-- wp:paragraph --><\/p>\n<p><!-- wp:paragraph --><\/p>\n<p><!-- wp:paragraph --><\/p>\n<p><!-- wp:paragraph --><\/p>\n<p><!-- wp:paragraph --><\/p>\n<p><!-- wp:paragraph --><\/p>\n<p><!-- wp:paragraph --><\/p>\n<p><strong>COPOS DE PL\u00c1STICO<\/strong><\/p>\n<p class=\"has-text-align-justify\"><!-- \/wp:paragraph --><!-- wp:paragraph --><\/p>\n<p>\u00c9 isso mesmo: lustres feitos com copos de pl\u00e1stico! A ideia \u00e9 da arquiteta\u00a0<a href=\"http:\/\/www.instagram.com\/crisjapiassuarquiteta\" target=\"_blank\" rel=\"noopener\">Cristina Japiass\u00fa<\/a>, desenvolvida especialmente para a <strong>Sala da Fam\u00edlia, <\/strong>do\u00a0<a href=\"http:\/\/www.instagram.com\/morarmaisrio\" target=\"_blank\" rel=\"noopener\">Morar Mais Rio<\/a>. As duas lumin\u00e1rias foram feitas com estrutura de ferro oxidado e c\u00fapulas de copinhos de pl\u00e1stico descart\u00e1veis. A transpar\u00eancia do material irradia a luz no ambiente de forma homog\u00eanea. Use l\u00e2mpadas frias se for reproduzir este modelo em casa!<!-- \/wp:paragraph --><!-- \/wp:paragraph --><\/p>\n<p><!-- \/wp:paragraph --><\/p>\n<p class=\"has-text-align-justify\"><!-- \/wp:paragraph --><\/p>\n<p><!-- \/wp:paragraph --><\/p>\n<p class=\"has-text-align-justify\"><!-- \/wp:paragraph --><\/p>\n<p><!-- \/wp:paragraph --><\/p>\n<p><!-- \/wp:paragraph --><\/p>\n<p><!-- \/wp:paragraph --><\/p>\t\t\t\t\t\t<\/div>\n\t\t\t\t<\/div>\n\t\t\t\t\t<\/div>\n\t\t<\/div>\n\t\t\t\t\t<\/div>\n\t\t<\/section>\n\t\t\t\t<section class=\"elementor-section elementor-top-section elementor-element elementor-element-ce559d1 elementor-section-boxed elementor-section-height-default elementor-section-height-default\" data-id=\"ce559d1\" data-element_type=\"section\" data-settings=\"{&quot;_ha_eqh_enable&quot;:false}\">\n\t\t\t\t\t\t<div class=\"elementor-container elementor-column-gap-default\">\n\t\t\t\t\t<div class=\"elementor-column elementor-col-100 elementor-top-column elementor-element elementor-element-a0db30a\" data-id=\"a0db30a\" data-element_type=\"column\">\n\t\t\t<div class=\"elementor-widget-wrap elementor-element-populated\">\n\t\t\t\t\t\t<div class=\"elementor-element elementor-element-28546e7 elementor-widget elementor-widget-text-editor\" data-id=\"28546e7\" data-element_type=\"widget\" data-widget_type=\"text-editor.default\">\n\t\t\t\t<div class=\"elementor-widget-container\">\n\t\t\t\t\t\t\t<p>Curtiu as nossas dicas? Ent\u00e3o compartilhe com os amigos e m\u00e3o na massa! Vamos adorar conferir seu toque pessoal inspirado nestas lumin\u00e1rias criativas do Morar Mais. Poste no instagram e marque nosso perfil <a href=\"http:\/\/instagram.com\/morarmaispormenos\" target=\"_blank\" rel=\"noreferrer noopener\">@morarmaispormenos<\/a>!\u00a0<\/p>\t\t\t\t\t\t<\/div>\n\t\t\t\t<\/div>\n\t\t\t\t\t<\/div>\n\t\t<\/div>\n\t\t\t\t\t<\/div>\n\t\t<\/section>\n\t\t\t\t<section class=\"elementor-section elementor-top-section elementor-element elementor-element-f2150c3 elementor-section-boxed elementor-section-height-default elementor-section-height-default\" data-id=\"f2150c3\" data-element_type=\"section\" data-settings=\"{&quot;_ha_eqh_enable&quot;:false}\">\n\t\t\t\t\t\t<div class=\"elementor-container elementor-column-gap-default\">\n\t\t\t\t\t<div class=\"elementor-column elementor-col-100 elementor-top-column elementor-element elementor-element-a911ed3\" data-id=\"a911ed3\" data-element_type=\"column\">\n\t\t\t<div class=\"elementor-widget-wrap elementor-element-populated\">\n\t\t\t\t\t\t<div class=\"elementor-element elementor-element-bf4b35c elementor-widget elementor-widget-text-editor\" data-id=\"bf4b35c\" data-element_type=\"widget\" data-widget_type=\"text-editor.default\">\n\t\t\t\t<div class=\"elementor-widget-container\">\n\t\t\t\t\t\t\t<p>Curadoria e texto: <a href=\"https:\/\/www.instagram.com\/lschuback\/\" target=\"_blank\" rel=\"noreferrer noopener\">L.Schuback Assessoria de Comunica\u00e7\u00e3o<\/a><\/p>\t\t\t\t\t\t<\/div>\n\t\t\t\t<\/div>\n\t\t\t\t\t<\/div>\n\t\t<\/div>\n\t\t\t\t\t<\/div>\n\t\t<\/section>\n\t\t\t\t<\/div>\n\t\t","protected":false},"excerpt":{"rendered":"<p>SALA DA FAMI\u0301LIA &#8211; dois lustres com estrutura em ferro oxidado e cu\u0301pulas feitas de copinhos de pla\u0301stico descarta\u0301veis &#8211; Cristina Japiassu Se tem uma coisa que enche a gente de orgulho, \u00e9 a criatividade dos arquitetos e designers de interiores do&nbsp;Morar Mais. Todos os anos, os profissionais participantes nos presenteiam com ideias criativas, inusitadas&hellip;&nbsp;<a href=\"https:\/\/morarmais.com.br\/mms\/faca-voce-mesmo-9-ideias-de-luminarias-criativas-do-morar-mais-que-voce-pode-recriar-em-casa\/\" rel=\"bookmark\">Continue a ler &raquo;<span class=\"screen-reader-text\">Fa\u00e7a voc\u00ea mesmo: 9 ideias de lumin\u00e1rias criativas do Morar Mais que voc\u00ea pode recriar em casa!<\/span><\/a><\/p>\n","protected":false},"author":6,"featured_media":3583,"comment_status":"open","ping_status":"open","sticky":false,"template":"","format":"standard","meta":{"_eb_attr":"","editor_plus_copied_stylings":"{}","neve_meta_sidebar":"","neve_meta_container":"","neve_meta_enable_content_width":"off","neve_meta_content_width":0,"neve_meta_title_alignment":"","neve_meta_author_avatar":"","neve_post_elements_order":"","neve_meta_disable_header":"","neve_meta_disable_footer":"","neve_meta_disable_title":"","_themeisle_gutenberg_block_has_review":false,"_vp_format_video_url":"","_vp_image_focal_point":[],"footnotes":""},"categories":[22,23,29,31],"tags":[169,44,176,177,178,51,73,82,180,179],"class_list":["post-3610","post","type-post","status-publish","format-standard","has-post-thumbnail","hentry","category-faca-voce-mesmo","category-home","category-um-mundo-sustentavel","category-viciados-em-design","tag-criatividade","tag-diy","tag-faca-voce-mesmo","tag-ideias-criativas","tag-luminarias-decorativas","tag-morar-mais","tag-morar-mais-por-menos","tag-o-chique-que-cabe-no-bolso","tag-re-uso","tag-sustentabilidade"],"yoast_head":"<!-- This site is optimized with the Yoast SEO plugin v25.6 - https:\/\/yoast.com\/wordpress\/plugins\/seo\/ -->\n<title>Fa\u00e7a voc\u00ea mesmo: 9 ideias de lumin\u00e1rias criativas do Morar Mais que voc\u00ea pode recriar em casa! - Morar mais<\/title>\n<meta name=\"description\" content=\"Nove lumin\u00e1rias criativas incr\u00edveis que voc\u00ea pode fazer at\u00e9 mesmo com o que j\u00e1 tem em casa, com pregadores de roupa, fitas cassete, copos descart\u00e1veis, funil de cozinha, peneira de obra.\" \/>\n<meta name=\"robots\" content=\"index, follow, max-snippet:-1, max-image-preview:large, max-video-preview:-1\" \/>\n<link rel=\"canonical\" href=\"https:\/\/morarmais.com.br\/mms\/faca-voce-mesmo-9-ideias-de-luminarias-criativas-do-morar-mais-que-voce-pode-recriar-em-casa\/\" \/>\n<meta property=\"og:locale\" content=\"pt_BR\" \/>\n<meta property=\"og:type\" content=\"article\" \/>\n<meta property=\"og:title\" content=\"Fa\u00e7a voc\u00ea mesmo: 9 ideias de lumin\u00e1rias criativas do Morar Mais que voc\u00ea pode recriar em casa! - Morar mais\" \/>\n<meta property=\"og:description\" content=\"Nove lumin\u00e1rias criativas incr\u00edveis que voc\u00ea pode fazer at\u00e9 mesmo com o que j\u00e1 tem em casa, com pregadores de roupa, fitas cassete, copos descart\u00e1veis, funil de cozinha, peneira de obra.\" \/>\n<meta property=\"og:url\" content=\"https:\/\/morarmais.com.br\/mms\/faca-voce-mesmo-9-ideias-de-luminarias-criativas-do-morar-mais-que-voce-pode-recriar-em-casa\/\" \/>\n<meta property=\"og:site_name\" content=\"Morar mais\" \/>\n<meta property=\"article:publisher\" content=\"https:\/\/www.facebook.com\/morarmais\" \/>\n<meta property=\"article:published_time\" content=\"2020-05-19T09:30:00+00:00\" \/>\n<meta property=\"article:modified_time\" content=\"2020-05-21T20:39:08+00:00\" \/>\n<meta property=\"og:image\" content=\"https:\/\/i2.wp.com\/morarmais.com.br\/mms\/wp-content\/uploads\/2020\/05\/capa-blog-faca-voce-mesmo-luminarias-criativas-1.png?fit=852%2C563&ssl=1\" \/>\n\t<meta property=\"og:image:width\" content=\"852\" \/>\n\t<meta property=\"og:image:height\" content=\"563\" \/>\n\t<meta property=\"og:image:type\" content=\"image\/png\" \/>\n<meta name=\"author\" content=\"Ale Devecchi\" \/>\n<meta name=\"twitter:card\" content=\"summary_large_image\" \/>\n<meta name=\"twitter:label1\" content=\"Escrito por\" \/>\n\t<meta name=\"twitter:data1\" content=\"Ale Devecchi\" \/>\n\t<meta name=\"twitter:label2\" content=\"Est. tempo de leitura\" \/>\n\t<meta name=\"twitter:data2\" content=\"1 minuto\" \/>\n<script type=\"application\/ld+json\" class=\"yoast-schema-graph\">{\"@context\":\"https:\/\/schema.org\",\"@graph\":[{\"@type\":\"Article\",\"@id\":\"https:\/\/morarmais.com.br\/mms\/faca-voce-mesmo-9-ideias-de-luminarias-criativas-do-morar-mais-que-voce-pode-recriar-em-casa\/#article\",\"isPartOf\":{\"@id\":\"https:\/\/morarmais.com.br\/mms\/faca-voce-mesmo-9-ideias-de-luminarias-criativas-do-morar-mais-que-voce-pode-recriar-em-casa\/\"},\"author\":{\"name\":\"Ale Devecchi\",\"@id\":\"https:\/\/morarmais.com.br\/mms\/#\/schema\/person\/67dda048cb1edaf0c66d3a7787857c2a\"},\"headline\":\"Fa\u00e7a voc\u00ea mesmo: 9 ideias de lumin\u00e1rias criativas do Morar Mais que voc\u00ea pode recriar em casa!\",\"datePublished\":\"2020-05-19T09:30:00+00:00\",\"dateModified\":\"2020-05-21T20:39:08+00:00\",\"mainEntityOfPage\":{\"@id\":\"https:\/\/morarmais.com.br\/mms\/faca-voce-mesmo-9-ideias-de-luminarias-criativas-do-morar-mais-que-voce-pode-recriar-em-casa\/\"},\"wordCount\":261,\"commentCount\":0,\"publisher\":{\"@id\":\"https:\/\/morarmais.com.br\/mms\/#organization\"},\"image\":{\"@id\":\"https:\/\/morarmais.com.br\/mms\/faca-voce-mesmo-9-ideias-de-luminarias-criativas-do-morar-mais-que-voce-pode-recriar-em-casa\/#primaryimage\"},\"thumbnailUrl\":\"https:\/\/morarmais.com.br\/mms\/wp-content\/uploads\/2020\/05\/capa-blog-faca-voce-mesmo-luminarias-criativas-1.png\",\"keywords\":[\"criatividade\",\"diy\",\"fa\u00e7a voc\u00ea mesmo\",\"ideias criativas\",\"lumin\u00e1rias decorativas\",\"Morar Mais\",\"Morar Mais por menos\",\"O chique que cabe no bolso\",\"re-uso\",\"sustentabilidade\"],\"articleSection\":[\"Fa\u00e7a Voc\u00ea Mesmo\",\"Home\",\"Um mundo Sustent\u00e1vel\",\"Viciados em Design\"],\"inLanguage\":\"pt-BR\",\"potentialAction\":[{\"@type\":\"CommentAction\",\"name\":\"Comment\",\"target\":[\"https:\/\/morarmais.com.br\/mms\/faca-voce-mesmo-9-ideias-de-luminarias-criativas-do-morar-mais-que-voce-pode-recriar-em-casa\/#respond\"]}]},{\"@type\":\"WebPage\",\"@id\":\"https:\/\/morarmais.com.br\/mms\/faca-voce-mesmo-9-ideias-de-luminarias-criativas-do-morar-mais-que-voce-pode-recriar-em-casa\/\",\"url\":\"https:\/\/morarmais.com.br\/mms\/faca-voce-mesmo-9-ideias-de-luminarias-criativas-do-morar-mais-que-voce-pode-recriar-em-casa\/\",\"name\":\"Fa\u00e7a voc\u00ea mesmo: 9 ideias de lumin\u00e1rias criativas do Morar Mais que voc\u00ea pode recriar em casa! - Morar mais\",\"isPartOf\":{\"@id\":\"https:\/\/morarmais.com.br\/mms\/#website\"},\"primaryImageOfPage\":{\"@id\":\"https:\/\/morarmais.com.br\/mms\/faca-voce-mesmo-9-ideias-de-luminarias-criativas-do-morar-mais-que-voce-pode-recriar-em-casa\/#primaryimage\"},\"image\":{\"@id\":\"https:\/\/morarmais.com.br\/mms\/faca-voce-mesmo-9-ideias-de-luminarias-criativas-do-morar-mais-que-voce-pode-recriar-em-casa\/#primaryimage\"},\"thumbnailUrl\":\"https:\/\/morarmais.com.br\/mms\/wp-content\/uploads\/2020\/05\/capa-blog-faca-voce-mesmo-luminarias-criativas-1.png\",\"datePublished\":\"2020-05-19T09:30:00+00:00\",\"dateModified\":\"2020-05-21T20:39:08+00:00\",\"description\":\"Nove lumin\u00e1rias criativas incr\u00edveis que voc\u00ea pode fazer at\u00e9 mesmo com o que j\u00e1 tem em casa, com pregadores de roupa, fitas cassete, copos descart\u00e1veis, funil de cozinha, peneira de obra.\",\"breadcrumb\":{\"@id\":\"https:\/\/morarmais.com.br\/mms\/faca-voce-mesmo-9-ideias-de-luminarias-criativas-do-morar-mais-que-voce-pode-recriar-em-casa\/#breadcrumb\"},\"inLanguage\":\"pt-BR\",\"potentialAction\":[{\"@type\":\"ReadAction\",\"target\":[\"https:\/\/morarmais.com.br\/mms\/faca-voce-mesmo-9-ideias-de-luminarias-criativas-do-morar-mais-que-voce-pode-recriar-em-casa\/\"]}]},{\"@type\":\"ImageObject\",\"inLanguage\":\"pt-BR\",\"@id\":\"https:\/\/morarmais.com.br\/mms\/faca-voce-mesmo-9-ideias-de-luminarias-criativas-do-morar-mais-que-voce-pode-recriar-em-casa\/#primaryimage\",\"url\":\"https:\/\/morarmais.com.br\/mms\/wp-content\/uploads\/2020\/05\/capa-blog-faca-voce-mesmo-luminarias-criativas-1.png\",\"contentUrl\":\"https:\/\/morarmais.com.br\/mms\/wp-content\/uploads\/2020\/05\/capa-blog-faca-voce-mesmo-luminarias-criativas-1.png\",\"width\":852,\"height\":563},{\"@type\":\"BreadcrumbList\",\"@id\":\"https:\/\/morarmais.com.br\/mms\/faca-voce-mesmo-9-ideias-de-luminarias-criativas-do-morar-mais-que-voce-pode-recriar-em-casa\/#breadcrumb\",\"itemListElement\":[{\"@type\":\"ListItem\",\"position\":1,\"name\":\"In\u00edcio\",\"item\":\"https:\/\/morarmais.com.br\/mms\/\"},{\"@type\":\"ListItem\",\"position\":2,\"name\":\"Fa\u00e7a voc\u00ea mesmo: 9 ideias de lumin\u00e1rias criativas do Morar Mais que voc\u00ea pode recriar em casa!\"}]},{\"@type\":\"WebSite\",\"@id\":\"https:\/\/morarmais.com.br\/mms\/#website\",\"url\":\"https:\/\/morarmais.com.br\/mms\/\",\"name\":\"Morar mais\",\"description\":\"O Chique que cabe no bolso\",\"publisher\":{\"@id\":\"https:\/\/morarmais.com.br\/mms\/#organization\"},\"potentialAction\":[{\"@type\":\"SearchAction\",\"target\":{\"@type\":\"EntryPoint\",\"urlTemplate\":\"https:\/\/morarmais.com.br\/mms\/?s={search_term_string}\"},\"query-input\":{\"@type\":\"PropertyValueSpecification\",\"valueRequired\":true,\"valueName\":\"search_term_string\"}}],\"inLanguage\":\"pt-BR\"},{\"@type\":\"Organization\",\"@id\":\"https:\/\/morarmais.com.br\/mms\/#organization\",\"name\":\"Morar mais\",\"url\":\"https:\/\/morarmais.com.br\/mms\/\",\"logo\":{\"@type\":\"ImageObject\",\"inLanguage\":\"pt-BR\",\"@id\":\"https:\/\/morarmais.com.br\/mms\/#\/schema\/logo\/image\/\",\"url\":\"https:\/\/morarmais.com.br\/mms\/wp-content\/uploads\/2019\/04\/cropped-logo-morar-mais-2-1-e1688661143585.png\",\"contentUrl\":\"https:\/\/morarmais.com.br\/mms\/wp-content\/uploads\/2019\/04\/cropped-logo-morar-mais-2-1-e1688661143585.png\",\"width\":130,\"height\":100,\"caption\":\"Morar mais\"},\"image\":{\"@id\":\"https:\/\/morarmais.com.br\/mms\/#\/schema\/logo\/image\/\"},\"sameAs\":[\"https:\/\/www.facebook.com\/morarmais\",\"https:\/\/www.instagram.com\/morarmaispormenos\",\"https:\/\/br.pinterest.com\/morarmais\/\"]},{\"@type\":\"Person\",\"@id\":\"https:\/\/morarmais.com.br\/mms\/#\/schema\/person\/67dda048cb1edaf0c66d3a7787857c2a\",\"name\":\"Ale Devecchi\",\"image\":{\"@type\":\"ImageObject\",\"inLanguage\":\"pt-BR\",\"@id\":\"https:\/\/morarmais.com.br\/mms\/#\/schema\/person\/image\/\",\"url\":\"https:\/\/secure.gravatar.com\/avatar\/194f7a41b78fc7f5fcbf2fb567b600b5?s=96&d=mm&r=g\",\"contentUrl\":\"https:\/\/secure.gravatar.com\/avatar\/194f7a41b78fc7f5fcbf2fb567b600b5?s=96&d=mm&r=g\",\"caption\":\"Ale Devecchi\"},\"url\":\"https:\/\/morarmais.com.br\/mms\/author\/marketing-mais\/\"}]}<\/script>\n<!-- \/ Yoast SEO plugin. -->","yoast_head_json":{"title":"Fa\u00e7a voc\u00ea mesmo: 9 ideias de lumin\u00e1rias criativas do Morar Mais que voc\u00ea pode recriar em casa! - Morar mais","description":"Nove lumin\u00e1rias criativas incr\u00edveis que voc\u00ea pode fazer at\u00e9 mesmo com o que j\u00e1 tem em casa, com pregadores de roupa, fitas cassete, copos descart\u00e1veis, funil de cozinha, peneira de obra.","robots":{"index":"index","follow":"follow","max-snippet":"max-snippet:-1","max-image-preview":"max-image-preview:large","max-video-preview":"max-video-preview:-1"},"canonical":"https:\/\/morarmais.com.br\/mms\/faca-voce-mesmo-9-ideias-de-luminarias-criativas-do-morar-mais-que-voce-pode-recriar-em-casa\/","og_locale":"pt_BR","og_type":"article","og_title":"Fa\u00e7a voc\u00ea mesmo: 9 ideias de lumin\u00e1rias criativas do Morar Mais que voc\u00ea pode recriar em casa! - Morar mais","og_description":"Nove lumin\u00e1rias criativas incr\u00edveis que voc\u00ea pode fazer at\u00e9 mesmo com o que j\u00e1 tem em casa, com pregadores de roupa, fitas cassete, copos descart\u00e1veis, funil de cozinha, peneira de obra.","og_url":"https:\/\/morarmais.com.br\/mms\/faca-voce-mesmo-9-ideias-de-luminarias-criativas-do-morar-mais-que-voce-pode-recriar-em-casa\/","og_site_name":"Morar mais","article_publisher":"https:\/\/www.facebook.com\/morarmais","article_published_time":"2020-05-19T09:30:00+00:00","article_modified_time":"2020-05-21T20:39:08+00:00","og_image":[{"width":852,"height":563,"url":"https:\/\/i2.wp.com\/morarmais.com.br\/mms\/wp-content\/uploads\/2020\/05\/capa-blog-faca-voce-mesmo-luminarias-criativas-1.png?fit=852%2C563&ssl=1","type":"image\/png"}],"author":"Ale Devecchi","twitter_card":"summary_large_image","twitter_misc":{"Escrito por":"Ale Devecchi","Est. tempo de leitura":"1 minuto"},"schema":{"@context":"https:\/\/schema.org","@graph":[{"@type":"Article","@id":"https:\/\/morarmais.com.br\/mms\/faca-voce-mesmo-9-ideias-de-luminarias-criativas-do-morar-mais-que-voce-pode-recriar-em-casa\/#article","isPartOf":{"@id":"https:\/\/morarmais.com.br\/mms\/faca-voce-mesmo-9-ideias-de-luminarias-criativas-do-morar-mais-que-voce-pode-recriar-em-casa\/"},"author":{"name":"Ale Devecchi","@id":"https:\/\/morarmais.com.br\/mms\/#\/schema\/person\/67dda048cb1edaf0c66d3a7787857c2a"},"headline":"Fa\u00e7a voc\u00ea mesmo: 9 ideias de lumin\u00e1rias criativas do Morar Mais que voc\u00ea pode recriar em casa!","datePublished":"2020-05-19T09:30:00+00:00","dateModified":"2020-05-21T20:39:08+00:00","mainEntityOfPage":{"@id":"https:\/\/morarmais.com.br\/mms\/faca-voce-mesmo-9-ideias-de-luminarias-criativas-do-morar-mais-que-voce-pode-recriar-em-casa\/"},"wordCount":261,"commentCount":0,"publisher":{"@id":"https:\/\/morarmais.com.br\/mms\/#organization"},"image":{"@id":"https:\/\/morarmais.com.br\/mms\/faca-voce-mesmo-9-ideias-de-luminarias-criativas-do-morar-mais-que-voce-pode-recriar-em-casa\/#primaryimage"},"thumbnailUrl":"https:\/\/morarmais.com.br\/mms\/wp-content\/uploads\/2020\/05\/capa-blog-faca-voce-mesmo-luminarias-criativas-1.png","keywords":["criatividade","diy","fa\u00e7a voc\u00ea mesmo","ideias criativas","lumin\u00e1rias decorativas","Morar Mais","Morar Mais por menos","O chique que cabe no bolso","re-uso","sustentabilidade"],"articleSection":["Fa\u00e7a Voc\u00ea Mesmo","Home","Um mundo Sustent\u00e1vel","Viciados em Design"],"inLanguage":"pt-BR","potentialAction":[{"@type":"CommentAction","name":"Comment","target":["https:\/\/morarmais.com.br\/mms\/faca-voce-mesmo-9-ideias-de-luminarias-criativas-do-morar-mais-que-voce-pode-recriar-em-casa\/#respond"]}]},{"@type":"WebPage","@id":"https:\/\/morarmais.com.br\/mms\/faca-voce-mesmo-9-ideias-de-luminarias-criativas-do-morar-mais-que-voce-pode-recriar-em-casa\/","url":"https:\/\/morarmais.com.br\/mms\/faca-voce-mesmo-9-ideias-de-luminarias-criativas-do-morar-mais-que-voce-pode-recriar-em-casa\/","name":"Fa\u00e7a voc\u00ea mesmo: 9 ideias de lumin\u00e1rias criativas do Morar Mais que voc\u00ea pode recriar em casa! - Morar mais","isPartOf":{"@id":"https:\/\/morarmais.com.br\/mms\/#website"},"primaryImageOfPage":{"@id":"https:\/\/morarmais.com.br\/mms\/faca-voce-mesmo-9-ideias-de-luminarias-criativas-do-morar-mais-que-voce-pode-recriar-em-casa\/#primaryimage"},"image":{"@id":"https:\/\/morarmais.com.br\/mms\/faca-voce-mesmo-9-ideias-de-luminarias-criativas-do-morar-mais-que-voce-pode-recriar-em-casa\/#primaryimage"},"thumbnailUrl":"https:\/\/morarmais.com.br\/mms\/wp-content\/uploads\/2020\/05\/capa-blog-faca-voce-mesmo-luminarias-criativas-1.png","datePublished":"2020-05-19T09:30:00+00:00","dateModified":"2020-05-21T20:39:08+00:00","description":"Nove lumin\u00e1rias criativas incr\u00edveis que voc\u00ea pode fazer at\u00e9 mesmo com o que j\u00e1 tem em casa, com pregadores de roupa, fitas cassete, copos descart\u00e1veis, funil de cozinha, peneira de obra.","breadcrumb":{"@id":"https:\/\/morarmais.com.br\/mms\/faca-voce-mesmo-9-ideias-de-luminarias-criativas-do-morar-mais-que-voce-pode-recriar-em-casa\/#breadcrumb"},"inLanguage":"pt-BR","potentialAction":[{"@type":"ReadAction","target":["https:\/\/morarmais.com.br\/mms\/faca-voce-mesmo-9-ideias-de-luminarias-criativas-do-morar-mais-que-voce-pode-recriar-em-casa\/"]}]},{"@type":"ImageObject","inLanguage":"pt-BR","@id":"https:\/\/morarmais.com.br\/mms\/faca-voce-mesmo-9-ideias-de-luminarias-criativas-do-morar-mais-que-voce-pode-recriar-em-casa\/#primaryimage","url":"https:\/\/morarmais.com.br\/mms\/wp-content\/uploads\/2020\/05\/capa-blog-faca-voce-mesmo-luminarias-criativas-1.png","contentUrl":"https:\/\/morarmais.com.br\/mms\/wp-content\/uploads\/2020\/05\/capa-blog-faca-voce-mesmo-luminarias-criativas-1.png","width":852,"height":563},{"@type":"BreadcrumbList","@id":"https:\/\/morarmais.com.br\/mms\/faca-voce-mesmo-9-ideias-de-luminarias-criativas-do-morar-mais-que-voce-pode-recriar-em-casa\/#breadcrumb","itemListElement":[{"@type":"ListItem","position":1,"name":"In\u00edcio","item":"https:\/\/morarmais.com.br\/mms\/"},{"@type":"ListItem","position":2,"name":"Fa\u00e7a voc\u00ea mesmo: 9 ideias de lumin\u00e1rias criativas do Morar Mais que voc\u00ea pode recriar em casa!"}]},{"@type":"WebSite","@id":"https:\/\/morarmais.com.br\/mms\/#website","url":"https:\/\/morarmais.com.br\/mms\/","name":"Morar mais","description":"O Chique que cabe no bolso","publisher":{"@id":"https:\/\/morarmais.com.br\/mms\/#organization"},"potentialAction":[{"@type":"SearchAction","target":{"@type":"EntryPoint","urlTemplate":"https:\/\/morarmais.com.br\/mms\/?s={search_term_string}"},"query-input":{"@type":"PropertyValueSpecification","valueRequired":true,"valueName":"search_term_string"}}],"inLanguage":"pt-BR"},{"@type":"Organization","@id":"https:\/\/morarmais.com.br\/mms\/#organization","name":"Morar mais","url":"https:\/\/morarmais.com.br\/mms\/","logo":{"@type":"ImageObject","inLanguage":"pt-BR","@id":"https:\/\/morarmais.com.br\/mms\/#\/schema\/logo\/image\/","url":"https:\/\/morarmais.com.br\/mms\/wp-content\/uploads\/2019\/04\/cropped-logo-morar-mais-2-1-e1688661143585.png","contentUrl":"https:\/\/morarmais.com.br\/mms\/wp-content\/uploads\/2019\/04\/cropped-logo-morar-mais-2-1-e1688661143585.png","width":130,"height":100,"caption":"Morar mais"},"image":{"@id":"https:\/\/morarmais.com.br\/mms\/#\/schema\/logo\/image\/"},"sameAs":["https:\/\/www.facebook.com\/morarmais","https:\/\/www.instagram.com\/morarmaispormenos","https:\/\/br.pinterest.com\/morarmais\/"]},{"@type":"Person","@id":"https:\/\/morarmais.com.br\/mms\/#\/schema\/person\/67dda048cb1edaf0c66d3a7787857c2a","name":"Ale Devecchi","image":{"@type":"ImageObject","inLanguage":"pt-BR","@id":"https:\/\/morarmais.com.br\/mms\/#\/schema\/person\/image\/","url":"https:\/\/secure.gravatar.com\/avatar\/194f7a41b78fc7f5fcbf2fb567b600b5?s=96&d=mm&r=g","contentUrl":"https:\/\/secure.gravatar.com\/avatar\/194f7a41b78fc7f5fcbf2fb567b600b5?s=96&d=mm&r=g","caption":"Ale Devecchi"},"url":"https:\/\/morarmais.com.br\/mms\/author\/marketing-mais\/"}]}},"_links":{"self":[{"href":"https:\/\/morarmais.com.br\/mms\/wp-json\/wp\/v2\/posts\/3610"}],"collection":[{"href":"https:\/\/morarmais.com.br\/mms\/wp-json\/wp\/v2\/posts"}],"about":[{"href":"https:\/\/morarmais.com.br\/mms\/wp-json\/wp\/v2\/types\/post"}],"author":[{"embeddable":true,"href":"https:\/\/morarmais.com.br\/mms\/wp-json\/wp\/v2\/users\/6"}],"replies":[{"embeddable":true,"href":"https:\/\/morarmais.com.br\/mms\/wp-json\/wp\/v2\/comments?post=3610"}],"version-history":[{"count":0,"href":"https:\/\/morarmais.com.br\/mms\/wp-json\/wp\/v2\/posts\/3610\/revisions"}],"wp:featuredmedia":[{"embeddable":true,"href":"https:\/\/morarmais.com.br\/mms\/wp-json\/wp\/v2\/media\/3583"}],"wp:attachment":[{"href":"https:\/\/morarmais.com.br\/mms\/wp-json\/wp\/v2\/media?parent=3610"}],"wp:term":[{"taxonomy":"category","embeddable":true,"href":"https:\/\/morarmais.com.br\/mms\/wp-json\/wp\/v2\/categories?post=3610"},{"taxonomy":"post_tag","embeddable":true,"href":"https:\/\/morarmais.com.br\/mms\/wp-json\/wp\/v2\/tags?post=3610"}],"curies":[{"name":"wp","href":"https:\/\/api.w.org\/{rel}","templated":true}]}}