{"id":3188,"date":"2020-04-28T09:01:00","date_gmt":"2020-04-28T09:01:00","guid":{"rendered":"https:\/\/morarmais.com.br\/mms\/?p=3188"},"modified":"2020-05-15T22:34:52","modified_gmt":"2020-05-15T22:34:52","slug":"saiba-como-fotografar-projetos-de-arquitetura-e-decoracao-para-atrair-novos-clientes","status":"publish","type":"post","link":"https:\/\/morarmais.com.br\/mms\/saiba-como-fotografar-projetos-de-arquitetura-e-decoracao-para-atrair-novos-clientes\/","title":{"rendered":"Saiba como fotografar projetos de arquitetura e decora\u00e7\u00e3o para atrair novos clientes:"},"content":{"rendered":"\n<p>Se voc\u00ea \u00e9 arquiteto, designer de interiores ou paisagista e tem planos de contratar uma assessoria de imprensa para \u201cbombar\u201d seus projetos na m\u00eddia, antes de iniciar este trabalho, \u00e9 importante que voc\u00ea fotografe projetos residenciais completos com um fot\u00f3grafo especializado em arquitetura e decora\u00e7\u00e3o (projetos comerciais n\u00e3o costumam ter muito espa\u00e7o na m\u00eddia, salvo os de apelo visual bastante inusitado). Quanto mais projetos fotografados voc\u00ea oferecer ao seu assessor de imprensa, mais chances ter\u00e1 de se fazer presente nos ve\u00edculos de imprensa \u2013 jornais, revistas, sites, blogs e instagram. Ou seja: fotos profissionais de projetos finalizados s\u00e3o a muni\u00e7\u00e3o de trabalho de uma assessoria de imprensa que atua na sua \u00e1rea!<\/p>\n\n\n\n<p>A seguir, nossas dicas sobre o material fotogr\u00e1fico ideal para que o trabalho obtenha com \u00eaxito:<\/p>\n\n\n\n<h4 class=\"wp-block-heading\"><strong>\u2022 QUANDO? <\/strong><\/h4>\n\n\n\n<p>Finalize pelo menos 1 projeto residencial completo (com \u00e1rea social, \u00edntima e de servi\u00e7o) e considere um contrato de no m\u00ednimo 2 meses para obter resultados.&nbsp; Caso disponha de 2 projetos completos, considere um contrato m\u00ednimo de 4 meses.<\/p>\n\n\n\n<div class=\"wp-block-jetpack-slideshow aligncenter\" data-effect=\"fade\"><div class=\"wp-block-jetpack-slideshow_container swiper-container\"><ul class=\"wp-block-jetpack-slideshow_swiper-wrapper swiper-wrapper\"><li class=\"wp-block-jetpack-slideshow_slide swiper-slide\"><figure><img fetchpriority=\"high\" decoding=\"async\" width=\"1280\" height=\"853\" alt=\"\" class=\"wp-block-jetpack-slideshow_image wp-image-3082\" data-id=\"3082\" src=\"https:\/\/morarmais.com.br\/mms\/wp-content\/uploads\/2020\/04\/5_-Mini-Ap\u00ea-Cores-Camila-Fleck-MM-RIO-2019-_-4.jpg\" srcset=\"https:\/\/morarmais.com.br\/mms\/wp-content\/uploads\/2020\/04\/5_-Mini-Ap\u00ea-Cores-Camila-Fleck-MM-RIO-2019-_-4.jpg 1280w, https:\/\/morarmais.com.br\/mms\/wp-content\/uploads\/2020\/04\/5_-Mini-Ap\u00ea-Cores-Camila-Fleck-MM-RIO-2019-_-4-300x200.jpg 300w, https:\/\/morarmais.com.br\/mms\/wp-content\/uploads\/2020\/04\/5_-Mini-Ap\u00ea-Cores-Camila-Fleck-MM-RIO-2019-_-4-1024x682.jpg 1024w, https:\/\/morarmais.com.br\/mms\/wp-content\/uploads\/2020\/04\/5_-Mini-Ap\u00ea-Cores-Camila-Fleck-MM-RIO-2019-_-4-768x512.jpg 768w, https:\/\/morarmais.com.br\/mms\/wp-content\/uploads\/2020\/04\/5_-Mini-Ap\u00ea-Cores-Camila-Fleck-MM-RIO-2019-_-4-930x620.jpg 930w, https:\/\/morarmais.com.br\/mms\/wp-content\/uploads\/2020\/04\/5_-Mini-Ap\u00ea-Cores-Camila-Fleck-MM-RIO-2019-_-4-350x233.jpg 350w\" sizes=\"(max-width: 1280px) 100vw, 1280px\" \/><figcaption class=\"wp-block-jetpack-slideshow_caption gallery-caption\">Mini Ap\u00ea Cores &#8211; Camilla Fleck<\/figcaption><\/figure><\/li><li class=\"wp-block-jetpack-slideshow_slide swiper-slide\"><figure><img decoding=\"async\" width=\"1280\" height=\"853\" alt=\"\" class=\"wp-block-jetpack-slideshow_image wp-image-3079\" data-id=\"3079\" src=\"https:\/\/morarmais.com.br\/mms\/wp-content\/uploads\/2020\/04\/5_-Mini-Ap\u00ea-Cores-Camila-Fleck-MM-RIO-2019-_-1.jpg\" srcset=\"https:\/\/morarmais.com.br\/mms\/wp-content\/uploads\/2020\/04\/5_-Mini-Ap\u00ea-Cores-Camila-Fleck-MM-RIO-2019-_-1.jpg 1280w, https:\/\/morarmais.com.br\/mms\/wp-content\/uploads\/2020\/04\/5_-Mini-Ap\u00ea-Cores-Camila-Fleck-MM-RIO-2019-_-1-300x200.jpg 300w, https:\/\/morarmais.com.br\/mms\/wp-content\/uploads\/2020\/04\/5_-Mini-Ap\u00ea-Cores-Camila-Fleck-MM-RIO-2019-_-1-1024x682.jpg 1024w, https:\/\/morarmais.com.br\/mms\/wp-content\/uploads\/2020\/04\/5_-Mini-Ap\u00ea-Cores-Camila-Fleck-MM-RIO-2019-_-1-768x512.jpg 768w, https:\/\/morarmais.com.br\/mms\/wp-content\/uploads\/2020\/04\/5_-Mini-Ap\u00ea-Cores-Camila-Fleck-MM-RIO-2019-_-1-930x620.jpg 930w, https:\/\/morarmais.com.br\/mms\/wp-content\/uploads\/2020\/04\/5_-Mini-Ap\u00ea-Cores-Camila-Fleck-MM-RIO-2019-_-1-350x233.jpg 350w\" sizes=\"(max-width: 1280px) 100vw, 1280px\" \/><figcaption class=\"wp-block-jetpack-slideshow_caption gallery-caption\">Mini Ap\u00ea Cores &#8211; Camilla Fleck<\/figcaption><\/figure><\/li><li class=\"wp-block-jetpack-slideshow_slide swiper-slide\"><figure><img decoding=\"async\" width=\"1280\" height=\"853\" alt=\"\" class=\"wp-block-jetpack-slideshow_image wp-image-3080\" data-id=\"3080\" src=\"https:\/\/morarmais.com.br\/mms\/wp-content\/uploads\/2020\/04\/5_-Mini-Ap\u00ea-Cores-Camila-Fleck-MM-RIO-2019-_-2.jpg\" srcset=\"https:\/\/morarmais.com.br\/mms\/wp-content\/uploads\/2020\/04\/5_-Mini-Ap\u00ea-Cores-Camila-Fleck-MM-RIO-2019-_-2.jpg 1280w, https:\/\/morarmais.com.br\/mms\/wp-content\/uploads\/2020\/04\/5_-Mini-Ap\u00ea-Cores-Camila-Fleck-MM-RIO-2019-_-2-300x200.jpg 300w, https:\/\/morarmais.com.br\/mms\/wp-content\/uploads\/2020\/04\/5_-Mini-Ap\u00ea-Cores-Camila-Fleck-MM-RIO-2019-_-2-1024x682.jpg 1024w, https:\/\/morarmais.com.br\/mms\/wp-content\/uploads\/2020\/04\/5_-Mini-Ap\u00ea-Cores-Camila-Fleck-MM-RIO-2019-_-2-768x512.jpg 768w, https:\/\/morarmais.com.br\/mms\/wp-content\/uploads\/2020\/04\/5_-Mini-Ap\u00ea-Cores-Camila-Fleck-MM-RIO-2019-_-2-930x620.jpg 930w, https:\/\/morarmais.com.br\/mms\/wp-content\/uploads\/2020\/04\/5_-Mini-Ap\u00ea-Cores-Camila-Fleck-MM-RIO-2019-_-2-350x233.jpg 350w\" sizes=\"(max-width: 1280px) 100vw, 1280px\" \/><figcaption class=\"wp-block-jetpack-slideshow_caption gallery-caption\">Mini Ap\u00ea Cores &#8211; Camilla Fleck<\/figcaption><\/figure><\/li><li class=\"wp-block-jetpack-slideshow_slide swiper-slide\"><figure><img loading=\"lazy\" decoding=\"async\" width=\"682\" height=\"1024\" alt=\"\" class=\"wp-block-jetpack-slideshow_image wp-image-3088\" data-id=\"3088\" src=\"https:\/\/morarmais.com.br\/mms\/wp-content\/uploads\/2020\/04\/5_-Mini-Ap\u00ea-Cores-Camila-Fleck-MM-RIO-2019-_-10.jpg\" srcset=\"https:\/\/morarmais.com.br\/mms\/wp-content\/uploads\/2020\/04\/5_-Mini-Ap\u00ea-Cores-Camila-Fleck-MM-RIO-2019-_-10.jpg 682w, https:\/\/morarmais.com.br\/mms\/wp-content\/uploads\/2020\/04\/5_-Mini-Ap\u00ea-Cores-Camila-Fleck-MM-RIO-2019-_-10-200x300.jpg 200w, https:\/\/morarmais.com.br\/mms\/wp-content\/uploads\/2020\/04\/5_-Mini-Ap\u00ea-Cores-Camila-Fleck-MM-RIO-2019-_-10-350x526.jpg 350w\" sizes=\"(max-width: 682px) 100vw, 682px\" \/><figcaption class=\"wp-block-jetpack-slideshow_caption gallery-caption\">Mini Ap\u00ea Cores &#8211; Camilla Fleck<\/figcaption><\/figure><\/li><li class=\"wp-block-jetpack-slideshow_slide swiper-slide\"><figure><img loading=\"lazy\" decoding=\"async\" width=\"1280\" height=\"853\" alt=\"\" class=\"wp-block-jetpack-slideshow_image wp-image-3081\" data-id=\"3081\" src=\"https:\/\/morarmais.com.br\/mms\/wp-content\/uploads\/2020\/04\/5_-Mini-Ap\u00ea-Cores-Camila-Fleck-MM-RIO-2019-_-3.jpg\" srcset=\"https:\/\/morarmais.com.br\/mms\/wp-content\/uploads\/2020\/04\/5_-Mini-Ap\u00ea-Cores-Camila-Fleck-MM-RIO-2019-_-3.jpg 1280w, https:\/\/morarmais.com.br\/mms\/wp-content\/uploads\/2020\/04\/5_-Mini-Ap\u00ea-Cores-Camila-Fleck-MM-RIO-2019-_-3-300x200.jpg 300w, https:\/\/morarmais.com.br\/mms\/wp-content\/uploads\/2020\/04\/5_-Mini-Ap\u00ea-Cores-Camila-Fleck-MM-RIO-2019-_-3-1024x682.jpg 1024w, https:\/\/morarmais.com.br\/mms\/wp-content\/uploads\/2020\/04\/5_-Mini-Ap\u00ea-Cores-Camila-Fleck-MM-RIO-2019-_-3-768x512.jpg 768w, https:\/\/morarmais.com.br\/mms\/wp-content\/uploads\/2020\/04\/5_-Mini-Ap\u00ea-Cores-Camila-Fleck-MM-RIO-2019-_-3-930x620.jpg 930w, https:\/\/morarmais.com.br\/mms\/wp-content\/uploads\/2020\/04\/5_-Mini-Ap\u00ea-Cores-Camila-Fleck-MM-RIO-2019-_-3-350x233.jpg 350w\" sizes=\"(max-width: 1280px) 100vw, 1280px\" \/><figcaption class=\"wp-block-jetpack-slideshow_caption gallery-caption\">Mini Ap\u00ea Cores &#8211; Camilla Fleck<\/figcaption><\/figure><\/li><li class=\"wp-block-jetpack-slideshow_slide swiper-slide\"><figure><img loading=\"lazy\" decoding=\"async\" width=\"701\" height=\"1024\" alt=\"\" class=\"wp-block-jetpack-slideshow_image wp-image-3083\" data-id=\"3083\" src=\"https:\/\/morarmais.com.br\/mms\/wp-content\/uploads\/2020\/04\/5_-Mini-Ap\u00ea-Cores-Camila-Fleck-MM-RIO-2019-_-5.jpg\" srcset=\"https:\/\/morarmais.com.br\/mms\/wp-content\/uploads\/2020\/04\/5_-Mini-Ap\u00ea-Cores-Camila-Fleck-MM-RIO-2019-_-5.jpg 701w, https:\/\/morarmais.com.br\/mms\/wp-content\/uploads\/2020\/04\/5_-Mini-Ap\u00ea-Cores-Camila-Fleck-MM-RIO-2019-_-5-205x300.jpg 205w, https:\/\/morarmais.com.br\/mms\/wp-content\/uploads\/2020\/04\/5_-Mini-Ap\u00ea-Cores-Camila-Fleck-MM-RIO-2019-_-5-350x511.jpg 350w\" sizes=\"(max-width: 701px) 100vw, 701px\" \/><figcaption class=\"wp-block-jetpack-slideshow_caption gallery-caption\">Mini Ap\u00ea Cores &#8211; Camilla Fleck<\/figcaption><\/figure><\/li><li class=\"wp-block-jetpack-slideshow_slide swiper-slide\"><figure><img loading=\"lazy\" decoding=\"async\" width=\"695\" height=\"1024\" alt=\"\" class=\"wp-block-jetpack-slideshow_image wp-image-3084\" data-id=\"3084\" src=\"https:\/\/morarmais.com.br\/mms\/wp-content\/uploads\/2020\/04\/5_-Mini-Ap\u00ea-Cores-Camila-Fleck-MM-RIO-2019-_-6.jpg\" srcset=\"https:\/\/morarmais.com.br\/mms\/wp-content\/uploads\/2020\/04\/5_-Mini-Ap\u00ea-Cores-Camila-Fleck-MM-RIO-2019-_-6.jpg 695w, https:\/\/morarmais.com.br\/mms\/wp-content\/uploads\/2020\/04\/5_-Mini-Ap\u00ea-Cores-Camila-Fleck-MM-RIO-2019-_-6-204x300.jpg 204w, https:\/\/morarmais.com.br\/mms\/wp-content\/uploads\/2020\/04\/5_-Mini-Ap\u00ea-Cores-Camila-Fleck-MM-RIO-2019-_-6-350x516.jpg 350w\" sizes=\"(max-width: 695px) 100vw, 695px\" \/><figcaption class=\"wp-block-jetpack-slideshow_caption gallery-caption\">Mini Ap\u00ea Cores &#8211; Camilla Fleck<\/figcaption><\/figure><\/li><li class=\"wp-block-jetpack-slideshow_slide swiper-slide\"><figure><img loading=\"lazy\" decoding=\"async\" width=\"682\" height=\"1024\" alt=\"\" class=\"wp-block-jetpack-slideshow_image wp-image-3085\" data-id=\"3085\" src=\"https:\/\/morarmais.com.br\/mms\/wp-content\/uploads\/2020\/04\/5_-Mini-Ap\u00ea-Cores-Camila-Fleck-MM-RIO-2019-_-7.jpg\" srcset=\"https:\/\/morarmais.com.br\/mms\/wp-content\/uploads\/2020\/04\/5_-Mini-Ap\u00ea-Cores-Camila-Fleck-MM-RIO-2019-_-7.jpg 682w, https:\/\/morarmais.com.br\/mms\/wp-content\/uploads\/2020\/04\/5_-Mini-Ap\u00ea-Cores-Camila-Fleck-MM-RIO-2019-_-7-200x300.jpg 200w, https:\/\/morarmais.com.br\/mms\/wp-content\/uploads\/2020\/04\/5_-Mini-Ap\u00ea-Cores-Camila-Fleck-MM-RIO-2019-_-7-350x526.jpg 350w\" sizes=\"(max-width: 682px) 100vw, 682px\" \/><figcaption class=\"wp-block-jetpack-slideshow_caption gallery-caption\">Mini Ap\u00ea Cores &#8211; Camilla Fleck<\/figcaption><\/figure><\/li><li class=\"wp-block-jetpack-slideshow_slide swiper-slide\"><figure><img loading=\"lazy\" decoding=\"async\" width=\"682\" height=\"1024\" alt=\"\" class=\"wp-block-jetpack-slideshow_image wp-image-3086\" data-id=\"3086\" src=\"https:\/\/morarmais.com.br\/mms\/wp-content\/uploads\/2020\/04\/5_-Mini-Ap\u00ea-Cores-Camila-Fleck-MM-RIO-2019-_-8.jpg\" srcset=\"https:\/\/morarmais.com.br\/mms\/wp-content\/uploads\/2020\/04\/5_-Mini-Ap\u00ea-Cores-Camila-Fleck-MM-RIO-2019-_-8.jpg 682w, https:\/\/morarmais.com.br\/mms\/wp-content\/uploads\/2020\/04\/5_-Mini-Ap\u00ea-Cores-Camila-Fleck-MM-RIO-2019-_-8-200x300.jpg 200w, https:\/\/morarmais.com.br\/mms\/wp-content\/uploads\/2020\/04\/5_-Mini-Ap\u00ea-Cores-Camila-Fleck-MM-RIO-2019-_-8-350x526.jpg 350w\" sizes=\"(max-width: 682px) 100vw, 682px\" \/><figcaption class=\"wp-block-jetpack-slideshow_caption gallery-caption\">Mini Ap\u00ea Cores &#8211; Camilla Fleck<\/figcaption><\/figure><\/li><li class=\"wp-block-jetpack-slideshow_slide swiper-slide\"><figure><img loading=\"lazy\" decoding=\"async\" width=\"1280\" height=\"853\" alt=\"\" class=\"wp-block-jetpack-slideshow_image wp-image-3087\" data-id=\"3087\" src=\"https:\/\/morarmais.com.br\/mms\/wp-content\/uploads\/2020\/04\/5_-Mini-Ap\u00ea-Cores-Camila-Fleck-MM-RIO-2019-_-9.jpg\" srcset=\"https:\/\/morarmais.com.br\/mms\/wp-content\/uploads\/2020\/04\/5_-Mini-Ap\u00ea-Cores-Camila-Fleck-MM-RIO-2019-_-9.jpg 1280w, https:\/\/morarmais.com.br\/mms\/wp-content\/uploads\/2020\/04\/5_-Mini-Ap\u00ea-Cores-Camila-Fleck-MM-RIO-2019-_-9-300x200.jpg 300w, https:\/\/morarmais.com.br\/mms\/wp-content\/uploads\/2020\/04\/5_-Mini-Ap\u00ea-Cores-Camila-Fleck-MM-RIO-2019-_-9-1024x682.jpg 1024w, https:\/\/morarmais.com.br\/mms\/wp-content\/uploads\/2020\/04\/5_-Mini-Ap\u00ea-Cores-Camila-Fleck-MM-RIO-2019-_-9-768x512.jpg 768w, https:\/\/morarmais.com.br\/mms\/wp-content\/uploads\/2020\/04\/5_-Mini-Ap\u00ea-Cores-Camila-Fleck-MM-RIO-2019-_-9-930x620.jpg 930w, https:\/\/morarmais.com.br\/mms\/wp-content\/uploads\/2020\/04\/5_-Mini-Ap\u00ea-Cores-Camila-Fleck-MM-RIO-2019-_-9-350x233.jpg 350w\" sizes=\"(max-width: 1280px) 100vw, 1280px\" \/><figcaption class=\"wp-block-jetpack-slideshow_caption gallery-caption\">Mini Ap\u00ea Cores &#8211; Camilla Fleck<\/figcaption><\/figure><\/li><\/ul><a class=\"wp-block-jetpack-slideshow_button-prev swiper-button-prev swiper-button-white\" role=\"button\"><\/a><a class=\"wp-block-jetpack-slideshow_button-next swiper-button-next swiper-button-white\" role=\"button\"><\/a><a aria-label=\"Pause Slideshow\" class=\"wp-block-jetpack-slideshow_button-pause\" role=\"button\"><\/a><div class=\"wp-block-jetpack-slideshow_pagination swiper-pagination swiper-pagination-white\"><\/div><\/div><\/div>\n\n\n\n<h4 class=\"wp-block-heading\"><strong>\u2022 VE\u00cdCULOS DE IMPRENSA. <\/strong><\/h4>\n\n\n\n<p>Leia atentamente os ve\u00edculos onde voc\u00ea gostaria de ver seus projetos publicados; repare no estilo de decora\u00e7\u00e3o predominante (cada ve\u00edculo tem uma linha editorial, uma prefer\u00eancia), na forma como os ambientes foram produzidos, nos enquadramentos, na luz&#8230;&nbsp;<\/p>\n\n\n\n<figure class=\"wp-block-gallery columns-3 is-cropped wp-block-gallery-1 is-layout-flex wp-block-gallery-is-layout-flex\"><ul class=\"blocks-gallery-grid\"><li class=\"blocks-gallery-item\"><figure><a href=\"https:\/\/morarmais.com.br\/mms\/wp-content\/uploads\/2020\/04\/5_-Mini-Ape\u0302-Cores-Camila-Fleck-MM-RIO-2019-_-4-1024x682.jpg\"><img loading=\"lazy\" decoding=\"async\" width=\"1024\" height=\"682\" src=\"https:\/\/morarmais.com.br\/mms\/wp-content\/uploads\/2020\/04\/5_-Mini-Ape\u0302-Cores-Camila-Fleck-MM-RIO-2019-_-4-1024x682.jpg\" alt=\"\" data-id=\"3089\" data-link=\"https:\/\/morarmais.com.br\/mms\/?attachment_id=3089\" class=\"wp-image-3089\" srcset=\"https:\/\/morarmais.com.br\/mms\/wp-content\/uploads\/2020\/04\/5_-Mini-Ape\u0302-Cores-Camila-Fleck-MM-RIO-2019-_-4-1024x682.jpg 1024w, https:\/\/morarmais.com.br\/mms\/wp-content\/uploads\/2020\/04\/5_-Mini-Ape\u0302-Cores-Camila-Fleck-MM-RIO-2019-_-4-300x200.jpg 300w, https:\/\/morarmais.com.br\/mms\/wp-content\/uploads\/2020\/04\/5_-Mini-Ape\u0302-Cores-Camila-Fleck-MM-RIO-2019-_-4-768x512.jpg 768w, https:\/\/morarmais.com.br\/mms\/wp-content\/uploads\/2020\/04\/5_-Mini-Ape\u0302-Cores-Camila-Fleck-MM-RIO-2019-_-4-930x620.jpg 930w, https:\/\/morarmais.com.br\/mms\/wp-content\/uploads\/2020\/04\/5_-Mini-Ape\u0302-Cores-Camila-Fleck-MM-RIO-2019-_-4-350x233.jpg 350w, https:\/\/morarmais.com.br\/mms\/wp-content\/uploads\/2020\/04\/5_-Mini-Ape\u0302-Cores-Camila-Fleck-MM-RIO-2019-_-4.jpg 1280w\" sizes=\"(max-width: 1024px) 100vw, 1024px\" \/><\/a><figcaption class=\"blocks-gallery-item__caption\">Mini Ap\u00ea Cores &#8211; Camila Fleck<\/figcaption><\/figure><\/li><li class=\"blocks-gallery-item\"><figure><a href=\"https:\/\/morarmais.com.br\/mms\/wp-content\/uploads\/2020\/04\/6_-Quarto-da-Ma\u0303e-Solo-Viviana-Alvadia-MM-RIO-2019-200x300.jpg\"><img loading=\"lazy\" decoding=\"async\" width=\"200\" height=\"300\" src=\"https:\/\/morarmais.com.br\/mms\/wp-content\/uploads\/2020\/04\/6_-Quarto-da-Ma\u0303e-Solo-Viviana-Alvadia-MM-RIO-2019-200x300.jpg\" alt=\"\" data-id=\"3090\" data-link=\"https:\/\/morarmais.com.br\/mms\/?attachment_id=3090\" class=\"wp-image-3090\" srcset=\"https:\/\/morarmais.com.br\/mms\/wp-content\/uploads\/2020\/04\/6_-Quarto-da-Ma\u0303e-Solo-Viviana-Alvadia-MM-RIO-2019-200x300.jpg 200w, https:\/\/morarmais.com.br\/mms\/wp-content\/uploads\/2020\/04\/6_-Quarto-da-Ma\u0303e-Solo-Viviana-Alvadia-MM-RIO-2019-350x526.jpg 350w, https:\/\/morarmais.com.br\/mms\/wp-content\/uploads\/2020\/04\/6_-Quarto-da-Ma\u0303e-Solo-Viviana-Alvadia-MM-RIO-2019.jpg 682w\" sizes=\"(max-width: 200px) 100vw, 200px\" \/><\/a><figcaption class=\"blocks-gallery-item__caption\">Quarto da M\u00e3e Solo &#8211; Viviana Alvadia<\/figcaption><\/figure><\/li><li class=\"blocks-gallery-item\"><figure><a href=\"https:\/\/morarmais.com.br\/mms\/wp-content\/uploads\/2020\/04\/18_-Quarto-Paranaue\u0302-Karla-Khalil-e-Luciane-Borges-do-Carmo-MM-RIO-2019-1024x682.jpg\"><img loading=\"lazy\" decoding=\"async\" width=\"1024\" height=\"682\" src=\"https:\/\/morarmais.com.br\/mms\/wp-content\/uploads\/2020\/04\/18_-Quarto-Paranaue\u0302-Karla-Khalil-e-Luciane-Borges-do-Carmo-MM-RIO-2019-1024x682.jpg\" alt=\"\" data-id=\"3092\" data-link=\"https:\/\/morarmais.com.br\/mms\/?attachment_id=3092\" class=\"wp-image-3092\" srcset=\"https:\/\/morarmais.com.br\/mms\/wp-content\/uploads\/2020\/04\/18_-Quarto-Paranaue\u0302-Karla-Khalil-e-Luciane-Borges-do-Carmo-MM-RIO-2019-1024x682.jpg 1024w, https:\/\/morarmais.com.br\/mms\/wp-content\/uploads\/2020\/04\/18_-Quarto-Paranaue\u0302-Karla-Khalil-e-Luciane-Borges-do-Carmo-MM-RIO-2019-300x200.jpg 300w, https:\/\/morarmais.com.br\/mms\/wp-content\/uploads\/2020\/04\/18_-Quarto-Paranaue\u0302-Karla-Khalil-e-Luciane-Borges-do-Carmo-MM-RIO-2019-768x512.jpg 768w, https:\/\/morarmais.com.br\/mms\/wp-content\/uploads\/2020\/04\/18_-Quarto-Paranaue\u0302-Karla-Khalil-e-Luciane-Borges-do-Carmo-MM-RIO-2019-930x620.jpg 930w, https:\/\/morarmais.com.br\/mms\/wp-content\/uploads\/2020\/04\/18_-Quarto-Paranaue\u0302-Karla-Khalil-e-Luciane-Borges-do-Carmo-MM-RIO-2019-350x233.jpg 350w, https:\/\/morarmais.com.br\/mms\/wp-content\/uploads\/2020\/04\/18_-Quarto-Paranaue\u0302-Karla-Khalil-e-Luciane-Borges-do-Carmo-MM-RIO-2019.jpg 1280w\" sizes=\"(max-width: 1024px) 100vw, 1024px\" \/><\/a><figcaption class=\"blocks-gallery-item__caption\">Quarto Paranau\u00ea &#8211; Karla Khalil e Luciane Borges do Carmo<\/figcaption><\/figure><\/li><li class=\"blocks-gallery-item\"><figure><a href=\"https:\/\/morarmais.com.br\/mms\/wp-content\/uploads\/2020\/04\/31_-Sala-de-Jantar-Nata\u0301lia-Viviani-MM-RIO-2019-1024x690.jpg\"><img loading=\"lazy\" decoding=\"async\" width=\"1024\" height=\"690\" src=\"https:\/\/morarmais.com.br\/mms\/wp-content\/uploads\/2020\/04\/31_-Sala-de-Jantar-Nata\u0301lia-Viviani-MM-RIO-2019-1024x690.jpg\" alt=\"\" data-id=\"3093\" data-link=\"https:\/\/morarmais.com.br\/mms\/?attachment_id=3093\" class=\"wp-image-3093\" srcset=\"https:\/\/morarmais.com.br\/mms\/wp-content\/uploads\/2020\/04\/31_-Sala-de-Jantar-Nata\u0301lia-Viviani-MM-RIO-2019-1024x690.jpg 1024w, https:\/\/morarmais.com.br\/mms\/wp-content\/uploads\/2020\/04\/31_-Sala-de-Jantar-Nata\u0301lia-Viviani-MM-RIO-2019-300x202.jpg 300w, https:\/\/morarmais.com.br\/mms\/wp-content\/uploads\/2020\/04\/31_-Sala-de-Jantar-Nata\u0301lia-Viviani-MM-RIO-2019-768x518.jpg 768w, https:\/\/morarmais.com.br\/mms\/wp-content\/uploads\/2020\/04\/31_-Sala-de-Jantar-Nata\u0301lia-Viviani-MM-RIO-2019-350x236.jpg 350w, https:\/\/morarmais.com.br\/mms\/wp-content\/uploads\/2020\/04\/31_-Sala-de-Jantar-Nata\u0301lia-Viviani-MM-RIO-2019.jpg 1280w\" sizes=\"(max-width: 1024px) 100vw, 1024px\" \/><\/a><figcaption class=\"blocks-gallery-item__caption\">Sala de Jantar &#8211; Nat\u00e1lia Viviani<\/figcaption><\/figure><\/li><li class=\"blocks-gallery-item\"><figure><a href=\"https:\/\/morarmais.com.br\/mms\/wp-content\/uploads\/2020\/04\/16_-Quarto-dos-Irma\u0303os-Cris-Polli-e-Raquel-Martins-MM-RIO-2019-1024x682.jpg\"><img loading=\"lazy\" decoding=\"async\" width=\"1024\" height=\"682\" src=\"https:\/\/morarmais.com.br\/mms\/wp-content\/uploads\/2020\/04\/16_-Quarto-dos-Irma\u0303os-Cris-Polli-e-Raquel-Martins-MM-RIO-2019-1024x682.jpg\" alt=\"\" data-id=\"3091\" data-link=\"https:\/\/morarmais.com.br\/mms\/?attachment_id=3091\" class=\"wp-image-3091\" srcset=\"https:\/\/morarmais.com.br\/mms\/wp-content\/uploads\/2020\/04\/16_-Quarto-dos-Irma\u0303os-Cris-Polli-e-Raquel-Martins-MM-RIO-2019-1024x682.jpg 1024w, https:\/\/morarmais.com.br\/mms\/wp-content\/uploads\/2020\/04\/16_-Quarto-dos-Irma\u0303os-Cris-Polli-e-Raquel-Martins-MM-RIO-2019-300x200.jpg 300w, https:\/\/morarmais.com.br\/mms\/wp-content\/uploads\/2020\/04\/16_-Quarto-dos-Irma\u0303os-Cris-Polli-e-Raquel-Martins-MM-RIO-2019-768x512.jpg 768w, https:\/\/morarmais.com.br\/mms\/wp-content\/uploads\/2020\/04\/16_-Quarto-dos-Irma\u0303os-Cris-Polli-e-Raquel-Martins-MM-RIO-2019-930x620.jpg 930w, https:\/\/morarmais.com.br\/mms\/wp-content\/uploads\/2020\/04\/16_-Quarto-dos-Irma\u0303os-Cris-Polli-e-Raquel-Martins-MM-RIO-2019-350x233.jpg 350w, https:\/\/morarmais.com.br\/mms\/wp-content\/uploads\/2020\/04\/16_-Quarto-dos-Irma\u0303os-Cris-Polli-e-Raquel-Martins-MM-RIO-2019.jpg 1280w\" sizes=\"(max-width: 1024px) 100vw, 1024px\" \/><\/a><figcaption class=\"blocks-gallery-item__caption\">Quarto dos Irm\u00e3os &#8211; Cris Polli e Raquel Martins<\/figcaption><\/figure><\/li><\/ul><\/figure>\n\n\n\n<p><\/p>\n\n\n\n<p><a rel=\"noreferrer noopener\" href=\"https:\/\/lschuback.com.br\/portfolio\/agosto-2019\/#jp-carousel-2380\" target=\"_blank\">Clique aqui <\/a>e veja esses ambientes na mat\u00e9ria de capa do caderno Morar Bem do jornal O Globo com foco nas paredes com pinturas artesanais.<\/p>\n\n\n\n<p><\/p>\n\n\n\n<div id=\"wp-block-themeisle-blocks-slider-50f922ae\" class=\"wp-block-themeisle-blocks-slider glide\" data-per-view=\"1\" data-gap=\"0\" data-peek=\"0\" data-autoplay=\"7000\" data-height=\"484px\"><div class=\"glide__track\" data-glide-el=\"track\"><div class=\"glide__slides\"><div class=\"wp-block-themeisle-blocks-slider-item-wrapper glide__slide\" tabindex=\"0\"><figure><img decoding=\"async\" class=\"wp-block-themeisle-blocks-slider-item\" src=\"https:\/\/morarmais.com.br\/mms\/wp-content\/uploads\/2020\/04\/36_-Apartamento-Quinto-Andar-Marcella-Bacellar-MM-Rio-2019-2.jpg\" alt=\"\" title=\"\" data-id=\"3098\"\/><figcaption>Apartamento Quinto Andar &#8211; Marcella Bacellar<\/figcaption><\/figure><\/div><div class=\"wp-block-themeisle-blocks-slider-item-wrapper glide__slide\" tabindex=\"0\"><figure><img decoding=\"async\" class=\"wp-block-themeisle-blocks-slider-item\" src=\"https:\/\/morarmais.com.br\/mms\/wp-content\/uploads\/2020\/04\/36_-Apartamento-Quinto-Andar-Marcella-Bacellar-MM-Rio-2019.jpg\" alt=\"\" title=\"\" data-id=\"3100\"\/><figcaption>Apartamento Quinto Andar &#8211; Marcella Bacellar<\/figcaption><\/figure><\/div><\/div><div class=\"glide__arrows\" data-glide-el=\"controls\"><button class=\"glide__arrow glide__arrow--left\" data-glide-dir=\"<\"><svg xmlns=\"http:\/\/www.w3.org\/2000\/svg\" width=\"18\" height=\"18\" viewbox=\"0 0 100 100\" role=\"img\" aria-hidden=\"true\" focusable=\"false\"><path d=\"M 10,50 L 60,100 L 70,90 L 30,50  L 70,10 L 60,0 Z\"><\/path><\/svg><\/button><button class=\"glide__arrow glide__arrow--right\" data-glide-dir=\"&gt;\"><svg xmlns=\"http:\/\/www.w3.org\/2000\/svg\" width=\"18\" height=\"18\" viewbox=\"0 0 100 100\" role=\"img\" aria-hidden=\"true\" focusable=\"false\"><path d=\"M 10,50 L 60,100 L 70,90 L 30,50  L 70,10 L 60,0 Z\"><\/path><\/svg><\/button><\/div><div class=\"glide__bullets\" data-glide-el=\"controls[nav]\"><button class=\"glide__bullet\" data-glide-dir=\"=0\"><\/button><button class=\"glide__bullet\" data-glide-dir=\"=1\"><\/button><\/div><\/div><\/div>\n\n\n\n<p><br><a href=\"https:\/\/lschuback.com.br\/portfolio\/setembro-2019\/#jp-carousel-2507\" target=\"_blank\" rel=\"noreferrer noopener\">Clique aqui<\/a> e veja a mat\u00e9ria publicada no Jornal Extra com esse ambiente.<\/p>\n\n\n\n<p><\/p>\n\n\n\n<h4 class=\"wp-block-heading\"><strong>\u2022 LOG\u00cdSTICA DE PRODU\u00c7\u00c3O. <\/strong><\/h4>\n\n\n\n<p>Antes agendar as fotos dos projetos, monte uma log\u00edstica de produ\u00e7\u00e3o com a ajuda de parceiros fornecedores: tapetes coloridos e gr\u00e1ficos, composi\u00e7\u00e3o de almofadas mesclando texturas, estampas e cores, roupas de cama despojadas e alegres, objetos divertidos, muitos livros, arranjos de flores, plantas, quadros de grande impacto visual&#8230; valorizam as fotos e ajudam na aprova\u00e7\u00e3o dos projetos. D\u00e1 trabalho, mas compensa!<\/p>\n\n\n\n<div id=\"wp-block-themeisle-blocks-slider-d6c9f2f1\" class=\"wp-block-themeisle-blocks-slider glide\" data-per-view=\"1\" data-gap=\"0\" data-peek=\"0\" data-autoplay=\"7000\" data-height=\"484px\"><div class=\"glide__track\" data-glide-el=\"track\"><div class=\"glide__slides\"><div class=\"wp-block-themeisle-blocks-slider-item-wrapper glide__slide\" tabindex=\"0\"><figure><img decoding=\"async\" class=\"wp-block-themeisle-blocks-slider-item\" src=\"https:\/\/morarmais.com.br\/mms\/wp-content\/uploads\/2020\/04\/26-Cozinha-Aconchegante-por-Thaisa-Camargo-Julia-Herman-Fotografia-56-6-1.jpg\" alt=\"\" title=\"\" data-id=\"3115\"\/><figcaption>Cozinha Aconchegante por Thaisa Camargo &#8211; Julia Herman Fotografia<\/figcaption><\/figure><\/div><div class=\"wp-block-themeisle-blocks-slider-item-wrapper glide__slide\" tabindex=\"0\"><figure><img decoding=\"async\" class=\"wp-block-themeisle-blocks-slider-item\" src=\"https:\/\/morarmais.com.br\/mms\/wp-content\/uploads\/2020\/04\/46.-Quarto-do-Filho-Adolescente-Carina-Pederzoli-e-Rodrigo-Amaral-3-1.jpg\" alt=\"\" title=\"\" data-id=\"3117\"\/><figcaption>Quarto do Filho Adolescente &#8211; Carina Pederzoli e Rodrigo Amaral<\/figcaption><\/figure><\/div><div class=\"wp-block-themeisle-blocks-slider-item-wrapper glide__slide\" tabindex=\"0\"><figure><img decoding=\"async\" class=\"wp-block-themeisle-blocks-slider-item\" src=\"https:\/\/morarmais.com.br\/mms\/wp-content\/uploads\/2020\/04\/Loft-da-Estudante-South-Arquitetura-POA-130-1-scaled.jpg\" alt=\"\" title=\"\" data-id=\"3118\"\/><figcaption>Loft da Estudante &#8211; South Arquitetura<\/figcaption><\/figure><\/div><div class=\"wp-block-themeisle-blocks-slider-item-wrapper glide__slide\" tabindex=\"0\"><figure><img decoding=\"async\" class=\"wp-block-themeisle-blocks-slider-item\" src=\"https:\/\/morarmais.com.br\/mms\/wp-content\/uploads\/2020\/04\/studio-ideli-bg-arquitetura-1-scaled.jpg\" alt=\"\" title=\"\" data-id=\"3119\"\/><figcaption>St\u00fado Ideli &#8211; BG Arquitetura<\/figcaption><\/figure><\/div><\/div><div class=\"glide__arrows\" data-glide-el=\"controls\"><button class=\"glide__arrow glide__arrow--left\" data-glide-dir=\"<\"><svg xmlns=\"http:\/\/www.w3.org\/2000\/svg\" width=\"18\" height=\"18\" viewbox=\"0 0 100 100\" role=\"img\" aria-hidden=\"true\" focusable=\"false\"><path d=\"M 10,50 L 60,100 L 70,90 L 30,50  L 70,10 L 60,0 Z\"><\/path><\/svg><\/button><button class=\"glide__arrow glide__arrow--right\" data-glide-dir=\"&gt;\"><svg xmlns=\"http:\/\/www.w3.org\/2000\/svg\" width=\"18\" height=\"18\" viewbox=\"0 0 100 100\" role=\"img\" aria-hidden=\"true\" focusable=\"false\"><path d=\"M 10,50 L 60,100 L 70,90 L 30,50  L 70,10 L 60,0 Z\"><\/path><\/svg><\/button><\/div><div class=\"glide__bullets\" data-glide-el=\"controls[nav]\"><button class=\"glide__bullet\" data-glide-dir=\"=0\"><\/button><button class=\"glide__bullet\" data-glide-dir=\"=1\"><\/button><button class=\"glide__bullet\" data-glide-dir=\"=2\"><\/button><button class=\"glide__bullet\" data-glide-dir=\"=3\"><\/button><\/div><\/div><\/div>\n\n\n\n<p><\/p>\n\n\n\n<h4 class=\"wp-block-heading\"><strong>\u2022 FOT\u00d3GRAFO ESPECIALIZADO. <\/strong><\/h4>\n\n\n\n<p>Contrate um fot\u00f3grafo experiente e especializado em arquitetura e decora\u00e7\u00e3o, de prefer\u00eancia com projetos j\u00e1 publicados em ve\u00edculos especializados.<\/p>\n\n\n\n<h4 class=\"wp-block-heading\"><strong>\u2022 LUZ NATURAL, SEMPRE! <\/strong><\/h4>\n\n\n\n<p>S\u00f3 use luz artificial nas fotos em \u00faltimo caso. As revistas e sites de maior prest\u00edgio no Brasil seguem o padr\u00e3o europeu, que privilegia ambientes inundados de luz natural.<\/p>\n\n\n\n<div id=\"wp-block-themeisle-blocks-slider-90590be2\" class=\"wp-block-themeisle-blocks-slider glide\" data-per-view=\"1\" data-gap=\"0\" data-peek=\"0\" data-autoplay=\"7000\" data-height=\"484px\"><div class=\"glide__track\" data-glide-el=\"track\"><div class=\"glide__slides\"><div class=\"wp-block-themeisle-blocks-slider-item-wrapper glide__slide\" tabindex=\"0\"><figure><img decoding=\"async\" class=\"wp-block-themeisle-blocks-slider-item\" src=\"https:\/\/morarmais.com.br\/mms\/wp-content\/uploads\/2020\/04\/22.-Canto-de-Trabalho-Ju-Bortolotto-3.jpg\" alt=\"\" title=\"\" data-id=\"3122\"\/><figcaption>Canto de Trabalho &#8211; Ju Bortolotto<\/figcaption><\/figure><\/div><div class=\"wp-block-themeisle-blocks-slider-item-wrapper glide__slide\" tabindex=\"0\"><figure><img decoding=\"async\" class=\"wp-block-themeisle-blocks-slider-item\" src=\"https:\/\/morarmais.com.br\/mms\/wp-content\/uploads\/2020\/04\/22.1-ESTAR-MULTIMI\u0301DIA-QUINTO-ANDAR-Rafael-Medeiros.jpg\" alt=\"\" title=\"\" data-id=\"3123\"\/><figcaption>ESTAR MULTIMI\u0301DIA &#8211; QUINTO ANDAR &#8211; Rafael Medeiros<\/figcaption><\/figure><\/div><div class=\"wp-block-themeisle-blocks-slider-item-wrapper glide__slide\" tabindex=\"0\"><figure><img decoding=\"async\" class=\"wp-block-themeisle-blocks-slider-item\" src=\"https:\/\/morarmais.com.br\/mms\/wp-content\/uploads\/2020\/04\/29_-Mini-Apartamento-Millennial-David-Luiz-Juliana-Drumond-e-Jessica-Mendes-MM-RIO-2019.jpg\" alt=\"\" title=\"\" data-id=\"3124\"\/><figcaption>Mini Apartamento Millennial David Luiz, Juliana Drumond e Jessica Mendes<\/figcaption><\/figure><\/div><div class=\"wp-block-themeisle-blocks-slider-item-wrapper glide__slide\" tabindex=\"0\"><figure><img decoding=\"async\" class=\"wp-block-themeisle-blocks-slider-item\" src=\"https:\/\/morarmais.com.br\/mms\/wp-content\/uploads\/2020\/04\/41_-Su\u00edte-Integrada-Apartamento-Amoedo-Manoela-Fleck-MM-RIO-2019-2.jpg\" alt=\"\" title=\"\" data-id=\"3125\"\/><figcaption>Su\u00edte Integrada &#8211; Apartamento Amoedo &#8211; Manoela Fleck<\/figcaption><\/figure><\/div><div class=\"wp-block-themeisle-blocks-slider-item-wrapper glide__slide\" tabindex=\"0\"><figure><img decoding=\"async\" class=\"wp-block-themeisle-blocks-slider-item\" src=\"https:\/\/morarmais.com.br\/mms\/wp-content\/uploads\/2020\/04\/44.-Est\u00fadio-Lar-Doce-Casa-Fadul-Copello-cr\u00e9dito-Raphael-Biest-1.jpg\" alt=\"\" title=\"\" data-id=\"3126\"\/><figcaption>Est\u00fadio Lar Doce Casa &#8211; Fadul Copello &#8211; cr\u00e9dito Raphael Biest<\/figcaption><\/figure><\/div><div class=\"wp-block-themeisle-blocks-slider-item-wrapper glide__slide\" tabindex=\"0\"><figure><img decoding=\"async\" class=\"wp-block-themeisle-blocks-slider-item\" src=\"https:\/\/morarmais.com.br\/mms\/wp-content\/uploads\/2020\/04\/48_-Adega-Rodrigo-Rochet-MM-RIO-2019.jpg\" alt=\"\" title=\"\" data-id=\"3127\"\/><figcaption>Adega- Rodrigo Rochet<\/figcaption><\/figure><\/div><\/div><div class=\"glide__arrows\" data-glide-el=\"controls\"><button class=\"glide__arrow glide__arrow--left\" data-glide-dir=\"<\"><svg xmlns=\"http:\/\/www.w3.org\/2000\/svg\" width=\"18\" height=\"18\" viewbox=\"0 0 100 100\" role=\"img\" aria-hidden=\"true\" focusable=\"false\"><path d=\"M 10,50 L 60,100 L 70,90 L 30,50  L 70,10 L 60,0 Z\"><\/path><\/svg><\/button><button class=\"glide__arrow glide__arrow--right\" data-glide-dir=\"&gt;\"><svg xmlns=\"http:\/\/www.w3.org\/2000\/svg\" width=\"18\" height=\"18\" viewbox=\"0 0 100 100\" role=\"img\" aria-hidden=\"true\" focusable=\"false\"><path d=\"M 10,50 L 60,100 L 70,90 L 30,50  L 70,10 L 60,0 Z\"><\/path><\/svg><\/button><\/div><div class=\"glide__bullets\" data-glide-el=\"controls[nav]\"><button class=\"glide__bullet\" data-glide-dir=\"=0\"><\/button><button class=\"glide__bullet\" data-glide-dir=\"=1\"><\/button><button class=\"glide__bullet\" data-glide-dir=\"=2\"><\/button><button class=\"glide__bullet\" data-glide-dir=\"=3\"><\/button><button class=\"glide__bullet\" data-glide-dir=\"=4\"><\/button><button class=\"glide__bullet\" data-glide-dir=\"=5\"><\/button><\/div><\/div><\/div>\n\n\n\n<p><\/p>\n\n\n\n<h4 class=\"wp-block-heading\"><strong>\u2022 FOTOS DOS MORADORES EM CASA. <\/strong><\/h4>\n\n\n\n<p>Conven\u00e7a seus clientes (moradores) a fazerem uma foto descontra\u00edda em casa, pois os ve\u00edculos tem buscado humanizar suas mat\u00e9rias. \u00c9 comum ve\u00edculos de grande prest\u00edgio deixaram de publicar projetos incr\u00edveis porque os moradores se recusaram a \u201caparecer\u201d nas fotos.<\/p>\n\n\n\n<figure class=\"wp-block-gallery columns-3 is-cropped wp-block-gallery-2 is-layout-flex wp-block-gallery-is-layout-flex\"><ul class=\"blocks-gallery-grid\"><li class=\"blocks-gallery-item\"><figure><a href=\"https:\/\/i0.wp.com\/morarmais.com.br\/mms\/wp-content\/uploads\/2020\/04\/Arquiteta-Nayara-Macedo-com-o-filho-em-seu-apartamento-em-Miami.jpeg?fit=853%2C1280&amp;ssl=1\"><img loading=\"lazy\" decoding=\"async\" width=\"853\" height=\"1280\" src=\"https:\/\/i0.wp.com\/morarmais.com.br\/mms\/wp-content\/uploads\/2020\/04\/Arquiteta-Nayara-Macedo-com-o-filho-em-seu-apartamento-em-Miami.jpeg?fit=682%2C1024&amp;ssl=1\" alt=\"\" data-id=\"3137\" data-full-url=\"https:\/\/i0.wp.com\/morarmais.com.br\/mms\/wp-content\/uploads\/2020\/04\/Arquiteta-Nayara-Macedo-com-o-filho-em-seu-apartamento-em-Miami.jpeg?fit=853%2C1280&amp;ssl=1\" data-link=\"https:\/\/morarmais.com.br\/mms\/?attachment_id=3137\" class=\"wp-image-3137\" srcset=\"https:\/\/morarmais.com.br\/mms\/wp-content\/uploads\/2020\/04\/Arquiteta-Nayara-Macedo-com-o-filho-em-seu-apartamento-em-Miami.jpeg 853w, https:\/\/morarmais.com.br\/mms\/wp-content\/uploads\/2020\/04\/Arquiteta-Nayara-Macedo-com-o-filho-em-seu-apartamento-em-Miami-200x300.jpeg 200w, https:\/\/morarmais.com.br\/mms\/wp-content\/uploads\/2020\/04\/Arquiteta-Nayara-Macedo-com-o-filho-em-seu-apartamento-em-Miami-682x1024.jpeg 682w, https:\/\/morarmais.com.br\/mms\/wp-content\/uploads\/2020\/04\/Arquiteta-Nayara-Macedo-com-o-filho-em-seu-apartamento-em-Miami-768x1152.jpeg 768w, https:\/\/morarmais.com.br\/mms\/wp-content\/uploads\/2020\/04\/Arquiteta-Nayara-Macedo-com-o-filho-em-seu-apartamento-em-Miami-350x525.jpeg 350w\" sizes=\"(max-width: 853px) 100vw, 853px\" \/><\/a><\/figure><\/li><li class=\"blocks-gallery-item\"><figure><a href=\"https:\/\/i0.wp.com\/morarmais.com.br\/mms\/wp-content\/uploads\/2020\/04\/Arquiteta-Nayara-Macedo-em-seu-apartamento-em-Miami.jpeg?fit=850%2C1280&amp;ssl=1\"><img loading=\"lazy\" decoding=\"async\" width=\"850\" height=\"1280\" src=\"https:\/\/i0.wp.com\/morarmais.com.br\/mms\/wp-content\/uploads\/2020\/04\/Arquiteta-Nayara-Macedo-em-seu-apartamento-em-Miami.jpeg?fit=680%2C1024&amp;ssl=1\" alt=\"\" data-id=\"3138\" data-full-url=\"https:\/\/i0.wp.com\/morarmais.com.br\/mms\/wp-content\/uploads\/2020\/04\/Arquiteta-Nayara-Macedo-em-seu-apartamento-em-Miami.jpeg?fit=850%2C1280&amp;ssl=1\" data-link=\"https:\/\/morarmais.com.br\/mms\/?attachment_id=3138\" class=\"wp-image-3138\" srcset=\"https:\/\/morarmais.com.br\/mms\/wp-content\/uploads\/2020\/04\/Arquiteta-Nayara-Macedo-em-seu-apartamento-em-Miami.jpeg 850w, https:\/\/morarmais.com.br\/mms\/wp-content\/uploads\/2020\/04\/Arquiteta-Nayara-Macedo-em-seu-apartamento-em-Miami-199x300.jpeg 199w, https:\/\/morarmais.com.br\/mms\/wp-content\/uploads\/2020\/04\/Arquiteta-Nayara-Macedo-em-seu-apartamento-em-Miami-680x1024.jpeg 680w, https:\/\/morarmais.com.br\/mms\/wp-content\/uploads\/2020\/04\/Arquiteta-Nayara-Macedo-em-seu-apartamento-em-Miami-768x1157.jpeg 768w, https:\/\/morarmais.com.br\/mms\/wp-content\/uploads\/2020\/04\/Arquiteta-Nayara-Macedo-em-seu-apartamento-em-Miami-350x527.jpeg 350w\" sizes=\"(max-width: 850px) 100vw, 850px\" \/><\/a><\/figure><\/li><li class=\"blocks-gallery-item\"><figure><a href=\"https:\/\/i0.wp.com\/morarmais.com.br\/mms\/wp-content\/uploads\/2020\/04\/Arquiteta-Nayara-Macedo.jpeg?fit=853%2C1280&amp;ssl=1\"><img loading=\"lazy\" decoding=\"async\" width=\"853\" height=\"1280\" src=\"https:\/\/i0.wp.com\/morarmais.com.br\/mms\/wp-content\/uploads\/2020\/04\/Arquiteta-Nayara-Macedo.jpeg?fit=682%2C1024&amp;ssl=1\" alt=\"\" data-id=\"3139\" data-full-url=\"https:\/\/i0.wp.com\/morarmais.com.br\/mms\/wp-content\/uploads\/2020\/04\/Arquiteta-Nayara-Macedo.jpeg?fit=853%2C1280&amp;ssl=1\" data-link=\"https:\/\/morarmais.com.br\/mms\/?attachment_id=3139\" class=\"wp-image-3139\" srcset=\"https:\/\/morarmais.com.br\/mms\/wp-content\/uploads\/2020\/04\/Arquiteta-Nayara-Macedo.jpeg 853w, https:\/\/morarmais.com.br\/mms\/wp-content\/uploads\/2020\/04\/Arquiteta-Nayara-Macedo-200x300.jpeg 200w, https:\/\/morarmais.com.br\/mms\/wp-content\/uploads\/2020\/04\/Arquiteta-Nayara-Macedo-682x1024.jpeg 682w, https:\/\/morarmais.com.br\/mms\/wp-content\/uploads\/2020\/04\/Arquiteta-Nayara-Macedo-768x1152.jpeg 768w, https:\/\/morarmais.com.br\/mms\/wp-content\/uploads\/2020\/04\/Arquiteta-Nayara-Macedo-350x525.jpeg 350w\" sizes=\"(max-width: 853px) 100vw, 853px\" \/><\/a><\/figure><\/li><\/ul><figcaption class=\"blocks-gallery-caption\">Arquiteta Nayara Macedo com o filho em seu apartamento, em Miami.<\/figcaption><\/figure>\n\n\n\n<p><\/p>\n\n\n\n<h4 class=\"wp-block-heading\"><strong>\u2022 RETRATO DO ARQUITETO. <\/strong><\/h4>\n\n\n\n<p>Al\u00e9m das fotos dos moradores, \u00e9 importante solicitar ao fot\u00f3grafo uma foto sua (retrato) em um ambiente do projeto a ser divulgado. D\u00ea prefer\u00eancia a roupas de cores neutras e estilo mais casual para n\u00e3o competir com a decora\u00e7\u00e3o do espa\u00e7o. O visual leve e despojado, sem excessos, costuma ser melhor aceito pelos jornalistas.<\/p>\n\n\n\n<figure class=\"wp-block-image size-large is-resized\"><img loading=\"lazy\" decoding=\"async\" src=\"https:\/\/morarmais.com.br\/mms\/wp-content\/uploads\/2020\/04\/31_-Sala-de-Jantar-Nat\u00e1lia-Viviani-MM-RIO-2019-2.jpg\" alt=\"\" class=\"wp-image-3135\" width=\"341\" height=\"512\" srcset=\"https:\/\/morarmais.com.br\/mms\/wp-content\/uploads\/2020\/04\/31_-Sala-de-Jantar-Nat\u00e1lia-Viviani-MM-RIO-2019-2.jpg 682w, https:\/\/morarmais.com.br\/mms\/wp-content\/uploads\/2020\/04\/31_-Sala-de-Jantar-Nat\u00e1lia-Viviani-MM-RIO-2019-2-200x300.jpg 200w, https:\/\/morarmais.com.br\/mms\/wp-content\/uploads\/2020\/04\/31_-Sala-de-Jantar-Nat\u00e1lia-Viviani-MM-RIO-2019-2-350x526.jpg 350w\" sizes=\"(max-width: 341px) 100vw, 341px\" \/><figcaption>Arquiteta Nat\u00e1lia Viviani na Sala de Jantar, projeto feito para o Morar Mais<\/figcaption><\/figure>\n\n\n\n<p>Fotos: <a href=\"http:\/\/mcaestudio.com.br\/site\/\">MCA Est\u00fadio<\/a><\/p>\n\n\n\n<p>Texto: <a href=\"https:\/\/www.instagram.com\/lschuback\/\" target=\"_blank\" rel=\"noreferrer noopener\">LShuback Assessoria de Comunica\u00e7\u00e3o<\/a><\/p>\n\n\n\n<p>Siga-nos no Instagram: <a href=\"https:\/\/www.instagram.com\/morarmaispormenos\/\" target=\"_blank\" rel=\"noreferrer noopener\">@morarmaispormenos<\/a><\/p>\n\n\n\n<p><\/p>\n","protected":false},"excerpt":{"rendered":"<p>Se voc\u00ea \u00e9 arquiteto, designer de interiores ou paisagista e tem planos de contratar uma assessoria de imprensa para \u201cbombar\u201d seus projetos na m\u00eddia, antes de iniciar este trabalho, \u00e9 importante que voc\u00ea fotografe projetos residenciais completos com um fot\u00f3grafo especializado em arquitetura e decora\u00e7\u00e3o (projetos comerciais n\u00e3o costumam ter muito espa\u00e7o na m\u00eddia, salvo&hellip;&nbsp;<a href=\"https:\/\/morarmais.com.br\/mms\/saiba-como-fotografar-projetos-de-arquitetura-e-decoracao-para-atrair-novos-clientes\/\" rel=\"bookmark\">Continue a ler &raquo;<span class=\"screen-reader-text\">Saiba como fotografar projetos de arquitetura e decora\u00e7\u00e3o para atrair novos clientes:<\/span><\/a><\/p>\n","protected":false},"author":6,"featured_media":3195,"comment_status":"open","ping_status":"open","sticky":false,"template":"","format":"standard","meta":{"_eb_attr":"","editor_plus_copied_stylings":"{}","neve_meta_sidebar":"","neve_meta_container":"","neve_meta_enable_content_width":"off","neve_meta_content_width":0,"neve_meta_title_alignment":"","neve_meta_author_avatar":"","neve_post_elements_order":"","neve_meta_disable_header":"","neve_meta_disable_footer":"","neve_meta_disable_title":"","_themeisle_gutenberg_block_has_review":false,"_vp_format_video_url":"","_vp_image_focal_point":[],"footnotes":""},"categories":[23,27],"tags":[153,154,41,152,158,161,159,156,160],"class_list":["post-3188","post","type-post","status-publish","format-standard","has-post-thumbnail","hentry","category-home","category-morarmais-aposta","tag-arquitetura","tag-assessoria-de-imprensa","tag-decoracao","tag-dicas-de-fotografia","tag-editorial","tag-fotografo-especializado","tag-logistica-de-producao","tag-luz","tag-luz-natural"],"yoast_head":"<!-- This site is optimized with the Yoast SEO plugin v25.6 - https:\/\/yoast.com\/wordpress\/plugins\/seo\/ -->\n<title>Saiba como fotografar projetos de arquitetura e decora\u00e7\u00e3o para atrair novos clientes: - Morar mais<\/title>\n<meta name=\"description\" content=\"Se voc\u00ea \u00e9 arquiteto, designer de interiores ou paisagista saiba como fotografar projetos de arquitetura e decora\u00e7\u00e3o para \u201cbombar\u201d na m\u00eddia.\" \/>\n<meta name=\"robots\" content=\"index, follow, max-snippet:-1, max-image-preview:large, max-video-preview:-1\" \/>\n<link rel=\"canonical\" href=\"https:\/\/morarmais.com.br\/mms\/saiba-como-fotografar-projetos-de-arquitetura-e-decoracao-para-atrair-novos-clientes\/\" \/>\n<meta property=\"og:locale\" content=\"pt_BR\" \/>\n<meta property=\"og:type\" content=\"article\" \/>\n<meta property=\"og:title\" content=\"Saiba como fotografar projetos de arquitetura e decora\u00e7\u00e3o para atrair novos clientes: - Morar mais\" \/>\n<meta property=\"og:description\" content=\"Se voc\u00ea \u00e9 arquiteto, designer de interiores ou paisagista saiba como fotografar projetos de arquitetura e decora\u00e7\u00e3o para \u201cbombar\u201d na m\u00eddia.\" \/>\n<meta property=\"og:url\" content=\"https:\/\/morarmais.com.br\/mms\/saiba-como-fotografar-projetos-de-arquitetura-e-decoracao-para-atrair-novos-clientes\/\" \/>\n<meta property=\"og:site_name\" content=\"Morar mais\" \/>\n<meta property=\"article:publisher\" content=\"https:\/\/www.facebook.com\/morarmais\" \/>\n<meta property=\"article:published_time\" content=\"2020-04-28T09:01:00+00:00\" \/>\n<meta property=\"article:modified_time\" content=\"2020-05-15T22:34:52+00:00\" \/>\n<meta property=\"og:image\" content=\"https:\/\/i1.wp.com\/morarmais.com.br\/mms\/wp-content\/uploads\/2020\/04\/capa-dicas-de-fotografia-de-arquitetura.png?fit=852%2C563&ssl=1\" \/>\n\t<meta property=\"og:image:width\" content=\"852\" \/>\n\t<meta property=\"og:image:height\" content=\"563\" \/>\n\t<meta property=\"og:image:type\" content=\"image\/png\" \/>\n<meta name=\"author\" content=\"Ale Devecchi\" \/>\n<meta name=\"twitter:card\" content=\"summary_large_image\" \/>\n<meta name=\"twitter:label1\" content=\"Escrito por\" \/>\n\t<meta name=\"twitter:data1\" content=\"Ale Devecchi\" \/>\n\t<meta name=\"twitter:label2\" content=\"Est. tempo de leitura\" \/>\n\t<meta name=\"twitter:data2\" content=\"4 minutos\" \/>\n<script type=\"application\/ld+json\" class=\"yoast-schema-graph\">{\"@context\":\"https:\/\/schema.org\",\"@graph\":[{\"@type\":\"Article\",\"@id\":\"https:\/\/morarmais.com.br\/mms\/saiba-como-fotografar-projetos-de-arquitetura-e-decoracao-para-atrair-novos-clientes\/#article\",\"isPartOf\":{\"@id\":\"https:\/\/morarmais.com.br\/mms\/saiba-como-fotografar-projetos-de-arquitetura-e-decoracao-para-atrair-novos-clientes\/\"},\"author\":{\"name\":\"Ale Devecchi\",\"@id\":\"https:\/\/morarmais.com.br\/mms\/#\/schema\/person\/67dda048cb1edaf0c66d3a7787857c2a\"},\"headline\":\"Saiba como fotografar projetos de arquitetura e decora\u00e7\u00e3o para atrair novos clientes:\",\"datePublished\":\"2020-04-28T09:01:00+00:00\",\"dateModified\":\"2020-05-15T22:34:52+00:00\",\"mainEntityOfPage\":{\"@id\":\"https:\/\/morarmais.com.br\/mms\/saiba-como-fotografar-projetos-de-arquitetura-e-decoracao-para-atrair-novos-clientes\/\"},\"wordCount\":750,\"commentCount\":0,\"publisher\":{\"@id\":\"https:\/\/morarmais.com.br\/mms\/#organization\"},\"image\":{\"@id\":\"https:\/\/morarmais.com.br\/mms\/saiba-como-fotografar-projetos-de-arquitetura-e-decoracao-para-atrair-novos-clientes\/#primaryimage\"},\"thumbnailUrl\":\"https:\/\/morarmais.com.br\/mms\/wp-content\/uploads\/2020\/04\/capa-dicas-de-fotografia-de-arquitetura.png\",\"keywords\":[\"Arquitetura\",\"assessoria de imprensa\",\"Decora\u00e7\u00e3o\",\"dicas de fotografia\",\"editorial\",\"fot\u00f3grafo especializado\",\"log\u00edstica de produ\u00e7\u00e3o\",\"luz\",\"luz natural\"],\"articleSection\":[\"Home\",\"Morar Mais Aposta\"],\"inLanguage\":\"pt-BR\",\"potentialAction\":[{\"@type\":\"CommentAction\",\"name\":\"Comment\",\"target\":[\"https:\/\/morarmais.com.br\/mms\/saiba-como-fotografar-projetos-de-arquitetura-e-decoracao-para-atrair-novos-clientes\/#respond\"]}]},{\"@type\":\"WebPage\",\"@id\":\"https:\/\/morarmais.com.br\/mms\/saiba-como-fotografar-projetos-de-arquitetura-e-decoracao-para-atrair-novos-clientes\/\",\"url\":\"https:\/\/morarmais.com.br\/mms\/saiba-como-fotografar-projetos-de-arquitetura-e-decoracao-para-atrair-novos-clientes\/\",\"name\":\"Saiba como fotografar projetos de arquitetura e decora\u00e7\u00e3o para atrair novos clientes: - Morar mais\",\"isPartOf\":{\"@id\":\"https:\/\/morarmais.com.br\/mms\/#website\"},\"primaryImageOfPage\":{\"@id\":\"https:\/\/morarmais.com.br\/mms\/saiba-como-fotografar-projetos-de-arquitetura-e-decoracao-para-atrair-novos-clientes\/#primaryimage\"},\"image\":{\"@id\":\"https:\/\/morarmais.com.br\/mms\/saiba-como-fotografar-projetos-de-arquitetura-e-decoracao-para-atrair-novos-clientes\/#primaryimage\"},\"thumbnailUrl\":\"https:\/\/morarmais.com.br\/mms\/wp-content\/uploads\/2020\/04\/capa-dicas-de-fotografia-de-arquitetura.png\",\"datePublished\":\"2020-04-28T09:01:00+00:00\",\"dateModified\":\"2020-05-15T22:34:52+00:00\",\"description\":\"Se voc\u00ea \u00e9 arquiteto, designer de interiores ou paisagista saiba como fotografar projetos de arquitetura e decora\u00e7\u00e3o para \u201cbombar\u201d na m\u00eddia.\",\"breadcrumb\":{\"@id\":\"https:\/\/morarmais.com.br\/mms\/saiba-como-fotografar-projetos-de-arquitetura-e-decoracao-para-atrair-novos-clientes\/#breadcrumb\"},\"inLanguage\":\"pt-BR\",\"potentialAction\":[{\"@type\":\"ReadAction\",\"target\":[\"https:\/\/morarmais.com.br\/mms\/saiba-como-fotografar-projetos-de-arquitetura-e-decoracao-para-atrair-novos-clientes\/\"]}]},{\"@type\":\"ImageObject\",\"inLanguage\":\"pt-BR\",\"@id\":\"https:\/\/morarmais.com.br\/mms\/saiba-como-fotografar-projetos-de-arquitetura-e-decoracao-para-atrair-novos-clientes\/#primaryimage\",\"url\":\"https:\/\/morarmais.com.br\/mms\/wp-content\/uploads\/2020\/04\/capa-dicas-de-fotografia-de-arquitetura.png\",\"contentUrl\":\"https:\/\/morarmais.com.br\/mms\/wp-content\/uploads\/2020\/04\/capa-dicas-de-fotografia-de-arquitetura.png\",\"width\":852,\"height\":563},{\"@type\":\"BreadcrumbList\",\"@id\":\"https:\/\/morarmais.com.br\/mms\/saiba-como-fotografar-projetos-de-arquitetura-e-decoracao-para-atrair-novos-clientes\/#breadcrumb\",\"itemListElement\":[{\"@type\":\"ListItem\",\"position\":1,\"name\":\"In\u00edcio\",\"item\":\"https:\/\/morarmais.com.br\/mms\/\"},{\"@type\":\"ListItem\",\"position\":2,\"name\":\"Saiba como fotografar projetos de arquitetura e decora\u00e7\u00e3o para atrair novos clientes:\"}]},{\"@type\":\"WebSite\",\"@id\":\"https:\/\/morarmais.com.br\/mms\/#website\",\"url\":\"https:\/\/morarmais.com.br\/mms\/\",\"name\":\"Morar mais\",\"description\":\"O Chique que cabe no bolso\",\"publisher\":{\"@id\":\"https:\/\/morarmais.com.br\/mms\/#organization\"},\"potentialAction\":[{\"@type\":\"SearchAction\",\"target\":{\"@type\":\"EntryPoint\",\"urlTemplate\":\"https:\/\/morarmais.com.br\/mms\/?s={search_term_string}\"},\"query-input\":{\"@type\":\"PropertyValueSpecification\",\"valueRequired\":true,\"valueName\":\"search_term_string\"}}],\"inLanguage\":\"pt-BR\"},{\"@type\":\"Organization\",\"@id\":\"https:\/\/morarmais.com.br\/mms\/#organization\",\"name\":\"Morar mais\",\"url\":\"https:\/\/morarmais.com.br\/mms\/\",\"logo\":{\"@type\":\"ImageObject\",\"inLanguage\":\"pt-BR\",\"@id\":\"https:\/\/morarmais.com.br\/mms\/#\/schema\/logo\/image\/\",\"url\":\"https:\/\/morarmais.com.br\/mms\/wp-content\/uploads\/2019\/04\/cropped-logo-morar-mais-2-1-e1688661143585.png\",\"contentUrl\":\"https:\/\/morarmais.com.br\/mms\/wp-content\/uploads\/2019\/04\/cropped-logo-morar-mais-2-1-e1688661143585.png\",\"width\":130,\"height\":100,\"caption\":\"Morar mais\"},\"image\":{\"@id\":\"https:\/\/morarmais.com.br\/mms\/#\/schema\/logo\/image\/\"},\"sameAs\":[\"https:\/\/www.facebook.com\/morarmais\",\"https:\/\/www.instagram.com\/morarmaispormenos\",\"https:\/\/br.pinterest.com\/morarmais\/\"]},{\"@type\":\"Person\",\"@id\":\"https:\/\/morarmais.com.br\/mms\/#\/schema\/person\/67dda048cb1edaf0c66d3a7787857c2a\",\"name\":\"Ale Devecchi\",\"image\":{\"@type\":\"ImageObject\",\"inLanguage\":\"pt-BR\",\"@id\":\"https:\/\/morarmais.com.br\/mms\/#\/schema\/person\/image\/\",\"url\":\"https:\/\/secure.gravatar.com\/avatar\/194f7a41b78fc7f5fcbf2fb567b600b5?s=96&d=mm&r=g\",\"contentUrl\":\"https:\/\/secure.gravatar.com\/avatar\/194f7a41b78fc7f5fcbf2fb567b600b5?s=96&d=mm&r=g\",\"caption\":\"Ale Devecchi\"},\"url\":\"https:\/\/morarmais.com.br\/mms\/author\/marketing-mais\/\"}]}<\/script>\n<!-- \/ Yoast SEO plugin. -->","yoast_head_json":{"title":"Saiba como fotografar projetos de arquitetura e decora\u00e7\u00e3o para atrair novos clientes: - Morar mais","description":"Se voc\u00ea \u00e9 arquiteto, designer de interiores ou paisagista saiba como fotografar projetos de arquitetura e decora\u00e7\u00e3o para \u201cbombar\u201d na m\u00eddia.","robots":{"index":"index","follow":"follow","max-snippet":"max-snippet:-1","max-image-preview":"max-image-preview:large","max-video-preview":"max-video-preview:-1"},"canonical":"https:\/\/morarmais.com.br\/mms\/saiba-como-fotografar-projetos-de-arquitetura-e-decoracao-para-atrair-novos-clientes\/","og_locale":"pt_BR","og_type":"article","og_title":"Saiba como fotografar projetos de arquitetura e decora\u00e7\u00e3o para atrair novos clientes: - Morar mais","og_description":"Se voc\u00ea \u00e9 arquiteto, designer de interiores ou paisagista saiba como fotografar projetos de arquitetura e decora\u00e7\u00e3o para \u201cbombar\u201d na m\u00eddia.","og_url":"https:\/\/morarmais.com.br\/mms\/saiba-como-fotografar-projetos-de-arquitetura-e-decoracao-para-atrair-novos-clientes\/","og_site_name":"Morar mais","article_publisher":"https:\/\/www.facebook.com\/morarmais","article_published_time":"2020-04-28T09:01:00+00:00","article_modified_time":"2020-05-15T22:34:52+00:00","og_image":[{"width":852,"height":563,"url":"https:\/\/i1.wp.com\/morarmais.com.br\/mms\/wp-content\/uploads\/2020\/04\/capa-dicas-de-fotografia-de-arquitetura.png?fit=852%2C563&ssl=1","type":"image\/png"}],"author":"Ale Devecchi","twitter_card":"summary_large_image","twitter_misc":{"Escrito por":"Ale Devecchi","Est. tempo de leitura":"4 minutos"},"schema":{"@context":"https:\/\/schema.org","@graph":[{"@type":"Article","@id":"https:\/\/morarmais.com.br\/mms\/saiba-como-fotografar-projetos-de-arquitetura-e-decoracao-para-atrair-novos-clientes\/#article","isPartOf":{"@id":"https:\/\/morarmais.com.br\/mms\/saiba-como-fotografar-projetos-de-arquitetura-e-decoracao-para-atrair-novos-clientes\/"},"author":{"name":"Ale Devecchi","@id":"https:\/\/morarmais.com.br\/mms\/#\/schema\/person\/67dda048cb1edaf0c66d3a7787857c2a"},"headline":"Saiba como fotografar projetos de arquitetura e decora\u00e7\u00e3o para atrair novos clientes:","datePublished":"2020-04-28T09:01:00+00:00","dateModified":"2020-05-15T22:34:52+00:00","mainEntityOfPage":{"@id":"https:\/\/morarmais.com.br\/mms\/saiba-como-fotografar-projetos-de-arquitetura-e-decoracao-para-atrair-novos-clientes\/"},"wordCount":750,"commentCount":0,"publisher":{"@id":"https:\/\/morarmais.com.br\/mms\/#organization"},"image":{"@id":"https:\/\/morarmais.com.br\/mms\/saiba-como-fotografar-projetos-de-arquitetura-e-decoracao-para-atrair-novos-clientes\/#primaryimage"},"thumbnailUrl":"https:\/\/morarmais.com.br\/mms\/wp-content\/uploads\/2020\/04\/capa-dicas-de-fotografia-de-arquitetura.png","keywords":["Arquitetura","assessoria de imprensa","Decora\u00e7\u00e3o","dicas de fotografia","editorial","fot\u00f3grafo especializado","log\u00edstica de produ\u00e7\u00e3o","luz","luz natural"],"articleSection":["Home","Morar Mais Aposta"],"inLanguage":"pt-BR","potentialAction":[{"@type":"CommentAction","name":"Comment","target":["https:\/\/morarmais.com.br\/mms\/saiba-como-fotografar-projetos-de-arquitetura-e-decoracao-para-atrair-novos-clientes\/#respond"]}]},{"@type":"WebPage","@id":"https:\/\/morarmais.com.br\/mms\/saiba-como-fotografar-projetos-de-arquitetura-e-decoracao-para-atrair-novos-clientes\/","url":"https:\/\/morarmais.com.br\/mms\/saiba-como-fotografar-projetos-de-arquitetura-e-decoracao-para-atrair-novos-clientes\/","name":"Saiba como fotografar projetos de arquitetura e decora\u00e7\u00e3o para atrair novos clientes: - Morar mais","isPartOf":{"@id":"https:\/\/morarmais.com.br\/mms\/#website"},"primaryImageOfPage":{"@id":"https:\/\/morarmais.com.br\/mms\/saiba-como-fotografar-projetos-de-arquitetura-e-decoracao-para-atrair-novos-clientes\/#primaryimage"},"image":{"@id":"https:\/\/morarmais.com.br\/mms\/saiba-como-fotografar-projetos-de-arquitetura-e-decoracao-para-atrair-novos-clientes\/#primaryimage"},"thumbnailUrl":"https:\/\/morarmais.com.br\/mms\/wp-content\/uploads\/2020\/04\/capa-dicas-de-fotografia-de-arquitetura.png","datePublished":"2020-04-28T09:01:00+00:00","dateModified":"2020-05-15T22:34:52+00:00","description":"Se voc\u00ea \u00e9 arquiteto, designer de interiores ou paisagista saiba como fotografar projetos de arquitetura e decora\u00e7\u00e3o para \u201cbombar\u201d na m\u00eddia.","breadcrumb":{"@id":"https:\/\/morarmais.com.br\/mms\/saiba-como-fotografar-projetos-de-arquitetura-e-decoracao-para-atrair-novos-clientes\/#breadcrumb"},"inLanguage":"pt-BR","potentialAction":[{"@type":"ReadAction","target":["https:\/\/morarmais.com.br\/mms\/saiba-como-fotografar-projetos-de-arquitetura-e-decoracao-para-atrair-novos-clientes\/"]}]},{"@type":"ImageObject","inLanguage":"pt-BR","@id":"https:\/\/morarmais.com.br\/mms\/saiba-como-fotografar-projetos-de-arquitetura-e-decoracao-para-atrair-novos-clientes\/#primaryimage","url":"https:\/\/morarmais.com.br\/mms\/wp-content\/uploads\/2020\/04\/capa-dicas-de-fotografia-de-arquitetura.png","contentUrl":"https:\/\/morarmais.com.br\/mms\/wp-content\/uploads\/2020\/04\/capa-dicas-de-fotografia-de-arquitetura.png","width":852,"height":563},{"@type":"BreadcrumbList","@id":"https:\/\/morarmais.com.br\/mms\/saiba-como-fotografar-projetos-de-arquitetura-e-decoracao-para-atrair-novos-clientes\/#breadcrumb","itemListElement":[{"@type":"ListItem","position":1,"name":"In\u00edcio","item":"https:\/\/morarmais.com.br\/mms\/"},{"@type":"ListItem","position":2,"name":"Saiba como fotografar projetos de arquitetura e decora\u00e7\u00e3o para atrair novos clientes:"}]},{"@type":"WebSite","@id":"https:\/\/morarmais.com.br\/mms\/#website","url":"https:\/\/morarmais.com.br\/mms\/","name":"Morar mais","description":"O Chique que cabe no bolso","publisher":{"@id":"https:\/\/morarmais.com.br\/mms\/#organization"},"potentialAction":[{"@type":"SearchAction","target":{"@type":"EntryPoint","urlTemplate":"https:\/\/morarmais.com.br\/mms\/?s={search_term_string}"},"query-input":{"@type":"PropertyValueSpecification","valueRequired":true,"valueName":"search_term_string"}}],"inLanguage":"pt-BR"},{"@type":"Organization","@id":"https:\/\/morarmais.com.br\/mms\/#organization","name":"Morar mais","url":"https:\/\/morarmais.com.br\/mms\/","logo":{"@type":"ImageObject","inLanguage":"pt-BR","@id":"https:\/\/morarmais.com.br\/mms\/#\/schema\/logo\/image\/","url":"https:\/\/morarmais.com.br\/mms\/wp-content\/uploads\/2019\/04\/cropped-logo-morar-mais-2-1-e1688661143585.png","contentUrl":"https:\/\/morarmais.com.br\/mms\/wp-content\/uploads\/2019\/04\/cropped-logo-morar-mais-2-1-e1688661143585.png","width":130,"height":100,"caption":"Morar mais"},"image":{"@id":"https:\/\/morarmais.com.br\/mms\/#\/schema\/logo\/image\/"},"sameAs":["https:\/\/www.facebook.com\/morarmais","https:\/\/www.instagram.com\/morarmaispormenos","https:\/\/br.pinterest.com\/morarmais\/"]},{"@type":"Person","@id":"https:\/\/morarmais.com.br\/mms\/#\/schema\/person\/67dda048cb1edaf0c66d3a7787857c2a","name":"Ale Devecchi","image":{"@type":"ImageObject","inLanguage":"pt-BR","@id":"https:\/\/morarmais.com.br\/mms\/#\/schema\/person\/image\/","url":"https:\/\/secure.gravatar.com\/avatar\/194f7a41b78fc7f5fcbf2fb567b600b5?s=96&d=mm&r=g","contentUrl":"https:\/\/secure.gravatar.com\/avatar\/194f7a41b78fc7f5fcbf2fb567b600b5?s=96&d=mm&r=g","caption":"Ale Devecchi"},"url":"https:\/\/morarmais.com.br\/mms\/author\/marketing-mais\/"}]}},"_links":{"self":[{"href":"https:\/\/morarmais.com.br\/mms\/wp-json\/wp\/v2\/posts\/3188"}],"collection":[{"href":"https:\/\/morarmais.com.br\/mms\/wp-json\/wp\/v2\/posts"}],"about":[{"href":"https:\/\/morarmais.com.br\/mms\/wp-json\/wp\/v2\/types\/post"}],"author":[{"embeddable":true,"href":"https:\/\/morarmais.com.br\/mms\/wp-json\/wp\/v2\/users\/6"}],"replies":[{"embeddable":true,"href":"https:\/\/morarmais.com.br\/mms\/wp-json\/wp\/v2\/comments?post=3188"}],"version-history":[{"count":0,"href":"https:\/\/morarmais.com.br\/mms\/wp-json\/wp\/v2\/posts\/3188\/revisions"}],"wp:featuredmedia":[{"embeddable":true,"href":"https:\/\/morarmais.com.br\/mms\/wp-json\/wp\/v2\/media\/3195"}],"wp:attachment":[{"href":"https:\/\/morarmais.com.br\/mms\/wp-json\/wp\/v2\/media?parent=3188"}],"wp:term":[{"taxonomy":"category","embeddable":true,"href":"https:\/\/morarmais.com.br\/mms\/wp-json\/wp\/v2\/categories?post=3188"},{"taxonomy":"post_tag","embeddable":true,"href":"https:\/\/morarmais.com.br\/mms\/wp-json\/wp\/v2\/tags?post=3188"}],"curies":[{"name":"wp","href":"https:\/\/api.w.org\/{rel}","templated":true}]}}