{"id":2561,"date":"2020-03-03T09:48:18","date_gmt":"2020-03-03T09:48:18","guid":{"rendered":"https:\/\/morarmais.com.br\/mms\/?p=2561"},"modified":"2020-03-03T14:28:21","modified_gmt":"2020-03-03T14:28:21","slug":"fazer-o-bem-faz-bem","status":"publish","type":"post","link":"https:\/\/morarmais.com.br\/mms\/fazer-o-bem-faz-bem\/","title":{"rendered":"Fazer o Bem Faz Bem"},"content":{"rendered":"\n<p>Para dar continuidade a seu mais novo projeto em 2020, as <a href=\"http:\/\/www.voluntariaspelavida.com.br\/\">Volunt\u00e1rias pela Vida<\/a> acabam de receber um refor\u00e7o de R$ 17 mil. O grupo recebeu oficialmente na tarde de segunda-feira de 9 de dezembro uma doa\u00e7\u00e3o do Morar Mais Por Menos Porto Alegre, no encerramento de sua primeira edi\u00e7\u00e3o na capital. O valor foi arrecadado a partir do ambiente que homenageou a hist\u00f3ria de solidariedade do grupo, e da bilheteria da mostra, que destinou 50% dos ingressos de suas ter\u00e7as-feiras para a causa.<\/p>\n\n\n\n<figure class=\"wp-block-image\"><img fetchpriority=\"high\" decoding=\"async\" width=\"850\" height=\"567\" src=\"https:\/\/morarmais.com.br\/mms\/wp-content\/uploads\/2020\/02\/md2019_09_18-201538-HDR.jpg\" alt=\"\" class=\"wp-image-2570\" srcset=\"https:\/\/morarmais.com.br\/mms\/wp-content\/uploads\/2020\/02\/md2019_09_18-201538-HDR.jpg 850w, https:\/\/morarmais.com.br\/mms\/wp-content\/uploads\/2020\/02\/md2019_09_18-201538-HDR-300x200.jpg 300w, https:\/\/morarmais.com.br\/mms\/wp-content\/uploads\/2020\/02\/md2019_09_18-201538-HDR-768x512.jpg 768w, https:\/\/morarmais.com.br\/mms\/wp-content\/uploads\/2020\/02\/md2019_09_18-201538-HDR-350x233.jpg 350w\" sizes=\"(max-width: 850px) 100vw, 850px\" \/><figcaption>Espa\u00e7o das Volunt\u00e1rias | DU Arquitetura<\/figcaption><\/figure>\n\n\n\n<p>Em formato de exposi\u00e7\u00e3o interativa e sensorial, o ambiente \u201cFazer o bem faz bem\u201d \u00e9 uma homenagem \u00e0s Volunt\u00e1rias pela Vida e ao prop\u00f3sito que as une. Como o projeto social exercido por elas tem como foco principal a sa\u00fade e melhoria em hospitais, a exposi\u00e7\u00e3o convidou o visitante a passear por uma linha do tempo em forma de frequ\u00eancia card\u00edaca, sempre aumentando \u00e0 medida que o trabalho apresentado ganha maiores propor\u00e7\u00f5es. <\/p>\n\n\n\n<p>O novo empreendimento, que ser\u00e1 entregue em 2022, vai disponibilizar mais sa\u00fade \u00e0 popula\u00e7\u00e3o, com a edifica\u00e7\u00e3o de uma nova emerg\u00eancia para usu\u00e1rios do SUS, al\u00e9m de outros servi\u00e7os que ir\u00e3o garantir a sustentabilidade, como unidades de interna\u00e7\u00e3o exclusivas para pacientes usu\u00e1rios de planos de sa\u00fade e particulares.<\/p>\n\n\n\n<figure class=\"wp-block-image\"><img decoding=\"async\" width=\"850\" height=\"566\" src=\"https:\/\/morarmais.com.br\/mms\/wp-content\/uploads\/2020\/02\/53.-Furac\u00e3o-de-Ideias-_Cris-Paola-4.jpg\" alt=\"\" class=\"wp-image-2571\" srcset=\"https:\/\/morarmais.com.br\/mms\/wp-content\/uploads\/2020\/02\/53.-Furac\u00e3o-de-Ideias-_Cris-Paola-4.jpg 850w, https:\/\/morarmais.com.br\/mms\/wp-content\/uploads\/2020\/02\/53.-Furac\u00e3o-de-Ideias-_Cris-Paola-4-300x200.jpg 300w, https:\/\/morarmais.com.br\/mms\/wp-content\/uploads\/2020\/02\/53.-Furac\u00e3o-de-Ideias-_Cris-Paola-4-768x511.jpg 768w, https:\/\/morarmais.com.br\/mms\/wp-content\/uploads\/2020\/02\/53.-Furac\u00e3o-de-Ideias-_Cris-Paola-4-350x233.jpg 350w\" sizes=\"(max-width: 850px) 100vw, 850px\" \/><figcaption>Furac\u00e3o de Id\u00e9ias | Cris Paola<\/figcaption><\/figure>\n\n\n\n<p>J\u00e1 em S\u00e3o Paulo, o ambiente \u201cFurac\u00e3o de Ideias\u201d assinado pela arquiteta Cris Paola contou com a ajuda dos profissionais participantes do pr\u00f3prio Morar Mais: eles foram convidados a customizar cadeiras iguais, que foram expostas no espa\u00e7o e depois vendidas, com a renda revertida para a institui\u00e7\u00e3o<a href=\"https:\/\/www.decorsocial.com.br\/\"> Decor Social<\/a>. Al\u00e9m do vi\u00e9s social, o projeto acabou se tornando o ponto mais instagram\u00e1vel da mostra.<\/p>\n\n\n\n<p>Siga-nos no Instagram: <a href=\"https:\/\/www.instagram.com\/morarmaispormenos\/\" target=\"_blank\" rel=\"noreferrer noopener\" aria-label=\"@morarmaispormenos (abre numa nova aba)\">@morarmaispormenos<\/a><\/p>\n","protected":false},"excerpt":{"rendered":"<p>Para dar continuidade a seu mais novo projeto em 2020, as Volunt\u00e1rias pela Vida acabam de receber um refor\u00e7o de R$ 17 mil. O grupo recebeu oficialmente na tarde de segunda-feira de 9 de dezembro uma doa\u00e7\u00e3o do Morar Mais Por Menos Porto Alegre, no encerramento de sua primeira edi\u00e7\u00e3o na capital. O valor foi&hellip;&nbsp;<a href=\"https:\/\/morarmais.com.br\/mms\/fazer-o-bem-faz-bem\/\" rel=\"bookmark\">Continue a ler &raquo;<span class=\"screen-reader-text\">Fazer o Bem Faz Bem<\/span><\/a><\/p>\n","protected":false},"author":6,"featured_media":2573,"comment_status":"open","ping_status":"open","sticky":false,"template":"","format":"standard","meta":{"_eb_attr":"","editor_plus_copied_stylings":"{}","neve_meta_sidebar":"","neve_meta_container":"","neve_meta_enable_content_width":"off","neve_meta_content_width":0,"neve_meta_title_alignment":"","neve_meta_author_avatar":"","neve_post_elements_order":"","neve_meta_disable_header":"","neve_meta_disable_footer":"","neve_meta_disable_title":"","_themeisle_gutenberg_block_has_review":false,"_vp_format_video_url":"","_vp_image_focal_point":[],"footnotes":""},"categories":[23,24],"tags":[],"class_list":["post-2561","post","type-post","status-publish","format-standard","has-post-thumbnail","hentry","category-home","category-inclusao-do-bem"],"yoast_head":"<!-- This site is optimized with the Yoast SEO plugin v25.6 - https:\/\/yoast.com\/wordpress\/plugins\/seo\/ -->\n<title>Fazer o Bem Faz Bem - Morar mais<\/title>\n<meta name=\"robots\" content=\"index, follow, max-snippet:-1, max-image-preview:large, max-video-preview:-1\" \/>\n<link rel=\"canonical\" href=\"https:\/\/morarmais.com.br\/mms\/fazer-o-bem-faz-bem\/\" \/>\n<meta property=\"og:locale\" content=\"pt_BR\" \/>\n<meta property=\"og:type\" content=\"article\" \/>\n<meta property=\"og:title\" content=\"Fazer o Bem Faz Bem - Morar mais\" \/>\n<meta property=\"og:description\" content=\"Para dar continuidade a seu mais novo projeto em 2020, as Volunt\u00e1rias pela Vida acabam de receber um refor\u00e7o de R$ 17 mil. O grupo recebeu oficialmente na tarde de segunda-feira de 9 de dezembro uma doa\u00e7\u00e3o do Morar Mais Por Menos Porto Alegre, no encerramento de sua primeira edi\u00e7\u00e3o na capital. O valor foi&hellip;&nbsp;Continue a ler &raquo;Fazer o Bem Faz Bem\" \/>\n<meta property=\"og:url\" content=\"https:\/\/morarmais.com.br\/mms\/fazer-o-bem-faz-bem\/\" \/>\n<meta property=\"og:site_name\" content=\"Morar mais\" \/>\n<meta property=\"article:publisher\" content=\"https:\/\/www.facebook.com\/morarmais\" \/>\n<meta property=\"article:published_time\" content=\"2020-03-03T09:48:18+00:00\" \/>\n<meta property=\"article:modified_time\" content=\"2020-03-03T14:28:21+00:00\" \/>\n<meta property=\"og:image\" content=\"https:\/\/i0.wp.com\/morarmais.com.br\/mms\/wp-content\/uploads\/2020\/02\/capa-3-fotos.png?fit=852%2C563&ssl=1\" \/>\n\t<meta property=\"og:image:width\" content=\"852\" \/>\n\t<meta property=\"og:image:height\" content=\"563\" \/>\n\t<meta property=\"og:image:type\" content=\"image\/png\" \/>\n<meta name=\"author\" content=\"Ale Devecchi\" \/>\n<meta name=\"twitter:card\" content=\"summary_large_image\" \/>\n<meta name=\"twitter:label1\" content=\"Escrito por\" \/>\n\t<meta name=\"twitter:data1\" content=\"Ale Devecchi\" \/>\n\t<meta name=\"twitter:label2\" content=\"Est. tempo de leitura\" \/>\n\t<meta name=\"twitter:data2\" content=\"2 minutos\" \/>\n<script type=\"application\/ld+json\" class=\"yoast-schema-graph\">{\"@context\":\"https:\/\/schema.org\",\"@graph\":[{\"@type\":\"Article\",\"@id\":\"https:\/\/morarmais.com.br\/mms\/fazer-o-bem-faz-bem\/#article\",\"isPartOf\":{\"@id\":\"https:\/\/morarmais.com.br\/mms\/fazer-o-bem-faz-bem\/\"},\"author\":{\"name\":\"Ale Devecchi\",\"@id\":\"https:\/\/morarmais.com.br\/mms\/#\/schema\/person\/67dda048cb1edaf0c66d3a7787857c2a\"},\"headline\":\"Fazer o Bem Faz Bem\",\"datePublished\":\"2020-03-03T09:48:18+00:00\",\"dateModified\":\"2020-03-03T14:28:21+00:00\",\"mainEntityOfPage\":{\"@id\":\"https:\/\/morarmais.com.br\/mms\/fazer-o-bem-faz-bem\/\"},\"wordCount\":316,\"commentCount\":0,\"publisher\":{\"@id\":\"https:\/\/morarmais.com.br\/mms\/#organization\"},\"image\":{\"@id\":\"https:\/\/morarmais.com.br\/mms\/fazer-o-bem-faz-bem\/#primaryimage\"},\"thumbnailUrl\":\"https:\/\/morarmais.com.br\/mms\/wp-content\/uploads\/2020\/02\/capa-3-fotos.png\",\"articleSection\":[\"Home\",\"Inclus\u00e3o do Bem\"],\"inLanguage\":\"pt-BR\",\"potentialAction\":[{\"@type\":\"CommentAction\",\"name\":\"Comment\",\"target\":[\"https:\/\/morarmais.com.br\/mms\/fazer-o-bem-faz-bem\/#respond\"]}]},{\"@type\":\"WebPage\",\"@id\":\"https:\/\/morarmais.com.br\/mms\/fazer-o-bem-faz-bem\/\",\"url\":\"https:\/\/morarmais.com.br\/mms\/fazer-o-bem-faz-bem\/\",\"name\":\"Fazer o Bem Faz Bem - Morar mais\",\"isPartOf\":{\"@id\":\"https:\/\/morarmais.com.br\/mms\/#website\"},\"primaryImageOfPage\":{\"@id\":\"https:\/\/morarmais.com.br\/mms\/fazer-o-bem-faz-bem\/#primaryimage\"},\"image\":{\"@id\":\"https:\/\/morarmais.com.br\/mms\/fazer-o-bem-faz-bem\/#primaryimage\"},\"thumbnailUrl\":\"https:\/\/morarmais.com.br\/mms\/wp-content\/uploads\/2020\/02\/capa-3-fotos.png\",\"datePublished\":\"2020-03-03T09:48:18+00:00\",\"dateModified\":\"2020-03-03T14:28:21+00:00\",\"breadcrumb\":{\"@id\":\"https:\/\/morarmais.com.br\/mms\/fazer-o-bem-faz-bem\/#breadcrumb\"},\"inLanguage\":\"pt-BR\",\"potentialAction\":[{\"@type\":\"ReadAction\",\"target\":[\"https:\/\/morarmais.com.br\/mms\/fazer-o-bem-faz-bem\/\"]}]},{\"@type\":\"ImageObject\",\"inLanguage\":\"pt-BR\",\"@id\":\"https:\/\/morarmais.com.br\/mms\/fazer-o-bem-faz-bem\/#primaryimage\",\"url\":\"https:\/\/morarmais.com.br\/mms\/wp-content\/uploads\/2020\/02\/capa-3-fotos.png\",\"contentUrl\":\"https:\/\/morarmais.com.br\/mms\/wp-content\/uploads\/2020\/02\/capa-3-fotos.png\",\"width\":852,\"height\":563},{\"@type\":\"BreadcrumbList\",\"@id\":\"https:\/\/morarmais.com.br\/mms\/fazer-o-bem-faz-bem\/#breadcrumb\",\"itemListElement\":[{\"@type\":\"ListItem\",\"position\":1,\"name\":\"In\u00edcio\",\"item\":\"https:\/\/morarmais.com.br\/mms\/\"},{\"@type\":\"ListItem\",\"position\":2,\"name\":\"Fazer o Bem Faz Bem\"}]},{\"@type\":\"WebSite\",\"@id\":\"https:\/\/morarmais.com.br\/mms\/#website\",\"url\":\"https:\/\/morarmais.com.br\/mms\/\",\"name\":\"Morar mais\",\"description\":\"O Chique que cabe no bolso\",\"publisher\":{\"@id\":\"https:\/\/morarmais.com.br\/mms\/#organization\"},\"potentialAction\":[{\"@type\":\"SearchAction\",\"target\":{\"@type\":\"EntryPoint\",\"urlTemplate\":\"https:\/\/morarmais.com.br\/mms\/?s={search_term_string}\"},\"query-input\":{\"@type\":\"PropertyValueSpecification\",\"valueRequired\":true,\"valueName\":\"search_term_string\"}}],\"inLanguage\":\"pt-BR\"},{\"@type\":\"Organization\",\"@id\":\"https:\/\/morarmais.com.br\/mms\/#organization\",\"name\":\"Morar mais\",\"url\":\"https:\/\/morarmais.com.br\/mms\/\",\"logo\":{\"@type\":\"ImageObject\",\"inLanguage\":\"pt-BR\",\"@id\":\"https:\/\/morarmais.com.br\/mms\/#\/schema\/logo\/image\/\",\"url\":\"https:\/\/morarmais.com.br\/mms\/wp-content\/uploads\/2019\/04\/cropped-logo-morar-mais-2-1-e1688661143585.png\",\"contentUrl\":\"https:\/\/morarmais.com.br\/mms\/wp-content\/uploads\/2019\/04\/cropped-logo-morar-mais-2-1-e1688661143585.png\",\"width\":130,\"height\":100,\"caption\":\"Morar mais\"},\"image\":{\"@id\":\"https:\/\/morarmais.com.br\/mms\/#\/schema\/logo\/image\/\"},\"sameAs\":[\"https:\/\/www.facebook.com\/morarmais\",\"https:\/\/www.instagram.com\/morarmaispormenos\",\"https:\/\/br.pinterest.com\/morarmais\/\"]},{\"@type\":\"Person\",\"@id\":\"https:\/\/morarmais.com.br\/mms\/#\/schema\/person\/67dda048cb1edaf0c66d3a7787857c2a\",\"name\":\"Ale Devecchi\",\"image\":{\"@type\":\"ImageObject\",\"inLanguage\":\"pt-BR\",\"@id\":\"https:\/\/morarmais.com.br\/mms\/#\/schema\/person\/image\/\",\"url\":\"https:\/\/secure.gravatar.com\/avatar\/194f7a41b78fc7f5fcbf2fb567b600b5?s=96&d=mm&r=g\",\"contentUrl\":\"https:\/\/secure.gravatar.com\/avatar\/194f7a41b78fc7f5fcbf2fb567b600b5?s=96&d=mm&r=g\",\"caption\":\"Ale Devecchi\"},\"url\":\"https:\/\/morarmais.com.br\/mms\/author\/marketing-mais\/\"}]}<\/script>\n<!-- \/ Yoast SEO plugin. -->","yoast_head_json":{"title":"Fazer o Bem Faz Bem - Morar mais","robots":{"index":"index","follow":"follow","max-snippet":"max-snippet:-1","max-image-preview":"max-image-preview:large","max-video-preview":"max-video-preview:-1"},"canonical":"https:\/\/morarmais.com.br\/mms\/fazer-o-bem-faz-bem\/","og_locale":"pt_BR","og_type":"article","og_title":"Fazer o Bem Faz Bem - Morar mais","og_description":"Para dar continuidade a seu mais novo projeto em 2020, as Volunt\u00e1rias pela Vida acabam de receber um refor\u00e7o de R$ 17 mil. O grupo recebeu oficialmente na tarde de segunda-feira de 9 de dezembro uma doa\u00e7\u00e3o do Morar Mais Por Menos Porto Alegre, no encerramento de sua primeira edi\u00e7\u00e3o na capital. O valor foi&hellip;&nbsp;Continue a ler &raquo;Fazer o Bem Faz Bem","og_url":"https:\/\/morarmais.com.br\/mms\/fazer-o-bem-faz-bem\/","og_site_name":"Morar mais","article_publisher":"https:\/\/www.facebook.com\/morarmais","article_published_time":"2020-03-03T09:48:18+00:00","article_modified_time":"2020-03-03T14:28:21+00:00","og_image":[{"width":852,"height":563,"url":"https:\/\/i0.wp.com\/morarmais.com.br\/mms\/wp-content\/uploads\/2020\/02\/capa-3-fotos.png?fit=852%2C563&ssl=1","type":"image\/png"}],"author":"Ale Devecchi","twitter_card":"summary_large_image","twitter_misc":{"Escrito por":"Ale Devecchi","Est. tempo de leitura":"2 minutos"},"schema":{"@context":"https:\/\/schema.org","@graph":[{"@type":"Article","@id":"https:\/\/morarmais.com.br\/mms\/fazer-o-bem-faz-bem\/#article","isPartOf":{"@id":"https:\/\/morarmais.com.br\/mms\/fazer-o-bem-faz-bem\/"},"author":{"name":"Ale Devecchi","@id":"https:\/\/morarmais.com.br\/mms\/#\/schema\/person\/67dda048cb1edaf0c66d3a7787857c2a"},"headline":"Fazer o Bem Faz Bem","datePublished":"2020-03-03T09:48:18+00:00","dateModified":"2020-03-03T14:28:21+00:00","mainEntityOfPage":{"@id":"https:\/\/morarmais.com.br\/mms\/fazer-o-bem-faz-bem\/"},"wordCount":316,"commentCount":0,"publisher":{"@id":"https:\/\/morarmais.com.br\/mms\/#organization"},"image":{"@id":"https:\/\/morarmais.com.br\/mms\/fazer-o-bem-faz-bem\/#primaryimage"},"thumbnailUrl":"https:\/\/morarmais.com.br\/mms\/wp-content\/uploads\/2020\/02\/capa-3-fotos.png","articleSection":["Home","Inclus\u00e3o do Bem"],"inLanguage":"pt-BR","potentialAction":[{"@type":"CommentAction","name":"Comment","target":["https:\/\/morarmais.com.br\/mms\/fazer-o-bem-faz-bem\/#respond"]}]},{"@type":"WebPage","@id":"https:\/\/morarmais.com.br\/mms\/fazer-o-bem-faz-bem\/","url":"https:\/\/morarmais.com.br\/mms\/fazer-o-bem-faz-bem\/","name":"Fazer o Bem Faz Bem - Morar mais","isPartOf":{"@id":"https:\/\/morarmais.com.br\/mms\/#website"},"primaryImageOfPage":{"@id":"https:\/\/morarmais.com.br\/mms\/fazer-o-bem-faz-bem\/#primaryimage"},"image":{"@id":"https:\/\/morarmais.com.br\/mms\/fazer-o-bem-faz-bem\/#primaryimage"},"thumbnailUrl":"https:\/\/morarmais.com.br\/mms\/wp-content\/uploads\/2020\/02\/capa-3-fotos.png","datePublished":"2020-03-03T09:48:18+00:00","dateModified":"2020-03-03T14:28:21+00:00","breadcrumb":{"@id":"https:\/\/morarmais.com.br\/mms\/fazer-o-bem-faz-bem\/#breadcrumb"},"inLanguage":"pt-BR","potentialAction":[{"@type":"ReadAction","target":["https:\/\/morarmais.com.br\/mms\/fazer-o-bem-faz-bem\/"]}]},{"@type":"ImageObject","inLanguage":"pt-BR","@id":"https:\/\/morarmais.com.br\/mms\/fazer-o-bem-faz-bem\/#primaryimage","url":"https:\/\/morarmais.com.br\/mms\/wp-content\/uploads\/2020\/02\/capa-3-fotos.png","contentUrl":"https:\/\/morarmais.com.br\/mms\/wp-content\/uploads\/2020\/02\/capa-3-fotos.png","width":852,"height":563},{"@type":"BreadcrumbList","@id":"https:\/\/morarmais.com.br\/mms\/fazer-o-bem-faz-bem\/#breadcrumb","itemListElement":[{"@type":"ListItem","position":1,"name":"In\u00edcio","item":"https:\/\/morarmais.com.br\/mms\/"},{"@type":"ListItem","position":2,"name":"Fazer o Bem Faz Bem"}]},{"@type":"WebSite","@id":"https:\/\/morarmais.com.br\/mms\/#website","url":"https:\/\/morarmais.com.br\/mms\/","name":"Morar mais","description":"O Chique que cabe no bolso","publisher":{"@id":"https:\/\/morarmais.com.br\/mms\/#organization"},"potentialAction":[{"@type":"SearchAction","target":{"@type":"EntryPoint","urlTemplate":"https:\/\/morarmais.com.br\/mms\/?s={search_term_string}"},"query-input":{"@type":"PropertyValueSpecification","valueRequired":true,"valueName":"search_term_string"}}],"inLanguage":"pt-BR"},{"@type":"Organization","@id":"https:\/\/morarmais.com.br\/mms\/#organization","name":"Morar mais","url":"https:\/\/morarmais.com.br\/mms\/","logo":{"@type":"ImageObject","inLanguage":"pt-BR","@id":"https:\/\/morarmais.com.br\/mms\/#\/schema\/logo\/image\/","url":"https:\/\/morarmais.com.br\/mms\/wp-content\/uploads\/2019\/04\/cropped-logo-morar-mais-2-1-e1688661143585.png","contentUrl":"https:\/\/morarmais.com.br\/mms\/wp-content\/uploads\/2019\/04\/cropped-logo-morar-mais-2-1-e1688661143585.png","width":130,"height":100,"caption":"Morar mais"},"image":{"@id":"https:\/\/morarmais.com.br\/mms\/#\/schema\/logo\/image\/"},"sameAs":["https:\/\/www.facebook.com\/morarmais","https:\/\/www.instagram.com\/morarmaispormenos","https:\/\/br.pinterest.com\/morarmais\/"]},{"@type":"Person","@id":"https:\/\/morarmais.com.br\/mms\/#\/schema\/person\/67dda048cb1edaf0c66d3a7787857c2a","name":"Ale Devecchi","image":{"@type":"ImageObject","inLanguage":"pt-BR","@id":"https:\/\/morarmais.com.br\/mms\/#\/schema\/person\/image\/","url":"https:\/\/secure.gravatar.com\/avatar\/194f7a41b78fc7f5fcbf2fb567b600b5?s=96&d=mm&r=g","contentUrl":"https:\/\/secure.gravatar.com\/avatar\/194f7a41b78fc7f5fcbf2fb567b600b5?s=96&d=mm&r=g","caption":"Ale Devecchi"},"url":"https:\/\/morarmais.com.br\/mms\/author\/marketing-mais\/"}]}},"_links":{"self":[{"href":"https:\/\/morarmais.com.br\/mms\/wp-json\/wp\/v2\/posts\/2561"}],"collection":[{"href":"https:\/\/morarmais.com.br\/mms\/wp-json\/wp\/v2\/posts"}],"about":[{"href":"https:\/\/morarmais.com.br\/mms\/wp-json\/wp\/v2\/types\/post"}],"author":[{"embeddable":true,"href":"https:\/\/morarmais.com.br\/mms\/wp-json\/wp\/v2\/users\/6"}],"replies":[{"embeddable":true,"href":"https:\/\/morarmais.com.br\/mms\/wp-json\/wp\/v2\/comments?post=2561"}],"version-history":[{"count":0,"href":"https:\/\/morarmais.com.br\/mms\/wp-json\/wp\/v2\/posts\/2561\/revisions"}],"wp:featuredmedia":[{"embeddable":true,"href":"https:\/\/morarmais.com.br\/mms\/wp-json\/wp\/v2\/media\/2573"}],"wp:attachment":[{"href":"https:\/\/morarmais.com.br\/mms\/wp-json\/wp\/v2\/media?parent=2561"}],"wp:term":[{"taxonomy":"category","embeddable":true,"href":"https:\/\/morarmais.com.br\/mms\/wp-json\/wp\/v2\/categories?post=2561"},{"taxonomy":"post_tag","embeddable":true,"href":"https:\/\/morarmais.com.br\/mms\/wp-json\/wp\/v2\/tags?post=2561"}],"curies":[{"name":"wp","href":"https:\/\/api.w.org\/{rel}","templated":true}]}}