{"id":17493,"date":"2026-01-15T15:21:31","date_gmt":"2026-01-15T15:21:31","guid":{"rendered":"https:\/\/morarmais.com.br\/mms\/?p=17493"},"modified":"2026-03-10T20:05:40","modified_gmt":"2026-03-10T20:05:40","slug":"morar-mais-expo-revestir-haus-decor-2026","status":"publish","type":"post","link":"https:\/\/morarmais.com.br\/mms\/morar-mais-expo-revestir-haus-decor-2026\/","title":{"rendered":"Morar Mais, Expo Revestir e Haus Decor 2026"},"content":{"rendered":"<figure class=\"wp-block-post-featured-image\"><img fetchpriority=\"high\" decoding=\"async\" width=\"1600\" height=\"1067\" src=\"https:\/\/morarmais.com.br\/mms\/wp-content\/uploads\/2026\/01\/revestir-2026-morar-mais.jpg\" class=\"attachment-post-thumbnail size-post-thumbnail wp-post-image\" alt=\"\" style=\"object-fit:cover;\" srcset=\"https:\/\/morarmais.com.br\/mms\/wp-content\/uploads\/2026\/01\/revestir-2026-morar-mais.jpg 1600w, https:\/\/morarmais.com.br\/mms\/wp-content\/uploads\/2026\/01\/revestir-2026-morar-mais-300x200.jpg 300w, https:\/\/morarmais.com.br\/mms\/wp-content\/uploads\/2026\/01\/revestir-2026-morar-mais-1024x683.jpg 1024w, https:\/\/morarmais.com.br\/mms\/wp-content\/uploads\/2026\/01\/revestir-2026-morar-mais-768x512.jpg 768w, https:\/\/morarmais.com.br\/mms\/wp-content\/uploads\/2026\/01\/revestir-2026-morar-mais-1536x1024.jpg 1536w, https:\/\/morarmais.com.br\/mms\/wp-content\/uploads\/2026\/01\/revestir-2026-morar-mais-1200x800.jpg 1200w, https:\/\/morarmais.com.br\/mms\/wp-content\/uploads\/2026\/01\/revestir-2026-morar-mais-500x333.jpg 500w, https:\/\/morarmais.com.br\/mms\/wp-content\/uploads\/2026\/01\/revestir-2026-morar-mais-800x534.jpg 800w, https:\/\/morarmais.com.br\/mms\/wp-content\/uploads\/2026\/01\/revestir-2026-morar-mais-1280x854.jpg 1280w, https:\/\/morarmais.com.br\/mms\/wp-content\/uploads\/2026\/01\/revestir-2026-morar-mais-930x620.jpg 930w, https:\/\/morarmais.com.br\/mms\/wp-content\/uploads\/2026\/01\/revestir-2026-morar-mais-350x233.jpg 350w\" sizes=\"(max-width: 1600px) 100vw, 1600px\" \/><\/figure>\n\n\n<div style=\"height:13px\" aria-hidden=\"true\" class=\" wp-block-spacer eplus-wrapper\"><\/div>\n\n\n\n<h3 class=\" wp-block-heading eplus-wrapper\"><strong>As marcas que se encontram onde o mercado acontece<\/strong><\/h3>\n\n\n\n<p class=\" eplus-wrapper\">Em <strong>2026<\/strong>, o calend\u00e1rio da arquitetura e do design de interiores volta a girar em torno de dois grandes encontros do setor: a <a href=\"https:\/\/www.exporevestir.com.br\/\" target=\"_blank\" rel=\"noreferrer noopener\"><strong>Expo Revestir<\/strong> <\/a>e a <strong><a href=\"https:\/\/home.hausdecorshow.com.br\/\">Haus Decor<\/a><\/strong>. Mais do que vitrines de lan\u00e7amentos, as feiras se consolidam como <strong>territ\u00f3rios estrat\u00e9gicos de relacionamento, posicionamento e leitura de futuro<\/strong>, onde ind\u00fastria, inova\u00e7\u00e3o e comportamento se encontram.<\/p>\n\n\n\n<h3 class=\" wp-block-heading eplus-wrapper\"><strong>O papel do Morar Mais<\/strong>: <strong><em>Um ecossistema em movimento<\/em><\/strong><\/h3>\n\n\n\n<p class=\" eplus-wrapper\">\u00c9 nesse cen\u00e1rio que o <strong>Morar Mais<\/strong> se posiciona de forma singular: <strong>como um ecossistema que conecta marcas, profissionais e experi\u00eancias reais de aplica\u00e7\u00e3o dos produtos<\/strong>. Mais do que observar tend\u00eancias, o Morar Mais transforma lan\u00e7amentos em viv\u00eancia, traduzindo o discurso da ind\u00fastria em espa\u00e7os que podem ser sentidos, usados e compreendidos no dia a dia.<\/p>\n\n\n\n<h3 class=\" wp-block-heading eplus-wrapper\"><strong>Marcas que cruzam caminhos<\/strong>: <strong><em>Revestir 2026 + Morar Mais<\/em><\/strong><\/h3>\n\n\n\n<p class=\" eplus-wrapper\">Algumas das empresas <strong>confirmadas ou recorrentes na Revestir 2026<\/strong> j\u00e1 fazem parte da trajet\u00f3ria do Morar Mais, seja como expositoras, patrocinadoras ou parceiras em ambientes assinados por arquitetos e designers de interiores.<\/p>\n\n\n\n<h3 class=\" wp-block-heading eplus-wrapper\"><strong>Empresas da Revestir 2026 que j\u00e1 participaram do Morar Mais<\/strong><\/h3>\n\n\n\n<p class=\" eplus-wrapper\"><a href=\"https:\/\/www.eucatex.com.br\/\" target=\"_blank\" rel=\"noreferrer noopener\">Eucatex<br><\/a><a href=\"https:\/\/www.berneck.com.br\/\" target=\"_blank\" rel=\"noreferrer noopener\">Berneck<\/a><br><a href=\"https:\/\/www.invitacasa.com.br\/\" target=\"_blank\" rel=\"noreferrer noopener\">Invita | Grupo Elettromec<br><\/a><a href=\"https:\/\/www.mundiallux.com.br\/\" target=\"_blank\" rel=\"noreferrer noopener\">Mundial Lux<br><\/a><a href=\"https:\/\/www.suvinil.com.br\/\" target=\"_blank\" rel=\"noreferrer noopener\">Suvinil<br><\/a><a href=\"https:\/\/greenplac.com.br\/\" target=\"_blank\" rel=\"noreferrer noopener\">Greenplac<br><\/a><a href=\"https:\/\/crissair.com.br\/\" target=\"_blank\" rel=\"noreferrer noopener\">Crissair<br><\/a><a href=\"https:\/\/www.lorenzetti.com.br\/\" target=\"_blank\" rel=\"noreferrer noopener\">Lorenzetti<\/a><a href=\"https:\/\/strufaldi.com.br\/\" target=\"_blank\" rel=\"noreferrer noopener\"><br><\/a><a href=\"https:\/\/www.sfasanitrit.com.br\/\" target=\"_blank\" rel=\"noreferrer noopener\">Sanitrit<br><\/a><a href=\"https:\/\/www.br.roca.com\/\" target=\"_blank\" rel=\"noreferrer noopener\">Roca<br><\/a><\/p>\n\n\n\n<p class=\" eplus-wrapper\">Esse movimento evidencia uma din\u00e2mica clara do mercado: <strong>o produto apresentado na feira ganha for\u00e7a quando aplicado em ambientes reais<\/strong>, com curadoria, conceito e narrativa,&nbsp; exatamente o territ\u00f3rio de atua\u00e7\u00e3o do Morar Mais.<\/p>\n\n\n\n<h2 class=\" wp-block-heading eplus-wrapper\"><strong>Exemplos de aplica\u00e7\u00e3o no Morar Mais<\/strong><\/h2>\n\n\n\n<p class=\" eplus-wrapper\">No Morar Mais, materiais, revestimentos, tintas, ilumina\u00e7\u00e3o e solu\u00e7\u00f5es t\u00e9cnicas <strong>deixam de ser apenas lan\u00e7amentos<\/strong> e passam a integrar projetos autorais, criados por profissionais que exploram o uso real, a funcionalidade e a experi\u00eancia.<\/p>\n\n\n\n<p class=\" eplus-wrapper\">Os ambientes apresentados a seguir mostram <strong>como marcas ganham significado quando fazem parte do cotidiano<\/strong>, traduzindo inova\u00e7\u00e3o, est\u00e9tica e performance em espa\u00e7os pensados para viver.<\/p>\n\n\n\n<div id=\"wp-block-themeisle-blocks-advanced-columns-e1ab7ac3\" class=\"wp-block-themeisle-blocks-advanced-columns has-1-columns has-desktop-equal-layout has-tablet-equal-layout has-mobile-equal-layout has-vertical-unset\"><div class=\"wp-block-themeisle-blocks-advanced-columns-overlay\"><\/div><div class=\"innerblocks-wrap\">\n<div id=\"wp-block-themeisle-blocks-advanced-column-18fd0851\" class=\"wp-block-themeisle-blocks-advanced-column\"><div class=\"wp-block-visual-portfolio alignwide\">\n<div class=\"vp-portfolio vp-uid-62b84048 vp-id-1vFTTh\"\n\tdata-vp-layout=\"masonry\" data-vp-content-source=\"images\" data-vp-items-style=\"default\" data-vp-items-click-action=\"url\" data-vp-items-gap=\"15\" data-vp-items-gap-vertical=\"\" data-vp-pagination=\"load-more\" data-vp-next-page-url=\"\" data-vp-masonry-columns=\"3\" data-vp-masonry-images-aspect-ratio=\"10:11\" data-vp-masonry-horizontal-order=\"true\" >\n\t<div class=\"vp-portfolio__preloader-wrap\">\n\t\t<div class=\"vp-portfolio__preloader\">\n\t\t\t<img decoding=\"async\" loading=\"eager\" src=\"https:\/\/morarmais.com.br\/mms\/wp-content\/plugins\/visual-portfolio\/assets\/images\/logo-dark.svg\" alt=\"Visual Portfolio, Posts &amp; Image Gallery for WordPress\" width=\"20\" height=\"20\" data-skip-lazy>\n\t\t<\/div>\n\t<\/div>\n\t\t<div class=\"vp-portfolio__items-wrap\">\n\t\t\t\n<div class=\"vp-portfolio__items vp-portfolio__items-style-default vp-portfolio__items-show-overlay-hover\">\n\n\t\t<div\t\tclass=\"vp-portfolio__item-wrap vp-portfolio__item-uid-ccafed2c\" data-vp-filter=\"\" \t\t>\n\t\t\t\t\t\t\t\t\t<figure class=\"vp-portfolio__item\">\n\t\t\t\t\n<div class=\"vp-portfolio__item-img-wrap\">\n\t<div class=\"vp-portfolio__item-img\">\n\t\t\t<a\n\t\thref=\"https:\/\/morarmais.com.br\/mms\/wp-content\/uploads\/2026\/01\/meu-tempo-de-estar-morar-mais-christianne-lima-berneck.jpg\"\n\t\t\t>\n\t\n\t\t<noscript><img decoding=\"async\" width=\"1920\" height=\"1280\" data-skip-lazy src=\"https:\/\/morarmais.com.br\/mms\/wp-content\/uploads\/2026\/01\/meu-tempo-de-estar-morar-mais-christianne-lima-berneck.jpg\" class=\"wp-image-17517\" alt=\"\" srcset=\"https:\/\/morarmais.com.br\/mms\/wp-content\/uploads\/2026\/01\/meu-tempo-de-estar-morar-mais-christianne-lima-berneck.jpg 1920w, https:\/\/morarmais.com.br\/mms\/wp-content\/uploads\/2026\/01\/meu-tempo-de-estar-morar-mais-christianne-lima-berneck-300x200.jpg 300w, https:\/\/morarmais.com.br\/mms\/wp-content\/uploads\/2026\/01\/meu-tempo-de-estar-morar-mais-christianne-lima-berneck-1024x683.jpg 1024w, https:\/\/morarmais.com.br\/mms\/wp-content\/uploads\/2026\/01\/meu-tempo-de-estar-morar-mais-christianne-lima-berneck-768x512.jpg 768w, https:\/\/morarmais.com.br\/mms\/wp-content\/uploads\/2026\/01\/meu-tempo-de-estar-morar-mais-christianne-lima-berneck-1536x1024.jpg 1536w, https:\/\/morarmais.com.br\/mms\/wp-content\/uploads\/2026\/01\/meu-tempo-de-estar-morar-mais-christianne-lima-berneck-1200x800.jpg 1200w, https:\/\/morarmais.com.br\/mms\/wp-content\/uploads\/2026\/01\/meu-tempo-de-estar-morar-mais-christianne-lima-berneck-500x333.jpg 500w, https:\/\/morarmais.com.br\/mms\/wp-content\/uploads\/2026\/01\/meu-tempo-de-estar-morar-mais-christianne-lima-berneck-800x533.jpg 800w, https:\/\/morarmais.com.br\/mms\/wp-content\/uploads\/2026\/01\/meu-tempo-de-estar-morar-mais-christianne-lima-berneck-1280x853.jpg 1280w, https:\/\/morarmais.com.br\/mms\/wp-content\/uploads\/2026\/01\/meu-tempo-de-estar-morar-mais-christianne-lima-berneck-930x620.jpg 930w, https:\/\/morarmais.com.br\/mms\/wp-content\/uploads\/2026\/01\/meu-tempo-de-estar-morar-mais-christianne-lima-berneck-350x233.jpg 350w\" sizes=\"(max-width: 1920px) 100vw, 1920px\" \/><\/noscript><img decoding=\"async\" width=\"1920\" height=\"1280\" src=\"https:\/\/morarmais.com.br\/mms\/wp-content\/uploads\/2026\/01\/meu-tempo-de-estar-morar-mais-christianne-lima-berneck.jpg\" class=\"wp-image-17517 vp-lazyload\" alt srcset=\"data:image\/svg+xml;base64,PHN2ZyB3aWR0aD0iMTkyMCIgaGVpZ2h0PSIxMjgwIiB2aWV3Qm94PSIwIDAgMTkyMCAxMjgwIiBmaWxsPSJub25lIiB4bWxucz0iaHR0cDovL3d3dy53My5vcmcvMjAwMC9zdmciPjwvc3ZnPg==\" data-src=\"https:\/\/morarmais.com.br\/mms\/wp-content\/uploads\/2026\/01\/meu-tempo-de-estar-morar-mais-christianne-lima-berneck.jpg\" data-srcset=\"https:\/\/morarmais.com.br\/mms\/wp-content\/uploads\/2026\/01\/meu-tempo-de-estar-morar-mais-christianne-lima-berneck.jpg 1920w, https:\/\/morarmais.com.br\/mms\/wp-content\/uploads\/2026\/01\/meu-tempo-de-estar-morar-mais-christianne-lima-berneck-300x200.jpg 300w, https:\/\/morarmais.com.br\/mms\/wp-content\/uploads\/2026\/01\/meu-tempo-de-estar-morar-mais-christianne-lima-berneck-1024x683.jpg 1024w, https:\/\/morarmais.com.br\/mms\/wp-content\/uploads\/2026\/01\/meu-tempo-de-estar-morar-mais-christianne-lima-berneck-768x512.jpg 768w, https:\/\/morarmais.com.br\/mms\/wp-content\/uploads\/2026\/01\/meu-tempo-de-estar-morar-mais-christianne-lima-berneck-1536x1024.jpg 1536w, https:\/\/morarmais.com.br\/mms\/wp-content\/uploads\/2026\/01\/meu-tempo-de-estar-morar-mais-christianne-lima-berneck-1200x800.jpg 1200w, https:\/\/morarmais.com.br\/mms\/wp-content\/uploads\/2026\/01\/meu-tempo-de-estar-morar-mais-christianne-lima-berneck-500x333.jpg 500w, https:\/\/morarmais.com.br\/mms\/wp-content\/uploads\/2026\/01\/meu-tempo-de-estar-morar-mais-christianne-lima-berneck-800x533.jpg 800w, https:\/\/morarmais.com.br\/mms\/wp-content\/uploads\/2026\/01\/meu-tempo-de-estar-morar-mais-christianne-lima-berneck-1280x853.jpg 1280w, https:\/\/morarmais.com.br\/mms\/wp-content\/uploads\/2026\/01\/meu-tempo-de-estar-morar-mais-christianne-lima-berneck-930x620.jpg 930w, https:\/\/morarmais.com.br\/mms\/wp-content\/uploads\/2026\/01\/meu-tempo-de-estar-morar-mais-christianne-lima-berneck-350x233.jpg 350w\" data-sizes=\"auto\" loading=\"eager\">\n\t\t<div class=\"vp-portfolio__item-overlay\">\n\t\t\t\t\t<\/div>\n\n\t\t<\/a>\t<\/div>\n<\/div>\n\n\t<figcaption class=\"vp-portfolio__item-caption vp-portfolio__item-caption-text-align-center\">\n\t\t<div class=\"vp-portfolio__item-meta\">\n\t\t\t\n<h2 class=\"vp-portfolio__item-meta-title\">\n\t\t<a\n\t\thref=\"https:\/\/morarmais.com.br\/mms\/wp-content\/uploads\/2026\/01\/meu-tempo-de-estar-morar-mais-christianne-lima-berneck.jpg\"\n\t\t\t>\n\tBerneck no Morar Mais BH<\/a><\/h2>\n\n<div class=\"vp-portfolio__item-meta-excerpt\">\n\t<div>\n\t\tMeu Tempo de Estar, Christianne Lima: o ambiente utiliza chapas de MDF Metallic Suede e Peroba da Berneck, criando uma atmosfera acolhedora e sofisticada, onde a materialidade conduz a experi\u00eancia do morar.\t<\/div>\n<\/div>\n\t\t<\/div>\n\t<\/figcaption>\n\t\t\t<\/figure>\n\t\t\t\t\t<\/div>\n\t\t\n\t\t<div\t\tclass=\"vp-portfolio__item-wrap vp-portfolio__item-uid-87e15e72\" data-vp-filter=\"\" \t\t>\n\t\t\t\t\t\t\t\t\t<figure class=\"vp-portfolio__item\">\n\t\t\t\t\n<div class=\"vp-portfolio__item-img-wrap\">\n\t<div class=\"vp-portfolio__item-img\">\n\t\t\t<a\n\t\thref=\"https:\/\/morarmais.com.br\/mms\/wp-content\/uploads\/2026\/01\/suite-master-morar-mais-rodrigo-rochet-eucatex.jpg\"\n\t\t\t>\n\t\n\t\t<noscript><img decoding=\"async\" width=\"1920\" height=\"1280\" data-skip-lazy src=\"https:\/\/morarmais.com.br\/mms\/wp-content\/uploads\/2026\/01\/suite-master-morar-mais-rodrigo-rochet-eucatex.jpg\" class=\"wp-image-17504\" alt=\"\" srcset=\"https:\/\/morarmais.com.br\/mms\/wp-content\/uploads\/2026\/01\/suite-master-morar-mais-rodrigo-rochet-eucatex.jpg 1920w, https:\/\/morarmais.com.br\/mms\/wp-content\/uploads\/2026\/01\/suite-master-morar-mais-rodrigo-rochet-eucatex-300x200.jpg 300w, https:\/\/morarmais.com.br\/mms\/wp-content\/uploads\/2026\/01\/suite-master-morar-mais-rodrigo-rochet-eucatex-1024x683.jpg 1024w, https:\/\/morarmais.com.br\/mms\/wp-content\/uploads\/2026\/01\/suite-master-morar-mais-rodrigo-rochet-eucatex-768x512.jpg 768w, https:\/\/morarmais.com.br\/mms\/wp-content\/uploads\/2026\/01\/suite-master-morar-mais-rodrigo-rochet-eucatex-1536x1024.jpg 1536w, https:\/\/morarmais.com.br\/mms\/wp-content\/uploads\/2026\/01\/suite-master-morar-mais-rodrigo-rochet-eucatex-1200x800.jpg 1200w, https:\/\/morarmais.com.br\/mms\/wp-content\/uploads\/2026\/01\/suite-master-morar-mais-rodrigo-rochet-eucatex-500x333.jpg 500w, https:\/\/morarmais.com.br\/mms\/wp-content\/uploads\/2026\/01\/suite-master-morar-mais-rodrigo-rochet-eucatex-800x533.jpg 800w, https:\/\/morarmais.com.br\/mms\/wp-content\/uploads\/2026\/01\/suite-master-morar-mais-rodrigo-rochet-eucatex-1280x853.jpg 1280w, https:\/\/morarmais.com.br\/mms\/wp-content\/uploads\/2026\/01\/suite-master-morar-mais-rodrigo-rochet-eucatex-930x620.jpg 930w, https:\/\/morarmais.com.br\/mms\/wp-content\/uploads\/2026\/01\/suite-master-morar-mais-rodrigo-rochet-eucatex-350x233.jpg 350w\" sizes=\"(max-width: 1920px) 100vw, 1920px\" \/><\/noscript><img decoding=\"async\" width=\"1920\" height=\"1280\" src=\"https:\/\/morarmais.com.br\/mms\/wp-content\/uploads\/2026\/01\/suite-master-morar-mais-rodrigo-rochet-eucatex.jpg\" class=\"wp-image-17504 vp-lazyload\" alt srcset=\"data:image\/svg+xml;base64,PHN2ZyB3aWR0aD0iMTkyMCIgaGVpZ2h0PSIxMjgwIiB2aWV3Qm94PSIwIDAgMTkyMCAxMjgwIiBmaWxsPSJub25lIiB4bWxucz0iaHR0cDovL3d3dy53My5vcmcvMjAwMC9zdmciPjwvc3ZnPg==\" data-src=\"https:\/\/morarmais.com.br\/mms\/wp-content\/uploads\/2026\/01\/suite-master-morar-mais-rodrigo-rochet-eucatex.jpg\" data-srcset=\"https:\/\/morarmais.com.br\/mms\/wp-content\/uploads\/2026\/01\/suite-master-morar-mais-rodrigo-rochet-eucatex.jpg 1920w, https:\/\/morarmais.com.br\/mms\/wp-content\/uploads\/2026\/01\/suite-master-morar-mais-rodrigo-rochet-eucatex-300x200.jpg 300w, https:\/\/morarmais.com.br\/mms\/wp-content\/uploads\/2026\/01\/suite-master-morar-mais-rodrigo-rochet-eucatex-1024x683.jpg 1024w, https:\/\/morarmais.com.br\/mms\/wp-content\/uploads\/2026\/01\/suite-master-morar-mais-rodrigo-rochet-eucatex-768x512.jpg 768w, https:\/\/morarmais.com.br\/mms\/wp-content\/uploads\/2026\/01\/suite-master-morar-mais-rodrigo-rochet-eucatex-1536x1024.jpg 1536w, https:\/\/morarmais.com.br\/mms\/wp-content\/uploads\/2026\/01\/suite-master-morar-mais-rodrigo-rochet-eucatex-1200x800.jpg 1200w, https:\/\/morarmais.com.br\/mms\/wp-content\/uploads\/2026\/01\/suite-master-morar-mais-rodrigo-rochet-eucatex-500x333.jpg 500w, https:\/\/morarmais.com.br\/mms\/wp-content\/uploads\/2026\/01\/suite-master-morar-mais-rodrigo-rochet-eucatex-800x533.jpg 800w, https:\/\/morarmais.com.br\/mms\/wp-content\/uploads\/2026\/01\/suite-master-morar-mais-rodrigo-rochet-eucatex-1280x853.jpg 1280w, https:\/\/morarmais.com.br\/mms\/wp-content\/uploads\/2026\/01\/suite-master-morar-mais-rodrigo-rochet-eucatex-930x620.jpg 930w, https:\/\/morarmais.com.br\/mms\/wp-content\/uploads\/2026\/01\/suite-master-morar-mais-rodrigo-rochet-eucatex-350x233.jpg 350w\" data-sizes=\"auto\" loading=\"eager\">\n\t\t<div class=\"vp-portfolio__item-overlay\">\n\t\t\t\t\t<\/div>\n\n\t\t<\/a>\t<\/div>\n<\/div>\n\n\t<figcaption class=\"vp-portfolio__item-caption vp-portfolio__item-caption-text-align-center\">\n\t\t<div class=\"vp-portfolio__item-meta\">\n\t\t\t\n<h2 class=\"vp-portfolio__item-meta-title\">\n\t\t<a\n\t\thref=\"https:\/\/morarmais.com.br\/mms\/wp-content\/uploads\/2026\/01\/suite-master-morar-mais-rodrigo-rochet-eucatex.jpg\"\n\t\t\t>\n\tEucatex no Morar Mais Rio<\/a><\/h2>\n\n<div class=\"vp-portfolio__item-meta-excerpt\">\n\t<div>\n\t\tSu\u00edte Master, Rodrigo Rochet: o espa\u00e7o utiliza piso laminado e pain\u00e9is ripados Eucatex, criando uma atmosfera confort\u00e1vel e coerente, onde a materialidade contribui para identidade e bem-estar.\t<\/div>\n<\/div>\n\t\t<\/div>\n\t<\/figcaption>\n\t\t\t<\/figure>\n\t\t\t\t\t<\/div>\n\t\t\n\t\t<div\t\tclass=\"vp-portfolio__item-wrap vp-portfolio__item-uid-9f11b97f\" data-vp-filter=\"\" \t\t>\n\t\t\t\t\t\t\t\t\t<figure class=\"vp-portfolio__item\">\n\t\t\t\t\n<div class=\"vp-portfolio__item-img-wrap\">\n\t<div class=\"vp-portfolio__item-img\">\n\t\t\t<a\n\t\thref=\"https:\/\/morarmais.com.br\/mms\/wp-content\/uploads\/2026\/01\/refugio-brisa-do-mar-morar-mais-bya-pietroluongo-suvinil.jpg\"\n\t\t\t>\n\t\n\t\t<noscript><img loading=\"lazy\" decoding=\"async\" width=\"1920\" height=\"1280\" data-skip-lazy src=\"https:\/\/morarmais.com.br\/mms\/wp-content\/uploads\/2026\/01\/refugio-brisa-do-mar-morar-mais-bya-pietroluongo-suvinil.jpg\" class=\"wp-image-17503\" alt=\"\" srcset=\"https:\/\/morarmais.com.br\/mms\/wp-content\/uploads\/2026\/01\/refugio-brisa-do-mar-morar-mais-bya-pietroluongo-suvinil.jpg 1920w, https:\/\/morarmais.com.br\/mms\/wp-content\/uploads\/2026\/01\/refugio-brisa-do-mar-morar-mais-bya-pietroluongo-suvinil-300x200.jpg 300w, https:\/\/morarmais.com.br\/mms\/wp-content\/uploads\/2026\/01\/refugio-brisa-do-mar-morar-mais-bya-pietroluongo-suvinil-1024x683.jpg 1024w, https:\/\/morarmais.com.br\/mms\/wp-content\/uploads\/2026\/01\/refugio-brisa-do-mar-morar-mais-bya-pietroluongo-suvinil-768x512.jpg 768w, https:\/\/morarmais.com.br\/mms\/wp-content\/uploads\/2026\/01\/refugio-brisa-do-mar-morar-mais-bya-pietroluongo-suvinil-1536x1024.jpg 1536w, https:\/\/morarmais.com.br\/mms\/wp-content\/uploads\/2026\/01\/refugio-brisa-do-mar-morar-mais-bya-pietroluongo-suvinil-1200x800.jpg 1200w, https:\/\/morarmais.com.br\/mms\/wp-content\/uploads\/2026\/01\/refugio-brisa-do-mar-morar-mais-bya-pietroluongo-suvinil-500x333.jpg 500w, https:\/\/morarmais.com.br\/mms\/wp-content\/uploads\/2026\/01\/refugio-brisa-do-mar-morar-mais-bya-pietroluongo-suvinil-800x533.jpg 800w, https:\/\/morarmais.com.br\/mms\/wp-content\/uploads\/2026\/01\/refugio-brisa-do-mar-morar-mais-bya-pietroluongo-suvinil-1280x853.jpg 1280w, https:\/\/morarmais.com.br\/mms\/wp-content\/uploads\/2026\/01\/refugio-brisa-do-mar-morar-mais-bya-pietroluongo-suvinil-930x620.jpg 930w, https:\/\/morarmais.com.br\/mms\/wp-content\/uploads\/2026\/01\/refugio-brisa-do-mar-morar-mais-bya-pietroluongo-suvinil-350x233.jpg 350w\" sizes=\"(max-width: 1920px) 100vw, 1920px\" \/><\/noscript><img decoding=\"async\" width=\"1920\" height=\"1280\" src=\"https:\/\/morarmais.com.br\/mms\/wp-content\/uploads\/2026\/01\/refugio-brisa-do-mar-morar-mais-bya-pietroluongo-suvinil.jpg\" class=\"wp-image-17503 vp-lazyload\" alt srcset=\"data:image\/svg+xml;base64,PHN2ZyB3aWR0aD0iMTkyMCIgaGVpZ2h0PSIxMjgwIiB2aWV3Qm94PSIwIDAgMTkyMCAxMjgwIiBmaWxsPSJub25lIiB4bWxucz0iaHR0cDovL3d3dy53My5vcmcvMjAwMC9zdmciPjwvc3ZnPg==\" data-src=\"https:\/\/morarmais.com.br\/mms\/wp-content\/uploads\/2026\/01\/refugio-brisa-do-mar-morar-mais-bya-pietroluongo-suvinil.jpg\" data-srcset=\"https:\/\/morarmais.com.br\/mms\/wp-content\/uploads\/2026\/01\/refugio-brisa-do-mar-morar-mais-bya-pietroluongo-suvinil.jpg 1920w, https:\/\/morarmais.com.br\/mms\/wp-content\/uploads\/2026\/01\/refugio-brisa-do-mar-morar-mais-bya-pietroluongo-suvinil-300x200.jpg 300w, https:\/\/morarmais.com.br\/mms\/wp-content\/uploads\/2026\/01\/refugio-brisa-do-mar-morar-mais-bya-pietroluongo-suvinil-1024x683.jpg 1024w, https:\/\/morarmais.com.br\/mms\/wp-content\/uploads\/2026\/01\/refugio-brisa-do-mar-morar-mais-bya-pietroluongo-suvinil-768x512.jpg 768w, https:\/\/morarmais.com.br\/mms\/wp-content\/uploads\/2026\/01\/refugio-brisa-do-mar-morar-mais-bya-pietroluongo-suvinil-1536x1024.jpg 1536w, https:\/\/morarmais.com.br\/mms\/wp-content\/uploads\/2026\/01\/refugio-brisa-do-mar-morar-mais-bya-pietroluongo-suvinil-1200x800.jpg 1200w, https:\/\/morarmais.com.br\/mms\/wp-content\/uploads\/2026\/01\/refugio-brisa-do-mar-morar-mais-bya-pietroluongo-suvinil-500x333.jpg 500w, https:\/\/morarmais.com.br\/mms\/wp-content\/uploads\/2026\/01\/refugio-brisa-do-mar-morar-mais-bya-pietroluongo-suvinil-800x533.jpg 800w, https:\/\/morarmais.com.br\/mms\/wp-content\/uploads\/2026\/01\/refugio-brisa-do-mar-morar-mais-bya-pietroluongo-suvinil-1280x853.jpg 1280w, https:\/\/morarmais.com.br\/mms\/wp-content\/uploads\/2026\/01\/refugio-brisa-do-mar-morar-mais-bya-pietroluongo-suvinil-930x620.jpg 930w, https:\/\/morarmais.com.br\/mms\/wp-content\/uploads\/2026\/01\/refugio-brisa-do-mar-morar-mais-bya-pietroluongo-suvinil-350x233.jpg 350w\" data-sizes=\"auto\" loading=\"eager\">\n\t\t<div class=\"vp-portfolio__item-overlay\">\n\t\t\t\t\t<\/div>\n\n\t\t<\/a>\t<\/div>\n<\/div>\n\n\t<figcaption class=\"vp-portfolio__item-caption vp-portfolio__item-caption-text-align-center\">\n\t\t<div class=\"vp-portfolio__item-meta\">\n\t\t\t\n<h2 class=\"vp-portfolio__item-meta-title\">\n\t\t<a\n\t\thref=\"https:\/\/morarmais.com.br\/mms\/wp-content\/uploads\/2026\/01\/refugio-brisa-do-mar-morar-mais-bya-pietroluongo-suvinil.jpg\"\n\t\t\t>\n\tSuvinil no Morar Mais Rio<\/a><\/h2>\n\n<div class=\"vp-portfolio__item-meta-excerpt\">\n\t<div>\n\t\tRef\u00fagio Brisa do Mar, Bya Pietroluongo: o projeto explora tintas Suvinil, por meio da Ver\u00e3o Tintas, em uma paleta suave que refor\u00e7a sensorialidade, conforto visual e identidade do ambiente.\t<\/div>\n<\/div>\n\t\t<\/div>\n\t<\/figcaption>\n\t\t\t<\/figure>\n\t\t\t\t\t<\/div>\n\t\t\n\t\t<div\t\tclass=\"vp-portfolio__item-wrap vp-portfolio__item-uid-234a5a4c\" data-vp-filter=\"\" \t\t>\n\t\t\t\t\t\t\t\t\t<figure class=\"vp-portfolio__item\">\n\t\t\t\t\n<div class=\"vp-portfolio__item-img-wrap\">\n\t<div class=\"vp-portfolio__item-img\">\n\t\t\t<a\n\t\thref=\"https:\/\/morarmais.com.br\/mms\/wp-content\/uploads\/2026\/01\/quarto-vermelha-essencia-morar-mais-ariel-macatrao-mundial-lux-anjo-tintas.jpg\"\n\t\t\t>\n\t\n\t\t<noscript><img loading=\"lazy\" decoding=\"async\" width=\"1369\" height=\"899\" data-skip-lazy src=\"https:\/\/morarmais.com.br\/mms\/wp-content\/uploads\/2026\/01\/quarto-vermelha-essencia-morar-mais-ariel-macatrao-mundial-lux-anjo-tintas.jpg\" class=\"wp-image-17502\" alt=\"\" srcset=\"https:\/\/morarmais.com.br\/mms\/wp-content\/uploads\/2026\/01\/quarto-vermelha-essencia-morar-mais-ariel-macatrao-mundial-lux-anjo-tintas.jpg 1369w, https:\/\/morarmais.com.br\/mms\/wp-content\/uploads\/2026\/01\/quarto-vermelha-essencia-morar-mais-ariel-macatrao-mundial-lux-anjo-tintas-300x197.jpg 300w, https:\/\/morarmais.com.br\/mms\/wp-content\/uploads\/2026\/01\/quarto-vermelha-essencia-morar-mais-ariel-macatrao-mundial-lux-anjo-tintas-1024x672.jpg 1024w, https:\/\/morarmais.com.br\/mms\/wp-content\/uploads\/2026\/01\/quarto-vermelha-essencia-morar-mais-ariel-macatrao-mundial-lux-anjo-tintas-768x504.jpg 768w, https:\/\/morarmais.com.br\/mms\/wp-content\/uploads\/2026\/01\/quarto-vermelha-essencia-morar-mais-ariel-macatrao-mundial-lux-anjo-tintas-870x570.jpg 870w, https:\/\/morarmais.com.br\/mms\/wp-content\/uploads\/2026\/01\/quarto-vermelha-essencia-morar-mais-ariel-macatrao-mundial-lux-anjo-tintas-500x328.jpg 500w, https:\/\/morarmais.com.br\/mms\/wp-content\/uploads\/2026\/01\/quarto-vermelha-essencia-morar-mais-ariel-macatrao-mundial-lux-anjo-tintas-800x525.jpg 800w, https:\/\/morarmais.com.br\/mms\/wp-content\/uploads\/2026\/01\/quarto-vermelha-essencia-morar-mais-ariel-macatrao-mundial-lux-anjo-tintas-1280x841.jpg 1280w, https:\/\/morarmais.com.br\/mms\/wp-content\/uploads\/2026\/01\/quarto-vermelha-essencia-morar-mais-ariel-macatrao-mundial-lux-anjo-tintas-350x230.jpg 350w\" sizes=\"(max-width: 1369px) 100vw, 1369px\" \/><\/noscript><img decoding=\"async\" width=\"1369\" height=\"899\" src=\"https:\/\/morarmais.com.br\/mms\/wp-content\/uploads\/2026\/01\/quarto-vermelha-essencia-morar-mais-ariel-macatrao-mundial-lux-anjo-tintas.jpg\" class=\"wp-image-17502 vp-lazyload\" alt srcset=\"data:image\/svg+xml;base64,PHN2ZyB3aWR0aD0iMTM2OSIgaGVpZ2h0PSI4OTkiIHZpZXdCb3g9IjAgMCAxMzY5IDg5OSIgZmlsbD0ibm9uZSIgeG1sbnM9Imh0dHA6Ly93d3cudzMub3JnLzIwMDAvc3ZnIj48L3N2Zz4=\" data-src=\"https:\/\/morarmais.com.br\/mms\/wp-content\/uploads\/2026\/01\/quarto-vermelha-essencia-morar-mais-ariel-macatrao-mundial-lux-anjo-tintas.jpg\" data-srcset=\"https:\/\/morarmais.com.br\/mms\/wp-content\/uploads\/2026\/01\/quarto-vermelha-essencia-morar-mais-ariel-macatrao-mundial-lux-anjo-tintas.jpg 1369w, https:\/\/morarmais.com.br\/mms\/wp-content\/uploads\/2026\/01\/quarto-vermelha-essencia-morar-mais-ariel-macatrao-mundial-lux-anjo-tintas-300x197.jpg 300w, https:\/\/morarmais.com.br\/mms\/wp-content\/uploads\/2026\/01\/quarto-vermelha-essencia-morar-mais-ariel-macatrao-mundial-lux-anjo-tintas-1024x672.jpg 1024w, https:\/\/morarmais.com.br\/mms\/wp-content\/uploads\/2026\/01\/quarto-vermelha-essencia-morar-mais-ariel-macatrao-mundial-lux-anjo-tintas-768x504.jpg 768w, https:\/\/morarmais.com.br\/mms\/wp-content\/uploads\/2026\/01\/quarto-vermelha-essencia-morar-mais-ariel-macatrao-mundial-lux-anjo-tintas-870x570.jpg 870w, https:\/\/morarmais.com.br\/mms\/wp-content\/uploads\/2026\/01\/quarto-vermelha-essencia-morar-mais-ariel-macatrao-mundial-lux-anjo-tintas-500x328.jpg 500w, https:\/\/morarmais.com.br\/mms\/wp-content\/uploads\/2026\/01\/quarto-vermelha-essencia-morar-mais-ariel-macatrao-mundial-lux-anjo-tintas-800x525.jpg 800w, https:\/\/morarmais.com.br\/mms\/wp-content\/uploads\/2026\/01\/quarto-vermelha-essencia-morar-mais-ariel-macatrao-mundial-lux-anjo-tintas-1280x841.jpg 1280w, https:\/\/morarmais.com.br\/mms\/wp-content\/uploads\/2026\/01\/quarto-vermelha-essencia-morar-mais-ariel-macatrao-mundial-lux-anjo-tintas-350x230.jpg 350w\" data-sizes=\"auto\" loading=\"eager\">\n\t\t<div class=\"vp-portfolio__item-overlay\">\n\t\t\t\t\t<\/div>\n\n\t\t<\/a>\t<\/div>\n<\/div>\n\n\t<figcaption class=\"vp-portfolio__item-caption vp-portfolio__item-caption-text-align-center\">\n\t\t<div class=\"vp-portfolio__item-meta\">\n\t\t\t\n<h2 class=\"vp-portfolio__item-meta-title\">\n\t\t<a\n\t\thref=\"https:\/\/morarmais.com.br\/mms\/wp-content\/uploads\/2026\/01\/quarto-vermelha-essencia-morar-mais-ariel-macatrao-mundial-lux-anjo-tintas.jpg\"\n\t\t\t>\n\tMundial Lux + Anjo Tintas no Morar Mais Rio<\/a><\/h2>\n\n<div class=\"vp-portfolio__item-meta-excerpt\">\n\t<div>\n\t\tQuarto Vermelha Ess\u00eancia, Ariel Macatr\u00e3o: o ambiente combina fita LED da Mundial Lux e massa corrida da Anjo Tintas, mostrando como ilumina\u00e7\u00e3o e acabamento definem clima e percep\u00e7\u00e3o do espa\u00e7o.\t<\/div>\n<\/div>\n\t\t<\/div>\n\t<\/figcaption>\n\t\t\t<\/figure>\n\t\t\t\t\t<\/div>\n\t\t\n\t\t<div\t\tclass=\"vp-portfolio__item-wrap vp-portfolio__item-uid-a7463b4e\" data-vp-filter=\"\" \t\t>\n\t\t\t\t\t\t\t\t\t<figure class=\"vp-portfolio__item\">\n\t\t\t\t\n<div class=\"vp-portfolio__item-img-wrap\">\n\t<div class=\"vp-portfolio__item-img\">\n\t\t\t<a\n\t\thref=\"https:\/\/morarmais.com.br\/mms\/wp-content\/uploads\/2026\/01\/estudio-cipestre-morar-mais-jacqueline-fumagalli-berneck-crissair.jpg\"\n\t\t\t>\n\t\n\t\t<noscript><img loading=\"lazy\" decoding=\"async\" width=\"1051\" height=\"1592\" data-skip-lazy src=\"https:\/\/morarmais.com.br\/mms\/wp-content\/uploads\/2026\/01\/estudio-cipestre-morar-mais-jacqueline-fumagalli-berneck-crissair.jpg\" class=\"wp-image-17501\" alt=\"\" srcset=\"https:\/\/morarmais.com.br\/mms\/wp-content\/uploads\/2026\/01\/estudio-cipestre-morar-mais-jacqueline-fumagalli-berneck-crissair.jpg 1051w, https:\/\/morarmais.com.br\/mms\/wp-content\/uploads\/2026\/01\/estudio-cipestre-morar-mais-jacqueline-fumagalli-berneck-crissair-198x300.jpg 198w, https:\/\/morarmais.com.br\/mms\/wp-content\/uploads\/2026\/01\/estudio-cipestre-morar-mais-jacqueline-fumagalli-berneck-crissair-676x1024.jpg 676w, https:\/\/morarmais.com.br\/mms\/wp-content\/uploads\/2026\/01\/estudio-cipestre-morar-mais-jacqueline-fumagalli-berneck-crissair-768x1163.jpg 768w, https:\/\/morarmais.com.br\/mms\/wp-content\/uploads\/2026\/01\/estudio-cipestre-morar-mais-jacqueline-fumagalli-berneck-crissair-1014x1536.jpg 1014w, https:\/\/morarmais.com.br\/mms\/wp-content\/uploads\/2026\/01\/estudio-cipestre-morar-mais-jacqueline-fumagalli-berneck-crissair-500x757.jpg 500w, https:\/\/morarmais.com.br\/mms\/wp-content\/uploads\/2026\/01\/estudio-cipestre-morar-mais-jacqueline-fumagalli-berneck-crissair-800x1212.jpg 800w, https:\/\/morarmais.com.br\/mms\/wp-content\/uploads\/2026\/01\/estudio-cipestre-morar-mais-jacqueline-fumagalli-berneck-crissair-350x530.jpg 350w\" sizes=\"(max-width: 1051px) 100vw, 1051px\" \/><\/noscript><img decoding=\"async\" width=\"1051\" height=\"1592\" src=\"https:\/\/morarmais.com.br\/mms\/wp-content\/uploads\/2026\/01\/estudio-cipestre-morar-mais-jacqueline-fumagalli-berneck-crissair.jpg\" class=\"wp-image-17501 vp-lazyload\" alt srcset=\"data:image\/svg+xml;base64,PHN2ZyB3aWR0aD0iMTA1MSIgaGVpZ2h0PSIxNTkyIiB2aWV3Qm94PSIwIDAgMTA1MSAxNTkyIiBmaWxsPSJub25lIiB4bWxucz0iaHR0cDovL3d3dy53My5vcmcvMjAwMC9zdmciPjwvc3ZnPg==\" data-src=\"https:\/\/morarmais.com.br\/mms\/wp-content\/uploads\/2026\/01\/estudio-cipestre-morar-mais-jacqueline-fumagalli-berneck-crissair.jpg\" data-srcset=\"https:\/\/morarmais.com.br\/mms\/wp-content\/uploads\/2026\/01\/estudio-cipestre-morar-mais-jacqueline-fumagalli-berneck-crissair.jpg 1051w, https:\/\/morarmais.com.br\/mms\/wp-content\/uploads\/2026\/01\/estudio-cipestre-morar-mais-jacqueline-fumagalli-berneck-crissair-198x300.jpg 198w, https:\/\/morarmais.com.br\/mms\/wp-content\/uploads\/2026\/01\/estudio-cipestre-morar-mais-jacqueline-fumagalli-berneck-crissair-676x1024.jpg 676w, https:\/\/morarmais.com.br\/mms\/wp-content\/uploads\/2026\/01\/estudio-cipestre-morar-mais-jacqueline-fumagalli-berneck-crissair-768x1163.jpg 768w, https:\/\/morarmais.com.br\/mms\/wp-content\/uploads\/2026\/01\/estudio-cipestre-morar-mais-jacqueline-fumagalli-berneck-crissair-1014x1536.jpg 1014w, https:\/\/morarmais.com.br\/mms\/wp-content\/uploads\/2026\/01\/estudio-cipestre-morar-mais-jacqueline-fumagalli-berneck-crissair-500x757.jpg 500w, https:\/\/morarmais.com.br\/mms\/wp-content\/uploads\/2026\/01\/estudio-cipestre-morar-mais-jacqueline-fumagalli-berneck-crissair-800x1212.jpg 800w, https:\/\/morarmais.com.br\/mms\/wp-content\/uploads\/2026\/01\/estudio-cipestre-morar-mais-jacqueline-fumagalli-berneck-crissair-350x530.jpg 350w\" data-sizes=\"auto\" loading=\"eager\">\n\t\t<div class=\"vp-portfolio__item-overlay\">\n\t\t\t\t\t<\/div>\n\n\t\t<\/a>\t<\/div>\n<\/div>\n\n\t<figcaption class=\"vp-portfolio__item-caption vp-portfolio__item-caption-text-align-center\">\n\t\t<div class=\"vp-portfolio__item-meta\">\n\t\t\t\n<h2 class=\"vp-portfolio__item-meta-title\">\n\t\t<a\n\t\thref=\"https:\/\/morarmais.com.br\/mms\/wp-content\/uploads\/2026\/01\/estudio-cipestre-morar-mais-jacqueline-fumagalli-berneck-crissair.jpg\"\n\t\t\t>\n\tCrissair + Berneck no Morar Mais SP<\/a><\/h2>\n\n<div class=\"vp-portfolio__item-meta-excerpt\">\n\t<div>\n\t\tEst\u00fadio Cipestre, Jacqueline Fumagalli: o est\u00fadio re\u00fane micro-ondas e frigobar da Crissair com MDF Berneck, resultando em um espa\u00e7o compacto, funcional e bem resolvido para o dia a dia.\t<\/div>\n<\/div>\n\t\t<\/div>\n\t<\/figcaption>\n\t\t\t<\/figure>\n\t\t\t\t\t<\/div>\n\t\t\n\t\t<div\t\tclass=\"vp-portfolio__item-wrap vp-portfolio__item-uid-1b1dd87d\" data-vp-filter=\"\" \t\t>\n\t\t\t\t\t\t\t\t\t<figure class=\"vp-portfolio__item\">\n\t\t\t\t\n<div class=\"vp-portfolio__item-img-wrap\">\n\t<div class=\"vp-portfolio__item-img\">\n\t\t\t<a\n\t\thref=\"https:\/\/morarmais.com.br\/mms\/wp-content\/uploads\/2026\/01\/espaco-light-morar-mais-thiago-herrera-amorim-cortinas.jpg\"\n\t\t\t>\n\t\n\t\t<noscript><img loading=\"lazy\" decoding=\"async\" width=\"1024\" height=\"683\" data-skip-lazy src=\"https:\/\/morarmais.com.br\/mms\/wp-content\/uploads\/2026\/01\/espaco-light-morar-mais-thiago-herrera-amorim-cortinas.jpg\" class=\"wp-image-17500\" alt=\"\" srcset=\"https:\/\/morarmais.com.br\/mms\/wp-content\/uploads\/2026\/01\/espaco-light-morar-mais-thiago-herrera-amorim-cortinas.jpg 1024w, https:\/\/morarmais.com.br\/mms\/wp-content\/uploads\/2026\/01\/espaco-light-morar-mais-thiago-herrera-amorim-cortinas-300x200.jpg 300w, https:\/\/morarmais.com.br\/mms\/wp-content\/uploads\/2026\/01\/espaco-light-morar-mais-thiago-herrera-amorim-cortinas-768x512.jpg 768w, https:\/\/morarmais.com.br\/mms\/wp-content\/uploads\/2026\/01\/espaco-light-morar-mais-thiago-herrera-amorim-cortinas-500x333.jpg 500w, https:\/\/morarmais.com.br\/mms\/wp-content\/uploads\/2026\/01\/espaco-light-morar-mais-thiago-herrera-amorim-cortinas-800x534.jpg 800w, https:\/\/morarmais.com.br\/mms\/wp-content\/uploads\/2026\/01\/espaco-light-morar-mais-thiago-herrera-amorim-cortinas-930x620.jpg 930w, https:\/\/morarmais.com.br\/mms\/wp-content\/uploads\/2026\/01\/espaco-light-morar-mais-thiago-herrera-amorim-cortinas-350x233.jpg 350w\" sizes=\"(max-width: 1024px) 100vw, 1024px\" \/><\/noscript><img decoding=\"async\" width=\"1024\" height=\"683\" src=\"https:\/\/morarmais.com.br\/mms\/wp-content\/uploads\/2026\/01\/espaco-light-morar-mais-thiago-herrera-amorim-cortinas.jpg\" class=\"wp-image-17500 vp-lazyload\" alt srcset=\"data:image\/svg+xml;base64,PHN2ZyB3aWR0aD0iMTAyNCIgaGVpZ2h0PSI2ODMiIHZpZXdCb3g9IjAgMCAxMDI0IDY4MyIgZmlsbD0ibm9uZSIgeG1sbnM9Imh0dHA6Ly93d3cudzMub3JnLzIwMDAvc3ZnIj48L3N2Zz4=\" data-src=\"https:\/\/morarmais.com.br\/mms\/wp-content\/uploads\/2026\/01\/espaco-light-morar-mais-thiago-herrera-amorim-cortinas.jpg\" data-srcset=\"https:\/\/morarmais.com.br\/mms\/wp-content\/uploads\/2026\/01\/espaco-light-morar-mais-thiago-herrera-amorim-cortinas.jpg 1024w, https:\/\/morarmais.com.br\/mms\/wp-content\/uploads\/2026\/01\/espaco-light-morar-mais-thiago-herrera-amorim-cortinas-300x200.jpg 300w, https:\/\/morarmais.com.br\/mms\/wp-content\/uploads\/2026\/01\/espaco-light-morar-mais-thiago-herrera-amorim-cortinas-768x512.jpg 768w, https:\/\/morarmais.com.br\/mms\/wp-content\/uploads\/2026\/01\/espaco-light-morar-mais-thiago-herrera-amorim-cortinas-500x333.jpg 500w, https:\/\/morarmais.com.br\/mms\/wp-content\/uploads\/2026\/01\/espaco-light-morar-mais-thiago-herrera-amorim-cortinas-800x534.jpg 800w, https:\/\/morarmais.com.br\/mms\/wp-content\/uploads\/2026\/01\/espaco-light-morar-mais-thiago-herrera-amorim-cortinas-930x620.jpg 930w, https:\/\/morarmais.com.br\/mms\/wp-content\/uploads\/2026\/01\/espaco-light-morar-mais-thiago-herrera-amorim-cortinas-350x233.jpg 350w\" data-sizes=\"auto\" loading=\"eager\">\n\t\t<div class=\"vp-portfolio__item-overlay\">\n\t\t\t\t\t<\/div>\n\n\t\t<\/a>\t<\/div>\n<\/div>\n\n\t<figcaption class=\"vp-portfolio__item-caption vp-portfolio__item-caption-text-align-center\">\n\t\t<div class=\"vp-portfolio__item-meta\">\n\t\t\t\n<h2 class=\"vp-portfolio__item-meta-title\">\n\t\t<a\n\t\thref=\"https:\/\/morarmais.com.br\/mms\/wp-content\/uploads\/2026\/01\/espaco-light-morar-mais-thiago-herrera-amorim-cortinas.jpg\"\n\t\t\t>\n\tAmorim Cortinas no Morar Mais Rio<\/a><\/h2>\n\n<div class=\"vp-portfolio__item-meta-excerpt\">\n\t<div>\n\t\tEspa\u00e7o Light, Thiago Herrera: a cortina Atena Preta Motorizada da Amorim Cortinas contribui para controle da luz e conforto visual, refor\u00e7ando a atmosfera e o uso cotidiano do espa\u00e7o.\t<\/div>\n<\/div>\n\t\t<\/div>\n\t<\/figcaption>\n\t\t\t<\/figure>\n\t\t\t\t\t<\/div>\n\t\t\n\t\t<div\t\tclass=\"vp-portfolio__item-wrap vp-portfolio__item-uid-3455c309\" data-vp-filter=\"\" \t\t>\n\t\t\t\t\t\t\t\t\t<figure class=\"vp-portfolio__item\">\n\t\t\t\t\n<div class=\"vp-portfolio__item-img-wrap\">\n\t<div class=\"vp-portfolio__item-img\">\n\t\t\t<a\n\t\thref=\"https:\/\/morarmais.com.br\/mms\/wp-content\/uploads\/2026\/01\/cozinha-paprica-morar-mais-studio-mata-strufaldi.jpg\"\n\t\t\t>\n\t\n\t\t<noscript><img loading=\"lazy\" decoding=\"async\" width=\"1920\" height=\"1280\" data-skip-lazy src=\"https:\/\/morarmais.com.br\/mms\/wp-content\/uploads\/2026\/01\/cozinha-paprica-morar-mais-studio-mata-strufaldi.jpg\" class=\"wp-image-17499\" alt=\"\" srcset=\"https:\/\/morarmais.com.br\/mms\/wp-content\/uploads\/2026\/01\/cozinha-paprica-morar-mais-studio-mata-strufaldi.jpg 1920w, https:\/\/morarmais.com.br\/mms\/wp-content\/uploads\/2026\/01\/cozinha-paprica-morar-mais-studio-mata-strufaldi-300x200.jpg 300w, https:\/\/morarmais.com.br\/mms\/wp-content\/uploads\/2026\/01\/cozinha-paprica-morar-mais-studio-mata-strufaldi-1024x683.jpg 1024w, https:\/\/morarmais.com.br\/mms\/wp-content\/uploads\/2026\/01\/cozinha-paprica-morar-mais-studio-mata-strufaldi-768x512.jpg 768w, https:\/\/morarmais.com.br\/mms\/wp-content\/uploads\/2026\/01\/cozinha-paprica-morar-mais-studio-mata-strufaldi-1536x1024.jpg 1536w, https:\/\/morarmais.com.br\/mms\/wp-content\/uploads\/2026\/01\/cozinha-paprica-morar-mais-studio-mata-strufaldi-1200x800.jpg 1200w, https:\/\/morarmais.com.br\/mms\/wp-content\/uploads\/2026\/01\/cozinha-paprica-morar-mais-studio-mata-strufaldi-500x333.jpg 500w, https:\/\/morarmais.com.br\/mms\/wp-content\/uploads\/2026\/01\/cozinha-paprica-morar-mais-studio-mata-strufaldi-800x533.jpg 800w, https:\/\/morarmais.com.br\/mms\/wp-content\/uploads\/2026\/01\/cozinha-paprica-morar-mais-studio-mata-strufaldi-1280x853.jpg 1280w, https:\/\/morarmais.com.br\/mms\/wp-content\/uploads\/2026\/01\/cozinha-paprica-morar-mais-studio-mata-strufaldi-930x620.jpg 930w, https:\/\/morarmais.com.br\/mms\/wp-content\/uploads\/2026\/01\/cozinha-paprica-morar-mais-studio-mata-strufaldi-350x233.jpg 350w\" sizes=\"(max-width: 1920px) 100vw, 1920px\" \/><\/noscript><img decoding=\"async\" width=\"1920\" height=\"1280\" src=\"https:\/\/morarmais.com.br\/mms\/wp-content\/uploads\/2026\/01\/cozinha-paprica-morar-mais-studio-mata-strufaldi.jpg\" class=\"wp-image-17499 vp-lazyload\" alt srcset=\"data:image\/svg+xml;base64,PHN2ZyB3aWR0aD0iMTkyMCIgaGVpZ2h0PSIxMjgwIiB2aWV3Qm94PSIwIDAgMTkyMCAxMjgwIiBmaWxsPSJub25lIiB4bWxucz0iaHR0cDovL3d3dy53My5vcmcvMjAwMC9zdmciPjwvc3ZnPg==\" data-src=\"https:\/\/morarmais.com.br\/mms\/wp-content\/uploads\/2026\/01\/cozinha-paprica-morar-mais-studio-mata-strufaldi.jpg\" data-srcset=\"https:\/\/morarmais.com.br\/mms\/wp-content\/uploads\/2026\/01\/cozinha-paprica-morar-mais-studio-mata-strufaldi.jpg 1920w, https:\/\/morarmais.com.br\/mms\/wp-content\/uploads\/2026\/01\/cozinha-paprica-morar-mais-studio-mata-strufaldi-300x200.jpg 300w, https:\/\/morarmais.com.br\/mms\/wp-content\/uploads\/2026\/01\/cozinha-paprica-morar-mais-studio-mata-strufaldi-1024x683.jpg 1024w, https:\/\/morarmais.com.br\/mms\/wp-content\/uploads\/2026\/01\/cozinha-paprica-morar-mais-studio-mata-strufaldi-768x512.jpg 768w, https:\/\/morarmais.com.br\/mms\/wp-content\/uploads\/2026\/01\/cozinha-paprica-morar-mais-studio-mata-strufaldi-1536x1024.jpg 1536w, https:\/\/morarmais.com.br\/mms\/wp-content\/uploads\/2026\/01\/cozinha-paprica-morar-mais-studio-mata-strufaldi-1200x800.jpg 1200w, https:\/\/morarmais.com.br\/mms\/wp-content\/uploads\/2026\/01\/cozinha-paprica-morar-mais-studio-mata-strufaldi-500x333.jpg 500w, https:\/\/morarmais.com.br\/mms\/wp-content\/uploads\/2026\/01\/cozinha-paprica-morar-mais-studio-mata-strufaldi-800x533.jpg 800w, https:\/\/morarmais.com.br\/mms\/wp-content\/uploads\/2026\/01\/cozinha-paprica-morar-mais-studio-mata-strufaldi-1280x853.jpg 1280w, https:\/\/morarmais.com.br\/mms\/wp-content\/uploads\/2026\/01\/cozinha-paprica-morar-mais-studio-mata-strufaldi-930x620.jpg 930w, https:\/\/morarmais.com.br\/mms\/wp-content\/uploads\/2026\/01\/cozinha-paprica-morar-mais-studio-mata-strufaldi-350x233.jpg 350w\" data-sizes=\"auto\" loading=\"eager\">\n\t\t<div class=\"vp-portfolio__item-overlay\">\n\t\t\t\t\t<\/div>\n\n\t\t<\/a>\t<\/div>\n<\/div>\n\n\t<figcaption class=\"vp-portfolio__item-caption vp-portfolio__item-caption-text-align-center\">\n\t\t<div class=\"vp-portfolio__item-meta\">\n\t\t\t\n<h2 class=\"vp-portfolio__item-meta-title\">\n\t\t<a\n\t\thref=\"https:\/\/morarmais.com.br\/mms\/wp-content\/uploads\/2026\/01\/cozinha-paprica-morar-mais-studio-mata-strufaldi.jpg\"\n\t\t\t>\n\tStrufaldi no Morar Mais Rio<\/a><\/h2>\n\n<div class=\"vp-portfolio__item-meta-excerpt\">\n\t<div>\n\t\tCozinha P\u00e1prica, Studio Mata: o ambiente destaca a cer\u00e2mica Strufaldi, patrocinadora desta edi\u00e7\u00e3o do Morar Mais, como elemento central do projeto, definindo ritmo visual e personalidade ao espa\u00e7o.\t<\/div>\n<\/div>\n\t\t<\/div>\n\t<\/figcaption>\n\t\t\t<\/figure>\n\t\t\t\t\t<\/div>\n\t\t\n\t\t<div\t\tclass=\"vp-portfolio__item-wrap vp-portfolio__item-uid-880e203a\" data-vp-filter=\"\" \t\t>\n\t\t\t\t\t\t\t\t\t<figure class=\"vp-portfolio__item\">\n\t\t\t\t\n<div class=\"vp-portfolio__item-img-wrap\">\n\t<div class=\"vp-portfolio__item-img\">\n\t\t\t<a\n\t\thref=\"https:\/\/morarmais.com.br\/mms\/wp-content\/uploads\/2026\/01\/cozinha-morar-mais-rubiana-teixeira-invita.jpg\"\n\t\t\t>\n\t\n\t\t<noscript><img loading=\"lazy\" decoding=\"async\" width=\"1920\" height=\"1280\" data-skip-lazy src=\"https:\/\/morarmais.com.br\/mms\/wp-content\/uploads\/2026\/01\/cozinha-morar-mais-rubiana-teixeira-invita.jpg\" class=\"wp-image-17498\" alt=\"\" srcset=\"https:\/\/morarmais.com.br\/mms\/wp-content\/uploads\/2026\/01\/cozinha-morar-mais-rubiana-teixeira-invita.jpg 1920w, https:\/\/morarmais.com.br\/mms\/wp-content\/uploads\/2026\/01\/cozinha-morar-mais-rubiana-teixeira-invita-300x200.jpg 300w, https:\/\/morarmais.com.br\/mms\/wp-content\/uploads\/2026\/01\/cozinha-morar-mais-rubiana-teixeira-invita-1024x683.jpg 1024w, https:\/\/morarmais.com.br\/mms\/wp-content\/uploads\/2026\/01\/cozinha-morar-mais-rubiana-teixeira-invita-768x512.jpg 768w, https:\/\/morarmais.com.br\/mms\/wp-content\/uploads\/2026\/01\/cozinha-morar-mais-rubiana-teixeira-invita-1536x1024.jpg 1536w, https:\/\/morarmais.com.br\/mms\/wp-content\/uploads\/2026\/01\/cozinha-morar-mais-rubiana-teixeira-invita-1200x800.jpg 1200w, https:\/\/morarmais.com.br\/mms\/wp-content\/uploads\/2026\/01\/cozinha-morar-mais-rubiana-teixeira-invita-500x333.jpg 500w, https:\/\/morarmais.com.br\/mms\/wp-content\/uploads\/2026\/01\/cozinha-morar-mais-rubiana-teixeira-invita-800x533.jpg 800w, https:\/\/morarmais.com.br\/mms\/wp-content\/uploads\/2026\/01\/cozinha-morar-mais-rubiana-teixeira-invita-1280x853.jpg 1280w, https:\/\/morarmais.com.br\/mms\/wp-content\/uploads\/2026\/01\/cozinha-morar-mais-rubiana-teixeira-invita-930x620.jpg 930w, https:\/\/morarmais.com.br\/mms\/wp-content\/uploads\/2026\/01\/cozinha-morar-mais-rubiana-teixeira-invita-350x233.jpg 350w\" sizes=\"(max-width: 1920px) 100vw, 1920px\" \/><\/noscript><img decoding=\"async\" width=\"1920\" height=\"1280\" src=\"https:\/\/morarmais.com.br\/mms\/wp-content\/uploads\/2026\/01\/cozinha-morar-mais-rubiana-teixeira-invita.jpg\" class=\"wp-image-17498 vp-lazyload\" alt srcset=\"data:image\/svg+xml;base64,PHN2ZyB3aWR0aD0iMTkyMCIgaGVpZ2h0PSIxMjgwIiB2aWV3Qm94PSIwIDAgMTkyMCAxMjgwIiBmaWxsPSJub25lIiB4bWxucz0iaHR0cDovL3d3dy53My5vcmcvMjAwMC9zdmciPjwvc3ZnPg==\" data-src=\"https:\/\/morarmais.com.br\/mms\/wp-content\/uploads\/2026\/01\/cozinha-morar-mais-rubiana-teixeira-invita.jpg\" data-srcset=\"https:\/\/morarmais.com.br\/mms\/wp-content\/uploads\/2026\/01\/cozinha-morar-mais-rubiana-teixeira-invita.jpg 1920w, https:\/\/morarmais.com.br\/mms\/wp-content\/uploads\/2026\/01\/cozinha-morar-mais-rubiana-teixeira-invita-300x200.jpg 300w, https:\/\/morarmais.com.br\/mms\/wp-content\/uploads\/2026\/01\/cozinha-morar-mais-rubiana-teixeira-invita-1024x683.jpg 1024w, https:\/\/morarmais.com.br\/mms\/wp-content\/uploads\/2026\/01\/cozinha-morar-mais-rubiana-teixeira-invita-768x512.jpg 768w, https:\/\/morarmais.com.br\/mms\/wp-content\/uploads\/2026\/01\/cozinha-morar-mais-rubiana-teixeira-invita-1536x1024.jpg 1536w, https:\/\/morarmais.com.br\/mms\/wp-content\/uploads\/2026\/01\/cozinha-morar-mais-rubiana-teixeira-invita-1200x800.jpg 1200w, https:\/\/morarmais.com.br\/mms\/wp-content\/uploads\/2026\/01\/cozinha-morar-mais-rubiana-teixeira-invita-500x333.jpg 500w, https:\/\/morarmais.com.br\/mms\/wp-content\/uploads\/2026\/01\/cozinha-morar-mais-rubiana-teixeira-invita-800x533.jpg 800w, https:\/\/morarmais.com.br\/mms\/wp-content\/uploads\/2026\/01\/cozinha-morar-mais-rubiana-teixeira-invita-1280x853.jpg 1280w, https:\/\/morarmais.com.br\/mms\/wp-content\/uploads\/2026\/01\/cozinha-morar-mais-rubiana-teixeira-invita-930x620.jpg 930w, https:\/\/morarmais.com.br\/mms\/wp-content\/uploads\/2026\/01\/cozinha-morar-mais-rubiana-teixeira-invita-350x233.jpg 350w\" data-sizes=\"auto\" loading=\"eager\">\n\t\t<div class=\"vp-portfolio__item-overlay\">\n\t\t\t\t\t<\/div>\n\n\t\t<\/a>\t<\/div>\n<\/div>\n\n\t<figcaption class=\"vp-portfolio__item-caption vp-portfolio__item-caption-text-align-center\">\n\t\t<div class=\"vp-portfolio__item-meta\">\n\t\t\t\n<h2 class=\"vp-portfolio__item-meta-title\">\n\t\t<a\n\t\thref=\"https:\/\/morarmais.com.br\/mms\/wp-content\/uploads\/2026\/01\/cozinha-morar-mais-rubiana-teixeira-invita.jpg\"\n\t\t\t>\n\tInvita no Morar Mais GO<\/a><\/h2>\n\n<div class=\"vp-portfolio__item-meta-excerpt\">\n\t<div>\n\t\tCozinha, Rubiana Teixeira: o ambiente integra eletrodom\u00e9sticos premium da Invita de forma natural ao projeto, mostrando como design e funcionalidade fazem parte da experi\u00eancia cotidiana em um espa\u00e7o pensado para uso real.\t<\/div>\n<\/div>\n\t\t<\/div>\n\t<\/figcaption>\n\t\t\t<\/figure>\n\t\t\t\t\t<\/div>\n\t\t\n\t\t<div\t\tclass=\"vp-portfolio__item-wrap vp-portfolio__item-uid-e9e78f7e\" data-vp-filter=\"\" \t\t>\n\t\t\t\t\t\t\t\t\t<figure class=\"vp-portfolio__item\">\n\t\t\t\t\n<div class=\"vp-portfolio__item-img-wrap\">\n\t<div class=\"vp-portfolio__item-img\">\n\t\t\t<a\n\t\thref=\"https:\/\/morarmais.com.br\/mms\/wp-content\/uploads\/2026\/01\/closet-executivo-cosmopolita-morar-mais-susana-damy-eucatex-crissair.jpg\"\n\t\t\t>\n\t\n\t\t<noscript><img loading=\"lazy\" decoding=\"async\" width=\"1050\" height=\"1592\" data-skip-lazy src=\"https:\/\/morarmais.com.br\/mms\/wp-content\/uploads\/2026\/01\/closet-executivo-cosmopolita-morar-mais-susana-damy-eucatex-crissair.jpg\" class=\"wp-image-17497\" alt=\"\" srcset=\"https:\/\/morarmais.com.br\/mms\/wp-content\/uploads\/2026\/01\/closet-executivo-cosmopolita-morar-mais-susana-damy-eucatex-crissair.jpg 1050w, https:\/\/morarmais.com.br\/mms\/wp-content\/uploads\/2026\/01\/closet-executivo-cosmopolita-morar-mais-susana-damy-eucatex-crissair-198x300.jpg 198w, https:\/\/morarmais.com.br\/mms\/wp-content\/uploads\/2026\/01\/closet-executivo-cosmopolita-morar-mais-susana-damy-eucatex-crissair-675x1024.jpg 675w, https:\/\/morarmais.com.br\/mms\/wp-content\/uploads\/2026\/01\/closet-executivo-cosmopolita-morar-mais-susana-damy-eucatex-crissair-768x1164.jpg 768w, https:\/\/morarmais.com.br\/mms\/wp-content\/uploads\/2026\/01\/closet-executivo-cosmopolita-morar-mais-susana-damy-eucatex-crissair-1013x1536.jpg 1013w, https:\/\/morarmais.com.br\/mms\/wp-content\/uploads\/2026\/01\/closet-executivo-cosmopolita-morar-mais-susana-damy-eucatex-crissair-500x758.jpg 500w, https:\/\/morarmais.com.br\/mms\/wp-content\/uploads\/2026\/01\/closet-executivo-cosmopolita-morar-mais-susana-damy-eucatex-crissair-800x1213.jpg 800w, https:\/\/morarmais.com.br\/mms\/wp-content\/uploads\/2026\/01\/closet-executivo-cosmopolita-morar-mais-susana-damy-eucatex-crissair-350x531.jpg 350w\" sizes=\"(max-width: 1050px) 100vw, 1050px\" \/><\/noscript><img decoding=\"async\" width=\"1050\" height=\"1592\" src=\"https:\/\/morarmais.com.br\/mms\/wp-content\/uploads\/2026\/01\/closet-executivo-cosmopolita-morar-mais-susana-damy-eucatex-crissair.jpg\" class=\"wp-image-17497 vp-lazyload\" alt srcset=\"data:image\/svg+xml;base64,PHN2ZyB3aWR0aD0iMTA1MCIgaGVpZ2h0PSIxNTkyIiB2aWV3Qm94PSIwIDAgMTA1MCAxNTkyIiBmaWxsPSJub25lIiB4bWxucz0iaHR0cDovL3d3dy53My5vcmcvMjAwMC9zdmciPjwvc3ZnPg==\" data-src=\"https:\/\/morarmais.com.br\/mms\/wp-content\/uploads\/2026\/01\/closet-executivo-cosmopolita-morar-mais-susana-damy-eucatex-crissair.jpg\" data-srcset=\"https:\/\/morarmais.com.br\/mms\/wp-content\/uploads\/2026\/01\/closet-executivo-cosmopolita-morar-mais-susana-damy-eucatex-crissair.jpg 1050w, https:\/\/morarmais.com.br\/mms\/wp-content\/uploads\/2026\/01\/closet-executivo-cosmopolita-morar-mais-susana-damy-eucatex-crissair-198x300.jpg 198w, https:\/\/morarmais.com.br\/mms\/wp-content\/uploads\/2026\/01\/closet-executivo-cosmopolita-morar-mais-susana-damy-eucatex-crissair-675x1024.jpg 675w, https:\/\/morarmais.com.br\/mms\/wp-content\/uploads\/2026\/01\/closet-executivo-cosmopolita-morar-mais-susana-damy-eucatex-crissair-768x1164.jpg 768w, https:\/\/morarmais.com.br\/mms\/wp-content\/uploads\/2026\/01\/closet-executivo-cosmopolita-morar-mais-susana-damy-eucatex-crissair-1013x1536.jpg 1013w, https:\/\/morarmais.com.br\/mms\/wp-content\/uploads\/2026\/01\/closet-executivo-cosmopolita-morar-mais-susana-damy-eucatex-crissair-500x758.jpg 500w, https:\/\/morarmais.com.br\/mms\/wp-content\/uploads\/2026\/01\/closet-executivo-cosmopolita-morar-mais-susana-damy-eucatex-crissair-800x1213.jpg 800w, https:\/\/morarmais.com.br\/mms\/wp-content\/uploads\/2026\/01\/closet-executivo-cosmopolita-morar-mais-susana-damy-eucatex-crissair-350x531.jpg 350w\" data-sizes=\"auto\" loading=\"eager\">\n\t\t<div class=\"vp-portfolio__item-overlay\">\n\t\t\t\t\t<\/div>\n\n\t\t<\/a>\t<\/div>\n<\/div>\n\n\t<figcaption class=\"vp-portfolio__item-caption vp-portfolio__item-caption-text-align-center\">\n\t\t<div class=\"vp-portfolio__item-meta\">\n\t\t\t\n<h2 class=\"vp-portfolio__item-meta-title\">\n\t\t<a\n\t\thref=\"https:\/\/morarmais.com.br\/mms\/wp-content\/uploads\/2026\/01\/closet-executivo-cosmopolita-morar-mais-susana-damy-eucatex-crissair.jpg\"\n\t\t\t>\n\tCrissair + Eucatex no Morar Mais SP<\/a><\/h2>\n\n<div class=\"vp-portfolio__item-meta-excerpt\">\n\t<div>\n\t\tCloset do Executivo Cosmopolita, Susana Damy: o projeto combina cooktop el\u00e9trico e lava-lou\u00e7as da Crissair com pain\u00e9is ripados e MDF Eucatex, evidenciando a integra\u00e7\u00e3o entre est\u00e9tica, fun\u00e7\u00e3o e uso real.\t<\/div>\n<\/div>\n\t\t<\/div>\n\t<\/figcaption>\n\t\t\t<\/figure>\n\t\t\t\t\t<\/div>\n\t\t\n<\/div>\n\t\t<\/div>\n\t\t\n<\/div>\n<\/div><\/div>\n<\/div><\/div>\n\n\n\n<h3 class=\" wp-block-heading eplus-wrapper\"><strong>Haus Decor e o Morar Mais: <em>Afinidade natural<\/em><\/strong><\/h3>\n\n\n\n<p class=\" eplus-wrapper\">Voltada para <strong>tintas, ilumina\u00e7\u00e3o, automa\u00e7\u00e3o, acabamentos e solu\u00e7\u00f5es decorativas<\/strong>, a Haus Decor re\u00fane empresas que dialogam diretamente com o dia a dia dos projetos, e com a ess\u00eancia do Morar Mais.<\/p>\n\n\n\n<h3 class=\" wp-block-heading eplus-wrapper\"><strong>Empresas da Haus Decor que j\u00e1 participaram do Morar Mais<\/strong><\/h3>\n\n\n\n<p class=\" eplus-wrapper\"><a href=\"https:\/\/www.anjo.com.br\/\" target=\"_blank\" rel=\"noreferrer noopener\">Anjo Tintas<br><\/a><a href=\"https:\/\/www.accordiluminacao.com\/pt\" target=\"_blank\" rel=\"noreferrer noopener\">Accord Ilumina\u00e7\u00e3o<br><\/a><a href=\"https:\/\/www.amorimcortinas.com.br\/\" target=\"_blank\" rel=\"noreferrer noopener\">Amorim Cortinas<br><\/a><a href=\"https:\/\/www.mundiallux.com.br\/\" target=\"_blank\" rel=\"noreferrer noopener\">Mundial Lux<br><\/a><a href=\"https:\/\/www.dimlux.com.br\/\" target=\"_blank\" rel=\"noreferrer noopener\">Dimlux<\/a><\/p>\n\n\n\n<p class=\" eplus-wrapper\">Aqui, a conex\u00e3o vai al\u00e9m do produto: envolve <strong>atmosfera, luz, cor e sensorialidade<\/strong>, elementos que no Morar Mais s\u00e3o trabalhados como parte central da experi\u00eancia dos ambientes.<\/p>\n\n\n\n<h3 class=\" wp-block-heading eplus-wrapper\"><strong>Quando feira vira experi\u00eancia<\/strong><\/h3>\n\n\n\n<p class=\" eplus-wrapper\">Enquanto a Revestir e a Haus Decor apresentam <strong>tend\u00eancias, tecnologias e lan\u00e7amentos<\/strong>, o Morar Mais atua como <strong>um laborat\u00f3rio vivo<\/strong>, onde esses materiais s\u00e3o experimentados, combinados e ressignificados por profissionais de arquitetura, design de interiores e paisagismo.<\/p>\n\n\n\n<p class=\" eplus-wrapper\">\u00c9 nesse encontro entre <strong>ind\u00fastria, cria\u00e7\u00e3o e viv\u00eancia<\/strong> que surgem rela\u00e7\u00f5es duradouras e projetos que extrapolam o estande e <strong>passam a fazer parte da vida das pessoas<\/strong>.<\/p>\n\n\n\n<h3 class=\" wp-block-heading eplus-wrapper\"><strong>Morar Mais como plataforma de relacionamento<\/strong><\/h3>\n\n\n\n<p class=\" eplus-wrapper\">A presen\u00e7a recorrente dessas marcas nos dois universos refor\u00e7a o posicionamento do Morar Mais como:<\/p>\n\n\n\n<p class=\" eplus-wrapper\">\u2013 <strong>plataforma de conte\u00fado e experi\u00eancia<br><\/strong>\u2013 <strong>ponto de conex\u00e3o entre marcas e profissionais<br><\/strong>\u2013 <strong>espa\u00e7o estrat\u00e9gico de ativa\u00e7\u00e3o<\/strong>, n\u00e3o apenas de exposi\u00e7\u00e3o<\/p>\n\n\n\n<p class=\" eplus-wrapper\"><strong>Mais do que acompanhar o mercado, o Morar Mais faz parte dele.<\/strong><\/p>\n\n\n\n<h2 class=\" wp-block-heading eplus-wrapper\"><strong>Morar Mais Premium: comunidade, mercado e futuro<\/strong><\/h2>\n\n\n\n<p class=\" eplus-wrapper\">Em <strong>2026<\/strong>, entre os dias <strong>9 e 13 de mar\u00e7o<\/strong>, durante a realiza\u00e7\u00e3o da <strong>Expo Revestir<\/strong> e da <strong>Haus Decor<\/strong>, o Morar Mais acompanha de perto os principais lan\u00e7amentos, materiais e solu\u00e7\u00f5es apresentados pelo mercado. Mais do que observar tend\u00eancias, o foco est\u00e1 em compreender <strong>como esses produtos se traduzem em uso real, comportamento e experi\u00eancia<\/strong>.<\/p>\n\n\n\n<p class=\" eplus-wrapper\">Esse movimento ganha ainda mais for\u00e7a a partir da <strong>comunidade de arquitetos e designers de interiores do Morar Mais<\/strong>, profissionais que, ao longo das edi\u00e7\u00f5es, se consolidaram como parte de um ecossistema ativo e curado, o <strong>Morar Mais Premium<\/strong>. Em 2026, esse grupo estar\u00e1 presente na Expo Revestir, visitando os estandes de <strong>empresas parceiras<\/strong>, promovendo trocas diretas, ampliando repert\u00f3rio e aprofundando rela\u00e7\u00f5es entre cria\u00e7\u00e3o e ind\u00fastria.<\/p>\n\n\n\n<p class=\" eplus-wrapper\">A partir dessa conex\u00e3o entre <strong>comunidade, mercado e experi\u00eancia<\/strong>, as novidades apresentadas nas feiras se transformam em <strong>ambientes vivos, autorais e conectados com as pessoas<\/strong>, refor\u00e7ando o papel do Morar Mais como uma plataforma onde <strong>o lan\u00e7amento sai do discurso e passa a fazer parte da vida<\/strong>.<\/p>\n\n\n\n<h3 class=\" wp-block-heading eplus-wrapper\"><strong>Quer fazer parte do Morar Mais?<\/strong><\/h3>\n\n\n\n<p class=\" eplus-wrapper\">O Morar Mais \u00e9 uma plataforma constru\u00edda a partir de <strong>parcerias, talentos e conex\u00f5es reais<\/strong>, reunindo <strong>empresas, arquitetos, designers de interiores e licenciados<\/strong> em torno da cria\u00e7\u00e3o de ambientes autorais, experi\u00eancias vivas e relacionamento qualificado com o mercado.<\/p>\n\n\n\n<p class=\" eplus-wrapper\">Seja como <strong>marca parceira<\/strong>, <strong>profissional criativo<\/strong> ou <strong>licenciado<\/strong>, o Morar Mais oferece um ecossistema onde ideias ganham aplica\u00e7\u00e3o, produtos ganham contexto e rela\u00e7\u00f5es se constroem no longo prazo.<\/p>\n\n\n\n<p class=\" eplus-wrapper\">\ud83d\udc49 <strong>Quer participar do Morar Mais ou levar o Morar Mais para a sua cidade?<\/strong><br><a href=\"https:\/\/forms.gle\/713hC8QQaHk2PqL98\">Clique aqui e descubra como participar das pr\u00f3ximas edi\u00e7\u00f5es do Morar Mais<\/a><\/p>\n","protected":false},"excerpt":{"rendered":"<p>As marcas que se encontram onde o mercado acontece Em 2026, o calend\u00e1rio da arquitetura e do design de interiores volta a girar em torno de dois grandes encontros do setor: a Expo Revestir e a Haus Decor. Mais do que vitrines de lan\u00e7amentos, as feiras se consolidam como territ\u00f3rios estrat\u00e9gicos de relacionamento, posicionamento e&hellip;&nbsp;<a href=\"https:\/\/morarmais.com.br\/mms\/morar-mais-expo-revestir-haus-decor-2026\/\" rel=\"bookmark\">Continue a ler &raquo;<span class=\"screen-reader-text\">Morar Mais, Expo Revestir e Haus Decor 2026<\/span><\/a><\/p>\n","protected":false},"author":6,"featured_media":17496,"comment_status":"open","ping_status":"open","sticky":false,"template":"","format":"standard","meta":{"_eb_attr":"","editor_plus_copied_stylings":"{}","neve_meta_sidebar":"full-width","neve_meta_container":"","neve_meta_enable_content_width":"","neve_meta_content_width":0,"neve_meta_title_alignment":"","neve_meta_author_avatar":"","neve_post_elements_order":"[\"title\",\"meta\",\"thumbnail\",\"content\",\"tags\",\"comments\"]","neve_meta_disable_header":"","neve_meta_disable_footer":"","neve_meta_disable_title":"","_themeisle_gutenberg_block_has_review":false,"_vp_format_video_url":"","_vp_image_focal_point":[],"footnotes":""},"categories":[23,27,1,31],"tags":[],"class_list":["post-17493","post","type-post","status-publish","format-standard","has-post-thumbnail","hentry","category-home","category-morarmais-aposta","category-uncategorized","category-viciados-em-design"],"yoast_head":"<!-- This site is optimized with the Yoast SEO plugin v25.6 - https:\/\/yoast.com\/wordpress\/plugins\/seo\/ -->\n<title>Morar Mais, Expo Revestir e Haus Decor 2026 - Morar mais<\/title>\n<meta name=\"description\" content=\"O Morar Mais se conecta \u00e0 Expo Revestir e \u00e0 Haus Decor 2026, mostrando como marcas ganham vida em ambientes reais e projetos autorais.\" \/>\n<meta name=\"robots\" content=\"index, follow, max-snippet:-1, max-image-preview:large, max-video-preview:-1\" \/>\n<link rel=\"canonical\" href=\"https:\/\/morarmais.com.br\/mms\/morar-mais-expo-revestir-haus-decor-2026\/\" \/>\n<meta property=\"og:locale\" content=\"pt_BR\" \/>\n<meta property=\"og:type\" content=\"article\" \/>\n<meta property=\"og:title\" content=\"Morar Mais, Expo Revestir e Haus Decor 2026 - Morar mais\" \/>\n<meta property=\"og:description\" content=\"O Morar Mais se conecta \u00e0 Expo Revestir e \u00e0 Haus Decor 2026, mostrando como marcas ganham vida em ambientes reais e projetos autorais.\" \/>\n<meta property=\"og:url\" content=\"https:\/\/morarmais.com.br\/mms\/morar-mais-expo-revestir-haus-decor-2026\/\" \/>\n<meta property=\"og:site_name\" content=\"Morar mais\" \/>\n<meta property=\"article:publisher\" content=\"https:\/\/www.facebook.com\/morarmais\" \/>\n<meta property=\"article:published_time\" content=\"2026-01-15T15:21:31+00:00\" \/>\n<meta property=\"article:modified_time\" content=\"2026-03-10T20:05:40+00:00\" \/>\n<meta property=\"og:image\" content=\"https:\/\/morarmais.com.br\/mms\/wp-content\/uploads\/2026\/01\/revestir-2026-morar-mais.jpg\" \/>\n\t<meta property=\"og:image:width\" content=\"1600\" \/>\n\t<meta property=\"og:image:height\" content=\"1067\" \/>\n\t<meta property=\"og:image:type\" content=\"image\/jpeg\" \/>\n<meta name=\"author\" content=\"Ale Devecchi\" \/>\n<meta name=\"twitter:card\" content=\"summary_large_image\" \/>\n<meta name=\"twitter:label1\" content=\"Escrito por\" \/>\n\t<meta name=\"twitter:data1\" content=\"Ale Devecchi\" \/>\n\t<meta name=\"twitter:label2\" content=\"Est. tempo de leitura\" \/>\n\t<meta name=\"twitter:data2\" content=\"5 minutos\" \/>\n<script type=\"application\/ld+json\" class=\"yoast-schema-graph\">{\"@context\":\"https:\/\/schema.org\",\"@graph\":[{\"@type\":\"Article\",\"@id\":\"https:\/\/morarmais.com.br\/mms\/morar-mais-expo-revestir-haus-decor-2026\/#article\",\"isPartOf\":{\"@id\":\"https:\/\/morarmais.com.br\/mms\/morar-mais-expo-revestir-haus-decor-2026\/\"},\"author\":{\"name\":\"Ale Devecchi\",\"@id\":\"https:\/\/morarmais.com.br\/mms\/#\/schema\/person\/67dda048cb1edaf0c66d3a7787857c2a\"},\"headline\":\"Morar Mais, Expo Revestir e Haus Decor 2026\",\"datePublished\":\"2026-01-15T15:21:31+00:00\",\"dateModified\":\"2026-03-10T20:05:40+00:00\",\"mainEntityOfPage\":{\"@id\":\"https:\/\/morarmais.com.br\/mms\/morar-mais-expo-revestir-haus-decor-2026\/\"},\"wordCount\":849,\"commentCount\":0,\"publisher\":{\"@id\":\"https:\/\/morarmais.com.br\/mms\/#organization\"},\"image\":{\"@id\":\"https:\/\/morarmais.com.br\/mms\/morar-mais-expo-revestir-haus-decor-2026\/#primaryimage\"},\"thumbnailUrl\":\"https:\/\/morarmais.com.br\/mms\/wp-content\/uploads\/2026\/01\/revestir-2026-morar-mais.jpg\",\"articleSection\":[\"Home\",\"Morar Mais Aposta\",\"Uncategorized\",\"Viciados em Design\"],\"inLanguage\":\"pt-BR\",\"potentialAction\":[{\"@type\":\"CommentAction\",\"name\":\"Comment\",\"target\":[\"https:\/\/morarmais.com.br\/mms\/morar-mais-expo-revestir-haus-decor-2026\/#respond\"]}]},{\"@type\":\"WebPage\",\"@id\":\"https:\/\/morarmais.com.br\/mms\/morar-mais-expo-revestir-haus-decor-2026\/\",\"url\":\"https:\/\/morarmais.com.br\/mms\/morar-mais-expo-revestir-haus-decor-2026\/\",\"name\":\"Morar Mais, Expo Revestir e Haus Decor 2026 - Morar mais\",\"isPartOf\":{\"@id\":\"https:\/\/morarmais.com.br\/mms\/#website\"},\"primaryImageOfPage\":{\"@id\":\"https:\/\/morarmais.com.br\/mms\/morar-mais-expo-revestir-haus-decor-2026\/#primaryimage\"},\"image\":{\"@id\":\"https:\/\/morarmais.com.br\/mms\/morar-mais-expo-revestir-haus-decor-2026\/#primaryimage\"},\"thumbnailUrl\":\"https:\/\/morarmais.com.br\/mms\/wp-content\/uploads\/2026\/01\/revestir-2026-morar-mais.jpg\",\"datePublished\":\"2026-01-15T15:21:31+00:00\",\"dateModified\":\"2026-03-10T20:05:40+00:00\",\"description\":\"O Morar Mais se conecta \u00e0 Expo Revestir e \u00e0 Haus Decor 2026, mostrando como marcas ganham vida em ambientes reais e projetos autorais.\",\"breadcrumb\":{\"@id\":\"https:\/\/morarmais.com.br\/mms\/morar-mais-expo-revestir-haus-decor-2026\/#breadcrumb\"},\"inLanguage\":\"pt-BR\",\"potentialAction\":[{\"@type\":\"ReadAction\",\"target\":[\"https:\/\/morarmais.com.br\/mms\/morar-mais-expo-revestir-haus-decor-2026\/\"]}]},{\"@type\":\"ImageObject\",\"inLanguage\":\"pt-BR\",\"@id\":\"https:\/\/morarmais.com.br\/mms\/morar-mais-expo-revestir-haus-decor-2026\/#primaryimage\",\"url\":\"https:\/\/morarmais.com.br\/mms\/wp-content\/uploads\/2026\/01\/revestir-2026-morar-mais.jpg\",\"contentUrl\":\"https:\/\/morarmais.com.br\/mms\/wp-content\/uploads\/2026\/01\/revestir-2026-morar-mais.jpg\",\"width\":1600,\"height\":1067},{\"@type\":\"BreadcrumbList\",\"@id\":\"https:\/\/morarmais.com.br\/mms\/morar-mais-expo-revestir-haus-decor-2026\/#breadcrumb\",\"itemListElement\":[{\"@type\":\"ListItem\",\"position\":1,\"name\":\"In\u00edcio\",\"item\":\"https:\/\/morarmais.com.br\/mms\/\"},{\"@type\":\"ListItem\",\"position\":2,\"name\":\"Morar Mais, Expo Revestir e Haus Decor 2026\"}]},{\"@type\":\"WebSite\",\"@id\":\"https:\/\/morarmais.com.br\/mms\/#website\",\"url\":\"https:\/\/morarmais.com.br\/mms\/\",\"name\":\"Morar mais\",\"description\":\"O Chique que cabe no bolso\",\"publisher\":{\"@id\":\"https:\/\/morarmais.com.br\/mms\/#organization\"},\"potentialAction\":[{\"@type\":\"SearchAction\",\"target\":{\"@type\":\"EntryPoint\",\"urlTemplate\":\"https:\/\/morarmais.com.br\/mms\/?s={search_term_string}\"},\"query-input\":{\"@type\":\"PropertyValueSpecification\",\"valueRequired\":true,\"valueName\":\"search_term_string\"}}],\"inLanguage\":\"pt-BR\"},{\"@type\":\"Organization\",\"@id\":\"https:\/\/morarmais.com.br\/mms\/#organization\",\"name\":\"Morar mais\",\"url\":\"https:\/\/morarmais.com.br\/mms\/\",\"logo\":{\"@type\":\"ImageObject\",\"inLanguage\":\"pt-BR\",\"@id\":\"https:\/\/morarmais.com.br\/mms\/#\/schema\/logo\/image\/\",\"url\":\"https:\/\/morarmais.com.br\/mms\/wp-content\/uploads\/2019\/04\/cropped-logo-morar-mais-2-1-e1688661143585.png\",\"contentUrl\":\"https:\/\/morarmais.com.br\/mms\/wp-content\/uploads\/2019\/04\/cropped-logo-morar-mais-2-1-e1688661143585.png\",\"width\":130,\"height\":100,\"caption\":\"Morar mais\"},\"image\":{\"@id\":\"https:\/\/morarmais.com.br\/mms\/#\/schema\/logo\/image\/\"},\"sameAs\":[\"https:\/\/www.facebook.com\/morarmais\",\"https:\/\/www.instagram.com\/morarmaispormenos\",\"https:\/\/br.pinterest.com\/morarmais\/\"]},{\"@type\":\"Person\",\"@id\":\"https:\/\/morarmais.com.br\/mms\/#\/schema\/person\/67dda048cb1edaf0c66d3a7787857c2a\",\"name\":\"Ale Devecchi\",\"image\":{\"@type\":\"ImageObject\",\"inLanguage\":\"pt-BR\",\"@id\":\"https:\/\/morarmais.com.br\/mms\/#\/schema\/person\/image\/\",\"url\":\"https:\/\/secure.gravatar.com\/avatar\/194f7a41b78fc7f5fcbf2fb567b600b5?s=96&d=mm&r=g\",\"contentUrl\":\"https:\/\/secure.gravatar.com\/avatar\/194f7a41b78fc7f5fcbf2fb567b600b5?s=96&d=mm&r=g\",\"caption\":\"Ale Devecchi\"},\"url\":\"https:\/\/morarmais.com.br\/mms\/author\/marketing-mais\/\"}]}<\/script>\n<!-- \/ Yoast SEO plugin. -->","yoast_head_json":{"title":"Morar Mais, Expo Revestir e Haus Decor 2026 - Morar mais","description":"O Morar Mais se conecta \u00e0 Expo Revestir e \u00e0 Haus Decor 2026, mostrando como marcas ganham vida em ambientes reais e projetos autorais.","robots":{"index":"index","follow":"follow","max-snippet":"max-snippet:-1","max-image-preview":"max-image-preview:large","max-video-preview":"max-video-preview:-1"},"canonical":"https:\/\/morarmais.com.br\/mms\/morar-mais-expo-revestir-haus-decor-2026\/","og_locale":"pt_BR","og_type":"article","og_title":"Morar Mais, Expo Revestir e Haus Decor 2026 - Morar mais","og_description":"O Morar Mais se conecta \u00e0 Expo Revestir e \u00e0 Haus Decor 2026, mostrando como marcas ganham vida em ambientes reais e projetos autorais.","og_url":"https:\/\/morarmais.com.br\/mms\/morar-mais-expo-revestir-haus-decor-2026\/","og_site_name":"Morar mais","article_publisher":"https:\/\/www.facebook.com\/morarmais","article_published_time":"2026-01-15T15:21:31+00:00","article_modified_time":"2026-03-10T20:05:40+00:00","og_image":[{"width":1600,"height":1067,"url":"https:\/\/morarmais.com.br\/mms\/wp-content\/uploads\/2026\/01\/revestir-2026-morar-mais.jpg","type":"image\/jpeg"}],"author":"Ale Devecchi","twitter_card":"summary_large_image","twitter_misc":{"Escrito por":"Ale Devecchi","Est. tempo de leitura":"5 minutos"},"schema":{"@context":"https:\/\/schema.org","@graph":[{"@type":"Article","@id":"https:\/\/morarmais.com.br\/mms\/morar-mais-expo-revestir-haus-decor-2026\/#article","isPartOf":{"@id":"https:\/\/morarmais.com.br\/mms\/morar-mais-expo-revestir-haus-decor-2026\/"},"author":{"name":"Ale Devecchi","@id":"https:\/\/morarmais.com.br\/mms\/#\/schema\/person\/67dda048cb1edaf0c66d3a7787857c2a"},"headline":"Morar Mais, Expo Revestir e Haus Decor 2026","datePublished":"2026-01-15T15:21:31+00:00","dateModified":"2026-03-10T20:05:40+00:00","mainEntityOfPage":{"@id":"https:\/\/morarmais.com.br\/mms\/morar-mais-expo-revestir-haus-decor-2026\/"},"wordCount":849,"commentCount":0,"publisher":{"@id":"https:\/\/morarmais.com.br\/mms\/#organization"},"image":{"@id":"https:\/\/morarmais.com.br\/mms\/morar-mais-expo-revestir-haus-decor-2026\/#primaryimage"},"thumbnailUrl":"https:\/\/morarmais.com.br\/mms\/wp-content\/uploads\/2026\/01\/revestir-2026-morar-mais.jpg","articleSection":["Home","Morar Mais Aposta","Uncategorized","Viciados em Design"],"inLanguage":"pt-BR","potentialAction":[{"@type":"CommentAction","name":"Comment","target":["https:\/\/morarmais.com.br\/mms\/morar-mais-expo-revestir-haus-decor-2026\/#respond"]}]},{"@type":"WebPage","@id":"https:\/\/morarmais.com.br\/mms\/morar-mais-expo-revestir-haus-decor-2026\/","url":"https:\/\/morarmais.com.br\/mms\/morar-mais-expo-revestir-haus-decor-2026\/","name":"Morar Mais, Expo Revestir e Haus Decor 2026 - Morar mais","isPartOf":{"@id":"https:\/\/morarmais.com.br\/mms\/#website"},"primaryImageOfPage":{"@id":"https:\/\/morarmais.com.br\/mms\/morar-mais-expo-revestir-haus-decor-2026\/#primaryimage"},"image":{"@id":"https:\/\/morarmais.com.br\/mms\/morar-mais-expo-revestir-haus-decor-2026\/#primaryimage"},"thumbnailUrl":"https:\/\/morarmais.com.br\/mms\/wp-content\/uploads\/2026\/01\/revestir-2026-morar-mais.jpg","datePublished":"2026-01-15T15:21:31+00:00","dateModified":"2026-03-10T20:05:40+00:00","description":"O Morar Mais se conecta \u00e0 Expo Revestir e \u00e0 Haus Decor 2026, mostrando como marcas ganham vida em ambientes reais e projetos autorais.","breadcrumb":{"@id":"https:\/\/morarmais.com.br\/mms\/morar-mais-expo-revestir-haus-decor-2026\/#breadcrumb"},"inLanguage":"pt-BR","potentialAction":[{"@type":"ReadAction","target":["https:\/\/morarmais.com.br\/mms\/morar-mais-expo-revestir-haus-decor-2026\/"]}]},{"@type":"ImageObject","inLanguage":"pt-BR","@id":"https:\/\/morarmais.com.br\/mms\/morar-mais-expo-revestir-haus-decor-2026\/#primaryimage","url":"https:\/\/morarmais.com.br\/mms\/wp-content\/uploads\/2026\/01\/revestir-2026-morar-mais.jpg","contentUrl":"https:\/\/morarmais.com.br\/mms\/wp-content\/uploads\/2026\/01\/revestir-2026-morar-mais.jpg","width":1600,"height":1067},{"@type":"BreadcrumbList","@id":"https:\/\/morarmais.com.br\/mms\/morar-mais-expo-revestir-haus-decor-2026\/#breadcrumb","itemListElement":[{"@type":"ListItem","position":1,"name":"In\u00edcio","item":"https:\/\/morarmais.com.br\/mms\/"},{"@type":"ListItem","position":2,"name":"Morar Mais, Expo Revestir e Haus Decor 2026"}]},{"@type":"WebSite","@id":"https:\/\/morarmais.com.br\/mms\/#website","url":"https:\/\/morarmais.com.br\/mms\/","name":"Morar mais","description":"O Chique que cabe no bolso","publisher":{"@id":"https:\/\/morarmais.com.br\/mms\/#organization"},"potentialAction":[{"@type":"SearchAction","target":{"@type":"EntryPoint","urlTemplate":"https:\/\/morarmais.com.br\/mms\/?s={search_term_string}"},"query-input":{"@type":"PropertyValueSpecification","valueRequired":true,"valueName":"search_term_string"}}],"inLanguage":"pt-BR"},{"@type":"Organization","@id":"https:\/\/morarmais.com.br\/mms\/#organization","name":"Morar mais","url":"https:\/\/morarmais.com.br\/mms\/","logo":{"@type":"ImageObject","inLanguage":"pt-BR","@id":"https:\/\/morarmais.com.br\/mms\/#\/schema\/logo\/image\/","url":"https:\/\/morarmais.com.br\/mms\/wp-content\/uploads\/2019\/04\/cropped-logo-morar-mais-2-1-e1688661143585.png","contentUrl":"https:\/\/morarmais.com.br\/mms\/wp-content\/uploads\/2019\/04\/cropped-logo-morar-mais-2-1-e1688661143585.png","width":130,"height":100,"caption":"Morar mais"},"image":{"@id":"https:\/\/morarmais.com.br\/mms\/#\/schema\/logo\/image\/"},"sameAs":["https:\/\/www.facebook.com\/morarmais","https:\/\/www.instagram.com\/morarmaispormenos","https:\/\/br.pinterest.com\/morarmais\/"]},{"@type":"Person","@id":"https:\/\/morarmais.com.br\/mms\/#\/schema\/person\/67dda048cb1edaf0c66d3a7787857c2a","name":"Ale Devecchi","image":{"@type":"ImageObject","inLanguage":"pt-BR","@id":"https:\/\/morarmais.com.br\/mms\/#\/schema\/person\/image\/","url":"https:\/\/secure.gravatar.com\/avatar\/194f7a41b78fc7f5fcbf2fb567b600b5?s=96&d=mm&r=g","contentUrl":"https:\/\/secure.gravatar.com\/avatar\/194f7a41b78fc7f5fcbf2fb567b600b5?s=96&d=mm&r=g","caption":"Ale Devecchi"},"url":"https:\/\/morarmais.com.br\/mms\/author\/marketing-mais\/"}]}},"_links":{"self":[{"href":"https:\/\/morarmais.com.br\/mms\/wp-json\/wp\/v2\/posts\/17493"}],"collection":[{"href":"https:\/\/morarmais.com.br\/mms\/wp-json\/wp\/v2\/posts"}],"about":[{"href":"https:\/\/morarmais.com.br\/mms\/wp-json\/wp\/v2\/types\/post"}],"author":[{"embeddable":true,"href":"https:\/\/morarmais.com.br\/mms\/wp-json\/wp\/v2\/users\/6"}],"replies":[{"embeddable":true,"href":"https:\/\/morarmais.com.br\/mms\/wp-json\/wp\/v2\/comments?post=17493"}],"version-history":[{"count":23,"href":"https:\/\/morarmais.com.br\/mms\/wp-json\/wp\/v2\/posts\/17493\/revisions"}],"predecessor-version":[{"id":17542,"href":"https:\/\/morarmais.com.br\/mms\/wp-json\/wp\/v2\/posts\/17493\/revisions\/17542"}],"wp:featuredmedia":[{"embeddable":true,"href":"https:\/\/morarmais.com.br\/mms\/wp-json\/wp\/v2\/media\/17496"}],"wp:attachment":[{"href":"https:\/\/morarmais.com.br\/mms\/wp-json\/wp\/v2\/media?parent=17493"}],"wp:term":[{"taxonomy":"category","embeddable":true,"href":"https:\/\/morarmais.com.br\/mms\/wp-json\/wp\/v2\/categories?post=17493"},{"taxonomy":"post_tag","embeddable":true,"href":"https:\/\/morarmais.com.br\/mms\/wp-json\/wp\/v2\/tags?post=17493"}],"curies":[{"name":"wp","href":"https:\/\/api.w.org\/{rel}","templated":true}]}}