{"id":15967,"date":"2025-04-02T23:46:16","date_gmt":"2025-04-02T23:46:16","guid":{"rendered":"https:\/\/morarmais.com.br\/mms\/?p=15967"},"modified":"2025-04-02T23:46:21","modified_gmt":"2025-04-02T23:46:21","slug":"guia-morar-mais-semana-de-design-milao-2025","status":"publish","type":"post","link":"https:\/\/morarmais.com.br\/mms\/guia-morar-mais-semana-de-design-milao-2025\/","title":{"rendered":"Guia Morar Mais Semana de Design Mil\u00e3o 2025"},"content":{"rendered":"\n<h3 class=\" wp-block-heading eplus-wrapper\"><strong>\ud83d\udd39 1. EXPOSI\u00c7\u00d5ES E INSTALA\u00c7\u00d5ES<\/strong><\/h3>\n\n\n\n<h4 class=\" wp-block-heading eplus-wrapper\"><strong>Salone del Mobile Milano<\/strong><\/h4>\n\n\n\n<p class=\" eplus-wrapper\">\ud83d\udccd Fiera Milano Rho<br>\ud83d\uddd3\ufe0f 16 a 21 de abril<br>\ud83d\udcdd Feira oficial com lan\u00e7amentos internacionais de mobili\u00e1rio e design.<\/p>\n\n\n\n<figure class=\" wp-block-image size-large eplus-wrapper\"><img fetchpriority=\"high\" decoding=\"async\" width=\"1024\" height=\"683\" src=\"https:\/\/morarmais.com.br\/mms\/wp-content\/uploads\/2025\/04\/image-1024x683.jpg\" alt=\"\" class=\"wp-image-15980\" srcset=\"https:\/\/morarmais.com.br\/mms\/wp-content\/uploads\/2025\/04\/image-1024x683.jpg 1024w, https:\/\/morarmais.com.br\/mms\/wp-content\/uploads\/2025\/04\/image-300x200.jpg 300w, https:\/\/morarmais.com.br\/mms\/wp-content\/uploads\/2025\/04\/image-768x512.jpg 768w, https:\/\/morarmais.com.br\/mms\/wp-content\/uploads\/2025\/04\/image-1200x800.jpg 1200w, https:\/\/morarmais.com.br\/mms\/wp-content\/uploads\/2025\/04\/image-500x334.jpg 500w, https:\/\/morarmais.com.br\/mms\/wp-content\/uploads\/2025\/04\/image-800x534.jpg 800w, https:\/\/morarmais.com.br\/mms\/wp-content\/uploads\/2025\/04\/image-930x620.jpg 930w, https:\/\/morarmais.com.br\/mms\/wp-content\/uploads\/2025\/04\/image-350x234.jpg 350w, https:\/\/morarmais.com.br\/mms\/wp-content\/uploads\/2025\/04\/image.jpg 1280w\" sizes=\"(max-width: 1024px) 100vw, 1024px\" \/><\/figure>\n\n\n\n<p class=\" eplus-wrapper\"><\/p>\n\n\n\n<h4 class=\" wp-block-heading eplus-wrapper\"><strong>Fuorisalone<\/strong><\/h4>\n\n\n\n<p class=\" eplus-wrapper\">\ud83d\udccd Por toda Mil\u00e3o \u2014 destaque para Brera, Tortona, Isola, 5Vie<br>\ud83d\uddd3\ufe0f 7 a 13 de abril<br>\ud83d\udcdd O lado mais criativo e urbano da Design Week \u2014 cheio de experi\u00eancias.<\/p>\n\n\n\n<figure class=\" wp-block-image size-large eplus-wrapper\"><img decoding=\"async\" width=\"1024\" height=\"576\" src=\"https:\/\/morarmais.com.br\/mms\/wp-content\/uploads\/2025\/04\/image-1-1024x576.jpg\" alt=\"\" class=\"wp-image-15981\" srcset=\"https:\/\/morarmais.com.br\/mms\/wp-content\/uploads\/2025\/04\/image-1-1024x576.jpg 1024w, https:\/\/morarmais.com.br\/mms\/wp-content\/uploads\/2025\/04\/image-1-300x169.jpg 300w, https:\/\/morarmais.com.br\/mms\/wp-content\/uploads\/2025\/04\/image-1-768x432.jpg 768w, https:\/\/morarmais.com.br\/mms\/wp-content\/uploads\/2025\/04\/image-1-1536x864.jpg 1536w, https:\/\/morarmais.com.br\/mms\/wp-content\/uploads\/2025\/04\/image-1-500x281.jpg 500w, https:\/\/morarmais.com.br\/mms\/wp-content\/uploads\/2025\/04\/image-1-800x450.jpg 800w, https:\/\/morarmais.com.br\/mms\/wp-content\/uploads\/2025\/04\/image-1-1280x720.jpg 1280w, https:\/\/morarmais.com.br\/mms\/wp-content\/uploads\/2025\/04\/image-1-350x197.jpg 350w, https:\/\/morarmais.com.br\/mms\/wp-content\/uploads\/2025\/04\/image-1.jpg 1920w\" sizes=\"(max-width: 1024px) 100vw, 1024px\" \/><\/figure>\n\n\n\n<p class=\" eplus-wrapper\"><\/p>\n\n\n\n<h4 class=\" wp-block-heading eplus-wrapper\"><strong>Instala\u00e7\u00f5es Tempor\u00e1rias Especiais<\/strong><\/h4>\n\n\n\n<p class=\" eplus-wrapper\">\ud83d\udccd Dentro e fora da Fiera Milano<br>\ud83d\uddd3\ufe0f 16 a 21 de abril<br>Incluem:<\/p>\n\n\n<ul class=\" wp-block-list eplus-wrapper eplus-styles-uid-746851\">\n<li class=\" eplus-wrapper\"><strong>Sou Fujimoto<\/strong> \u2014 Um dos maiores nomes da arquitetura contempor\u00e2nea japonesa, Fujimoto apresenta uma instala\u00e7\u00e3o po\u00e9tica que mistura natureza, transpar\u00eancia e leveza estrutural. Uma arquitetura que emociona pela delicadeza e vis\u00e3o futurista.<\/li>\n\n\n\n<li class=\" eplus-wrapper\"><strong>Paolo Sorrentino<\/strong> \u2014 Vencedor do Oscar por <em>A Grande Beleza<\/em>, Sorrentino traz sua sensibilidade cinematogr\u00e1fica para uma experi\u00eancia sensorial \u00fanica, que mistura narrativa visual, trilha sonora envolvente e ambienta\u00e7\u00f5es que tocam a mem\u00f3ria e os sentidos.<\/li>\n\n\n\n<li class=\" eplus-wrapper\"><strong>Valerio Olgiati<\/strong> \u2014 Com uma abordagem radical e conceitual, Olgiati apresenta uma arquitetura enigm\u00e1tica e intensa, explorando materiais brutos e formas escult\u00f3ricas. Outros nomes importantes tamb\u00e9m estar\u00e3o presentes com obras que instigam e provocam o olhar sobre o habitar contempor\u00e2neo.<\/li>\n<\/ul>\n\n\n<hr class=\" wp-block-separator has-alpha-channel-opacity eplus-wrapper\"\/>\n\n\n\n<h3 class=\" wp-block-heading eplus-wrapper\"><strong>\ud83d\udd39 2. FUORISALONE \u2013 DESTAQUES IMPERD\u00cdVEIS<\/strong><\/h3>\n\n\n\n<p class=\" eplus-wrapper\">\ud83d\udccd Brera, Tortona, Navigli e distritos criativos de Mil\u00e3o<br>\ud83d\uddd3\ufe0f 7 a 13 de abril de 2025<br>\ud83d\udcdd Instala\u00e7\u00f5es e exposi\u00e7\u00f5es independentes, repletas de arte e interatividade.<\/p>\n\n\n\n<h4 class=\" wp-block-heading eplus-wrapper\"><strong>Making the Invisible Visible \u2013 Google<\/strong><\/h4>\n\n\n\n<p class=\" eplus-wrapper\">\ud83d\udccd Garage 21 \u2014 Via Archimede, 26<br>\ud83d\udcdd Instala\u00e7\u00e3o imersiva criada com o artista Lachlan Turczan. Um show de luz, som e sensa\u00e7\u00e3o.<\/p>\n\n\n\n<figure class=\" wp-block-image size-full eplus-wrapper\"><img decoding=\"async\" width=\"723\" height=\"600\" src=\"https:\/\/morarmais.com.br\/mms\/wp-content\/uploads\/2025\/04\/image-2.jpg\" alt=\"\" class=\"wp-image-15982\" srcset=\"https:\/\/morarmais.com.br\/mms\/wp-content\/uploads\/2025\/04\/image-2.jpg 723w, https:\/\/morarmais.com.br\/mms\/wp-content\/uploads\/2025\/04\/image-2-300x249.jpg 300w, https:\/\/morarmais.com.br\/mms\/wp-content\/uploads\/2025\/04\/image-2-500x415.jpg 500w, https:\/\/morarmais.com.br\/mms\/wp-content\/uploads\/2025\/04\/image-2-350x290.jpg 350w\" sizes=\"(max-width: 723px) 100vw, 723px\" \/><\/figure>\n\n\n\n<h4 class=\" wp-block-heading eplus-wrapper\">Saint Laurent + Charlotte Perriand<\/h4>\n\n\n\n<p class=\" eplus-wrapper\">\ud83d\udccd Palazzo Bocconi \u2014 Corso Venezia, 48<br>\ud83d\udcdd A Saint Laurent presta homenagem \u00e0 arquiteta e designer Charlotte Perriand com uma instala\u00e7\u00e3o refinada no hist\u00f3rico Palazzo Bocconi. A mostra apresenta pe\u00e7as reeditadas e mobili\u00e1rio assinado, destacando o olhar moderno e vision\u00e1rio de uma das grandes mulheres do design do s\u00e9culo 20.<\/p>\n\n\n\n<figure class=\" wp-block-image size-large eplus-wrapper\"><img loading=\"lazy\" decoding=\"async\" width=\"1024\" height=\"576\" src=\"https:\/\/morarmais.com.br\/mms\/wp-content\/uploads\/2025\/04\/image-7-1024x576.jpg\" alt=\"\" class=\"wp-image-15988\" srcset=\"https:\/\/morarmais.com.br\/mms\/wp-content\/uploads\/2025\/04\/image-7-1024x576.jpg 1024w, https:\/\/morarmais.com.br\/mms\/wp-content\/uploads\/2025\/04\/image-7-300x169.jpg 300w, https:\/\/morarmais.com.br\/mms\/wp-content\/uploads\/2025\/04\/image-7-768x432.jpg 768w, https:\/\/morarmais.com.br\/mms\/wp-content\/uploads\/2025\/04\/image-7-1536x864.jpg 1536w, https:\/\/morarmais.com.br\/mms\/wp-content\/uploads\/2025\/04\/image-7-500x281.jpg 500w, https:\/\/morarmais.com.br\/mms\/wp-content\/uploads\/2025\/04\/image-7-800x450.jpg 800w, https:\/\/morarmais.com.br\/mms\/wp-content\/uploads\/2025\/04\/image-7-1280x720.jpg 1280w, https:\/\/morarmais.com.br\/mms\/wp-content\/uploads\/2025\/04\/image-7-350x197.jpg 350w, https:\/\/morarmais.com.br\/mms\/wp-content\/uploads\/2025\/04\/image-7.jpg 1920w\" sizes=\"(max-width: 1024px) 100vw, 1024px\" \/><\/figure>\n\n\n\n<p class=\" eplus-wrapper\"><\/p>\n\n\n\n<p class=\" eplus-wrapper\">\ud83d\udd17 Roteiro completo de eventos:<a href=\"https:\/\/www.fuorisalone.it\/en\/2025\/events\"> fuorisalone.it\/en\/2025\/events<\/a><\/p>\n\n\n\n<hr class=\" wp-block-separator has-alpha-channel-opacity eplus-wrapper\"\/>\n\n\n\n<h3 class=\" wp-block-heading eplus-wrapper\"><strong>\ud83d\udd39 3. BAIRROS E DISTRITOS IMPERD\u00cdVEIS<\/strong><\/h3>\n\n\n\n<h4 class=\" wp-block-heading eplus-wrapper\"><strong>Brera Design District<\/strong><\/h4>\n\n\n\n<p class=\" eplus-wrapper\">\ud83d\udccd Regi\u00e3o de Brera<br>\ud83d\udcdd Galerias, arte, lojas, caf\u00e9s e vibe autoral.<\/p>\n\n\n\n<figure class=\" wp-block-image size-large eplus-wrapper\"><img loading=\"lazy\" decoding=\"async\" width=\"1024\" height=\"768\" src=\"https:\/\/morarmais.com.br\/mms\/wp-content\/uploads\/2025\/04\/Brera-Design-District-1024x768.jpg\" alt=\"\" class=\"wp-image-15970\" srcset=\"https:\/\/morarmais.com.br\/mms\/wp-content\/uploads\/2025\/04\/Brera-Design-District-1024x768.jpg 1024w, https:\/\/morarmais.com.br\/mms\/wp-content\/uploads\/2025\/04\/Brera-Design-District-300x225.jpg 300w, https:\/\/morarmais.com.br\/mms\/wp-content\/uploads\/2025\/04\/Brera-Design-District-768x576.jpg 768w, https:\/\/morarmais.com.br\/mms\/wp-content\/uploads\/2025\/04\/Brera-Design-District-1536x1152.jpg 1536w, https:\/\/morarmais.com.br\/mms\/wp-content\/uploads\/2025\/04\/Brera-Design-District-500x375.jpg 500w, https:\/\/morarmais.com.br\/mms\/wp-content\/uploads\/2025\/04\/Brera-Design-District-800x600.jpg 800w, https:\/\/morarmais.com.br\/mms\/wp-content\/uploads\/2025\/04\/Brera-Design-District-1280x960.jpg 1280w, https:\/\/morarmais.com.br\/mms\/wp-content\/uploads\/2025\/04\/Brera-Design-District-350x263.jpg 350w, https:\/\/morarmais.com.br\/mms\/wp-content\/uploads\/2025\/04\/Brera-Design-District.jpg 1920w\" sizes=\"(max-width: 1024px) 100vw, 1024px\" \/><\/figure>\n\n\n\n<p class=\" eplus-wrapper\"><\/p>\n\n\n\n<h4 class=\" wp-block-heading eplus-wrapper\"><strong>Alcova<\/strong><\/h4>\n\n\n\n<p class=\" eplus-wrapper\">\ud83d\udccd Espa\u00e7os hist\u00f3ricos diversos \u2014 endere\u00e7o 2025 a confirmar<br>\ud83d\udcdd Design experimental em locais inusitados da cidade.<\/p>\n\n\n\n<figure class=\" wp-block-image size-full eplus-wrapper\"><img loading=\"lazy\" decoding=\"async\" width=\"1200\" height=\"675\" src=\"https:\/\/morarmais.com.br\/mms\/wp-content\/uploads\/2025\/04\/alcova-2024-milano-1.avif\" alt=\"\" class=\"wp-image-15969\"\/><\/figure>\n\n\n\n<p class=\" eplus-wrapper\"><\/p>\n\n\n\n<h4 class=\" wp-block-heading eplus-wrapper\"><strong> 5Vie Design Week<\/strong><\/h4>\n\n\n\n<p class=\" eplus-wrapper\">\ud83d\udccd Entre Duomo e Sant\u2019Ambrogio<br>\ud83d\udcdd Hist\u00f3ria, design independente, artesanato e descobertas.<\/p>\n\n\n\n<figure class=\" wp-block-image size-full eplus-wrapper\"><img loading=\"lazy\" decoding=\"async\" width=\"696\" height=\"464\" src=\"https:\/\/morarmais.com.br\/mms\/wp-content\/uploads\/2025\/04\/5vie-design-week.jpeg\" alt=\"\" class=\"wp-image-15968\" srcset=\"https:\/\/morarmais.com.br\/mms\/wp-content\/uploads\/2025\/04\/5vie-design-week.jpeg 696w, https:\/\/morarmais.com.br\/mms\/wp-content\/uploads\/2025\/04\/5vie-design-week-300x200.jpeg 300w, https:\/\/morarmais.com.br\/mms\/wp-content\/uploads\/2025\/04\/5vie-design-week-500x333.jpeg 500w, https:\/\/morarmais.com.br\/mms\/wp-content\/uploads\/2025\/04\/5vie-design-week-350x233.jpeg 350w\" sizes=\"(max-width: 696px) 100vw, 696px\" \/><\/figure>\n\n\n\n<h4 class=\" wp-block-heading eplus-wrapper\"><strong> Tortona \/ Superstudio Pi\u00f9<\/strong><\/h4>\n\n\n\n<p class=\" eplus-wrapper\">\ud83d\udccd Via Tortona, 27<br>\ud83d\udcdd Centro de exposi\u00e7\u00f5es imersivas e eventos colaborativos.<\/p>\n\n\n\n<figure class=\" wp-block-image size-large eplus-wrapper\"><img loading=\"lazy\" decoding=\"async\" width=\"1024\" height=\"682\" src=\"https:\/\/morarmais.com.br\/mms\/wp-content\/uploads\/2025\/04\/Superstudio-piu-1024x682.webp\" alt=\"\" class=\"wp-image-15979\" srcset=\"https:\/\/morarmais.com.br\/mms\/wp-content\/uploads\/2025\/04\/Superstudio-piu-1024x682.webp 1024w, https:\/\/morarmais.com.br\/mms\/wp-content\/uploads\/2025\/04\/Superstudio-piu-300x200.webp 300w, https:\/\/morarmais.com.br\/mms\/wp-content\/uploads\/2025\/04\/Superstudio-piu-768x511.webp 768w, https:\/\/morarmais.com.br\/mms\/wp-content\/uploads\/2025\/04\/Superstudio-piu-1536x1022.webp 1536w, https:\/\/morarmais.com.br\/mms\/wp-content\/uploads\/2025\/04\/Superstudio-piu-1200x800.webp 1200w, https:\/\/morarmais.com.br\/mms\/wp-content\/uploads\/2025\/04\/Superstudio-piu-500x333.webp 500w, https:\/\/morarmais.com.br\/mms\/wp-content\/uploads\/2025\/04\/Superstudio-piu-800x533.webp 800w, https:\/\/morarmais.com.br\/mms\/wp-content\/uploads\/2025\/04\/Superstudio-piu-1280x852.webp 1280w, https:\/\/morarmais.com.br\/mms\/wp-content\/uploads\/2025\/04\/Superstudio-piu-930x620.webp 930w, https:\/\/morarmais.com.br\/mms\/wp-content\/uploads\/2025\/04\/Superstudio-piu-350x233.webp 350w, https:\/\/morarmais.com.br\/mms\/wp-content\/uploads\/2025\/04\/Superstudio-piu.webp 1920w\" sizes=\"(max-width: 1024px) 100vw, 1024px\" \/><\/figure>\n\n\n\n<p class=\" eplus-wrapper\"><\/p>\n\n\n\n<h4 class=\" wp-block-heading eplus-wrapper\"><strong>Isola Design District<\/strong><\/h4>\n\n\n\n<p class=\" eplus-wrapper\">\ud83d\udccd Regi\u00e3o de Isola<br>\ud83d\udcdd Sustentabilidade, inova\u00e7\u00e3o jovem e criatividade urbana.<\/p>\n\n\n\n<figure class=\" wp-block-image size-full eplus-wrapper\"><img loading=\"lazy\" decoding=\"async\" width=\"852\" height=\"479\" src=\"https:\/\/morarmais.com.br\/mms\/wp-content\/uploads\/2025\/04\/Isola-Design-Festival-2024-Milan.jpg\" alt=\"\" class=\"wp-image-15977\" srcset=\"https:\/\/morarmais.com.br\/mms\/wp-content\/uploads\/2025\/04\/Isola-Design-Festival-2024-Milan.jpg 852w, https:\/\/morarmais.com.br\/mms\/wp-content\/uploads\/2025\/04\/Isola-Design-Festival-2024-Milan-300x169.jpg 300w, https:\/\/morarmais.com.br\/mms\/wp-content\/uploads\/2025\/04\/Isola-Design-Festival-2024-Milan-768x432.jpg 768w, https:\/\/morarmais.com.br\/mms\/wp-content\/uploads\/2025\/04\/Isola-Design-Festival-2024-Milan-500x281.jpg 500w, https:\/\/morarmais.com.br\/mms\/wp-content\/uploads\/2025\/04\/Isola-Design-Festival-2024-Milan-800x450.jpg 800w, https:\/\/morarmais.com.br\/mms\/wp-content\/uploads\/2025\/04\/Isola-Design-Festival-2024-Milan-350x197.jpg 350w\" sizes=\"(max-width: 852px) 100vw, 852px\" \/><\/figure>\n\n\n\n<p class=\" eplus-wrapper\"><\/p>\n\n\n\n<h4 class=\" wp-block-heading eplus-wrapper\"><strong>Zona Sarpi<\/strong><\/h4>\n\n\n\n<p class=\" eplus-wrapper\">\ud83d\udccd Via Paolo Sarpi \u2014 Bairro Chinatown<br>\ud83d\udcdd Design multicultural e influ\u00eancias orientais no furosalone.it<\/p>\n\n\n\n<figure class=\" wp-block-image size-full eplus-wrapper\"><img loading=\"lazy\" decoding=\"async\" width=\"1024\" height=\"630\" src=\"https:\/\/morarmais.com.br\/mms\/wp-content\/uploads\/2025\/04\/image-3.jpg\" alt=\"\" class=\"wp-image-15983\" srcset=\"https:\/\/morarmais.com.br\/mms\/wp-content\/uploads\/2025\/04\/image-3.jpg 1024w, https:\/\/morarmais.com.br\/mms\/wp-content\/uploads\/2025\/04\/image-3-300x185.jpg 300w, https:\/\/morarmais.com.br\/mms\/wp-content\/uploads\/2025\/04\/image-3-768x473.jpg 768w, https:\/\/morarmais.com.br\/mms\/wp-content\/uploads\/2025\/04\/image-3-500x308.jpg 500w, https:\/\/morarmais.com.br\/mms\/wp-content\/uploads\/2025\/04\/image-3-800x492.jpg 800w, https:\/\/morarmais.com.br\/mms\/wp-content\/uploads\/2025\/04\/image-3-350x215.jpg 350w\" sizes=\"(max-width: 1024px) 100vw, 1024px\" \/><\/figure>\n\n\n\n<p class=\" eplus-wrapper\"><\/p>\n\n\n\n<hr class=\" wp-block-separator has-alpha-channel-opacity eplus-wrapper\"\/>\n\n\n\n<h3 class=\" wp-block-heading eplus-wrapper\"><strong>\ud83d\udd39 4. GRIFES DE MODA + DESIGN<\/strong><\/h3>\n\n\n\n<h4 class=\" wp-block-heading eplus-wrapper\"><strong>Louis Vuitton<\/strong><\/h4>\n\n\n\n<p class=\" eplus-wrapper\">\ud83d\udccd Palazzo Serbelloni \u2014 Corso Venezia, 16<br>\ud83d\udcdd Com instala\u00e7\u00f5es sempre grandiosas e envolventes, a maison francesa traz seu universo de luxo e inova\u00e7\u00e3o para o neocl\u00e1ssico Palazzo Serbelloni, misturando arte, moda e design.<\/p>\n\n\n\n<figure class=\" wp-block-image size-full eplus-wrapper\"><img loading=\"lazy\" decoding=\"async\" width=\"1080\" height=\"600\" src=\"https:\/\/morarmais.com.br\/mms\/wp-content\/uploads\/2025\/04\/Louis-Vuitton-Nomade-Pavilion-Milan.avif\" alt=\"\" class=\"wp-image-15978\"\/><\/figure>\n\n\n\n<p class=\" eplus-wrapper\"><\/p>\n\n\n\n<h4 class=\" wp-block-heading eplus-wrapper\"><strong>Herm\u00e8s<\/strong><\/h4>\n\n\n\n<p class=\" eplus-wrapper\">\ud83d\udccd La Pelota \u2014 Via Palermo, 10<br>\ud83d\udcdd Conhecida por suas apresenta\u00e7\u00f5es cenogr\u00e1ficas impec\u00e1veis, Herm\u00e8s exibe sua cole\u00e7\u00e3o de mobili\u00e1rio em ambientes que exploram texturas, formas e cores com sofistica\u00e7\u00e3o artesanal.<\/p>\n\n\n\n<figure class=\" wp-block-image size-full eplus-wrapper\"><img loading=\"lazy\" decoding=\"async\" width=\"1280\" height=\"959\" src=\"https:\/\/morarmais.com.br\/mms\/wp-content\/uploads\/2025\/04\/Hermes-la-pelota-milano-2023-design-week-2023.avif\" alt=\"\" class=\"wp-image-15975\"\/><\/figure>\n\n\n\n<p class=\" eplus-wrapper\"><\/p>\n\n\n\n<h4 class=\" wp-block-heading eplus-wrapper\"><strong>Dior Maison<\/strong><\/h4>\n\n\n\n<p class=\" eplus-wrapper\">\ud83d\udccd Palazzo Citterio \u2014 Via Brera, 12<br>\ud83d\udcdd A linha para casa da Dior combina eleg\u00e2ncia francesa com design contempor\u00e2neo, revelando pe\u00e7as refinadas em um dos endere\u00e7os mais ic\u00f4nicos de Brera.<\/p>\n\n\n\n<figure class=\" wp-block-image size-large eplus-wrapper\"><img loading=\"lazy\" decoding=\"async\" width=\"1024\" height=\"641\" src=\"https:\/\/morarmais.com.br\/mms\/wp-content\/uploads\/2025\/04\/Dior-Monsieur-Design-Week-2023-1024x641.jpg\" alt=\"\" class=\"wp-image-15971\" srcset=\"https:\/\/morarmais.com.br\/mms\/wp-content\/uploads\/2025\/04\/Dior-Monsieur-Design-Week-2023-1024x641.jpg 1024w, https:\/\/morarmais.com.br\/mms\/wp-content\/uploads\/2025\/04\/Dior-Monsieur-Design-Week-2023-300x188.jpg 300w, https:\/\/morarmais.com.br\/mms\/wp-content\/uploads\/2025\/04\/Dior-Monsieur-Design-Week-2023-768x480.jpg 768w, https:\/\/morarmais.com.br\/mms\/wp-content\/uploads\/2025\/04\/Dior-Monsieur-Design-Week-2023-500x313.jpg 500w, https:\/\/morarmais.com.br\/mms\/wp-content\/uploads\/2025\/04\/Dior-Monsieur-Design-Week-2023-800x500.jpg 800w, https:\/\/morarmais.com.br\/mms\/wp-content\/uploads\/2025\/04\/Dior-Monsieur-Design-Week-2023-1280x801.jpg 1280w, https:\/\/morarmais.com.br\/mms\/wp-content\/uploads\/2025\/04\/Dior-Monsieur-Design-Week-2023-350x219.jpg 350w, https:\/\/morarmais.com.br\/mms\/wp-content\/uploads\/2025\/04\/Dior-Monsieur-Design-Week-2023.jpg 1298w\" sizes=\"(max-width: 1024px) 100vw, 1024px\" \/><\/figure>\n\n\n\n<p class=\" eplus-wrapper\"><\/p>\n\n\n\n<h4 class=\" wp-block-heading eplus-wrapper\"><strong>Gucci<\/strong><\/h4>\n\n\n\n<p class=\" eplus-wrapper\">\ud83d\udccd Local a confirmar<br>\ud83d\udcdd Sempre surpreendente, a Gucci costuma apostar em instala\u00e7\u00f5es art\u00edsticas conceituais que exploram temas como identidade, moda e experimenta\u00e7\u00e3o est\u00e9tica.<\/p>\n\n\n\n<figure class=\" wp-block-image size-large eplus-wrapper\"><img loading=\"lazy\" decoding=\"async\" width=\"1024\" height=\"576\" src=\"https:\/\/morarmais.com.br\/mms\/wp-content\/uploads\/2025\/04\/Gucci-Bamboo-Encounters-Milao-1024x576.webp\" alt=\"\" class=\"wp-image-15974\" srcset=\"https:\/\/morarmais.com.br\/mms\/wp-content\/uploads\/2025\/04\/Gucci-Bamboo-Encounters-Milao-1024x576.webp 1024w, https:\/\/morarmais.com.br\/mms\/wp-content\/uploads\/2025\/04\/Gucci-Bamboo-Encounters-Milao-300x169.webp 300w, https:\/\/morarmais.com.br\/mms\/wp-content\/uploads\/2025\/04\/Gucci-Bamboo-Encounters-Milao-768x432.webp 768w, https:\/\/morarmais.com.br\/mms\/wp-content\/uploads\/2025\/04\/Gucci-Bamboo-Encounters-Milao-500x281.webp 500w, https:\/\/morarmais.com.br\/mms\/wp-content\/uploads\/2025\/04\/Gucci-Bamboo-Encounters-Milao-800x450.webp 800w, https:\/\/morarmais.com.br\/mms\/wp-content\/uploads\/2025\/04\/Gucci-Bamboo-Encounters-Milao-350x197.webp 350w, https:\/\/morarmais.com.br\/mms\/wp-content\/uploads\/2025\/04\/Gucci-Bamboo-Encounters-Milao.webp 1280w\" sizes=\"(max-width: 1024px) 100vw, 1024px\" \/><\/figure>\n\n\n\n<p class=\" eplus-wrapper\"><\/p>\n\n\n\n<h4 class=\" wp-block-heading eplus-wrapper\"><strong>Fendi Casa<\/strong><\/h4>\n\n\n\n<p class=\" eplus-wrapper\">\ud83d\udccd Piazza della Scala<br>\ud83d\udcdd Com DNA italiano e forte presen\u00e7a est\u00e9tica, Fendi apresenta sua cole\u00e7\u00e3o de m\u00f3veis sofisticados em espa\u00e7os que respiram luxo e modernidade.<\/p>\n\n\n\n<figure class=\" wp-block-image size-full eplus-wrapper\"><img loading=\"lazy\" decoding=\"async\" width=\"1000\" height=\"743\" src=\"https:\/\/morarmais.com.br\/mms\/wp-content\/uploads\/2025\/04\/Fendi-Casa-Boutique-Milan.webp\" alt=\"\" class=\"wp-image-15972\" srcset=\"https:\/\/morarmais.com.br\/mms\/wp-content\/uploads\/2025\/04\/Fendi-Casa-Boutique-Milan.webp 1000w, https:\/\/morarmais.com.br\/mms\/wp-content\/uploads\/2025\/04\/Fendi-Casa-Boutique-Milan-300x223.webp 300w, https:\/\/morarmais.com.br\/mms\/wp-content\/uploads\/2025\/04\/Fendi-Casa-Boutique-Milan-768x571.webp 768w, https:\/\/morarmais.com.br\/mms\/wp-content\/uploads\/2025\/04\/Fendi-Casa-Boutique-Milan-500x372.webp 500w, https:\/\/morarmais.com.br\/mms\/wp-content\/uploads\/2025\/04\/Fendi-Casa-Boutique-Milan-800x594.webp 800w, https:\/\/morarmais.com.br\/mms\/wp-content\/uploads\/2025\/04\/Fendi-Casa-Boutique-Milan-350x260.webp 350w\" sizes=\"(max-width: 1000px) 100vw, 1000px\" \/><\/figure>\n\n\n\n<p class=\" eplus-wrapper\"><\/p>\n\n\n\n<hr class=\" wp-block-separator has-alpha-channel-opacity eplus-wrapper\"\/>\n\n\n\n<h3 class=\" wp-block-heading eplus-wrapper\"><strong>\ud83d\udd39 5. LOJAS E CONCEITOS QUE AMAMOS<\/strong><\/h3>\n\n\n\n<h4 class=\" wp-block-heading eplus-wrapper\"><strong>Rossana Orlandi Gallery<\/strong><\/h4>\n\n\n\n<p class=\" eplus-wrapper\">\ud83d\udccd Via Matteo Bandello, 14<br>\ud83d\udcdd Um dos espa\u00e7os mais ic\u00f4nicos de Mil\u00e3o, a galeria mistura arte, design colecion\u00e1vel e pe\u00e7as autorais garimpadas de talentos do mundo todo. Um verdadeiro templo para os apaixonados por curadoria ousada.<\/p>\n\n\n\n<figure class=\" wp-block-image size-large eplus-wrapper\"><img loading=\"lazy\" decoding=\"async\" width=\"1024\" height=\"683\" src=\"https:\/\/morarmais.com.br\/mms\/wp-content\/uploads\/2025\/04\/galleria-rossana-orlandi-interni-1024x683.jpg\" alt=\"\" class=\"wp-image-15973\" srcset=\"https:\/\/morarmais.com.br\/mms\/wp-content\/uploads\/2025\/04\/galleria-rossana-orlandi-interni-1024x683.jpg 1024w, https:\/\/morarmais.com.br\/mms\/wp-content\/uploads\/2025\/04\/galleria-rossana-orlandi-interni-300x200.jpg 300w, https:\/\/morarmais.com.br\/mms\/wp-content\/uploads\/2025\/04\/galleria-rossana-orlandi-interni-768x512.jpg 768w, https:\/\/morarmais.com.br\/mms\/wp-content\/uploads\/2025\/04\/galleria-rossana-orlandi-interni-1536x1024.jpg 1536w, https:\/\/morarmais.com.br\/mms\/wp-content\/uploads\/2025\/04\/galleria-rossana-orlandi-interni-1200x800.jpg 1200w, https:\/\/morarmais.com.br\/mms\/wp-content\/uploads\/2025\/04\/galleria-rossana-orlandi-interni-500x333.jpg 500w, https:\/\/morarmais.com.br\/mms\/wp-content\/uploads\/2025\/04\/galleria-rossana-orlandi-interni-800x533.jpg 800w, https:\/\/morarmais.com.br\/mms\/wp-content\/uploads\/2025\/04\/galleria-rossana-orlandi-interni-1280x853.jpg 1280w, https:\/\/morarmais.com.br\/mms\/wp-content\/uploads\/2025\/04\/galleria-rossana-orlandi-interni-930x620.jpg 930w, https:\/\/morarmais.com.br\/mms\/wp-content\/uploads\/2025\/04\/galleria-rossana-orlandi-interni-350x233.jpg 350w, https:\/\/morarmais.com.br\/mms\/wp-content\/uploads\/2025\/04\/galleria-rossana-orlandi-interni.jpg 1620w\" sizes=\"(max-width: 1024px) 100vw, 1024px\" \/><\/figure>\n\n\n\n<p class=\" eplus-wrapper\"><\/p>\n\n\n\n<h4 class=\" wp-block-heading eplus-wrapper\"><strong>Nilufar Depot<\/strong><\/h4>\n\n\n\n<p class=\" eplus-wrapper\">\ud83d\udccd Viale Vincenzo Lancetti, 34<br>\ud83d\udcdd Com atmosfera de museu contempor\u00e2neo, o galp\u00e3o abriga uma cole\u00e7\u00e3o de mobili\u00e1rio vintage e contempor\u00e2neo de cair o queixo. Imperd\u00edvel para quem ama design com alma e hist\u00f3ria.<\/p>\n\n\n\n<h4 class=\" wp-block-heading eplus-wrapper\"><strong>10 Corso Como<\/strong><\/h4>\n\n\n\n<p class=\" eplus-wrapper\">\ud83d\udccd Corso Como, 10<br>\ud83d\udcdd Concept store pioneira que une moda, design, fotografia, livros e gastronomia. Um dos endere\u00e7os mais estilosos e sensoriais de Mil\u00e3o, ideal para quem ama experi\u00eancias completas.<\/p>\n\n\n\n<h4 class=\" wp-block-heading eplus-wrapper\"><strong>IKEA \u2013 STOCKHOLM 2025<\/strong><\/h4>\n\n\n\n<p class=\" eplus-wrapper\">\ud83d\udccd Tenoha Milano \u2014 Via Vigevano, 18<br>\ud83d\udcdd Em celebra\u00e7\u00e3o aos 30 anos de presen\u00e7a na Design Week, a IKEA apresenta sua nova cole\u00e7\u00e3o STOCKHOLM 2025 em uma instala\u00e7\u00e3o sensorial, criativa e cheia de estilo no cora\u00e7\u00e3o de Navigli.<\/p>\n\n\n\n<figure class=\" wp-block-image size-full eplus-wrapper\"><img loading=\"lazy\" decoding=\"async\" width=\"1024\" height=\"576\" src=\"https:\/\/morarmais.com.br\/mms\/wp-content\/uploads\/2025\/04\/Ikea-colecao-fuorisalone-2025-colecao-stockholm.webp\" alt=\"\" class=\"wp-image-15976\" srcset=\"https:\/\/morarmais.com.br\/mms\/wp-content\/uploads\/2025\/04\/Ikea-colecao-fuorisalone-2025-colecao-stockholm.webp 1024w, https:\/\/morarmais.com.br\/mms\/wp-content\/uploads\/2025\/04\/Ikea-colecao-fuorisalone-2025-colecao-stockholm-300x169.webp 300w, https:\/\/morarmais.com.br\/mms\/wp-content\/uploads\/2025\/04\/Ikea-colecao-fuorisalone-2025-colecao-stockholm-768x432.webp 768w, https:\/\/morarmais.com.br\/mms\/wp-content\/uploads\/2025\/04\/Ikea-colecao-fuorisalone-2025-colecao-stockholm-500x281.webp 500w, https:\/\/morarmais.com.br\/mms\/wp-content\/uploads\/2025\/04\/Ikea-colecao-fuorisalone-2025-colecao-stockholm-800x450.webp 800w, https:\/\/morarmais.com.br\/mms\/wp-content\/uploads\/2025\/04\/Ikea-colecao-fuorisalone-2025-colecao-stockholm-350x197.webp 350w\" sizes=\"(max-width: 1024px) 100vw, 1024px\" \/><\/figure>\n\n\n\n<p class=\" eplus-wrapper\"><\/p>\n\n\n\n<hr class=\" wp-block-separator has-alpha-channel-opacity eplus-wrapper\"\/>\n\n\n\n<h3 class=\" wp-block-heading eplus-wrapper\"><strong>\ud83d\udd39 6. ONDE COMER E BRINDAR COM ESTILO<\/strong><\/h3>\n\n\n\n<h4 class=\" wp-block-heading eplus-wrapper\"><strong>Bar Luce \u2013 Funda\u00e7\u00e3o Prada<\/strong><\/h4>\n\n\n\n<p class=\" eplus-wrapper\">\ud83d\udccd Largo Isarco, 2<br>\ud83d\udcdd Criado pelo diretor Wes Anderson, esse caf\u00e9 tem est\u00e9tica retr\u00f4, atmosfera l\u00fadica e \u00e9 parte da Fondazione Prada. Uma parada charmosa e cinematogr\u00e1fica para um espresso ou doce italiano.<\/p>\n\n\n\n<figure class=\" wp-block-image size-large eplus-wrapper\"><img loading=\"lazy\" decoding=\"async\" width=\"1024\" height=\"768\" src=\"https:\/\/morarmais.com.br\/mms\/wp-content\/uploads\/2025\/04\/image-8-1024x768.jpg\" alt=\"\" class=\"wp-image-15989\" srcset=\"https:\/\/morarmais.com.br\/mms\/wp-content\/uploads\/2025\/04\/image-8-1024x768.jpg 1024w, https:\/\/morarmais.com.br\/mms\/wp-content\/uploads\/2025\/04\/image-8-300x225.jpg 300w, https:\/\/morarmais.com.br\/mms\/wp-content\/uploads\/2025\/04\/image-8-768x576.jpg 768w, https:\/\/morarmais.com.br\/mms\/wp-content\/uploads\/2025\/04\/image-8-500x375.jpg 500w, https:\/\/morarmais.com.br\/mms\/wp-content\/uploads\/2025\/04\/image-8-800x600.jpg 800w, https:\/\/morarmais.com.br\/mms\/wp-content\/uploads\/2025\/04\/image-8-1280x960.jpg 1280w, https:\/\/morarmais.com.br\/mms\/wp-content\/uploads\/2025\/04\/image-8-350x263.jpg 350w, https:\/\/morarmais.com.br\/mms\/wp-content\/uploads\/2025\/04\/image-8.jpg 1360w\" sizes=\"(max-width: 1024px) 100vw, 1024px\" \/><\/figure>\n\n\n\n<p class=\" eplus-wrapper\"><\/p>\n\n\n\n<h4 class=\" wp-block-heading eplus-wrapper\"><strong>Dry Milano<\/strong><\/h4>\n\n\n\n<p class=\" eplus-wrapper\">\ud83d\udccd Via Solferino, 33<br>\ud83d\udcdd Pizza autoral e coquetelaria refinada em um ambiente urbano e sofisticado. O lugar ideal para um jantar descolado ou um drink de fim de tarde durante a semana de design.<\/p>\n\n\n\n<figure class=\" wp-block-image size-large eplus-wrapper\"><img loading=\"lazy\" decoding=\"async\" width=\"1024\" height=\"682\" src=\"https:\/\/morarmais.com.br\/mms\/wp-content\/uploads\/2025\/04\/image-9-1024x682.jpg\" alt=\"\" class=\"wp-image-15990\" srcset=\"https:\/\/morarmais.com.br\/mms\/wp-content\/uploads\/2025\/04\/image-9-1024x682.jpg 1024w, https:\/\/morarmais.com.br\/mms\/wp-content\/uploads\/2025\/04\/image-9-300x200.jpg 300w, https:\/\/morarmais.com.br\/mms\/wp-content\/uploads\/2025\/04\/image-9-768x511.jpg 768w, https:\/\/morarmais.com.br\/mms\/wp-content\/uploads\/2025\/04\/image-9-1536x1022.jpg 1536w, https:\/\/morarmais.com.br\/mms\/wp-content\/uploads\/2025\/04\/image-9-1200x800.jpg 1200w, https:\/\/morarmais.com.br\/mms\/wp-content\/uploads\/2025\/04\/image-9-500x333.jpg 500w, https:\/\/morarmais.com.br\/mms\/wp-content\/uploads\/2025\/04\/image-9-800x533.jpg 800w, https:\/\/morarmais.com.br\/mms\/wp-content\/uploads\/2025\/04\/image-9-1280x852.jpg 1280w, https:\/\/morarmais.com.br\/mms\/wp-content\/uploads\/2025\/04\/image-9-930x620.jpg 930w, https:\/\/morarmais.com.br\/mms\/wp-content\/uploads\/2025\/04\/image-9-350x233.jpg 350w, https:\/\/morarmais.com.br\/mms\/wp-content\/uploads\/2025\/04\/image-9.jpg 1920w\" sizes=\"(max-width: 1024px) 100vw, 1024px\" \/><\/figure>\n\n\n\n<p class=\" eplus-wrapper\"><\/p>\n\n\n\n<h4 class=\" wp-block-heading eplus-wrapper\"><strong>Panificio Davide Longoni<\/strong><\/h4>\n\n\n\n<p class=\" eplus-wrapper\">\ud83d\udccd Via Fratelli Bronzetti, 9<br>\ud83d\udcdd Um dos melhores p\u00e3es de fermenta\u00e7\u00e3o natural de Mil\u00e3o, com vibe de padaria artesanal moderna. Perfeito para um caf\u00e9 da manh\u00e3 local ou lanche entre eventos.<\/p>\n\n\n\n<figure class=\" wp-block-image size-large eplus-wrapper\"><img loading=\"lazy\" decoding=\"async\" width=\"1024\" height=\"768\" src=\"https:\/\/morarmais.com.br\/mms\/wp-content\/uploads\/2025\/04\/image-10-1024x768.jpg\" alt=\"\" class=\"wp-image-15991\" srcset=\"https:\/\/morarmais.com.br\/mms\/wp-content\/uploads\/2025\/04\/image-10-1024x768.jpg 1024w, https:\/\/morarmais.com.br\/mms\/wp-content\/uploads\/2025\/04\/image-10-300x225.jpg 300w, https:\/\/morarmais.com.br\/mms\/wp-content\/uploads\/2025\/04\/image-10-768x576.jpg 768w, https:\/\/morarmais.com.br\/mms\/wp-content\/uploads\/2025\/04\/image-10-500x375.jpg 500w, https:\/\/morarmais.com.br\/mms\/wp-content\/uploads\/2025\/04\/image-10-800x600.jpg 800w, https:\/\/morarmais.com.br\/mms\/wp-content\/uploads\/2025\/04\/image-10-1280x960.jpg 1280w, https:\/\/morarmais.com.br\/mms\/wp-content\/uploads\/2025\/04\/image-10-350x263.jpg 350w, https:\/\/morarmais.com.br\/mms\/wp-content\/uploads\/2025\/04\/image-10.jpg 1360w\" sizes=\"(max-width: 1024px) 100vw, 1024px\" \/><\/figure>\n\n\n\n<p class=\" eplus-wrapper\"><\/p>\n\n\n\n<h4 class=\" wp-block-heading eplus-wrapper\"><strong>DaV by Da Vittorio<\/strong><\/h4>\n\n\n\n<p class=\" eplus-wrapper\">\ud83d\udccd Palazzo Taverna \u2014 Via Montenapoleone, 2<br>\ud83d\udcdd O primeiro restaurante italiano da Louis Vuitton ser\u00e1 inaugurado durante a Design Week em parceria com a fam\u00edlia Cerea, do lend\u00e1rio Da Vittorio, tricampe\u00e3o Michelin de Brusaporto. A nova casa, chamada <strong>DaV by Da Vittorio<\/strong>, estar\u00e1 localizada no neocl\u00e1ssico Palazzo Taverna, onde tamb\u00e9m funciona o novo showroom milan\u00eas da Louis Vuitton. A proposta une alta gastronomia, design e sofistica\u00e7\u00e3o em um dos endere\u00e7os mais exclusivos de Mil\u00e3o.<\/p>\n\n\n\n<p class=\" eplus-wrapper\"><\/p>\n\n\n\n<hr class=\" wp-block-separator has-alpha-channel-opacity eplus-wrapper\"\/>\n\n\n\n<h3 class=\" wp-block-heading eplus-wrapper\"><strong>\ud83d\udd39 7. CANTINHOS PARA RESPIRAR, ANDAR E SE INSPIRAR<\/strong><\/h3>\n\n\n\n<h4 class=\" wp-block-heading eplus-wrapper\"><strong>Parco Sempione<\/strong><\/h4>\n\n\n\n<p class=\" eplus-wrapper\">\ud83d\udccd Atr\u00e1s do Castello Sforzesco<br>\ud83d\udcdd Um respiro verde no cora\u00e7\u00e3o da cidade, perfeito para caminhar entre uma exposi\u00e7\u00e3o e outra.<\/p>\n\n\n\n<figure class=\" wp-block-image size-large eplus-wrapper\"><img loading=\"lazy\" decoding=\"async\" width=\"1024\" height=\"682\" src=\"https:\/\/morarmais.com.br\/mms\/wp-content\/uploads\/2025\/04\/image-13-1024x682.jpg\" alt=\"\" class=\"wp-image-15994\" srcset=\"https:\/\/morarmais.com.br\/mms\/wp-content\/uploads\/2025\/04\/image-13-1024x682.jpg 1024w, https:\/\/morarmais.com.br\/mms\/wp-content\/uploads\/2025\/04\/image-13-300x200.jpg 300w, https:\/\/morarmais.com.br\/mms\/wp-content\/uploads\/2025\/04\/image-13-768x512.jpg 768w, https:\/\/morarmais.com.br\/mms\/wp-content\/uploads\/2025\/04\/image-13-1200x800.jpg 1200w, https:\/\/morarmais.com.br\/mms\/wp-content\/uploads\/2025\/04\/image-13-500x333.jpg 500w, https:\/\/morarmais.com.br\/mms\/wp-content\/uploads\/2025\/04\/image-13-800x533.jpg 800w, https:\/\/morarmais.com.br\/mms\/wp-content\/uploads\/2025\/04\/image-13-1280x853.jpg 1280w, https:\/\/morarmais.com.br\/mms\/wp-content\/uploads\/2025\/04\/image-13-930x620.jpg 930w, https:\/\/morarmais.com.br\/mms\/wp-content\/uploads\/2025\/04\/image-13-350x233.jpg 350w, https:\/\/morarmais.com.br\/mms\/wp-content\/uploads\/2025\/04\/image-13.jpg 1360w\" sizes=\"(max-width: 1024px) 100vw, 1024px\" \/><\/figure>\n\n\n\n<p class=\" eplus-wrapper\"><\/p>\n\n\n\n<h4 class=\" wp-block-heading eplus-wrapper\"><strong>Navigli District<\/strong><\/h4>\n\n\n\n<p class=\" eplus-wrapper\">\ud83d\udccd Alzaia Naviglio Grande<br>\ud83d\udcdd Canais charmosos, bares bo\u00eamios e um p\u00f4r do sol imperd\u00edvel. Ideal para encerrar o dia com estilo.<\/p>\n\n\n\n<figure class=\" wp-block-image size-large eplus-wrapper\"><img loading=\"lazy\" decoding=\"async\" width=\"1024\" height=\"559\" src=\"https:\/\/morarmais.com.br\/mms\/wp-content\/uploads\/2025\/04\/image-15-1024x559.jpg\" alt=\"\" class=\"wp-image-15996\" srcset=\"https:\/\/morarmais.com.br\/mms\/wp-content\/uploads\/2025\/04\/image-15-1024x559.jpg 1024w, https:\/\/morarmais.com.br\/mms\/wp-content\/uploads\/2025\/04\/image-15-300x164.jpg 300w, https:\/\/morarmais.com.br\/mms\/wp-content\/uploads\/2025\/04\/image-15-768x419.jpg 768w, https:\/\/morarmais.com.br\/mms\/wp-content\/uploads\/2025\/04\/image-15-500x273.jpg 500w, https:\/\/morarmais.com.br\/mms\/wp-content\/uploads\/2025\/04\/image-15-800x436.jpg 800w, https:\/\/morarmais.com.br\/mms\/wp-content\/uploads\/2025\/04\/image-15-350x191.jpg 350w, https:\/\/morarmais.com.br\/mms\/wp-content\/uploads\/2025\/04\/image-15.jpg 1100w\" sizes=\"(max-width: 1024px) 100vw, 1024px\" \/><\/figure>\n\n\n\n<p class=\" eplus-wrapper\"><\/p>\n\n\n\n<h4 class=\" wp-block-heading eplus-wrapper\"><strong>Fondazione Prada<\/strong><\/h4>\n\n\n\n<p class=\" eplus-wrapper\">\ud83d\udccd Largo Isarco, 2<br>\ud83d\udcdd Arte contempor\u00e2nea e arquitetura ousada em um espa\u00e7o que inspira e provoca todos os sentidos.<\/p>\n\n\n\n<figure class=\" wp-block-image size-large eplus-wrapper\"><img loading=\"lazy\" decoding=\"async\" width=\"1024\" height=\"683\" src=\"https:\/\/morarmais.com.br\/mms\/wp-content\/uploads\/2025\/04\/image-16-1024x683.jpg\" alt=\"\" class=\"wp-image-15997\" srcset=\"https:\/\/morarmais.com.br\/mms\/wp-content\/uploads\/2025\/04\/image-16-1024x683.jpg 1024w, https:\/\/morarmais.com.br\/mms\/wp-content\/uploads\/2025\/04\/image-16-300x200.jpg 300w, https:\/\/morarmais.com.br\/mms\/wp-content\/uploads\/2025\/04\/image-16-768x512.jpg 768w, https:\/\/morarmais.com.br\/mms\/wp-content\/uploads\/2025\/04\/image-16-1200x800.jpg 1200w, https:\/\/morarmais.com.br\/mms\/wp-content\/uploads\/2025\/04\/image-16-500x333.jpg 500w, https:\/\/morarmais.com.br\/mms\/wp-content\/uploads\/2025\/04\/image-16-800x533.jpg 800w, https:\/\/morarmais.com.br\/mms\/wp-content\/uploads\/2025\/04\/image-16-1280x853.jpg 1280w, https:\/\/morarmais.com.br\/mms\/wp-content\/uploads\/2025\/04\/image-16-930x620.jpg 930w, https:\/\/morarmais.com.br\/mms\/wp-content\/uploads\/2025\/04\/image-16-350x233.jpg 350w, https:\/\/morarmais.com.br\/mms\/wp-content\/uploads\/2025\/04\/image-16.jpg 1500w\" sizes=\"(max-width: 1024px) 100vw, 1024px\" \/><\/figure>\n\n\n\n<p class=\" eplus-wrapper\"><\/p>\n\n\n\n<h3 class=\" wp-block-heading eplus-wrapper\"><strong>\ud83e\udd1d Colabore com o guia!<\/strong><\/h3>\n\n\n\n<p class=\" eplus-wrapper\">Tem uma dica imperd\u00edvel em Mil\u00e3o? Comenta aqui ou manda no nosso DM no insta! Vamos incluir voc\u00ea na pr\u00f3xima edi\u00e7\u00e3o do <strong>Guia Colaborativo Morar Mais \ud83d\udc9b<\/strong><\/p>\n","protected":false},"excerpt":{"rendered":"<p>\ud83d\udd39 1. EXPOSI\u00c7\u00d5ES E INSTALA\u00c7\u00d5ES Salone del Mobile Milano \ud83d\udccd Fiera Milano Rho\ud83d\uddd3\ufe0f 16 a 21 de abril\ud83d\udcdd Feira oficial com lan\u00e7amentos internacionais de mobili\u00e1rio e design. Fuorisalone \ud83d\udccd Por toda Mil\u00e3o \u2014 destaque para Brera, Tortona, Isola, 5Vie\ud83d\uddd3\ufe0f 7 a 13 de abril\ud83d\udcdd O lado mais criativo e urbano da Design Week \u2014 cheio&hellip;&nbsp;<a href=\"https:\/\/morarmais.com.br\/mms\/guia-morar-mais-semana-de-design-milao-2025\/\" rel=\"bookmark\">Continue a ler &raquo;<span class=\"screen-reader-text\">Guia Morar Mais Semana de Design Mil\u00e3o 2025<\/span><\/a><\/p>\n","protected":false},"author":6,"featured_media":0,"comment_status":"open","ping_status":"open","sticky":false,"template":"","format":"standard","meta":{"_eb_attr":"","editor_plus_copied_stylings":"{}","neve_meta_sidebar":"full-width","neve_meta_container":"","neve_meta_enable_content_width":"","neve_meta_content_width":0,"neve_meta_title_alignment":"","neve_meta_author_avatar":"","neve_post_elements_order":"[\"title\",\"meta\",\"thumbnail\",\"content\",\"tags\",\"comments\"]","neve_meta_disable_header":"","neve_meta_disable_footer":"","neve_meta_disable_title":"","_themeisle_gutenberg_block_has_review":false,"_vp_format_video_url":"","_vp_image_focal_point":[],"footnotes":""},"categories":[1],"tags":[],"class_list":["post-15967","post","type-post","status-publish","format-standard","hentry","category-uncategorized"],"yoast_head":"<!-- This site is optimized with the Yoast SEO plugin v25.6 - https:\/\/yoast.com\/wordpress\/plugins\/seo\/ -->\n<title>Guia Morar Mais Semana de Design Mil\u00e3o 2025 - Morar mais<\/title>\n<meta name=\"robots\" content=\"index, follow, max-snippet:-1, max-image-preview:large, max-video-preview:-1\" \/>\n<link rel=\"canonical\" href=\"https:\/\/morarmais.com.br\/mms\/guia-morar-mais-semana-de-design-milao-2025\/\" \/>\n<meta property=\"og:locale\" content=\"pt_BR\" \/>\n<meta property=\"og:type\" content=\"article\" \/>\n<meta property=\"og:title\" content=\"Guia Morar Mais Semana de Design Mil\u00e3o 2025 - Morar mais\" \/>\n<meta property=\"og:description\" content=\"\ud83d\udd39 1. EXPOSI\u00c7\u00d5ES E INSTALA\u00c7\u00d5ES Salone del Mobile Milano \ud83d\udccd Fiera Milano Rho\ud83d\uddd3\ufe0f 16 a 21 de abril\ud83d\udcdd Feira oficial com lan\u00e7amentos internacionais de mobili\u00e1rio e design. Fuorisalone \ud83d\udccd Por toda Mil\u00e3o \u2014 destaque para Brera, Tortona, Isola, 5Vie\ud83d\uddd3\ufe0f 7 a 13 de abril\ud83d\udcdd O lado mais criativo e urbano da Design Week \u2014 cheio&hellip;&nbsp;Continue a ler &raquo;Guia Morar Mais Semana de Design Mil\u00e3o 2025\" \/>\n<meta property=\"og:url\" content=\"https:\/\/morarmais.com.br\/mms\/guia-morar-mais-semana-de-design-milao-2025\/\" \/>\n<meta property=\"og:site_name\" content=\"Morar mais\" \/>\n<meta property=\"article:publisher\" content=\"https:\/\/www.facebook.com\/morarmais\" \/>\n<meta property=\"article:published_time\" content=\"2025-04-02T23:46:16+00:00\" \/>\n<meta property=\"article:modified_time\" content=\"2025-04-02T23:46:21+00:00\" \/>\n<meta property=\"og:image\" content=\"https:\/\/morarmais.com.br\/mms\/wp-content\/uploads\/2025\/04\/image.jpg\" \/>\n\t<meta property=\"og:image:width\" content=\"1280\" \/>\n\t<meta property=\"og:image:height\" content=\"854\" \/>\n\t<meta property=\"og:image:type\" content=\"image\/jpeg\" \/>\n<meta name=\"author\" content=\"Ale Devecchi\" \/>\n<meta name=\"twitter:card\" content=\"summary_large_image\" \/>\n<meta name=\"twitter:label1\" content=\"Escrito por\" \/>\n\t<meta name=\"twitter:data1\" content=\"Ale Devecchi\" \/>\n\t<meta name=\"twitter:label2\" content=\"Est. tempo de leitura\" \/>\n\t<meta name=\"twitter:data2\" content=\"11 minutos\" \/>\n<script type=\"application\/ld+json\" class=\"yoast-schema-graph\">{\"@context\":\"https:\/\/schema.org\",\"@graph\":[{\"@type\":\"Article\",\"@id\":\"https:\/\/morarmais.com.br\/mms\/guia-morar-mais-semana-de-design-milao-2025\/#article\",\"isPartOf\":{\"@id\":\"https:\/\/morarmais.com.br\/mms\/guia-morar-mais-semana-de-design-milao-2025\/\"},\"author\":{\"name\":\"Ale Devecchi\",\"@id\":\"https:\/\/morarmais.com.br\/mms\/#\/schema\/person\/67dda048cb1edaf0c66d3a7787857c2a\"},\"headline\":\"Guia Morar Mais Semana de Design Mil\u00e3o 2025\",\"datePublished\":\"2025-04-02T23:46:16+00:00\",\"dateModified\":\"2025-04-02T23:46:21+00:00\",\"mainEntityOfPage\":{\"@id\":\"https:\/\/morarmais.com.br\/mms\/guia-morar-mais-semana-de-design-milao-2025\/\"},\"wordCount\":1040,\"commentCount\":0,\"publisher\":{\"@id\":\"https:\/\/morarmais.com.br\/mms\/#organization\"},\"image\":{\"@id\":\"https:\/\/morarmais.com.br\/mms\/guia-morar-mais-semana-de-design-milao-2025\/#primaryimage\"},\"thumbnailUrl\":\"https:\/\/morarmais.com.br\/mms\/wp-content\/uploads\/2025\/04\/image-1024x683.jpg\",\"articleSection\":[\"Uncategorized\"],\"inLanguage\":\"pt-BR\",\"potentialAction\":[{\"@type\":\"CommentAction\",\"name\":\"Comment\",\"target\":[\"https:\/\/morarmais.com.br\/mms\/guia-morar-mais-semana-de-design-milao-2025\/#respond\"]}]},{\"@type\":\"WebPage\",\"@id\":\"https:\/\/morarmais.com.br\/mms\/guia-morar-mais-semana-de-design-milao-2025\/\",\"url\":\"https:\/\/morarmais.com.br\/mms\/guia-morar-mais-semana-de-design-milao-2025\/\",\"name\":\"Guia Morar Mais Semana de Design Mil\u00e3o 2025 - Morar mais\",\"isPartOf\":{\"@id\":\"https:\/\/morarmais.com.br\/mms\/#website\"},\"primaryImageOfPage\":{\"@id\":\"https:\/\/morarmais.com.br\/mms\/guia-morar-mais-semana-de-design-milao-2025\/#primaryimage\"},\"image\":{\"@id\":\"https:\/\/morarmais.com.br\/mms\/guia-morar-mais-semana-de-design-milao-2025\/#primaryimage\"},\"thumbnailUrl\":\"https:\/\/morarmais.com.br\/mms\/wp-content\/uploads\/2025\/04\/image-1024x683.jpg\",\"datePublished\":\"2025-04-02T23:46:16+00:00\",\"dateModified\":\"2025-04-02T23:46:21+00:00\",\"breadcrumb\":{\"@id\":\"https:\/\/morarmais.com.br\/mms\/guia-morar-mais-semana-de-design-milao-2025\/#breadcrumb\"},\"inLanguage\":\"pt-BR\",\"potentialAction\":[{\"@type\":\"ReadAction\",\"target\":[\"https:\/\/morarmais.com.br\/mms\/guia-morar-mais-semana-de-design-milao-2025\/\"]}]},{\"@type\":\"ImageObject\",\"inLanguage\":\"pt-BR\",\"@id\":\"https:\/\/morarmais.com.br\/mms\/guia-morar-mais-semana-de-design-milao-2025\/#primaryimage\",\"url\":\"https:\/\/morarmais.com.br\/mms\/wp-content\/uploads\/2025\/04\/image.jpg\",\"contentUrl\":\"https:\/\/morarmais.com.br\/mms\/wp-content\/uploads\/2025\/04\/image.jpg\",\"width\":1280,\"height\":854},{\"@type\":\"BreadcrumbList\",\"@id\":\"https:\/\/morarmais.com.br\/mms\/guia-morar-mais-semana-de-design-milao-2025\/#breadcrumb\",\"itemListElement\":[{\"@type\":\"ListItem\",\"position\":1,\"name\":\"In\u00edcio\",\"item\":\"https:\/\/morarmais.com.br\/mms\/\"},{\"@type\":\"ListItem\",\"position\":2,\"name\":\"Guia Morar Mais Semana de Design Mil\u00e3o 2025\"}]},{\"@type\":\"WebSite\",\"@id\":\"https:\/\/morarmais.com.br\/mms\/#website\",\"url\":\"https:\/\/morarmais.com.br\/mms\/\",\"name\":\"Morar mais\",\"description\":\"O Chique que cabe no bolso\",\"publisher\":{\"@id\":\"https:\/\/morarmais.com.br\/mms\/#organization\"},\"potentialAction\":[{\"@type\":\"SearchAction\",\"target\":{\"@type\":\"EntryPoint\",\"urlTemplate\":\"https:\/\/morarmais.com.br\/mms\/?s={search_term_string}\"},\"query-input\":{\"@type\":\"PropertyValueSpecification\",\"valueRequired\":true,\"valueName\":\"search_term_string\"}}],\"inLanguage\":\"pt-BR\"},{\"@type\":\"Organization\",\"@id\":\"https:\/\/morarmais.com.br\/mms\/#organization\",\"name\":\"Morar mais\",\"url\":\"https:\/\/morarmais.com.br\/mms\/\",\"logo\":{\"@type\":\"ImageObject\",\"inLanguage\":\"pt-BR\",\"@id\":\"https:\/\/morarmais.com.br\/mms\/#\/schema\/logo\/image\/\",\"url\":\"https:\/\/morarmais.com.br\/mms\/wp-content\/uploads\/2019\/04\/cropped-logo-morar-mais-2-1-e1688661143585.png\",\"contentUrl\":\"https:\/\/morarmais.com.br\/mms\/wp-content\/uploads\/2019\/04\/cropped-logo-morar-mais-2-1-e1688661143585.png\",\"width\":130,\"height\":100,\"caption\":\"Morar mais\"},\"image\":{\"@id\":\"https:\/\/morarmais.com.br\/mms\/#\/schema\/logo\/image\/\"},\"sameAs\":[\"https:\/\/www.facebook.com\/morarmais\",\"https:\/\/www.instagram.com\/morarmaispormenos\",\"https:\/\/br.pinterest.com\/morarmais\/\"]},{\"@type\":\"Person\",\"@id\":\"https:\/\/morarmais.com.br\/mms\/#\/schema\/person\/67dda048cb1edaf0c66d3a7787857c2a\",\"name\":\"Ale Devecchi\",\"image\":{\"@type\":\"ImageObject\",\"inLanguage\":\"pt-BR\",\"@id\":\"https:\/\/morarmais.com.br\/mms\/#\/schema\/person\/image\/\",\"url\":\"https:\/\/secure.gravatar.com\/avatar\/194f7a41b78fc7f5fcbf2fb567b600b5?s=96&d=mm&r=g\",\"contentUrl\":\"https:\/\/secure.gravatar.com\/avatar\/194f7a41b78fc7f5fcbf2fb567b600b5?s=96&d=mm&r=g\",\"caption\":\"Ale Devecchi\"},\"url\":\"https:\/\/morarmais.com.br\/mms\/author\/marketing-mais\/\"}]}<\/script>\n<!-- \/ Yoast SEO plugin. -->","yoast_head_json":{"title":"Guia Morar Mais Semana de Design Mil\u00e3o 2025 - Morar mais","robots":{"index":"index","follow":"follow","max-snippet":"max-snippet:-1","max-image-preview":"max-image-preview:large","max-video-preview":"max-video-preview:-1"},"canonical":"https:\/\/morarmais.com.br\/mms\/guia-morar-mais-semana-de-design-milao-2025\/","og_locale":"pt_BR","og_type":"article","og_title":"Guia Morar Mais Semana de Design Mil\u00e3o 2025 - Morar mais","og_description":"\ud83d\udd39 1. EXPOSI\u00c7\u00d5ES E INSTALA\u00c7\u00d5ES Salone del Mobile Milano \ud83d\udccd Fiera Milano Rho\ud83d\uddd3\ufe0f 16 a 21 de abril\ud83d\udcdd Feira oficial com lan\u00e7amentos internacionais de mobili\u00e1rio e design. Fuorisalone \ud83d\udccd Por toda Mil\u00e3o \u2014 destaque para Brera, Tortona, Isola, 5Vie\ud83d\uddd3\ufe0f 7 a 13 de abril\ud83d\udcdd O lado mais criativo e urbano da Design Week \u2014 cheio&hellip;&nbsp;Continue a ler &raquo;Guia Morar Mais Semana de Design Mil\u00e3o 2025","og_url":"https:\/\/morarmais.com.br\/mms\/guia-morar-mais-semana-de-design-milao-2025\/","og_site_name":"Morar mais","article_publisher":"https:\/\/www.facebook.com\/morarmais","article_published_time":"2025-04-02T23:46:16+00:00","article_modified_time":"2025-04-02T23:46:21+00:00","og_image":[{"width":1280,"height":854,"url":"https:\/\/morarmais.com.br\/mms\/wp-content\/uploads\/2025\/04\/image.jpg","type":"image\/jpeg"}],"author":"Ale Devecchi","twitter_card":"summary_large_image","twitter_misc":{"Escrito por":"Ale Devecchi","Est. tempo de leitura":"11 minutos"},"schema":{"@context":"https:\/\/schema.org","@graph":[{"@type":"Article","@id":"https:\/\/morarmais.com.br\/mms\/guia-morar-mais-semana-de-design-milao-2025\/#article","isPartOf":{"@id":"https:\/\/morarmais.com.br\/mms\/guia-morar-mais-semana-de-design-milao-2025\/"},"author":{"name":"Ale Devecchi","@id":"https:\/\/morarmais.com.br\/mms\/#\/schema\/person\/67dda048cb1edaf0c66d3a7787857c2a"},"headline":"Guia Morar Mais Semana de Design Mil\u00e3o 2025","datePublished":"2025-04-02T23:46:16+00:00","dateModified":"2025-04-02T23:46:21+00:00","mainEntityOfPage":{"@id":"https:\/\/morarmais.com.br\/mms\/guia-morar-mais-semana-de-design-milao-2025\/"},"wordCount":1040,"commentCount":0,"publisher":{"@id":"https:\/\/morarmais.com.br\/mms\/#organization"},"image":{"@id":"https:\/\/morarmais.com.br\/mms\/guia-morar-mais-semana-de-design-milao-2025\/#primaryimage"},"thumbnailUrl":"https:\/\/morarmais.com.br\/mms\/wp-content\/uploads\/2025\/04\/image-1024x683.jpg","articleSection":["Uncategorized"],"inLanguage":"pt-BR","potentialAction":[{"@type":"CommentAction","name":"Comment","target":["https:\/\/morarmais.com.br\/mms\/guia-morar-mais-semana-de-design-milao-2025\/#respond"]}]},{"@type":"WebPage","@id":"https:\/\/morarmais.com.br\/mms\/guia-morar-mais-semana-de-design-milao-2025\/","url":"https:\/\/morarmais.com.br\/mms\/guia-morar-mais-semana-de-design-milao-2025\/","name":"Guia Morar Mais Semana de Design Mil\u00e3o 2025 - Morar mais","isPartOf":{"@id":"https:\/\/morarmais.com.br\/mms\/#website"},"primaryImageOfPage":{"@id":"https:\/\/morarmais.com.br\/mms\/guia-morar-mais-semana-de-design-milao-2025\/#primaryimage"},"image":{"@id":"https:\/\/morarmais.com.br\/mms\/guia-morar-mais-semana-de-design-milao-2025\/#primaryimage"},"thumbnailUrl":"https:\/\/morarmais.com.br\/mms\/wp-content\/uploads\/2025\/04\/image-1024x683.jpg","datePublished":"2025-04-02T23:46:16+00:00","dateModified":"2025-04-02T23:46:21+00:00","breadcrumb":{"@id":"https:\/\/morarmais.com.br\/mms\/guia-morar-mais-semana-de-design-milao-2025\/#breadcrumb"},"inLanguage":"pt-BR","potentialAction":[{"@type":"ReadAction","target":["https:\/\/morarmais.com.br\/mms\/guia-morar-mais-semana-de-design-milao-2025\/"]}]},{"@type":"ImageObject","inLanguage":"pt-BR","@id":"https:\/\/morarmais.com.br\/mms\/guia-morar-mais-semana-de-design-milao-2025\/#primaryimage","url":"https:\/\/morarmais.com.br\/mms\/wp-content\/uploads\/2025\/04\/image.jpg","contentUrl":"https:\/\/morarmais.com.br\/mms\/wp-content\/uploads\/2025\/04\/image.jpg","width":1280,"height":854},{"@type":"BreadcrumbList","@id":"https:\/\/morarmais.com.br\/mms\/guia-morar-mais-semana-de-design-milao-2025\/#breadcrumb","itemListElement":[{"@type":"ListItem","position":1,"name":"In\u00edcio","item":"https:\/\/morarmais.com.br\/mms\/"},{"@type":"ListItem","position":2,"name":"Guia Morar Mais Semana de Design Mil\u00e3o 2025"}]},{"@type":"WebSite","@id":"https:\/\/morarmais.com.br\/mms\/#website","url":"https:\/\/morarmais.com.br\/mms\/","name":"Morar mais","description":"O Chique que cabe no bolso","publisher":{"@id":"https:\/\/morarmais.com.br\/mms\/#organization"},"potentialAction":[{"@type":"SearchAction","target":{"@type":"EntryPoint","urlTemplate":"https:\/\/morarmais.com.br\/mms\/?s={search_term_string}"},"query-input":{"@type":"PropertyValueSpecification","valueRequired":true,"valueName":"search_term_string"}}],"inLanguage":"pt-BR"},{"@type":"Organization","@id":"https:\/\/morarmais.com.br\/mms\/#organization","name":"Morar mais","url":"https:\/\/morarmais.com.br\/mms\/","logo":{"@type":"ImageObject","inLanguage":"pt-BR","@id":"https:\/\/morarmais.com.br\/mms\/#\/schema\/logo\/image\/","url":"https:\/\/morarmais.com.br\/mms\/wp-content\/uploads\/2019\/04\/cropped-logo-morar-mais-2-1-e1688661143585.png","contentUrl":"https:\/\/morarmais.com.br\/mms\/wp-content\/uploads\/2019\/04\/cropped-logo-morar-mais-2-1-e1688661143585.png","width":130,"height":100,"caption":"Morar mais"},"image":{"@id":"https:\/\/morarmais.com.br\/mms\/#\/schema\/logo\/image\/"},"sameAs":["https:\/\/www.facebook.com\/morarmais","https:\/\/www.instagram.com\/morarmaispormenos","https:\/\/br.pinterest.com\/morarmais\/"]},{"@type":"Person","@id":"https:\/\/morarmais.com.br\/mms\/#\/schema\/person\/67dda048cb1edaf0c66d3a7787857c2a","name":"Ale Devecchi","image":{"@type":"ImageObject","inLanguage":"pt-BR","@id":"https:\/\/morarmais.com.br\/mms\/#\/schema\/person\/image\/","url":"https:\/\/secure.gravatar.com\/avatar\/194f7a41b78fc7f5fcbf2fb567b600b5?s=96&d=mm&r=g","contentUrl":"https:\/\/secure.gravatar.com\/avatar\/194f7a41b78fc7f5fcbf2fb567b600b5?s=96&d=mm&r=g","caption":"Ale Devecchi"},"url":"https:\/\/morarmais.com.br\/mms\/author\/marketing-mais\/"}]}},"_links":{"self":[{"href":"https:\/\/morarmais.com.br\/mms\/wp-json\/wp\/v2\/posts\/15967"}],"collection":[{"href":"https:\/\/morarmais.com.br\/mms\/wp-json\/wp\/v2\/posts"}],"about":[{"href":"https:\/\/morarmais.com.br\/mms\/wp-json\/wp\/v2\/types\/post"}],"author":[{"embeddable":true,"href":"https:\/\/morarmais.com.br\/mms\/wp-json\/wp\/v2\/users\/6"}],"replies":[{"embeddable":true,"href":"https:\/\/morarmais.com.br\/mms\/wp-json\/wp\/v2\/comments?post=15967"}],"version-history":[{"count":2,"href":"https:\/\/morarmais.com.br\/mms\/wp-json\/wp\/v2\/posts\/15967\/revisions"}],"predecessor-version":[{"id":15999,"href":"https:\/\/morarmais.com.br\/mms\/wp-json\/wp\/v2\/posts\/15967\/revisions\/15999"}],"wp:attachment":[{"href":"https:\/\/morarmais.com.br\/mms\/wp-json\/wp\/v2\/media?parent=15967"}],"wp:term":[{"taxonomy":"category","embeddable":true,"href":"https:\/\/morarmais.com.br\/mms\/wp-json\/wp\/v2\/categories?post=15967"},{"taxonomy":"post_tag","embeddable":true,"href":"https:\/\/morarmais.com.br\/mms\/wp-json\/wp\/v2\/tags?post=15967"}],"curies":[{"name":"wp","href":"https:\/\/api.w.org\/{rel}","templated":true}]}}