{"id":15772,"date":"2024-12-19T14:48:28","date_gmt":"2024-12-19T14:48:28","guid":{"rendered":"https:\/\/morarmais.com.br\/mms\/?p=15772"},"modified":"2025-01-29T17:10:31","modified_gmt":"2025-01-29T17:10:31","slug":"ativacao-eternit-no-morar-mais-rio-2024-sustentabilidade-e-inovacao-em-foco","status":"publish","type":"post","link":"https:\/\/morarmais.com.br\/mms\/ativacao-eternit-no-morar-mais-rio-2024-sustentabilidade-e-inovacao-em-foco\/","title":{"rendered":"Ativa\u00e7\u00e3o Eternit no Morar Mais Rio 2024: Sustentabilidade e Inova\u00e7\u00e3o em Foco"},"content":{"rendered":"\n<p class=\" eplus-wrapper\">A <strong><a href=\"https:\/\/www.eternit.com.br\/?gad_source=1&amp;gclid=CjwKCAiApY-7BhBjEiwAQMrrETElfmvzADRGuDRxnC_apsSnQJNoZ45_vAdd9FTcWex0NJfsGprAcRoCk80QAvD_BwE\" target=\"_blank\" rel=\"noreferrer noopener\">Eternit<\/a><\/strong> brilhou no <strong>Morar Mais Rio 2024<\/strong> ao apresentar sua mais recente inova\u00e7\u00e3o: a <strong><a href=\"https:\/\/solarleaf.eternit.com.br\/solarleaf#rd-image-lzu5bbz5\" target=\"_blank\" rel=\"noreferrer noopener\">placa solar Leaf<\/a><\/strong>, uma solu\u00e7\u00e3o fotovoltaica integrada \u00e0 constru\u00e7\u00e3o (BIPV). Desenvolvida no Brasil, a Leaf combina <strong>leveza, efici\u00eancia energ\u00e9tica<\/strong> e <strong>versatilidade<\/strong>, sendo ideal para aplica\u00e7\u00f5es em coberturas, fachadas, motorhomes e at\u00e9 acess\u00f3rios para camping.<\/p>\n\n\n<figure class=\"wp-block-post-featured-image\"><img fetchpriority=\"high\" decoding=\"async\" width=\"1552\" height=\"964\" src=\"https:\/\/morarmais.com.br\/mms\/wp-content\/uploads\/2024\/12\/solar-leaf-ntb.jpg\" class=\"attachment-post-thumbnail size-post-thumbnail wp-post-image\" alt=\"\" style=\"object-fit:cover;\" srcset=\"https:\/\/morarmais.com.br\/mms\/wp-content\/uploads\/2024\/12\/solar-leaf-ntb.jpg 1552w, https:\/\/morarmais.com.br\/mms\/wp-content\/uploads\/2024\/12\/solar-leaf-ntb-300x186.jpg 300w, https:\/\/morarmais.com.br\/mms\/wp-content\/uploads\/2024\/12\/solar-leaf-ntb-1024x636.jpg 1024w, https:\/\/morarmais.com.br\/mms\/wp-content\/uploads\/2024\/12\/solar-leaf-ntb-768x477.jpg 768w, https:\/\/morarmais.com.br\/mms\/wp-content\/uploads\/2024\/12\/solar-leaf-ntb-1536x954.jpg 1536w, https:\/\/morarmais.com.br\/mms\/wp-content\/uploads\/2024\/12\/solar-leaf-ntb-500x311.jpg 500w, https:\/\/morarmais.com.br\/mms\/wp-content\/uploads\/2024\/12\/solar-leaf-ntb-800x497.jpg 800w, https:\/\/morarmais.com.br\/mms\/wp-content\/uploads\/2024\/12\/solar-leaf-ntb-1280x795.jpg 1280w, https:\/\/morarmais.com.br\/mms\/wp-content\/uploads\/2024\/12\/solar-leaf-ntb-350x217.jpg 350w\" sizes=\"(max-width: 1552px) 100vw, 1552px\" \/><\/figure>\n\n\n<p class=\" eplus-wrapper\">Com design sem molduras e instala\u00e7\u00e3o simplificada, a Solar Leaf promove agilidade e economia, destacando-se como uma solu\u00e7\u00e3o sustent\u00e1vel para projetos de arquitetura e design. Essa inova\u00e7\u00e3o foi um dos destaques do evento, atraindo a aten\u00e7\u00e3o de profissionais influentes do setor, como arquitetos e designers de interiores.<\/p>\n\n\n\n<p class=\" eplus-wrapper\">Al\u00e9m disso, a Eternit reafirmou seu compromisso com a <strong>responsabilidade social e ambiental<\/strong> ao patrocinar um projeto social no evento, realizado por meio de leis de incentivo. Essa iniciativa reflete os valores centrais da marca e sua dedica\u00e7\u00e3o em criar um impacto positivo na sociedade.<\/p>\n\n\n\n<hr class=\" wp-block-separator has-alpha-channel-opacity eplus-wrapper\"\/>\n\n\n\n<h3 class=\" wp-block-heading eplus-wrapper\"><strong>Leve sua marca ao pr\u00f3ximo n\u00edvel!<\/strong><\/h3>\n\n\n\n<p class=\" eplus-wrapper\">No <strong>Morar Mais<\/strong>, sua marca pode se destacar ao lado das maiores inova\u00e7\u00f5es do setor. Conecte-se com profissionais que buscam solu\u00e7\u00f5es inteligentes e sustent\u00e1veis para seus projetos. Fale conosco e descubra como participar do pr\u00f3ximo <strong>Morar Mais<\/strong>!<\/p>\n\n\n\n<hr class=\" wp-block-separator has-alpha-channel-opacity eplus-wrapper\"\/>\n\n\n\n<p class=\" eplus-wrapper\"><\/p>\n","protected":false},"excerpt":{"rendered":"<p>A Eternit brilhou no Morar Mais Rio 2024 ao apresentar sua mais recente inova\u00e7\u00e3o: a placa solar Leaf, uma solu\u00e7\u00e3o fotovoltaica integrada \u00e0 constru\u00e7\u00e3o (BIPV). Desenvolvida no Brasil, a Leaf combina leveza, efici\u00eancia energ\u00e9tica e versatilidade, sendo ideal para aplica\u00e7\u00f5es em coberturas, fachadas, motorhomes e at\u00e9 acess\u00f3rios para camping. Com design sem molduras e instala\u00e7\u00e3o&hellip;&nbsp;<a href=\"https:\/\/morarmais.com.br\/mms\/ativacao-eternit-no-morar-mais-rio-2024-sustentabilidade-e-inovacao-em-foco\/\" rel=\"bookmark\">Continue a ler &raquo;<span class=\"screen-reader-text\">Ativa\u00e7\u00e3o Eternit no Morar Mais Rio 2024: Sustentabilidade e Inova\u00e7\u00e3o em Foco<\/span><\/a><\/p>\n","protected":false},"author":6,"featured_media":15773,"comment_status":"open","ping_status":"closed","sticky":false,"template":"","format":"standard","meta":{"_eb_attr":"","editor_plus_copied_stylings":"{}","neve_meta_sidebar":"","neve_meta_container":"","neve_meta_enable_content_width":"","neve_meta_content_width":0,"neve_meta_title_alignment":"","neve_meta_author_avatar":"","neve_post_elements_order":"","neve_meta_disable_header":"","neve_meta_disable_footer":"","neve_meta_disable_title":"","_themeisle_gutenberg_block_has_review":false,"_vp_format_video_url":"","_vp_image_focal_point":[],"footnotes":""},"categories":[23,1],"tags":[153,357,351,349,267,352,354,348,356,345,129,353,346,355,347,179,350],"class_list":["post-15772","post","type-post","status-publish","format-standard","has-post-thumbnail","hentry","category-home","category-uncategorized","tag-arquitetura","tag-arquitetura-sustentavel","tag-bipv","tag-construcao-sustentavel","tag-design-de-interiores","tag-design-inteligente","tag-eficiencia-energetica","tag-energia-fotovoltaica","tag-energia-limpa","tag-eternit","tag-inovacao","tag-marketing-de-experiencia","tag-morar-mais-rio-2024","tag-responsabilidade-social","tag-solar-leaf","tag-sustentabilidade","tag-tecnologia-brasileira"],"yoast_head":"<!-- This site is optimized with the Yoast SEO plugin v25.6 - https:\/\/yoast.com\/wordpress\/plugins\/seo\/ -->\n<title>Ativa\u00e7\u00e3o Eternit no Morar Mais Rio 2024: Sustentabilidade e Inova\u00e7\u00e3o em Foco - Morar mais<\/title>\n<meta name=\"robots\" content=\"index, follow, max-snippet:-1, max-image-preview:large, max-video-preview:-1\" \/>\n<link rel=\"canonical\" href=\"https:\/\/morarmais.com.br\/mms\/ativacao-eternit-no-morar-mais-rio-2024-sustentabilidade-e-inovacao-em-foco\/\" \/>\n<meta property=\"og:locale\" content=\"pt_BR\" \/>\n<meta property=\"og:type\" content=\"article\" \/>\n<meta property=\"og:title\" content=\"Ativa\u00e7\u00e3o Eternit no Morar Mais Rio 2024: Sustentabilidade e Inova\u00e7\u00e3o em Foco - Morar mais\" \/>\n<meta property=\"og:description\" content=\"A Eternit brilhou no Morar Mais Rio 2024 ao apresentar sua mais recente inova\u00e7\u00e3o: a placa solar Leaf, uma solu\u00e7\u00e3o fotovoltaica integrada \u00e0 constru\u00e7\u00e3o (BIPV). Desenvolvida no Brasil, a Leaf combina leveza, efici\u00eancia energ\u00e9tica e versatilidade, sendo ideal para aplica\u00e7\u00f5es em coberturas, fachadas, motorhomes e at\u00e9 acess\u00f3rios para camping. Com design sem molduras e instala\u00e7\u00e3o&hellip;&nbsp;Continue a ler &raquo;Ativa\u00e7\u00e3o Eternit no Morar Mais Rio 2024: Sustentabilidade e Inova\u00e7\u00e3o em Foco\" \/>\n<meta property=\"og:url\" content=\"https:\/\/morarmais.com.br\/mms\/ativacao-eternit-no-morar-mais-rio-2024-sustentabilidade-e-inovacao-em-foco\/\" \/>\n<meta property=\"og:site_name\" content=\"Morar mais\" \/>\n<meta property=\"article:publisher\" content=\"https:\/\/www.facebook.com\/morarmais\" \/>\n<meta property=\"article:published_time\" content=\"2024-12-19T14:48:28+00:00\" \/>\n<meta property=\"article:modified_time\" content=\"2025-01-29T17:10:31+00:00\" \/>\n<meta property=\"og:image\" content=\"https:\/\/morarmais.com.br\/mms\/wp-content\/uploads\/2024\/12\/solar-leaf-ntb.jpg\" \/>\n\t<meta property=\"og:image:width\" content=\"1552\" \/>\n\t<meta property=\"og:image:height\" content=\"964\" \/>\n\t<meta property=\"og:image:type\" content=\"image\/jpeg\" \/>\n<meta name=\"author\" content=\"Ale Devecchi\" \/>\n<meta name=\"twitter:card\" content=\"summary_large_image\" \/>\n<meta name=\"twitter:label1\" content=\"Escrito por\" \/>\n\t<meta name=\"twitter:data1\" content=\"Ale Devecchi\" \/>\n\t<meta name=\"twitter:label2\" content=\"Est. tempo de leitura\" \/>\n\t<meta name=\"twitter:data2\" content=\"2 minutos\" \/>\n<script type=\"application\/ld+json\" class=\"yoast-schema-graph\">{\"@context\":\"https:\/\/schema.org\",\"@graph\":[{\"@type\":\"Article\",\"@id\":\"https:\/\/morarmais.com.br\/mms\/ativacao-eternit-no-morar-mais-rio-2024-sustentabilidade-e-inovacao-em-foco\/#article\",\"isPartOf\":{\"@id\":\"https:\/\/morarmais.com.br\/mms\/ativacao-eternit-no-morar-mais-rio-2024-sustentabilidade-e-inovacao-em-foco\/\"},\"author\":{\"name\":\"Ale Devecchi\",\"@id\":\"https:\/\/morarmais.com.br\/mms\/#\/schema\/person\/67dda048cb1edaf0c66d3a7787857c2a\"},\"headline\":\"Ativa\u00e7\u00e3o Eternit no Morar Mais Rio 2024: Sustentabilidade e Inova\u00e7\u00e3o em Foco\",\"datePublished\":\"2024-12-19T14:48:28+00:00\",\"dateModified\":\"2025-01-29T17:10:31+00:00\",\"mainEntityOfPage\":{\"@id\":\"https:\/\/morarmais.com.br\/mms\/ativacao-eternit-no-morar-mais-rio-2024-sustentabilidade-e-inovacao-em-foco\/\"},\"wordCount\":215,\"commentCount\":0,\"publisher\":{\"@id\":\"https:\/\/morarmais.com.br\/mms\/#organization\"},\"image\":{\"@id\":\"https:\/\/morarmais.com.br\/mms\/ativacao-eternit-no-morar-mais-rio-2024-sustentabilidade-e-inovacao-em-foco\/#primaryimage\"},\"thumbnailUrl\":\"https:\/\/morarmais.com.br\/mms\/wp-content\/uploads\/2024\/12\/solar-leaf-ntb.jpg\",\"keywords\":[\"Arquitetura\",\"arquitetura sustent\u00e1vel\",\"BIPV\",\"constru\u00e7\u00e3o sustent\u00e1vel\",\"Design de Interiores\",\"design inteligente\",\"efici\u00eancia energ\u00e9tica\",\"energia fotovoltaica\",\"energia limpa\",\"Eternit\",\"inova\u00e7\u00e3o\",\"marketing de experi\u00eancia\",\"Morar Mais Rio 2024\",\"responsabilidade social\",\"Solar Leaf\",\"sustentabilidade\",\"tecnologia brasileira\"],\"articleSection\":[\"Home\",\"Uncategorized\"],\"inLanguage\":\"pt-BR\",\"potentialAction\":[{\"@type\":\"CommentAction\",\"name\":\"Comment\",\"target\":[\"https:\/\/morarmais.com.br\/mms\/ativacao-eternit-no-morar-mais-rio-2024-sustentabilidade-e-inovacao-em-foco\/#respond\"]}]},{\"@type\":\"WebPage\",\"@id\":\"https:\/\/morarmais.com.br\/mms\/ativacao-eternit-no-morar-mais-rio-2024-sustentabilidade-e-inovacao-em-foco\/\",\"url\":\"https:\/\/morarmais.com.br\/mms\/ativacao-eternit-no-morar-mais-rio-2024-sustentabilidade-e-inovacao-em-foco\/\",\"name\":\"Ativa\u00e7\u00e3o Eternit no Morar Mais Rio 2024: Sustentabilidade e Inova\u00e7\u00e3o em Foco - Morar mais\",\"isPartOf\":{\"@id\":\"https:\/\/morarmais.com.br\/mms\/#website\"},\"primaryImageOfPage\":{\"@id\":\"https:\/\/morarmais.com.br\/mms\/ativacao-eternit-no-morar-mais-rio-2024-sustentabilidade-e-inovacao-em-foco\/#primaryimage\"},\"image\":{\"@id\":\"https:\/\/morarmais.com.br\/mms\/ativacao-eternit-no-morar-mais-rio-2024-sustentabilidade-e-inovacao-em-foco\/#primaryimage\"},\"thumbnailUrl\":\"https:\/\/morarmais.com.br\/mms\/wp-content\/uploads\/2024\/12\/solar-leaf-ntb.jpg\",\"datePublished\":\"2024-12-19T14:48:28+00:00\",\"dateModified\":\"2025-01-29T17:10:31+00:00\",\"breadcrumb\":{\"@id\":\"https:\/\/morarmais.com.br\/mms\/ativacao-eternit-no-morar-mais-rio-2024-sustentabilidade-e-inovacao-em-foco\/#breadcrumb\"},\"inLanguage\":\"pt-BR\",\"potentialAction\":[{\"@type\":\"ReadAction\",\"target\":[\"https:\/\/morarmais.com.br\/mms\/ativacao-eternit-no-morar-mais-rio-2024-sustentabilidade-e-inovacao-em-foco\/\"]}]},{\"@type\":\"ImageObject\",\"inLanguage\":\"pt-BR\",\"@id\":\"https:\/\/morarmais.com.br\/mms\/ativacao-eternit-no-morar-mais-rio-2024-sustentabilidade-e-inovacao-em-foco\/#primaryimage\",\"url\":\"https:\/\/morarmais.com.br\/mms\/wp-content\/uploads\/2024\/12\/solar-leaf-ntb.jpg\",\"contentUrl\":\"https:\/\/morarmais.com.br\/mms\/wp-content\/uploads\/2024\/12\/solar-leaf-ntb.jpg\",\"width\":1552,\"height\":964},{\"@type\":\"BreadcrumbList\",\"@id\":\"https:\/\/morarmais.com.br\/mms\/ativacao-eternit-no-morar-mais-rio-2024-sustentabilidade-e-inovacao-em-foco\/#breadcrumb\",\"itemListElement\":[{\"@type\":\"ListItem\",\"position\":1,\"name\":\"In\u00edcio\",\"item\":\"https:\/\/morarmais.com.br\/mms\/\"},{\"@type\":\"ListItem\",\"position\":2,\"name\":\"Ativa\u00e7\u00e3o Eternit no Morar Mais Rio 2024: Sustentabilidade e Inova\u00e7\u00e3o em Foco\"}]},{\"@type\":\"WebSite\",\"@id\":\"https:\/\/morarmais.com.br\/mms\/#website\",\"url\":\"https:\/\/morarmais.com.br\/mms\/\",\"name\":\"Morar mais\",\"description\":\"O Chique que cabe no bolso\",\"publisher\":{\"@id\":\"https:\/\/morarmais.com.br\/mms\/#organization\"},\"potentialAction\":[{\"@type\":\"SearchAction\",\"target\":{\"@type\":\"EntryPoint\",\"urlTemplate\":\"https:\/\/morarmais.com.br\/mms\/?s={search_term_string}\"},\"query-input\":{\"@type\":\"PropertyValueSpecification\",\"valueRequired\":true,\"valueName\":\"search_term_string\"}}],\"inLanguage\":\"pt-BR\"},{\"@type\":\"Organization\",\"@id\":\"https:\/\/morarmais.com.br\/mms\/#organization\",\"name\":\"Morar mais\",\"url\":\"https:\/\/morarmais.com.br\/mms\/\",\"logo\":{\"@type\":\"ImageObject\",\"inLanguage\":\"pt-BR\",\"@id\":\"https:\/\/morarmais.com.br\/mms\/#\/schema\/logo\/image\/\",\"url\":\"https:\/\/morarmais.com.br\/mms\/wp-content\/uploads\/2019\/04\/cropped-logo-morar-mais-2-1-e1688661143585.png\",\"contentUrl\":\"https:\/\/morarmais.com.br\/mms\/wp-content\/uploads\/2019\/04\/cropped-logo-morar-mais-2-1-e1688661143585.png\",\"width\":130,\"height\":100,\"caption\":\"Morar mais\"},\"image\":{\"@id\":\"https:\/\/morarmais.com.br\/mms\/#\/schema\/logo\/image\/\"},\"sameAs\":[\"https:\/\/www.facebook.com\/morarmais\",\"https:\/\/www.instagram.com\/morarmaispormenos\",\"https:\/\/br.pinterest.com\/morarmais\/\"]},{\"@type\":\"Person\",\"@id\":\"https:\/\/morarmais.com.br\/mms\/#\/schema\/person\/67dda048cb1edaf0c66d3a7787857c2a\",\"name\":\"Ale Devecchi\",\"image\":{\"@type\":\"ImageObject\",\"inLanguage\":\"pt-BR\",\"@id\":\"https:\/\/morarmais.com.br\/mms\/#\/schema\/person\/image\/\",\"url\":\"https:\/\/secure.gravatar.com\/avatar\/194f7a41b78fc7f5fcbf2fb567b600b5?s=96&d=mm&r=g\",\"contentUrl\":\"https:\/\/secure.gravatar.com\/avatar\/194f7a41b78fc7f5fcbf2fb567b600b5?s=96&d=mm&r=g\",\"caption\":\"Ale Devecchi\"},\"url\":\"https:\/\/morarmais.com.br\/mms\/author\/marketing-mais\/\"}]}<\/script>\n<!-- \/ Yoast SEO plugin. -->","yoast_head_json":{"title":"Ativa\u00e7\u00e3o Eternit no Morar Mais Rio 2024: Sustentabilidade e Inova\u00e7\u00e3o em Foco - Morar mais","robots":{"index":"index","follow":"follow","max-snippet":"max-snippet:-1","max-image-preview":"max-image-preview:large","max-video-preview":"max-video-preview:-1"},"canonical":"https:\/\/morarmais.com.br\/mms\/ativacao-eternit-no-morar-mais-rio-2024-sustentabilidade-e-inovacao-em-foco\/","og_locale":"pt_BR","og_type":"article","og_title":"Ativa\u00e7\u00e3o Eternit no Morar Mais Rio 2024: Sustentabilidade e Inova\u00e7\u00e3o em Foco - Morar mais","og_description":"A Eternit brilhou no Morar Mais Rio 2024 ao apresentar sua mais recente inova\u00e7\u00e3o: a placa solar Leaf, uma solu\u00e7\u00e3o fotovoltaica integrada \u00e0 constru\u00e7\u00e3o (BIPV). Desenvolvida no Brasil, a Leaf combina leveza, efici\u00eancia energ\u00e9tica e versatilidade, sendo ideal para aplica\u00e7\u00f5es em coberturas, fachadas, motorhomes e at\u00e9 acess\u00f3rios para camping. Com design sem molduras e instala\u00e7\u00e3o&hellip;&nbsp;Continue a ler &raquo;Ativa\u00e7\u00e3o Eternit no Morar Mais Rio 2024: Sustentabilidade e Inova\u00e7\u00e3o em Foco","og_url":"https:\/\/morarmais.com.br\/mms\/ativacao-eternit-no-morar-mais-rio-2024-sustentabilidade-e-inovacao-em-foco\/","og_site_name":"Morar mais","article_publisher":"https:\/\/www.facebook.com\/morarmais","article_published_time":"2024-12-19T14:48:28+00:00","article_modified_time":"2025-01-29T17:10:31+00:00","og_image":[{"width":1552,"height":964,"url":"https:\/\/morarmais.com.br\/mms\/wp-content\/uploads\/2024\/12\/solar-leaf-ntb.jpg","type":"image\/jpeg"}],"author":"Ale Devecchi","twitter_card":"summary_large_image","twitter_misc":{"Escrito por":"Ale Devecchi","Est. tempo de leitura":"2 minutos"},"schema":{"@context":"https:\/\/schema.org","@graph":[{"@type":"Article","@id":"https:\/\/morarmais.com.br\/mms\/ativacao-eternit-no-morar-mais-rio-2024-sustentabilidade-e-inovacao-em-foco\/#article","isPartOf":{"@id":"https:\/\/morarmais.com.br\/mms\/ativacao-eternit-no-morar-mais-rio-2024-sustentabilidade-e-inovacao-em-foco\/"},"author":{"name":"Ale Devecchi","@id":"https:\/\/morarmais.com.br\/mms\/#\/schema\/person\/67dda048cb1edaf0c66d3a7787857c2a"},"headline":"Ativa\u00e7\u00e3o Eternit no Morar Mais Rio 2024: Sustentabilidade e Inova\u00e7\u00e3o em Foco","datePublished":"2024-12-19T14:48:28+00:00","dateModified":"2025-01-29T17:10:31+00:00","mainEntityOfPage":{"@id":"https:\/\/morarmais.com.br\/mms\/ativacao-eternit-no-morar-mais-rio-2024-sustentabilidade-e-inovacao-em-foco\/"},"wordCount":215,"commentCount":0,"publisher":{"@id":"https:\/\/morarmais.com.br\/mms\/#organization"},"image":{"@id":"https:\/\/morarmais.com.br\/mms\/ativacao-eternit-no-morar-mais-rio-2024-sustentabilidade-e-inovacao-em-foco\/#primaryimage"},"thumbnailUrl":"https:\/\/morarmais.com.br\/mms\/wp-content\/uploads\/2024\/12\/solar-leaf-ntb.jpg","keywords":["Arquitetura","arquitetura sustent\u00e1vel","BIPV","constru\u00e7\u00e3o sustent\u00e1vel","Design de Interiores","design inteligente","efici\u00eancia energ\u00e9tica","energia fotovoltaica","energia limpa","Eternit","inova\u00e7\u00e3o","marketing de experi\u00eancia","Morar Mais Rio 2024","responsabilidade social","Solar Leaf","sustentabilidade","tecnologia brasileira"],"articleSection":["Home","Uncategorized"],"inLanguage":"pt-BR","potentialAction":[{"@type":"CommentAction","name":"Comment","target":["https:\/\/morarmais.com.br\/mms\/ativacao-eternit-no-morar-mais-rio-2024-sustentabilidade-e-inovacao-em-foco\/#respond"]}]},{"@type":"WebPage","@id":"https:\/\/morarmais.com.br\/mms\/ativacao-eternit-no-morar-mais-rio-2024-sustentabilidade-e-inovacao-em-foco\/","url":"https:\/\/morarmais.com.br\/mms\/ativacao-eternit-no-morar-mais-rio-2024-sustentabilidade-e-inovacao-em-foco\/","name":"Ativa\u00e7\u00e3o Eternit no Morar Mais Rio 2024: Sustentabilidade e Inova\u00e7\u00e3o em Foco - Morar mais","isPartOf":{"@id":"https:\/\/morarmais.com.br\/mms\/#website"},"primaryImageOfPage":{"@id":"https:\/\/morarmais.com.br\/mms\/ativacao-eternit-no-morar-mais-rio-2024-sustentabilidade-e-inovacao-em-foco\/#primaryimage"},"image":{"@id":"https:\/\/morarmais.com.br\/mms\/ativacao-eternit-no-morar-mais-rio-2024-sustentabilidade-e-inovacao-em-foco\/#primaryimage"},"thumbnailUrl":"https:\/\/morarmais.com.br\/mms\/wp-content\/uploads\/2024\/12\/solar-leaf-ntb.jpg","datePublished":"2024-12-19T14:48:28+00:00","dateModified":"2025-01-29T17:10:31+00:00","breadcrumb":{"@id":"https:\/\/morarmais.com.br\/mms\/ativacao-eternit-no-morar-mais-rio-2024-sustentabilidade-e-inovacao-em-foco\/#breadcrumb"},"inLanguage":"pt-BR","potentialAction":[{"@type":"ReadAction","target":["https:\/\/morarmais.com.br\/mms\/ativacao-eternit-no-morar-mais-rio-2024-sustentabilidade-e-inovacao-em-foco\/"]}]},{"@type":"ImageObject","inLanguage":"pt-BR","@id":"https:\/\/morarmais.com.br\/mms\/ativacao-eternit-no-morar-mais-rio-2024-sustentabilidade-e-inovacao-em-foco\/#primaryimage","url":"https:\/\/morarmais.com.br\/mms\/wp-content\/uploads\/2024\/12\/solar-leaf-ntb.jpg","contentUrl":"https:\/\/morarmais.com.br\/mms\/wp-content\/uploads\/2024\/12\/solar-leaf-ntb.jpg","width":1552,"height":964},{"@type":"BreadcrumbList","@id":"https:\/\/morarmais.com.br\/mms\/ativacao-eternit-no-morar-mais-rio-2024-sustentabilidade-e-inovacao-em-foco\/#breadcrumb","itemListElement":[{"@type":"ListItem","position":1,"name":"In\u00edcio","item":"https:\/\/morarmais.com.br\/mms\/"},{"@type":"ListItem","position":2,"name":"Ativa\u00e7\u00e3o Eternit no Morar Mais Rio 2024: Sustentabilidade e Inova\u00e7\u00e3o em Foco"}]},{"@type":"WebSite","@id":"https:\/\/morarmais.com.br\/mms\/#website","url":"https:\/\/morarmais.com.br\/mms\/","name":"Morar mais","description":"O Chique que cabe no bolso","publisher":{"@id":"https:\/\/morarmais.com.br\/mms\/#organization"},"potentialAction":[{"@type":"SearchAction","target":{"@type":"EntryPoint","urlTemplate":"https:\/\/morarmais.com.br\/mms\/?s={search_term_string}"},"query-input":{"@type":"PropertyValueSpecification","valueRequired":true,"valueName":"search_term_string"}}],"inLanguage":"pt-BR"},{"@type":"Organization","@id":"https:\/\/morarmais.com.br\/mms\/#organization","name":"Morar mais","url":"https:\/\/morarmais.com.br\/mms\/","logo":{"@type":"ImageObject","inLanguage":"pt-BR","@id":"https:\/\/morarmais.com.br\/mms\/#\/schema\/logo\/image\/","url":"https:\/\/morarmais.com.br\/mms\/wp-content\/uploads\/2019\/04\/cropped-logo-morar-mais-2-1-e1688661143585.png","contentUrl":"https:\/\/morarmais.com.br\/mms\/wp-content\/uploads\/2019\/04\/cropped-logo-morar-mais-2-1-e1688661143585.png","width":130,"height":100,"caption":"Morar mais"},"image":{"@id":"https:\/\/morarmais.com.br\/mms\/#\/schema\/logo\/image\/"},"sameAs":["https:\/\/www.facebook.com\/morarmais","https:\/\/www.instagram.com\/morarmaispormenos","https:\/\/br.pinterest.com\/morarmais\/"]},{"@type":"Person","@id":"https:\/\/morarmais.com.br\/mms\/#\/schema\/person\/67dda048cb1edaf0c66d3a7787857c2a","name":"Ale Devecchi","image":{"@type":"ImageObject","inLanguage":"pt-BR","@id":"https:\/\/morarmais.com.br\/mms\/#\/schema\/person\/image\/","url":"https:\/\/secure.gravatar.com\/avatar\/194f7a41b78fc7f5fcbf2fb567b600b5?s=96&d=mm&r=g","contentUrl":"https:\/\/secure.gravatar.com\/avatar\/194f7a41b78fc7f5fcbf2fb567b600b5?s=96&d=mm&r=g","caption":"Ale Devecchi"},"url":"https:\/\/morarmais.com.br\/mms\/author\/marketing-mais\/"}]}},"_links":{"self":[{"href":"https:\/\/morarmais.com.br\/mms\/wp-json\/wp\/v2\/posts\/15772"}],"collection":[{"href":"https:\/\/morarmais.com.br\/mms\/wp-json\/wp\/v2\/posts"}],"about":[{"href":"https:\/\/morarmais.com.br\/mms\/wp-json\/wp\/v2\/types\/post"}],"author":[{"embeddable":true,"href":"https:\/\/morarmais.com.br\/mms\/wp-json\/wp\/v2\/users\/6"}],"replies":[{"embeddable":true,"href":"https:\/\/morarmais.com.br\/mms\/wp-json\/wp\/v2\/comments?post=15772"}],"version-history":[{"count":1,"href":"https:\/\/morarmais.com.br\/mms\/wp-json\/wp\/v2\/posts\/15772\/revisions"}],"predecessor-version":[{"id":15774,"href":"https:\/\/morarmais.com.br\/mms\/wp-json\/wp\/v2\/posts\/15772\/revisions\/15774"}],"wp:featuredmedia":[{"embeddable":true,"href":"https:\/\/morarmais.com.br\/mms\/wp-json\/wp\/v2\/media\/15773"}],"wp:attachment":[{"href":"https:\/\/morarmais.com.br\/mms\/wp-json\/wp\/v2\/media?parent=15772"}],"wp:term":[{"taxonomy":"category","embeddable":true,"href":"https:\/\/morarmais.com.br\/mms\/wp-json\/wp\/v2\/categories?post=15772"},{"taxonomy":"post_tag","embeddable":true,"href":"https:\/\/morarmais.com.br\/mms\/wp-json\/wp\/v2\/tags?post=15772"}],"curies":[{"name":"wp","href":"https:\/\/api.w.org\/{rel}","templated":true}]}}