{"id":15697,"date":"2024-12-12T18:51:12","date_gmt":"2024-12-12T18:51:12","guid":{"rendered":"https:\/\/morarmais.com.br\/mms\/?p=15697"},"modified":"2024-12-19T14:22:56","modified_gmt":"2024-12-19T14:22:56","slug":"noite-solidaria-um-evento-em-prol-do-incavoluntario","status":"publish","type":"post","link":"https:\/\/morarmais.com.br\/mms\/noite-solidaria-um-evento-em-prol-do-incavoluntario\/","title":{"rendered":"Noite Solid\u00e1ria \u2013 Um Evento em Prol do INCAvolunt\u00e1rio"},"content":{"rendered":"\n<p class=\" eplus-wrapper\">Um casar\u00e3o hist\u00f3rico, que nos anos 1980 foi palco de festas apote\u00f3ticas e recepcionou diversos presidentes da Rep\u00fablica, recentemente abriu suas portas para um evento com um prop\u00f3sito ainda mais especial: a <strong>Noite Solid\u00e1ria<\/strong>. Organizada por <strong>Sabrina Schuback, diretora e idealizadora do Morar Mais, juntamente com Ana Paula Lou, Andrea Palhares, Ana Paula Barbosa, Alexandre Hockensmith, Fernanda Coque, Lu Solar, Morgana Hansel, Germana Steiman, Tatiana Bonaparte e Vicky Notari<\/strong>, a celebra\u00e7\u00e3o beneficente teve como objetivo arrecadar fundos para o <a href=\"https:\/\/incavoluntario.org.br\/\"><strong>INCAvolunt\u00e1rio<\/strong><\/a>, a \u00e1rea de a\u00e7\u00f5es sociais do <a href=\"https:\/\/antigo.inca.gov.br\/\">Instituto Nacional de C\u00e2ncer<\/a>.<\/p>\n\n\n\n<figure class=\" wp-block-image size-large eplus-wrapper\"><img fetchpriority=\"high\" decoding=\"async\" width=\"1024\" height=\"683\" src=\"https:\/\/morarmais.com.br\/mms\/wp-content\/uploads\/2024\/12\/077A8984-1024x683.jpg\" alt=\"noite solid\u00e1ria inca voluntario\" class=\"wp-image-15701\" srcset=\"https:\/\/morarmais.com.br\/mms\/wp-content\/uploads\/2024\/12\/077A8984-1024x683.jpg 1024w, https:\/\/morarmais.com.br\/mms\/wp-content\/uploads\/2024\/12\/077A8984-300x200.jpg 300w, https:\/\/morarmais.com.br\/mms\/wp-content\/uploads\/2024\/12\/077A8984-768x512.jpg 768w, https:\/\/morarmais.com.br\/mms\/wp-content\/uploads\/2024\/12\/077A8984-1536x1024.jpg 1536w, https:\/\/morarmais.com.br\/mms\/wp-content\/uploads\/2024\/12\/077A8984-1200x800.jpg 1200w, https:\/\/morarmais.com.br\/mms\/wp-content\/uploads\/2024\/12\/077A8984-500x333.jpg 500w, https:\/\/morarmais.com.br\/mms\/wp-content\/uploads\/2024\/12\/077A8984-800x533.jpg 800w, https:\/\/morarmais.com.br\/mms\/wp-content\/uploads\/2024\/12\/077A8984-1280x853.jpg 1280w, https:\/\/morarmais.com.br\/mms\/wp-content\/uploads\/2024\/12\/077A8984-930x620.jpg 930w, https:\/\/morarmais.com.br\/mms\/wp-content\/uploads\/2024\/12\/077A8984-350x233.jpg 350w, https:\/\/morarmais.com.br\/mms\/wp-content\/uploads\/2024\/12\/077A8984.jpg 1920w\" sizes=\"(max-width: 1024px) 100vw, 1024px\" \/><\/figure>\n\n\n\n<p class=\" eplus-wrapper\">Localizada na Rua Embaixador Carlos Taylor, na G\u00e1vea, a casa que foi sede da <strong>edi\u00e7\u00e3o comemorativa dos 20 anos do <a href=\"https:\/\/morarmais.com.br\/mms\/morarmais-homepage\/\">Morar Mais<\/a><\/strong> foi o cen\u00e1rio perfeito para receber os <strong>mais de 300 convidados <\/strong>que prestigiaram a noite de 7 de novembro. Circulando pelos ambientes decorados, os presentes foram recebidos com a eleg\u00e2ncia e o charme caracter\u00edsticos do evento.<\/p>\n\n\n\n<figure class=\" wp-block-image size-large eplus-wrapper\"><img decoding=\"async\" width=\"1024\" height=\"683\" src=\"https:\/\/morarmais.com.br\/mms\/wp-content\/uploads\/2024\/12\/Daniella-Sarahyba_077A8901-1024x683.jpg\" alt=\"noite solid\u00e1ria inca voluntario\" class=\"wp-image-15700\" srcset=\"https:\/\/morarmais.com.br\/mms\/wp-content\/uploads\/2024\/12\/Daniella-Sarahyba_077A8901-1024x683.jpg 1024w, https:\/\/morarmais.com.br\/mms\/wp-content\/uploads\/2024\/12\/Daniella-Sarahyba_077A8901-300x200.jpg 300w, https:\/\/morarmais.com.br\/mms\/wp-content\/uploads\/2024\/12\/Daniella-Sarahyba_077A8901-768x512.jpg 768w, https:\/\/morarmais.com.br\/mms\/wp-content\/uploads\/2024\/12\/Daniella-Sarahyba_077A8901-1536x1024.jpg 1536w, https:\/\/morarmais.com.br\/mms\/wp-content\/uploads\/2024\/12\/Daniella-Sarahyba_077A8901-1200x800.jpg 1200w, https:\/\/morarmais.com.br\/mms\/wp-content\/uploads\/2024\/12\/Daniella-Sarahyba_077A8901-500x333.jpg 500w, https:\/\/morarmais.com.br\/mms\/wp-content\/uploads\/2024\/12\/Daniella-Sarahyba_077A8901-800x533.jpg 800w, https:\/\/morarmais.com.br\/mms\/wp-content\/uploads\/2024\/12\/Daniella-Sarahyba_077A8901-1280x853.jpg 1280w, https:\/\/morarmais.com.br\/mms\/wp-content\/uploads\/2024\/12\/Daniella-Sarahyba_077A8901-930x620.jpg 930w, https:\/\/morarmais.com.br\/mms\/wp-content\/uploads\/2024\/12\/Daniella-Sarahyba_077A8901-350x233.jpg 350w, https:\/\/morarmais.com.br\/mms\/wp-content\/uploads\/2024\/12\/Daniella-Sarahyba_077A8901.jpg 1920w\" sizes=\"(max-width: 1024px) 100vw, 1024px\" \/><\/figure>\n\n\n\n<p class=\" eplus-wrapper\">A noite ganhou um brilho especial com <strong>Daniella Sarahyba como mestre de cerim\u00f4nias<\/strong>, cuja presen\u00e7a encantadora elevou ainda mais o evento. Entre os convidados de destaque, marcaram presen\u00e7a <strong>Narcisa Tamborindeguy, Paula Severiano Ribeiro, Thales Bretas, Heckel Verri, Alice Tamborindeguy, Renata Fraga, Laura Pederneiras, Nina Kauffmann<\/strong>, entre outros, em um encontro repleto de charme e sofistica\u00e7\u00e3o.<\/p>\n\n\n\n<figure class=\" wp-block-image size-large eplus-wrapper\"><img decoding=\"async\" width=\"1024\" height=\"737\" src=\"https:\/\/morarmais.com.br\/mms\/wp-content\/uploads\/2024\/12\/Design-sem-nome-1024x737.jpg\" alt=\"noite solid\u00e1ria inca voluntario veja lu lacerda\" class=\"wp-image-15699\" srcset=\"https:\/\/morarmais.com.br\/mms\/wp-content\/uploads\/2024\/12\/Design-sem-nome-1024x737.jpg 1024w, https:\/\/morarmais.com.br\/mms\/wp-content\/uploads\/2024\/12\/Design-sem-nome-300x216.jpg 300w, https:\/\/morarmais.com.br\/mms\/wp-content\/uploads\/2024\/12\/Design-sem-nome-768x553.jpg 768w, https:\/\/morarmais.com.br\/mms\/wp-content\/uploads\/2024\/12\/Design-sem-nome-500x360.jpg 500w, https:\/\/morarmais.com.br\/mms\/wp-content\/uploads\/2024\/12\/Design-sem-nome-800x576.jpg 800w, https:\/\/morarmais.com.br\/mms\/wp-content\/uploads\/2024\/12\/Design-sem-nome-1280x922.jpg 1280w, https:\/\/morarmais.com.br\/mms\/wp-content\/uploads\/2024\/12\/Design-sem-nome-350x252.jpg 350w, https:\/\/morarmais.com.br\/mms\/wp-content\/uploads\/2024\/12\/Design-sem-nome.jpg 1500w\" sizes=\"(max-width: 1024px) 100vw, 1024px\" \/><\/figure>\n\n\n\n<p class=\" eplus-wrapper\">Com o apoio de diversos parceiros e patrocinadores, o evento alcan\u00e7ou um resultado extraordin\u00e1rio, arrecadando um total impressionante de <strong>R$ 415.347,39<\/strong>. Esse montante foi conquistado gra\u00e7as \u00e0 venda de ingressos e \u00e0 generosidade dos convidados, que contribu\u00edram com doa\u00e7\u00f5es durante a noite. O valor arrecadado refor\u00e7a o compromisso coletivo com a solidariedade e com a miss\u00e3o de transformar vidas.<\/p>\n\n\n\n<p class=\" eplus-wrapper\"><strong>O montante arrecadado ser\u00e1 integralmente destinado \u00e0 reforma do Ateli\u00ea de Artes e Of\u00edcios do INCAvolunt\u00e1rio<\/strong>, um espa\u00e7o dedicado \u00e0 realiza\u00e7\u00e3o de cursos de artesanato, pintura e confec\u00e7\u00e3o de bijuterias para pacientes em tratamento e seus acompanhantes. O projeto da reforma j\u00e1 est\u00e1 pronto e ser\u00e1 iniciado assim que os recursos forem liberados.<\/p>\n\n\n\n<p class=\" eplus-wrapper\"><strong>Agradecimentos Especiais<\/strong><br>O evento contou com o apoio indispens\u00e1vel de empresas e parceiros que tornaram essa celebra\u00e7\u00e3o beneficente um marco de solidariedade:<\/p>\n\n\n<ul class=\" wp-block-list eplus-wrapper eplus-styles-uid-e52beb\">\n<li class=\" eplus-wrapper\"><a href=\"https:\/\/www.supermercadosguanabara.com.br\">Supermercados Guanabara<\/a><\/li>\n\n\n\n<li class=\" eplus-wrapper\"><a href=\"https:\/\/www.instagram.com\/pederneirasgastronomia\">Pederneiras Gastronomia<\/a><\/li>\n\n\n\n<li class=\" eplus-wrapper\"><a href=\"https:\/\/www.instagram.com\/bokaipanema\">Boka Ipanema<\/a><\/li>\n\n\n\n<li class=\" eplus-wrapper\"><a href=\"https:\/\/www.instagram.com\/wbyhockensmith\">W by Hockensmith<\/a><\/li>\n\n\n\n<li class=\" eplus-wrapper\"><a href=\"https:\/\/www.instagram.com\/almorael\">Almorael<\/a><\/li>\n\n\n\n<li class=\" eplus-wrapper\"><a href=\"https:\/\/www.instagram.com\/chezbrownie\">Chez Brownie<\/a><\/li>\n\n\n\n<li class=\" eplus-wrapper\"><a href=\"https:\/\/www.instagram.com\/confrarianacional\">Confraria Nacional<\/a><\/li>\n\n\n\n<li class=\" eplus-wrapper\"><a href=\"https:\/\/www.instagram.com\/everest_brasil\">Everest<\/a><\/li>\n\n\n\n<li class=\" eplus-wrapper\"><a href=\"https:\/\/www.instagram.com\/brigadeirosfabianadangelo\">Brigadeiros Fabiana D&#8217;Angelo<\/a><\/li>\n\n\n\n<li class=\" eplus-wrapper\"><a href=\"https:\/\/www.instagram.com\/centralimpressos\">Central Impressos<\/a><\/li>\n\n\n\n<li class=\" eplus-wrapper\"><a href=\"https:\/\/www.instagram.com\/velarcontroles\">Velar Controles<\/a><\/li>\n\n\n\n<li class=\" eplus-wrapper\"><a href=\"https:\/\/www.instagram.com\/patricialamoglia\">Patr\u00edcia Lamoglia<\/a><\/li>\n\n\n\n<li class=\" eplus-wrapper\"><a href=\"https:\/\/www.instagram.com\/wspabrasil\">WSPA<\/a><\/li>\n\n\n\n<li class=\" eplus-wrapper\"><a href=\"https:\/\/www.instagram.com\/chero.rj\">Ch\u00e9ro RJ<\/a><\/li>\n\n\n\n<li class=\" eplus-wrapper\"><a href=\"https:\/\/www.instagram.com\/llumespa\">Llume Spa<\/a><\/li>\n\n\n\n<li class=\" eplus-wrapper\"><a href=\"https:\/\/www.instagram.com\/rajahcouros\">Rajah Couros<\/a><\/li>\n\n\n\n<li class=\" eplus-wrapper\"><a href=\"https:\/\/www.instagram.com\/grkproducts\">GRK Products<\/a><\/li>\n\n\n\n<li class=\" eplus-wrapper\"><a href=\"https:\/\/www.instagram.com\/nolitanroastery\">Nolitan Roastery<\/a><\/li>\n\n\n\n<li class=\" eplus-wrapper\"><a href=\"https:\/\/www.instagram.com\/raphspatisserie\">Raph\u2019s Patisserie<\/a><\/li>\n\n\n\n<li class=\" eplus-wrapper\"><a href=\"https:\/\/www.instagram.com\/rodrigosha\">Rodrigo Sha<\/a><\/li>\n\n\n\n<li class=\" eplus-wrapper\"><a href=\"https:\/\/www.instagram.com\/djscarlet\">DJ Scarlet<\/a><\/li>\n\n\n\n<li class=\" eplus-wrapper\"><a href=\"https:\/\/www.instagram.com\/sunsetservices\">Sunset Services<\/a><\/li>\n\n\n\n<li class=\" eplus-wrapper\"><a href=\"https:\/\/www.instagram.com\/ricardovasquesoficial\">DJ Ricardo Vasques Oficial<\/a><\/li>\n\n\n\n<li class=\" eplus-wrapper\"><a href=\"https:\/\/www.instagram.com\/dellygil\">Delly Gil<\/a><\/li>\n\n\n\n<li class=\" eplus-wrapper\"><a href=\"https:\/\/www.instagram.com\/haveraoficial\">Haver\u00e1 Oficial<\/a><\/li>\n\n\n\n<li class=\" eplus-wrapper\"><a href=\"https:\/\/www.instagram.com\/essencialetc\">Essencial Etc<\/a><\/li>\n\n\n\n<li class=\" eplus-wrapper\"><a href=\"https:\/\/www.instagram.com\/atelierdossabores\">Atelier dos Sabores<\/a><\/li>\n\n\n\n<li class=\" eplus-wrapper\"><a href=\"https:\/\/www.instagram.com\/carloslamogliaoficial\">Carlos Lamoglia Oficial<\/a><\/li>\n\n\n\n<li class=\" eplus-wrapper\"><a href=\"https:\/\/www.instagram.com\/maltabeefclub\">Malta Beef Club<\/a><\/li>\n<\/ul>\n\n\n<p class=\" eplus-wrapper\"><strong>Quer contribuir para essa causa?<\/strong><br>Vamos juntos transformar mais vidas? Fa\u00e7a sua doa\u00e7\u00e3o via PIX: 21 99656-8231 (INCAvolunt\u00e1rio) ou acesse o <a href=\"https:\/\/www.inca.gov.br\/incavoluntario\">site do INCAvolunt\u00e1rio<\/a> e torne-se um doador mensal.<\/p>\n\n\n\n<p class=\" eplus-wrapper\">Juntos, continuamos nesse lindo caminho do bem. Este foi apenas o primeiro de muitos eventos, e o Morar Mais estar\u00e1 sempre de portas abertas para causas como essa.<\/p>\n\n\n\n<p class=\" eplus-wrapper\"><strong>Confira as fotos do evento:<\/strong><\/p>\n\n\n\n<p class=\" eplus-wrapper\"><\/p>\n\n\n<div class=\"wp-block-visual-portfolio alignwide\">\n<div class=\"vp-portfolio vp-uid-4e54b1ed vp-id-zh6we\"\n\tdata-vp-layout=\"masonry\" data-vp-content-source=\"images\" data-vp-items-style=\"default\" data-vp-items-click-action=\"popup_gallery\" data-vp-items-gap=\"15\" data-vp-items-gap-vertical=\"\" data-vp-pagination=\"paged\" data-vp-next-page-url=\"https:\/\/morarmais.com.br\/mms\/wp-json\/wp\/v2\/posts\/15697?vp_page=2\" data-vp-masonry-columns=\"3\" >\n\t<div class=\"vp-portfolio__preloader-wrap\">\n\t\t<div class=\"vp-portfolio__preloader\">\n\t\t\t<img decoding=\"async\" loading=\"eager\" src=\"https:\/\/morarmais.com.br\/mms\/wp-content\/plugins\/visual-portfolio\/assets\/images\/logo-dark.svg\" alt=\"Visual Portfolio, Posts &amp; Image Gallery for WordPress\" width=\"20\" height=\"20\" data-skip-lazy>\n\t\t<\/div>\n\t<\/div>\n\t\t<div class=\"vp-portfolio__items-wrap\">\n\t\t\t\n<div class=\"vp-portfolio__items vp-portfolio__items-style-default vp-portfolio__items-show-overlay-hover\">\n\n\t\t<div\t\tclass=\"vp-portfolio__item-wrap vp-portfolio__item-uid-014e34cd\" data-vp-filter=\"\" \t\t>\n\t\t\t<template class=\"vp-portfolio__item-popup\" style=\"display: none\" data-vp-popup-img=\"https:\/\/morarmais.com.br\/mms\/wp-content\/uploads\/2024\/12\/Vania-Santhiago-Viviane-Zuckerman-e-Alessandra-Amaral_MSA_6630.jpg\" data-vp-popup-img-srcset=\"https:\/\/morarmais.com.br\/mms\/wp-content\/uploads\/2024\/12\/Vania-Santhiago-Viviane-Zuckerman-e-Alessandra-Amaral_MSA_6630.jpg 1280w, https:\/\/morarmais.com.br\/mms\/wp-content\/uploads\/2024\/12\/Vania-Santhiago-Viviane-Zuckerman-e-Alessandra-Amaral_MSA_6630-200x300.jpg 200w, https:\/\/morarmais.com.br\/mms\/wp-content\/uploads\/2024\/12\/Vania-Santhiago-Viviane-Zuckerman-e-Alessandra-Amaral_MSA_6630-683x1024.jpg 683w, https:\/\/morarmais.com.br\/mms\/wp-content\/uploads\/2024\/12\/Vania-Santhiago-Viviane-Zuckerman-e-Alessandra-Amaral_MSA_6630-768x1152.jpg 768w, https:\/\/morarmais.com.br\/mms\/wp-content\/uploads\/2024\/12\/Vania-Santhiago-Viviane-Zuckerman-e-Alessandra-Amaral_MSA_6630-1024x1536.jpg 1024w, https:\/\/morarmais.com.br\/mms\/wp-content\/uploads\/2024\/12\/Vania-Santhiago-Viviane-Zuckerman-e-Alessandra-Amaral_MSA_6630-600x900.jpg 600w, https:\/\/morarmais.com.br\/mms\/wp-content\/uploads\/2024\/12\/Vania-Santhiago-Viviane-Zuckerman-e-Alessandra-Amaral_MSA_6630-500x750.jpg 500w, https:\/\/morarmais.com.br\/mms\/wp-content\/uploads\/2024\/12\/Vania-Santhiago-Viviane-Zuckerman-e-Alessandra-Amaral_MSA_6630-800x1200.jpg 800w, https:\/\/morarmais.com.br\/mms\/wp-content\/uploads\/2024\/12\/Vania-Santhiago-Viviane-Zuckerman-e-Alessandra-Amaral_MSA_6630-350x525.jpg 350w\" data-vp-popup-img-size=\"1280x1920\" data-vp-popup-md-img=\"https:\/\/morarmais.com.br\/mms\/wp-content\/uploads\/2024\/12\/Vania-Santhiago-Viviane-Zuckerman-e-Alessandra-Amaral_MSA_6630-800x1200.jpg\" data-vp-popup-md-img-size=\"800x1200\" data-vp-popup-sm-img=\"https:\/\/morarmais.com.br\/mms\/wp-content\/uploads\/2024\/12\/Vania-Santhiago-Viviane-Zuckerman-e-Alessandra-Amaral_MSA_6630-500x750.jpg\" data-vp-popup-sm-img-size=\"500x750\">\n\t<\/template>\n\t\t\t\t\t\t<figure class=\"vp-portfolio__item\">\n\t\t\t\t\n<div class=\"vp-portfolio__item-img-wrap\">\n\t<div class=\"vp-portfolio__item-img\">\n\t\t\t<a\n\t\thref=\"https:\/\/morarmais.com.br\/mms\/wp-content\/uploads\/2024\/12\/Vania-Santhiago-Viviane-Zuckerman-e-Alessandra-Amaral_MSA_6630.jpg\"\n\t\t\t>\n\t\n\t\t<noscript><img loading=\"lazy\" decoding=\"async\" width=\"1280\" height=\"1920\" data-skip-lazy src=\"https:\/\/morarmais.com.br\/mms\/wp-content\/uploads\/2024\/12\/Vania-Santhiago-Viviane-Zuckerman-e-Alessandra-Amaral_MSA_6630.jpg\" class=\"wp-image-15757\" alt=\"\" srcset=\"https:\/\/morarmais.com.br\/mms\/wp-content\/uploads\/2024\/12\/Vania-Santhiago-Viviane-Zuckerman-e-Alessandra-Amaral_MSA_6630.jpg 1280w, https:\/\/morarmais.com.br\/mms\/wp-content\/uploads\/2024\/12\/Vania-Santhiago-Viviane-Zuckerman-e-Alessandra-Amaral_MSA_6630-200x300.jpg 200w, https:\/\/morarmais.com.br\/mms\/wp-content\/uploads\/2024\/12\/Vania-Santhiago-Viviane-Zuckerman-e-Alessandra-Amaral_MSA_6630-683x1024.jpg 683w, https:\/\/morarmais.com.br\/mms\/wp-content\/uploads\/2024\/12\/Vania-Santhiago-Viviane-Zuckerman-e-Alessandra-Amaral_MSA_6630-768x1152.jpg 768w, https:\/\/morarmais.com.br\/mms\/wp-content\/uploads\/2024\/12\/Vania-Santhiago-Viviane-Zuckerman-e-Alessandra-Amaral_MSA_6630-1024x1536.jpg 1024w, https:\/\/morarmais.com.br\/mms\/wp-content\/uploads\/2024\/12\/Vania-Santhiago-Viviane-Zuckerman-e-Alessandra-Amaral_MSA_6630-600x900.jpg 600w, https:\/\/morarmais.com.br\/mms\/wp-content\/uploads\/2024\/12\/Vania-Santhiago-Viviane-Zuckerman-e-Alessandra-Amaral_MSA_6630-500x750.jpg 500w, https:\/\/morarmais.com.br\/mms\/wp-content\/uploads\/2024\/12\/Vania-Santhiago-Viviane-Zuckerman-e-Alessandra-Amaral_MSA_6630-800x1200.jpg 800w, https:\/\/morarmais.com.br\/mms\/wp-content\/uploads\/2024\/12\/Vania-Santhiago-Viviane-Zuckerman-e-Alessandra-Amaral_MSA_6630-350x525.jpg 350w\" sizes=\"(max-width: 1280px) 100vw, 1280px\" \/><\/noscript><img decoding=\"async\" width=\"1280\" height=\"1920\" src=\"https:\/\/morarmais.com.br\/mms\/wp-content\/uploads\/2024\/12\/Vania-Santhiago-Viviane-Zuckerman-e-Alessandra-Amaral_MSA_6630.jpg\" class=\"wp-image-15757 vp-lazyload\" alt srcset=\"data:image\/svg+xml;base64,PHN2ZyB3aWR0aD0iMTI4MCIgaGVpZ2h0PSIxOTIwIiB2aWV3Qm94PSIwIDAgMTI4MCAxOTIwIiBmaWxsPSJub25lIiB4bWxucz0iaHR0cDovL3d3dy53My5vcmcvMjAwMC9zdmciPjwvc3ZnPg==\" data-src=\"https:\/\/morarmais.com.br\/mms\/wp-content\/uploads\/2024\/12\/Vania-Santhiago-Viviane-Zuckerman-e-Alessandra-Amaral_MSA_6630.jpg\" data-srcset=\"https:\/\/morarmais.com.br\/mms\/wp-content\/uploads\/2024\/12\/Vania-Santhiago-Viviane-Zuckerman-e-Alessandra-Amaral_MSA_6630.jpg 1280w, https:\/\/morarmais.com.br\/mms\/wp-content\/uploads\/2024\/12\/Vania-Santhiago-Viviane-Zuckerman-e-Alessandra-Amaral_MSA_6630-200x300.jpg 200w, https:\/\/morarmais.com.br\/mms\/wp-content\/uploads\/2024\/12\/Vania-Santhiago-Viviane-Zuckerman-e-Alessandra-Amaral_MSA_6630-683x1024.jpg 683w, https:\/\/morarmais.com.br\/mms\/wp-content\/uploads\/2024\/12\/Vania-Santhiago-Viviane-Zuckerman-e-Alessandra-Amaral_MSA_6630-768x1152.jpg 768w, https:\/\/morarmais.com.br\/mms\/wp-content\/uploads\/2024\/12\/Vania-Santhiago-Viviane-Zuckerman-e-Alessandra-Amaral_MSA_6630-1024x1536.jpg 1024w, https:\/\/morarmais.com.br\/mms\/wp-content\/uploads\/2024\/12\/Vania-Santhiago-Viviane-Zuckerman-e-Alessandra-Amaral_MSA_6630-600x900.jpg 600w, https:\/\/morarmais.com.br\/mms\/wp-content\/uploads\/2024\/12\/Vania-Santhiago-Viviane-Zuckerman-e-Alessandra-Amaral_MSA_6630-500x750.jpg 500w, https:\/\/morarmais.com.br\/mms\/wp-content\/uploads\/2024\/12\/Vania-Santhiago-Viviane-Zuckerman-e-Alessandra-Amaral_MSA_6630-800x1200.jpg 800w, https:\/\/morarmais.com.br\/mms\/wp-content\/uploads\/2024\/12\/Vania-Santhiago-Viviane-Zuckerman-e-Alessandra-Amaral_MSA_6630-350x525.jpg 350w\" data-sizes=\"auto\" loading=\"eager\">\n\t\t<div class=\"vp-portfolio__item-overlay\">\n\t\t\t\t\t<\/div>\n\n\t\t<\/a>\t<\/div>\n<\/div>\n\n\t\t\t<\/figure>\n\t\t\t\t\t<\/div>\n\t\t\n\t\t<div\t\tclass=\"vp-portfolio__item-wrap vp-portfolio__item-uid-cd7f2371\" data-vp-filter=\"\" \t\t>\n\t\t\t<template class=\"vp-portfolio__item-popup\" style=\"display: none\" data-vp-popup-img=\"https:\/\/morarmais.com.br\/mms\/wp-content\/uploads\/2024\/12\/xNina-Kaufman-Heckel-Verri-Carolina-montalvao-Luiza-Sena-__077A8935.jpg\" data-vp-popup-img-srcset=\"https:\/\/morarmais.com.br\/mms\/wp-content\/uploads\/2024\/12\/xNina-Kaufman-Heckel-Verri-Carolina-montalvao-Luiza-Sena-__077A8935.jpg 1280w, https:\/\/morarmais.com.br\/mms\/wp-content\/uploads\/2024\/12\/xNina-Kaufman-Heckel-Verri-Carolina-montalvao-Luiza-Sena-__077A8935-200x300.jpg 200w, https:\/\/morarmais.com.br\/mms\/wp-content\/uploads\/2024\/12\/xNina-Kaufman-Heckel-Verri-Carolina-montalvao-Luiza-Sena-__077A8935-683x1024.jpg 683w, https:\/\/morarmais.com.br\/mms\/wp-content\/uploads\/2024\/12\/xNina-Kaufman-Heckel-Verri-Carolina-montalvao-Luiza-Sena-__077A8935-768x1152.jpg 768w, https:\/\/morarmais.com.br\/mms\/wp-content\/uploads\/2024\/12\/xNina-Kaufman-Heckel-Verri-Carolina-montalvao-Luiza-Sena-__077A8935-1024x1536.jpg 1024w, https:\/\/morarmais.com.br\/mms\/wp-content\/uploads\/2024\/12\/xNina-Kaufman-Heckel-Verri-Carolina-montalvao-Luiza-Sena-__077A8935-600x900.jpg 600w, https:\/\/morarmais.com.br\/mms\/wp-content\/uploads\/2024\/12\/xNina-Kaufman-Heckel-Verri-Carolina-montalvao-Luiza-Sena-__077A8935-500x750.jpg 500w, https:\/\/morarmais.com.br\/mms\/wp-content\/uploads\/2024\/12\/xNina-Kaufman-Heckel-Verri-Carolina-montalvao-Luiza-Sena-__077A8935-800x1200.jpg 800w, https:\/\/morarmais.com.br\/mms\/wp-content\/uploads\/2024\/12\/xNina-Kaufman-Heckel-Verri-Carolina-montalvao-Luiza-Sena-__077A8935-350x525.jpg 350w\" data-vp-popup-img-size=\"1280x1920\" data-vp-popup-md-img=\"https:\/\/morarmais.com.br\/mms\/wp-content\/uploads\/2024\/12\/xNina-Kaufman-Heckel-Verri-Carolina-montalvao-Luiza-Sena-__077A8935-800x1200.jpg\" data-vp-popup-md-img-size=\"800x1200\" data-vp-popup-sm-img=\"https:\/\/morarmais.com.br\/mms\/wp-content\/uploads\/2024\/12\/xNina-Kaufman-Heckel-Verri-Carolina-montalvao-Luiza-Sena-__077A8935-500x750.jpg\" data-vp-popup-sm-img-size=\"500x750\">\n\t<\/template>\n\t\t\t\t\t\t<figure class=\"vp-portfolio__item\">\n\t\t\t\t\n<div class=\"vp-portfolio__item-img-wrap\">\n\t<div class=\"vp-portfolio__item-img\">\n\t\t\t<a\n\t\thref=\"https:\/\/morarmais.com.br\/mms\/wp-content\/uploads\/2024\/12\/xNina-Kaufman-Heckel-Verri-Carolina-montalvao-Luiza-Sena-__077A8935.jpg\"\n\t\t\t>\n\t\n\t\t<noscript><img loading=\"lazy\" decoding=\"async\" width=\"1280\" height=\"1920\" data-skip-lazy src=\"https:\/\/morarmais.com.br\/mms\/wp-content\/uploads\/2024\/12\/xNina-Kaufman-Heckel-Verri-Carolina-montalvao-Luiza-Sena-__077A8935.jpg\" class=\"wp-image-15753\" alt=\"\" srcset=\"https:\/\/morarmais.com.br\/mms\/wp-content\/uploads\/2024\/12\/xNina-Kaufman-Heckel-Verri-Carolina-montalvao-Luiza-Sena-__077A8935.jpg 1280w, https:\/\/morarmais.com.br\/mms\/wp-content\/uploads\/2024\/12\/xNina-Kaufman-Heckel-Verri-Carolina-montalvao-Luiza-Sena-__077A8935-200x300.jpg 200w, https:\/\/morarmais.com.br\/mms\/wp-content\/uploads\/2024\/12\/xNina-Kaufman-Heckel-Verri-Carolina-montalvao-Luiza-Sena-__077A8935-683x1024.jpg 683w, https:\/\/morarmais.com.br\/mms\/wp-content\/uploads\/2024\/12\/xNina-Kaufman-Heckel-Verri-Carolina-montalvao-Luiza-Sena-__077A8935-768x1152.jpg 768w, https:\/\/morarmais.com.br\/mms\/wp-content\/uploads\/2024\/12\/xNina-Kaufman-Heckel-Verri-Carolina-montalvao-Luiza-Sena-__077A8935-1024x1536.jpg 1024w, https:\/\/morarmais.com.br\/mms\/wp-content\/uploads\/2024\/12\/xNina-Kaufman-Heckel-Verri-Carolina-montalvao-Luiza-Sena-__077A8935-600x900.jpg 600w, https:\/\/morarmais.com.br\/mms\/wp-content\/uploads\/2024\/12\/xNina-Kaufman-Heckel-Verri-Carolina-montalvao-Luiza-Sena-__077A8935-500x750.jpg 500w, https:\/\/morarmais.com.br\/mms\/wp-content\/uploads\/2024\/12\/xNina-Kaufman-Heckel-Verri-Carolina-montalvao-Luiza-Sena-__077A8935-800x1200.jpg 800w, https:\/\/morarmais.com.br\/mms\/wp-content\/uploads\/2024\/12\/xNina-Kaufman-Heckel-Verri-Carolina-montalvao-Luiza-Sena-__077A8935-350x525.jpg 350w\" sizes=\"(max-width: 1280px) 100vw, 1280px\" \/><\/noscript><img decoding=\"async\" width=\"1280\" height=\"1920\" src=\"https:\/\/morarmais.com.br\/mms\/wp-content\/uploads\/2024\/12\/xNina-Kaufman-Heckel-Verri-Carolina-montalvao-Luiza-Sena-__077A8935.jpg\" class=\"wp-image-15753 vp-lazyload\" alt srcset=\"data:image\/svg+xml;base64,PHN2ZyB3aWR0aD0iMTI4MCIgaGVpZ2h0PSIxOTIwIiB2aWV3Qm94PSIwIDAgMTI4MCAxOTIwIiBmaWxsPSJub25lIiB4bWxucz0iaHR0cDovL3d3dy53My5vcmcvMjAwMC9zdmciPjwvc3ZnPg==\" data-src=\"https:\/\/morarmais.com.br\/mms\/wp-content\/uploads\/2024\/12\/xNina-Kaufman-Heckel-Verri-Carolina-montalvao-Luiza-Sena-__077A8935.jpg\" data-srcset=\"https:\/\/morarmais.com.br\/mms\/wp-content\/uploads\/2024\/12\/xNina-Kaufman-Heckel-Verri-Carolina-montalvao-Luiza-Sena-__077A8935.jpg 1280w, https:\/\/morarmais.com.br\/mms\/wp-content\/uploads\/2024\/12\/xNina-Kaufman-Heckel-Verri-Carolina-montalvao-Luiza-Sena-__077A8935-200x300.jpg 200w, https:\/\/morarmais.com.br\/mms\/wp-content\/uploads\/2024\/12\/xNina-Kaufman-Heckel-Verri-Carolina-montalvao-Luiza-Sena-__077A8935-683x1024.jpg 683w, https:\/\/morarmais.com.br\/mms\/wp-content\/uploads\/2024\/12\/xNina-Kaufman-Heckel-Verri-Carolina-montalvao-Luiza-Sena-__077A8935-768x1152.jpg 768w, https:\/\/morarmais.com.br\/mms\/wp-content\/uploads\/2024\/12\/xNina-Kaufman-Heckel-Verri-Carolina-montalvao-Luiza-Sena-__077A8935-1024x1536.jpg 1024w, https:\/\/morarmais.com.br\/mms\/wp-content\/uploads\/2024\/12\/xNina-Kaufman-Heckel-Verri-Carolina-montalvao-Luiza-Sena-__077A8935-600x900.jpg 600w, https:\/\/morarmais.com.br\/mms\/wp-content\/uploads\/2024\/12\/xNina-Kaufman-Heckel-Verri-Carolina-montalvao-Luiza-Sena-__077A8935-500x750.jpg 500w, https:\/\/morarmais.com.br\/mms\/wp-content\/uploads\/2024\/12\/xNina-Kaufman-Heckel-Verri-Carolina-montalvao-Luiza-Sena-__077A8935-800x1200.jpg 800w, https:\/\/morarmais.com.br\/mms\/wp-content\/uploads\/2024\/12\/xNina-Kaufman-Heckel-Verri-Carolina-montalvao-Luiza-Sena-__077A8935-350x525.jpg 350w\" data-sizes=\"auto\" loading=\"eager\">\n\t\t<div class=\"vp-portfolio__item-overlay\">\n\t\t\t\t\t<\/div>\n\n\t\t<\/a>\t<\/div>\n<\/div>\n\n\t\t\t<\/figure>\n\t\t\t\t\t<\/div>\n\t\t\n\t\t<div\t\tclass=\"vp-portfolio__item-wrap vp-portfolio__item-uid-a288f4ea\" data-vp-filter=\"\" \t\t>\n\t\t\t<template class=\"vp-portfolio__item-popup\" style=\"display: none\" data-vp-popup-img=\"https:\/\/morarmais.com.br\/mms\/wp-content\/uploads\/2024\/12\/Rodrigo-Campos-e-Fernanda-Coque_MSA_6579.jpg\" data-vp-popup-img-srcset=\"https:\/\/morarmais.com.br\/mms\/wp-content\/uploads\/2024\/12\/Rodrigo-Campos-e-Fernanda-Coque_MSA_6579.jpg 1280w, https:\/\/morarmais.com.br\/mms\/wp-content\/uploads\/2024\/12\/Rodrigo-Campos-e-Fernanda-Coque_MSA_6579-200x300.jpg 200w, https:\/\/morarmais.com.br\/mms\/wp-content\/uploads\/2024\/12\/Rodrigo-Campos-e-Fernanda-Coque_MSA_6579-683x1024.jpg 683w, https:\/\/morarmais.com.br\/mms\/wp-content\/uploads\/2024\/12\/Rodrigo-Campos-e-Fernanda-Coque_MSA_6579-768x1152.jpg 768w, https:\/\/morarmais.com.br\/mms\/wp-content\/uploads\/2024\/12\/Rodrigo-Campos-e-Fernanda-Coque_MSA_6579-1024x1536.jpg 1024w, https:\/\/morarmais.com.br\/mms\/wp-content\/uploads\/2024\/12\/Rodrigo-Campos-e-Fernanda-Coque_MSA_6579-600x900.jpg 600w, https:\/\/morarmais.com.br\/mms\/wp-content\/uploads\/2024\/12\/Rodrigo-Campos-e-Fernanda-Coque_MSA_6579-500x750.jpg 500w, https:\/\/morarmais.com.br\/mms\/wp-content\/uploads\/2024\/12\/Rodrigo-Campos-e-Fernanda-Coque_MSA_6579-800x1200.jpg 800w, https:\/\/morarmais.com.br\/mms\/wp-content\/uploads\/2024\/12\/Rodrigo-Campos-e-Fernanda-Coque_MSA_6579-350x525.jpg 350w\" data-vp-popup-img-size=\"1280x1920\" data-vp-popup-md-img=\"https:\/\/morarmais.com.br\/mms\/wp-content\/uploads\/2024\/12\/Rodrigo-Campos-e-Fernanda-Coque_MSA_6579-800x1200.jpg\" data-vp-popup-md-img-size=\"800x1200\" data-vp-popup-sm-img=\"https:\/\/morarmais.com.br\/mms\/wp-content\/uploads\/2024\/12\/Rodrigo-Campos-e-Fernanda-Coque_MSA_6579-500x750.jpg\" data-vp-popup-sm-img-size=\"500x750\">\n\t<\/template>\n\t\t\t\t\t\t<figure class=\"vp-portfolio__item\">\n\t\t\t\t\n<div class=\"vp-portfolio__item-img-wrap\">\n\t<div class=\"vp-portfolio__item-img\">\n\t\t\t<a\n\t\thref=\"https:\/\/morarmais.com.br\/mms\/wp-content\/uploads\/2024\/12\/Rodrigo-Campos-e-Fernanda-Coque_MSA_6579.jpg\"\n\t\t\t>\n\t\n\t\t<noscript><img loading=\"lazy\" decoding=\"async\" width=\"1280\" height=\"1920\" data-skip-lazy src=\"https:\/\/morarmais.com.br\/mms\/wp-content\/uploads\/2024\/12\/Rodrigo-Campos-e-Fernanda-Coque_MSA_6579.jpg\" class=\"wp-image-15755\" alt=\"\" srcset=\"https:\/\/morarmais.com.br\/mms\/wp-content\/uploads\/2024\/12\/Rodrigo-Campos-e-Fernanda-Coque_MSA_6579.jpg 1280w, https:\/\/morarmais.com.br\/mms\/wp-content\/uploads\/2024\/12\/Rodrigo-Campos-e-Fernanda-Coque_MSA_6579-200x300.jpg 200w, https:\/\/morarmais.com.br\/mms\/wp-content\/uploads\/2024\/12\/Rodrigo-Campos-e-Fernanda-Coque_MSA_6579-683x1024.jpg 683w, https:\/\/morarmais.com.br\/mms\/wp-content\/uploads\/2024\/12\/Rodrigo-Campos-e-Fernanda-Coque_MSA_6579-768x1152.jpg 768w, https:\/\/morarmais.com.br\/mms\/wp-content\/uploads\/2024\/12\/Rodrigo-Campos-e-Fernanda-Coque_MSA_6579-1024x1536.jpg 1024w, https:\/\/morarmais.com.br\/mms\/wp-content\/uploads\/2024\/12\/Rodrigo-Campos-e-Fernanda-Coque_MSA_6579-600x900.jpg 600w, https:\/\/morarmais.com.br\/mms\/wp-content\/uploads\/2024\/12\/Rodrigo-Campos-e-Fernanda-Coque_MSA_6579-500x750.jpg 500w, https:\/\/morarmais.com.br\/mms\/wp-content\/uploads\/2024\/12\/Rodrigo-Campos-e-Fernanda-Coque_MSA_6579-800x1200.jpg 800w, https:\/\/morarmais.com.br\/mms\/wp-content\/uploads\/2024\/12\/Rodrigo-Campos-e-Fernanda-Coque_MSA_6579-350x525.jpg 350w\" sizes=\"(max-width: 1280px) 100vw, 1280px\" \/><\/noscript><img decoding=\"async\" width=\"1280\" height=\"1920\" src=\"https:\/\/morarmais.com.br\/mms\/wp-content\/uploads\/2024\/12\/Rodrigo-Campos-e-Fernanda-Coque_MSA_6579.jpg\" class=\"wp-image-15755 vp-lazyload\" alt srcset=\"data:image\/svg+xml;base64,PHN2ZyB3aWR0aD0iMTI4MCIgaGVpZ2h0PSIxOTIwIiB2aWV3Qm94PSIwIDAgMTI4MCAxOTIwIiBmaWxsPSJub25lIiB4bWxucz0iaHR0cDovL3d3dy53My5vcmcvMjAwMC9zdmciPjwvc3ZnPg==\" data-src=\"https:\/\/morarmais.com.br\/mms\/wp-content\/uploads\/2024\/12\/Rodrigo-Campos-e-Fernanda-Coque_MSA_6579.jpg\" data-srcset=\"https:\/\/morarmais.com.br\/mms\/wp-content\/uploads\/2024\/12\/Rodrigo-Campos-e-Fernanda-Coque_MSA_6579.jpg 1280w, https:\/\/morarmais.com.br\/mms\/wp-content\/uploads\/2024\/12\/Rodrigo-Campos-e-Fernanda-Coque_MSA_6579-200x300.jpg 200w, https:\/\/morarmais.com.br\/mms\/wp-content\/uploads\/2024\/12\/Rodrigo-Campos-e-Fernanda-Coque_MSA_6579-683x1024.jpg 683w, https:\/\/morarmais.com.br\/mms\/wp-content\/uploads\/2024\/12\/Rodrigo-Campos-e-Fernanda-Coque_MSA_6579-768x1152.jpg 768w, https:\/\/morarmais.com.br\/mms\/wp-content\/uploads\/2024\/12\/Rodrigo-Campos-e-Fernanda-Coque_MSA_6579-1024x1536.jpg 1024w, https:\/\/morarmais.com.br\/mms\/wp-content\/uploads\/2024\/12\/Rodrigo-Campos-e-Fernanda-Coque_MSA_6579-600x900.jpg 600w, https:\/\/morarmais.com.br\/mms\/wp-content\/uploads\/2024\/12\/Rodrigo-Campos-e-Fernanda-Coque_MSA_6579-500x750.jpg 500w, https:\/\/morarmais.com.br\/mms\/wp-content\/uploads\/2024\/12\/Rodrigo-Campos-e-Fernanda-Coque_MSA_6579-800x1200.jpg 800w, https:\/\/morarmais.com.br\/mms\/wp-content\/uploads\/2024\/12\/Rodrigo-Campos-e-Fernanda-Coque_MSA_6579-350x525.jpg 350w\" data-sizes=\"auto\" loading=\"eager\">\n\t\t<div class=\"vp-portfolio__item-overlay\">\n\t\t\t\t\t<\/div>\n\n\t\t<\/a>\t<\/div>\n<\/div>\n\n\t\t\t<\/figure>\n\t\t\t\t\t<\/div>\n\t\t\n<\/div>\n\t\t<\/div>\n\t\t\t\t<div class=\"vp-portfolio__layout-elements vp-portfolio__layout-elements-bottom vp-portfolio__layout-elements-align-center\">\n\t\t\t\t<div class=\"vp-portfolio__pagination-wrap\">\n\t\t\n<div class=\"vp-pagination vp-pagination__scroll-top vp-pagination__style-minimal\" data-vp-pagination-type=\"paged\">\n\t\t\t<div class=\"vp-pagination__item vp-pagination__item-active\">\n\t\t\t\t\t\t\t<span>1<\/span>\n\t\t\t\t\t<\/div>\n\t\t\t\t<div class=\"vp-pagination__item\">\n\t\t\t\t\t\t\t<a href=\"https:\/\/morarmais.com.br\/mms\/wp-json\/wp\/v2\/posts\/15697?vp_page=2\">\n\t\t\t\t\t2\t\t\t\t<\/a>\n\t\t\t\t\t<\/div>\n\t\t\t\t<div class=\"vp-pagination__item\">\n\t\t\t\t\t\t\t<a href=\"https:\/\/morarmais.com.br\/mms\/wp-json\/wp\/v2\/posts\/15697?vp_page=3\">\n\t\t\t\t\t3\t\t\t\t<\/a>\n\t\t\t\t\t<\/div>\n\t\t\t\t<div class=\"vp-pagination__item vp-pagination__item-dots\">\n\t\t\t\t\t\t\t<span>&hellip;<\/span>\n\t\t\t\t\t<\/div>\n\t\t\t\t<div class=\"vp-pagination__item\">\n\t\t\t\t\t\t\t<a href=\"https:\/\/morarmais.com.br\/mms\/wp-json\/wp\/v2\/posts\/15697?vp_page=18\">\n\t\t\t\t\t18\t\t\t\t<\/a>\n\t\t\t\t\t<\/div>\n\t\t\t\t<div class=\"vp-pagination__item vp-pagination__item-next\">\n\t\t\t\t\t\t\t<a href=\"https:\/\/morarmais.com.br\/mms\/wp-json\/wp\/v2\/posts\/15697?vp_page=2\">\n\t\t\t\t\t\n<svg class=\"vp-svg-icon\" width=\"20\" height=\"20\" viewBox=\"0 0 20 20\" fill=\"none\" xmlns=\"http:\/\/www.w3.org\/2000\/svg\">\n\t<path d=\"M3 10H17\" stroke=\"currentColor\" stroke-width=\"1.5\" stroke-linecap=\"round\" stroke-linejoin=\"round\" fill=\"transparent\" \/>\n\t<path d=\"M11 4L17 10L11 16\" stroke=\"currentColor\" stroke-width=\"1.5\" stroke-linecap=\"round\" stroke-linejoin=\"round\" fill=\"transparent\" \/>\n<\/svg>\n\t\t\t\t<\/a>\n\t\t\t\t\t<\/div>\n\t\t<\/div>\n\t\t<\/div>\n\t\t\t\t<\/div>\n\t\t\n<\/div>\n<\/div>\n\n\n<figure class=\" wp-block-image size-large eplus-wrapper\"><img loading=\"lazy\" decoding=\"async\" width=\"1024\" height=\"724\" src=\"https:\/\/morarmais.com.br\/mms\/wp-content\/uploads\/2024\/12\/logos-inca-1024x724.jpg\" alt=\"\" class=\"wp-image-15702\" srcset=\"https:\/\/morarmais.com.br\/mms\/wp-content\/uploads\/2024\/12\/logos-inca-1024x724.jpg 1024w, https:\/\/morarmais.com.br\/mms\/wp-content\/uploads\/2024\/12\/logos-inca-300x212.jpg 300w, https:\/\/morarmais.com.br\/mms\/wp-content\/uploads\/2024\/12\/logos-inca-768x543.jpg 768w, https:\/\/morarmais.com.br\/mms\/wp-content\/uploads\/2024\/12\/logos-inca-1536x1086.jpg 1536w, https:\/\/morarmais.com.br\/mms\/wp-content\/uploads\/2024\/12\/logos-inca-500x353.jpg 500w, https:\/\/morarmais.com.br\/mms\/wp-content\/uploads\/2024\/12\/logos-inca-800x565.jpg 800w, https:\/\/morarmais.com.br\/mms\/wp-content\/uploads\/2024\/12\/logos-inca-1280x905.jpg 1280w, https:\/\/morarmais.com.br\/mms\/wp-content\/uploads\/2024\/12\/logos-inca-350x247.jpg 350w, https:\/\/morarmais.com.br\/mms\/wp-content\/uploads\/2024\/12\/logos-inca.jpg 1920w\" sizes=\"(max-width: 1024px) 100vw, 1024px\" \/><\/figure>\n\n\n\n<p class=\" eplus-wrapper\"><\/p>\n","protected":false},"excerpt":{"rendered":"<p>Um casar\u00e3o hist\u00f3rico, que nos anos 1980 foi palco de festas apote\u00f3ticas e recepcionou diversos presidentes da Rep\u00fablica, recentemente abriu suas portas para um evento com um prop\u00f3sito ainda mais especial: a Noite Solid\u00e1ria. Organizada por Sabrina Schuback, diretora e idealizadora do Morar Mais, juntamente com Ana Paula Lou, Andrea Palhares, Ana Paula Barbosa, Alexandre&hellip;&nbsp;<a href=\"https:\/\/morarmais.com.br\/mms\/noite-solidaria-um-evento-em-prol-do-incavoluntario\/\" rel=\"bookmark\">Continue a ler &raquo;<span class=\"screen-reader-text\">Noite Solid\u00e1ria \u2013 Um Evento em Prol do INCAvolunt\u00e1rio<\/span><\/a><\/p>\n","protected":false},"author":6,"featured_media":15720,"comment_status":"open","ping_status":"0","sticky":false,"template":"","format":"standard","meta":{"_eb_attr":"","editor_plus_copied_stylings":"{}","neve_meta_sidebar":"full-width","neve_meta_container":"","neve_meta_enable_content_width":"","neve_meta_content_width":0,"neve_meta_title_alignment":"","neve_meta_author_avatar":"","neve_post_elements_order":"[\"title\",\"meta\",\"thumbnail\",\"content\",\"tags\",\"comments\"]","neve_meta_disable_header":"","neve_meta_disable_footer":"","neve_meta_disable_title":"","_themeisle_gutenberg_block_has_review":false,"_vp_format_video_url":"","_vp_image_focal_point":[],"footnotes":""},"categories":[23,24,1],"tags":[],"class_list":["post-15697","post","type-post","status-publish","format-standard","has-post-thumbnail","hentry","category-home","category-inclusao-do-bem","category-uncategorized"],"yoast_head":"<!-- This site is optimized with the Yoast SEO plugin v25.6 - https:\/\/yoast.com\/wordpress\/plugins\/seo\/ -->\n<title>Noite Solid\u00e1ria \u2013 Um Evento em Prol do INCAvolunt\u00e1rio - Morar mais<\/title>\n<meta name=\"description\" content=\"Noite Solid\u00e1ria Inca Volunt\u00e1rio \u2013 Um Evento em Prol do INCAvolunt\u00e1rio que reuniu mais de 300 pessoas e arrecadou R$ 415.347,39.\" \/>\n<meta name=\"robots\" content=\"index, follow, max-snippet:-1, max-image-preview:large, max-video-preview:-1\" \/>\n<link rel=\"canonical\" href=\"https:\/\/morarmais.com.br\/mms\/noite-solidaria-um-evento-em-prol-do-incavoluntario\/\" \/>\n<meta property=\"og:locale\" content=\"pt_BR\" \/>\n<meta property=\"og:type\" content=\"article\" \/>\n<meta property=\"og:title\" content=\"Noite Solid\u00e1ria \u2013 Um Evento em Prol do INCAvolunt\u00e1rio - Morar mais\" \/>\n<meta property=\"og:description\" content=\"Noite Solid\u00e1ria Inca Volunt\u00e1rio \u2013 Um Evento em Prol do INCAvolunt\u00e1rio que reuniu mais de 300 pessoas e arrecadou R$ 415.347,39.\" \/>\n<meta property=\"og:url\" content=\"https:\/\/morarmais.com.br\/mms\/noite-solidaria-um-evento-em-prol-do-incavoluntario\/\" \/>\n<meta property=\"og:site_name\" content=\"Morar mais\" \/>\n<meta property=\"article:publisher\" content=\"https:\/\/www.facebook.com\/morarmais\" \/>\n<meta property=\"article:published_time\" content=\"2024-12-12T18:51:12+00:00\" \/>\n<meta property=\"article:modified_time\" content=\"2024-12-19T14:22:56+00:00\" \/>\n<meta property=\"og:image\" content=\"https:\/\/morarmais.com.br\/mms\/wp-content\/uploads\/2024\/12\/Daniella-Sarahyba_077A8901-1.jpg\" \/>\n\t<meta property=\"og:image:width\" content=\"1500\" \/>\n\t<meta property=\"og:image:height\" content=\"1000\" \/>\n\t<meta property=\"og:image:type\" content=\"image\/jpeg\" \/>\n<meta name=\"author\" content=\"Ale Devecchi\" \/>\n<meta name=\"twitter:card\" content=\"summary_large_image\" \/>\n<meta name=\"twitter:label1\" content=\"Escrito por\" \/>\n\t<meta name=\"twitter:data1\" content=\"Ale Devecchi\" \/>\n\t<meta name=\"twitter:label2\" content=\"Est. tempo de leitura\" \/>\n\t<meta name=\"twitter:data2\" content=\"4 minutos\" \/>\n<script type=\"application\/ld+json\" class=\"yoast-schema-graph\">{\"@context\":\"https:\/\/schema.org\",\"@graph\":[{\"@type\":\"Article\",\"@id\":\"https:\/\/morarmais.com.br\/mms\/noite-solidaria-um-evento-em-prol-do-incavoluntario\/#article\",\"isPartOf\":{\"@id\":\"https:\/\/morarmais.com.br\/mms\/noite-solidaria-um-evento-em-prol-do-incavoluntario\/\"},\"author\":{\"name\":\"Ale Devecchi\",\"@id\":\"https:\/\/morarmais.com.br\/mms\/#\/schema\/person\/67dda048cb1edaf0c66d3a7787857c2a\"},\"headline\":\"Noite Solid\u00e1ria \u2013 Um Evento em Prol do INCAvolunt\u00e1rio\",\"datePublished\":\"2024-12-12T18:51:12+00:00\",\"dateModified\":\"2024-12-19T14:22:56+00:00\",\"mainEntityOfPage\":{\"@id\":\"https:\/\/morarmais.com.br\/mms\/noite-solidaria-um-evento-em-prol-do-incavoluntario\/\"},\"wordCount\":501,\"commentCount\":0,\"publisher\":{\"@id\":\"https:\/\/morarmais.com.br\/mms\/#organization\"},\"image\":{\"@id\":\"https:\/\/morarmais.com.br\/mms\/noite-solidaria-um-evento-em-prol-do-incavoluntario\/#primaryimage\"},\"thumbnailUrl\":\"https:\/\/morarmais.com.br\/mms\/wp-content\/uploads\/2024\/12\/Daniella-Sarahyba_077A8901-1.jpg\",\"articleSection\":[\"Home\",\"Inclus\u00e3o do Bem\",\"Uncategorized\"],\"inLanguage\":\"pt-BR\",\"potentialAction\":[{\"@type\":\"CommentAction\",\"name\":\"Comment\",\"target\":[\"https:\/\/morarmais.com.br\/mms\/noite-solidaria-um-evento-em-prol-do-incavoluntario\/#respond\"]}]},{\"@type\":\"WebPage\",\"@id\":\"https:\/\/morarmais.com.br\/mms\/noite-solidaria-um-evento-em-prol-do-incavoluntario\/\",\"url\":\"https:\/\/morarmais.com.br\/mms\/noite-solidaria-um-evento-em-prol-do-incavoluntario\/\",\"name\":\"Noite Solid\u00e1ria \u2013 Um Evento em Prol do INCAvolunt\u00e1rio - Morar mais\",\"isPartOf\":{\"@id\":\"https:\/\/morarmais.com.br\/mms\/#website\"},\"primaryImageOfPage\":{\"@id\":\"https:\/\/morarmais.com.br\/mms\/noite-solidaria-um-evento-em-prol-do-incavoluntario\/#primaryimage\"},\"image\":{\"@id\":\"https:\/\/morarmais.com.br\/mms\/noite-solidaria-um-evento-em-prol-do-incavoluntario\/#primaryimage\"},\"thumbnailUrl\":\"https:\/\/morarmais.com.br\/mms\/wp-content\/uploads\/2024\/12\/Daniella-Sarahyba_077A8901-1.jpg\",\"datePublished\":\"2024-12-12T18:51:12+00:00\",\"dateModified\":\"2024-12-19T14:22:56+00:00\",\"description\":\"Noite Solid\u00e1ria Inca Volunt\u00e1rio \u2013 Um Evento em Prol do INCAvolunt\u00e1rio que reuniu mais de 300 pessoas e arrecadou R$ 415.347,39.\",\"breadcrumb\":{\"@id\":\"https:\/\/morarmais.com.br\/mms\/noite-solidaria-um-evento-em-prol-do-incavoluntario\/#breadcrumb\"},\"inLanguage\":\"pt-BR\",\"potentialAction\":[{\"@type\":\"ReadAction\",\"target\":[\"https:\/\/morarmais.com.br\/mms\/noite-solidaria-um-evento-em-prol-do-incavoluntario\/\"]}]},{\"@type\":\"ImageObject\",\"inLanguage\":\"pt-BR\",\"@id\":\"https:\/\/morarmais.com.br\/mms\/noite-solidaria-um-evento-em-prol-do-incavoluntario\/#primaryimage\",\"url\":\"https:\/\/morarmais.com.br\/mms\/wp-content\/uploads\/2024\/12\/Daniella-Sarahyba_077A8901-1.jpg\",\"contentUrl\":\"https:\/\/morarmais.com.br\/mms\/wp-content\/uploads\/2024\/12\/Daniella-Sarahyba_077A8901-1.jpg\",\"width\":1500,\"height\":1000,\"caption\":\"noite solidaria inca voluntario\"},{\"@type\":\"BreadcrumbList\",\"@id\":\"https:\/\/morarmais.com.br\/mms\/noite-solidaria-um-evento-em-prol-do-incavoluntario\/#breadcrumb\",\"itemListElement\":[{\"@type\":\"ListItem\",\"position\":1,\"name\":\"In\u00edcio\",\"item\":\"https:\/\/morarmais.com.br\/mms\/\"},{\"@type\":\"ListItem\",\"position\":2,\"name\":\"Noite Solid\u00e1ria \u2013 Um Evento em Prol do INCAvolunt\u00e1rio\"}]},{\"@type\":\"WebSite\",\"@id\":\"https:\/\/morarmais.com.br\/mms\/#website\",\"url\":\"https:\/\/morarmais.com.br\/mms\/\",\"name\":\"Morar mais\",\"description\":\"O Chique que cabe no bolso\",\"publisher\":{\"@id\":\"https:\/\/morarmais.com.br\/mms\/#organization\"},\"potentialAction\":[{\"@type\":\"SearchAction\",\"target\":{\"@type\":\"EntryPoint\",\"urlTemplate\":\"https:\/\/morarmais.com.br\/mms\/?s={search_term_string}\"},\"query-input\":{\"@type\":\"PropertyValueSpecification\",\"valueRequired\":true,\"valueName\":\"search_term_string\"}}],\"inLanguage\":\"pt-BR\"},{\"@type\":\"Organization\",\"@id\":\"https:\/\/morarmais.com.br\/mms\/#organization\",\"name\":\"Morar mais\",\"url\":\"https:\/\/morarmais.com.br\/mms\/\",\"logo\":{\"@type\":\"ImageObject\",\"inLanguage\":\"pt-BR\",\"@id\":\"https:\/\/morarmais.com.br\/mms\/#\/schema\/logo\/image\/\",\"url\":\"https:\/\/morarmais.com.br\/mms\/wp-content\/uploads\/2019\/04\/cropped-logo-morar-mais-2-1-e1688661143585.png\",\"contentUrl\":\"https:\/\/morarmais.com.br\/mms\/wp-content\/uploads\/2019\/04\/cropped-logo-morar-mais-2-1-e1688661143585.png\",\"width\":130,\"height\":100,\"caption\":\"Morar mais\"},\"image\":{\"@id\":\"https:\/\/morarmais.com.br\/mms\/#\/schema\/logo\/image\/\"},\"sameAs\":[\"https:\/\/www.facebook.com\/morarmais\",\"https:\/\/www.instagram.com\/morarmaispormenos\",\"https:\/\/br.pinterest.com\/morarmais\/\"]},{\"@type\":\"Person\",\"@id\":\"https:\/\/morarmais.com.br\/mms\/#\/schema\/person\/67dda048cb1edaf0c66d3a7787857c2a\",\"name\":\"Ale Devecchi\",\"image\":{\"@type\":\"ImageObject\",\"inLanguage\":\"pt-BR\",\"@id\":\"https:\/\/morarmais.com.br\/mms\/#\/schema\/person\/image\/\",\"url\":\"https:\/\/secure.gravatar.com\/avatar\/194f7a41b78fc7f5fcbf2fb567b600b5?s=96&d=mm&r=g\",\"contentUrl\":\"https:\/\/secure.gravatar.com\/avatar\/194f7a41b78fc7f5fcbf2fb567b600b5?s=96&d=mm&r=g\",\"caption\":\"Ale Devecchi\"},\"url\":\"https:\/\/morarmais.com.br\/mms\/author\/marketing-mais\/\"}]}<\/script>\n<!-- \/ Yoast SEO plugin. -->","yoast_head_json":{"title":"Noite Solid\u00e1ria \u2013 Um Evento em Prol do INCAvolunt\u00e1rio - Morar mais","description":"Noite Solid\u00e1ria Inca Volunt\u00e1rio \u2013 Um Evento em Prol do INCAvolunt\u00e1rio que reuniu mais de 300 pessoas e arrecadou R$ 415.347,39.","robots":{"index":"index","follow":"follow","max-snippet":"max-snippet:-1","max-image-preview":"max-image-preview:large","max-video-preview":"max-video-preview:-1"},"canonical":"https:\/\/morarmais.com.br\/mms\/noite-solidaria-um-evento-em-prol-do-incavoluntario\/","og_locale":"pt_BR","og_type":"article","og_title":"Noite Solid\u00e1ria \u2013 Um Evento em Prol do INCAvolunt\u00e1rio - Morar mais","og_description":"Noite Solid\u00e1ria Inca Volunt\u00e1rio \u2013 Um Evento em Prol do INCAvolunt\u00e1rio que reuniu mais de 300 pessoas e arrecadou R$ 415.347,39.","og_url":"https:\/\/morarmais.com.br\/mms\/noite-solidaria-um-evento-em-prol-do-incavoluntario\/","og_site_name":"Morar mais","article_publisher":"https:\/\/www.facebook.com\/morarmais","article_published_time":"2024-12-12T18:51:12+00:00","article_modified_time":"2024-12-19T14:22:56+00:00","og_image":[{"width":1500,"height":1000,"url":"https:\/\/morarmais.com.br\/mms\/wp-content\/uploads\/2024\/12\/Daniella-Sarahyba_077A8901-1.jpg","type":"image\/jpeg"}],"author":"Ale Devecchi","twitter_card":"summary_large_image","twitter_misc":{"Escrito por":"Ale Devecchi","Est. tempo de leitura":"4 minutos"},"schema":{"@context":"https:\/\/schema.org","@graph":[{"@type":"Article","@id":"https:\/\/morarmais.com.br\/mms\/noite-solidaria-um-evento-em-prol-do-incavoluntario\/#article","isPartOf":{"@id":"https:\/\/morarmais.com.br\/mms\/noite-solidaria-um-evento-em-prol-do-incavoluntario\/"},"author":{"name":"Ale Devecchi","@id":"https:\/\/morarmais.com.br\/mms\/#\/schema\/person\/67dda048cb1edaf0c66d3a7787857c2a"},"headline":"Noite Solid\u00e1ria \u2013 Um Evento em Prol do INCAvolunt\u00e1rio","datePublished":"2024-12-12T18:51:12+00:00","dateModified":"2024-12-19T14:22:56+00:00","mainEntityOfPage":{"@id":"https:\/\/morarmais.com.br\/mms\/noite-solidaria-um-evento-em-prol-do-incavoluntario\/"},"wordCount":501,"commentCount":0,"publisher":{"@id":"https:\/\/morarmais.com.br\/mms\/#organization"},"image":{"@id":"https:\/\/morarmais.com.br\/mms\/noite-solidaria-um-evento-em-prol-do-incavoluntario\/#primaryimage"},"thumbnailUrl":"https:\/\/morarmais.com.br\/mms\/wp-content\/uploads\/2024\/12\/Daniella-Sarahyba_077A8901-1.jpg","articleSection":["Home","Inclus\u00e3o do Bem","Uncategorized"],"inLanguage":"pt-BR","potentialAction":[{"@type":"CommentAction","name":"Comment","target":["https:\/\/morarmais.com.br\/mms\/noite-solidaria-um-evento-em-prol-do-incavoluntario\/#respond"]}]},{"@type":"WebPage","@id":"https:\/\/morarmais.com.br\/mms\/noite-solidaria-um-evento-em-prol-do-incavoluntario\/","url":"https:\/\/morarmais.com.br\/mms\/noite-solidaria-um-evento-em-prol-do-incavoluntario\/","name":"Noite Solid\u00e1ria \u2013 Um Evento em Prol do INCAvolunt\u00e1rio - Morar mais","isPartOf":{"@id":"https:\/\/morarmais.com.br\/mms\/#website"},"primaryImageOfPage":{"@id":"https:\/\/morarmais.com.br\/mms\/noite-solidaria-um-evento-em-prol-do-incavoluntario\/#primaryimage"},"image":{"@id":"https:\/\/morarmais.com.br\/mms\/noite-solidaria-um-evento-em-prol-do-incavoluntario\/#primaryimage"},"thumbnailUrl":"https:\/\/morarmais.com.br\/mms\/wp-content\/uploads\/2024\/12\/Daniella-Sarahyba_077A8901-1.jpg","datePublished":"2024-12-12T18:51:12+00:00","dateModified":"2024-12-19T14:22:56+00:00","description":"Noite Solid\u00e1ria Inca Volunt\u00e1rio \u2013 Um Evento em Prol do INCAvolunt\u00e1rio que reuniu mais de 300 pessoas e arrecadou R$ 415.347,39.","breadcrumb":{"@id":"https:\/\/morarmais.com.br\/mms\/noite-solidaria-um-evento-em-prol-do-incavoluntario\/#breadcrumb"},"inLanguage":"pt-BR","potentialAction":[{"@type":"ReadAction","target":["https:\/\/morarmais.com.br\/mms\/noite-solidaria-um-evento-em-prol-do-incavoluntario\/"]}]},{"@type":"ImageObject","inLanguage":"pt-BR","@id":"https:\/\/morarmais.com.br\/mms\/noite-solidaria-um-evento-em-prol-do-incavoluntario\/#primaryimage","url":"https:\/\/morarmais.com.br\/mms\/wp-content\/uploads\/2024\/12\/Daniella-Sarahyba_077A8901-1.jpg","contentUrl":"https:\/\/morarmais.com.br\/mms\/wp-content\/uploads\/2024\/12\/Daniella-Sarahyba_077A8901-1.jpg","width":1500,"height":1000,"caption":"noite solidaria inca voluntario"},{"@type":"BreadcrumbList","@id":"https:\/\/morarmais.com.br\/mms\/noite-solidaria-um-evento-em-prol-do-incavoluntario\/#breadcrumb","itemListElement":[{"@type":"ListItem","position":1,"name":"In\u00edcio","item":"https:\/\/morarmais.com.br\/mms\/"},{"@type":"ListItem","position":2,"name":"Noite Solid\u00e1ria \u2013 Um Evento em Prol do INCAvolunt\u00e1rio"}]},{"@type":"WebSite","@id":"https:\/\/morarmais.com.br\/mms\/#website","url":"https:\/\/morarmais.com.br\/mms\/","name":"Morar mais","description":"O Chique que cabe no bolso","publisher":{"@id":"https:\/\/morarmais.com.br\/mms\/#organization"},"potentialAction":[{"@type":"SearchAction","target":{"@type":"EntryPoint","urlTemplate":"https:\/\/morarmais.com.br\/mms\/?s={search_term_string}"},"query-input":{"@type":"PropertyValueSpecification","valueRequired":true,"valueName":"search_term_string"}}],"inLanguage":"pt-BR"},{"@type":"Organization","@id":"https:\/\/morarmais.com.br\/mms\/#organization","name":"Morar mais","url":"https:\/\/morarmais.com.br\/mms\/","logo":{"@type":"ImageObject","inLanguage":"pt-BR","@id":"https:\/\/morarmais.com.br\/mms\/#\/schema\/logo\/image\/","url":"https:\/\/morarmais.com.br\/mms\/wp-content\/uploads\/2019\/04\/cropped-logo-morar-mais-2-1-e1688661143585.png","contentUrl":"https:\/\/morarmais.com.br\/mms\/wp-content\/uploads\/2019\/04\/cropped-logo-morar-mais-2-1-e1688661143585.png","width":130,"height":100,"caption":"Morar mais"},"image":{"@id":"https:\/\/morarmais.com.br\/mms\/#\/schema\/logo\/image\/"},"sameAs":["https:\/\/www.facebook.com\/morarmais","https:\/\/www.instagram.com\/morarmaispormenos","https:\/\/br.pinterest.com\/morarmais\/"]},{"@type":"Person","@id":"https:\/\/morarmais.com.br\/mms\/#\/schema\/person\/67dda048cb1edaf0c66d3a7787857c2a","name":"Ale Devecchi","image":{"@type":"ImageObject","inLanguage":"pt-BR","@id":"https:\/\/morarmais.com.br\/mms\/#\/schema\/person\/image\/","url":"https:\/\/secure.gravatar.com\/avatar\/194f7a41b78fc7f5fcbf2fb567b600b5?s=96&d=mm&r=g","contentUrl":"https:\/\/secure.gravatar.com\/avatar\/194f7a41b78fc7f5fcbf2fb567b600b5?s=96&d=mm&r=g","caption":"Ale Devecchi"},"url":"https:\/\/morarmais.com.br\/mms\/author\/marketing-mais\/"}]}},"_links":{"self":[{"href":"https:\/\/morarmais.com.br\/mms\/wp-json\/wp\/v2\/posts\/15697"}],"collection":[{"href":"https:\/\/morarmais.com.br\/mms\/wp-json\/wp\/v2\/posts"}],"about":[{"href":"https:\/\/morarmais.com.br\/mms\/wp-json\/wp\/v2\/types\/post"}],"author":[{"embeddable":true,"href":"https:\/\/morarmais.com.br\/mms\/wp-json\/wp\/v2\/users\/6"}],"replies":[{"embeddable":true,"href":"https:\/\/morarmais.com.br\/mms\/wp-json\/wp\/v2\/comments?post=15697"}],"version-history":[{"count":8,"href":"https:\/\/morarmais.com.br\/mms\/wp-json\/wp\/v2\/posts\/15697\/revisions"}],"predecessor-version":[{"id":15771,"href":"https:\/\/morarmais.com.br\/mms\/wp-json\/wp\/v2\/posts\/15697\/revisions\/15771"}],"wp:featuredmedia":[{"embeddable":true,"href":"https:\/\/morarmais.com.br\/mms\/wp-json\/wp\/v2\/media\/15720"}],"wp:attachment":[{"href":"https:\/\/morarmais.com.br\/mms\/wp-json\/wp\/v2\/media?parent=15697"}],"wp:term":[{"taxonomy":"category","embeddable":true,"href":"https:\/\/morarmais.com.br\/mms\/wp-json\/wp\/v2\/categories?post=15697"},{"taxonomy":"post_tag","embeddable":true,"href":"https:\/\/morarmais.com.br\/mms\/wp-json\/wp\/v2\/tags?post=15697"}],"curies":[{"name":"wp","href":"https:\/\/api.w.org\/{rel}","templated":true}]}}