{"id":1464,"date":"2017-09-20T18:49:13","date_gmt":"2017-09-20T18:49:13","guid":{"rendered":"http:\/\/www.morarmais.com.br\/blog\/?p=1464"},"modified":"2020-07-08T20:26:09","modified_gmt":"2020-07-08T20:26:09","slug":"inclusao-do-bem-3","status":"publish","type":"post","link":"https:\/\/morarmais.com.br\/mms\/inclusao-do-bem-3\/","title":{"rendered":"Gastronomia inclusiva: de bem com as diferen\u00e7as!"},"content":{"rendered":"<p>O <a href=\"http:\/\/www.madebydebbie.com.br\/\" target=\"_blank\" rel=\"noopener noreferrer\">Made by Debbie<\/a>, presente\u00a0no Morar Mais BH, pratica a gastronomia inclusiva e prova que \u00e9 tudo de bom. O menu \u00e9 delicioso e os gar\u00e7ons, para l\u00e1 de simp\u00e1ticos, s\u00e3o portadores da s\u00edndrome de Down. Para exercer a fun\u00e7\u00e3o com profissionalismo, eles recebem curso de capacita\u00e7\u00e3o e treinamento intensivo.<br \/>\n<img fetchpriority=\"high\" decoding=\"async\" class=\"alignnone size-full wp-image-1469\" src=\"http:\/\/www.morarmais.com.br\/blog\/wp-content\/uploads\/2017\/09\/morarmais-bh-inclusao_01.jpg\" alt=\"\" width=\"763\" height=\"408\" srcset=\"https:\/\/morarmais.com.br\/mms\/wp-content\/uploads\/2017\/09\/morarmais-bh-inclusao_01.jpg 763w, https:\/\/morarmais.com.br\/mms\/wp-content\/uploads\/2017\/09\/morarmais-bh-inclusao_01-300x160.jpg 300w, https:\/\/morarmais.com.br\/mms\/wp-content\/uploads\/2017\/09\/morarmais-bh-inclusao_01-500x267.jpg 500w\" sizes=\"(max-width: 763px) 100vw, 763px\" \/><br \/>\nE n\u00e3o se trata de assistencialismo. Como todos n\u00f3s, eles tamb\u00e9m t\u00eam suas particularidades e precisam estar preparados para os desafios. Uma equipe multidisciplinar e super dedicada, foca nas potencialidades de cada um e trabalha as limita\u00e7\u00f5es comuns \u00e0 s\u00edndrome, como a hipotonia (falta de t\u00f4nus muscular) e defici\u00eancia intelectual. Para os jovens ficarem craques na fun\u00e7\u00e3o, s\u00e3o treinados em for\u00e7a, equil\u00edbrio e resist\u00eancia pelo fisioterapeuta Breno Morgan, com apoio da academia BH Fight.<br \/>\n<img decoding=\"async\" class=\"alignnone size-full wp-image-1466\" src=\"http:\/\/www.morarmais.com.br\/blog\/wp-content\/uploads\/2017\/09\/morarmais-bh-inclusao_03.jpg\" alt=\"\" width=\"763\" height=\"344\" srcset=\"https:\/\/morarmais.com.br\/mms\/wp-content\/uploads\/2017\/09\/morarmais-bh-inclusao_03.jpg 763w, https:\/\/morarmais.com.br\/mms\/wp-content\/uploads\/2017\/09\/morarmais-bh-inclusao_03-300x135.jpg 300w, https:\/\/morarmais.com.br\/mms\/wp-content\/uploads\/2017\/09\/morarmais-bh-inclusao_03-500x225.jpg 500w\" sizes=\"(max-width: 763px) 100vw, 763px\" \/><br \/>\nO processo de capacita\u00e7\u00e3o \u00e9 bem abrangente. Para aprimorar a comunica\u00e7\u00e3o, eles participam de oficinas de fonoaudiologia, lideradas pelas profissionais Let\u00edcia Silva e Viviane Ribeiro.\u00a0E n\u00e3o para por a\u00ed: h\u00e1 circuitos promovidos pela fisioterapeuta Camila Conrado e pela terapeuta ocupacional Laura Monteiro, al\u00e9m de sess\u00f5es de musicoterapia com Simone Presotti.<br \/>\n<img decoding=\"async\" class=\"alignnone size-full wp-image-1467\" src=\"http:\/\/www.morarmais.com.br\/blog\/wp-content\/uploads\/2017\/09\/morarmais-bh-inclusao_05.jpg\" alt=\"\" width=\"763\" height=\"358\" srcset=\"https:\/\/morarmais.com.br\/mms\/wp-content\/uploads\/2017\/09\/morarmais-bh-inclusao_05.jpg 763w, https:\/\/morarmais.com.br\/mms\/wp-content\/uploads\/2017\/09\/morarmais-bh-inclusao_05-300x141.jpg 300w, https:\/\/morarmais.com.br\/mms\/wp-content\/uploads\/2017\/09\/morarmais-bh-inclusao_05-500x235.jpg 500w\" sizes=\"(max-width: 763px) 100vw, 763px\" \/><br \/>\nPara\u00a0dominarem todas as manhas da profiss\u00e3o, os jovens contam com Kleverthon Silva, instrutor do curso de gar\u00e7ons do SENAC e com os sommeliers da ABS, Renato Costa e Aliton Souza, que ministram aulas sobre vinhos e cerimonial.<br \/>\n<img loading=\"lazy\" decoding=\"async\" class=\"alignnone size-full wp-image-1468\" src=\"http:\/\/www.morarmais.com.br\/blog\/wp-content\/uploads\/2017\/09\/morarmais-bh-inclusao_07.jpg\" alt=\"\" width=\"763\" height=\"410\" srcset=\"https:\/\/morarmais.com.br\/mms\/wp-content\/uploads\/2017\/09\/morarmais-bh-inclusao_07.jpg 763w, https:\/\/morarmais.com.br\/mms\/wp-content\/uploads\/2017\/09\/morarmais-bh-inclusao_07-300x161.jpg 300w, https:\/\/morarmais.com.br\/mms\/wp-content\/uploads\/2017\/09\/morarmais-bh-inclusao_07-500x269.jpg 500w\" sizes=\"(max-width: 763px) 100vw, 763px\" \/><br \/>\nPara completar, os aspirantes a gar\u00e7ons e suas fam\u00edlias recebem apoio psicol\u00f3gico das profissionais Silvana de Oliveira, Waldane Ribeiro e Caroline Marques. Assim estes jovens ganham um lugar no mercado de trabalho e (eles n\u00e3o s\u00e3o umas gra\u00e7as?) no cora\u00e7\u00e3o da gente!<\/p>\n","protected":false},"excerpt":{"rendered":"<p>O Made by Debbie, presente\u00a0no Morar Mais BH, pratica a gastronomia inclusiva e prova que \u00e9 tudo de bom. O menu \u00e9 delicioso e os gar\u00e7ons, para l\u00e1 de simp\u00e1ticos, s\u00e3o portadores da s\u00edndrome de Down. Para exercer a fun\u00e7\u00e3o com profissionalismo, eles recebem curso de capacita\u00e7\u00e3o e treinamento intensivo. E n\u00e3o se trata de&hellip;&nbsp;<a href=\"https:\/\/morarmais.com.br\/mms\/inclusao-do-bem-3\/\" rel=\"bookmark\">Continue a ler &raquo;<span class=\"screen-reader-text\">Gastronomia inclusiva: de bem com as diferen\u00e7as!<\/span><\/a><\/p>\n","protected":false},"author":6,"featured_media":1465,"comment_status":"open","ping_status":"open","sticky":false,"template":"","format":"standard","meta":{"_eb_attr":"","editor_plus_copied_stylings":"{}","neve_meta_sidebar":"","neve_meta_container":"","neve_meta_enable_content_width":"off","neve_meta_content_width":0,"neve_meta_title_alignment":"","neve_meta_author_avatar":"","neve_post_elements_order":"","neve_meta_disable_header":"","neve_meta_disable_footer":"","neve_meta_disable_title":"","_themeisle_gutenberg_block_has_review":false,"_vp_format_video_url":"","_vp_image_focal_point":[],"footnotes":""},"categories":[70,23,24],"tags":[33,34,45,48,50],"class_list":["post-1464","post","type-post","status-publish","format-standard","has-post-thumbnail","hentry","category-blog","category-home","category-inclusao-do-bem","tag-belo-horizonte","tag-bh","tag-do-bem","tag-inclusao","tag-made-by-debbie"],"yoast_head":"<!-- This site is optimized with the Yoast SEO plugin v25.6 - https:\/\/yoast.com\/wordpress\/plugins\/seo\/ -->\n<title>Gastronomia inclusiva: de bem com as diferen\u00e7as! - Morar mais<\/title>\n<meta name=\"description\" content=\"O Made by Debbie, presente\u00a0no Morar Mais BH, pratica a gastronomia inclusiva e prova que \u00e9 tudo de bom.\" \/>\n<meta name=\"robots\" content=\"index, follow, max-snippet:-1, max-image-preview:large, max-video-preview:-1\" \/>\n<link rel=\"canonical\" href=\"https:\/\/morarmais.com.br\/mms\/inclusao-do-bem-3\/\" \/>\n<meta property=\"og:locale\" content=\"pt_BR\" \/>\n<meta property=\"og:type\" content=\"article\" \/>\n<meta property=\"og:title\" content=\"Gastronomia inclusiva: de bem com as diferen\u00e7as! - Morar mais\" \/>\n<meta property=\"og:description\" content=\"O Made by Debbie, presente\u00a0no Morar Mais BH, pratica a gastronomia inclusiva e prova que \u00e9 tudo de bom.\" \/>\n<meta property=\"og:url\" content=\"https:\/\/morarmais.com.br\/mms\/inclusao-do-bem-3\/\" \/>\n<meta property=\"og:site_name\" content=\"Morar mais\" \/>\n<meta property=\"article:publisher\" content=\"https:\/\/www.facebook.com\/morarmais\" \/>\n<meta property=\"article:published_time\" content=\"2017-09-20T18:49:13+00:00\" \/>\n<meta property=\"article:modified_time\" content=\"2020-07-08T20:26:09+00:00\" \/>\n<meta property=\"og:image\" content=\"https:\/\/i1.wp.com\/morarmais.com.br\/mms\/wp-content\/uploads\/2017\/09\/morarmais-bh-inclusaocapa.jpg?fit=763%2C418&ssl=1\" \/>\n\t<meta property=\"og:image:width\" content=\"763\" \/>\n\t<meta property=\"og:image:height\" content=\"418\" \/>\n\t<meta property=\"og:image:type\" content=\"image\/jpeg\" \/>\n<meta name=\"author\" content=\"Ale Devecchi\" \/>\n<meta name=\"twitter:card\" content=\"summary_large_image\" \/>\n<meta name=\"twitter:label1\" content=\"Escrito por\" \/>\n\t<meta name=\"twitter:data1\" content=\"Ale Devecchi\" \/>\n\t<meta name=\"twitter:label2\" content=\"Est. tempo de leitura\" \/>\n\t<meta name=\"twitter:data2\" content=\"1 minuto\" \/>\n<script type=\"application\/ld+json\" class=\"yoast-schema-graph\">{\"@context\":\"https:\/\/schema.org\",\"@graph\":[{\"@type\":\"Article\",\"@id\":\"https:\/\/morarmais.com.br\/mms\/inclusao-do-bem-3\/#article\",\"isPartOf\":{\"@id\":\"https:\/\/morarmais.com.br\/mms\/inclusao-do-bem-3\/\"},\"author\":{\"name\":\"Ale Devecchi\",\"@id\":\"https:\/\/morarmais.com.br\/mms\/#\/schema\/person\/67dda048cb1edaf0c66d3a7787857c2a\"},\"headline\":\"Gastronomia inclusiva: de bem com as diferen\u00e7as!\",\"datePublished\":\"2017-09-20T18:49:13+00:00\",\"dateModified\":\"2020-07-08T20:26:09+00:00\",\"mainEntityOfPage\":{\"@id\":\"https:\/\/morarmais.com.br\/mms\/inclusao-do-bem-3\/\"},\"wordCount\":294,\"commentCount\":0,\"publisher\":{\"@id\":\"https:\/\/morarmais.com.br\/mms\/#organization\"},\"image\":{\"@id\":\"https:\/\/morarmais.com.br\/mms\/inclusao-do-bem-3\/#primaryimage\"},\"thumbnailUrl\":\"https:\/\/morarmais.com.br\/mms\/wp-content\/uploads\/2017\/09\/morarmais-bh-inclusaocapa.jpg\",\"keywords\":[\"belo horizonte\",\"bh\",\"do bem\",\"inclus\u00e3o\",\"made by debbie\"],\"articleSection\":[\"Blog\",\"Home\",\"Inclus\u00e3o do Bem\"],\"inLanguage\":\"pt-BR\",\"potentialAction\":[{\"@type\":\"CommentAction\",\"name\":\"Comment\",\"target\":[\"https:\/\/morarmais.com.br\/mms\/inclusao-do-bem-3\/#respond\"]}]},{\"@type\":\"WebPage\",\"@id\":\"https:\/\/morarmais.com.br\/mms\/inclusao-do-bem-3\/\",\"url\":\"https:\/\/morarmais.com.br\/mms\/inclusao-do-bem-3\/\",\"name\":\"Gastronomia inclusiva: de bem com as diferen\u00e7as! - Morar mais\",\"isPartOf\":{\"@id\":\"https:\/\/morarmais.com.br\/mms\/#website\"},\"primaryImageOfPage\":{\"@id\":\"https:\/\/morarmais.com.br\/mms\/inclusao-do-bem-3\/#primaryimage\"},\"image\":{\"@id\":\"https:\/\/morarmais.com.br\/mms\/inclusao-do-bem-3\/#primaryimage\"},\"thumbnailUrl\":\"https:\/\/morarmais.com.br\/mms\/wp-content\/uploads\/2017\/09\/morarmais-bh-inclusaocapa.jpg\",\"datePublished\":\"2017-09-20T18:49:13+00:00\",\"dateModified\":\"2020-07-08T20:26:09+00:00\",\"description\":\"O Made by Debbie, presente\u00a0no Morar Mais BH, pratica a gastronomia inclusiva e prova que \u00e9 tudo de bom.\",\"breadcrumb\":{\"@id\":\"https:\/\/morarmais.com.br\/mms\/inclusao-do-bem-3\/#breadcrumb\"},\"inLanguage\":\"pt-BR\",\"potentialAction\":[{\"@type\":\"ReadAction\",\"target\":[\"https:\/\/morarmais.com.br\/mms\/inclusao-do-bem-3\/\"]}]},{\"@type\":\"ImageObject\",\"inLanguage\":\"pt-BR\",\"@id\":\"https:\/\/morarmais.com.br\/mms\/inclusao-do-bem-3\/#primaryimage\",\"url\":\"https:\/\/morarmais.com.br\/mms\/wp-content\/uploads\/2017\/09\/morarmais-bh-inclusaocapa.jpg\",\"contentUrl\":\"https:\/\/morarmais.com.br\/mms\/wp-content\/uploads\/2017\/09\/morarmais-bh-inclusaocapa.jpg\",\"width\":763,\"height\":418},{\"@type\":\"BreadcrumbList\",\"@id\":\"https:\/\/morarmais.com.br\/mms\/inclusao-do-bem-3\/#breadcrumb\",\"itemListElement\":[{\"@type\":\"ListItem\",\"position\":1,\"name\":\"In\u00edcio\",\"item\":\"https:\/\/morarmais.com.br\/mms\/\"},{\"@type\":\"ListItem\",\"position\":2,\"name\":\"Gastronomia inclusiva: de bem com as diferen\u00e7as!\"}]},{\"@type\":\"WebSite\",\"@id\":\"https:\/\/morarmais.com.br\/mms\/#website\",\"url\":\"https:\/\/morarmais.com.br\/mms\/\",\"name\":\"Morar mais\",\"description\":\"O Chique que cabe no bolso\",\"publisher\":{\"@id\":\"https:\/\/morarmais.com.br\/mms\/#organization\"},\"potentialAction\":[{\"@type\":\"SearchAction\",\"target\":{\"@type\":\"EntryPoint\",\"urlTemplate\":\"https:\/\/morarmais.com.br\/mms\/?s={search_term_string}\"},\"query-input\":{\"@type\":\"PropertyValueSpecification\",\"valueRequired\":true,\"valueName\":\"search_term_string\"}}],\"inLanguage\":\"pt-BR\"},{\"@type\":\"Organization\",\"@id\":\"https:\/\/morarmais.com.br\/mms\/#organization\",\"name\":\"Morar mais\",\"url\":\"https:\/\/morarmais.com.br\/mms\/\",\"logo\":{\"@type\":\"ImageObject\",\"inLanguage\":\"pt-BR\",\"@id\":\"https:\/\/morarmais.com.br\/mms\/#\/schema\/logo\/image\/\",\"url\":\"https:\/\/morarmais.com.br\/mms\/wp-content\/uploads\/2019\/04\/cropped-logo-morar-mais-2-1-e1688661143585.png\",\"contentUrl\":\"https:\/\/morarmais.com.br\/mms\/wp-content\/uploads\/2019\/04\/cropped-logo-morar-mais-2-1-e1688661143585.png\",\"width\":130,\"height\":100,\"caption\":\"Morar mais\"},\"image\":{\"@id\":\"https:\/\/morarmais.com.br\/mms\/#\/schema\/logo\/image\/\"},\"sameAs\":[\"https:\/\/www.facebook.com\/morarmais\",\"https:\/\/www.instagram.com\/morarmaispormenos\",\"https:\/\/br.pinterest.com\/morarmais\/\"]},{\"@type\":\"Person\",\"@id\":\"https:\/\/morarmais.com.br\/mms\/#\/schema\/person\/67dda048cb1edaf0c66d3a7787857c2a\",\"name\":\"Ale Devecchi\",\"image\":{\"@type\":\"ImageObject\",\"inLanguage\":\"pt-BR\",\"@id\":\"https:\/\/morarmais.com.br\/mms\/#\/schema\/person\/image\/\",\"url\":\"https:\/\/secure.gravatar.com\/avatar\/194f7a41b78fc7f5fcbf2fb567b600b5?s=96&d=mm&r=g\",\"contentUrl\":\"https:\/\/secure.gravatar.com\/avatar\/194f7a41b78fc7f5fcbf2fb567b600b5?s=96&d=mm&r=g\",\"caption\":\"Ale Devecchi\"},\"url\":\"https:\/\/morarmais.com.br\/mms\/author\/marketing-mais\/\"}]}<\/script>\n<!-- \/ Yoast SEO plugin. -->","yoast_head_json":{"title":"Gastronomia inclusiva: de bem com as diferen\u00e7as! - Morar mais","description":"O Made by Debbie, presente\u00a0no Morar Mais BH, pratica a gastronomia inclusiva e prova que \u00e9 tudo de bom.","robots":{"index":"index","follow":"follow","max-snippet":"max-snippet:-1","max-image-preview":"max-image-preview:large","max-video-preview":"max-video-preview:-1"},"canonical":"https:\/\/morarmais.com.br\/mms\/inclusao-do-bem-3\/","og_locale":"pt_BR","og_type":"article","og_title":"Gastronomia inclusiva: de bem com as diferen\u00e7as! - Morar mais","og_description":"O Made by Debbie, presente\u00a0no Morar Mais BH, pratica a gastronomia inclusiva e prova que \u00e9 tudo de bom.","og_url":"https:\/\/morarmais.com.br\/mms\/inclusao-do-bem-3\/","og_site_name":"Morar mais","article_publisher":"https:\/\/www.facebook.com\/morarmais","article_published_time":"2017-09-20T18:49:13+00:00","article_modified_time":"2020-07-08T20:26:09+00:00","og_image":[{"width":763,"height":418,"url":"https:\/\/i1.wp.com\/morarmais.com.br\/mms\/wp-content\/uploads\/2017\/09\/morarmais-bh-inclusaocapa.jpg?fit=763%2C418&ssl=1","type":"image\/jpeg"}],"author":"Ale Devecchi","twitter_card":"summary_large_image","twitter_misc":{"Escrito por":"Ale Devecchi","Est. tempo de leitura":"1 minuto"},"schema":{"@context":"https:\/\/schema.org","@graph":[{"@type":"Article","@id":"https:\/\/morarmais.com.br\/mms\/inclusao-do-bem-3\/#article","isPartOf":{"@id":"https:\/\/morarmais.com.br\/mms\/inclusao-do-bem-3\/"},"author":{"name":"Ale Devecchi","@id":"https:\/\/morarmais.com.br\/mms\/#\/schema\/person\/67dda048cb1edaf0c66d3a7787857c2a"},"headline":"Gastronomia inclusiva: de bem com as diferen\u00e7as!","datePublished":"2017-09-20T18:49:13+00:00","dateModified":"2020-07-08T20:26:09+00:00","mainEntityOfPage":{"@id":"https:\/\/morarmais.com.br\/mms\/inclusao-do-bem-3\/"},"wordCount":294,"commentCount":0,"publisher":{"@id":"https:\/\/morarmais.com.br\/mms\/#organization"},"image":{"@id":"https:\/\/morarmais.com.br\/mms\/inclusao-do-bem-3\/#primaryimage"},"thumbnailUrl":"https:\/\/morarmais.com.br\/mms\/wp-content\/uploads\/2017\/09\/morarmais-bh-inclusaocapa.jpg","keywords":["belo horizonte","bh","do bem","inclus\u00e3o","made by debbie"],"articleSection":["Blog","Home","Inclus\u00e3o do Bem"],"inLanguage":"pt-BR","potentialAction":[{"@type":"CommentAction","name":"Comment","target":["https:\/\/morarmais.com.br\/mms\/inclusao-do-bem-3\/#respond"]}]},{"@type":"WebPage","@id":"https:\/\/morarmais.com.br\/mms\/inclusao-do-bem-3\/","url":"https:\/\/morarmais.com.br\/mms\/inclusao-do-bem-3\/","name":"Gastronomia inclusiva: de bem com as diferen\u00e7as! - Morar mais","isPartOf":{"@id":"https:\/\/morarmais.com.br\/mms\/#website"},"primaryImageOfPage":{"@id":"https:\/\/morarmais.com.br\/mms\/inclusao-do-bem-3\/#primaryimage"},"image":{"@id":"https:\/\/morarmais.com.br\/mms\/inclusao-do-bem-3\/#primaryimage"},"thumbnailUrl":"https:\/\/morarmais.com.br\/mms\/wp-content\/uploads\/2017\/09\/morarmais-bh-inclusaocapa.jpg","datePublished":"2017-09-20T18:49:13+00:00","dateModified":"2020-07-08T20:26:09+00:00","description":"O Made by Debbie, presente\u00a0no Morar Mais BH, pratica a gastronomia inclusiva e prova que \u00e9 tudo de bom.","breadcrumb":{"@id":"https:\/\/morarmais.com.br\/mms\/inclusao-do-bem-3\/#breadcrumb"},"inLanguage":"pt-BR","potentialAction":[{"@type":"ReadAction","target":["https:\/\/morarmais.com.br\/mms\/inclusao-do-bem-3\/"]}]},{"@type":"ImageObject","inLanguage":"pt-BR","@id":"https:\/\/morarmais.com.br\/mms\/inclusao-do-bem-3\/#primaryimage","url":"https:\/\/morarmais.com.br\/mms\/wp-content\/uploads\/2017\/09\/morarmais-bh-inclusaocapa.jpg","contentUrl":"https:\/\/morarmais.com.br\/mms\/wp-content\/uploads\/2017\/09\/morarmais-bh-inclusaocapa.jpg","width":763,"height":418},{"@type":"BreadcrumbList","@id":"https:\/\/morarmais.com.br\/mms\/inclusao-do-bem-3\/#breadcrumb","itemListElement":[{"@type":"ListItem","position":1,"name":"In\u00edcio","item":"https:\/\/morarmais.com.br\/mms\/"},{"@type":"ListItem","position":2,"name":"Gastronomia inclusiva: de bem com as diferen\u00e7as!"}]},{"@type":"WebSite","@id":"https:\/\/morarmais.com.br\/mms\/#website","url":"https:\/\/morarmais.com.br\/mms\/","name":"Morar mais","description":"O Chique que cabe no bolso","publisher":{"@id":"https:\/\/morarmais.com.br\/mms\/#organization"},"potentialAction":[{"@type":"SearchAction","target":{"@type":"EntryPoint","urlTemplate":"https:\/\/morarmais.com.br\/mms\/?s={search_term_string}"},"query-input":{"@type":"PropertyValueSpecification","valueRequired":true,"valueName":"search_term_string"}}],"inLanguage":"pt-BR"},{"@type":"Organization","@id":"https:\/\/morarmais.com.br\/mms\/#organization","name":"Morar mais","url":"https:\/\/morarmais.com.br\/mms\/","logo":{"@type":"ImageObject","inLanguage":"pt-BR","@id":"https:\/\/morarmais.com.br\/mms\/#\/schema\/logo\/image\/","url":"https:\/\/morarmais.com.br\/mms\/wp-content\/uploads\/2019\/04\/cropped-logo-morar-mais-2-1-e1688661143585.png","contentUrl":"https:\/\/morarmais.com.br\/mms\/wp-content\/uploads\/2019\/04\/cropped-logo-morar-mais-2-1-e1688661143585.png","width":130,"height":100,"caption":"Morar mais"},"image":{"@id":"https:\/\/morarmais.com.br\/mms\/#\/schema\/logo\/image\/"},"sameAs":["https:\/\/www.facebook.com\/morarmais","https:\/\/www.instagram.com\/morarmaispormenos","https:\/\/br.pinterest.com\/morarmais\/"]},{"@type":"Person","@id":"https:\/\/morarmais.com.br\/mms\/#\/schema\/person\/67dda048cb1edaf0c66d3a7787857c2a","name":"Ale Devecchi","image":{"@type":"ImageObject","inLanguage":"pt-BR","@id":"https:\/\/morarmais.com.br\/mms\/#\/schema\/person\/image\/","url":"https:\/\/secure.gravatar.com\/avatar\/194f7a41b78fc7f5fcbf2fb567b600b5?s=96&d=mm&r=g","contentUrl":"https:\/\/secure.gravatar.com\/avatar\/194f7a41b78fc7f5fcbf2fb567b600b5?s=96&d=mm&r=g","caption":"Ale Devecchi"},"url":"https:\/\/morarmais.com.br\/mms\/author\/marketing-mais\/"}]}},"_links":{"self":[{"href":"https:\/\/morarmais.com.br\/mms\/wp-json\/wp\/v2\/posts\/1464"}],"collection":[{"href":"https:\/\/morarmais.com.br\/mms\/wp-json\/wp\/v2\/posts"}],"about":[{"href":"https:\/\/morarmais.com.br\/mms\/wp-json\/wp\/v2\/types\/post"}],"author":[{"embeddable":true,"href":"https:\/\/morarmais.com.br\/mms\/wp-json\/wp\/v2\/users\/6"}],"replies":[{"embeddable":true,"href":"https:\/\/morarmais.com.br\/mms\/wp-json\/wp\/v2\/comments?post=1464"}],"version-history":[{"count":0,"href":"https:\/\/morarmais.com.br\/mms\/wp-json\/wp\/v2\/posts\/1464\/revisions"}],"wp:featuredmedia":[{"embeddable":true,"href":"https:\/\/morarmais.com.br\/mms\/wp-json\/wp\/v2\/media\/1465"}],"wp:attachment":[{"href":"https:\/\/morarmais.com.br\/mms\/wp-json\/wp\/v2\/media?parent=1464"}],"wp:term":[{"taxonomy":"category","embeddable":true,"href":"https:\/\/morarmais.com.br\/mms\/wp-json\/wp\/v2\/categories?post=1464"},{"taxonomy":"post_tag","embeddable":true,"href":"https:\/\/morarmais.com.br\/mms\/wp-json\/wp\/v2\/tags?post=1464"}],"curies":[{"name":"wp","href":"https:\/\/api.w.org\/{rel}","templated":true}]}}