{"id":14153,"date":"2024-06-04T17:45:57","date_gmt":"2024-06-04T17:45:57","guid":{"rendered":"https:\/\/morarmais.com.br\/mms\/?p=14153"},"modified":"2024-06-18T18:45:17","modified_gmt":"2024-06-18T18:45:17","slug":"natureza-dentro-de-casa","status":"publish","type":"post","link":"https:\/\/morarmais.com.br\/mms\/natureza-dentro-de-casa\/","title":{"rendered":"Cinco ambientes que v\u00e3o te inspirar a colocar a natureza dentro de casa"},"content":{"rendered":"\n<p class=\" eplus-wrapper\">A presen\u00e7a das plantas dentro de casa n\u00e3o \u00e9 apenas um adorno decorativo, mas uma medida que promove a sa\u00fade e o bem-estar &#8211; Da redu\u00e7\u00e3o do estresse \u00e0 melhora da fun\u00e7\u00e3o cognitiva. Estudos como o realizado no Jap\u00e3o sobre Shinrin-yoku, ou \u201cbanho na floresta\u201d, demonstram que passar tempo na natureza reduz os n\u00edveis de stress e promove uma sensa\u00e7\u00e3o de relaxamento.&nbsp;<\/p>\n\n\n\n<p class=\" eplus-wrapper\">\u00c9 por isso que as plantas est\u00e3o invadindo as casas, apartamentos e escrit\u00f3rios, j\u00e1 que as pessoas passam a maior parte do tempo nestes lugares. Interagir com as esp\u00e9cies durante a poda e no regar, toc\u00e1-las e cheir\u00e1-las, pode proporcionar efeitos relaxantes semelhantes aos de estar em um ambiente natural.&nbsp;<\/p>\n\n\n\n<p class=\" eplus-wrapper\">Confira essa sele\u00e7\u00e3o de ambientes do <a href=\"https:\/\/www.instagram.com\/morarmaisgoianiaoficial\/\" target=\"_blank\" rel=\"noreferrer noopener\">Morar Mais Goi\u00e2nia<\/a> que v\u00e3o te inspirar a colocar a natureza dentro de casa:<\/p>\n\n\n\n<p class=\" eplus-wrapper\"><strong>1 &#8211; Suite Master assinada por <a href=\"https:\/\/www.instagram.com\/arqarturprado\/\" target=\"_blank\" rel=\"noreferrer noopener\">Artur Prado<\/a><\/strong><\/p>\n\n\n\n<figure class=\" wp-block-image size-large eplus-wrapper\"><img fetchpriority=\"high\" decoding=\"async\" width=\"1024\" height=\"683\" src=\"https:\/\/morarmais.com.br\/mms\/wp-content\/uploads\/2024\/06\/Foto-1-Suite-Master-1024x683.jpg\" alt=\"\" class=\"wp-image-14195\" srcset=\"https:\/\/morarmais.com.br\/mms\/wp-content\/uploads\/2024\/06\/Foto-1-Suite-Master-1024x683.jpg 1024w, https:\/\/morarmais.com.br\/mms\/wp-content\/uploads\/2024\/06\/Foto-1-Suite-Master-300x200.jpg 300w, https:\/\/morarmais.com.br\/mms\/wp-content\/uploads\/2024\/06\/Foto-1-Suite-Master-768x512.jpg 768w, https:\/\/morarmais.com.br\/mms\/wp-content\/uploads\/2024\/06\/Foto-1-Suite-Master-1536x1024.jpg 1536w, https:\/\/morarmais.com.br\/mms\/wp-content\/uploads\/2024\/06\/Foto-1-Suite-Master-1200x800.jpg 1200w, https:\/\/morarmais.com.br\/mms\/wp-content\/uploads\/2024\/06\/Foto-1-Suite-Master-500x333.jpg 500w, https:\/\/morarmais.com.br\/mms\/wp-content\/uploads\/2024\/06\/Foto-1-Suite-Master-800x533.jpg 800w, https:\/\/morarmais.com.br\/mms\/wp-content\/uploads\/2024\/06\/Foto-1-Suite-Master-1280x853.jpg 1280w, https:\/\/morarmais.com.br\/mms\/wp-content\/uploads\/2024\/06\/Foto-1-Suite-Master-930x620.jpg 930w, https:\/\/morarmais.com.br\/mms\/wp-content\/uploads\/2024\/06\/Foto-1-Suite-Master-350x233.jpg 350w, https:\/\/morarmais.com.br\/mms\/wp-content\/uploads\/2024\/06\/Foto-1-Suite-Master.jpg 1920w\" sizes=\"(max-width: 1024px) 100vw, 1024px\" \/><\/figure>\n\n\n\n<p class=\" eplus-wrapper\">Inspirada pelo Parque Nacional das Emas em Goi\u00e1s, a su\u00edte master incorpora elementos naturais do parque, e inclui a integra\u00e7\u00e3o de plantas no quarto, seguindo um conceito Urban Jungle, que \u00e9 a tend\u00eancia de utilizar plantas na decora\u00e7\u00e3o para purificar o ar, aumentar a imunidade e promover bem-estar.<\/p>\n\n\n\n<p class=\" eplus-wrapper\"><strong>2 &#8211; Banheiro PcD assinado por <a href=\"https:\/\/www.instagram.com\/mvieira.silva.7\/\" target=\"_blank\" rel=\"noreferrer noopener\">Marilia Vieira<\/a><\/strong><\/p>\n\n\n\n<figure class=\" wp-block-image size-large eplus-wrapper\"><img decoding=\"async\" width=\"683\" height=\"1024\" src=\"https:\/\/morarmais.com.br\/mms\/wp-content\/uploads\/2024\/06\/Foto-2-Banheiro-PcD-683x1024.jpg\" alt=\"\" class=\"wp-image-14196\" srcset=\"https:\/\/morarmais.com.br\/mms\/wp-content\/uploads\/2024\/06\/Foto-2-Banheiro-PcD-683x1024.jpg 683w, https:\/\/morarmais.com.br\/mms\/wp-content\/uploads\/2024\/06\/Foto-2-Banheiro-PcD-200x300.jpg 200w, https:\/\/morarmais.com.br\/mms\/wp-content\/uploads\/2024\/06\/Foto-2-Banheiro-PcD-768x1152.jpg 768w, https:\/\/morarmais.com.br\/mms\/wp-content\/uploads\/2024\/06\/Foto-2-Banheiro-PcD-1024x1536.jpg 1024w, https:\/\/morarmais.com.br\/mms\/wp-content\/uploads\/2024\/06\/Foto-2-Banheiro-PcD-600x900.jpg 600w, https:\/\/morarmais.com.br\/mms\/wp-content\/uploads\/2024\/06\/Foto-2-Banheiro-PcD-500x750.jpg 500w, https:\/\/morarmais.com.br\/mms\/wp-content\/uploads\/2024\/06\/Foto-2-Banheiro-PcD-800x1200.jpg 800w, https:\/\/morarmais.com.br\/mms\/wp-content\/uploads\/2024\/06\/Foto-2-Banheiro-PcD-350x525.jpg 350w, https:\/\/morarmais.com.br\/mms\/wp-content\/uploads\/2024\/06\/Foto-2-Banheiro-PcD.jpg 1280w\" sizes=\"(max-width: 683px) 100vw, 683px\" \/><\/figure>\n\n\n\n<p class=\" eplus-wrapper\">As plantas n\u00e3o precisam se restringir a jardins e \u00e1reas sociais. A sugest\u00e3o de Mar\u00edlia Vieira, respons\u00e1vel pelo projeto banheiro para pessoas com defici\u00eancia fugiu do padr\u00e3o tradicional, onde todos os banheiros s\u00e3o sempre de cores neutras.&nbsp; Ela introduziu plantas para tornar o ambiente mais vivo e conectado \u00e0 natureza.&nbsp;<\/p>\n\n\n\n<p class=\" eplus-wrapper\"><strong>3 &#8211; Sala de neg\u00f3cios assinada por <a href=\"https:\/\/www.instagram.com\/edsonmesquitaarquiteto\/\" target=\"_blank\" rel=\"noreferrer noopener\">Edson Mesquita<\/a><\/strong><\/p>\n\n\n\n<figure class=\" wp-block-image size-large eplus-wrapper\"><img decoding=\"async\" width=\"1024\" height=\"683\" src=\"https:\/\/morarmais.com.br\/mms\/wp-content\/uploads\/2024\/06\/c51854e4-0d35-4912-b7a7-99579fb1a507-1024x683.jpg\" alt=\"\" class=\"wp-image-14198\" srcset=\"https:\/\/morarmais.com.br\/mms\/wp-content\/uploads\/2024\/06\/c51854e4-0d35-4912-b7a7-99579fb1a507-1024x683.jpg 1024w, https:\/\/morarmais.com.br\/mms\/wp-content\/uploads\/2024\/06\/c51854e4-0d35-4912-b7a7-99579fb1a507-300x200.jpg 300w, https:\/\/morarmais.com.br\/mms\/wp-content\/uploads\/2024\/06\/c51854e4-0d35-4912-b7a7-99579fb1a507-768x512.jpg 768w, https:\/\/morarmais.com.br\/mms\/wp-content\/uploads\/2024\/06\/c51854e4-0d35-4912-b7a7-99579fb1a507-1536x1024.jpg 1536w, https:\/\/morarmais.com.br\/mms\/wp-content\/uploads\/2024\/06\/c51854e4-0d35-4912-b7a7-99579fb1a507-1200x800.jpg 1200w, https:\/\/morarmais.com.br\/mms\/wp-content\/uploads\/2024\/06\/c51854e4-0d35-4912-b7a7-99579fb1a507-500x333.jpg 500w, https:\/\/morarmais.com.br\/mms\/wp-content\/uploads\/2024\/06\/c51854e4-0d35-4912-b7a7-99579fb1a507-800x533.jpg 800w, https:\/\/morarmais.com.br\/mms\/wp-content\/uploads\/2024\/06\/c51854e4-0d35-4912-b7a7-99579fb1a507-1280x853.jpg 1280w, https:\/\/morarmais.com.br\/mms\/wp-content\/uploads\/2024\/06\/c51854e4-0d35-4912-b7a7-99579fb1a507-930x620.jpg 930w, https:\/\/morarmais.com.br\/mms\/wp-content\/uploads\/2024\/06\/c51854e4-0d35-4912-b7a7-99579fb1a507-350x233.jpg 350w, https:\/\/morarmais.com.br\/mms\/wp-content\/uploads\/2024\/06\/c51854e4-0d35-4912-b7a7-99579fb1a507.jpg 1920w\" sizes=\"(max-width: 1024px) 100vw, 1024px\" \/><\/figure>\n\n\n\n<p class=\" eplus-wrapper\">Uma pesquisa da Universidade de Queensland, na Austr\u00e1lia, revelou que a presen\u00e7a de plantas em ambientes de trabalho pode aumentar a produtividade dos funcion\u00e1rios em at\u00e9 15%. o arquiteto Edson Mesquita integrou elementos de biofilia no ambiente, que cria conex\u00e3o entre pessoas, natureza e outros seres vivos. O ambiente inclui amplo paisagismo com plantas, vasos cer\u00e2micos, seixos no piso e outros elementos naturais.<\/p>\n\n\n\n<p class=\" eplus-wrapper\"><strong>4 &#8211; Cozinha assinada por <a href=\"https:\/\/www.instagram.com\/tiagoarcht\/\" target=\"_blank\" rel=\"noreferrer noopener\">Tiago Mecenas<\/a><\/strong><\/p>\n\n\n\n<figure class=\" wp-block-image size-large eplus-wrapper\"><img loading=\"lazy\" decoding=\"async\" width=\"1024\" height=\"683\" src=\"https:\/\/morarmais.com.br\/mms\/wp-content\/uploads\/2024\/06\/Foto-4-Cozinha-1-1024x683.jpg\" alt=\"\" class=\"wp-image-14199\" srcset=\"https:\/\/morarmais.com.br\/mms\/wp-content\/uploads\/2024\/06\/Foto-4-Cozinha-1-1024x683.jpg 1024w, https:\/\/morarmais.com.br\/mms\/wp-content\/uploads\/2024\/06\/Foto-4-Cozinha-1-300x200.jpg 300w, https:\/\/morarmais.com.br\/mms\/wp-content\/uploads\/2024\/06\/Foto-4-Cozinha-1-768x512.jpg 768w, https:\/\/morarmais.com.br\/mms\/wp-content\/uploads\/2024\/06\/Foto-4-Cozinha-1-1536x1024.jpg 1536w, https:\/\/morarmais.com.br\/mms\/wp-content\/uploads\/2024\/06\/Foto-4-Cozinha-1-1200x800.jpg 1200w, https:\/\/morarmais.com.br\/mms\/wp-content\/uploads\/2024\/06\/Foto-4-Cozinha-1-500x333.jpg 500w, https:\/\/morarmais.com.br\/mms\/wp-content\/uploads\/2024\/06\/Foto-4-Cozinha-1-800x533.jpg 800w, https:\/\/morarmais.com.br\/mms\/wp-content\/uploads\/2024\/06\/Foto-4-Cozinha-1-1280x853.jpg 1280w, https:\/\/morarmais.com.br\/mms\/wp-content\/uploads\/2024\/06\/Foto-4-Cozinha-1-930x620.jpg 930w, https:\/\/morarmais.com.br\/mms\/wp-content\/uploads\/2024\/06\/Foto-4-Cozinha-1-350x233.jpg 350w, https:\/\/morarmais.com.br\/mms\/wp-content\/uploads\/2024\/06\/Foto-4-Cozinha-1.jpg 1920w\" sizes=\"(max-width: 1024px) 100vw, 1024px\" \/><\/figure>\n\n\n\n<p class=\" eplus-wrapper\">Considerada o cora\u00e7\u00e3o da casa, a cozinha tamb\u00e9m tem espa\u00e7o para o verde, que pode ser uma pequena horta ou uma parede verde. No projeto assinado pelo arquiteto Tiago Mecenas, uma parede verde traz vida ao sofisticado ambiente, tornando o espa\u00e7o mais convidativo.&nbsp;Uma \u00f3tima forma de levar a natureza para dentro de casa.<\/p>\n\n\n\n<p class=\" eplus-wrapper\"><strong>5 &#8211; Restaurante assinado por <a href=\"https:\/\/www.instagram.com\/gabrieldelanearquitetura\/\" target=\"_blank\" rel=\"noreferrer noopener\">Gabriel Delane<\/a><\/strong><\/p>\n\n\n\n<figure class=\" wp-block-image size-large eplus-wrapper\"><img loading=\"lazy\" decoding=\"async\" width=\"1024\" height=\"683\" src=\"https:\/\/morarmais.com.br\/mms\/wp-content\/uploads\/2024\/06\/Restaurante-1-1024x683.jpg\" alt=\"\" class=\"wp-image-14200\" srcset=\"https:\/\/morarmais.com.br\/mms\/wp-content\/uploads\/2024\/06\/Restaurante-1-1024x683.jpg 1024w, https:\/\/morarmais.com.br\/mms\/wp-content\/uploads\/2024\/06\/Restaurante-1-300x200.jpg 300w, https:\/\/morarmais.com.br\/mms\/wp-content\/uploads\/2024\/06\/Restaurante-1-768x512.jpg 768w, https:\/\/morarmais.com.br\/mms\/wp-content\/uploads\/2024\/06\/Restaurante-1-1536x1024.jpg 1536w, https:\/\/morarmais.com.br\/mms\/wp-content\/uploads\/2024\/06\/Restaurante-1-1200x800.jpg 1200w, https:\/\/morarmais.com.br\/mms\/wp-content\/uploads\/2024\/06\/Restaurante-1-500x333.jpg 500w, https:\/\/morarmais.com.br\/mms\/wp-content\/uploads\/2024\/06\/Restaurante-1-800x533.jpg 800w, https:\/\/morarmais.com.br\/mms\/wp-content\/uploads\/2024\/06\/Restaurante-1-1280x853.jpg 1280w, https:\/\/morarmais.com.br\/mms\/wp-content\/uploads\/2024\/06\/Restaurante-1-930x620.jpg 930w, https:\/\/morarmais.com.br\/mms\/wp-content\/uploads\/2024\/06\/Restaurante-1-350x233.jpg 350w, https:\/\/morarmais.com.br\/mms\/wp-content\/uploads\/2024\/06\/Restaurante-1.jpg 1920w\" sizes=\"(max-width: 1024px) 100vw, 1024px\" \/><\/figure>\n\n\n\n<p class=\" eplus-wrapper\">Quem n\u00e3o gosta de almo\u00e7ar ou jantar debaixo da copa de uma \u00e1rvore? Ou de um piquenique no parque? Pensando nessas sensa\u00e7\u00f5es, para alguns nost\u00e1lgicas, o arquiteto Gabriel Delane capturou essa ess\u00eancia no projeto do restaurante Tem no Tacho. Quando o visitante entra, sua primeira imagem \u00e9 uma jabuticabeira ao centro de uma mesa de concreto. O paisagismo vivo se mistura com os sabores e leva vitalidade e conforto ao espa\u00e7o.&nbsp;<\/p>\n\n\n\n<p class=\" eplus-wrapper\"><\/p>\n\n\n\n<p class=\" eplus-wrapper\"><\/p>\n\n\n\n<p class=\" eplus-wrapper\">Quer participar das pr\u00f3ximas edi\u00e7\u00f5es do Morar Mais\u00ae?&nbsp;<a href=\"https:\/\/forms.gle\/pFJhAfR8EjdZPn5u8\" target=\"_blank\" rel=\"noreferrer noopener\">Clique aqui<\/a>&nbsp;e inscreva-se agora!<\/p>\n\n\n\n<p class=\" eplus-wrapper\">Quer levar o Morar Mais\u00ae para a sua cidade?&nbsp;<a href=\"https:\/\/morarmais.com.br\/mms\/licenciamento\/\" target=\"_blank\" rel=\"noreferrer noopener\">Clique aqui<\/a>&nbsp;e saiba como!<\/p>\n","protected":false},"excerpt":{"rendered":"<p>A presen\u00e7a das plantas dentro de casa n\u00e3o \u00e9 apenas um adorno decorativo, mas uma medida que promove a sa\u00fade e o bem-estar &#8211; Da redu\u00e7\u00e3o do estresse \u00e0 melhora da fun\u00e7\u00e3o cognitiva. Estudos como o realizado no Jap\u00e3o sobre Shinrin-yoku, ou \u201cbanho na floresta\u201d, demonstram que passar tempo na natureza reduz os n\u00edveis de&hellip;&nbsp;<a href=\"https:\/\/morarmais.com.br\/mms\/natureza-dentro-de-casa\/\" rel=\"bookmark\">Continue a ler &raquo;<span class=\"screen-reader-text\">Cinco ambientes que v\u00e3o te inspirar a colocar a natureza dentro de casa<\/span><\/a><\/p>\n","protected":false},"author":6,"featured_media":14195,"comment_status":"open","ping_status":"open","sticky":false,"template":"","format":"standard","meta":{"_eb_attr":"","editor_plus_copied_stylings":"{}","neve_meta_sidebar":"full-width","neve_meta_container":"","neve_meta_enable_content_width":"","neve_meta_content_width":0,"neve_meta_title_alignment":"","neve_meta_author_avatar":"","neve_post_elements_order":"[\"title\",\"meta\",\"thumbnail\",\"content\",\"tags\",\"comments\"]","neve_meta_disable_header":"","neve_meta_disable_footer":"","neve_meta_disable_title":"","_themeisle_gutenberg_block_has_review":false,"_vp_format_video_url":"","_vp_image_focal_point":[],"footnotes":""},"categories":[23,29,1],"tags":[],"class_list":["post-14153","post","type-post","status-publish","format-standard","has-post-thumbnail","hentry","category-home","category-um-mundo-sustentavel","category-uncategorized"],"yoast_head":"<!-- This site is optimized with the Yoast SEO plugin v25.6 - https:\/\/yoast.com\/wordpress\/plugins\/seo\/ -->\n<title>Cinco ambientes que v\u00e3o te inspirar a colocar a natureza dentro de casa - Morar mais<\/title>\n<meta name=\"description\" content=\"Confira essa sele\u00e7\u00e3o de ambientes do Morar Mais Goi\u00e2nia que v\u00e3o te inspirar a colocar a natureza dentro de casa:\" \/>\n<meta name=\"robots\" content=\"index, follow, max-snippet:-1, max-image-preview:large, max-video-preview:-1\" \/>\n<link rel=\"canonical\" href=\"https:\/\/morarmais.com.br\/mms\/natureza-dentro-de-casa\/\" \/>\n<meta property=\"og:locale\" content=\"pt_BR\" \/>\n<meta property=\"og:type\" content=\"article\" \/>\n<meta property=\"og:title\" content=\"Cinco ambientes que v\u00e3o te inspirar a colocar a natureza dentro de casa - Morar mais\" \/>\n<meta property=\"og:description\" content=\"Confira essa sele\u00e7\u00e3o de ambientes do Morar Mais Goi\u00e2nia que v\u00e3o te inspirar a colocar a natureza dentro de casa:\" \/>\n<meta property=\"og:url\" content=\"https:\/\/morarmais.com.br\/mms\/natureza-dentro-de-casa\/\" \/>\n<meta property=\"og:site_name\" content=\"Morar mais\" \/>\n<meta property=\"article:publisher\" content=\"https:\/\/www.facebook.com\/morarmais\" \/>\n<meta property=\"article:published_time\" content=\"2024-06-04T17:45:57+00:00\" \/>\n<meta property=\"article:modified_time\" content=\"2024-06-18T18:45:17+00:00\" \/>\n<meta property=\"og:image\" content=\"https:\/\/morarmais.com.br\/mms\/wp-content\/uploads\/2024\/06\/Foto-1-Suite-Master.jpg\" \/>\n\t<meta property=\"og:image:width\" content=\"1920\" \/>\n\t<meta property=\"og:image:height\" content=\"1280\" \/>\n\t<meta property=\"og:image:type\" content=\"image\/jpeg\" \/>\n<meta name=\"author\" content=\"Ale Devecchi\" \/>\n<meta name=\"twitter:card\" content=\"summary_large_image\" \/>\n<meta name=\"twitter:label1\" content=\"Escrito por\" \/>\n\t<meta name=\"twitter:data1\" content=\"Ale Devecchi\" \/>\n\t<meta name=\"twitter:label2\" content=\"Est. tempo de leitura\" \/>\n\t<meta name=\"twitter:data2\" content=\"4 minutos\" \/>\n<script type=\"application\/ld+json\" class=\"yoast-schema-graph\">{\"@context\":\"https:\/\/schema.org\",\"@graph\":[{\"@type\":\"Article\",\"@id\":\"https:\/\/morarmais.com.br\/mms\/natureza-dentro-de-casa\/#article\",\"isPartOf\":{\"@id\":\"https:\/\/morarmais.com.br\/mms\/natureza-dentro-de-casa\/\"},\"author\":{\"name\":\"Ale Devecchi\",\"@id\":\"https:\/\/morarmais.com.br\/mms\/#\/schema\/person\/67dda048cb1edaf0c66d3a7787857c2a\"},\"headline\":\"Cinco ambientes que v\u00e3o te inspirar a colocar a natureza dentro de casa\",\"datePublished\":\"2024-06-04T17:45:57+00:00\",\"dateModified\":\"2024-06-18T18:45:17+00:00\",\"mainEntityOfPage\":{\"@id\":\"https:\/\/morarmais.com.br\/mms\/natureza-dentro-de-casa\/\"},\"wordCount\":542,\"commentCount\":0,\"publisher\":{\"@id\":\"https:\/\/morarmais.com.br\/mms\/#organization\"},\"image\":{\"@id\":\"https:\/\/morarmais.com.br\/mms\/natureza-dentro-de-casa\/#primaryimage\"},\"thumbnailUrl\":\"https:\/\/morarmais.com.br\/mms\/wp-content\/uploads\/2024\/06\/Foto-1-Suite-Master.jpg\",\"articleSection\":[\"Home\",\"Um mundo Sustent\u00e1vel\",\"Uncategorized\"],\"inLanguage\":\"pt-BR\",\"potentialAction\":[{\"@type\":\"CommentAction\",\"name\":\"Comment\",\"target\":[\"https:\/\/morarmais.com.br\/mms\/natureza-dentro-de-casa\/#respond\"]}]},{\"@type\":\"WebPage\",\"@id\":\"https:\/\/morarmais.com.br\/mms\/natureza-dentro-de-casa\/\",\"url\":\"https:\/\/morarmais.com.br\/mms\/natureza-dentro-de-casa\/\",\"name\":\"Cinco ambientes que v\u00e3o te inspirar a colocar a natureza dentro de casa - Morar mais\",\"isPartOf\":{\"@id\":\"https:\/\/morarmais.com.br\/mms\/#website\"},\"primaryImageOfPage\":{\"@id\":\"https:\/\/morarmais.com.br\/mms\/natureza-dentro-de-casa\/#primaryimage\"},\"image\":{\"@id\":\"https:\/\/morarmais.com.br\/mms\/natureza-dentro-de-casa\/#primaryimage\"},\"thumbnailUrl\":\"https:\/\/morarmais.com.br\/mms\/wp-content\/uploads\/2024\/06\/Foto-1-Suite-Master.jpg\",\"datePublished\":\"2024-06-04T17:45:57+00:00\",\"dateModified\":\"2024-06-18T18:45:17+00:00\",\"description\":\"Confira essa sele\u00e7\u00e3o de ambientes do Morar Mais Goi\u00e2nia que v\u00e3o te inspirar a colocar a natureza dentro de casa:\",\"breadcrumb\":{\"@id\":\"https:\/\/morarmais.com.br\/mms\/natureza-dentro-de-casa\/#breadcrumb\"},\"inLanguage\":\"pt-BR\",\"potentialAction\":[{\"@type\":\"ReadAction\",\"target\":[\"https:\/\/morarmais.com.br\/mms\/natureza-dentro-de-casa\/\"]}]},{\"@type\":\"ImageObject\",\"inLanguage\":\"pt-BR\",\"@id\":\"https:\/\/morarmais.com.br\/mms\/natureza-dentro-de-casa\/#primaryimage\",\"url\":\"https:\/\/morarmais.com.br\/mms\/wp-content\/uploads\/2024\/06\/Foto-1-Suite-Master.jpg\",\"contentUrl\":\"https:\/\/morarmais.com.br\/mms\/wp-content\/uploads\/2024\/06\/Foto-1-Suite-Master.jpg\",\"width\":1920,\"height\":1280},{\"@type\":\"BreadcrumbList\",\"@id\":\"https:\/\/morarmais.com.br\/mms\/natureza-dentro-de-casa\/#breadcrumb\",\"itemListElement\":[{\"@type\":\"ListItem\",\"position\":1,\"name\":\"In\u00edcio\",\"item\":\"https:\/\/morarmais.com.br\/mms\/\"},{\"@type\":\"ListItem\",\"position\":2,\"name\":\"Cinco ambientes que v\u00e3o te inspirar a colocar a natureza dentro de casa\"}]},{\"@type\":\"WebSite\",\"@id\":\"https:\/\/morarmais.com.br\/mms\/#website\",\"url\":\"https:\/\/morarmais.com.br\/mms\/\",\"name\":\"Morar mais\",\"description\":\"O Chique que cabe no bolso\",\"publisher\":{\"@id\":\"https:\/\/morarmais.com.br\/mms\/#organization\"},\"potentialAction\":[{\"@type\":\"SearchAction\",\"target\":{\"@type\":\"EntryPoint\",\"urlTemplate\":\"https:\/\/morarmais.com.br\/mms\/?s={search_term_string}\"},\"query-input\":{\"@type\":\"PropertyValueSpecification\",\"valueRequired\":true,\"valueName\":\"search_term_string\"}}],\"inLanguage\":\"pt-BR\"},{\"@type\":\"Organization\",\"@id\":\"https:\/\/morarmais.com.br\/mms\/#organization\",\"name\":\"Morar mais\",\"url\":\"https:\/\/morarmais.com.br\/mms\/\",\"logo\":{\"@type\":\"ImageObject\",\"inLanguage\":\"pt-BR\",\"@id\":\"https:\/\/morarmais.com.br\/mms\/#\/schema\/logo\/image\/\",\"url\":\"https:\/\/morarmais.com.br\/mms\/wp-content\/uploads\/2019\/04\/cropped-logo-morar-mais-2-1-e1688661143585.png\",\"contentUrl\":\"https:\/\/morarmais.com.br\/mms\/wp-content\/uploads\/2019\/04\/cropped-logo-morar-mais-2-1-e1688661143585.png\",\"width\":130,\"height\":100,\"caption\":\"Morar mais\"},\"image\":{\"@id\":\"https:\/\/morarmais.com.br\/mms\/#\/schema\/logo\/image\/\"},\"sameAs\":[\"https:\/\/www.facebook.com\/morarmais\",\"https:\/\/www.instagram.com\/morarmaispormenos\",\"https:\/\/br.pinterest.com\/morarmais\/\"]},{\"@type\":\"Person\",\"@id\":\"https:\/\/morarmais.com.br\/mms\/#\/schema\/person\/67dda048cb1edaf0c66d3a7787857c2a\",\"name\":\"Ale Devecchi\",\"image\":{\"@type\":\"ImageObject\",\"inLanguage\":\"pt-BR\",\"@id\":\"https:\/\/morarmais.com.br\/mms\/#\/schema\/person\/image\/\",\"url\":\"https:\/\/secure.gravatar.com\/avatar\/194f7a41b78fc7f5fcbf2fb567b600b5?s=96&d=mm&r=g\",\"contentUrl\":\"https:\/\/secure.gravatar.com\/avatar\/194f7a41b78fc7f5fcbf2fb567b600b5?s=96&d=mm&r=g\",\"caption\":\"Ale Devecchi\"},\"url\":\"https:\/\/morarmais.com.br\/mms\/author\/marketing-mais\/\"}]}<\/script>\n<!-- \/ Yoast SEO plugin. -->","yoast_head_json":{"title":"Cinco ambientes que v\u00e3o te inspirar a colocar a natureza dentro de casa - Morar mais","description":"Confira essa sele\u00e7\u00e3o de ambientes do Morar Mais Goi\u00e2nia que v\u00e3o te inspirar a colocar a natureza dentro de casa:","robots":{"index":"index","follow":"follow","max-snippet":"max-snippet:-1","max-image-preview":"max-image-preview:large","max-video-preview":"max-video-preview:-1"},"canonical":"https:\/\/morarmais.com.br\/mms\/natureza-dentro-de-casa\/","og_locale":"pt_BR","og_type":"article","og_title":"Cinco ambientes que v\u00e3o te inspirar a colocar a natureza dentro de casa - Morar mais","og_description":"Confira essa sele\u00e7\u00e3o de ambientes do Morar Mais Goi\u00e2nia que v\u00e3o te inspirar a colocar a natureza dentro de casa:","og_url":"https:\/\/morarmais.com.br\/mms\/natureza-dentro-de-casa\/","og_site_name":"Morar mais","article_publisher":"https:\/\/www.facebook.com\/morarmais","article_published_time":"2024-06-04T17:45:57+00:00","article_modified_time":"2024-06-18T18:45:17+00:00","og_image":[{"width":1920,"height":1280,"url":"https:\/\/morarmais.com.br\/mms\/wp-content\/uploads\/2024\/06\/Foto-1-Suite-Master.jpg","type":"image\/jpeg"}],"author":"Ale Devecchi","twitter_card":"summary_large_image","twitter_misc":{"Escrito por":"Ale Devecchi","Est. tempo de leitura":"4 minutos"},"schema":{"@context":"https:\/\/schema.org","@graph":[{"@type":"Article","@id":"https:\/\/morarmais.com.br\/mms\/natureza-dentro-de-casa\/#article","isPartOf":{"@id":"https:\/\/morarmais.com.br\/mms\/natureza-dentro-de-casa\/"},"author":{"name":"Ale Devecchi","@id":"https:\/\/morarmais.com.br\/mms\/#\/schema\/person\/67dda048cb1edaf0c66d3a7787857c2a"},"headline":"Cinco ambientes que v\u00e3o te inspirar a colocar a natureza dentro de casa","datePublished":"2024-06-04T17:45:57+00:00","dateModified":"2024-06-18T18:45:17+00:00","mainEntityOfPage":{"@id":"https:\/\/morarmais.com.br\/mms\/natureza-dentro-de-casa\/"},"wordCount":542,"commentCount":0,"publisher":{"@id":"https:\/\/morarmais.com.br\/mms\/#organization"},"image":{"@id":"https:\/\/morarmais.com.br\/mms\/natureza-dentro-de-casa\/#primaryimage"},"thumbnailUrl":"https:\/\/morarmais.com.br\/mms\/wp-content\/uploads\/2024\/06\/Foto-1-Suite-Master.jpg","articleSection":["Home","Um mundo Sustent\u00e1vel","Uncategorized"],"inLanguage":"pt-BR","potentialAction":[{"@type":"CommentAction","name":"Comment","target":["https:\/\/morarmais.com.br\/mms\/natureza-dentro-de-casa\/#respond"]}]},{"@type":"WebPage","@id":"https:\/\/morarmais.com.br\/mms\/natureza-dentro-de-casa\/","url":"https:\/\/morarmais.com.br\/mms\/natureza-dentro-de-casa\/","name":"Cinco ambientes que v\u00e3o te inspirar a colocar a natureza dentro de casa - Morar mais","isPartOf":{"@id":"https:\/\/morarmais.com.br\/mms\/#website"},"primaryImageOfPage":{"@id":"https:\/\/morarmais.com.br\/mms\/natureza-dentro-de-casa\/#primaryimage"},"image":{"@id":"https:\/\/morarmais.com.br\/mms\/natureza-dentro-de-casa\/#primaryimage"},"thumbnailUrl":"https:\/\/morarmais.com.br\/mms\/wp-content\/uploads\/2024\/06\/Foto-1-Suite-Master.jpg","datePublished":"2024-06-04T17:45:57+00:00","dateModified":"2024-06-18T18:45:17+00:00","description":"Confira essa sele\u00e7\u00e3o de ambientes do Morar Mais Goi\u00e2nia que v\u00e3o te inspirar a colocar a natureza dentro de casa:","breadcrumb":{"@id":"https:\/\/morarmais.com.br\/mms\/natureza-dentro-de-casa\/#breadcrumb"},"inLanguage":"pt-BR","potentialAction":[{"@type":"ReadAction","target":["https:\/\/morarmais.com.br\/mms\/natureza-dentro-de-casa\/"]}]},{"@type":"ImageObject","inLanguage":"pt-BR","@id":"https:\/\/morarmais.com.br\/mms\/natureza-dentro-de-casa\/#primaryimage","url":"https:\/\/morarmais.com.br\/mms\/wp-content\/uploads\/2024\/06\/Foto-1-Suite-Master.jpg","contentUrl":"https:\/\/morarmais.com.br\/mms\/wp-content\/uploads\/2024\/06\/Foto-1-Suite-Master.jpg","width":1920,"height":1280},{"@type":"BreadcrumbList","@id":"https:\/\/morarmais.com.br\/mms\/natureza-dentro-de-casa\/#breadcrumb","itemListElement":[{"@type":"ListItem","position":1,"name":"In\u00edcio","item":"https:\/\/morarmais.com.br\/mms\/"},{"@type":"ListItem","position":2,"name":"Cinco ambientes que v\u00e3o te inspirar a colocar a natureza dentro de casa"}]},{"@type":"WebSite","@id":"https:\/\/morarmais.com.br\/mms\/#website","url":"https:\/\/morarmais.com.br\/mms\/","name":"Morar mais","description":"O Chique que cabe no bolso","publisher":{"@id":"https:\/\/morarmais.com.br\/mms\/#organization"},"potentialAction":[{"@type":"SearchAction","target":{"@type":"EntryPoint","urlTemplate":"https:\/\/morarmais.com.br\/mms\/?s={search_term_string}"},"query-input":{"@type":"PropertyValueSpecification","valueRequired":true,"valueName":"search_term_string"}}],"inLanguage":"pt-BR"},{"@type":"Organization","@id":"https:\/\/morarmais.com.br\/mms\/#organization","name":"Morar mais","url":"https:\/\/morarmais.com.br\/mms\/","logo":{"@type":"ImageObject","inLanguage":"pt-BR","@id":"https:\/\/morarmais.com.br\/mms\/#\/schema\/logo\/image\/","url":"https:\/\/morarmais.com.br\/mms\/wp-content\/uploads\/2019\/04\/cropped-logo-morar-mais-2-1-e1688661143585.png","contentUrl":"https:\/\/morarmais.com.br\/mms\/wp-content\/uploads\/2019\/04\/cropped-logo-morar-mais-2-1-e1688661143585.png","width":130,"height":100,"caption":"Morar mais"},"image":{"@id":"https:\/\/morarmais.com.br\/mms\/#\/schema\/logo\/image\/"},"sameAs":["https:\/\/www.facebook.com\/morarmais","https:\/\/www.instagram.com\/morarmaispormenos","https:\/\/br.pinterest.com\/morarmais\/"]},{"@type":"Person","@id":"https:\/\/morarmais.com.br\/mms\/#\/schema\/person\/67dda048cb1edaf0c66d3a7787857c2a","name":"Ale Devecchi","image":{"@type":"ImageObject","inLanguage":"pt-BR","@id":"https:\/\/morarmais.com.br\/mms\/#\/schema\/person\/image\/","url":"https:\/\/secure.gravatar.com\/avatar\/194f7a41b78fc7f5fcbf2fb567b600b5?s=96&d=mm&r=g","contentUrl":"https:\/\/secure.gravatar.com\/avatar\/194f7a41b78fc7f5fcbf2fb567b600b5?s=96&d=mm&r=g","caption":"Ale Devecchi"},"url":"https:\/\/morarmais.com.br\/mms\/author\/marketing-mais\/"}]}},"_links":{"self":[{"href":"https:\/\/morarmais.com.br\/mms\/wp-json\/wp\/v2\/posts\/14153"}],"collection":[{"href":"https:\/\/morarmais.com.br\/mms\/wp-json\/wp\/v2\/posts"}],"about":[{"href":"https:\/\/morarmais.com.br\/mms\/wp-json\/wp\/v2\/types\/post"}],"author":[{"embeddable":true,"href":"https:\/\/morarmais.com.br\/mms\/wp-json\/wp\/v2\/users\/6"}],"replies":[{"embeddable":true,"href":"https:\/\/morarmais.com.br\/mms\/wp-json\/wp\/v2\/comments?post=14153"}],"version-history":[{"count":0,"href":"https:\/\/morarmais.com.br\/mms\/wp-json\/wp\/v2\/posts\/14153\/revisions"}],"wp:featuredmedia":[{"embeddable":true,"href":"https:\/\/morarmais.com.br\/mms\/wp-json\/wp\/v2\/media\/14195"}],"wp:attachment":[{"href":"https:\/\/morarmais.com.br\/mms\/wp-json\/wp\/v2\/media?parent=14153"}],"wp:term":[{"taxonomy":"category","embeddable":true,"href":"https:\/\/morarmais.com.br\/mms\/wp-json\/wp\/v2\/categories?post=14153"},{"taxonomy":"post_tag","embeddable":true,"href":"https:\/\/morarmais.com.br\/mms\/wp-json\/wp\/v2\/tags?post=14153"}],"curies":[{"name":"wp","href":"https:\/\/api.w.org\/{rel}","templated":true}]}}