{"id":13759,"date":"2024-05-05T23:51:19","date_gmt":"2024-05-05T23:51:19","guid":{"rendered":"https:\/\/morarmais.com.br\/mms\/48-sala-de-banho\/"},"modified":"2024-05-08T16:15:11","modified_gmt":"2024-05-08T16:15:11","slug":"48-sala-de-banho","status":"publish","type":"post","link":"https:\/\/morarmais.com.br\/mms\/48-sala-de-banho\/","title":{"rendered":"48 &#8211; SALA DE BANHO"},"content":{"rendered":"<div class=\" wp-block-columns alignwide eplus-wrapper is-layout-flex wp-container-core-columns-is-layout-1 wp-block-columns-is-layout-flex eplus-styles-uid-d172bf\">\n<div class=\" wp-block-column eplus-wrapper is-layout-flow wp-block-column-is-layout-flow\" style=\"flex-basis:100%\">\n<h2 class=\" wp-block-heading alignfull has-background has-x-large-font-size eplus-wrapper\" style=\"background-color:#f7f7f7;padding-top:10px;padding-right:var(--wp--preset--spacing--30);padding-bottom:10px;padding-left:15px\">48 &#8211; SALA DE BANHO<\/h2>\n<\/div>\n<\/div>\n\n<div class=\" wp-block-columns alignwide eplus-wrapper is-layout-flex wp-container-core-columns-is-layout-3 wp-block-columns-is-layout-flex eplus-styles-uid-c2bc7b\">\n<div class=\" wp-block-column eplus-wrapper is-layout-flow wp-block-column-is-layout-flow\" style=\"flex-basis:50%\"><div class=\" wp-block-columns eplus-wrapper is-layout-flex wp-container-core-columns-is-layout-2 wp-block-columns-is-layout-flex eplus-styles-uid-b30738\">\n<div class=\" wp-block-column eplus-wrapper is-layout-flow wp-block-column-is-layout-flow\" style=\"flex-basis:100%\">\n<p class=\" eplus-wrapper\"><span style=\"display:block; background-color:#f0f8ff; padding:8%; border-radius: 10px; box-shadow: 0 1px 2px rgba(0,0,0,.1), 0 2px 8px rgba(0,0,0,.05);\">Vanessa De Mani<br>(11) 94038-3009 <br>contato@vanessademani.com.br<br><a href=\"https:\/\/www.instagram.com\/\" vanessademaniinteriores=\"\">@vanessademaniinteriores<\/a><\/span><\/p>\n<\/div>\n<\/div>\n\n\n<p class=\" eplus-wrapper\">Pensado como um local de ref\u00fagio e descanso, o espa\u00e7o tem como proposta\nagu\u00e7ar os sentidos: o tom verde, relaxante e calmante, proporciona bem\nestar. A ilumina\u00e7\u00e3o indireta, com circuitos automatizados, criam cenas\nde acordo com o momento e incorporam tecnologia ao espa\u00e7o. O box\ne as bancadas, com design exclusivo em acr\u00edlico tecnol\u00f3gico, que conta\ncom elementos naturais em sua composi\u00e7\u00e3o, criam um efeito inovador,\nal\u00e9m de proporcionar maior seguran\u00e7a em rela\u00e7\u00e3o ao vidro. Madeira de\ndemoli\u00e7\u00e3o com verniz n\u00e1utico completa a bancada. Um banco criado\nexclusivamente para o evento arremata o espa\u00e7o.<\/p>\n\n\n\n<p class=\" eplus-wrapper\"><b>Parceiros:<\/b> ABC Light | Brendelli Banho e Revestimentos | TS Home &amp; Office | Reinaldo Sousa | Decorando Meu Ape Store | Lorenzetti | Thais Oncken Designer<\/p>\n<\/div>\n\n\n\n<div class=\" wp-block-column eplus-wrapper is-layout-flow wp-block-column-is-layout-flow\" style=\"flex-basis:50%\"><div class=\"wp-block-visual-portfolio alignwide\">\n<div class=\"vp-portfolio vp-uid-0a70d801 vp-id-2lXd2u\" data-vp-layout=\"masonry\" data-vp-content-source=\"images\" data-vp-items-style=\"fade\" data-vp-items-click-action=\"popup_gallery\" data-vp-items-gap=\"10\" data-vp-items-gap-vertical=\"10\" data-vp-pagination=\"load-more\" data-vp-next-page-url=\"\" data-vp-masonry-columns=\"2\">\n\t<div class=\"vp-portfolio__preloader-wrap\">\n\t\t<div class=\"vp-portfolio__preloader\">\n\t\t\t<img decoding=\"async\" loading=\"eager\" src=\"https:\/\/morarmais.com.br\/mms\/wp-content\/plugins\/visual-portfolio\/assets\/images\/logo-dark.svg\" alt=\"Visual Portfolio, Posts &amp; Image Gallery for WordPress\" width=\"20\" height=\"20\" data-skip-lazy>\n\t\t<\/div>\n\t<\/div>\n\t\t<div class=\"vp-portfolio__items-wrap\">\n\t\t\t\n<div class=\"vp-portfolio__items vp-portfolio__items-style-fade vp-portfolio__items-show-overlay-hover\">\n\n\t\t<div class=\"vp-portfolio__item-wrap vp-portfolio__item-uid-6aa697e1\" data-vp-filter=\"\">\n\t\t\t<template class=\"vp-portfolio__item-popup\" style=\"display: none\" data-vp-popup-img=\"https:\/\/morarmais.com.br\/mms\/wp-content\/uploads\/2024\/05\/48-Sala-de-Banho.jpg\" data-vp-popup-img-srcset=\"https:\/\/morarmais.com.br\/mms\/wp-content\/uploads\/2024\/05\/48-Sala-de-Banho.jpg 1200w, https:\/\/morarmais.com.br\/mms\/wp-content\/uploads\/2024\/05\/48-Sala-de-Banho-300x200.jpg 300w, https:\/\/morarmais.com.br\/mms\/wp-content\/uploads\/2024\/05\/48-Sala-de-Banho-1024x683.jpg 1024w, https:\/\/morarmais.com.br\/mms\/wp-content\/uploads\/2024\/05\/48-Sala-de-Banho-768x512.jpg 768w, https:\/\/morarmais.com.br\/mms\/wp-content\/uploads\/2024\/05\/48-Sala-de-Banho-500x333.jpg 500w, https:\/\/morarmais.com.br\/mms\/wp-content\/uploads\/2024\/05\/48-Sala-de-Banho-800x533.jpg 800w, https:\/\/morarmais.com.br\/mms\/wp-content\/uploads\/2024\/05\/48-Sala-de-Banho-930x620.jpg 930w, https:\/\/morarmais.com.br\/mms\/wp-content\/uploads\/2024\/05\/48-Sala-de-Banho-350x233.jpg 350w\" data-vp-popup-img-size=\"1200x800\" data-vp-popup-md-img=\"https:\/\/morarmais.com.br\/mms\/wp-content\/uploads\/2024\/05\/48-Sala-de-Banho-800x533.jpg\" data-vp-popup-md-img-size=\"800x533\" data-vp-popup-sm-img=\"https:\/\/morarmais.com.br\/mms\/wp-content\/uploads\/2024\/05\/48-Sala-de-Banho-500x333.jpg\" data-vp-popup-sm-img-size=\"500x333\">\n\t<\/template>\n\t\t\t\t\t\t<figure class=\"vp-portfolio__item\">\n\t\t\t\t\n<div class=\"vp-portfolio__item-img-wrap\">\n\t<div class=\"vp-portfolio__item-img\">\n\t\t\t<a href=\"https:\/\/morarmais.com.br\/mms\/wp-content\/uploads\/2024\/05\/48-Sala-de-Banho.jpg\">\n\t\n\t\t<noscript><img fetchpriority=\"high\" decoding=\"async\" width=\"1200\" height=\"800\" data-skip-lazy src=\"https:\/\/morarmais.com.br\/mms\/wp-content\/uploads\/2024\/05\/48-Sala-de-Banho.jpg\" class=\"wp-image-13627\" alt=\"\" srcset=\"https:\/\/morarmais.com.br\/mms\/wp-content\/uploads\/2024\/05\/48-Sala-de-Banho.jpg 1200w, https:\/\/morarmais.com.br\/mms\/wp-content\/uploads\/2024\/05\/48-Sala-de-Banho-300x200.jpg 300w, https:\/\/morarmais.com.br\/mms\/wp-content\/uploads\/2024\/05\/48-Sala-de-Banho-1024x683.jpg 1024w, https:\/\/morarmais.com.br\/mms\/wp-content\/uploads\/2024\/05\/48-Sala-de-Banho-768x512.jpg 768w, https:\/\/morarmais.com.br\/mms\/wp-content\/uploads\/2024\/05\/48-Sala-de-Banho-500x333.jpg 500w, https:\/\/morarmais.com.br\/mms\/wp-content\/uploads\/2024\/05\/48-Sala-de-Banho-800x533.jpg 800w, https:\/\/morarmais.com.br\/mms\/wp-content\/uploads\/2024\/05\/48-Sala-de-Banho-930x620.jpg 930w, https:\/\/morarmais.com.br\/mms\/wp-content\/uploads\/2024\/05\/48-Sala-de-Banho-350x233.jpg 350w\" sizes=\"(max-width: 1200px) 100vw, 1200px\"><\/noscript><img decoding=\"async\" width=\"1200\" height=\"800\" src=\"https:\/\/morarmais.com.br\/mms\/wp-content\/uploads\/2024\/05\/48-Sala-de-Banho.jpg\" class=\"wp-image-13627 vp-lazyload\" alt srcset=\"data:image\/svg+xml;base64,PHN2ZyB3aWR0aD0iMTIwMCIgaGVpZ2h0PSI4MDAiIHZpZXdCb3g9IjAgMCAxMjAwIDgwMCIgZmlsbD0ibm9uZSIgeG1sbnM9Imh0dHA6Ly93d3cudzMub3JnLzIwMDAvc3ZnIj48L3N2Zz4=\" data-src=\"https:\/\/morarmais.com.br\/mms\/wp-content\/uploads\/2024\/05\/48-Sala-de-Banho.jpg\" data-srcset=\"https:\/\/morarmais.com.br\/mms\/wp-content\/uploads\/2024\/05\/48-Sala-de-Banho.jpg 1200w, https:\/\/morarmais.com.br\/mms\/wp-content\/uploads\/2024\/05\/48-Sala-de-Banho-300x200.jpg 300w, https:\/\/morarmais.com.br\/mms\/wp-content\/uploads\/2024\/05\/48-Sala-de-Banho-1024x683.jpg 1024w, https:\/\/morarmais.com.br\/mms\/wp-content\/uploads\/2024\/05\/48-Sala-de-Banho-768x512.jpg 768w, https:\/\/morarmais.com.br\/mms\/wp-content\/uploads\/2024\/05\/48-Sala-de-Banho-500x333.jpg 500w, https:\/\/morarmais.com.br\/mms\/wp-content\/uploads\/2024\/05\/48-Sala-de-Banho-800x533.jpg 800w, https:\/\/morarmais.com.br\/mms\/wp-content\/uploads\/2024\/05\/48-Sala-de-Banho-930x620.jpg 930w, https:\/\/morarmais.com.br\/mms\/wp-content\/uploads\/2024\/05\/48-Sala-de-Banho-350x233.jpg 350w\" data-sizes=\"auto\" loading=\"eager\">\n\t\t<\/a>\t<\/div>\n<\/div>\n\t<div class=\"vp-portfolio__item-overlay\">\n\t\t\t<a href=\"https:\/\/morarmais.com.br\/mms\/wp-content\/uploads\/2024\/05\/48-Sala-de-Banho.jpg\" tabindex=\"-1\" class=\"vp-portfolio__item-meta\">\n\t\t\t<\/a>\t<\/div>\n\t\t\t\t<\/figure>\n\t\t\t\t\t<\/div>\n\t\t\n\t\t<div class=\"vp-portfolio__item-wrap vp-portfolio__item-uid-e3e2c61e\" data-vp-filter=\"\">\n\t\t\t<template class=\"vp-portfolio__item-popup\" style=\"display: none\" data-vp-popup-img=\"https:\/\/morarmais.com.br\/mms\/wp-content\/uploads\/2020\/03\/48.-SALA-DE-BANHO-assinada-por-Vanessa-De-Mani-@vanessademaniinteriores-MM-SP-2019-1-scaled.jpg\" data-vp-popup-img-srcset=\"https:\/\/morarmais.com.br\/mms\/wp-content\/uploads\/2020\/03\/48.-SALA-DE-BANHO-assinada-por-Vanessa-De-Mani-@vanessademaniinteriores-MM-SP-2019-1-scaled.jpg 2381w, https:\/\/morarmais.com.br\/mms\/wp-content\/uploads\/2020\/03\/48.-SALA-DE-BANHO-assinada-por-Vanessa-De-Mani-@vanessademaniinteriores-MM-SP-2019-1-279x300.jpg 279w, https:\/\/morarmais.com.br\/mms\/wp-content\/uploads\/2020\/03\/48.-SALA-DE-BANHO-assinada-por-Vanessa-De-Mani-@vanessademaniinteriores-MM-SP-2019-1-953x1024.jpg 953w, https:\/\/morarmais.com.br\/mms\/wp-content\/uploads\/2020\/03\/48.-SALA-DE-BANHO-assinada-por-Vanessa-De-Mani-@vanessademaniinteriores-MM-SP-2019-1-768x826.jpg 768w, https:\/\/morarmais.com.br\/mms\/wp-content\/uploads\/2020\/03\/48.-SALA-DE-BANHO-assinada-por-Vanessa-De-Mani-@vanessademaniinteriores-MM-SP-2019-1-1429x1536.jpg 1429w, https:\/\/morarmais.com.br\/mms\/wp-content\/uploads\/2020\/03\/48.-SALA-DE-BANHO-assinada-por-Vanessa-De-Mani-@vanessademaniinteriores-MM-SP-2019-1-1905x2048.jpg 1905w, https:\/\/morarmais.com.br\/mms\/wp-content\/uploads\/2020\/03\/48.-SALA-DE-BANHO-assinada-por-Vanessa-De-Mani-@vanessademaniinteriores-MM-SP-2019-1-350x376.jpg 350w\" data-vp-popup-img-size=\"1920x2064\" data-vp-popup-md-img=\"https:\/\/morarmais.com.br\/mms\/wp-content\/uploads\/2020\/03\/48.-SALA-DE-BANHO-assinada-por-Vanessa-De-Mani-@vanessademaniinteriores-MM-SP-2019-1-scaled.jpg\" data-vp-popup-md-img-size=\"800x860\" data-vp-popup-sm-img=\"https:\/\/morarmais.com.br\/mms\/wp-content\/uploads\/2020\/03\/48.-SALA-DE-BANHO-assinada-por-Vanessa-De-Mani-@vanessademaniinteriores-MM-SP-2019-1-scaled.jpg\" data-vp-popup-sm-img-size=\"500x538\">\n\t<\/template>\n\t\t\t\t\t\t<figure class=\"vp-portfolio__item\">\n\t\t\t\t\n<div class=\"vp-portfolio__item-img-wrap\">\n\t<div class=\"vp-portfolio__item-img\">\n\t\t\t<a href=\"https:\/\/morarmais.com.br\/mms\/wp-content\/uploads\/2020\/03\/48.-SALA-DE-BANHO-assinada-por-Vanessa-De-Mani-@vanessademaniinteriores-MM-SP-2019-1-scaled.jpg\">\n\t\n\t\t<noscript><img decoding=\"async\" width=\"1920\" height=\"2064\" data-skip-lazy src=\"https:\/\/morarmais.com.br\/mms\/wp-content\/uploads\/2020\/03\/48.-SALA-DE-BANHO-assinada-por-Vanessa-De-Mani-@vanessademaniinteriores-MM-SP-2019-1-scaled.jpg\" class=\"wp-image-2748\" alt=\"\" srcset=\"https:\/\/morarmais.com.br\/mms\/wp-content\/uploads\/2020\/03\/48.-SALA-DE-BANHO-assinada-por-Vanessa-De-Mani-@vanessademaniinteriores-MM-SP-2019-1-scaled.jpg 2381w, https:\/\/morarmais.com.br\/mms\/wp-content\/uploads\/2020\/03\/48.-SALA-DE-BANHO-assinada-por-Vanessa-De-Mani-@vanessademaniinteriores-MM-SP-2019-1-279x300.jpg 279w, https:\/\/morarmais.com.br\/mms\/wp-content\/uploads\/2020\/03\/48.-SALA-DE-BANHO-assinada-por-Vanessa-De-Mani-@vanessademaniinteriores-MM-SP-2019-1-953x1024.jpg 953w, https:\/\/morarmais.com.br\/mms\/wp-content\/uploads\/2020\/03\/48.-SALA-DE-BANHO-assinada-por-Vanessa-De-Mani-@vanessademaniinteriores-MM-SP-2019-1-768x826.jpg 768w, https:\/\/morarmais.com.br\/mms\/wp-content\/uploads\/2020\/03\/48.-SALA-DE-BANHO-assinada-por-Vanessa-De-Mani-@vanessademaniinteriores-MM-SP-2019-1-1429x1536.jpg 1429w, https:\/\/morarmais.com.br\/mms\/wp-content\/uploads\/2020\/03\/48.-SALA-DE-BANHO-assinada-por-Vanessa-De-Mani-@vanessademaniinteriores-MM-SP-2019-1-1905x2048.jpg 1905w, https:\/\/morarmais.com.br\/mms\/wp-content\/uploads\/2020\/03\/48.-SALA-DE-BANHO-assinada-por-Vanessa-De-Mani-@vanessademaniinteriores-MM-SP-2019-1-350x376.jpg 350w\" sizes=\"(max-width: 1920px) 100vw, 1920px\"><\/noscript><img decoding=\"async\" width=\"1920\" height=\"2064\" src=\"https:\/\/morarmais.com.br\/mms\/wp-content\/uploads\/2020\/03\/48.-SALA-DE-BANHO-assinada-por-Vanessa-De-Mani-@vanessademaniinteriores-MM-SP-2019-1-scaled.jpg\" class=\"wp-image-2748 vp-lazyload\" alt srcset=\"data:image\/svg+xml;base64,PHN2ZyB3aWR0aD0iMTkyMCIgaGVpZ2h0PSIyMDY0IiB2aWV3Qm94PSIwIDAgMTkyMCAyMDY0IiBmaWxsPSJub25lIiB4bWxucz0iaHR0cDovL3d3dy53My5vcmcvMjAwMC9zdmciPjwvc3ZnPg==\" data-src=\"https:\/\/morarmais.com.br\/mms\/wp-content\/uploads\/2020\/03\/48.-SALA-DE-BANHO-assinada-por-Vanessa-De-Mani-@vanessademaniinteriores-MM-SP-2019-1-scaled.jpg\" data-srcset=\"https:\/\/morarmais.com.br\/mms\/wp-content\/uploads\/2020\/03\/48.-SALA-DE-BANHO-assinada-por-Vanessa-De-Mani-@vanessademaniinteriores-MM-SP-2019-1-scaled.jpg 2381w, https:\/\/morarmais.com.br\/mms\/wp-content\/uploads\/2020\/03\/48.-SALA-DE-BANHO-assinada-por-Vanessa-De-Mani-@vanessademaniinteriores-MM-SP-2019-1-279x300.jpg 279w, https:\/\/morarmais.com.br\/mms\/wp-content\/uploads\/2020\/03\/48.-SALA-DE-BANHO-assinada-por-Vanessa-De-Mani-@vanessademaniinteriores-MM-SP-2019-1-953x1024.jpg 953w, https:\/\/morarmais.com.br\/mms\/wp-content\/uploads\/2020\/03\/48.-SALA-DE-BANHO-assinada-por-Vanessa-De-Mani-@vanessademaniinteriores-MM-SP-2019-1-768x826.jpg 768w, https:\/\/morarmais.com.br\/mms\/wp-content\/uploads\/2020\/03\/48.-SALA-DE-BANHO-assinada-por-Vanessa-De-Mani-@vanessademaniinteriores-MM-SP-2019-1-1429x1536.jpg 1429w, https:\/\/morarmais.com.br\/mms\/wp-content\/uploads\/2020\/03\/48.-SALA-DE-BANHO-assinada-por-Vanessa-De-Mani-@vanessademaniinteriores-MM-SP-2019-1-1905x2048.jpg 1905w, https:\/\/morarmais.com.br\/mms\/wp-content\/uploads\/2020\/03\/48.-SALA-DE-BANHO-assinada-por-Vanessa-De-Mani-@vanessademaniinteriores-MM-SP-2019-1-350x376.jpg 350w\" data-sizes=\"auto\" loading=\"eager\">\n\t\t<\/a>\t<\/div>\n<\/div>\n\t<div class=\"vp-portfolio__item-overlay\">\n\t\t\t<a href=\"https:\/\/morarmais.com.br\/mms\/wp-content\/uploads\/2020\/03\/48.-SALA-DE-BANHO-assinada-por-Vanessa-De-Mani-@vanessademaniinteriores-MM-SP-2019-1-scaled.jpg\" tabindex=\"-1\" class=\"vp-portfolio__item-meta\">\n\t\t\t<\/a>\t<\/div>\n\t\t\t\t<\/figure>\n\t\t\t\t\t<\/div>\n\t\t\n<\/div>\n\t\t<\/div>\n\t\t\n<\/div>\n<\/div><\/div>\n<\/div>","protected":false},"excerpt":{"rendered":"<p>48 &#8211; SALA DE BANHO Vanessa De Mani(11) 94038-3009 contato@vanessademani.com.br@vanessademaniinteriores Pensado como um local de ref\u00fagio e descanso, o espa\u00e7o tem como proposta agu\u00e7ar os sentidos: o tom verde, relaxante e calmante, proporciona bem estar. A ilumina\u00e7\u00e3o indireta, com circuitos automatizados, criam cenas de acordo com o momento e incorporam tecnologia ao espa\u00e7o. O box&hellip;&nbsp;<a href=\"https:\/\/morarmais.com.br\/mms\/48-sala-de-banho\/\" rel=\"bookmark\">Continue a ler &raquo;<span class=\"screen-reader-text\">48 &#8211; SALA DE BANHO<\/span><\/a><\/p>\n","protected":false},"author":1,"featured_media":13627,"comment_status":"close","ping_status":"open","sticky":false,"template":"elementor_header_footer","format":"standard","meta":{"_eb_attr":"","editor_plus_copied_stylings":"{}","neve_meta_sidebar":"","neve_meta_container":"","neve_meta_enable_content_width":"","neve_meta_content_width":0,"neve_meta_title_alignment":"","neve_meta_author_avatar":"","neve_post_elements_order":"","neve_meta_disable_header":"","neve_meta_disable_footer":"","neve_meta_disable_title":"","_themeisle_gutenberg_block_has_review":false,"_vp_format_video_url":"","_vp_image_focal_point":[],"footnotes":""},"categories":[344],"tags":[],"class_list":["post-13759","post","type-post","status-publish","format-standard","has-post-thumbnail","hentry","category-cat_sp2019"],"yoast_head":"<!-- This site is optimized with the Yoast SEO plugin v25.6 - https:\/\/yoast.com\/wordpress\/plugins\/seo\/ -->\n<title>48 - SALA DE BANHO - Morar mais<\/title>\n<meta name=\"robots\" content=\"index, follow, max-snippet:-1, max-image-preview:large, max-video-preview:-1\" \/>\n<link rel=\"canonical\" href=\"https:\/\/morarmais.com.br\/mms\/48-sala-de-banho\/\" \/>\n<meta property=\"og:locale\" content=\"pt_BR\" \/>\n<meta property=\"og:type\" content=\"article\" \/>\n<meta property=\"og:title\" content=\"48 - SALA DE BANHO - Morar mais\" \/>\n<meta property=\"og:description\" content=\"48 &#8211; SALA DE BANHO Vanessa De Mani(11) 94038-3009 contato@vanessademani.com.br@vanessademaniinteriores Pensado como um local de ref\u00fagio e descanso, o espa\u00e7o tem como proposta agu\u00e7ar os sentidos: o tom verde, relaxante e calmante, proporciona bem estar. A ilumina\u00e7\u00e3o indireta, com circuitos automatizados, criam cenas de acordo com o momento e incorporam tecnologia ao espa\u00e7o. O box&hellip;&nbsp;Continue a ler &raquo;48 &#8211; SALA DE BANHO\" \/>\n<meta property=\"og:url\" content=\"https:\/\/morarmais.com.br\/mms\/48-sala-de-banho\/\" \/>\n<meta property=\"og:site_name\" content=\"Morar mais\" \/>\n<meta property=\"article:publisher\" content=\"https:\/\/www.facebook.com\/morarmais\" \/>\n<meta property=\"article:published_time\" content=\"2024-05-05T23:51:19+00:00\" \/>\n<meta property=\"article:modified_time\" content=\"2024-05-08T16:15:11+00:00\" \/>\n<meta property=\"og:image\" content=\"https:\/\/morarmais.com.br\/mms\/wp-content\/uploads\/2024\/05\/48-Sala-de-Banho.jpg\" \/>\n\t<meta property=\"og:image:width\" content=\"1200\" \/>\n\t<meta property=\"og:image:height\" content=\"800\" \/>\n\t<meta property=\"og:image:type\" content=\"image\/jpeg\" \/>\n<meta name=\"author\" content=\"morarmais\" \/>\n<meta name=\"twitter:card\" content=\"summary_large_image\" \/>\n<meta name=\"twitter:label1\" content=\"Escrito por\" \/>\n\t<meta name=\"twitter:data1\" content=\"morarmais\" \/>\n\t<meta name=\"twitter:label2\" content=\"Est. tempo de leitura\" \/>\n\t<meta name=\"twitter:data2\" content=\"1 minuto\" \/>\n<script type=\"application\/ld+json\" class=\"yoast-schema-graph\">{\"@context\":\"https:\/\/schema.org\",\"@graph\":[{\"@type\":\"Article\",\"@id\":\"https:\/\/morarmais.com.br\/mms\/48-sala-de-banho\/#article\",\"isPartOf\":{\"@id\":\"https:\/\/morarmais.com.br\/mms\/48-sala-de-banho\/\"},\"author\":{\"name\":\"morarmais\",\"@id\":\"https:\/\/morarmais.com.br\/mms\/#\/schema\/person\/279595a0d25fac9a49b182b180dd4460\"},\"headline\":\"48 &#8211; SALA DE BANHO\",\"datePublished\":\"2024-05-05T23:51:19+00:00\",\"dateModified\":\"2024-05-08T16:15:11+00:00\",\"mainEntityOfPage\":{\"@id\":\"https:\/\/morarmais.com.br\/mms\/48-sala-de-banho\/\"},\"wordCount\":146,\"publisher\":{\"@id\":\"https:\/\/morarmais.com.br\/mms\/#organization\"},\"image\":{\"@id\":\"https:\/\/morarmais.com.br\/mms\/48-sala-de-banho\/#primaryimage\"},\"thumbnailUrl\":\"https:\/\/morarmais.com.br\/mms\/wp-content\/uploads\/2024\/05\/48-Sala-de-Banho.jpg\",\"articleSection\":[\"cat_sp2019\"],\"inLanguage\":\"pt-BR\"},{\"@type\":\"WebPage\",\"@id\":\"https:\/\/morarmais.com.br\/mms\/48-sala-de-banho\/\",\"url\":\"https:\/\/morarmais.com.br\/mms\/48-sala-de-banho\/\",\"name\":\"48 - SALA DE BANHO - Morar mais\",\"isPartOf\":{\"@id\":\"https:\/\/morarmais.com.br\/mms\/#website\"},\"primaryImageOfPage\":{\"@id\":\"https:\/\/morarmais.com.br\/mms\/48-sala-de-banho\/#primaryimage\"},\"image\":{\"@id\":\"https:\/\/morarmais.com.br\/mms\/48-sala-de-banho\/#primaryimage\"},\"thumbnailUrl\":\"https:\/\/morarmais.com.br\/mms\/wp-content\/uploads\/2024\/05\/48-Sala-de-Banho.jpg\",\"datePublished\":\"2024-05-05T23:51:19+00:00\",\"dateModified\":\"2024-05-08T16:15:11+00:00\",\"breadcrumb\":{\"@id\":\"https:\/\/morarmais.com.br\/mms\/48-sala-de-banho\/#breadcrumb\"},\"inLanguage\":\"pt-BR\",\"potentialAction\":[{\"@type\":\"ReadAction\",\"target\":[\"https:\/\/morarmais.com.br\/mms\/48-sala-de-banho\/\"]}]},{\"@type\":\"ImageObject\",\"inLanguage\":\"pt-BR\",\"@id\":\"https:\/\/morarmais.com.br\/mms\/48-sala-de-banho\/#primaryimage\",\"url\":\"https:\/\/morarmais.com.br\/mms\/wp-content\/uploads\/2024\/05\/48-Sala-de-Banho.jpg\",\"contentUrl\":\"https:\/\/morarmais.com.br\/mms\/wp-content\/uploads\/2024\/05\/48-Sala-de-Banho.jpg\",\"width\":1200,\"height\":800},{\"@type\":\"BreadcrumbList\",\"@id\":\"https:\/\/morarmais.com.br\/mms\/48-sala-de-banho\/#breadcrumb\",\"itemListElement\":[{\"@type\":\"ListItem\",\"position\":1,\"name\":\"In\u00edcio\",\"item\":\"https:\/\/morarmais.com.br\/mms\/\"},{\"@type\":\"ListItem\",\"position\":2,\"name\":\"48 &#8211; SALA DE BANHO\"}]},{\"@type\":\"WebSite\",\"@id\":\"https:\/\/morarmais.com.br\/mms\/#website\",\"url\":\"https:\/\/morarmais.com.br\/mms\/\",\"name\":\"Morar mais\",\"description\":\"O Chique que cabe no bolso\",\"publisher\":{\"@id\":\"https:\/\/morarmais.com.br\/mms\/#organization\"},\"potentialAction\":[{\"@type\":\"SearchAction\",\"target\":{\"@type\":\"EntryPoint\",\"urlTemplate\":\"https:\/\/morarmais.com.br\/mms\/?s={search_term_string}\"},\"query-input\":{\"@type\":\"PropertyValueSpecification\",\"valueRequired\":true,\"valueName\":\"search_term_string\"}}],\"inLanguage\":\"pt-BR\"},{\"@type\":\"Organization\",\"@id\":\"https:\/\/morarmais.com.br\/mms\/#organization\",\"name\":\"Morar mais\",\"url\":\"https:\/\/morarmais.com.br\/mms\/\",\"logo\":{\"@type\":\"ImageObject\",\"inLanguage\":\"pt-BR\",\"@id\":\"https:\/\/morarmais.com.br\/mms\/#\/schema\/logo\/image\/\",\"url\":\"https:\/\/morarmais.com.br\/mms\/wp-content\/uploads\/2019\/04\/cropped-logo-morar-mais-2-1-e1688661143585.png\",\"contentUrl\":\"https:\/\/morarmais.com.br\/mms\/wp-content\/uploads\/2019\/04\/cropped-logo-morar-mais-2-1-e1688661143585.png\",\"width\":130,\"height\":100,\"caption\":\"Morar mais\"},\"image\":{\"@id\":\"https:\/\/morarmais.com.br\/mms\/#\/schema\/logo\/image\/\"},\"sameAs\":[\"https:\/\/www.facebook.com\/morarmais\",\"https:\/\/www.instagram.com\/morarmaispormenos\",\"https:\/\/br.pinterest.com\/morarmais\/\"]},{\"@type\":\"Person\",\"@id\":\"https:\/\/morarmais.com.br\/mms\/#\/schema\/person\/279595a0d25fac9a49b182b180dd4460\",\"name\":\"morarmais\",\"image\":{\"@type\":\"ImageObject\",\"inLanguage\":\"pt-BR\",\"@id\":\"https:\/\/morarmais.com.br\/mms\/#\/schema\/person\/image\/\",\"url\":\"https:\/\/secure.gravatar.com\/avatar\/c61120420671a49f41c532958efe436f?s=96&d=mm&r=g\",\"contentUrl\":\"https:\/\/secure.gravatar.com\/avatar\/c61120420671a49f41c532958efe436f?s=96&d=mm&r=g\",\"caption\":\"morarmais\"},\"url\":\"https:\/\/morarmais.com.br\/mms\/author\/morarmais\/\"}]}<\/script>\n<!-- \/ Yoast SEO plugin. -->","yoast_head_json":{"title":"48 - SALA DE BANHO - Morar mais","robots":{"index":"index","follow":"follow","max-snippet":"max-snippet:-1","max-image-preview":"max-image-preview:large","max-video-preview":"max-video-preview:-1"},"canonical":"https:\/\/morarmais.com.br\/mms\/48-sala-de-banho\/","og_locale":"pt_BR","og_type":"article","og_title":"48 - SALA DE BANHO - Morar mais","og_description":"48 &#8211; SALA DE BANHO Vanessa De Mani(11) 94038-3009 contato@vanessademani.com.br@vanessademaniinteriores Pensado como um local de ref\u00fagio e descanso, o espa\u00e7o tem como proposta agu\u00e7ar os sentidos: o tom verde, relaxante e calmante, proporciona bem estar. A ilumina\u00e7\u00e3o indireta, com circuitos automatizados, criam cenas de acordo com o momento e incorporam tecnologia ao espa\u00e7o. O box&hellip;&nbsp;Continue a ler &raquo;48 &#8211; SALA DE BANHO","og_url":"https:\/\/morarmais.com.br\/mms\/48-sala-de-banho\/","og_site_name":"Morar mais","article_publisher":"https:\/\/www.facebook.com\/morarmais","article_published_time":"2024-05-05T23:51:19+00:00","article_modified_time":"2024-05-08T16:15:11+00:00","og_image":[{"width":1200,"height":800,"url":"https:\/\/morarmais.com.br\/mms\/wp-content\/uploads\/2024\/05\/48-Sala-de-Banho.jpg","type":"image\/jpeg"}],"author":"morarmais","twitter_card":"summary_large_image","twitter_misc":{"Escrito por":"morarmais","Est. tempo de leitura":"1 minuto"},"schema":{"@context":"https:\/\/schema.org","@graph":[{"@type":"Article","@id":"https:\/\/morarmais.com.br\/mms\/48-sala-de-banho\/#article","isPartOf":{"@id":"https:\/\/morarmais.com.br\/mms\/48-sala-de-banho\/"},"author":{"name":"morarmais","@id":"https:\/\/morarmais.com.br\/mms\/#\/schema\/person\/279595a0d25fac9a49b182b180dd4460"},"headline":"48 &#8211; SALA DE BANHO","datePublished":"2024-05-05T23:51:19+00:00","dateModified":"2024-05-08T16:15:11+00:00","mainEntityOfPage":{"@id":"https:\/\/morarmais.com.br\/mms\/48-sala-de-banho\/"},"wordCount":146,"publisher":{"@id":"https:\/\/morarmais.com.br\/mms\/#organization"},"image":{"@id":"https:\/\/morarmais.com.br\/mms\/48-sala-de-banho\/#primaryimage"},"thumbnailUrl":"https:\/\/morarmais.com.br\/mms\/wp-content\/uploads\/2024\/05\/48-Sala-de-Banho.jpg","articleSection":["cat_sp2019"],"inLanguage":"pt-BR"},{"@type":"WebPage","@id":"https:\/\/morarmais.com.br\/mms\/48-sala-de-banho\/","url":"https:\/\/morarmais.com.br\/mms\/48-sala-de-banho\/","name":"48 - SALA DE BANHO - Morar mais","isPartOf":{"@id":"https:\/\/morarmais.com.br\/mms\/#website"},"primaryImageOfPage":{"@id":"https:\/\/morarmais.com.br\/mms\/48-sala-de-banho\/#primaryimage"},"image":{"@id":"https:\/\/morarmais.com.br\/mms\/48-sala-de-banho\/#primaryimage"},"thumbnailUrl":"https:\/\/morarmais.com.br\/mms\/wp-content\/uploads\/2024\/05\/48-Sala-de-Banho.jpg","datePublished":"2024-05-05T23:51:19+00:00","dateModified":"2024-05-08T16:15:11+00:00","breadcrumb":{"@id":"https:\/\/morarmais.com.br\/mms\/48-sala-de-banho\/#breadcrumb"},"inLanguage":"pt-BR","potentialAction":[{"@type":"ReadAction","target":["https:\/\/morarmais.com.br\/mms\/48-sala-de-banho\/"]}]},{"@type":"ImageObject","inLanguage":"pt-BR","@id":"https:\/\/morarmais.com.br\/mms\/48-sala-de-banho\/#primaryimage","url":"https:\/\/morarmais.com.br\/mms\/wp-content\/uploads\/2024\/05\/48-Sala-de-Banho.jpg","contentUrl":"https:\/\/morarmais.com.br\/mms\/wp-content\/uploads\/2024\/05\/48-Sala-de-Banho.jpg","width":1200,"height":800},{"@type":"BreadcrumbList","@id":"https:\/\/morarmais.com.br\/mms\/48-sala-de-banho\/#breadcrumb","itemListElement":[{"@type":"ListItem","position":1,"name":"In\u00edcio","item":"https:\/\/morarmais.com.br\/mms\/"},{"@type":"ListItem","position":2,"name":"48 &#8211; SALA DE BANHO"}]},{"@type":"WebSite","@id":"https:\/\/morarmais.com.br\/mms\/#website","url":"https:\/\/morarmais.com.br\/mms\/","name":"Morar mais","description":"O Chique que cabe no bolso","publisher":{"@id":"https:\/\/morarmais.com.br\/mms\/#organization"},"potentialAction":[{"@type":"SearchAction","target":{"@type":"EntryPoint","urlTemplate":"https:\/\/morarmais.com.br\/mms\/?s={search_term_string}"},"query-input":{"@type":"PropertyValueSpecification","valueRequired":true,"valueName":"search_term_string"}}],"inLanguage":"pt-BR"},{"@type":"Organization","@id":"https:\/\/morarmais.com.br\/mms\/#organization","name":"Morar mais","url":"https:\/\/morarmais.com.br\/mms\/","logo":{"@type":"ImageObject","inLanguage":"pt-BR","@id":"https:\/\/morarmais.com.br\/mms\/#\/schema\/logo\/image\/","url":"https:\/\/morarmais.com.br\/mms\/wp-content\/uploads\/2019\/04\/cropped-logo-morar-mais-2-1-e1688661143585.png","contentUrl":"https:\/\/morarmais.com.br\/mms\/wp-content\/uploads\/2019\/04\/cropped-logo-morar-mais-2-1-e1688661143585.png","width":130,"height":100,"caption":"Morar mais"},"image":{"@id":"https:\/\/morarmais.com.br\/mms\/#\/schema\/logo\/image\/"},"sameAs":["https:\/\/www.facebook.com\/morarmais","https:\/\/www.instagram.com\/morarmaispormenos","https:\/\/br.pinterest.com\/morarmais\/"]},{"@type":"Person","@id":"https:\/\/morarmais.com.br\/mms\/#\/schema\/person\/279595a0d25fac9a49b182b180dd4460","name":"morarmais","image":{"@type":"ImageObject","inLanguage":"pt-BR","@id":"https:\/\/morarmais.com.br\/mms\/#\/schema\/person\/image\/","url":"https:\/\/secure.gravatar.com\/avatar\/c61120420671a49f41c532958efe436f?s=96&d=mm&r=g","contentUrl":"https:\/\/secure.gravatar.com\/avatar\/c61120420671a49f41c532958efe436f?s=96&d=mm&r=g","caption":"morarmais"},"url":"https:\/\/morarmais.com.br\/mms\/author\/morarmais\/"}]}},"_links":{"self":[{"href":"https:\/\/morarmais.com.br\/mms\/wp-json\/wp\/v2\/posts\/13759"}],"collection":[{"href":"https:\/\/morarmais.com.br\/mms\/wp-json\/wp\/v2\/posts"}],"about":[{"href":"https:\/\/morarmais.com.br\/mms\/wp-json\/wp\/v2\/types\/post"}],"author":[{"embeddable":true,"href":"https:\/\/morarmais.com.br\/mms\/wp-json\/wp\/v2\/users\/1"}],"replies":[{"embeddable":true,"href":"https:\/\/morarmais.com.br\/mms\/wp-json\/wp\/v2\/comments?post=13759"}],"version-history":[{"count":0,"href":"https:\/\/morarmais.com.br\/mms\/wp-json\/wp\/v2\/posts\/13759\/revisions"}],"wp:featuredmedia":[{"embeddable":true,"href":"https:\/\/morarmais.com.br\/mms\/wp-json\/wp\/v2\/media\/13627"}],"wp:attachment":[{"href":"https:\/\/morarmais.com.br\/mms\/wp-json\/wp\/v2\/media?parent=13759"}],"wp:term":[{"taxonomy":"category","embeddable":true,"href":"https:\/\/morarmais.com.br\/mms\/wp-json\/wp\/v2\/categories?post=13759"},{"taxonomy":"post_tag","embeddable":true,"href":"https:\/\/morarmais.com.br\/mms\/wp-json\/wp\/v2\/tags?post=13759"}],"curies":[{"name":"wp","href":"https:\/\/api.w.org\/{rel}","templated":true}]}}