{"id":13753,"date":"2024-05-05T23:51:13","date_gmt":"2024-05-05T23:51:13","guid":{"rendered":"https:\/\/morarmais.com.br\/mms\/39-apartamento-da-influenciadora\/"},"modified":"2024-05-08T16:06:03","modified_gmt":"2024-05-08T16:06:03","slug":"39-apartamento-da-influenciadora","status":"publish","type":"post","link":"https:\/\/morarmais.com.br\/mms\/39-apartamento-da-influenciadora\/","title":{"rendered":"39 &#8211; APARTAMENTO DA INFLUENCIADORA"},"content":{"rendered":"<div class=\" wp-block-columns alignwide eplus-wrapper is-layout-flex wp-container-core-columns-is-layout-1 wp-block-columns-is-layout-flex eplus-styles-uid-5786d5\">\n<div class=\" wp-block-column eplus-wrapper is-layout-flow wp-block-column-is-layout-flow\" style=\"flex-basis:100%\">\n<h2 class=\" wp-block-heading alignfull has-background has-x-large-font-size eplus-wrapper\" style=\"background-color:#f7f7f7;padding-top:10px;padding-right:var(--wp--preset--spacing--30);padding-bottom:10px;padding-left:15px\">39 &#8211; APARTAMENTO DA INFLUENCIADORA<\/h2>\n<\/div>\n<\/div>\n\n<div class=\" wp-block-columns alignwide eplus-wrapper is-layout-flex wp-container-core-columns-is-layout-3 wp-block-columns-is-layout-flex eplus-styles-uid-1cd87f\">\n<div class=\" wp-block-column eplus-wrapper is-layout-flow wp-block-column-is-layout-flow\" style=\"flex-basis:50%\"><div class=\" wp-block-columns eplus-wrapper is-layout-flex wp-container-core-columns-is-layout-2 wp-block-columns-is-layout-flex eplus-styles-uid-7d334d\">\n<div class=\" wp-block-column eplus-wrapper is-layout-flow wp-block-column-is-layout-flow\" style=\"flex-basis:100%\">\n<p class=\" eplus-wrapper\"><span style=\"display:block; background-color:#f0f8ff; padding:8%; border-radius: 10px; box-shadow: 0 1px 2px rgba(0,0,0,.1), 0 2px 8px rgba(0,0,0,.05);\">Henrique Freneda<br>(11) 97301-0330 <br>henrique@frenedainteriores.com.br<br><a href=\"https:\/\/www.instagram.com\/\" frenedainteriores=\"\">@frenedainteriores<\/a><\/span><\/p>\n<\/div>\n<\/div>\n\n\n<p class=\" eplus-wrapper\">O projeto mostra que \u00e9 poss\u00edvel montar um apartamento com\npersonalidade e que caiba no bolso. Pensado para uma influenciadora\ndigital, o apartamento com conceito aberto prop\u00f5e acompanhar a\nmoradora em seu estilo de vida, com solu\u00e7\u00f5es criativas e pr\u00e1ticas para\no dia a dia. Tons vibrantes, mobili\u00e1rio moderno e ilumina\u00e7\u00e3o em LED\nformam uma decora\u00e7\u00e3o conectada, que disp\u00f5e, inclusive, de uma parede\ninstagram\u00e1vel.<\/p>\n\n\n\n<p class=\" eplus-wrapper\"><b>Parceiros:<\/b> Breton | Mansur Vidros | By Kamy | Lorenzetti | Casa Portoro | Valcenter Planejados<\/p>\n<\/div>\n\n\n\n<div class=\" wp-block-column eplus-wrapper is-layout-flow wp-block-column-is-layout-flow\" style=\"flex-basis:50%\"><div class=\"wp-block-visual-portfolio alignwide\">\n<div class=\"vp-portfolio vp-uid-0a70d801 vp-id-2lXd2u\" data-vp-layout=\"masonry\" data-vp-content-source=\"images\" data-vp-items-style=\"fade\" data-vp-items-click-action=\"popup_gallery\" data-vp-items-gap=\"10\" data-vp-items-gap-vertical=\"10\" data-vp-pagination=\"load-more\" data-vp-next-page-url=\"\" data-vp-masonry-columns=\"2\">\n\t<div class=\"vp-portfolio__preloader-wrap\">\n\t\t<div class=\"vp-portfolio__preloader\">\n\t\t\t<img decoding=\"async\" loading=\"eager\" src=\"https:\/\/morarmais.com.br\/mms\/wp-content\/plugins\/visual-portfolio\/assets\/images\/logo-dark.svg\" alt=\"Visual Portfolio, Posts &amp; Image Gallery for WordPress\" width=\"20\" height=\"20\" data-skip-lazy>\n\t\t<\/div>\n\t<\/div>\n\t\t<div class=\"vp-portfolio__items-wrap\">\n\t\t\t\n<div class=\"vp-portfolio__items vp-portfolio__items-style-fade vp-portfolio__items-show-overlay-hover\">\n\n\t\t<div class=\"vp-portfolio__item-wrap vp-portfolio__item-uid-59db7b1f\" data-vp-filter=\"\">\n\t\t\t<template class=\"vp-portfolio__item-popup\" style=\"display: none\" data-vp-popup-img=\"https:\/\/morarmais.com.br\/mms\/wp-content\/uploads\/2019\/05\/39-Apartameno-da-Influenciadora.jpg\" data-vp-popup-img-srcset=\"https:\/\/morarmais.com.br\/mms\/wp-content\/uploads\/2019\/05\/39-Apartameno-da-Influenciadora.jpg 750w, https:\/\/morarmais.com.br\/mms\/wp-content\/uploads\/2019\/05\/39-Apartameno-da-Influenciadora-300x200.jpg 300w, https:\/\/morarmais.com.br\/mms\/wp-content\/uploads\/2019\/05\/39-Apartameno-da-Influenciadora-500x333.jpg 500w, https:\/\/morarmais.com.br\/mms\/wp-content\/uploads\/2019\/05\/39-Apartameno-da-Influenciadora-350x233.jpg 350w\" data-vp-popup-img-size=\"750x500\" data-vp-popup-md-img=\"https:\/\/morarmais.com.br\/mms\/wp-content\/uploads\/2019\/05\/39-Apartameno-da-Influenciadora.jpg\" data-vp-popup-md-img-size=\"750x500\" data-vp-popup-sm-img=\"https:\/\/morarmais.com.br\/mms\/wp-content\/uploads\/2019\/05\/39-Apartameno-da-Influenciadora.jpg\" data-vp-popup-sm-img-size=\"500x333\">\n\t<\/template>\n\t\t\t\t\t\t<figure class=\"vp-portfolio__item\">\n\t\t\t\t\n<div class=\"vp-portfolio__item-img-wrap\">\n\t<div class=\"vp-portfolio__item-img\">\n\t\t\t<a href=\"https:\/\/morarmais.com.br\/mms\/wp-content\/uploads\/2019\/05\/39-Apartameno-da-Influenciadora.jpg\">\n\t\n\t\t<noscript><img fetchpriority=\"high\" decoding=\"async\" width=\"750\" height=\"500\" data-skip-lazy src=\"https:\/\/morarmais.com.br\/mms\/wp-content\/uploads\/2019\/05\/39-Apartameno-da-Influenciadora.jpg\" class=\"wp-image-2106\" alt=\"\" srcset=\"https:\/\/morarmais.com.br\/mms\/wp-content\/uploads\/2019\/05\/39-Apartameno-da-Influenciadora.jpg 750w, https:\/\/morarmais.com.br\/mms\/wp-content\/uploads\/2019\/05\/39-Apartameno-da-Influenciadora-300x200.jpg 300w, https:\/\/morarmais.com.br\/mms\/wp-content\/uploads\/2019\/05\/39-Apartameno-da-Influenciadora-500x333.jpg 500w, https:\/\/morarmais.com.br\/mms\/wp-content\/uploads\/2019\/05\/39-Apartameno-da-Influenciadora-350x233.jpg 350w\" sizes=\"(max-width: 750px) 100vw, 750px\"><\/noscript><img decoding=\"async\" width=\"750\" height=\"500\" src=\"https:\/\/morarmais.com.br\/mms\/wp-content\/uploads\/2019\/05\/39-Apartameno-da-Influenciadora.jpg\" class=\"wp-image-2106 vp-lazyload\" alt srcset=\"data:image\/svg+xml;base64,PHN2ZyB3aWR0aD0iNzUwIiBoZWlnaHQ9IjUwMCIgdmlld0JveD0iMCAwIDc1MCA1MDAiIGZpbGw9Im5vbmUiIHhtbG5zPSJodHRwOi8vd3d3LnczLm9yZy8yMDAwL3N2ZyI+PC9zdmc+\" data-src=\"https:\/\/morarmais.com.br\/mms\/wp-content\/uploads\/2019\/05\/39-Apartameno-da-Influenciadora.jpg\" data-srcset=\"https:\/\/morarmais.com.br\/mms\/wp-content\/uploads\/2019\/05\/39-Apartameno-da-Influenciadora.jpg 750w, https:\/\/morarmais.com.br\/mms\/wp-content\/uploads\/2019\/05\/39-Apartameno-da-Influenciadora-300x200.jpg 300w, https:\/\/morarmais.com.br\/mms\/wp-content\/uploads\/2019\/05\/39-Apartameno-da-Influenciadora-500x333.jpg 500w, https:\/\/morarmais.com.br\/mms\/wp-content\/uploads\/2019\/05\/39-Apartameno-da-Influenciadora-350x233.jpg 350w\" data-sizes=\"auto\" loading=\"eager\">\n\t\t<\/a>\t<\/div>\n<\/div>\n\t<div class=\"vp-portfolio__item-overlay\">\n\t\t\t<a href=\"https:\/\/morarmais.com.br\/mms\/wp-content\/uploads\/2019\/05\/39-Apartameno-da-Influenciadora.jpg\" tabindex=\"-1\" class=\"vp-portfolio__item-meta\">\n\t\t\t<\/a>\t<\/div>\n\t\t\t\t<\/figure>\n\t\t\t\t\t<\/div>\n\t\t\n\t\t<div class=\"vp-portfolio__item-wrap vp-portfolio__item-uid-34274eae\" data-vp-filter=\"\">\n\t\t\t<template class=\"vp-portfolio__item-popup\" style=\"display: none\" data-vp-popup-img=\"https:\/\/morarmais.com.br\/mms\/wp-content\/uploads\/2021\/08\/39-Apartamento-da-Influenciadora-Henrique-Freneda-10.jpg\" data-vp-popup-img-srcset=\"https:\/\/morarmais.com.br\/mms\/wp-content\/uploads\/2021\/08\/39-Apartamento-da-Influenciadora-Henrique-Freneda-10.jpg 683w, https:\/\/morarmais.com.br\/mms\/wp-content\/uploads\/2021\/08\/39-Apartamento-da-Influenciadora-Henrique-Freneda-10-200x300.jpg 200w, https:\/\/morarmais.com.br\/mms\/wp-content\/uploads\/2021\/08\/39-Apartamento-da-Influenciadora-Henrique-Freneda-10-350x525.jpg 350w\" data-vp-popup-img-size=\"683x1024\" data-vp-popup-md-img=\"https:\/\/morarmais.com.br\/mms\/wp-content\/uploads\/2021\/08\/39-Apartamento-da-Influenciadora-Henrique-Freneda-10.jpg\" data-vp-popup-md-img-size=\"683x1024\" data-vp-popup-sm-img=\"https:\/\/morarmais.com.br\/mms\/wp-content\/uploads\/2021\/08\/39-Apartamento-da-Influenciadora-Henrique-Freneda-10.jpg\" data-vp-popup-sm-img-size=\"500x750\">\n\t<\/template>\n\t\t\t\t\t\t<figure class=\"vp-portfolio__item\">\n\t\t\t\t\n<div class=\"vp-portfolio__item-img-wrap\">\n\t<div class=\"vp-portfolio__item-img\">\n\t\t\t<a href=\"https:\/\/morarmais.com.br\/mms\/wp-content\/uploads\/2021\/08\/39-Apartamento-da-Influenciadora-Henrique-Freneda-10.jpg\">\n\t\n\t\t<noscript><img decoding=\"async\" width=\"683\" height=\"1024\" data-skip-lazy src=\"https:\/\/morarmais.com.br\/mms\/wp-content\/uploads\/2021\/08\/39-Apartamento-da-Influenciadora-Henrique-Freneda-10.jpg\" class=\"wp-image-6179\" alt=\"\" srcset=\"https:\/\/morarmais.com.br\/mms\/wp-content\/uploads\/2021\/08\/39-Apartamento-da-Influenciadora-Henrique-Freneda-10.jpg 683w, https:\/\/morarmais.com.br\/mms\/wp-content\/uploads\/2021\/08\/39-Apartamento-da-Influenciadora-Henrique-Freneda-10-200x300.jpg 200w, https:\/\/morarmais.com.br\/mms\/wp-content\/uploads\/2021\/08\/39-Apartamento-da-Influenciadora-Henrique-Freneda-10-350x525.jpg 350w\" sizes=\"(max-width: 683px) 100vw, 683px\"><\/noscript><img decoding=\"async\" width=\"683\" height=\"1024\" src=\"https:\/\/morarmais.com.br\/mms\/wp-content\/uploads\/2021\/08\/39-Apartamento-da-Influenciadora-Henrique-Freneda-10.jpg\" class=\"wp-image-6179 vp-lazyload\" alt srcset=\"data:image\/svg+xml;base64,PHN2ZyB3aWR0aD0iNjgzIiBoZWlnaHQ9IjEwMjQiIHZpZXdCb3g9IjAgMCA2ODMgMTAyNCIgZmlsbD0ibm9uZSIgeG1sbnM9Imh0dHA6Ly93d3cudzMub3JnLzIwMDAvc3ZnIj48L3N2Zz4=\" data-src=\"https:\/\/morarmais.com.br\/mms\/wp-content\/uploads\/2021\/08\/39-Apartamento-da-Influenciadora-Henrique-Freneda-10.jpg\" data-srcset=\"https:\/\/morarmais.com.br\/mms\/wp-content\/uploads\/2021\/08\/39-Apartamento-da-Influenciadora-Henrique-Freneda-10.jpg 683w, https:\/\/morarmais.com.br\/mms\/wp-content\/uploads\/2021\/08\/39-Apartamento-da-Influenciadora-Henrique-Freneda-10-200x300.jpg 200w, https:\/\/morarmais.com.br\/mms\/wp-content\/uploads\/2021\/08\/39-Apartamento-da-Influenciadora-Henrique-Freneda-10-350x525.jpg 350w\" data-sizes=\"auto\" loading=\"eager\">\n\t\t<\/a>\t<\/div>\n<\/div>\n\t<div class=\"vp-portfolio__item-overlay\">\n\t\t\t<a href=\"https:\/\/morarmais.com.br\/mms\/wp-content\/uploads\/2021\/08\/39-Apartamento-da-Influenciadora-Henrique-Freneda-10.jpg\" tabindex=\"-1\" class=\"vp-portfolio__item-meta\">\n\t\t\t<\/a>\t<\/div>\n\t\t\t\t<\/figure>\n\t\t\t\t\t<\/div>\n\t\t\n<\/div>\n\t\t<\/div>\n\t\t\n<\/div>\n<\/div><\/div>\n<\/div>","protected":false},"excerpt":{"rendered":"<p>39 &#8211; APARTAMENTO DA INFLUENCIADORA Henrique Freneda(11) 97301-0330 henrique@frenedainteriores.com.br@frenedainteriores O projeto mostra que \u00e9 poss\u00edvel montar um apartamento com personalidade e que caiba no bolso. Pensado para uma influenciadora digital, o apartamento com conceito aberto prop\u00f5e acompanhar a moradora em seu estilo de vida, com solu\u00e7\u00f5es criativas e pr\u00e1ticas para o dia a dia. Tons&hellip;&nbsp;<a href=\"https:\/\/morarmais.com.br\/mms\/39-apartamento-da-influenciadora\/\" rel=\"bookmark\">Continue a ler &raquo;<span class=\"screen-reader-text\">39 &#8211; APARTAMENTO DA INFLUENCIADORA<\/span><\/a><\/p>\n","protected":false},"author":1,"featured_media":10367,"comment_status":"close","ping_status":"open","sticky":false,"template":"elementor_header_footer","format":"standard","meta":{"_eb_attr":"","editor_plus_copied_stylings":"{}","neve_meta_sidebar":"","neve_meta_container":"","neve_meta_enable_content_width":"","neve_meta_content_width":0,"neve_meta_title_alignment":"","neve_meta_author_avatar":"","neve_post_elements_order":"","neve_meta_disable_header":"","neve_meta_disable_footer":"","neve_meta_disable_title":"","_themeisle_gutenberg_block_has_review":false,"_vp_format_video_url":"","_vp_image_focal_point":[],"footnotes":""},"categories":[344],"tags":[],"class_list":["post-13753","post","type-post","status-publish","format-standard","has-post-thumbnail","hentry","category-cat_sp2019"],"yoast_head":"<!-- This site is optimized with the Yoast SEO plugin v25.6 - https:\/\/yoast.com\/wordpress\/plugins\/seo\/ -->\n<title>39 - APARTAMENTO DA INFLUENCIADORA - Morar mais<\/title>\n<meta name=\"robots\" content=\"index, follow, max-snippet:-1, max-image-preview:large, max-video-preview:-1\" \/>\n<link rel=\"canonical\" href=\"https:\/\/morarmais.com.br\/mms\/39-apartamento-da-influenciadora\/\" \/>\n<meta property=\"og:locale\" content=\"pt_BR\" \/>\n<meta property=\"og:type\" content=\"article\" \/>\n<meta property=\"og:title\" content=\"39 - APARTAMENTO DA INFLUENCIADORA - Morar mais\" \/>\n<meta property=\"og:description\" content=\"39 &#8211; APARTAMENTO DA INFLUENCIADORA Henrique Freneda(11) 97301-0330 henrique@frenedainteriores.com.br@frenedainteriores O projeto mostra que \u00e9 poss\u00edvel montar um apartamento com personalidade e que caiba no bolso. Pensado para uma influenciadora digital, o apartamento com conceito aberto prop\u00f5e acompanhar a moradora em seu estilo de vida, com solu\u00e7\u00f5es criativas e pr\u00e1ticas para o dia a dia. Tons&hellip;&nbsp;Continue a ler &raquo;39 &#8211; APARTAMENTO DA INFLUENCIADORA\" \/>\n<meta property=\"og:url\" content=\"https:\/\/morarmais.com.br\/mms\/39-apartamento-da-influenciadora\/\" \/>\n<meta property=\"og:site_name\" content=\"Morar mais\" \/>\n<meta property=\"article:publisher\" content=\"https:\/\/www.facebook.com\/morarmais\" \/>\n<meta property=\"article:published_time\" content=\"2024-05-05T23:51:13+00:00\" \/>\n<meta property=\"article:modified_time\" content=\"2024-05-08T16:06:03+00:00\" \/>\n<meta property=\"og:image\" content=\"https:\/\/morarmais.com.br\/mms\/wp-content\/uploads\/2023\/01\/39.-Apartamento-da-Influenciadora-Henrique-Freneda-3mmsp-2019.jpg\" \/>\n\t<meta property=\"og:image:width\" content=\"1024\" \/>\n\t<meta property=\"og:image:height\" content=\"682\" \/>\n\t<meta property=\"og:image:type\" content=\"image\/jpeg\" \/>\n<meta name=\"author\" content=\"morarmais\" \/>\n<meta name=\"twitter:card\" content=\"summary_large_image\" \/>\n<meta name=\"twitter:label1\" content=\"Escrito por\" \/>\n\t<meta name=\"twitter:data1\" content=\"morarmais\" \/>\n\t<meta name=\"twitter:label2\" content=\"Est. tempo de leitura\" \/>\n\t<meta name=\"twitter:data2\" content=\"1 minuto\" \/>\n<script type=\"application\/ld+json\" class=\"yoast-schema-graph\">{\"@context\":\"https:\/\/schema.org\",\"@graph\":[{\"@type\":\"Article\",\"@id\":\"https:\/\/morarmais.com.br\/mms\/39-apartamento-da-influenciadora\/#article\",\"isPartOf\":{\"@id\":\"https:\/\/morarmais.com.br\/mms\/39-apartamento-da-influenciadora\/\"},\"author\":{\"name\":\"morarmais\",\"@id\":\"https:\/\/morarmais.com.br\/mms\/#\/schema\/person\/279595a0d25fac9a49b182b180dd4460\"},\"headline\":\"39 &#8211; APARTAMENTO DA INFLUENCIADORA\",\"datePublished\":\"2024-05-05T23:51:13+00:00\",\"dateModified\":\"2024-05-08T16:06:03+00:00\",\"mainEntityOfPage\":{\"@id\":\"https:\/\/morarmais.com.br\/mms\/39-apartamento-da-influenciadora\/\"},\"wordCount\":99,\"publisher\":{\"@id\":\"https:\/\/morarmais.com.br\/mms\/#organization\"},\"image\":{\"@id\":\"https:\/\/morarmais.com.br\/mms\/39-apartamento-da-influenciadora\/#primaryimage\"},\"thumbnailUrl\":\"https:\/\/morarmais.com.br\/mms\/wp-content\/uploads\/2023\/01\/39.-Apartamento-da-Influenciadora-Henrique-Freneda-3mmsp-2019.jpg\",\"articleSection\":[\"cat_sp2019\"],\"inLanguage\":\"pt-BR\"},{\"@type\":\"WebPage\",\"@id\":\"https:\/\/morarmais.com.br\/mms\/39-apartamento-da-influenciadora\/\",\"url\":\"https:\/\/morarmais.com.br\/mms\/39-apartamento-da-influenciadora\/\",\"name\":\"39 - APARTAMENTO DA INFLUENCIADORA - Morar mais\",\"isPartOf\":{\"@id\":\"https:\/\/morarmais.com.br\/mms\/#website\"},\"primaryImageOfPage\":{\"@id\":\"https:\/\/morarmais.com.br\/mms\/39-apartamento-da-influenciadora\/#primaryimage\"},\"image\":{\"@id\":\"https:\/\/morarmais.com.br\/mms\/39-apartamento-da-influenciadora\/#primaryimage\"},\"thumbnailUrl\":\"https:\/\/morarmais.com.br\/mms\/wp-content\/uploads\/2023\/01\/39.-Apartamento-da-Influenciadora-Henrique-Freneda-3mmsp-2019.jpg\",\"datePublished\":\"2024-05-05T23:51:13+00:00\",\"dateModified\":\"2024-05-08T16:06:03+00:00\",\"breadcrumb\":{\"@id\":\"https:\/\/morarmais.com.br\/mms\/39-apartamento-da-influenciadora\/#breadcrumb\"},\"inLanguage\":\"pt-BR\",\"potentialAction\":[{\"@type\":\"ReadAction\",\"target\":[\"https:\/\/morarmais.com.br\/mms\/39-apartamento-da-influenciadora\/\"]}]},{\"@type\":\"ImageObject\",\"inLanguage\":\"pt-BR\",\"@id\":\"https:\/\/morarmais.com.br\/mms\/39-apartamento-da-influenciadora\/#primaryimage\",\"url\":\"https:\/\/morarmais.com.br\/mms\/wp-content\/uploads\/2023\/01\/39.-Apartamento-da-Influenciadora-Henrique-Freneda-3mmsp-2019.jpg\",\"contentUrl\":\"https:\/\/morarmais.com.br\/mms\/wp-content\/uploads\/2023\/01\/39.-Apartamento-da-Influenciadora-Henrique-Freneda-3mmsp-2019.jpg\",\"width\":1024,\"height\":682},{\"@type\":\"BreadcrumbList\",\"@id\":\"https:\/\/morarmais.com.br\/mms\/39-apartamento-da-influenciadora\/#breadcrumb\",\"itemListElement\":[{\"@type\":\"ListItem\",\"position\":1,\"name\":\"In\u00edcio\",\"item\":\"https:\/\/morarmais.com.br\/mms\/\"},{\"@type\":\"ListItem\",\"position\":2,\"name\":\"39 &#8211; APARTAMENTO DA INFLUENCIADORA\"}]},{\"@type\":\"WebSite\",\"@id\":\"https:\/\/morarmais.com.br\/mms\/#website\",\"url\":\"https:\/\/morarmais.com.br\/mms\/\",\"name\":\"Morar mais\",\"description\":\"O Chique que cabe no bolso\",\"publisher\":{\"@id\":\"https:\/\/morarmais.com.br\/mms\/#organization\"},\"potentialAction\":[{\"@type\":\"SearchAction\",\"target\":{\"@type\":\"EntryPoint\",\"urlTemplate\":\"https:\/\/morarmais.com.br\/mms\/?s={search_term_string}\"},\"query-input\":{\"@type\":\"PropertyValueSpecification\",\"valueRequired\":true,\"valueName\":\"search_term_string\"}}],\"inLanguage\":\"pt-BR\"},{\"@type\":\"Organization\",\"@id\":\"https:\/\/morarmais.com.br\/mms\/#organization\",\"name\":\"Morar mais\",\"url\":\"https:\/\/morarmais.com.br\/mms\/\",\"logo\":{\"@type\":\"ImageObject\",\"inLanguage\":\"pt-BR\",\"@id\":\"https:\/\/morarmais.com.br\/mms\/#\/schema\/logo\/image\/\",\"url\":\"https:\/\/morarmais.com.br\/mms\/wp-content\/uploads\/2019\/04\/cropped-logo-morar-mais-2-1-e1688661143585.png\",\"contentUrl\":\"https:\/\/morarmais.com.br\/mms\/wp-content\/uploads\/2019\/04\/cropped-logo-morar-mais-2-1-e1688661143585.png\",\"width\":130,\"height\":100,\"caption\":\"Morar mais\"},\"image\":{\"@id\":\"https:\/\/morarmais.com.br\/mms\/#\/schema\/logo\/image\/\"},\"sameAs\":[\"https:\/\/www.facebook.com\/morarmais\",\"https:\/\/www.instagram.com\/morarmaispormenos\",\"https:\/\/br.pinterest.com\/morarmais\/\"]},{\"@type\":\"Person\",\"@id\":\"https:\/\/morarmais.com.br\/mms\/#\/schema\/person\/279595a0d25fac9a49b182b180dd4460\",\"name\":\"morarmais\",\"image\":{\"@type\":\"ImageObject\",\"inLanguage\":\"pt-BR\",\"@id\":\"https:\/\/morarmais.com.br\/mms\/#\/schema\/person\/image\/\",\"url\":\"https:\/\/secure.gravatar.com\/avatar\/c61120420671a49f41c532958efe436f?s=96&d=mm&r=g\",\"contentUrl\":\"https:\/\/secure.gravatar.com\/avatar\/c61120420671a49f41c532958efe436f?s=96&d=mm&r=g\",\"caption\":\"morarmais\"},\"url\":\"https:\/\/morarmais.com.br\/mms\/author\/morarmais\/\"}]}<\/script>\n<!-- \/ Yoast SEO plugin. -->","yoast_head_json":{"title":"39 - APARTAMENTO DA INFLUENCIADORA - Morar mais","robots":{"index":"index","follow":"follow","max-snippet":"max-snippet:-1","max-image-preview":"max-image-preview:large","max-video-preview":"max-video-preview:-1"},"canonical":"https:\/\/morarmais.com.br\/mms\/39-apartamento-da-influenciadora\/","og_locale":"pt_BR","og_type":"article","og_title":"39 - APARTAMENTO DA INFLUENCIADORA - Morar mais","og_description":"39 &#8211; APARTAMENTO DA INFLUENCIADORA Henrique Freneda(11) 97301-0330 henrique@frenedainteriores.com.br@frenedainteriores O projeto mostra que \u00e9 poss\u00edvel montar um apartamento com personalidade e que caiba no bolso. Pensado para uma influenciadora digital, o apartamento com conceito aberto prop\u00f5e acompanhar a moradora em seu estilo de vida, com solu\u00e7\u00f5es criativas e pr\u00e1ticas para o dia a dia. Tons&hellip;&nbsp;Continue a ler &raquo;39 &#8211; APARTAMENTO DA INFLUENCIADORA","og_url":"https:\/\/morarmais.com.br\/mms\/39-apartamento-da-influenciadora\/","og_site_name":"Morar mais","article_publisher":"https:\/\/www.facebook.com\/morarmais","article_published_time":"2024-05-05T23:51:13+00:00","article_modified_time":"2024-05-08T16:06:03+00:00","og_image":[{"width":1024,"height":682,"url":"https:\/\/morarmais.com.br\/mms\/wp-content\/uploads\/2023\/01\/39.-Apartamento-da-Influenciadora-Henrique-Freneda-3mmsp-2019.jpg","type":"image\/jpeg"}],"author":"morarmais","twitter_card":"summary_large_image","twitter_misc":{"Escrito por":"morarmais","Est. tempo de leitura":"1 minuto"},"schema":{"@context":"https:\/\/schema.org","@graph":[{"@type":"Article","@id":"https:\/\/morarmais.com.br\/mms\/39-apartamento-da-influenciadora\/#article","isPartOf":{"@id":"https:\/\/morarmais.com.br\/mms\/39-apartamento-da-influenciadora\/"},"author":{"name":"morarmais","@id":"https:\/\/morarmais.com.br\/mms\/#\/schema\/person\/279595a0d25fac9a49b182b180dd4460"},"headline":"39 &#8211; APARTAMENTO DA INFLUENCIADORA","datePublished":"2024-05-05T23:51:13+00:00","dateModified":"2024-05-08T16:06:03+00:00","mainEntityOfPage":{"@id":"https:\/\/morarmais.com.br\/mms\/39-apartamento-da-influenciadora\/"},"wordCount":99,"publisher":{"@id":"https:\/\/morarmais.com.br\/mms\/#organization"},"image":{"@id":"https:\/\/morarmais.com.br\/mms\/39-apartamento-da-influenciadora\/#primaryimage"},"thumbnailUrl":"https:\/\/morarmais.com.br\/mms\/wp-content\/uploads\/2023\/01\/39.-Apartamento-da-Influenciadora-Henrique-Freneda-3mmsp-2019.jpg","articleSection":["cat_sp2019"],"inLanguage":"pt-BR"},{"@type":"WebPage","@id":"https:\/\/morarmais.com.br\/mms\/39-apartamento-da-influenciadora\/","url":"https:\/\/morarmais.com.br\/mms\/39-apartamento-da-influenciadora\/","name":"39 - APARTAMENTO DA INFLUENCIADORA - Morar mais","isPartOf":{"@id":"https:\/\/morarmais.com.br\/mms\/#website"},"primaryImageOfPage":{"@id":"https:\/\/morarmais.com.br\/mms\/39-apartamento-da-influenciadora\/#primaryimage"},"image":{"@id":"https:\/\/morarmais.com.br\/mms\/39-apartamento-da-influenciadora\/#primaryimage"},"thumbnailUrl":"https:\/\/morarmais.com.br\/mms\/wp-content\/uploads\/2023\/01\/39.-Apartamento-da-Influenciadora-Henrique-Freneda-3mmsp-2019.jpg","datePublished":"2024-05-05T23:51:13+00:00","dateModified":"2024-05-08T16:06:03+00:00","breadcrumb":{"@id":"https:\/\/morarmais.com.br\/mms\/39-apartamento-da-influenciadora\/#breadcrumb"},"inLanguage":"pt-BR","potentialAction":[{"@type":"ReadAction","target":["https:\/\/morarmais.com.br\/mms\/39-apartamento-da-influenciadora\/"]}]},{"@type":"ImageObject","inLanguage":"pt-BR","@id":"https:\/\/morarmais.com.br\/mms\/39-apartamento-da-influenciadora\/#primaryimage","url":"https:\/\/morarmais.com.br\/mms\/wp-content\/uploads\/2023\/01\/39.-Apartamento-da-Influenciadora-Henrique-Freneda-3mmsp-2019.jpg","contentUrl":"https:\/\/morarmais.com.br\/mms\/wp-content\/uploads\/2023\/01\/39.-Apartamento-da-Influenciadora-Henrique-Freneda-3mmsp-2019.jpg","width":1024,"height":682},{"@type":"BreadcrumbList","@id":"https:\/\/morarmais.com.br\/mms\/39-apartamento-da-influenciadora\/#breadcrumb","itemListElement":[{"@type":"ListItem","position":1,"name":"In\u00edcio","item":"https:\/\/morarmais.com.br\/mms\/"},{"@type":"ListItem","position":2,"name":"39 &#8211; APARTAMENTO DA INFLUENCIADORA"}]},{"@type":"WebSite","@id":"https:\/\/morarmais.com.br\/mms\/#website","url":"https:\/\/morarmais.com.br\/mms\/","name":"Morar mais","description":"O Chique que cabe no bolso","publisher":{"@id":"https:\/\/morarmais.com.br\/mms\/#organization"},"potentialAction":[{"@type":"SearchAction","target":{"@type":"EntryPoint","urlTemplate":"https:\/\/morarmais.com.br\/mms\/?s={search_term_string}"},"query-input":{"@type":"PropertyValueSpecification","valueRequired":true,"valueName":"search_term_string"}}],"inLanguage":"pt-BR"},{"@type":"Organization","@id":"https:\/\/morarmais.com.br\/mms\/#organization","name":"Morar mais","url":"https:\/\/morarmais.com.br\/mms\/","logo":{"@type":"ImageObject","inLanguage":"pt-BR","@id":"https:\/\/morarmais.com.br\/mms\/#\/schema\/logo\/image\/","url":"https:\/\/morarmais.com.br\/mms\/wp-content\/uploads\/2019\/04\/cropped-logo-morar-mais-2-1-e1688661143585.png","contentUrl":"https:\/\/morarmais.com.br\/mms\/wp-content\/uploads\/2019\/04\/cropped-logo-morar-mais-2-1-e1688661143585.png","width":130,"height":100,"caption":"Morar mais"},"image":{"@id":"https:\/\/morarmais.com.br\/mms\/#\/schema\/logo\/image\/"},"sameAs":["https:\/\/www.facebook.com\/morarmais","https:\/\/www.instagram.com\/morarmaispormenos","https:\/\/br.pinterest.com\/morarmais\/"]},{"@type":"Person","@id":"https:\/\/morarmais.com.br\/mms\/#\/schema\/person\/279595a0d25fac9a49b182b180dd4460","name":"morarmais","image":{"@type":"ImageObject","inLanguage":"pt-BR","@id":"https:\/\/morarmais.com.br\/mms\/#\/schema\/person\/image\/","url":"https:\/\/secure.gravatar.com\/avatar\/c61120420671a49f41c532958efe436f?s=96&d=mm&r=g","contentUrl":"https:\/\/secure.gravatar.com\/avatar\/c61120420671a49f41c532958efe436f?s=96&d=mm&r=g","caption":"morarmais"},"url":"https:\/\/morarmais.com.br\/mms\/author\/morarmais\/"}]}},"_links":{"self":[{"href":"https:\/\/morarmais.com.br\/mms\/wp-json\/wp\/v2\/posts\/13753"}],"collection":[{"href":"https:\/\/morarmais.com.br\/mms\/wp-json\/wp\/v2\/posts"}],"about":[{"href":"https:\/\/morarmais.com.br\/mms\/wp-json\/wp\/v2\/types\/post"}],"author":[{"embeddable":true,"href":"https:\/\/morarmais.com.br\/mms\/wp-json\/wp\/v2\/users\/1"}],"replies":[{"embeddable":true,"href":"https:\/\/morarmais.com.br\/mms\/wp-json\/wp\/v2\/comments?post=13753"}],"version-history":[{"count":0,"href":"https:\/\/morarmais.com.br\/mms\/wp-json\/wp\/v2\/posts\/13753\/revisions"}],"wp:featuredmedia":[{"embeddable":true,"href":"https:\/\/morarmais.com.br\/mms\/wp-json\/wp\/v2\/media\/10367"}],"wp:attachment":[{"href":"https:\/\/morarmais.com.br\/mms\/wp-json\/wp\/v2\/media?parent=13753"}],"wp:term":[{"taxonomy":"category","embeddable":true,"href":"https:\/\/morarmais.com.br\/mms\/wp-json\/wp\/v2\/categories?post=13753"},{"taxonomy":"post_tag","embeddable":true,"href":"https:\/\/morarmais.com.br\/mms\/wp-json\/wp\/v2\/tags?post=13753"}],"curies":[{"name":"wp","href":"https:\/\/api.w.org\/{rel}","templated":true}]}}