{"id":13727,"date":"2024-05-05T23:51:07","date_gmt":"2024-05-05T23:51:07","guid":{"rendered":"https:\/\/morarmais.com.br\/mms\/06-sala-de-jantar-homenagem-a-cantora-sula-miranda\/"},"modified":"2024-05-10T18:31:56","modified_gmt":"2024-05-10T18:31:56","slug":"06-sala-de-jantar-homenagem-a-cantora-sula-miranda","status":"publish","type":"post","link":"https:\/\/morarmais.com.br\/mms\/06-sala-de-jantar-homenagem-a-cantora-sula-miranda\/","title":{"rendered":"06 &#8211; SALA DE JANTAR | HOMENAGEM \u00c0 CANTORA SULA MIRANDA"},"content":{"rendered":"<div class=\" wp-block-columns alignwide eplus-wrapper is-layout-flex wp-container-core-columns-is-layout-1 wp-block-columns-is-layout-flex eplus-styles-uid-152089\">\n<div class=\" wp-block-column eplus-wrapper is-layout-flow wp-block-column-is-layout-flow\" style=\"flex-basis:100%\">\n<h2 class=\" wp-block-heading alignfull has-background has-x-large-font-size eplus-wrapper\" style=\"background-color:#f7f7f7;padding-top:10px;padding-right:var(--wp--preset--spacing--30);padding-bottom:10px;padding-left:15px\">06 &#8211; SALA DE JANTAR | HOMENAGEM \u00c0 CANTORA SULA MIRANDA<\/h2>\n<\/div>\n<\/div>\n\n<div class=\" wp-block-columns alignwide eplus-wrapper is-layout-flex wp-container-core-columns-is-layout-3 wp-block-columns-is-layout-flex eplus-styles-uid-687e77\">\n<div class=\" wp-block-column eplus-wrapper is-layout-flow wp-block-column-is-layout-flow\" style=\"flex-basis:50%\"><div class=\" wp-block-columns eplus-wrapper is-layout-flex wp-container-core-columns-is-layout-2 wp-block-columns-is-layout-flex eplus-styles-uid-1cbabb\">\n<div class=\" wp-block-column eplus-wrapper is-layout-flow wp-block-column-is-layout-flow\" style=\"flex-basis:100%\">\n<p class=\" eplus-wrapper\"><span style=\"display:block; background-color:#f0f8ff; padding:8%; border-radius: 10px; box-shadow: 0 1px 2px rgba(0,0,0,.1), 0 2px 8px rgba(0,0,0,.05);\">Isabella Nalon<br>(11) 94453-5500 <br>isabella@nalonarquitetura.com.br<br><a href=\"https:\/\/www.instagram.com\/\" morarmaissljantar=\"\">@morarmaissljantar<\/a><\/span><\/p>\n\n\n\n<p class=\" eplus-wrapper\"><span style=\"display:block; background-color:#f0f8ff; padding:8%; border-radius: 10px; box-shadow: 0 1px 2px rgba(0,0,0,.1), 0 2px 8px rgba(0,0,0,.05);\">Juliana Atti<br>(11) 94781-3446 <br>julianaatti.arquiteta@gmail.com<br><a href=\"https:\/\/www.instagram.com\/\">&#8211;<\/a><\/span><\/p>\n\n\n\n<p class=\" eplus-wrapper\"><span style=\"display:block; background-color:#f0f8ff; padding:8%; border-radius: 10px; box-shadow: 0 1px 2px rgba(0,0,0,.1), 0 2px 8px rgba(0,0,0,.05);\">Sula Miranda<br>(11) 97140-5551 <br>sulamiranda@uol.com.br<br><a href=\"https:\/\/www.instagram.com\/\">&#8211;<\/a><\/span><\/p>\n<\/div>\n<\/div>\n\n\n<p class=\" eplus-wrapper\">O espa\u00e7o \u00e9 uma homenagem \u00e0 carreira da cantora Sula Miranda, rainha\ndos caminhoneiros, e transmite seu estilo, seu gosto pela decora\u00e7\u00e3o e sua\nhist\u00f3ria de vida, utilizando elementos relacionados com a estrada, tais\ncomo pallets, corda, lona e rodas. Um lustre feito com galhos, customizado\nespecialmente para o ambiente, e uma parede de pallets em pinus de\nreflorestamento mostra que \u00e9 poss\u00edvel reaproveitar materiais simples\ne transform\u00e1-los. Outro exemplo de reaproveitamento s\u00e3o as rodas de\ncaminh\u00e3o utilizadas como base para o banco de vidro.<\/p>\n\n\n\n<p class=\" eplus-wrapper\"><b>Parceiros:<\/b> Arq 360 | Openbox 2 | Fio e Arte | Fremade Madeiras | Lustreco | Madeirado | Camicado | Mil Plantas | Regencia Estudios | Petit Decor | Usual Design | Silvestre Vidros | Villa Nova Tecidos<\/p>\n<\/div>\n\n\n\n<div class=\" wp-block-column eplus-wrapper is-layout-flow wp-block-column-is-layout-flow\" style=\"flex-basis:50%\"><div class=\"wp-block-visual-portfolio alignwide\">\n<div class=\"vp-portfolio vp-uid-0a70d801 vp-id-2lXd2u\" data-vp-layout=\"masonry\" data-vp-content-source=\"images\" data-vp-items-style=\"fade\" data-vp-items-click-action=\"popup_gallery\" data-vp-items-gap=\"10\" data-vp-items-gap-vertical=\"10\" data-vp-pagination=\"load-more\" data-vp-next-page-url=\"https:\/\/morarmais.com.br\/mms\/wp-json\/wp\/v2\/posts\/13727?vp_page=2\" data-vp-masonry-columns=\"2\">\n\t<div class=\"vp-portfolio__preloader-wrap\">\n\t\t<div class=\"vp-portfolio__preloader\">\n\t\t\t<img decoding=\"async\" loading=\"eager\" src=\"https:\/\/morarmais.com.br\/mms\/wp-content\/plugins\/visual-portfolio\/assets\/images\/logo-dark.svg\" alt=\"Visual Portfolio, Posts &amp; Image Gallery for WordPress\" width=\"20\" height=\"20\" data-skip-lazy>\n\t\t<\/div>\n\t<\/div>\n\t\t<div class=\"vp-portfolio__items-wrap\">\n\t\t\t\n<div class=\"vp-portfolio__items vp-portfolio__items-style-fade vp-portfolio__items-show-overlay-hover\">\n\n\t\t<div class=\"vp-portfolio__item-wrap vp-portfolio__item-uid-8b14f073\" data-vp-filter=\"\">\n\t\t\t<template class=\"vp-portfolio__item-popup\" style=\"display: none\" data-vp-popup-img=\"https:\/\/morarmais.com.br\/mms\/wp-content\/uploads\/2024\/05\/06-Sala-de-Jantar.jpg\" data-vp-popup-img-srcset=\"https:\/\/morarmais.com.br\/mms\/wp-content\/uploads\/2024\/05\/06-Sala-de-Jantar.jpg 1200w, https:\/\/morarmais.com.br\/mms\/wp-content\/uploads\/2024\/05\/06-Sala-de-Jantar-300x200.jpg 300w, https:\/\/morarmais.com.br\/mms\/wp-content\/uploads\/2024\/05\/06-Sala-de-Jantar-1024x683.jpg 1024w, https:\/\/morarmais.com.br\/mms\/wp-content\/uploads\/2024\/05\/06-Sala-de-Jantar-768x512.jpg 768w, https:\/\/morarmais.com.br\/mms\/wp-content\/uploads\/2024\/05\/06-Sala-de-Jantar-500x333.jpg 500w, https:\/\/morarmais.com.br\/mms\/wp-content\/uploads\/2024\/05\/06-Sala-de-Jantar-800x533.jpg 800w, https:\/\/morarmais.com.br\/mms\/wp-content\/uploads\/2024\/05\/06-Sala-de-Jantar-930x620.jpg 930w, https:\/\/morarmais.com.br\/mms\/wp-content\/uploads\/2024\/05\/06-Sala-de-Jantar-350x233.jpg 350w\" data-vp-popup-img-size=\"1200x800\" data-vp-popup-md-img=\"https:\/\/morarmais.com.br\/mms\/wp-content\/uploads\/2024\/05\/06-Sala-de-Jantar-800x533.jpg\" data-vp-popup-md-img-size=\"800x533\" data-vp-popup-sm-img=\"https:\/\/morarmais.com.br\/mms\/wp-content\/uploads\/2024\/05\/06-Sala-de-Jantar-500x333.jpg\" data-vp-popup-sm-img-size=\"500x333\">\n\t<\/template>\n\t\t\t\t\t\t<figure class=\"vp-portfolio__item\">\n\t\t\t\t\n<div class=\"vp-portfolio__item-img-wrap\">\n\t<div class=\"vp-portfolio__item-img\">\n\t\t\t<a href=\"https:\/\/morarmais.com.br\/mms\/wp-content\/uploads\/2024\/05\/06-Sala-de-Jantar.jpg\">\n\t\n\t\t<noscript><img fetchpriority=\"high\" decoding=\"async\" width=\"1200\" height=\"800\" data-skip-lazy src=\"https:\/\/morarmais.com.br\/mms\/wp-content\/uploads\/2024\/05\/06-Sala-de-Jantar.jpg\" class=\"wp-image-13597\" alt=\"\" srcset=\"https:\/\/morarmais.com.br\/mms\/wp-content\/uploads\/2024\/05\/06-Sala-de-Jantar.jpg 1200w, https:\/\/morarmais.com.br\/mms\/wp-content\/uploads\/2024\/05\/06-Sala-de-Jantar-300x200.jpg 300w, https:\/\/morarmais.com.br\/mms\/wp-content\/uploads\/2024\/05\/06-Sala-de-Jantar-1024x683.jpg 1024w, https:\/\/morarmais.com.br\/mms\/wp-content\/uploads\/2024\/05\/06-Sala-de-Jantar-768x512.jpg 768w, https:\/\/morarmais.com.br\/mms\/wp-content\/uploads\/2024\/05\/06-Sala-de-Jantar-500x333.jpg 500w, https:\/\/morarmais.com.br\/mms\/wp-content\/uploads\/2024\/05\/06-Sala-de-Jantar-800x533.jpg 800w, https:\/\/morarmais.com.br\/mms\/wp-content\/uploads\/2024\/05\/06-Sala-de-Jantar-930x620.jpg 930w, https:\/\/morarmais.com.br\/mms\/wp-content\/uploads\/2024\/05\/06-Sala-de-Jantar-350x233.jpg 350w\" sizes=\"(max-width: 1200px) 100vw, 1200px\"><\/noscript><img decoding=\"async\" width=\"1200\" height=\"800\" src=\"https:\/\/morarmais.com.br\/mms\/wp-content\/uploads\/2024\/05\/06-Sala-de-Jantar.jpg\" class=\"wp-image-13597 vp-lazyload\" alt srcset=\"data:image\/svg+xml;base64,PHN2ZyB3aWR0aD0iMTIwMCIgaGVpZ2h0PSI4MDAiIHZpZXdCb3g9IjAgMCAxMjAwIDgwMCIgZmlsbD0ibm9uZSIgeG1sbnM9Imh0dHA6Ly93d3cudzMub3JnLzIwMDAvc3ZnIj48L3N2Zz4=\" data-src=\"https:\/\/morarmais.com.br\/mms\/wp-content\/uploads\/2024\/05\/06-Sala-de-Jantar.jpg\" data-srcset=\"https:\/\/morarmais.com.br\/mms\/wp-content\/uploads\/2024\/05\/06-Sala-de-Jantar.jpg 1200w, https:\/\/morarmais.com.br\/mms\/wp-content\/uploads\/2024\/05\/06-Sala-de-Jantar-300x200.jpg 300w, https:\/\/morarmais.com.br\/mms\/wp-content\/uploads\/2024\/05\/06-Sala-de-Jantar-1024x683.jpg 1024w, https:\/\/morarmais.com.br\/mms\/wp-content\/uploads\/2024\/05\/06-Sala-de-Jantar-768x512.jpg 768w, https:\/\/morarmais.com.br\/mms\/wp-content\/uploads\/2024\/05\/06-Sala-de-Jantar-500x333.jpg 500w, https:\/\/morarmais.com.br\/mms\/wp-content\/uploads\/2024\/05\/06-Sala-de-Jantar-800x533.jpg 800w, https:\/\/morarmais.com.br\/mms\/wp-content\/uploads\/2024\/05\/06-Sala-de-Jantar-930x620.jpg 930w, https:\/\/morarmais.com.br\/mms\/wp-content\/uploads\/2024\/05\/06-Sala-de-Jantar-350x233.jpg 350w\" data-sizes=\"auto\" loading=\"eager\">\n\t\t<\/a>\t<\/div>\n<\/div>\n\t<div class=\"vp-portfolio__item-overlay\">\n\t\t\t<a href=\"https:\/\/morarmais.com.br\/mms\/wp-content\/uploads\/2024\/05\/06-Sala-de-Jantar.jpg\" tabindex=\"-1\" class=\"vp-portfolio__item-meta\">\n\t\t\t<\/a>\t<\/div>\n\t\t\t\t<\/figure>\n\t\t\t\t\t<\/div>\n\t\t\n\t\t<div class=\"vp-portfolio__item-wrap vp-portfolio__item-uid-f2baa837\" data-vp-filter=\"\">\n\t\t\t<template class=\"vp-portfolio__item-popup\" style=\"display: none\" data-vp-popup-img=\"https:\/\/morarmais.com.br\/mms\/wp-content\/uploads\/2021\/02\/Sala-de-Jantar_Isabella-Nallon-Sula-Miranda-e-Juliana-Atti-3.jpg\" data-vp-popup-img-srcset=\"https:\/\/morarmais.com.br\/mms\/wp-content\/uploads\/2021\/02\/Sala-de-Jantar_Isabella-Nallon-Sula-Miranda-e-Juliana-Atti-3.jpg 683w, https:\/\/morarmais.com.br\/mms\/wp-content\/uploads\/2021\/02\/Sala-de-Jantar_Isabella-Nallon-Sula-Miranda-e-Juliana-Atti-3-200x300.jpg 200w, https:\/\/morarmais.com.br\/mms\/wp-content\/uploads\/2021\/02\/Sala-de-Jantar_Isabella-Nallon-Sula-Miranda-e-Juliana-Atti-3-350x525.jpg 350w\" data-vp-popup-img-size=\"683x1024\" data-vp-popup-md-img=\"https:\/\/morarmais.com.br\/mms\/wp-content\/uploads\/2021\/02\/Sala-de-Jantar_Isabella-Nallon-Sula-Miranda-e-Juliana-Atti-3.jpg\" data-vp-popup-md-img-size=\"683x1024\" data-vp-popup-sm-img=\"https:\/\/morarmais.com.br\/mms\/wp-content\/uploads\/2021\/02\/Sala-de-Jantar_Isabella-Nallon-Sula-Miranda-e-Juliana-Atti-3.jpg\" data-vp-popup-sm-img-size=\"500x750\">\n\t\t\t<div class=\"vp-portfolio__item-popup-description\">Sala de Jantar, assinada por Sula Miranda, Isabella Nalon e Juliana Atti, com parede recheada de caixas de pallets usadas como floreiras, lustre feito com galhos descartados e base da mesa feita com rodas de caminh\u00e3o<\/div>\n\t\t<\/template>\n\t\t\t\t\t\t<figure class=\"vp-portfolio__item\">\n\t\t\t\t\n<div class=\"vp-portfolio__item-img-wrap\">\n\t<div class=\"vp-portfolio__item-img\">\n\t\t\t<a href=\"https:\/\/morarmais.com.br\/mms\/wp-content\/uploads\/2021\/02\/Sala-de-Jantar_Isabella-Nallon-Sula-Miranda-e-Juliana-Atti-3.jpg\">\n\t\n\t\t<noscript><img decoding=\"async\" width=\"683\" height=\"1024\" data-skip-lazy src=\"https:\/\/morarmais.com.br\/mms\/wp-content\/uploads\/2021\/02\/Sala-de-Jantar_Isabella-Nallon-Sula-Miranda-e-Juliana-Atti-3.jpg\" class=\"wp-image-5453\" alt=\"\" srcset=\"https:\/\/morarmais.com.br\/mms\/wp-content\/uploads\/2021\/02\/Sala-de-Jantar_Isabella-Nallon-Sula-Miranda-e-Juliana-Atti-3.jpg 683w, https:\/\/morarmais.com.br\/mms\/wp-content\/uploads\/2021\/02\/Sala-de-Jantar_Isabella-Nallon-Sula-Miranda-e-Juliana-Atti-3-200x300.jpg 200w, https:\/\/morarmais.com.br\/mms\/wp-content\/uploads\/2021\/02\/Sala-de-Jantar_Isabella-Nallon-Sula-Miranda-e-Juliana-Atti-3-350x525.jpg 350w\" sizes=\"(max-width: 683px) 100vw, 683px\"><\/noscript><img decoding=\"async\" width=\"683\" height=\"1024\" src=\"https:\/\/morarmais.com.br\/mms\/wp-content\/uploads\/2021\/02\/Sala-de-Jantar_Isabella-Nallon-Sula-Miranda-e-Juliana-Atti-3.jpg\" class=\"wp-image-5453 vp-lazyload\" alt srcset=\"data:image\/svg+xml;base64,PHN2ZyB3aWR0aD0iNjgzIiBoZWlnaHQ9IjEwMjQiIHZpZXdCb3g9IjAgMCA2ODMgMTAyNCIgZmlsbD0ibm9uZSIgeG1sbnM9Imh0dHA6Ly93d3cudzMub3JnLzIwMDAvc3ZnIj48L3N2Zz4=\" data-src=\"https:\/\/morarmais.com.br\/mms\/wp-content\/uploads\/2021\/02\/Sala-de-Jantar_Isabella-Nallon-Sula-Miranda-e-Juliana-Atti-3.jpg\" data-srcset=\"https:\/\/morarmais.com.br\/mms\/wp-content\/uploads\/2021\/02\/Sala-de-Jantar_Isabella-Nallon-Sula-Miranda-e-Juliana-Atti-3.jpg 683w, https:\/\/morarmais.com.br\/mms\/wp-content\/uploads\/2021\/02\/Sala-de-Jantar_Isabella-Nallon-Sula-Miranda-e-Juliana-Atti-3-200x300.jpg 200w, https:\/\/morarmais.com.br\/mms\/wp-content\/uploads\/2021\/02\/Sala-de-Jantar_Isabella-Nallon-Sula-Miranda-e-Juliana-Atti-3-350x525.jpg 350w\" data-sizes=\"auto\" loading=\"eager\">\n\t\t<\/a>\t<\/div>\n<\/div>\n\t<div class=\"vp-portfolio__item-overlay\">\n\t\t\t<a href=\"https:\/\/morarmais.com.br\/mms\/wp-content\/uploads\/2021\/02\/Sala-de-Jantar_Isabella-Nallon-Sula-Miranda-e-Juliana-Atti-3.jpg\" tabindex=\"-1\" class=\"vp-portfolio__item-meta\">\n\t\t\t<\/a>\t<\/div>\n\t\t\t\t<\/figure>\n\t\t\t\t\t<\/div>\n\t\t\n\t\t<div class=\"vp-portfolio__item-wrap vp-portfolio__item-uid-4ae7aa74\" data-vp-filter=\"\">\n\t\t\t<template class=\"vp-portfolio__item-popup\" style=\"display: none\" data-vp-popup-img=\"https:\/\/morarmais.com.br\/mms\/wp-content\/uploads\/2024\/05\/Julia-Herman-Fotografia-83.jpg\" data-vp-popup-img-srcset=\"https:\/\/morarmais.com.br\/mms\/wp-content\/uploads\/2024\/05\/Julia-Herman-Fotografia-83.jpg 1200w, https:\/\/morarmais.com.br\/mms\/wp-content\/uploads\/2024\/05\/Julia-Herman-Fotografia-83-300x200.jpg 300w, https:\/\/morarmais.com.br\/mms\/wp-content\/uploads\/2024\/05\/Julia-Herman-Fotografia-83-1024x684.jpg 1024w, https:\/\/morarmais.com.br\/mms\/wp-content\/uploads\/2024\/05\/Julia-Herman-Fotografia-83-768x513.jpg 768w, https:\/\/morarmais.com.br\/mms\/wp-content\/uploads\/2024\/05\/Julia-Herman-Fotografia-83-500x334.jpg 500w, https:\/\/morarmais.com.br\/mms\/wp-content\/uploads\/2024\/05\/Julia-Herman-Fotografia-83-800x534.jpg 800w, https:\/\/morarmais.com.br\/mms\/wp-content\/uploads\/2024\/05\/Julia-Herman-Fotografia-83-930x620.jpg 930w, https:\/\/morarmais.com.br\/mms\/wp-content\/uploads\/2024\/05\/Julia-Herman-Fotografia-83-350x234.jpg 350w\" data-vp-popup-img-size=\"1200x801\" data-vp-popup-md-img=\"https:\/\/morarmais.com.br\/mms\/wp-content\/uploads\/2024\/05\/Julia-Herman-Fotografia-83-800x534.jpg\" data-vp-popup-md-img-size=\"800x534\" data-vp-popup-sm-img=\"https:\/\/morarmais.com.br\/mms\/wp-content\/uploads\/2024\/05\/Julia-Herman-Fotografia-83-500x334.jpg\" data-vp-popup-sm-img-size=\"500x334\">\n\t<\/template>\n\t\t\t\t\t\t<figure class=\"vp-portfolio__item\">\n\t\t\t\t\n<div class=\"vp-portfolio__item-img-wrap\">\n\t<div class=\"vp-portfolio__item-img\">\n\t\t\t<a href=\"https:\/\/morarmais.com.br\/mms\/wp-content\/uploads\/2024\/05\/Julia-Herman-Fotografia-83.jpg\">\n\t\n\t\t<noscript><img decoding=\"async\" width=\"1200\" height=\"801\" data-skip-lazy src=\"https:\/\/morarmais.com.br\/mms\/wp-content\/uploads\/2024\/05\/Julia-Herman-Fotografia-83.jpg\" class=\"wp-image-14068\" alt=\"\" srcset=\"https:\/\/morarmais.com.br\/mms\/wp-content\/uploads\/2024\/05\/Julia-Herman-Fotografia-83.jpg 1200w, https:\/\/morarmais.com.br\/mms\/wp-content\/uploads\/2024\/05\/Julia-Herman-Fotografia-83-300x200.jpg 300w, https:\/\/morarmais.com.br\/mms\/wp-content\/uploads\/2024\/05\/Julia-Herman-Fotografia-83-1024x684.jpg 1024w, https:\/\/morarmais.com.br\/mms\/wp-content\/uploads\/2024\/05\/Julia-Herman-Fotografia-83-768x513.jpg 768w, https:\/\/morarmais.com.br\/mms\/wp-content\/uploads\/2024\/05\/Julia-Herman-Fotografia-83-500x334.jpg 500w, https:\/\/morarmais.com.br\/mms\/wp-content\/uploads\/2024\/05\/Julia-Herman-Fotografia-83-800x534.jpg 800w, https:\/\/morarmais.com.br\/mms\/wp-content\/uploads\/2024\/05\/Julia-Herman-Fotografia-83-930x620.jpg 930w, https:\/\/morarmais.com.br\/mms\/wp-content\/uploads\/2024\/05\/Julia-Herman-Fotografia-83-350x234.jpg 350w\" sizes=\"(max-width: 1200px) 100vw, 1200px\"><\/noscript><img decoding=\"async\" width=\"1200\" height=\"801\" src=\"https:\/\/morarmais.com.br\/mms\/wp-content\/uploads\/2024\/05\/Julia-Herman-Fotografia-83.jpg\" class=\"wp-image-14068 vp-lazyload\" alt srcset=\"data:image\/svg+xml;base64,PHN2ZyB3aWR0aD0iMTIwMCIgaGVpZ2h0PSI4MDEiIHZpZXdCb3g9IjAgMCAxMjAwIDgwMSIgZmlsbD0ibm9uZSIgeG1sbnM9Imh0dHA6Ly93d3cudzMub3JnLzIwMDAvc3ZnIj48L3N2Zz4=\" data-src=\"https:\/\/morarmais.com.br\/mms\/wp-content\/uploads\/2024\/05\/Julia-Herman-Fotografia-83.jpg\" data-srcset=\"https:\/\/morarmais.com.br\/mms\/wp-content\/uploads\/2024\/05\/Julia-Herman-Fotografia-83.jpg 1200w, https:\/\/morarmais.com.br\/mms\/wp-content\/uploads\/2024\/05\/Julia-Herman-Fotografia-83-300x200.jpg 300w, https:\/\/morarmais.com.br\/mms\/wp-content\/uploads\/2024\/05\/Julia-Herman-Fotografia-83-1024x684.jpg 1024w, https:\/\/morarmais.com.br\/mms\/wp-content\/uploads\/2024\/05\/Julia-Herman-Fotografia-83-768x513.jpg 768w, https:\/\/morarmais.com.br\/mms\/wp-content\/uploads\/2024\/05\/Julia-Herman-Fotografia-83-500x334.jpg 500w, https:\/\/morarmais.com.br\/mms\/wp-content\/uploads\/2024\/05\/Julia-Herman-Fotografia-83-800x534.jpg 800w, https:\/\/morarmais.com.br\/mms\/wp-content\/uploads\/2024\/05\/Julia-Herman-Fotografia-83-930x620.jpg 930w, https:\/\/morarmais.com.br\/mms\/wp-content\/uploads\/2024\/05\/Julia-Herman-Fotografia-83-350x234.jpg 350w\" data-sizes=\"auto\" loading=\"eager\">\n\t\t<\/a>\t<\/div>\n<\/div>\n\t<div class=\"vp-portfolio__item-overlay\">\n\t\t\t<a href=\"https:\/\/morarmais.com.br\/mms\/wp-content\/uploads\/2024\/05\/Julia-Herman-Fotografia-83.jpg\" tabindex=\"-1\" class=\"vp-portfolio__item-meta\">\n\t\t\t<\/a>\t<\/div>\n\t\t\t\t<\/figure>\n\t\t\t\t\t<\/div>\n\t\t\n\t\t<div class=\"vp-portfolio__item-wrap vp-portfolio__item-uid-f6bc4947\" data-vp-filter=\"\">\n\t\t\t<template class=\"vp-portfolio__item-popup\" style=\"display: none\" data-vp-popup-img=\"https:\/\/morarmais.com.br\/mms\/wp-content\/uploads\/2024\/05\/Julia-Herman-Fotografia-84.jpg\" data-vp-popup-img-srcset=\"https:\/\/morarmais.com.br\/mms\/wp-content\/uploads\/2024\/05\/Julia-Herman-Fotografia-84.jpg 1200w, https:\/\/morarmais.com.br\/mms\/wp-content\/uploads\/2024\/05\/Julia-Herman-Fotografia-84-300x200.jpg 300w, https:\/\/morarmais.com.br\/mms\/wp-content\/uploads\/2024\/05\/Julia-Herman-Fotografia-84-1024x684.jpg 1024w, https:\/\/morarmais.com.br\/mms\/wp-content\/uploads\/2024\/05\/Julia-Herman-Fotografia-84-768x513.jpg 768w, https:\/\/morarmais.com.br\/mms\/wp-content\/uploads\/2024\/05\/Julia-Herman-Fotografia-84-500x334.jpg 500w, https:\/\/morarmais.com.br\/mms\/wp-content\/uploads\/2024\/05\/Julia-Herman-Fotografia-84-800x534.jpg 800w, https:\/\/morarmais.com.br\/mms\/wp-content\/uploads\/2024\/05\/Julia-Herman-Fotografia-84-930x620.jpg 930w, https:\/\/morarmais.com.br\/mms\/wp-content\/uploads\/2024\/05\/Julia-Herman-Fotografia-84-350x234.jpg 350w\" data-vp-popup-img-size=\"1200x801\" data-vp-popup-md-img=\"https:\/\/morarmais.com.br\/mms\/wp-content\/uploads\/2024\/05\/Julia-Herman-Fotografia-84-800x534.jpg\" data-vp-popup-md-img-size=\"800x534\" data-vp-popup-sm-img=\"https:\/\/morarmais.com.br\/mms\/wp-content\/uploads\/2024\/05\/Julia-Herman-Fotografia-84-500x334.jpg\" data-vp-popup-sm-img-size=\"500x334\">\n\t<\/template>\n\t\t\t\t\t\t<figure class=\"vp-portfolio__item\">\n\t\t\t\t\n<div class=\"vp-portfolio__item-img-wrap\">\n\t<div class=\"vp-portfolio__item-img\">\n\t\t\t<a href=\"https:\/\/morarmais.com.br\/mms\/wp-content\/uploads\/2024\/05\/Julia-Herman-Fotografia-84.jpg\">\n\t\n\t\t<noscript><img loading=\"lazy\" decoding=\"async\" width=\"1200\" height=\"801\" data-skip-lazy src=\"https:\/\/morarmais.com.br\/mms\/wp-content\/uploads\/2024\/05\/Julia-Herman-Fotografia-84.jpg\" class=\"wp-image-14069\" alt=\"\" srcset=\"https:\/\/morarmais.com.br\/mms\/wp-content\/uploads\/2024\/05\/Julia-Herman-Fotografia-84.jpg 1200w, https:\/\/morarmais.com.br\/mms\/wp-content\/uploads\/2024\/05\/Julia-Herman-Fotografia-84-300x200.jpg 300w, https:\/\/morarmais.com.br\/mms\/wp-content\/uploads\/2024\/05\/Julia-Herman-Fotografia-84-1024x684.jpg 1024w, https:\/\/morarmais.com.br\/mms\/wp-content\/uploads\/2024\/05\/Julia-Herman-Fotografia-84-768x513.jpg 768w, https:\/\/morarmais.com.br\/mms\/wp-content\/uploads\/2024\/05\/Julia-Herman-Fotografia-84-500x334.jpg 500w, https:\/\/morarmais.com.br\/mms\/wp-content\/uploads\/2024\/05\/Julia-Herman-Fotografia-84-800x534.jpg 800w, https:\/\/morarmais.com.br\/mms\/wp-content\/uploads\/2024\/05\/Julia-Herman-Fotografia-84-930x620.jpg 930w, https:\/\/morarmais.com.br\/mms\/wp-content\/uploads\/2024\/05\/Julia-Herman-Fotografia-84-350x234.jpg 350w\" sizes=\"(max-width: 1200px) 100vw, 1200px\"><\/noscript><img decoding=\"async\" width=\"1200\" height=\"801\" src=\"https:\/\/morarmais.com.br\/mms\/wp-content\/uploads\/2024\/05\/Julia-Herman-Fotografia-84.jpg\" class=\"wp-image-14069 vp-lazyload\" alt srcset=\"data:image\/svg+xml;base64,PHN2ZyB3aWR0aD0iMTIwMCIgaGVpZ2h0PSI4MDEiIHZpZXdCb3g9IjAgMCAxMjAwIDgwMSIgZmlsbD0ibm9uZSIgeG1sbnM9Imh0dHA6Ly93d3cudzMub3JnLzIwMDAvc3ZnIj48L3N2Zz4=\" data-src=\"https:\/\/morarmais.com.br\/mms\/wp-content\/uploads\/2024\/05\/Julia-Herman-Fotografia-84.jpg\" data-srcset=\"https:\/\/morarmais.com.br\/mms\/wp-content\/uploads\/2024\/05\/Julia-Herman-Fotografia-84.jpg 1200w, https:\/\/morarmais.com.br\/mms\/wp-content\/uploads\/2024\/05\/Julia-Herman-Fotografia-84-300x200.jpg 300w, https:\/\/morarmais.com.br\/mms\/wp-content\/uploads\/2024\/05\/Julia-Herman-Fotografia-84-1024x684.jpg 1024w, https:\/\/morarmais.com.br\/mms\/wp-content\/uploads\/2024\/05\/Julia-Herman-Fotografia-84-768x513.jpg 768w, https:\/\/morarmais.com.br\/mms\/wp-content\/uploads\/2024\/05\/Julia-Herman-Fotografia-84-500x334.jpg 500w, https:\/\/morarmais.com.br\/mms\/wp-content\/uploads\/2024\/05\/Julia-Herman-Fotografia-84-800x534.jpg 800w, https:\/\/morarmais.com.br\/mms\/wp-content\/uploads\/2024\/05\/Julia-Herman-Fotografia-84-930x620.jpg 930w, https:\/\/morarmais.com.br\/mms\/wp-content\/uploads\/2024\/05\/Julia-Herman-Fotografia-84-350x234.jpg 350w\" data-sizes=\"auto\" loading=\"eager\">\n\t\t<\/a>\t<\/div>\n<\/div>\n\t<div class=\"vp-portfolio__item-overlay\">\n\t\t\t<a href=\"https:\/\/morarmais.com.br\/mms\/wp-content\/uploads\/2024\/05\/Julia-Herman-Fotografia-84.jpg\" tabindex=\"-1\" class=\"vp-portfolio__item-meta\">\n\t\t\t<\/a>\t<\/div>\n\t\t\t\t<\/figure>\n\t\t\t\t\t<\/div>\n\t\t\n\t\t<div class=\"vp-portfolio__item-wrap vp-portfolio__item-uid-8b7ef01a\" data-vp-filter=\"\">\n\t\t\t<template class=\"vp-portfolio__item-popup\" style=\"display: none\" data-vp-popup-img=\"https:\/\/morarmais.com.br\/mms\/wp-content\/uploads\/2024\/05\/Julia-Herman-Fotografia-90.jpg\" data-vp-popup-img-srcset=\"https:\/\/morarmais.com.br\/mms\/wp-content\/uploads\/2024\/05\/Julia-Herman-Fotografia-90.jpg 801w, https:\/\/morarmais.com.br\/mms\/wp-content\/uploads\/2024\/05\/Julia-Herman-Fotografia-90-200x300.jpg 200w, https:\/\/morarmais.com.br\/mms\/wp-content\/uploads\/2024\/05\/Julia-Herman-Fotografia-90-684x1024.jpg 684w, https:\/\/morarmais.com.br\/mms\/wp-content\/uploads\/2024\/05\/Julia-Herman-Fotografia-90-768x1151.jpg 768w, https:\/\/morarmais.com.br\/mms\/wp-content\/uploads\/2024\/05\/Julia-Herman-Fotografia-90-600x900.jpg 600w, https:\/\/morarmais.com.br\/mms\/wp-content\/uploads\/2024\/05\/Julia-Herman-Fotografia-90-500x749.jpg 500w, https:\/\/morarmais.com.br\/mms\/wp-content\/uploads\/2024\/05\/Julia-Herman-Fotografia-90-350x524.jpg 350w\" data-vp-popup-img-size=\"801x1200\" data-vp-popup-md-img=\"https:\/\/morarmais.com.br\/mms\/wp-content\/uploads\/2024\/05\/Julia-Herman-Fotografia-90.jpg\" data-vp-popup-md-img-size=\"800x1199\" data-vp-popup-sm-img=\"https:\/\/morarmais.com.br\/mms\/wp-content\/uploads\/2024\/05\/Julia-Herman-Fotografia-90-500x749.jpg\" data-vp-popup-sm-img-size=\"500x749\">\n\t<\/template>\n\t\t\t\t\t\t<figure class=\"vp-portfolio__item\">\n\t\t\t\t\n<div class=\"vp-portfolio__item-img-wrap\">\n\t<div class=\"vp-portfolio__item-img\">\n\t\t\t<a href=\"https:\/\/morarmais.com.br\/mms\/wp-content\/uploads\/2024\/05\/Julia-Herman-Fotografia-90.jpg\">\n\t\n\t\t<noscript><img loading=\"lazy\" decoding=\"async\" width=\"801\" height=\"1200\" data-skip-lazy src=\"https:\/\/morarmais.com.br\/mms\/wp-content\/uploads\/2024\/05\/Julia-Herman-Fotografia-90.jpg\" class=\"wp-image-14070\" alt=\"\" srcset=\"https:\/\/morarmais.com.br\/mms\/wp-content\/uploads\/2024\/05\/Julia-Herman-Fotografia-90.jpg 801w, https:\/\/morarmais.com.br\/mms\/wp-content\/uploads\/2024\/05\/Julia-Herman-Fotografia-90-200x300.jpg 200w, https:\/\/morarmais.com.br\/mms\/wp-content\/uploads\/2024\/05\/Julia-Herman-Fotografia-90-684x1024.jpg 684w, https:\/\/morarmais.com.br\/mms\/wp-content\/uploads\/2024\/05\/Julia-Herman-Fotografia-90-768x1151.jpg 768w, https:\/\/morarmais.com.br\/mms\/wp-content\/uploads\/2024\/05\/Julia-Herman-Fotografia-90-600x900.jpg 600w, https:\/\/morarmais.com.br\/mms\/wp-content\/uploads\/2024\/05\/Julia-Herman-Fotografia-90-500x749.jpg 500w, https:\/\/morarmais.com.br\/mms\/wp-content\/uploads\/2024\/05\/Julia-Herman-Fotografia-90-350x524.jpg 350w\" sizes=\"(max-width: 801px) 100vw, 801px\"><\/noscript><img decoding=\"async\" width=\"801\" height=\"1200\" src=\"https:\/\/morarmais.com.br\/mms\/wp-content\/uploads\/2024\/05\/Julia-Herman-Fotografia-90.jpg\" class=\"wp-image-14070 vp-lazyload\" alt srcset=\"data:image\/svg+xml;base64,PHN2ZyB3aWR0aD0iODAxIiBoZWlnaHQ9IjEyMDAiIHZpZXdCb3g9IjAgMCA4MDEgMTIwMCIgZmlsbD0ibm9uZSIgeG1sbnM9Imh0dHA6Ly93d3cudzMub3JnLzIwMDAvc3ZnIj48L3N2Zz4=\" data-src=\"https:\/\/morarmais.com.br\/mms\/wp-content\/uploads\/2024\/05\/Julia-Herman-Fotografia-90.jpg\" data-srcset=\"https:\/\/morarmais.com.br\/mms\/wp-content\/uploads\/2024\/05\/Julia-Herman-Fotografia-90.jpg 801w, https:\/\/morarmais.com.br\/mms\/wp-content\/uploads\/2024\/05\/Julia-Herman-Fotografia-90-200x300.jpg 200w, https:\/\/morarmais.com.br\/mms\/wp-content\/uploads\/2024\/05\/Julia-Herman-Fotografia-90-684x1024.jpg 684w, https:\/\/morarmais.com.br\/mms\/wp-content\/uploads\/2024\/05\/Julia-Herman-Fotografia-90-768x1151.jpg 768w, https:\/\/morarmais.com.br\/mms\/wp-content\/uploads\/2024\/05\/Julia-Herman-Fotografia-90-600x900.jpg 600w, https:\/\/morarmais.com.br\/mms\/wp-content\/uploads\/2024\/05\/Julia-Herman-Fotografia-90-500x749.jpg 500w, https:\/\/morarmais.com.br\/mms\/wp-content\/uploads\/2024\/05\/Julia-Herman-Fotografia-90-350x524.jpg 350w\" data-sizes=\"auto\" loading=\"eager\">\n\t\t<\/a>\t<\/div>\n<\/div>\n\t<div class=\"vp-portfolio__item-overlay\">\n\t\t\t<a href=\"https:\/\/morarmais.com.br\/mms\/wp-content\/uploads\/2024\/05\/Julia-Herman-Fotografia-90.jpg\" tabindex=\"-1\" class=\"vp-portfolio__item-meta\">\n\t\t\t<\/a>\t<\/div>\n\t\t\t\t<\/figure>\n\t\t\t\t\t<\/div>\n\t\t\n\t\t<div class=\"vp-portfolio__item-wrap vp-portfolio__item-uid-37251329\" data-vp-filter=\"\">\n\t\t\t<template class=\"vp-portfolio__item-popup\" style=\"display: none\" data-vp-popup-img=\"https:\/\/morarmais.com.br\/mms\/wp-content\/uploads\/2024\/05\/Julia-Herman-Fotografia-94.jpg\" data-vp-popup-img-srcset=\"https:\/\/morarmais.com.br\/mms\/wp-content\/uploads\/2024\/05\/Julia-Herman-Fotografia-94.jpg 801w, https:\/\/morarmais.com.br\/mms\/wp-content\/uploads\/2024\/05\/Julia-Herman-Fotografia-94-200x300.jpg 200w, https:\/\/morarmais.com.br\/mms\/wp-content\/uploads\/2024\/05\/Julia-Herman-Fotografia-94-684x1024.jpg 684w, https:\/\/morarmais.com.br\/mms\/wp-content\/uploads\/2024\/05\/Julia-Herman-Fotografia-94-768x1151.jpg 768w, https:\/\/morarmais.com.br\/mms\/wp-content\/uploads\/2024\/05\/Julia-Herman-Fotografia-94-600x900.jpg 600w, https:\/\/morarmais.com.br\/mms\/wp-content\/uploads\/2024\/05\/Julia-Herman-Fotografia-94-500x749.jpg 500w, https:\/\/morarmais.com.br\/mms\/wp-content\/uploads\/2024\/05\/Julia-Herman-Fotografia-94-350x524.jpg 350w\" data-vp-popup-img-size=\"801x1200\" data-vp-popup-md-img=\"https:\/\/morarmais.com.br\/mms\/wp-content\/uploads\/2024\/05\/Julia-Herman-Fotografia-94.jpg\" data-vp-popup-md-img-size=\"800x1199\" data-vp-popup-sm-img=\"https:\/\/morarmais.com.br\/mms\/wp-content\/uploads\/2024\/05\/Julia-Herman-Fotografia-94-500x749.jpg\" data-vp-popup-sm-img-size=\"500x749\">\n\t<\/template>\n\t\t\t\t\t\t<figure class=\"vp-portfolio__item\">\n\t\t\t\t\n<div class=\"vp-portfolio__item-img-wrap\">\n\t<div class=\"vp-portfolio__item-img\">\n\t\t\t<a href=\"https:\/\/morarmais.com.br\/mms\/wp-content\/uploads\/2024\/05\/Julia-Herman-Fotografia-94.jpg\">\n\t\n\t\t<noscript><img loading=\"lazy\" decoding=\"async\" width=\"801\" height=\"1200\" data-skip-lazy src=\"https:\/\/morarmais.com.br\/mms\/wp-content\/uploads\/2024\/05\/Julia-Herman-Fotografia-94.jpg\" class=\"wp-image-14071\" alt=\"\" srcset=\"https:\/\/morarmais.com.br\/mms\/wp-content\/uploads\/2024\/05\/Julia-Herman-Fotografia-94.jpg 801w, https:\/\/morarmais.com.br\/mms\/wp-content\/uploads\/2024\/05\/Julia-Herman-Fotografia-94-200x300.jpg 200w, https:\/\/morarmais.com.br\/mms\/wp-content\/uploads\/2024\/05\/Julia-Herman-Fotografia-94-684x1024.jpg 684w, https:\/\/morarmais.com.br\/mms\/wp-content\/uploads\/2024\/05\/Julia-Herman-Fotografia-94-768x1151.jpg 768w, https:\/\/morarmais.com.br\/mms\/wp-content\/uploads\/2024\/05\/Julia-Herman-Fotografia-94-600x900.jpg 600w, https:\/\/morarmais.com.br\/mms\/wp-content\/uploads\/2024\/05\/Julia-Herman-Fotografia-94-500x749.jpg 500w, https:\/\/morarmais.com.br\/mms\/wp-content\/uploads\/2024\/05\/Julia-Herman-Fotografia-94-350x524.jpg 350w\" sizes=\"(max-width: 801px) 100vw, 801px\"><\/noscript><img decoding=\"async\" width=\"801\" height=\"1200\" src=\"https:\/\/morarmais.com.br\/mms\/wp-content\/uploads\/2024\/05\/Julia-Herman-Fotografia-94.jpg\" class=\"wp-image-14071 vp-lazyload\" alt srcset=\"data:image\/svg+xml;base64,PHN2ZyB3aWR0aD0iODAxIiBoZWlnaHQ9IjEyMDAiIHZpZXdCb3g9IjAgMCA4MDEgMTIwMCIgZmlsbD0ibm9uZSIgeG1sbnM9Imh0dHA6Ly93d3cudzMub3JnLzIwMDAvc3ZnIj48L3N2Zz4=\" data-src=\"https:\/\/morarmais.com.br\/mms\/wp-content\/uploads\/2024\/05\/Julia-Herman-Fotografia-94.jpg\" data-srcset=\"https:\/\/morarmais.com.br\/mms\/wp-content\/uploads\/2024\/05\/Julia-Herman-Fotografia-94.jpg 801w, https:\/\/morarmais.com.br\/mms\/wp-content\/uploads\/2024\/05\/Julia-Herman-Fotografia-94-200x300.jpg 200w, https:\/\/morarmais.com.br\/mms\/wp-content\/uploads\/2024\/05\/Julia-Herman-Fotografia-94-684x1024.jpg 684w, https:\/\/morarmais.com.br\/mms\/wp-content\/uploads\/2024\/05\/Julia-Herman-Fotografia-94-768x1151.jpg 768w, https:\/\/morarmais.com.br\/mms\/wp-content\/uploads\/2024\/05\/Julia-Herman-Fotografia-94-600x900.jpg 600w, https:\/\/morarmais.com.br\/mms\/wp-content\/uploads\/2024\/05\/Julia-Herman-Fotografia-94-500x749.jpg 500w, https:\/\/morarmais.com.br\/mms\/wp-content\/uploads\/2024\/05\/Julia-Herman-Fotografia-94-350x524.jpg 350w\" data-sizes=\"auto\" loading=\"eager\">\n\t\t<\/a>\t<\/div>\n<\/div>\n\t<div class=\"vp-portfolio__item-overlay\">\n\t\t\t<a href=\"https:\/\/morarmais.com.br\/mms\/wp-content\/uploads\/2024\/05\/Julia-Herman-Fotografia-94.jpg\" tabindex=\"-1\" class=\"vp-portfolio__item-meta\">\n\t\t\t<\/a>\t<\/div>\n\t\t\t\t<\/figure>\n\t\t\t\t\t<\/div>\n\t\t\n<\/div>\n\t\t<\/div>\n\t\t\n<\/div>\n<\/div><\/div>\n<\/div>","protected":false},"excerpt":{"rendered":"<p>06 &#8211; SALA DE JANTAR | HOMENAGEM \u00c0 CANTORA SULA MIRANDA Isabella Nalon(11) 94453-5500 isabella@nalonarquitetura.com.br@morarmaissljantar Juliana Atti(11) 94781-3446 julianaatti.arquiteta@gmail.com&#8211; Sula Miranda(11) 97140-5551 sulamiranda@uol.com.br&#8211; O espa\u00e7o \u00e9 uma homenagem \u00e0 carreira da cantora Sula Miranda, rainha dos caminhoneiros, e transmite seu estilo, seu gosto pela decora\u00e7\u00e3o e sua hist\u00f3ria de vida, utilizando elementos relacionados com a&hellip;&nbsp;<a href=\"https:\/\/morarmais.com.br\/mms\/06-sala-de-jantar-homenagem-a-cantora-sula-miranda\/\" rel=\"bookmark\">Continue a ler &raquo;<span class=\"screen-reader-text\">06 &#8211; SALA DE JANTAR | HOMENAGEM \u00c0 CANTORA SULA MIRANDA<\/span><\/a><\/p>\n","protected":false},"author":1,"featured_media":14066,"comment_status":"close","ping_status":"open","sticky":false,"template":"elementor_header_footer","format":"standard","meta":{"_eb_attr":"","editor_plus_copied_stylings":"{}","neve_meta_sidebar":"","neve_meta_container":"","neve_meta_enable_content_width":"","neve_meta_content_width":0,"neve_meta_title_alignment":"","neve_meta_author_avatar":"","neve_post_elements_order":"","neve_meta_disable_header":"","neve_meta_disable_footer":"","neve_meta_disable_title":"","_themeisle_gutenberg_block_has_review":false,"_vp_format_video_url":"","_vp_image_focal_point":[],"footnotes":""},"categories":[344],"tags":[],"class_list":["post-13727","post","type-post","status-publish","format-standard","has-post-thumbnail","hentry","category-cat_sp2019"],"yoast_head":"<!-- This site is optimized with the Yoast SEO plugin v25.6 - https:\/\/yoast.com\/wordpress\/plugins\/seo\/ -->\n<title>06 - SALA DE JANTAR | HOMENAGEM \u00c0 CANTORA SULA MIRANDA - Morar mais<\/title>\n<meta name=\"robots\" content=\"index, follow, max-snippet:-1, max-image-preview:large, max-video-preview:-1\" \/>\n<link rel=\"canonical\" href=\"https:\/\/morarmais.com.br\/mms\/06-sala-de-jantar-homenagem-a-cantora-sula-miranda\/\" \/>\n<meta property=\"og:locale\" content=\"pt_BR\" \/>\n<meta property=\"og:type\" content=\"article\" \/>\n<meta property=\"og:title\" content=\"06 - SALA DE JANTAR | HOMENAGEM \u00c0 CANTORA SULA MIRANDA - Morar mais\" \/>\n<meta property=\"og:description\" content=\"06 &#8211; SALA DE JANTAR | HOMENAGEM \u00c0 CANTORA SULA MIRANDA Isabella Nalon(11) 94453-5500 isabella@nalonarquitetura.com.br@morarmaissljantar Juliana Atti(11) 94781-3446 julianaatti.arquiteta@gmail.com&#8211; Sula Miranda(11) 97140-5551 sulamiranda@uol.com.br&#8211; O espa\u00e7o \u00e9 uma homenagem \u00e0 carreira da cantora Sula Miranda, rainha dos caminhoneiros, e transmite seu estilo, seu gosto pela decora\u00e7\u00e3o e sua hist\u00f3ria de vida, utilizando elementos relacionados com a&hellip;&nbsp;Continue a ler &raquo;06 &#8211; SALA DE JANTAR | HOMENAGEM \u00c0 CANTORA SULA MIRANDA\" \/>\n<meta property=\"og:url\" content=\"https:\/\/morarmais.com.br\/mms\/06-sala-de-jantar-homenagem-a-cantora-sula-miranda\/\" \/>\n<meta property=\"og:site_name\" content=\"Morar mais\" \/>\n<meta property=\"article:publisher\" content=\"https:\/\/www.facebook.com\/morarmais\" \/>\n<meta property=\"article:published_time\" content=\"2024-05-05T23:51:07+00:00\" \/>\n<meta property=\"article:modified_time\" content=\"2024-05-10T18:31:56+00:00\" \/>\n<meta property=\"og:image\" content=\"https:\/\/morarmais.com.br\/mms\/wp-content\/uploads\/2024\/05\/Julia-Herman-Fotografia-109.jpg\" \/>\n\t<meta property=\"og:image:width\" content=\"801\" \/>\n\t<meta property=\"og:image:height\" content=\"1200\" \/>\n\t<meta property=\"og:image:type\" content=\"image\/jpeg\" \/>\n<meta name=\"author\" content=\"morarmais\" \/>\n<meta name=\"twitter:card\" content=\"summary_large_image\" \/>\n<meta name=\"twitter:label1\" content=\"Escrito por\" \/>\n\t<meta name=\"twitter:data1\" content=\"morarmais\" \/>\n\t<meta name=\"twitter:label2\" content=\"Est. tempo de leitura\" \/>\n\t<meta name=\"twitter:data2\" content=\"2 minutos\" \/>\n<script type=\"application\/ld+json\" class=\"yoast-schema-graph\">{\"@context\":\"https:\/\/schema.org\",\"@graph\":[{\"@type\":\"Article\",\"@id\":\"https:\/\/morarmais.com.br\/mms\/06-sala-de-jantar-homenagem-a-cantora-sula-miranda\/#article\",\"isPartOf\":{\"@id\":\"https:\/\/morarmais.com.br\/mms\/06-sala-de-jantar-homenagem-a-cantora-sula-miranda\/\"},\"author\":{\"name\":\"morarmais\",\"@id\":\"https:\/\/morarmais.com.br\/mms\/#\/schema\/person\/279595a0d25fac9a49b182b180dd4460\"},\"headline\":\"06 &#8211; SALA DE JANTAR | HOMENAGEM \u00c0 CANTORA SULA MIRANDA\",\"datePublished\":\"2024-05-05T23:51:07+00:00\",\"dateModified\":\"2024-05-10T18:31:56+00:00\",\"mainEntityOfPage\":{\"@id\":\"https:\/\/morarmais.com.br\/mms\/06-sala-de-jantar-homenagem-a-cantora-sula-miranda\/\"},\"wordCount\":153,\"publisher\":{\"@id\":\"https:\/\/morarmais.com.br\/mms\/#organization\"},\"image\":{\"@id\":\"https:\/\/morarmais.com.br\/mms\/06-sala-de-jantar-homenagem-a-cantora-sula-miranda\/#primaryimage\"},\"thumbnailUrl\":\"https:\/\/morarmais.com.br\/mms\/wp-content\/uploads\/2024\/05\/Julia-Herman-Fotografia-109.jpg\",\"articleSection\":[\"cat_sp2019\"],\"inLanguage\":\"pt-BR\"},{\"@type\":\"WebPage\",\"@id\":\"https:\/\/morarmais.com.br\/mms\/06-sala-de-jantar-homenagem-a-cantora-sula-miranda\/\",\"url\":\"https:\/\/morarmais.com.br\/mms\/06-sala-de-jantar-homenagem-a-cantora-sula-miranda\/\",\"name\":\"06 - SALA DE JANTAR | HOMENAGEM \u00c0 CANTORA SULA MIRANDA - Morar mais\",\"isPartOf\":{\"@id\":\"https:\/\/morarmais.com.br\/mms\/#website\"},\"primaryImageOfPage\":{\"@id\":\"https:\/\/morarmais.com.br\/mms\/06-sala-de-jantar-homenagem-a-cantora-sula-miranda\/#primaryimage\"},\"image\":{\"@id\":\"https:\/\/morarmais.com.br\/mms\/06-sala-de-jantar-homenagem-a-cantora-sula-miranda\/#primaryimage\"},\"thumbnailUrl\":\"https:\/\/morarmais.com.br\/mms\/wp-content\/uploads\/2024\/05\/Julia-Herman-Fotografia-109.jpg\",\"datePublished\":\"2024-05-05T23:51:07+00:00\",\"dateModified\":\"2024-05-10T18:31:56+00:00\",\"breadcrumb\":{\"@id\":\"https:\/\/morarmais.com.br\/mms\/06-sala-de-jantar-homenagem-a-cantora-sula-miranda\/#breadcrumb\"},\"inLanguage\":\"pt-BR\",\"potentialAction\":[{\"@type\":\"ReadAction\",\"target\":[\"https:\/\/morarmais.com.br\/mms\/06-sala-de-jantar-homenagem-a-cantora-sula-miranda\/\"]}]},{\"@type\":\"ImageObject\",\"inLanguage\":\"pt-BR\",\"@id\":\"https:\/\/morarmais.com.br\/mms\/06-sala-de-jantar-homenagem-a-cantora-sula-miranda\/#primaryimage\",\"url\":\"https:\/\/morarmais.com.br\/mms\/wp-content\/uploads\/2024\/05\/Julia-Herman-Fotografia-109.jpg\",\"contentUrl\":\"https:\/\/morarmais.com.br\/mms\/wp-content\/uploads\/2024\/05\/Julia-Herman-Fotografia-109.jpg\",\"width\":801,\"height\":1200},{\"@type\":\"BreadcrumbList\",\"@id\":\"https:\/\/morarmais.com.br\/mms\/06-sala-de-jantar-homenagem-a-cantora-sula-miranda\/#breadcrumb\",\"itemListElement\":[{\"@type\":\"ListItem\",\"position\":1,\"name\":\"In\u00edcio\",\"item\":\"https:\/\/morarmais.com.br\/mms\/\"},{\"@type\":\"ListItem\",\"position\":2,\"name\":\"06 &#8211; SALA DE JANTAR | HOMENAGEM \u00c0 CANTORA SULA MIRANDA\"}]},{\"@type\":\"WebSite\",\"@id\":\"https:\/\/morarmais.com.br\/mms\/#website\",\"url\":\"https:\/\/morarmais.com.br\/mms\/\",\"name\":\"Morar mais\",\"description\":\"O Chique que cabe no bolso\",\"publisher\":{\"@id\":\"https:\/\/morarmais.com.br\/mms\/#organization\"},\"potentialAction\":[{\"@type\":\"SearchAction\",\"target\":{\"@type\":\"EntryPoint\",\"urlTemplate\":\"https:\/\/morarmais.com.br\/mms\/?s={search_term_string}\"},\"query-input\":{\"@type\":\"PropertyValueSpecification\",\"valueRequired\":true,\"valueName\":\"search_term_string\"}}],\"inLanguage\":\"pt-BR\"},{\"@type\":\"Organization\",\"@id\":\"https:\/\/morarmais.com.br\/mms\/#organization\",\"name\":\"Morar mais\",\"url\":\"https:\/\/morarmais.com.br\/mms\/\",\"logo\":{\"@type\":\"ImageObject\",\"inLanguage\":\"pt-BR\",\"@id\":\"https:\/\/morarmais.com.br\/mms\/#\/schema\/logo\/image\/\",\"url\":\"https:\/\/morarmais.com.br\/mms\/wp-content\/uploads\/2019\/04\/cropped-logo-morar-mais-2-1-e1688661143585.png\",\"contentUrl\":\"https:\/\/morarmais.com.br\/mms\/wp-content\/uploads\/2019\/04\/cropped-logo-morar-mais-2-1-e1688661143585.png\",\"width\":130,\"height\":100,\"caption\":\"Morar mais\"},\"image\":{\"@id\":\"https:\/\/morarmais.com.br\/mms\/#\/schema\/logo\/image\/\"},\"sameAs\":[\"https:\/\/www.facebook.com\/morarmais\",\"https:\/\/www.instagram.com\/morarmaispormenos\",\"https:\/\/br.pinterest.com\/morarmais\/\"]},{\"@type\":\"Person\",\"@id\":\"https:\/\/morarmais.com.br\/mms\/#\/schema\/person\/279595a0d25fac9a49b182b180dd4460\",\"name\":\"morarmais\",\"image\":{\"@type\":\"ImageObject\",\"inLanguage\":\"pt-BR\",\"@id\":\"https:\/\/morarmais.com.br\/mms\/#\/schema\/person\/image\/\",\"url\":\"https:\/\/secure.gravatar.com\/avatar\/c61120420671a49f41c532958efe436f?s=96&d=mm&r=g\",\"contentUrl\":\"https:\/\/secure.gravatar.com\/avatar\/c61120420671a49f41c532958efe436f?s=96&d=mm&r=g\",\"caption\":\"morarmais\"},\"url\":\"https:\/\/morarmais.com.br\/mms\/author\/morarmais\/\"}]}<\/script>\n<!-- \/ Yoast SEO plugin. -->","yoast_head_json":{"title":"06 - SALA DE JANTAR | HOMENAGEM \u00c0 CANTORA SULA MIRANDA - Morar mais","robots":{"index":"index","follow":"follow","max-snippet":"max-snippet:-1","max-image-preview":"max-image-preview:large","max-video-preview":"max-video-preview:-1"},"canonical":"https:\/\/morarmais.com.br\/mms\/06-sala-de-jantar-homenagem-a-cantora-sula-miranda\/","og_locale":"pt_BR","og_type":"article","og_title":"06 - SALA DE JANTAR | HOMENAGEM \u00c0 CANTORA SULA MIRANDA - Morar mais","og_description":"06 &#8211; SALA DE JANTAR | HOMENAGEM \u00c0 CANTORA SULA MIRANDA Isabella Nalon(11) 94453-5500 isabella@nalonarquitetura.com.br@morarmaissljantar Juliana Atti(11) 94781-3446 julianaatti.arquiteta@gmail.com&#8211; Sula Miranda(11) 97140-5551 sulamiranda@uol.com.br&#8211; O espa\u00e7o \u00e9 uma homenagem \u00e0 carreira da cantora Sula Miranda, rainha dos caminhoneiros, e transmite seu estilo, seu gosto pela decora\u00e7\u00e3o e sua hist\u00f3ria de vida, utilizando elementos relacionados com a&hellip;&nbsp;Continue a ler &raquo;06 &#8211; SALA DE JANTAR | HOMENAGEM \u00c0 CANTORA SULA MIRANDA","og_url":"https:\/\/morarmais.com.br\/mms\/06-sala-de-jantar-homenagem-a-cantora-sula-miranda\/","og_site_name":"Morar mais","article_publisher":"https:\/\/www.facebook.com\/morarmais","article_published_time":"2024-05-05T23:51:07+00:00","article_modified_time":"2024-05-10T18:31:56+00:00","og_image":[{"width":801,"height":1200,"url":"https:\/\/morarmais.com.br\/mms\/wp-content\/uploads\/2024\/05\/Julia-Herman-Fotografia-109.jpg","type":"image\/jpeg"}],"author":"morarmais","twitter_card":"summary_large_image","twitter_misc":{"Escrito por":"morarmais","Est. tempo de leitura":"2 minutos"},"schema":{"@context":"https:\/\/schema.org","@graph":[{"@type":"Article","@id":"https:\/\/morarmais.com.br\/mms\/06-sala-de-jantar-homenagem-a-cantora-sula-miranda\/#article","isPartOf":{"@id":"https:\/\/morarmais.com.br\/mms\/06-sala-de-jantar-homenagem-a-cantora-sula-miranda\/"},"author":{"name":"morarmais","@id":"https:\/\/morarmais.com.br\/mms\/#\/schema\/person\/279595a0d25fac9a49b182b180dd4460"},"headline":"06 &#8211; SALA DE JANTAR | HOMENAGEM \u00c0 CANTORA SULA MIRANDA","datePublished":"2024-05-05T23:51:07+00:00","dateModified":"2024-05-10T18:31:56+00:00","mainEntityOfPage":{"@id":"https:\/\/morarmais.com.br\/mms\/06-sala-de-jantar-homenagem-a-cantora-sula-miranda\/"},"wordCount":153,"publisher":{"@id":"https:\/\/morarmais.com.br\/mms\/#organization"},"image":{"@id":"https:\/\/morarmais.com.br\/mms\/06-sala-de-jantar-homenagem-a-cantora-sula-miranda\/#primaryimage"},"thumbnailUrl":"https:\/\/morarmais.com.br\/mms\/wp-content\/uploads\/2024\/05\/Julia-Herman-Fotografia-109.jpg","articleSection":["cat_sp2019"],"inLanguage":"pt-BR"},{"@type":"WebPage","@id":"https:\/\/morarmais.com.br\/mms\/06-sala-de-jantar-homenagem-a-cantora-sula-miranda\/","url":"https:\/\/morarmais.com.br\/mms\/06-sala-de-jantar-homenagem-a-cantora-sula-miranda\/","name":"06 - SALA DE JANTAR | HOMENAGEM \u00c0 CANTORA SULA MIRANDA - Morar mais","isPartOf":{"@id":"https:\/\/morarmais.com.br\/mms\/#website"},"primaryImageOfPage":{"@id":"https:\/\/morarmais.com.br\/mms\/06-sala-de-jantar-homenagem-a-cantora-sula-miranda\/#primaryimage"},"image":{"@id":"https:\/\/morarmais.com.br\/mms\/06-sala-de-jantar-homenagem-a-cantora-sula-miranda\/#primaryimage"},"thumbnailUrl":"https:\/\/morarmais.com.br\/mms\/wp-content\/uploads\/2024\/05\/Julia-Herman-Fotografia-109.jpg","datePublished":"2024-05-05T23:51:07+00:00","dateModified":"2024-05-10T18:31:56+00:00","breadcrumb":{"@id":"https:\/\/morarmais.com.br\/mms\/06-sala-de-jantar-homenagem-a-cantora-sula-miranda\/#breadcrumb"},"inLanguage":"pt-BR","potentialAction":[{"@type":"ReadAction","target":["https:\/\/morarmais.com.br\/mms\/06-sala-de-jantar-homenagem-a-cantora-sula-miranda\/"]}]},{"@type":"ImageObject","inLanguage":"pt-BR","@id":"https:\/\/morarmais.com.br\/mms\/06-sala-de-jantar-homenagem-a-cantora-sula-miranda\/#primaryimage","url":"https:\/\/morarmais.com.br\/mms\/wp-content\/uploads\/2024\/05\/Julia-Herman-Fotografia-109.jpg","contentUrl":"https:\/\/morarmais.com.br\/mms\/wp-content\/uploads\/2024\/05\/Julia-Herman-Fotografia-109.jpg","width":801,"height":1200},{"@type":"BreadcrumbList","@id":"https:\/\/morarmais.com.br\/mms\/06-sala-de-jantar-homenagem-a-cantora-sula-miranda\/#breadcrumb","itemListElement":[{"@type":"ListItem","position":1,"name":"In\u00edcio","item":"https:\/\/morarmais.com.br\/mms\/"},{"@type":"ListItem","position":2,"name":"06 &#8211; SALA DE JANTAR | HOMENAGEM \u00c0 CANTORA SULA MIRANDA"}]},{"@type":"WebSite","@id":"https:\/\/morarmais.com.br\/mms\/#website","url":"https:\/\/morarmais.com.br\/mms\/","name":"Morar mais","description":"O Chique que cabe no bolso","publisher":{"@id":"https:\/\/morarmais.com.br\/mms\/#organization"},"potentialAction":[{"@type":"SearchAction","target":{"@type":"EntryPoint","urlTemplate":"https:\/\/morarmais.com.br\/mms\/?s={search_term_string}"},"query-input":{"@type":"PropertyValueSpecification","valueRequired":true,"valueName":"search_term_string"}}],"inLanguage":"pt-BR"},{"@type":"Organization","@id":"https:\/\/morarmais.com.br\/mms\/#organization","name":"Morar mais","url":"https:\/\/morarmais.com.br\/mms\/","logo":{"@type":"ImageObject","inLanguage":"pt-BR","@id":"https:\/\/morarmais.com.br\/mms\/#\/schema\/logo\/image\/","url":"https:\/\/morarmais.com.br\/mms\/wp-content\/uploads\/2019\/04\/cropped-logo-morar-mais-2-1-e1688661143585.png","contentUrl":"https:\/\/morarmais.com.br\/mms\/wp-content\/uploads\/2019\/04\/cropped-logo-morar-mais-2-1-e1688661143585.png","width":130,"height":100,"caption":"Morar mais"},"image":{"@id":"https:\/\/morarmais.com.br\/mms\/#\/schema\/logo\/image\/"},"sameAs":["https:\/\/www.facebook.com\/morarmais","https:\/\/www.instagram.com\/morarmaispormenos","https:\/\/br.pinterest.com\/morarmais\/"]},{"@type":"Person","@id":"https:\/\/morarmais.com.br\/mms\/#\/schema\/person\/279595a0d25fac9a49b182b180dd4460","name":"morarmais","image":{"@type":"ImageObject","inLanguage":"pt-BR","@id":"https:\/\/morarmais.com.br\/mms\/#\/schema\/person\/image\/","url":"https:\/\/secure.gravatar.com\/avatar\/c61120420671a49f41c532958efe436f?s=96&d=mm&r=g","contentUrl":"https:\/\/secure.gravatar.com\/avatar\/c61120420671a49f41c532958efe436f?s=96&d=mm&r=g","caption":"morarmais"},"url":"https:\/\/morarmais.com.br\/mms\/author\/morarmais\/"}]}},"_links":{"self":[{"href":"https:\/\/morarmais.com.br\/mms\/wp-json\/wp\/v2\/posts\/13727"}],"collection":[{"href":"https:\/\/morarmais.com.br\/mms\/wp-json\/wp\/v2\/posts"}],"about":[{"href":"https:\/\/morarmais.com.br\/mms\/wp-json\/wp\/v2\/types\/post"}],"author":[{"embeddable":true,"href":"https:\/\/morarmais.com.br\/mms\/wp-json\/wp\/v2\/users\/1"}],"replies":[{"embeddable":true,"href":"https:\/\/morarmais.com.br\/mms\/wp-json\/wp\/v2\/comments?post=13727"}],"version-history":[{"count":0,"href":"https:\/\/morarmais.com.br\/mms\/wp-json\/wp\/v2\/posts\/13727\/revisions"}],"wp:featuredmedia":[{"embeddable":true,"href":"https:\/\/morarmais.com.br\/mms\/wp-json\/wp\/v2\/media\/14066"}],"wp:attachment":[{"href":"https:\/\/morarmais.com.br\/mms\/wp-json\/wp\/v2\/media?parent=13727"}],"wp:term":[{"taxonomy":"category","embeddable":true,"href":"https:\/\/morarmais.com.br\/mms\/wp-json\/wp\/v2\/categories?post=13727"},{"taxonomy":"post_tag","embeddable":true,"href":"https:\/\/morarmais.com.br\/mms\/wp-json\/wp\/v2\/tags?post=13727"}],"curies":[{"name":"wp","href":"https:\/\/api.w.org\/{rel}","templated":true}]}}