{"id":13724,"date":"2024-05-05T23:51:06","date_gmt":"2024-05-05T23:51:06","guid":{"rendered":"https:\/\/morarmais.com.br\/mms\/03-alameda-da-entrada\/"},"modified":"2024-05-10T18:43:37","modified_gmt":"2024-05-10T18:43:37","slug":"03-alameda-da-entrada","status":"publish","type":"post","link":"https:\/\/morarmais.com.br\/mms\/03-alameda-da-entrada\/","title":{"rendered":"03 &#8211; ALAMEDA DA ENTRADA"},"content":{"rendered":"<div class=\" wp-block-columns alignwide eplus-wrapper is-layout-flex wp-container-core-columns-is-layout-1 wp-block-columns-is-layout-flex eplus-styles-uid-8d05b1\">\n<div class=\" wp-block-column eplus-wrapper is-layout-flow wp-block-column-is-layout-flow\" style=\"flex-basis:100%\">\n<h2 class=\" wp-block-heading alignfull has-background has-x-large-font-size eplus-wrapper\" style=\"background-color:#f7f7f7;padding-top:10px;padding-right:var(--wp--preset--spacing--30);padding-bottom:10px;padding-left:15px\">03 &#8211; ALAMEDA DA ENTRADA<\/h2>\n<\/div>\n<\/div>\n\n<div class=\" wp-block-columns alignwide eplus-wrapper is-layout-flex wp-container-core-columns-is-layout-3 wp-block-columns-is-layout-flex eplus-styles-uid-04d10f\">\n<div class=\" wp-block-column eplus-wrapper is-layout-flow wp-block-column-is-layout-flow\" style=\"flex-basis:50%\"><div class=\" wp-block-columns eplus-wrapper is-layout-flex wp-container-core-columns-is-layout-2 wp-block-columns-is-layout-flex eplus-styles-uid-4f2eef\">\n<div class=\" wp-block-column eplus-wrapper is-layout-flow wp-block-column-is-layout-flow\" style=\"flex-basis:100%\">\n<p class=\" eplus-wrapper\"><span style=\"display:block; background-color:#f0f8ff; padding:8%; border-radius: 10px; box-shadow: 0 1px 2px rgba(0,0,0,.1), 0 2px 8px rgba(0,0,0,.05);\">Luciana Coelho<br>(11) 99768-0149 <br>coelho.nana@uol.com.br<br><a href=\"https:\/\/www.instagram.com\/\" lu.moussa=\"\">@lu.moussa<\/a><\/span><\/p>\n<\/div>\n<\/div>\n\n\n<p class=\" eplus-wrapper\">Inspirado na natureza, o espa\u00e7o apresenta solu\u00e7\u00f5es sustent\u00e1veis e\necologicamente corretas. Pallets, tapetes ecol\u00f3gicos, estruturas de\nbambu e fibras naturais renov\u00e1veis s\u00e3o alguns dos recursos utilizados na\nambienta\u00e7\u00e3o, resultando em uma produ\u00e7\u00e3o acess\u00edvel com sofistica\u00e7\u00e3o\ne eleg\u00e2ncia. Pe\u00e7as produzidas pela Funda\u00e7\u00e3o 10 de Agosto, que disp\u00f5e\nde um programa de capacita\u00e7\u00e3o profissional para jovens e adultos,\ncomo oficinas de corte e costura, integram a decora\u00e7\u00e3o do ambiente\npromovendo a inclus\u00e3o social, um dos pilares do Morar Mais.<\/p>\n\n\n\n<p class=\" eplus-wrapper\"><b>Parceiros:<\/b> Bali Express<\/p>\n<\/div>\n\n\n\n<div class=\" wp-block-column eplus-wrapper is-layout-flow wp-block-column-is-layout-flow\" style=\"flex-basis:50%\"><div class=\"wp-block-visual-portfolio alignwide\">\n<div class=\"vp-portfolio vp-uid-0a70d801 vp-id-2lXd2u\" data-vp-layout=\"masonry\" data-vp-content-source=\"images\" data-vp-items-style=\"fade\" data-vp-items-click-action=\"popup_gallery\" data-vp-items-gap=\"10\" data-vp-items-gap-vertical=\"10\" data-vp-pagination=\"load-more\" data-vp-next-page-url=\"\" data-vp-masonry-columns=\"2\">\n\t<div class=\"vp-portfolio__preloader-wrap\">\n\t\t<div class=\"vp-portfolio__preloader\">\n\t\t\t<img decoding=\"async\" loading=\"eager\" src=\"https:\/\/morarmais.com.br\/mms\/wp-content\/plugins\/visual-portfolio\/assets\/images\/logo-dark.svg\" alt=\"Visual Portfolio, Posts &amp; Image Gallery for WordPress\" width=\"20\" height=\"20\" data-skip-lazy>\n\t\t<\/div>\n\t<\/div>\n\t\t<div class=\"vp-portfolio__items-wrap\">\n\t\t\t\n<div class=\"vp-portfolio__items vp-portfolio__items-style-fade vp-portfolio__items-show-overlay-hover\">\n\n\t\t<div class=\"vp-portfolio__item-wrap vp-portfolio__item-uid-1e343a3e\" data-vp-filter=\"\">\n\t\t\t<template class=\"vp-portfolio__item-popup\" style=\"display: none\" data-vp-popup-img=\"https:\/\/morarmais.com.br\/mms\/wp-content\/uploads\/2024\/05\/03.-Alameda-de-Entrada-3.jpg\" data-vp-popup-img-srcset=\"https:\/\/morarmais.com.br\/mms\/wp-content\/uploads\/2024\/05\/03.-Alameda-de-Entrada-3.jpg 1200w, https:\/\/morarmais.com.br\/mms\/wp-content\/uploads\/2024\/05\/03.-Alameda-de-Entrada-3-200x300.jpg 200w, https:\/\/morarmais.com.br\/mms\/wp-content\/uploads\/2024\/05\/03.-Alameda-de-Entrada-3-683x1024.jpg 683w, https:\/\/morarmais.com.br\/mms\/wp-content\/uploads\/2024\/05\/03.-Alameda-de-Entrada-3-768x1152.jpg 768w, https:\/\/morarmais.com.br\/mms\/wp-content\/uploads\/2024\/05\/03.-Alameda-de-Entrada-3-1024x1536.jpg 1024w, https:\/\/morarmais.com.br\/mms\/wp-content\/uploads\/2024\/05\/03.-Alameda-de-Entrada-3-600x900.jpg 600w, https:\/\/morarmais.com.br\/mms\/wp-content\/uploads\/2024\/05\/03.-Alameda-de-Entrada-3-500x750.jpg 500w, https:\/\/morarmais.com.br\/mms\/wp-content\/uploads\/2024\/05\/03.-Alameda-de-Entrada-3-800x1200.jpg 800w, https:\/\/morarmais.com.br\/mms\/wp-content\/uploads\/2024\/05\/03.-Alameda-de-Entrada-3-350x525.jpg 350w\" data-vp-popup-img-size=\"1200x1800\" data-vp-popup-md-img=\"https:\/\/morarmais.com.br\/mms\/wp-content\/uploads\/2024\/05\/03.-Alameda-de-Entrada-3-800x1200.jpg\" data-vp-popup-md-img-size=\"800x1200\" data-vp-popup-sm-img=\"https:\/\/morarmais.com.br\/mms\/wp-content\/uploads\/2024\/05\/03.-Alameda-de-Entrada-3-500x750.jpg\" data-vp-popup-sm-img-size=\"500x750\">\n\t<\/template>\n\t\t\t\t\t\t<figure class=\"vp-portfolio__item\">\n\t\t\t\t\n<div class=\"vp-portfolio__item-img-wrap\">\n\t<div class=\"vp-portfolio__item-img\">\n\t\t\t<a href=\"https:\/\/morarmais.com.br\/mms\/wp-content\/uploads\/2024\/05\/03.-Alameda-de-Entrada-3.jpg\">\n\t\n\t\t<noscript><img fetchpriority=\"high\" decoding=\"async\" width=\"1200\" height=\"1800\" data-skip-lazy src=\"https:\/\/morarmais.com.br\/mms\/wp-content\/uploads\/2024\/05\/03.-Alameda-de-Entrada-3.jpg\" class=\"wp-image-14078\" alt=\"\" srcset=\"https:\/\/morarmais.com.br\/mms\/wp-content\/uploads\/2024\/05\/03.-Alameda-de-Entrada-3.jpg 1200w, https:\/\/morarmais.com.br\/mms\/wp-content\/uploads\/2024\/05\/03.-Alameda-de-Entrada-3-200x300.jpg 200w, https:\/\/morarmais.com.br\/mms\/wp-content\/uploads\/2024\/05\/03.-Alameda-de-Entrada-3-683x1024.jpg 683w, https:\/\/morarmais.com.br\/mms\/wp-content\/uploads\/2024\/05\/03.-Alameda-de-Entrada-3-768x1152.jpg 768w, https:\/\/morarmais.com.br\/mms\/wp-content\/uploads\/2024\/05\/03.-Alameda-de-Entrada-3-1024x1536.jpg 1024w, https:\/\/morarmais.com.br\/mms\/wp-content\/uploads\/2024\/05\/03.-Alameda-de-Entrada-3-600x900.jpg 600w, https:\/\/morarmais.com.br\/mms\/wp-content\/uploads\/2024\/05\/03.-Alameda-de-Entrada-3-500x750.jpg 500w, https:\/\/morarmais.com.br\/mms\/wp-content\/uploads\/2024\/05\/03.-Alameda-de-Entrada-3-800x1200.jpg 800w, https:\/\/morarmais.com.br\/mms\/wp-content\/uploads\/2024\/05\/03.-Alameda-de-Entrada-3-350x525.jpg 350w\" sizes=\"(max-width: 1200px) 100vw, 1200px\"><\/noscript><img decoding=\"async\" width=\"1200\" height=\"1800\" src=\"https:\/\/morarmais.com.br\/mms\/wp-content\/uploads\/2024\/05\/03.-Alameda-de-Entrada-3.jpg\" class=\"wp-image-14078 vp-lazyload\" alt srcset=\"data:image\/svg+xml;base64,PHN2ZyB3aWR0aD0iMTIwMCIgaGVpZ2h0PSIxODAwIiB2aWV3Qm94PSIwIDAgMTIwMCAxODAwIiBmaWxsPSJub25lIiB4bWxucz0iaHR0cDovL3d3dy53My5vcmcvMjAwMC9zdmciPjwvc3ZnPg==\" data-src=\"https:\/\/morarmais.com.br\/mms\/wp-content\/uploads\/2024\/05\/03.-Alameda-de-Entrada-3.jpg\" data-srcset=\"https:\/\/morarmais.com.br\/mms\/wp-content\/uploads\/2024\/05\/03.-Alameda-de-Entrada-3.jpg 1200w, https:\/\/morarmais.com.br\/mms\/wp-content\/uploads\/2024\/05\/03.-Alameda-de-Entrada-3-200x300.jpg 200w, https:\/\/morarmais.com.br\/mms\/wp-content\/uploads\/2024\/05\/03.-Alameda-de-Entrada-3-683x1024.jpg 683w, https:\/\/morarmais.com.br\/mms\/wp-content\/uploads\/2024\/05\/03.-Alameda-de-Entrada-3-768x1152.jpg 768w, https:\/\/morarmais.com.br\/mms\/wp-content\/uploads\/2024\/05\/03.-Alameda-de-Entrada-3-1024x1536.jpg 1024w, https:\/\/morarmais.com.br\/mms\/wp-content\/uploads\/2024\/05\/03.-Alameda-de-Entrada-3-600x900.jpg 600w, https:\/\/morarmais.com.br\/mms\/wp-content\/uploads\/2024\/05\/03.-Alameda-de-Entrada-3-500x750.jpg 500w, https:\/\/morarmais.com.br\/mms\/wp-content\/uploads\/2024\/05\/03.-Alameda-de-Entrada-3-800x1200.jpg 800w, https:\/\/morarmais.com.br\/mms\/wp-content\/uploads\/2024\/05\/03.-Alameda-de-Entrada-3-350x525.jpg 350w\" data-sizes=\"auto\" loading=\"eager\">\n\t\t<\/a>\t<\/div>\n<\/div>\n\t<div class=\"vp-portfolio__item-overlay\">\n\t\t\t<a href=\"https:\/\/morarmais.com.br\/mms\/wp-content\/uploads\/2024\/05\/03.-Alameda-de-Entrada-3.jpg\" tabindex=\"-1\" class=\"vp-portfolio__item-meta\">\n\t\t\t<\/a>\t<\/div>\n\t\t\t\t<\/figure>\n\t\t\t\t\t<\/div>\n\t\t\n<\/div>\n\t\t<\/div>\n\t\t\n<\/div>\n<\/div><\/div>\n<\/div>\n\n\n<p class=\" eplus-wrapper\"><\/p>\n","protected":false},"excerpt":{"rendered":"<p>03 &#8211; ALAMEDA DA ENTRADA Luciana Coelho(11) 99768-0149 coelho.nana@uol.com.br@lu.moussa Inspirado na natureza, o espa\u00e7o apresenta solu\u00e7\u00f5es sustent\u00e1veis e ecologicamente corretas. Pallets, tapetes ecol\u00f3gicos, estruturas de bambu e fibras naturais renov\u00e1veis s\u00e3o alguns dos recursos utilizados na ambienta\u00e7\u00e3o, resultando em uma produ\u00e7\u00e3o acess\u00edvel com sofistica\u00e7\u00e3o e eleg\u00e2ncia. Pe\u00e7as produzidas pela Funda\u00e7\u00e3o 10 de Agosto, que disp\u00f5e&hellip;&nbsp;<a href=\"https:\/\/morarmais.com.br\/mms\/03-alameda-da-entrada\/\" rel=\"bookmark\">Continue a ler &raquo;<span class=\"screen-reader-text\">03 &#8211; ALAMEDA DA ENTRADA<\/span><\/a><\/p>\n","protected":false},"author":1,"featured_media":14078,"comment_status":"close","ping_status":"open","sticky":false,"template":"elementor_header_footer","format":"standard","meta":{"_eb_attr":"","editor_plus_copied_stylings":"{}","neve_meta_sidebar":"","neve_meta_container":"","neve_meta_enable_content_width":"","neve_meta_content_width":0,"neve_meta_title_alignment":"","neve_meta_author_avatar":"","neve_post_elements_order":"","neve_meta_disable_header":"","neve_meta_disable_footer":"","neve_meta_disable_title":"","_themeisle_gutenberg_block_has_review":false,"_vp_format_video_url":"","_vp_image_focal_point":[],"footnotes":""},"categories":[344],"tags":[],"class_list":["post-13724","post","type-post","status-publish","format-standard","has-post-thumbnail","hentry","category-cat_sp2019"],"yoast_head":"<!-- This site is optimized with the Yoast SEO plugin v25.6 - https:\/\/yoast.com\/wordpress\/plugins\/seo\/ -->\n<title>03 - ALAMEDA DA ENTRADA - Morar mais<\/title>\n<meta name=\"robots\" content=\"index, follow, max-snippet:-1, max-image-preview:large, max-video-preview:-1\" \/>\n<link rel=\"canonical\" href=\"https:\/\/morarmais.com.br\/mms\/03-alameda-da-entrada\/\" \/>\n<meta property=\"og:locale\" content=\"pt_BR\" \/>\n<meta property=\"og:type\" content=\"article\" \/>\n<meta property=\"og:title\" content=\"03 - ALAMEDA DA ENTRADA - Morar mais\" \/>\n<meta property=\"og:description\" content=\"03 &#8211; ALAMEDA DA ENTRADA Luciana Coelho(11) 99768-0149 coelho.nana@uol.com.br@lu.moussa Inspirado na natureza, o espa\u00e7o apresenta solu\u00e7\u00f5es sustent\u00e1veis e ecologicamente corretas. Pallets, tapetes ecol\u00f3gicos, estruturas de bambu e fibras naturais renov\u00e1veis s\u00e3o alguns dos recursos utilizados na ambienta\u00e7\u00e3o, resultando em uma produ\u00e7\u00e3o acess\u00edvel com sofistica\u00e7\u00e3o e eleg\u00e2ncia. Pe\u00e7as produzidas pela Funda\u00e7\u00e3o 10 de Agosto, que disp\u00f5e&hellip;&nbsp;Continue a ler &raquo;03 &#8211; ALAMEDA DA ENTRADA\" \/>\n<meta property=\"og:url\" content=\"https:\/\/morarmais.com.br\/mms\/03-alameda-da-entrada\/\" \/>\n<meta property=\"og:site_name\" content=\"Morar mais\" \/>\n<meta property=\"article:publisher\" content=\"https:\/\/www.facebook.com\/morarmais\" \/>\n<meta property=\"article:published_time\" content=\"2024-05-05T23:51:06+00:00\" \/>\n<meta property=\"article:modified_time\" content=\"2024-05-10T18:43:37+00:00\" \/>\n<meta property=\"og:image\" content=\"https:\/\/morarmais.com.br\/mms\/wp-content\/uploads\/2024\/05\/03.-Alameda-de-Entrada-3.jpg\" \/>\n\t<meta property=\"og:image:width\" content=\"1200\" \/>\n\t<meta property=\"og:image:height\" content=\"1800\" \/>\n\t<meta property=\"og:image:type\" content=\"image\/jpeg\" \/>\n<meta name=\"author\" content=\"morarmais\" \/>\n<meta name=\"twitter:card\" content=\"summary_large_image\" \/>\n<meta name=\"twitter:label1\" content=\"Escrito por\" \/>\n\t<meta name=\"twitter:data1\" content=\"morarmais\" \/>\n\t<meta name=\"twitter:label2\" content=\"Est. tempo de leitura\" \/>\n\t<meta name=\"twitter:data2\" content=\"1 minuto\" \/>\n<script type=\"application\/ld+json\" class=\"yoast-schema-graph\">{\"@context\":\"https:\/\/schema.org\",\"@graph\":[{\"@type\":\"Article\",\"@id\":\"https:\/\/morarmais.com.br\/mms\/03-alameda-da-entrada\/#article\",\"isPartOf\":{\"@id\":\"https:\/\/morarmais.com.br\/mms\/03-alameda-da-entrada\/\"},\"author\":{\"name\":\"morarmais\",\"@id\":\"https:\/\/morarmais.com.br\/mms\/#\/schema\/person\/279595a0d25fac9a49b182b180dd4460\"},\"headline\":\"03 &#8211; ALAMEDA DA ENTRADA\",\"datePublished\":\"2024-05-05T23:51:06+00:00\",\"dateModified\":\"2024-05-10T18:43:37+00:00\",\"mainEntityOfPage\":{\"@id\":\"https:\/\/morarmais.com.br\/mms\/03-alameda-da-entrada\/\"},\"wordCount\":114,\"publisher\":{\"@id\":\"https:\/\/morarmais.com.br\/mms\/#organization\"},\"image\":{\"@id\":\"https:\/\/morarmais.com.br\/mms\/03-alameda-da-entrada\/#primaryimage\"},\"thumbnailUrl\":\"https:\/\/morarmais.com.br\/mms\/wp-content\/uploads\/2024\/05\/03.-Alameda-de-Entrada-3.jpg\",\"articleSection\":[\"cat_sp2019\"],\"inLanguage\":\"pt-BR\"},{\"@type\":\"WebPage\",\"@id\":\"https:\/\/morarmais.com.br\/mms\/03-alameda-da-entrada\/\",\"url\":\"https:\/\/morarmais.com.br\/mms\/03-alameda-da-entrada\/\",\"name\":\"03 - ALAMEDA DA ENTRADA - Morar mais\",\"isPartOf\":{\"@id\":\"https:\/\/morarmais.com.br\/mms\/#website\"},\"primaryImageOfPage\":{\"@id\":\"https:\/\/morarmais.com.br\/mms\/03-alameda-da-entrada\/#primaryimage\"},\"image\":{\"@id\":\"https:\/\/morarmais.com.br\/mms\/03-alameda-da-entrada\/#primaryimage\"},\"thumbnailUrl\":\"https:\/\/morarmais.com.br\/mms\/wp-content\/uploads\/2024\/05\/03.-Alameda-de-Entrada-3.jpg\",\"datePublished\":\"2024-05-05T23:51:06+00:00\",\"dateModified\":\"2024-05-10T18:43:37+00:00\",\"breadcrumb\":{\"@id\":\"https:\/\/morarmais.com.br\/mms\/03-alameda-da-entrada\/#breadcrumb\"},\"inLanguage\":\"pt-BR\",\"potentialAction\":[{\"@type\":\"ReadAction\",\"target\":[\"https:\/\/morarmais.com.br\/mms\/03-alameda-da-entrada\/\"]}]},{\"@type\":\"ImageObject\",\"inLanguage\":\"pt-BR\",\"@id\":\"https:\/\/morarmais.com.br\/mms\/03-alameda-da-entrada\/#primaryimage\",\"url\":\"https:\/\/morarmais.com.br\/mms\/wp-content\/uploads\/2024\/05\/03.-Alameda-de-Entrada-3.jpg\",\"contentUrl\":\"https:\/\/morarmais.com.br\/mms\/wp-content\/uploads\/2024\/05\/03.-Alameda-de-Entrada-3.jpg\",\"width\":1200,\"height\":1800},{\"@type\":\"BreadcrumbList\",\"@id\":\"https:\/\/morarmais.com.br\/mms\/03-alameda-da-entrada\/#breadcrumb\",\"itemListElement\":[{\"@type\":\"ListItem\",\"position\":1,\"name\":\"In\u00edcio\",\"item\":\"https:\/\/morarmais.com.br\/mms\/\"},{\"@type\":\"ListItem\",\"position\":2,\"name\":\"03 &#8211; ALAMEDA DA ENTRADA\"}]},{\"@type\":\"WebSite\",\"@id\":\"https:\/\/morarmais.com.br\/mms\/#website\",\"url\":\"https:\/\/morarmais.com.br\/mms\/\",\"name\":\"Morar mais\",\"description\":\"O Chique que cabe no bolso\",\"publisher\":{\"@id\":\"https:\/\/morarmais.com.br\/mms\/#organization\"},\"potentialAction\":[{\"@type\":\"SearchAction\",\"target\":{\"@type\":\"EntryPoint\",\"urlTemplate\":\"https:\/\/morarmais.com.br\/mms\/?s={search_term_string}\"},\"query-input\":{\"@type\":\"PropertyValueSpecification\",\"valueRequired\":true,\"valueName\":\"search_term_string\"}}],\"inLanguage\":\"pt-BR\"},{\"@type\":\"Organization\",\"@id\":\"https:\/\/morarmais.com.br\/mms\/#organization\",\"name\":\"Morar mais\",\"url\":\"https:\/\/morarmais.com.br\/mms\/\",\"logo\":{\"@type\":\"ImageObject\",\"inLanguage\":\"pt-BR\",\"@id\":\"https:\/\/morarmais.com.br\/mms\/#\/schema\/logo\/image\/\",\"url\":\"https:\/\/morarmais.com.br\/mms\/wp-content\/uploads\/2019\/04\/cropped-logo-morar-mais-2-1-e1688661143585.png\",\"contentUrl\":\"https:\/\/morarmais.com.br\/mms\/wp-content\/uploads\/2019\/04\/cropped-logo-morar-mais-2-1-e1688661143585.png\",\"width\":130,\"height\":100,\"caption\":\"Morar mais\"},\"image\":{\"@id\":\"https:\/\/morarmais.com.br\/mms\/#\/schema\/logo\/image\/\"},\"sameAs\":[\"https:\/\/www.facebook.com\/morarmais\",\"https:\/\/www.instagram.com\/morarmaispormenos\",\"https:\/\/br.pinterest.com\/morarmais\/\"]},{\"@type\":\"Person\",\"@id\":\"https:\/\/morarmais.com.br\/mms\/#\/schema\/person\/279595a0d25fac9a49b182b180dd4460\",\"name\":\"morarmais\",\"image\":{\"@type\":\"ImageObject\",\"inLanguage\":\"pt-BR\",\"@id\":\"https:\/\/morarmais.com.br\/mms\/#\/schema\/person\/image\/\",\"url\":\"https:\/\/secure.gravatar.com\/avatar\/c61120420671a49f41c532958efe436f?s=96&d=mm&r=g\",\"contentUrl\":\"https:\/\/secure.gravatar.com\/avatar\/c61120420671a49f41c532958efe436f?s=96&d=mm&r=g\",\"caption\":\"morarmais\"},\"url\":\"https:\/\/morarmais.com.br\/mms\/author\/morarmais\/\"}]}<\/script>\n<!-- \/ Yoast SEO plugin. -->","yoast_head_json":{"title":"03 - ALAMEDA DA ENTRADA - Morar mais","robots":{"index":"index","follow":"follow","max-snippet":"max-snippet:-1","max-image-preview":"max-image-preview:large","max-video-preview":"max-video-preview:-1"},"canonical":"https:\/\/morarmais.com.br\/mms\/03-alameda-da-entrada\/","og_locale":"pt_BR","og_type":"article","og_title":"03 - ALAMEDA DA ENTRADA - Morar mais","og_description":"03 &#8211; ALAMEDA DA ENTRADA Luciana Coelho(11) 99768-0149 coelho.nana@uol.com.br@lu.moussa Inspirado na natureza, o espa\u00e7o apresenta solu\u00e7\u00f5es sustent\u00e1veis e ecologicamente corretas. Pallets, tapetes ecol\u00f3gicos, estruturas de bambu e fibras naturais renov\u00e1veis s\u00e3o alguns dos recursos utilizados na ambienta\u00e7\u00e3o, resultando em uma produ\u00e7\u00e3o acess\u00edvel com sofistica\u00e7\u00e3o e eleg\u00e2ncia. Pe\u00e7as produzidas pela Funda\u00e7\u00e3o 10 de Agosto, que disp\u00f5e&hellip;&nbsp;Continue a ler &raquo;03 &#8211; ALAMEDA DA ENTRADA","og_url":"https:\/\/morarmais.com.br\/mms\/03-alameda-da-entrada\/","og_site_name":"Morar mais","article_publisher":"https:\/\/www.facebook.com\/morarmais","article_published_time":"2024-05-05T23:51:06+00:00","article_modified_time":"2024-05-10T18:43:37+00:00","og_image":[{"width":1200,"height":1800,"url":"https:\/\/morarmais.com.br\/mms\/wp-content\/uploads\/2024\/05\/03.-Alameda-de-Entrada-3.jpg","type":"image\/jpeg"}],"author":"morarmais","twitter_card":"summary_large_image","twitter_misc":{"Escrito por":"morarmais","Est. tempo de leitura":"1 minuto"},"schema":{"@context":"https:\/\/schema.org","@graph":[{"@type":"Article","@id":"https:\/\/morarmais.com.br\/mms\/03-alameda-da-entrada\/#article","isPartOf":{"@id":"https:\/\/morarmais.com.br\/mms\/03-alameda-da-entrada\/"},"author":{"name":"morarmais","@id":"https:\/\/morarmais.com.br\/mms\/#\/schema\/person\/279595a0d25fac9a49b182b180dd4460"},"headline":"03 &#8211; ALAMEDA DA ENTRADA","datePublished":"2024-05-05T23:51:06+00:00","dateModified":"2024-05-10T18:43:37+00:00","mainEntityOfPage":{"@id":"https:\/\/morarmais.com.br\/mms\/03-alameda-da-entrada\/"},"wordCount":114,"publisher":{"@id":"https:\/\/morarmais.com.br\/mms\/#organization"},"image":{"@id":"https:\/\/morarmais.com.br\/mms\/03-alameda-da-entrada\/#primaryimage"},"thumbnailUrl":"https:\/\/morarmais.com.br\/mms\/wp-content\/uploads\/2024\/05\/03.-Alameda-de-Entrada-3.jpg","articleSection":["cat_sp2019"],"inLanguage":"pt-BR"},{"@type":"WebPage","@id":"https:\/\/morarmais.com.br\/mms\/03-alameda-da-entrada\/","url":"https:\/\/morarmais.com.br\/mms\/03-alameda-da-entrada\/","name":"03 - ALAMEDA DA ENTRADA - Morar mais","isPartOf":{"@id":"https:\/\/morarmais.com.br\/mms\/#website"},"primaryImageOfPage":{"@id":"https:\/\/morarmais.com.br\/mms\/03-alameda-da-entrada\/#primaryimage"},"image":{"@id":"https:\/\/morarmais.com.br\/mms\/03-alameda-da-entrada\/#primaryimage"},"thumbnailUrl":"https:\/\/morarmais.com.br\/mms\/wp-content\/uploads\/2024\/05\/03.-Alameda-de-Entrada-3.jpg","datePublished":"2024-05-05T23:51:06+00:00","dateModified":"2024-05-10T18:43:37+00:00","breadcrumb":{"@id":"https:\/\/morarmais.com.br\/mms\/03-alameda-da-entrada\/#breadcrumb"},"inLanguage":"pt-BR","potentialAction":[{"@type":"ReadAction","target":["https:\/\/morarmais.com.br\/mms\/03-alameda-da-entrada\/"]}]},{"@type":"ImageObject","inLanguage":"pt-BR","@id":"https:\/\/morarmais.com.br\/mms\/03-alameda-da-entrada\/#primaryimage","url":"https:\/\/morarmais.com.br\/mms\/wp-content\/uploads\/2024\/05\/03.-Alameda-de-Entrada-3.jpg","contentUrl":"https:\/\/morarmais.com.br\/mms\/wp-content\/uploads\/2024\/05\/03.-Alameda-de-Entrada-3.jpg","width":1200,"height":1800},{"@type":"BreadcrumbList","@id":"https:\/\/morarmais.com.br\/mms\/03-alameda-da-entrada\/#breadcrumb","itemListElement":[{"@type":"ListItem","position":1,"name":"In\u00edcio","item":"https:\/\/morarmais.com.br\/mms\/"},{"@type":"ListItem","position":2,"name":"03 &#8211; ALAMEDA DA ENTRADA"}]},{"@type":"WebSite","@id":"https:\/\/morarmais.com.br\/mms\/#website","url":"https:\/\/morarmais.com.br\/mms\/","name":"Morar mais","description":"O Chique que cabe no bolso","publisher":{"@id":"https:\/\/morarmais.com.br\/mms\/#organization"},"potentialAction":[{"@type":"SearchAction","target":{"@type":"EntryPoint","urlTemplate":"https:\/\/morarmais.com.br\/mms\/?s={search_term_string}"},"query-input":{"@type":"PropertyValueSpecification","valueRequired":true,"valueName":"search_term_string"}}],"inLanguage":"pt-BR"},{"@type":"Organization","@id":"https:\/\/morarmais.com.br\/mms\/#organization","name":"Morar mais","url":"https:\/\/morarmais.com.br\/mms\/","logo":{"@type":"ImageObject","inLanguage":"pt-BR","@id":"https:\/\/morarmais.com.br\/mms\/#\/schema\/logo\/image\/","url":"https:\/\/morarmais.com.br\/mms\/wp-content\/uploads\/2019\/04\/cropped-logo-morar-mais-2-1-e1688661143585.png","contentUrl":"https:\/\/morarmais.com.br\/mms\/wp-content\/uploads\/2019\/04\/cropped-logo-morar-mais-2-1-e1688661143585.png","width":130,"height":100,"caption":"Morar mais"},"image":{"@id":"https:\/\/morarmais.com.br\/mms\/#\/schema\/logo\/image\/"},"sameAs":["https:\/\/www.facebook.com\/morarmais","https:\/\/www.instagram.com\/morarmaispormenos","https:\/\/br.pinterest.com\/morarmais\/"]},{"@type":"Person","@id":"https:\/\/morarmais.com.br\/mms\/#\/schema\/person\/279595a0d25fac9a49b182b180dd4460","name":"morarmais","image":{"@type":"ImageObject","inLanguage":"pt-BR","@id":"https:\/\/morarmais.com.br\/mms\/#\/schema\/person\/image\/","url":"https:\/\/secure.gravatar.com\/avatar\/c61120420671a49f41c532958efe436f?s=96&d=mm&r=g","contentUrl":"https:\/\/secure.gravatar.com\/avatar\/c61120420671a49f41c532958efe436f?s=96&d=mm&r=g","caption":"morarmais"},"url":"https:\/\/morarmais.com.br\/mms\/author\/morarmais\/"}]}},"_links":{"self":[{"href":"https:\/\/morarmais.com.br\/mms\/wp-json\/wp\/v2\/posts\/13724"}],"collection":[{"href":"https:\/\/morarmais.com.br\/mms\/wp-json\/wp\/v2\/posts"}],"about":[{"href":"https:\/\/morarmais.com.br\/mms\/wp-json\/wp\/v2\/types\/post"}],"author":[{"embeddable":true,"href":"https:\/\/morarmais.com.br\/mms\/wp-json\/wp\/v2\/users\/1"}],"replies":[{"embeddable":true,"href":"https:\/\/morarmais.com.br\/mms\/wp-json\/wp\/v2\/comments?post=13724"}],"version-history":[{"count":0,"href":"https:\/\/morarmais.com.br\/mms\/wp-json\/wp\/v2\/posts\/13724\/revisions"}],"wp:featuredmedia":[{"embeddable":true,"href":"https:\/\/morarmais.com.br\/mms\/wp-json\/wp\/v2\/media\/14078"}],"wp:attachment":[{"href":"https:\/\/morarmais.com.br\/mms\/wp-json\/wp\/v2\/media?parent=13724"}],"wp:term":[{"taxonomy":"category","embeddable":true,"href":"https:\/\/morarmais.com.br\/mms\/wp-json\/wp\/v2\/categories?post=13724"},{"taxonomy":"post_tag","embeddable":true,"href":"https:\/\/morarmais.com.br\/mms\/wp-json\/wp\/v2\/tags?post=13724"}],"curies":[{"name":"wp","href":"https:\/\/api.w.org\/{rel}","templated":true}]}}