{"id":11612,"date":"2023-11-29T14:03:09","date_gmt":"2023-11-29T14:03:09","guid":{"rendered":"https:\/\/morarmais.com.br\/mms\/?p=11612"},"modified":"2023-11-29T20:38:51","modified_gmt":"2023-11-29T20:38:51","slug":"tour-virtual-espaco-firjan-senai-morar-mais-rio-2023","status":"publish","type":"post","link":"https:\/\/morarmais.com.br\/mms\/tour-virtual-espaco-firjan-senai-morar-mais-rio-2023\/","title":{"rendered":"Fa\u00e7a um Tour no Espa\u00e7o Firjan SENAI na 20\u00aa edi\u00e7\u00e3o do Morar Mais Rio"},"content":{"rendered":"\n<p class=\" eplus-wrapper\">A Firjan SENAI \u00e9 uma institui\u00e7\u00e3o brasileira privada, que atua formando e qualificando profissionais para atender \u00e0s necessidades da ind\u00fastria, em diversos segmentos, h\u00e1 mais de 75 anos. <\/p>\n\n\n<figure class=\" wp-block-video aligncenter eplus-wrapper eplus-styles-uid-4a9c36\"><video controls poster=\"https:\/\/morarmais.com.br\/mms\/wp-content\/uploads\/2023\/11\/Design-sem-nome-1.png\" src=\"https:\/\/morarmais.com.br\/mms\/wp-content\/uploads\/2023\/11\/firjan-senai-mmrio-2023.mp4\"><\/video><\/figure>\n\n\n<p class=\" has-text-align-center eplus-wrapper\"><em>Espa\u00e7o Firjan SENAI &#8211; Morar Mais Rio &#8211; Ano: 2023 &#8211; Escola Maternal Mello Mattos &#8211; Rua Faro, 80 &#8211; Jardim Bot\u00e2nico<\/em><\/p>\n\n\n\n<p class=\" eplus-wrapper\"><strong><em>Infos:<\/em><\/strong><\/p>\n\n\n\n<p class=\" eplus-wrapper\"><strong>Chal\u00e9 das Pedras<br><\/strong>vendas@chaledaspedras.com.br<br>21 98857-1240<br>www.chaledaspedras.com.br<br>@chaledaspedras<br><br><strong>Novo Millenium<br><\/strong>novomileniummarmoresegranitos@bol.com.br<br>21 96463-5109<br><br><strong> Brasilis Pietra<\/strong><br>brasilispietra@hotmail.com<br>21 98824-4171 | 98804-2235 | 3104-4532<br>www.brasilispietra.com.br<br>@brasilispietra<br><br><strong>Cadeira Valov\u00ed <\/strong><br>Curso Firjan SENAI: Design para Fabrica\u00e7\u00e3o Digital<\/p>\n\n\n\n<p class=\" eplus-wrapper\"><strong>Vasos<\/strong><br>Curso Firjan SENAI: Design para Fabrica\u00e7\u00e3o Digital<\/p>\n\n\n\n<p class=\" eplus-wrapper\"><strong>Mesa<\/strong><br>Curso Firjan SENAI: Design para Fabrica\u00e7\u00e3o Digital<strong><br><br>Banco<\/strong><br>Curso Firjan SENAI: Desenvolvedor de Projetos Maker em FabLab<br><br><strong>Lumin\u00e1ria<\/strong><br>Curso Firjan SENAI: Design para Fabrica\u00e7\u00e3o<br><br><strong>Cadeira Escada<\/strong><br>Curso Firjan SENAI: Marceneiro<\/p>\n\n\n<div class=\"wp-block-image\"><figure class=\" aligncenter size-medium eplus-wrapper eplus-styles-uid-b041c2\"><img decoding=\"async\" width=\"300\" height=\"86\" src=\"https:\/\/morarmais.com.br\/mms\/wp-content\/uploads\/2023\/11\/morarmais-firjan-300x86.png\" alt=\"\" class=\"wp-image-11587\" srcset=\"https:\/\/morarmais.com.br\/mms\/wp-content\/uploads\/2023\/11\/morarmais-firjan-300x86.png 300w, https:\/\/morarmais.com.br\/mms\/wp-content\/uploads\/2023\/11\/morarmais-firjan-1024x292.png 1024w, https:\/\/morarmais.com.br\/mms\/wp-content\/uploads\/2023\/11\/morarmais-firjan-768x219.png 768w, https:\/\/morarmais.com.br\/mms\/wp-content\/uploads\/2023\/11\/morarmais-firjan-1536x439.png 1536w, https:\/\/morarmais.com.br\/mms\/wp-content\/uploads\/2023\/11\/morarmais-firjan-500x143.png 500w, https:\/\/morarmais.com.br\/mms\/wp-content\/uploads\/2023\/11\/morarmais-firjan-800x228.png 800w, https:\/\/morarmais.com.br\/mms\/wp-content\/uploads\/2023\/11\/morarmais-firjan-1280x365.png 1280w, https:\/\/morarmais.com.br\/mms\/wp-content\/uploads\/2023\/11\/morarmais-firjan-1920x548.png 1920w, https:\/\/morarmais.com.br\/mms\/wp-content\/uploads\/2023\/11\/morarmais-firjan-350x100.png 350w, https:\/\/morarmais.com.br\/mms\/wp-content\/uploads\/2023\/11\/morarmais-firjan.png 2000w\" sizes=\"(max-width: 300px) 100vw, 300px\" \/><\/figure><\/div>\n\n\n<p class=\" eplus-wrapper\">A Firjan SENAI oferece cursos de inicia\u00e7\u00e3o, aprendizagem, aperfei\u00e7oamento, qualifica\u00e7\u00e3o, t\u00e9cnico, especializa\u00e7\u00e3o, gradua\u00e7\u00e3o tecnol\u00f3gica, p\u00f3s-gradua\u00e7\u00e3o e extens\u00e3o. Todos desenvolvidos por comit\u00eas t\u00e9cnicos, compostos por representantes de empresas e sindicatos, al\u00e9m de t\u00e9cnicos e especialistas de cada segmento, para atender \u00e0s reais necessidades da ind\u00fastria do estado do Rio.<br><a href=\"https:\/\/www.firjansenai.com.br\/\" target=\"_blank\" rel=\"noreferrer noopener\">Clique aqui <\/a>e saiba mais sobre a Firjan SENAI.<\/p>\n\n\n\n<figure class=\" wp-block-video eplus-wrapper\"><video controls poster=\"https:\/\/morarmais.com.br\/mms\/wp-content\/uploads\/2023\/11\/firjan-senai-industria-transformacao.png\" src=\"https:\/\/morarmais.com.br\/mms\/wp-content\/uploads\/2023\/11\/Video-institucional-Firjan-SENAI-Legendado-45-segundos-1.mp4\"><\/video><\/figure>\n\n\n\n<p class=\" eplus-wrapper\">Quer fazer parte do Morar Mais Rio 2024? Entre em contato: (21)2512-2412 ou <a href=\"https:\/\/wa.me\/5521988572447?text=Ol%C3%A1%21%21+Estou+navegando+no+cat%C3%A1logo+do+Morar+Mais+Rio+2021+e+tenho+interesse+em+participar.+\" target=\"_blank\" rel=\"noreferrer noopener\">clique aqui <\/a>e fale com nossa equipe no whatsapp.<\/p>\n","protected":false},"excerpt":{"rendered":"<p>A Firjan SENAI \u00e9 uma institui\u00e7\u00e3o brasileira privada, que atua formando e qualificando profissionais para atender \u00e0s necessidades da ind\u00fastria, em diversos segmentos, h\u00e1 mais de 75 anos. Espa\u00e7o Firjan SENAI &#8211; Morar Mais Rio &#8211; Ano: 2023 &#8211; Escola Maternal Mello Mattos &#8211; Rua Faro, 80 &#8211; Jardim Bot\u00e2nico Infos: Chal\u00e9 das Pedrasvendas@chaledaspedras.com.br21 98857-1240www.chaledaspedras.com.br@chaledaspedras&hellip;&nbsp;<a href=\"https:\/\/morarmais.com.br\/mms\/tour-virtual-espaco-firjan-senai-morar-mais-rio-2023\/\" rel=\"bookmark\">Continue a ler &raquo;<span class=\"screen-reader-text\">Fa\u00e7a um Tour no Espa\u00e7o Firjan SENAI na 20\u00aa edi\u00e7\u00e3o do Morar Mais Rio<\/span><\/a><\/p>\n","protected":false},"author":6,"featured_media":11592,"comment_status":"open","ping_status":"open","sticky":false,"template":"","format":"standard","meta":{"_eb_attr":"","editor_plus_copied_stylings":"{}","neve_meta_sidebar":"full-width","neve_meta_container":"","neve_meta_enable_content_width":"","neve_meta_content_width":0,"neve_meta_title_alignment":"center","neve_meta_author_avatar":"off","neve_post_elements_order":"[\"title\",\"thumbnail\",\"content\"]","neve_meta_disable_header":"","neve_meta_disable_footer":"","neve_meta_disable_title":"","_themeisle_gutenberg_block_has_review":false,"_vp_format_video_url":"","_vp_image_focal_point":[],"footnotes":""},"categories":[23,27,30,31],"tags":[],"class_list":["post-11612","post","type-post","status-publish","format-standard","has-post-thumbnail","hentry","category-home","category-morarmais-aposta","category-vamos-fechar-negocio","category-viciados-em-design"],"yoast_head":"<!-- This site is optimized with the Yoast SEO plugin v25.6 - https:\/\/yoast.com\/wordpress\/plugins\/seo\/ -->\n<title>Fa\u00e7a um Tour no Espa\u00e7o Firjan SENAI na 20\u00aa edi\u00e7\u00e3o do Morar Mais Rio - Morar mais<\/title>\n<meta name=\"robots\" content=\"index, follow, max-snippet:-1, max-image-preview:large, max-video-preview:-1\" \/>\n<link rel=\"canonical\" href=\"https:\/\/morarmais.com.br\/mms\/tour-virtual-espaco-firjan-senai-morar-mais-rio-2023\/\" \/>\n<meta property=\"og:locale\" content=\"pt_BR\" \/>\n<meta property=\"og:type\" content=\"article\" \/>\n<meta property=\"og:title\" content=\"Fa\u00e7a um Tour no Espa\u00e7o Firjan SENAI na 20\u00aa edi\u00e7\u00e3o do Morar Mais Rio - Morar mais\" \/>\n<meta property=\"og:description\" content=\"A Firjan SENAI \u00e9 uma institui\u00e7\u00e3o brasileira privada, que atua formando e qualificando profissionais para atender \u00e0s necessidades da ind\u00fastria, em diversos segmentos, h\u00e1 mais de 75 anos. Espa\u00e7o Firjan SENAI &#8211; Morar Mais Rio &#8211; Ano: 2023 &#8211; Escola Maternal Mello Mattos &#8211; Rua Faro, 80 &#8211; Jardim Bot\u00e2nico Infos: Chal\u00e9 das Pedrasvendas@chaledaspedras.com.br21 98857-1240www.chaledaspedras.com.br@chaledaspedras&hellip;&nbsp;Continue a ler &raquo;Fa\u00e7a um Tour no Espa\u00e7o Firjan SENAI na 20\u00aa edi\u00e7\u00e3o do Morar Mais Rio\" \/>\n<meta property=\"og:url\" content=\"https:\/\/morarmais.com.br\/mms\/tour-virtual-espaco-firjan-senai-morar-mais-rio-2023\/\" \/>\n<meta property=\"og:site_name\" content=\"Morar mais\" \/>\n<meta property=\"article:publisher\" content=\"https:\/\/www.facebook.com\/morarmais\" \/>\n<meta property=\"article:published_time\" content=\"2023-11-29T14:03:09+00:00\" \/>\n<meta property=\"article:modified_time\" content=\"2023-11-29T20:38:51+00:00\" \/>\n<meta property=\"og:image\" content=\"https:\/\/morarmais.com.br\/mms\/wp-content\/uploads\/2023\/11\/sala-firjan-1-1-scaled.jpg\" \/>\n\t<meta property=\"og:image:width\" content=\"2560\" \/>\n\t<meta property=\"og:image:height\" content=\"1707\" \/>\n\t<meta property=\"og:image:type\" content=\"image\/jpeg\" \/>\n<meta name=\"author\" content=\"Ale Devecchi\" \/>\n<meta name=\"twitter:card\" content=\"summary_large_image\" \/>\n<meta name=\"twitter:label1\" content=\"Escrito por\" \/>\n\t<meta name=\"twitter:data1\" content=\"Ale Devecchi\" \/>\n\t<meta name=\"twitter:label2\" content=\"Est. tempo de leitura\" \/>\n\t<meta name=\"twitter:data2\" content=\"2 minutos\" \/>\n<script type=\"application\/ld+json\" class=\"yoast-schema-graph\">{\"@context\":\"https:\/\/schema.org\",\"@graph\":[{\"@type\":\"Article\",\"@id\":\"https:\/\/morarmais.com.br\/mms\/tour-virtual-espaco-firjan-senai-morar-mais-rio-2023\/#article\",\"isPartOf\":{\"@id\":\"https:\/\/morarmais.com.br\/mms\/tour-virtual-espaco-firjan-senai-morar-mais-rio-2023\/\"},\"author\":{\"name\":\"Ale Devecchi\",\"@id\":\"https:\/\/morarmais.com.br\/mms\/#\/schema\/person\/67dda048cb1edaf0c66d3a7787857c2a\"},\"headline\":\"Fa\u00e7a um Tour no Espa\u00e7o Firjan SENAI na 20\u00aa edi\u00e7\u00e3o do Morar Mais Rio\",\"datePublished\":\"2023-11-29T14:03:09+00:00\",\"dateModified\":\"2023-11-29T20:38:51+00:00\",\"mainEntityOfPage\":{\"@id\":\"https:\/\/morarmais.com.br\/mms\/tour-virtual-espaco-firjan-senai-morar-mais-rio-2023\/\"},\"wordCount\":246,\"commentCount\":0,\"publisher\":{\"@id\":\"https:\/\/morarmais.com.br\/mms\/#organization\"},\"image\":{\"@id\":\"https:\/\/morarmais.com.br\/mms\/tour-virtual-espaco-firjan-senai-morar-mais-rio-2023\/#primaryimage\"},\"thumbnailUrl\":\"https:\/\/morarmais.com.br\/mms\/wp-content\/uploads\/2023\/11\/sala-firjan-1-1-scaled.jpg\",\"articleSection\":[\"Home\",\"Morar Mais Aposta\",\"Vamos Fechar Neg\u00f3cio!\",\"Viciados em Design\"],\"inLanguage\":\"pt-BR\",\"potentialAction\":[{\"@type\":\"CommentAction\",\"name\":\"Comment\",\"target\":[\"https:\/\/morarmais.com.br\/mms\/tour-virtual-espaco-firjan-senai-morar-mais-rio-2023\/#respond\"]}]},{\"@type\":\"WebPage\",\"@id\":\"https:\/\/morarmais.com.br\/mms\/tour-virtual-espaco-firjan-senai-morar-mais-rio-2023\/\",\"url\":\"https:\/\/morarmais.com.br\/mms\/tour-virtual-espaco-firjan-senai-morar-mais-rio-2023\/\",\"name\":\"Fa\u00e7a um Tour no Espa\u00e7o Firjan SENAI na 20\u00aa edi\u00e7\u00e3o do Morar Mais Rio - Morar mais\",\"isPartOf\":{\"@id\":\"https:\/\/morarmais.com.br\/mms\/#website\"},\"primaryImageOfPage\":{\"@id\":\"https:\/\/morarmais.com.br\/mms\/tour-virtual-espaco-firjan-senai-morar-mais-rio-2023\/#primaryimage\"},\"image\":{\"@id\":\"https:\/\/morarmais.com.br\/mms\/tour-virtual-espaco-firjan-senai-morar-mais-rio-2023\/#primaryimage\"},\"thumbnailUrl\":\"https:\/\/morarmais.com.br\/mms\/wp-content\/uploads\/2023\/11\/sala-firjan-1-1-scaled.jpg\",\"datePublished\":\"2023-11-29T14:03:09+00:00\",\"dateModified\":\"2023-11-29T20:38:51+00:00\",\"breadcrumb\":{\"@id\":\"https:\/\/morarmais.com.br\/mms\/tour-virtual-espaco-firjan-senai-morar-mais-rio-2023\/#breadcrumb\"},\"inLanguage\":\"pt-BR\",\"potentialAction\":[{\"@type\":\"ReadAction\",\"target\":[\"https:\/\/morarmais.com.br\/mms\/tour-virtual-espaco-firjan-senai-morar-mais-rio-2023\/\"]}]},{\"@type\":\"ImageObject\",\"inLanguage\":\"pt-BR\",\"@id\":\"https:\/\/morarmais.com.br\/mms\/tour-virtual-espaco-firjan-senai-morar-mais-rio-2023\/#primaryimage\",\"url\":\"https:\/\/morarmais.com.br\/mms\/wp-content\/uploads\/2023\/11\/sala-firjan-1-1-scaled.jpg\",\"contentUrl\":\"https:\/\/morarmais.com.br\/mms\/wp-content\/uploads\/2023\/11\/sala-firjan-1-1-scaled.jpg\",\"width\":2560,\"height\":1707},{\"@type\":\"BreadcrumbList\",\"@id\":\"https:\/\/morarmais.com.br\/mms\/tour-virtual-espaco-firjan-senai-morar-mais-rio-2023\/#breadcrumb\",\"itemListElement\":[{\"@type\":\"ListItem\",\"position\":1,\"name\":\"In\u00edcio\",\"item\":\"https:\/\/morarmais.com.br\/mms\/\"},{\"@type\":\"ListItem\",\"position\":2,\"name\":\"Fa\u00e7a um Tour no Espa\u00e7o Firjan SENAI na 20\u00aa edi\u00e7\u00e3o do Morar Mais Rio\"}]},{\"@type\":\"WebSite\",\"@id\":\"https:\/\/morarmais.com.br\/mms\/#website\",\"url\":\"https:\/\/morarmais.com.br\/mms\/\",\"name\":\"Morar mais\",\"description\":\"O Chique que cabe no bolso\",\"publisher\":{\"@id\":\"https:\/\/morarmais.com.br\/mms\/#organization\"},\"potentialAction\":[{\"@type\":\"SearchAction\",\"target\":{\"@type\":\"EntryPoint\",\"urlTemplate\":\"https:\/\/morarmais.com.br\/mms\/?s={search_term_string}\"},\"query-input\":{\"@type\":\"PropertyValueSpecification\",\"valueRequired\":true,\"valueName\":\"search_term_string\"}}],\"inLanguage\":\"pt-BR\"},{\"@type\":\"Organization\",\"@id\":\"https:\/\/morarmais.com.br\/mms\/#organization\",\"name\":\"Morar mais\",\"url\":\"https:\/\/morarmais.com.br\/mms\/\",\"logo\":{\"@type\":\"ImageObject\",\"inLanguage\":\"pt-BR\",\"@id\":\"https:\/\/morarmais.com.br\/mms\/#\/schema\/logo\/image\/\",\"url\":\"https:\/\/morarmais.com.br\/mms\/wp-content\/uploads\/2019\/04\/cropped-logo-morar-mais-2-1-e1688661143585.png\",\"contentUrl\":\"https:\/\/morarmais.com.br\/mms\/wp-content\/uploads\/2019\/04\/cropped-logo-morar-mais-2-1-e1688661143585.png\",\"width\":130,\"height\":100,\"caption\":\"Morar mais\"},\"image\":{\"@id\":\"https:\/\/morarmais.com.br\/mms\/#\/schema\/logo\/image\/\"},\"sameAs\":[\"https:\/\/www.facebook.com\/morarmais\",\"https:\/\/www.instagram.com\/morarmaispormenos\",\"https:\/\/br.pinterest.com\/morarmais\/\"]},{\"@type\":\"Person\",\"@id\":\"https:\/\/morarmais.com.br\/mms\/#\/schema\/person\/67dda048cb1edaf0c66d3a7787857c2a\",\"name\":\"Ale Devecchi\",\"image\":{\"@type\":\"ImageObject\",\"inLanguage\":\"pt-BR\",\"@id\":\"https:\/\/morarmais.com.br\/mms\/#\/schema\/person\/image\/\",\"url\":\"https:\/\/secure.gravatar.com\/avatar\/194f7a41b78fc7f5fcbf2fb567b600b5?s=96&d=mm&r=g\",\"contentUrl\":\"https:\/\/secure.gravatar.com\/avatar\/194f7a41b78fc7f5fcbf2fb567b600b5?s=96&d=mm&r=g\",\"caption\":\"Ale Devecchi\"},\"url\":\"https:\/\/morarmais.com.br\/mms\/author\/marketing-mais\/\"}]}<\/script>\n<!-- \/ Yoast SEO plugin. -->","yoast_head_json":{"title":"Fa\u00e7a um Tour no Espa\u00e7o Firjan SENAI na 20\u00aa edi\u00e7\u00e3o do Morar Mais Rio - Morar mais","robots":{"index":"index","follow":"follow","max-snippet":"max-snippet:-1","max-image-preview":"max-image-preview:large","max-video-preview":"max-video-preview:-1"},"canonical":"https:\/\/morarmais.com.br\/mms\/tour-virtual-espaco-firjan-senai-morar-mais-rio-2023\/","og_locale":"pt_BR","og_type":"article","og_title":"Fa\u00e7a um Tour no Espa\u00e7o Firjan SENAI na 20\u00aa edi\u00e7\u00e3o do Morar Mais Rio - Morar mais","og_description":"A Firjan SENAI \u00e9 uma institui\u00e7\u00e3o brasileira privada, que atua formando e qualificando profissionais para atender \u00e0s necessidades da ind\u00fastria, em diversos segmentos, h\u00e1 mais de 75 anos. Espa\u00e7o Firjan SENAI &#8211; Morar Mais Rio &#8211; Ano: 2023 &#8211; Escola Maternal Mello Mattos &#8211; Rua Faro, 80 &#8211; Jardim Bot\u00e2nico Infos: Chal\u00e9 das Pedrasvendas@chaledaspedras.com.br21 98857-1240www.chaledaspedras.com.br@chaledaspedras&hellip;&nbsp;Continue a ler &raquo;Fa\u00e7a um Tour no Espa\u00e7o Firjan SENAI na 20\u00aa edi\u00e7\u00e3o do Morar Mais Rio","og_url":"https:\/\/morarmais.com.br\/mms\/tour-virtual-espaco-firjan-senai-morar-mais-rio-2023\/","og_site_name":"Morar mais","article_publisher":"https:\/\/www.facebook.com\/morarmais","article_published_time":"2023-11-29T14:03:09+00:00","article_modified_time":"2023-11-29T20:38:51+00:00","og_image":[{"width":2560,"height":1707,"url":"https:\/\/morarmais.com.br\/mms\/wp-content\/uploads\/2023\/11\/sala-firjan-1-1-scaled.jpg","type":"image\/jpeg"}],"author":"Ale Devecchi","twitter_card":"summary_large_image","twitter_misc":{"Escrito por":"Ale Devecchi","Est. tempo de leitura":"2 minutos"},"schema":{"@context":"https:\/\/schema.org","@graph":[{"@type":"Article","@id":"https:\/\/morarmais.com.br\/mms\/tour-virtual-espaco-firjan-senai-morar-mais-rio-2023\/#article","isPartOf":{"@id":"https:\/\/morarmais.com.br\/mms\/tour-virtual-espaco-firjan-senai-morar-mais-rio-2023\/"},"author":{"name":"Ale Devecchi","@id":"https:\/\/morarmais.com.br\/mms\/#\/schema\/person\/67dda048cb1edaf0c66d3a7787857c2a"},"headline":"Fa\u00e7a um Tour no Espa\u00e7o Firjan SENAI na 20\u00aa edi\u00e7\u00e3o do Morar Mais Rio","datePublished":"2023-11-29T14:03:09+00:00","dateModified":"2023-11-29T20:38:51+00:00","mainEntityOfPage":{"@id":"https:\/\/morarmais.com.br\/mms\/tour-virtual-espaco-firjan-senai-morar-mais-rio-2023\/"},"wordCount":246,"commentCount":0,"publisher":{"@id":"https:\/\/morarmais.com.br\/mms\/#organization"},"image":{"@id":"https:\/\/morarmais.com.br\/mms\/tour-virtual-espaco-firjan-senai-morar-mais-rio-2023\/#primaryimage"},"thumbnailUrl":"https:\/\/morarmais.com.br\/mms\/wp-content\/uploads\/2023\/11\/sala-firjan-1-1-scaled.jpg","articleSection":["Home","Morar Mais Aposta","Vamos Fechar Neg\u00f3cio!","Viciados em Design"],"inLanguage":"pt-BR","potentialAction":[{"@type":"CommentAction","name":"Comment","target":["https:\/\/morarmais.com.br\/mms\/tour-virtual-espaco-firjan-senai-morar-mais-rio-2023\/#respond"]}]},{"@type":"WebPage","@id":"https:\/\/morarmais.com.br\/mms\/tour-virtual-espaco-firjan-senai-morar-mais-rio-2023\/","url":"https:\/\/morarmais.com.br\/mms\/tour-virtual-espaco-firjan-senai-morar-mais-rio-2023\/","name":"Fa\u00e7a um Tour no Espa\u00e7o Firjan SENAI na 20\u00aa edi\u00e7\u00e3o do Morar Mais Rio - Morar mais","isPartOf":{"@id":"https:\/\/morarmais.com.br\/mms\/#website"},"primaryImageOfPage":{"@id":"https:\/\/morarmais.com.br\/mms\/tour-virtual-espaco-firjan-senai-morar-mais-rio-2023\/#primaryimage"},"image":{"@id":"https:\/\/morarmais.com.br\/mms\/tour-virtual-espaco-firjan-senai-morar-mais-rio-2023\/#primaryimage"},"thumbnailUrl":"https:\/\/morarmais.com.br\/mms\/wp-content\/uploads\/2023\/11\/sala-firjan-1-1-scaled.jpg","datePublished":"2023-11-29T14:03:09+00:00","dateModified":"2023-11-29T20:38:51+00:00","breadcrumb":{"@id":"https:\/\/morarmais.com.br\/mms\/tour-virtual-espaco-firjan-senai-morar-mais-rio-2023\/#breadcrumb"},"inLanguage":"pt-BR","potentialAction":[{"@type":"ReadAction","target":["https:\/\/morarmais.com.br\/mms\/tour-virtual-espaco-firjan-senai-morar-mais-rio-2023\/"]}]},{"@type":"ImageObject","inLanguage":"pt-BR","@id":"https:\/\/morarmais.com.br\/mms\/tour-virtual-espaco-firjan-senai-morar-mais-rio-2023\/#primaryimage","url":"https:\/\/morarmais.com.br\/mms\/wp-content\/uploads\/2023\/11\/sala-firjan-1-1-scaled.jpg","contentUrl":"https:\/\/morarmais.com.br\/mms\/wp-content\/uploads\/2023\/11\/sala-firjan-1-1-scaled.jpg","width":2560,"height":1707},{"@type":"BreadcrumbList","@id":"https:\/\/morarmais.com.br\/mms\/tour-virtual-espaco-firjan-senai-morar-mais-rio-2023\/#breadcrumb","itemListElement":[{"@type":"ListItem","position":1,"name":"In\u00edcio","item":"https:\/\/morarmais.com.br\/mms\/"},{"@type":"ListItem","position":2,"name":"Fa\u00e7a um Tour no Espa\u00e7o Firjan SENAI na 20\u00aa edi\u00e7\u00e3o do Morar Mais Rio"}]},{"@type":"WebSite","@id":"https:\/\/morarmais.com.br\/mms\/#website","url":"https:\/\/morarmais.com.br\/mms\/","name":"Morar mais","description":"O Chique que cabe no bolso","publisher":{"@id":"https:\/\/morarmais.com.br\/mms\/#organization"},"potentialAction":[{"@type":"SearchAction","target":{"@type":"EntryPoint","urlTemplate":"https:\/\/morarmais.com.br\/mms\/?s={search_term_string}"},"query-input":{"@type":"PropertyValueSpecification","valueRequired":true,"valueName":"search_term_string"}}],"inLanguage":"pt-BR"},{"@type":"Organization","@id":"https:\/\/morarmais.com.br\/mms\/#organization","name":"Morar mais","url":"https:\/\/morarmais.com.br\/mms\/","logo":{"@type":"ImageObject","inLanguage":"pt-BR","@id":"https:\/\/morarmais.com.br\/mms\/#\/schema\/logo\/image\/","url":"https:\/\/morarmais.com.br\/mms\/wp-content\/uploads\/2019\/04\/cropped-logo-morar-mais-2-1-e1688661143585.png","contentUrl":"https:\/\/morarmais.com.br\/mms\/wp-content\/uploads\/2019\/04\/cropped-logo-morar-mais-2-1-e1688661143585.png","width":130,"height":100,"caption":"Morar mais"},"image":{"@id":"https:\/\/morarmais.com.br\/mms\/#\/schema\/logo\/image\/"},"sameAs":["https:\/\/www.facebook.com\/morarmais","https:\/\/www.instagram.com\/morarmaispormenos","https:\/\/br.pinterest.com\/morarmais\/"]},{"@type":"Person","@id":"https:\/\/morarmais.com.br\/mms\/#\/schema\/person\/67dda048cb1edaf0c66d3a7787857c2a","name":"Ale Devecchi","image":{"@type":"ImageObject","inLanguage":"pt-BR","@id":"https:\/\/morarmais.com.br\/mms\/#\/schema\/person\/image\/","url":"https:\/\/secure.gravatar.com\/avatar\/194f7a41b78fc7f5fcbf2fb567b600b5?s=96&d=mm&r=g","contentUrl":"https:\/\/secure.gravatar.com\/avatar\/194f7a41b78fc7f5fcbf2fb567b600b5?s=96&d=mm&r=g","caption":"Ale Devecchi"},"url":"https:\/\/morarmais.com.br\/mms\/author\/marketing-mais\/"}]}},"_links":{"self":[{"href":"https:\/\/morarmais.com.br\/mms\/wp-json\/wp\/v2\/posts\/11612"}],"collection":[{"href":"https:\/\/morarmais.com.br\/mms\/wp-json\/wp\/v2\/posts"}],"about":[{"href":"https:\/\/morarmais.com.br\/mms\/wp-json\/wp\/v2\/types\/post"}],"author":[{"embeddable":true,"href":"https:\/\/morarmais.com.br\/mms\/wp-json\/wp\/v2\/users\/6"}],"replies":[{"embeddable":true,"href":"https:\/\/morarmais.com.br\/mms\/wp-json\/wp\/v2\/comments?post=11612"}],"version-history":[{"count":1,"href":"https:\/\/morarmais.com.br\/mms\/wp-json\/wp\/v2\/posts\/11612\/revisions"}],"predecessor-version":[{"id":15838,"href":"https:\/\/morarmais.com.br\/mms\/wp-json\/wp\/v2\/posts\/11612\/revisions\/15838"}],"wp:featuredmedia":[{"embeddable":true,"href":"https:\/\/morarmais.com.br\/mms\/wp-json\/wp\/v2\/media\/11592"}],"wp:attachment":[{"href":"https:\/\/morarmais.com.br\/mms\/wp-json\/wp\/v2\/media?parent=11612"}],"wp:term":[{"taxonomy":"category","embeddable":true,"href":"https:\/\/morarmais.com.br\/mms\/wp-json\/wp\/v2\/categories?post=11612"},{"taxonomy":"post_tag","embeddable":true,"href":"https:\/\/morarmais.com.br\/mms\/wp-json\/wp\/v2\/tags?post=11612"}],"curies":[{"name":"wp","href":"https:\/\/api.w.org\/{rel}","templated":true}]}}