{"id":1068,"date":"2017-01-19T19:09:14","date_gmt":"2017-01-19T19:09:14","guid":{"rendered":"http:\/\/www.morarmais.com.br\/blog\/?p=1068"},"modified":"2017-01-19T19:09:14","modified_gmt":"2017-01-19T19:09:14","slug":"vamos-fechar-negocio-5","status":"publish","type":"post","link":"https:\/\/morarmais.com.br\/mms\/vamos-fechar-negocio-5\/","title":{"rendered":"Vamos fechar neg\u00f3cio?"},"content":{"rendered":"<p>Neste final do ano, Miami estava a mil com o Art Basel.<br \/>\nO agito criou o clima perfeito para a entrega do Pr\u00eamio Morar Mais.<br \/>\nCom a criatividade solta no ar, os profissionais que se destacaram com os projetos mais fieis aos conceitos do evento, fizeram a festa.<br \/>\n<a href=\"http:\/\/www.morarmais.com.br\/blog\/wp-content\/uploads\/2017\/01\/morarmais-rj_miami_01.jpg\"><img fetchpriority=\"high\" decoding=\"async\" class=\"alignnone size-full wp-image-1074\" src=\"http:\/\/www.morarmais.com.br\/blog\/wp-content\/uploads\/2017\/01\/morarmais-rj_miami_01.jpg\" alt=\"morarmais-rj_miami_01\" width=\"763\" height=\"1859\" srcset=\"https:\/\/morarmais.com.br\/mms\/wp-content\/uploads\/2017\/01\/morarmais-rj_miami_01.jpg 763w, https:\/\/morarmais.com.br\/mms\/wp-content\/uploads\/2017\/01\/morarmais-rj_miami_01-123x300.jpg 123w, https:\/\/morarmais.com.br\/mms\/wp-content\/uploads\/2017\/01\/morarmais-rj_miami_01-420x1024.jpg 420w, https:\/\/morarmais.com.br\/mms\/wp-content\/uploads\/2017\/01\/morarmais-rj_miami_01-500x1218.jpg 500w\" sizes=\"(max-width: 763px) 100vw, 763px\" \/><\/a><em><span style=\"font-size: 8pt;\">Roberta Jardim, Sabrina Schuback, &amp; Cyntia Sabat. Rio de Janeiro<\/span><\/em><br \/>\n<em><span style=\"font-size: 8pt;\">Aline Araujo. Rio de Janeiro<\/span><\/em><br \/>\n<em><span style=\"font-size: 8pt;\">DJ Giovannetti<\/span><\/em><br \/>\n<em><span style=\"font-size: 8pt;\">Loja Ovoo Casa Miami<\/span><\/em><br \/>\nO espa\u00e7o escolhido foi a Loja Ovoo Casa, que inaugurava em Miami com muitos convidados ilustres.<br \/>\nOs premiados festejaram em meio a profissionais de destaque e celebridades.<br \/>\nNa loja incr\u00edvel, circulavam em harmonia personalidades da arte, design e arquitetura internacionais, em meio aos premiados de 2015.<a href=\"http:\/\/www.morarmais.com.br\/blog\/wp-content\/uploads\/2017\/01\/morarmais-rj_miami-02.jpg\"><img decoding=\"async\" class=\"alignnone size-full wp-image-1079\" src=\"http:\/\/www.morarmais.com.br\/blog\/wp-content\/uploads\/2017\/01\/morarmais-rj_miami-02.jpg\" alt=\"morarmais-rj_miami-02\" width=\"763\" height=\"1614\" srcset=\"https:\/\/morarmais.com.br\/mms\/wp-content\/uploads\/2017\/01\/morarmais-rj_miami-02.jpg 763w, https:\/\/morarmais.com.br\/mms\/wp-content\/uploads\/2017\/01\/morarmais-rj_miami-02-142x300.jpg 142w, https:\/\/morarmais.com.br\/mms\/wp-content\/uploads\/2017\/01\/morarmais-rj_miami-02-484x1024.jpg 484w, https:\/\/morarmais.com.br\/mms\/wp-content\/uploads\/2017\/01\/morarmais-rj_miami-02-500x1058.jpg 500w\" sizes=\"(max-width: 763px) 100vw, 763px\" \/><\/a><em><span style=\"font-size: 8pt;\">Paula Pacheco, Priscilla Ferrari-Valler, Lorena Capuci &amp; Daiana Capuci. Campo Grande<\/span><\/em><br \/>\n<em><span style=\"font-size: 8pt;\">Caio Prates. Belho Horizonte<\/span><\/em><br \/>\n<em><span style=\"font-size: 8pt;\">Vanessa Menezes. Belo Horizonte<\/span><\/em><br \/>\nA proposta dos anfitri\u00f5es Ligia, Sabrina e Sandro Schuback , foi proporcionar uma noite inesquec\u00edvel para os talentoso participantes de Morar Mais. Miss\u00e3o cumprida!<br \/>\n<a href=\"http:\/\/www.morarmais.com.br\/blog\/wp-content\/uploads\/2017\/01\/morarmais-rj_miami_03.jpg\"><img decoding=\"async\" class=\"alignnone size-full wp-image-1073\" src=\"http:\/\/www.morarmais.com.br\/blog\/wp-content\/uploads\/2017\/01\/morarmais-rj_miami_03.jpg\" alt=\"morarmais-rj_miami_03\" width=\"763\" height=\"3099\" srcset=\"https:\/\/morarmais.com.br\/mms\/wp-content\/uploads\/2017\/01\/morarmais-rj_miami_03.jpg 763w, https:\/\/morarmais.com.br\/mms\/wp-content\/uploads\/2017\/01\/morarmais-rj_miami_03-74x300.jpg 74w, https:\/\/morarmais.com.br\/mms\/wp-content\/uploads\/2017\/01\/morarmais-rj_miami_03-252x1024.jpg 252w, https:\/\/morarmais.com.br\/mms\/wp-content\/uploads\/2017\/01\/morarmais-rj_miami_03-500x2031.jpg 500w\" sizes=\"(max-width: 763px) 100vw, 763px\" \/><\/a><br \/>\n<em><span style=\"font-size: 8pt;\">Sabrina Schuback, Marta Micheli, Sandro Schuback, &amp; Ligia Schuback. Rio de Janeiro<\/span><\/em><br \/>\n<em><span style=\"font-size: 8pt;\">Iara Diniz (licenciada), Gabriela B de Marco, Paula Magalhaes. Campo Grande<\/span><\/em><br \/>\n<em><span style=\"font-size: 8pt;\">Pedro Galaso &amp; Ligia Shuback. Rio de Janeiro<\/span><\/em><br \/>\n<em><span style=\"font-size: 8pt;\">Loja Ovoo Casa Miami<\/span><\/em><br \/>\n<em><span style=\"font-size: 8pt;\">Bia Meneghini, Lhoyani Odakura, Elaine de Oliveira, Bianca Raffi, Jane Camy-Mandetta, Leticia Rocha, &amp; Maysa Campos-Vieira. Campo Grande<\/span><\/em><br \/>\n&nbsp;<\/p>\n","protected":false},"excerpt":{"rendered":"<p>Neste final do ano, Miami estava a mil com o Art Basel. O agito criou o clima perfeito para a entrega do Pr\u00eamio Morar Mais. Com a criatividade solta no ar, os profissionais que se destacaram com os projetos mais fieis aos conceitos do evento, fizeram a festa. Roberta Jardim, Sabrina Schuback, &amp; Cyntia Sabat.&hellip;&nbsp;<a href=\"https:\/\/morarmais.com.br\/mms\/vamos-fechar-negocio-5\/\" rel=\"bookmark\">Continue a ler &raquo;<span class=\"screen-reader-text\">Vamos fechar neg\u00f3cio?<\/span><\/a><\/p>\n","protected":false},"author":3,"featured_media":1083,"comment_status":"open","ping_status":"open","sticky":false,"template":"","format":"standard","meta":{"_eb_attr":"","editor_plus_copied_stylings":"{}","neve_meta_sidebar":"","neve_meta_container":"","neve_meta_enable_content_width":"","neve_meta_content_width":0,"neve_meta_title_alignment":"","neve_meta_author_avatar":"","neve_post_elements_order":"","neve_meta_disable_header":"","neve_meta_disable_footer":"","neve_meta_disable_title":"","_themeisle_gutenberg_block_has_review":false,"_vp_format_video_url":"","_vp_image_focal_point":[],"footnotes":""},"categories":[23,30],"tags":[],"class_list":["post-1068","post","type-post","status-publish","format-standard","has-post-thumbnail","hentry","category-home","category-vamos-fechar-negocio"],"yoast_head":"<!-- This site is optimized with the Yoast SEO plugin v25.6 - https:\/\/yoast.com\/wordpress\/plugins\/seo\/ -->\n<title>Vamos fechar neg\u00f3cio? - Morar mais<\/title>\n<meta name=\"robots\" content=\"index, follow, max-snippet:-1, max-image-preview:large, max-video-preview:-1\" \/>\n<link rel=\"canonical\" href=\"https:\/\/morarmais.com.br\/mms\/vamos-fechar-negocio-5\/\" \/>\n<meta property=\"og:locale\" content=\"pt_BR\" \/>\n<meta property=\"og:type\" content=\"article\" \/>\n<meta property=\"og:title\" content=\"Vamos fechar neg\u00f3cio? - Morar mais\" \/>\n<meta property=\"og:description\" content=\"Neste final do ano, Miami estava a mil com o Art Basel. O agito criou o clima perfeito para a entrega do Pr\u00eamio Morar Mais. Com a criatividade solta no ar, os profissionais que se destacaram com os projetos mais fieis aos conceitos do evento, fizeram a festa. Roberta Jardim, Sabrina Schuback, &amp; Cyntia Sabat.&hellip;&nbsp;Continue a ler &raquo;Vamos fechar neg\u00f3cio?\" \/>\n<meta property=\"og:url\" content=\"https:\/\/morarmais.com.br\/mms\/vamos-fechar-negocio-5\/\" \/>\n<meta property=\"og:site_name\" content=\"Morar mais\" \/>\n<meta property=\"article:publisher\" content=\"https:\/\/www.facebook.com\/morarmais\" \/>\n<meta property=\"article:published_time\" content=\"2017-01-19T19:09:14+00:00\" \/>\n<meta property=\"og:image\" content=\"https:\/\/i2.wp.com\/morarmais.com.br\/mms\/wp-content\/uploads\/2017\/01\/capa-morarmais-rj_miami-1.jpg?fit=763%2C418&ssl=1\" \/>\n\t<meta property=\"og:image:width\" content=\"763\" \/>\n\t<meta property=\"og:image:height\" content=\"418\" \/>\n\t<meta property=\"og:image:type\" content=\"image\/jpeg\" \/>\n<meta name=\"author\" content=\"premiata\" \/>\n<meta name=\"twitter:card\" content=\"summary_large_image\" \/>\n<meta name=\"twitter:label1\" content=\"Escrito por\" \/>\n\t<meta name=\"twitter:data1\" content=\"premiata\" \/>\n\t<meta name=\"twitter:label2\" content=\"Est. tempo de leitura\" \/>\n\t<meta name=\"twitter:data2\" content=\"1 minuto\" \/>\n<script type=\"application\/ld+json\" class=\"yoast-schema-graph\">{\"@context\":\"https:\/\/schema.org\",\"@graph\":[{\"@type\":\"Article\",\"@id\":\"https:\/\/morarmais.com.br\/mms\/vamos-fechar-negocio-5\/#article\",\"isPartOf\":{\"@id\":\"https:\/\/morarmais.com.br\/mms\/vamos-fechar-negocio-5\/\"},\"author\":{\"name\":\"premiata\",\"@id\":\"https:\/\/morarmais.com.br\/mms\/#\/schema\/person\/2b6eaad3f24c852077a8e21da2395a85\"},\"headline\":\"Vamos fechar neg\u00f3cio?\",\"datePublished\":\"2017-01-19T19:09:14+00:00\",\"mainEntityOfPage\":{\"@id\":\"https:\/\/morarmais.com.br\/mms\/vamos-fechar-negocio-5\/\"},\"wordCount\":220,\"commentCount\":0,\"publisher\":{\"@id\":\"https:\/\/morarmais.com.br\/mms\/#organization\"},\"image\":{\"@id\":\"https:\/\/morarmais.com.br\/mms\/vamos-fechar-negocio-5\/#primaryimage\"},\"thumbnailUrl\":\"https:\/\/morarmais.com.br\/mms\/wp-content\/uploads\/2017\/01\/capa-morarmais-rj_miami-1.jpg\",\"articleSection\":[\"Home\",\"Vamos Fechar Neg\u00f3cio!\"],\"inLanguage\":\"pt-BR\",\"potentialAction\":[{\"@type\":\"CommentAction\",\"name\":\"Comment\",\"target\":[\"https:\/\/morarmais.com.br\/mms\/vamos-fechar-negocio-5\/#respond\"]}]},{\"@type\":\"WebPage\",\"@id\":\"https:\/\/morarmais.com.br\/mms\/vamos-fechar-negocio-5\/\",\"url\":\"https:\/\/morarmais.com.br\/mms\/vamos-fechar-negocio-5\/\",\"name\":\"Vamos fechar neg\u00f3cio? - Morar mais\",\"isPartOf\":{\"@id\":\"https:\/\/morarmais.com.br\/mms\/#website\"},\"primaryImageOfPage\":{\"@id\":\"https:\/\/morarmais.com.br\/mms\/vamos-fechar-negocio-5\/#primaryimage\"},\"image\":{\"@id\":\"https:\/\/morarmais.com.br\/mms\/vamos-fechar-negocio-5\/#primaryimage\"},\"thumbnailUrl\":\"https:\/\/morarmais.com.br\/mms\/wp-content\/uploads\/2017\/01\/capa-morarmais-rj_miami-1.jpg\",\"datePublished\":\"2017-01-19T19:09:14+00:00\",\"breadcrumb\":{\"@id\":\"https:\/\/morarmais.com.br\/mms\/vamos-fechar-negocio-5\/#breadcrumb\"},\"inLanguage\":\"pt-BR\",\"potentialAction\":[{\"@type\":\"ReadAction\",\"target\":[\"https:\/\/morarmais.com.br\/mms\/vamos-fechar-negocio-5\/\"]}]},{\"@type\":\"ImageObject\",\"inLanguage\":\"pt-BR\",\"@id\":\"https:\/\/morarmais.com.br\/mms\/vamos-fechar-negocio-5\/#primaryimage\",\"url\":\"https:\/\/morarmais.com.br\/mms\/wp-content\/uploads\/2017\/01\/capa-morarmais-rj_miami-1.jpg\",\"contentUrl\":\"https:\/\/morarmais.com.br\/mms\/wp-content\/uploads\/2017\/01\/capa-morarmais-rj_miami-1.jpg\",\"width\":763,\"height\":418},{\"@type\":\"BreadcrumbList\",\"@id\":\"https:\/\/morarmais.com.br\/mms\/vamos-fechar-negocio-5\/#breadcrumb\",\"itemListElement\":[{\"@type\":\"ListItem\",\"position\":1,\"name\":\"In\u00edcio\",\"item\":\"https:\/\/morarmais.com.br\/mms\/\"},{\"@type\":\"ListItem\",\"position\":2,\"name\":\"Vamos fechar neg\u00f3cio?\"}]},{\"@type\":\"WebSite\",\"@id\":\"https:\/\/morarmais.com.br\/mms\/#website\",\"url\":\"https:\/\/morarmais.com.br\/mms\/\",\"name\":\"Morar mais\",\"description\":\"O Chique que cabe no bolso\",\"publisher\":{\"@id\":\"https:\/\/morarmais.com.br\/mms\/#organization\"},\"potentialAction\":[{\"@type\":\"SearchAction\",\"target\":{\"@type\":\"EntryPoint\",\"urlTemplate\":\"https:\/\/morarmais.com.br\/mms\/?s={search_term_string}\"},\"query-input\":{\"@type\":\"PropertyValueSpecification\",\"valueRequired\":true,\"valueName\":\"search_term_string\"}}],\"inLanguage\":\"pt-BR\"},{\"@type\":\"Organization\",\"@id\":\"https:\/\/morarmais.com.br\/mms\/#organization\",\"name\":\"Morar mais\",\"url\":\"https:\/\/morarmais.com.br\/mms\/\",\"logo\":{\"@type\":\"ImageObject\",\"inLanguage\":\"pt-BR\",\"@id\":\"https:\/\/morarmais.com.br\/mms\/#\/schema\/logo\/image\/\",\"url\":\"https:\/\/morarmais.com.br\/mms\/wp-content\/uploads\/2019\/04\/cropped-logo-morar-mais-2-1-e1688661143585.png\",\"contentUrl\":\"https:\/\/morarmais.com.br\/mms\/wp-content\/uploads\/2019\/04\/cropped-logo-morar-mais-2-1-e1688661143585.png\",\"width\":130,\"height\":100,\"caption\":\"Morar mais\"},\"image\":{\"@id\":\"https:\/\/morarmais.com.br\/mms\/#\/schema\/logo\/image\/\"},\"sameAs\":[\"https:\/\/www.facebook.com\/morarmais\",\"https:\/\/www.instagram.com\/morarmaispormenos\",\"https:\/\/br.pinterest.com\/morarmais\/\"]},{\"@type\":\"Person\",\"@id\":\"https:\/\/morarmais.com.br\/mms\/#\/schema\/person\/2b6eaad3f24c852077a8e21da2395a85\",\"name\":\"premiata\",\"image\":{\"@type\":\"ImageObject\",\"inLanguage\":\"pt-BR\",\"@id\":\"https:\/\/morarmais.com.br\/mms\/#\/schema\/person\/image\/\",\"url\":\"https:\/\/secure.gravatar.com\/avatar\/?s=96&d=mm&r=g\",\"contentUrl\":\"https:\/\/secure.gravatar.com\/avatar\/?s=96&d=mm&r=g\",\"caption\":\"premiata\"},\"url\":\"https:\/\/morarmais.com.br\/mms\/author\/premiata\/\"}]}<\/script>\n<!-- \/ Yoast SEO plugin. -->","yoast_head_json":{"title":"Vamos fechar neg\u00f3cio? - Morar mais","robots":{"index":"index","follow":"follow","max-snippet":"max-snippet:-1","max-image-preview":"max-image-preview:large","max-video-preview":"max-video-preview:-1"},"canonical":"https:\/\/morarmais.com.br\/mms\/vamos-fechar-negocio-5\/","og_locale":"pt_BR","og_type":"article","og_title":"Vamos fechar neg\u00f3cio? - Morar mais","og_description":"Neste final do ano, Miami estava a mil com o Art Basel. O agito criou o clima perfeito para a entrega do Pr\u00eamio Morar Mais. Com a criatividade solta no ar, os profissionais que se destacaram com os projetos mais fieis aos conceitos do evento, fizeram a festa. Roberta Jardim, Sabrina Schuback, &amp; Cyntia Sabat.&hellip;&nbsp;Continue a ler &raquo;Vamos fechar neg\u00f3cio?","og_url":"https:\/\/morarmais.com.br\/mms\/vamos-fechar-negocio-5\/","og_site_name":"Morar mais","article_publisher":"https:\/\/www.facebook.com\/morarmais","article_published_time":"2017-01-19T19:09:14+00:00","og_image":[{"width":763,"height":418,"url":"https:\/\/i2.wp.com\/morarmais.com.br\/mms\/wp-content\/uploads\/2017\/01\/capa-morarmais-rj_miami-1.jpg?fit=763%2C418&ssl=1","type":"image\/jpeg"}],"author":"premiata","twitter_card":"summary_large_image","twitter_misc":{"Escrito por":"premiata","Est. tempo de leitura":"1 minuto"},"schema":{"@context":"https:\/\/schema.org","@graph":[{"@type":"Article","@id":"https:\/\/morarmais.com.br\/mms\/vamos-fechar-negocio-5\/#article","isPartOf":{"@id":"https:\/\/morarmais.com.br\/mms\/vamos-fechar-negocio-5\/"},"author":{"name":"premiata","@id":"https:\/\/morarmais.com.br\/mms\/#\/schema\/person\/2b6eaad3f24c852077a8e21da2395a85"},"headline":"Vamos fechar neg\u00f3cio?","datePublished":"2017-01-19T19:09:14+00:00","mainEntityOfPage":{"@id":"https:\/\/morarmais.com.br\/mms\/vamos-fechar-negocio-5\/"},"wordCount":220,"commentCount":0,"publisher":{"@id":"https:\/\/morarmais.com.br\/mms\/#organization"},"image":{"@id":"https:\/\/morarmais.com.br\/mms\/vamos-fechar-negocio-5\/#primaryimage"},"thumbnailUrl":"https:\/\/morarmais.com.br\/mms\/wp-content\/uploads\/2017\/01\/capa-morarmais-rj_miami-1.jpg","articleSection":["Home","Vamos Fechar Neg\u00f3cio!"],"inLanguage":"pt-BR","potentialAction":[{"@type":"CommentAction","name":"Comment","target":["https:\/\/morarmais.com.br\/mms\/vamos-fechar-negocio-5\/#respond"]}]},{"@type":"WebPage","@id":"https:\/\/morarmais.com.br\/mms\/vamos-fechar-negocio-5\/","url":"https:\/\/morarmais.com.br\/mms\/vamos-fechar-negocio-5\/","name":"Vamos fechar neg\u00f3cio? - Morar mais","isPartOf":{"@id":"https:\/\/morarmais.com.br\/mms\/#website"},"primaryImageOfPage":{"@id":"https:\/\/morarmais.com.br\/mms\/vamos-fechar-negocio-5\/#primaryimage"},"image":{"@id":"https:\/\/morarmais.com.br\/mms\/vamos-fechar-negocio-5\/#primaryimage"},"thumbnailUrl":"https:\/\/morarmais.com.br\/mms\/wp-content\/uploads\/2017\/01\/capa-morarmais-rj_miami-1.jpg","datePublished":"2017-01-19T19:09:14+00:00","breadcrumb":{"@id":"https:\/\/morarmais.com.br\/mms\/vamos-fechar-negocio-5\/#breadcrumb"},"inLanguage":"pt-BR","potentialAction":[{"@type":"ReadAction","target":["https:\/\/morarmais.com.br\/mms\/vamos-fechar-negocio-5\/"]}]},{"@type":"ImageObject","inLanguage":"pt-BR","@id":"https:\/\/morarmais.com.br\/mms\/vamos-fechar-negocio-5\/#primaryimage","url":"https:\/\/morarmais.com.br\/mms\/wp-content\/uploads\/2017\/01\/capa-morarmais-rj_miami-1.jpg","contentUrl":"https:\/\/morarmais.com.br\/mms\/wp-content\/uploads\/2017\/01\/capa-morarmais-rj_miami-1.jpg","width":763,"height":418},{"@type":"BreadcrumbList","@id":"https:\/\/morarmais.com.br\/mms\/vamos-fechar-negocio-5\/#breadcrumb","itemListElement":[{"@type":"ListItem","position":1,"name":"In\u00edcio","item":"https:\/\/morarmais.com.br\/mms\/"},{"@type":"ListItem","position":2,"name":"Vamos fechar neg\u00f3cio?"}]},{"@type":"WebSite","@id":"https:\/\/morarmais.com.br\/mms\/#website","url":"https:\/\/morarmais.com.br\/mms\/","name":"Morar mais","description":"O Chique que cabe no bolso","publisher":{"@id":"https:\/\/morarmais.com.br\/mms\/#organization"},"potentialAction":[{"@type":"SearchAction","target":{"@type":"EntryPoint","urlTemplate":"https:\/\/morarmais.com.br\/mms\/?s={search_term_string}"},"query-input":{"@type":"PropertyValueSpecification","valueRequired":true,"valueName":"search_term_string"}}],"inLanguage":"pt-BR"},{"@type":"Organization","@id":"https:\/\/morarmais.com.br\/mms\/#organization","name":"Morar mais","url":"https:\/\/morarmais.com.br\/mms\/","logo":{"@type":"ImageObject","inLanguage":"pt-BR","@id":"https:\/\/morarmais.com.br\/mms\/#\/schema\/logo\/image\/","url":"https:\/\/morarmais.com.br\/mms\/wp-content\/uploads\/2019\/04\/cropped-logo-morar-mais-2-1-e1688661143585.png","contentUrl":"https:\/\/morarmais.com.br\/mms\/wp-content\/uploads\/2019\/04\/cropped-logo-morar-mais-2-1-e1688661143585.png","width":130,"height":100,"caption":"Morar mais"},"image":{"@id":"https:\/\/morarmais.com.br\/mms\/#\/schema\/logo\/image\/"},"sameAs":["https:\/\/www.facebook.com\/morarmais","https:\/\/www.instagram.com\/morarmaispormenos","https:\/\/br.pinterest.com\/morarmais\/"]},{"@type":"Person","@id":"https:\/\/morarmais.com.br\/mms\/#\/schema\/person\/2b6eaad3f24c852077a8e21da2395a85","name":"premiata","image":{"@type":"ImageObject","inLanguage":"pt-BR","@id":"https:\/\/morarmais.com.br\/mms\/#\/schema\/person\/image\/","url":"https:\/\/secure.gravatar.com\/avatar\/?s=96&d=mm&r=g","contentUrl":"https:\/\/secure.gravatar.com\/avatar\/?s=96&d=mm&r=g","caption":"premiata"},"url":"https:\/\/morarmais.com.br\/mms\/author\/premiata\/"}]}},"_links":{"self":[{"href":"https:\/\/morarmais.com.br\/mms\/wp-json\/wp\/v2\/posts\/1068"}],"collection":[{"href":"https:\/\/morarmais.com.br\/mms\/wp-json\/wp\/v2\/posts"}],"about":[{"href":"https:\/\/morarmais.com.br\/mms\/wp-json\/wp\/v2\/types\/post"}],"author":[{"embeddable":true,"href":"https:\/\/morarmais.com.br\/mms\/wp-json\/wp\/v2\/users\/3"}],"replies":[{"embeddable":true,"href":"https:\/\/morarmais.com.br\/mms\/wp-json\/wp\/v2\/comments?post=1068"}],"version-history":[{"count":0,"href":"https:\/\/morarmais.com.br\/mms\/wp-json\/wp\/v2\/posts\/1068\/revisions"}],"wp:featuredmedia":[{"embeddable":true,"href":"https:\/\/morarmais.com.br\/mms\/wp-json\/wp\/v2\/media\/1083"}],"wp:attachment":[{"href":"https:\/\/morarmais.com.br\/mms\/wp-json\/wp\/v2\/media?parent=1068"}],"wp:term":[{"taxonomy":"category","embeddable":true,"href":"https:\/\/morarmais.com.br\/mms\/wp-json\/wp\/v2\/categories?post=1068"},{"taxonomy":"post_tag","embeddable":true,"href":"https:\/\/morarmais.com.br\/mms\/wp-json\/wp\/v2\/tags?post=1068"}],"curies":[{"name":"wp","href":"https:\/\/api.w.org\/{rel}","templated":true}]}}