{"id":10560,"date":"2023-03-21T14:26:32","date_gmt":"2023-03-21T14:26:32","guid":{"rendered":"https:\/\/morarmais.com.br\/mms\/?p=10560"},"modified":"2023-03-21T14:29:34","modified_gmt":"2023-03-21T14:29:34","slug":"mais-por-menos-e-sustentabilidade-no-premio-pritzker-2023","status":"publish","type":"post","link":"https:\/\/morarmais.com.br\/mms\/mais-por-menos-e-sustentabilidade-no-premio-pritzker-2023\/","title":{"rendered":"Mais por menos e sustentabilidade no Pr\u00eamio Pritzker 2023!"},"content":{"rendered":"\n<h2 class=\" eplus-wrapper wp-block-heading\">Dois dos conceitos do Morar Mais s\u00e3o referenciados como o novo caminho no maior pr\u00eamio de Arquitetura do mundo.<\/h2>\n\n\n\n<figure class=\"wp-block-image size-large is-resized eplus-wrapper\"><img fetchpriority=\"high\" decoding=\"async\" src=\"https:\/\/morarmais.com.br\/mms\/wp-content\/uploads\/2023\/03\/O-Hepworth-Wakefield-foto-cedida-por-Iwan-Baan--1024x683.jpeg\" alt=\"Pr\u00eamio Pritzker 2023\" class=\"wp-image-10561\" width=\"1024\" height=\"683\" srcset=\"https:\/\/morarmais.com.br\/mms\/wp-content\/uploads\/2023\/03\/O-Hepworth-Wakefield-foto-cedida-por-Iwan-Baan--1024x683.jpeg 1024w, https:\/\/morarmais.com.br\/mms\/wp-content\/uploads\/2023\/03\/O-Hepworth-Wakefield-foto-cedida-por-Iwan-Baan--300x200.jpeg 300w, https:\/\/morarmais.com.br\/mms\/wp-content\/uploads\/2023\/03\/O-Hepworth-Wakefield-foto-cedida-por-Iwan-Baan--768x512.jpeg 768w, https:\/\/morarmais.com.br\/mms\/wp-content\/uploads\/2023\/03\/O-Hepworth-Wakefield-foto-cedida-por-Iwan-Baan--1536x1024.jpeg 1536w, https:\/\/morarmais.com.br\/mms\/wp-content\/uploads\/2023\/03\/O-Hepworth-Wakefield-foto-cedida-por-Iwan-Baan--2048x1365.jpeg 2048w, https:\/\/morarmais.com.br\/mms\/wp-content\/uploads\/2023\/03\/O-Hepworth-Wakefield-foto-cedida-por-Iwan-Baan--1200x800.jpeg 1200w, https:\/\/morarmais.com.br\/mms\/wp-content\/uploads\/2023\/03\/O-Hepworth-Wakefield-foto-cedida-por-Iwan-Baan--930x620.jpeg 930w, https:\/\/morarmais.com.br\/mms\/wp-content\/uploads\/2023\/03\/O-Hepworth-Wakefield-foto-cedida-por-Iwan-Baan--350x233.jpeg 350w\" sizes=\"(max-width: 1024px) 100vw, 1024px\" \/><figcaption><em>O Hepworth Wakefield, foto cedida por Iwan Baan\u00a0<\/em><\/figcaption><\/figure>\n\n\n\n<p class=\" eplus-wrapper\">O\u00a0 Morar Mais por menos mais uma vez comprova ser vanguardista, o Pr\u00eamio Pritzker foi dado por dois conceitos bastante usados no nosso neg\u00f3cio: o &#8220;Mais por menos&#8221; e a &#8220;Sustentabilidade&#8221;. Confira a mat\u00e9ria publicada na Veja constatando o que h\u00e1 19 anos percebemos: o chique que cabe no bolso, o menos sempre ser\u00e1 mais:<\/p>\n\n\n\n<figure class=\"wp-block-image size-large eplus-wrapper\"><a href=\"https:\/\/veja.abril.com.br\/mundo\/premio-de-arquitetura-comprova-a-tendencia-e-fazer-mais-com-menos\/\" target=\"_blank\" rel=\"noopener\"><img decoding=\"async\" width=\"1024\" height=\"427\" src=\"https:\/\/morarmais.com.br\/mms\/wp-content\/uploads\/2023\/03\/materia-revista-veja-premio-pritzker-2023-1024x427.png\" alt=\"premio pritzker 2023\" class=\"wp-image-10563\" srcset=\"https:\/\/morarmais.com.br\/mms\/wp-content\/uploads\/2023\/03\/materia-revista-veja-premio-pritzker-2023-1024x427.png 1024w, https:\/\/morarmais.com.br\/mms\/wp-content\/uploads\/2023\/03\/materia-revista-veja-premio-pritzker-2023-300x125.png 300w, https:\/\/morarmais.com.br\/mms\/wp-content\/uploads\/2023\/03\/materia-revista-veja-premio-pritzker-2023-768x320.png 768w, https:\/\/morarmais.com.br\/mms\/wp-content\/uploads\/2023\/03\/materia-revista-veja-premio-pritzker-2023-1536x640.png 1536w, https:\/\/morarmais.com.br\/mms\/wp-content\/uploads\/2023\/03\/materia-revista-veja-premio-pritzker-2023-350x146.png 350w, https:\/\/morarmais.com.br\/mms\/wp-content\/uploads\/2023\/03\/materia-revista-veja-premio-pritzker-2023.png 1920w\" sizes=\"(max-width: 1024px) 100vw, 1024px\" \/><\/a><\/figure>\n\n\n\n<p class=\" eplus-wrapper\">O Pr\u00eamio Pritzker \u00e9 concedido em reconhecimento \u00e0s qualidades de talento, vis\u00e3o e comprometimento, que persistentemente produziram contribui\u00e7\u00f5es significativas para a humanidade e o ambiente constru\u00eddo por meio da arte da arquitetura . A carreira de David Chipperfield, o laureado de 2023, \u00e9 marcada por um longo prazo, rigor e consist\u00eancia em um corpo de trabalho que integrou e equilibrou perfeitamente os dois termos dessa equa\u00e7\u00e3o.<\/p>\n\n\n\n<p class=\" eplus-wrapper\"><\/p>\n\n\n\n<figure class=\"wp-block-image size-full eplus-wrapper\"><img decoding=\"async\" width=\"1000\" height=\"1000\" src=\"https:\/\/morarmais.com.br\/mms\/wp-content\/uploads\/2023\/03\/Sir-David-Alan-Chipperfield-foto-cortesia-de-Tom-Welsh-.jpeg\" alt=\"\" class=\"wp-image-10565\" srcset=\"https:\/\/morarmais.com.br\/mms\/wp-content\/uploads\/2023\/03\/Sir-David-Alan-Chipperfield-foto-cortesia-de-Tom-Welsh-.jpeg 1000w, https:\/\/morarmais.com.br\/mms\/wp-content\/uploads\/2023\/03\/Sir-David-Alan-Chipperfield-foto-cortesia-de-Tom-Welsh--300x300.jpeg 300w, https:\/\/morarmais.com.br\/mms\/wp-content\/uploads\/2023\/03\/Sir-David-Alan-Chipperfield-foto-cortesia-de-Tom-Welsh--150x150.jpeg 150w, https:\/\/morarmais.com.br\/mms\/wp-content\/uploads\/2023\/03\/Sir-David-Alan-Chipperfield-foto-cortesia-de-Tom-Welsh--768x768.jpeg 768w, https:\/\/morarmais.com.br\/mms\/wp-content\/uploads\/2023\/03\/Sir-David-Alan-Chipperfield-foto-cortesia-de-Tom-Welsh--600x600.jpeg 600w, https:\/\/morarmais.com.br\/mms\/wp-content\/uploads\/2023\/03\/Sir-David-Alan-Chipperfield-foto-cortesia-de-Tom-Welsh--350x350.jpeg 350w\" sizes=\"(max-width: 1000px) 100vw, 1000px\" \/><figcaption><em>Sir David Alan Chipperfield, foto cortesia de Tom Welsh\u00a0<\/em><\/figcaption><\/figure>\n\n\n\n<p class=\" eplus-wrapper\"><em>Um dos mantras da corrente encabe\u00e7ada por Chipperfield \u00e9 \u201cfazer mais com menos\u201d \u2014 e d\u00e1-lhe concreto e tantos outros materiais reciclados, tudo movido a energia solar para poupar o ambiente num momento em que ele \u00e9 t\u00e3o castigado. <\/em>(VEJA &#8211; 19\/03\/2023)<\/p>\n\n\n\n<p class=\" eplus-wrapper\">A Cita\u00e7\u00e3o do J\u00fari de 2023 do Laureado afirma, em parte: \u201cEsse compromisso com uma arquitetura de presen\u00e7a c\u00edvica discreta, mas transformadora, e a defini\u00e7\u00e3o \u2013 mesmo por meio de comiss\u00f5es privadas \u2013 do dom\u00ednio p\u00fablico, \u00e9 feito sempre com austeridade, evitando movimentos desnecess\u00e1rios e direcionando livre de tend\u00eancias e modas, o que \u00e9 uma mensagem muito relevante para a nossa sociedade contempor\u00e2nea. Essa capacidade de destilar e realizar opera\u00e7\u00f5es de design meditadas \u00e9 uma dimens\u00e3o da sustentabilidade que n\u00e3o tem sido \u00f3bvia nos \u00faltimos anos: a sustentabilidade como pertin\u00eancia, n\u00e3o s\u00f3 elimina o sup\u00e9rfluo, mas tamb\u00e9m \u00e9 o primeiro passo para a cria\u00e7\u00e3o de estruturas capazes de durar, f\u00edsica e culturalmente. \u201d<\/p>\n\n\n\n<p class=\" eplus-wrapper\">O Morar Mais tem como conceito principal o &#8220;Mais por menos&#8221;! O profissional participante deve buscar no mercado produtos com um bom custo x benef\u00edcio e mostrar que, com a sua ajuda, a decora\u00e7\u00e3o pode ser sofisticada e acess\u00edvel.<\/p>\n\n\n\n<p class=\" eplus-wrapper\">Al\u00e9m disso, somos o primeiro evento de decora\u00e7\u00e3o a defender a sustentabilidade, mais do que nunca, a busca por solu\u00e7\u00f5es sustent\u00e1veis tem deixado de ser uma escolha e se tornado uma necessidade para garantir o futuro do planeta. O investimento em energia limpa e em novas t\u00e9cnicas de reciclagem s\u00e3o alguns exemplos desse olhar da tecnologia e da inova\u00e7\u00e3o para uma exist\u00eancia mais coesa e harmoniosa com a natureza.<\/p>\n\n\n\n<p class=\" eplus-wrapper\">Conhe\u00e7a algumas das obras de Chipperfield selecionadas pelo j\u00fari do pr\u00eamio:<\/p>\n\n\n\n<div class=\"wp-block-jetpack-slideshow aligncenter\" data-effect=\"slide\"><div class=\"wp-block-jetpack-slideshow_container swiper-container\"><ul class=\"wp-block-jetpack-slideshow_swiper-wrapper swiper-wrapper\"><li class=\"wp-block-jetpack-slideshow_slide swiper-slide\"><figure><img loading=\"lazy\" decoding=\"async\" width=\"1024\" height=\"680\" alt=\"Pr\u00eamio Pritzker 2023\" class=\"wp-block-jetpack-slideshow_image wp-image-10580\" data-id=\"10580\" src=\"https:\/\/morarmais.com.br\/mms\/wp-content\/uploads\/2023\/03\/Sede-da-Amorepacific-foto-cortesia-de-Noshe-2-1024x680.jpeg\" srcset=\"https:\/\/morarmais.com.br\/mms\/wp-content\/uploads\/2023\/03\/Sede-da-Amorepacific-foto-cortesia-de-Noshe-2-1024x680.jpeg 1024w, https:\/\/morarmais.com.br\/mms\/wp-content\/uploads\/2023\/03\/Sede-da-Amorepacific-foto-cortesia-de-Noshe-2-300x199.jpeg 300w, https:\/\/morarmais.com.br\/mms\/wp-content\/uploads\/2023\/03\/Sede-da-Amorepacific-foto-cortesia-de-Noshe-2-768x510.jpeg 768w, https:\/\/morarmais.com.br\/mms\/wp-content\/uploads\/2023\/03\/Sede-da-Amorepacific-foto-cortesia-de-Noshe-2-1536x1020.jpeg 1536w, https:\/\/morarmais.com.br\/mms\/wp-content\/uploads\/2023\/03\/Sede-da-Amorepacific-foto-cortesia-de-Noshe-2-2048x1360.jpeg 2048w, https:\/\/morarmais.com.br\/mms\/wp-content\/uploads\/2023\/03\/Sede-da-Amorepacific-foto-cortesia-de-Noshe-2-350x232.jpeg 350w\" sizes=\"(max-width: 1024px) 100vw, 1024px\" \/><figcaption class=\"wp-block-jetpack-slideshow_caption gallery-caption\">Sede da Amorepacific, foto cortesia de Noshe <\/figcaption><\/figure><\/li><li class=\"wp-block-jetpack-slideshow_slide swiper-slide\"><figure><img loading=\"lazy\" decoding=\"async\" width=\"1024\" height=\"683\" alt=\"Pr\u00eamio Pritzker 2023\" class=\"wp-block-jetpack-slideshow_image wp-image-10566\" data-id=\"10566\" src=\"https:\/\/morarmais.com.br\/mms\/wp-content\/uploads\/2023\/03\/Capela-do-Cemite\u0301rio-de-Inagawa-e-Centro-de-Visitantes-foto-cedida-por-Keiko-Sasaoka--1024x683.jpeg\" srcset=\"https:\/\/morarmais.com.br\/mms\/wp-content\/uploads\/2023\/03\/Capela-do-Cemite\u0301rio-de-Inagawa-e-Centro-de-Visitantes-foto-cedida-por-Keiko-Sasaoka--1024x683.jpeg 1024w, https:\/\/morarmais.com.br\/mms\/wp-content\/uploads\/2023\/03\/Capela-do-Cemite\u0301rio-de-Inagawa-e-Centro-de-Visitantes-foto-cedida-por-Keiko-Sasaoka--300x200.jpeg 300w, https:\/\/morarmais.com.br\/mms\/wp-content\/uploads\/2023\/03\/Capela-do-Cemite\u0301rio-de-Inagawa-e-Centro-de-Visitantes-foto-cedida-por-Keiko-Sasaoka--768x513.jpeg 768w, https:\/\/morarmais.com.br\/mms\/wp-content\/uploads\/2023\/03\/Capela-do-Cemite\u0301rio-de-Inagawa-e-Centro-de-Visitantes-foto-cedida-por-Keiko-Sasaoka--1536x1025.jpeg 1536w, https:\/\/morarmais.com.br\/mms\/wp-content\/uploads\/2023\/03\/Capela-do-Cemite\u0301rio-de-Inagawa-e-Centro-de-Visitantes-foto-cedida-por-Keiko-Sasaoka--2048x1367.jpeg 2048w, https:\/\/morarmais.com.br\/mms\/wp-content\/uploads\/2023\/03\/Capela-do-Cemite\u0301rio-de-Inagawa-e-Centro-de-Visitantes-foto-cedida-por-Keiko-Sasaoka--1200x800.jpeg 1200w, https:\/\/morarmais.com.br\/mms\/wp-content\/uploads\/2023\/03\/Capela-do-Cemite\u0301rio-de-Inagawa-e-Centro-de-Visitantes-foto-cedida-por-Keiko-Sasaoka--930x620.jpeg 930w, https:\/\/morarmais.com.br\/mms\/wp-content\/uploads\/2023\/03\/Capela-do-Cemite\u0301rio-de-Inagawa-e-Centro-de-Visitantes-foto-cedida-por-Keiko-Sasaoka--350x234.jpeg 350w\" sizes=\"(max-width: 1024px) 100vw, 1024px\" \/><figcaption class=\"wp-block-jetpack-slideshow_caption gallery-caption\">Capela do Cemite\u0301rio de Inagawa e Centro de Visitantes, foto cedida por Keiko Sasaoka <\/figcaption><\/figure><\/li><li class=\"wp-block-jetpack-slideshow_slide swiper-slide\"><figure><img loading=\"lazy\" decoding=\"async\" width=\"767\" height=\"1024\" alt=\"\" class=\"wp-block-jetpack-slideshow_image wp-image-10567\" data-id=\"10567\" src=\"https:\/\/morarmais.com.br\/mms\/wp-content\/uploads\/2023\/03\/Americas-Cup-Building-Veles-e-Vents-foto-cedida-por-Christian-Richters--767x1024.jpeg\" srcset=\"https:\/\/morarmais.com.br\/mms\/wp-content\/uploads\/2023\/03\/Americas-Cup-Building-Veles-e-Vents-foto-cedida-por-Christian-Richters--767x1024.jpeg 767w, https:\/\/morarmais.com.br\/mms\/wp-content\/uploads\/2023\/03\/Americas-Cup-Building-Veles-e-Vents-foto-cedida-por-Christian-Richters--225x300.jpeg 225w, https:\/\/morarmais.com.br\/mms\/wp-content\/uploads\/2023\/03\/Americas-Cup-Building-Veles-e-Vents-foto-cedida-por-Christian-Richters--768x1026.jpeg 768w, https:\/\/morarmais.com.br\/mms\/wp-content\/uploads\/2023\/03\/Americas-Cup-Building-Veles-e-Vents-foto-cedida-por-Christian-Richters--1150x1536.jpeg 1150w, https:\/\/morarmais.com.br\/mms\/wp-content\/uploads\/2023\/03\/Americas-Cup-Building-Veles-e-Vents-foto-cedida-por-Christian-Richters--1534x2048.jpeg 1534w, https:\/\/morarmais.com.br\/mms\/wp-content\/uploads\/2023\/03\/Americas-Cup-Building-Veles-e-Vents-foto-cedida-por-Christian-Richters--350x467.jpeg 350w, https:\/\/morarmais.com.br\/mms\/wp-content\/uploads\/2023\/03\/Americas-Cup-Building-Veles-e-Vents-foto-cedida-por-Christian-Richters--scaled.jpeg 1917w\" sizes=\"(max-width: 767px) 100vw, 767px\" \/><figcaption class=\"wp-block-jetpack-slideshow_caption gallery-caption\">America&#8217;s Cup Building &#8216;Veles e Vents&#8217;, foto cedida por Christian Richters <\/figcaption><\/figure><\/li><li class=\"wp-block-jetpack-slideshow_slide swiper-slide\"><figure><img loading=\"lazy\" decoding=\"async\" width=\"1024\" height=\"680\" alt=\"\" class=\"wp-block-jetpack-slideshow_image wp-image-10568\" data-id=\"10568\" src=\"https:\/\/morarmais.com.br\/mms\/wp-content\/uploads\/2023\/03\/Americas-Cup-Building-Veles-e-Vents-foto-cedida-por-Christian-Richters-2-1024x680.jpeg\" srcset=\"https:\/\/morarmais.com.br\/mms\/wp-content\/uploads\/2023\/03\/Americas-Cup-Building-Veles-e-Vents-foto-cedida-por-Christian-Richters-2-1024x680.jpeg 1024w, https:\/\/morarmais.com.br\/mms\/wp-content\/uploads\/2023\/03\/Americas-Cup-Building-Veles-e-Vents-foto-cedida-por-Christian-Richters-2-300x199.jpeg 300w, https:\/\/morarmais.com.br\/mms\/wp-content\/uploads\/2023\/03\/Americas-Cup-Building-Veles-e-Vents-foto-cedida-por-Christian-Richters-2-768x510.jpeg 768w, https:\/\/morarmais.com.br\/mms\/wp-content\/uploads\/2023\/03\/Americas-Cup-Building-Veles-e-Vents-foto-cedida-por-Christian-Richters-2-1536x1021.jpeg 1536w, https:\/\/morarmais.com.br\/mms\/wp-content\/uploads\/2023\/03\/Americas-Cup-Building-Veles-e-Vents-foto-cedida-por-Christian-Richters-2-2048x1361.jpeg 2048w, https:\/\/morarmais.com.br\/mms\/wp-content\/uploads\/2023\/03\/Americas-Cup-Building-Veles-e-Vents-foto-cedida-por-Christian-Richters-2-350x233.jpeg 350w\" sizes=\"(max-width: 1024px) 100vw, 1024px\" \/><figcaption class=\"wp-block-jetpack-slideshow_caption gallery-caption\">America&#8217;s Cup Building &#8216;Veles e Vents&#8217;, foto cedida por Christian Richters <\/figcaption><\/figure><\/li><li class=\"wp-block-jetpack-slideshow_slide swiper-slide\"><figure><img loading=\"lazy\" decoding=\"async\" width=\"1024\" height=\"690\" alt=\"\" class=\"wp-block-jetpack-slideshow_image wp-image-10570\" data-id=\"10570\" src=\"https:\/\/morarmais.com.br\/mms\/wp-content\/uploads\/2023\/03\/Capela-do-Cemite\u0301rio-de-Inagawa-e-Centro-de-Visitantes-foto-cedida-por-Keiko-Sasaoka-2-1024x690.jpeg\" srcset=\"https:\/\/morarmais.com.br\/mms\/wp-content\/uploads\/2023\/03\/Capela-do-Cemite\u0301rio-de-Inagawa-e-Centro-de-Visitantes-foto-cedida-por-Keiko-Sasaoka-2-1024x690.jpeg 1024w, https:\/\/morarmais.com.br\/mms\/wp-content\/uploads\/2023\/03\/Capela-do-Cemite\u0301rio-de-Inagawa-e-Centro-de-Visitantes-foto-cedida-por-Keiko-Sasaoka-2-300x202.jpeg 300w, https:\/\/morarmais.com.br\/mms\/wp-content\/uploads\/2023\/03\/Capela-do-Cemite\u0301rio-de-Inagawa-e-Centro-de-Visitantes-foto-cedida-por-Keiko-Sasaoka-2-768x518.jpeg 768w, https:\/\/morarmais.com.br\/mms\/wp-content\/uploads\/2023\/03\/Capela-do-Cemite\u0301rio-de-Inagawa-e-Centro-de-Visitantes-foto-cedida-por-Keiko-Sasaoka-2-1536x1035.jpeg 1536w, https:\/\/morarmais.com.br\/mms\/wp-content\/uploads\/2023\/03\/Capela-do-Cemite\u0301rio-de-Inagawa-e-Centro-de-Visitantes-foto-cedida-por-Keiko-Sasaoka-2-2048x1380.jpeg 2048w, https:\/\/morarmais.com.br\/mms\/wp-content\/uploads\/2023\/03\/Capela-do-Cemite\u0301rio-de-Inagawa-e-Centro-de-Visitantes-foto-cedida-por-Keiko-Sasaoka-2-350x236.jpeg 350w\" sizes=\"(max-width: 1024px) 100vw, 1024px\" \/><figcaption class=\"wp-block-jetpack-slideshow_caption gallery-caption\">Capela do Cemite\u0301rio de Inagawa e Centro de Visitantes, foto cedida por Keiko Sasaoka <\/figcaption><\/figure><\/li><li class=\"wp-block-jetpack-slideshow_slide swiper-slide\"><figure><img loading=\"lazy\" decoding=\"async\" width=\"1024\" height=\"683\" alt=\"\" class=\"wp-block-jetpack-slideshow_image wp-image-10571\" data-id=\"10571\" src=\"https:\/\/morarmais.com.br\/mms\/wp-content\/uploads\/2023\/03\/O-Hepworth-Wakefield-foto-cedida-por-Iwan-Baan-1-1-1024x683.jpeg\" srcset=\"https:\/\/morarmais.com.br\/mms\/wp-content\/uploads\/2023\/03\/O-Hepworth-Wakefield-foto-cedida-por-Iwan-Baan-1-1-1024x683.jpeg 1024w, https:\/\/morarmais.com.br\/mms\/wp-content\/uploads\/2023\/03\/O-Hepworth-Wakefield-foto-cedida-por-Iwan-Baan-1-1-300x200.jpeg 300w, https:\/\/morarmais.com.br\/mms\/wp-content\/uploads\/2023\/03\/O-Hepworth-Wakefield-foto-cedida-por-Iwan-Baan-1-1-768x512.jpeg 768w, https:\/\/morarmais.com.br\/mms\/wp-content\/uploads\/2023\/03\/O-Hepworth-Wakefield-foto-cedida-por-Iwan-Baan-1-1-1536x1024.jpeg 1536w, https:\/\/morarmais.com.br\/mms\/wp-content\/uploads\/2023\/03\/O-Hepworth-Wakefield-foto-cedida-por-Iwan-Baan-1-1-2048x1365.jpeg 2048w, https:\/\/morarmais.com.br\/mms\/wp-content\/uploads\/2023\/03\/O-Hepworth-Wakefield-foto-cedida-por-Iwan-Baan-1-1-1200x800.jpeg 1200w, https:\/\/morarmais.com.br\/mms\/wp-content\/uploads\/2023\/03\/O-Hepworth-Wakefield-foto-cedida-por-Iwan-Baan-1-1-930x620.jpeg 930w, https:\/\/morarmais.com.br\/mms\/wp-content\/uploads\/2023\/03\/O-Hepworth-Wakefield-foto-cedida-por-Iwan-Baan-1-1-350x233.jpeg 350w\" sizes=\"(max-width: 1024px) 100vw, 1024px\" \/><figcaption class=\"wp-block-jetpack-slideshow_caption gallery-caption\">O Hepworth Wakefield, foto cedida por Iwan Baan <\/figcaption><\/figure><\/li><li class=\"wp-block-jetpack-slideshow_slide swiper-slide\"><figure><img loading=\"lazy\" decoding=\"async\" width=\"1024\" height=\"575\" alt=\"Pr\u00eamio Pritzker 2023\" class=\"wp-block-jetpack-slideshow_image wp-image-10572\" data-id=\"10572\" src=\"https:\/\/morarmais.com.br\/mms\/wp-content\/uploads\/2023\/03\/O-Museu-Neues-cortesia-de-SPK-David-Chipperfield-Architects-foto-Joerg-von-Bruchhausen--1024x575.jpeg\" srcset=\"https:\/\/morarmais.com.br\/mms\/wp-content\/uploads\/2023\/03\/O-Museu-Neues-cortesia-de-SPK-David-Chipperfield-Architects-foto-Joerg-von-Bruchhausen--1024x575.jpeg 1024w, https:\/\/morarmais.com.br\/mms\/wp-content\/uploads\/2023\/03\/O-Museu-Neues-cortesia-de-SPK-David-Chipperfield-Architects-foto-Joerg-von-Bruchhausen--300x169.jpeg 300w, https:\/\/morarmais.com.br\/mms\/wp-content\/uploads\/2023\/03\/O-Museu-Neues-cortesia-de-SPK-David-Chipperfield-Architects-foto-Joerg-von-Bruchhausen--768x431.jpeg 768w, https:\/\/morarmais.com.br\/mms\/wp-content\/uploads\/2023\/03\/O-Museu-Neues-cortesia-de-SPK-David-Chipperfield-Architects-foto-Joerg-von-Bruchhausen--1536x863.jpeg 1536w, https:\/\/morarmais.com.br\/mms\/wp-content\/uploads\/2023\/03\/O-Museu-Neues-cortesia-de-SPK-David-Chipperfield-Architects-foto-Joerg-von-Bruchhausen--2048x1150.jpeg 2048w, https:\/\/morarmais.com.br\/mms\/wp-content\/uploads\/2023\/03\/O-Museu-Neues-cortesia-de-SPK-David-Chipperfield-Architects-foto-Joerg-von-Bruchhausen--350x197.jpeg 350w\" sizes=\"(max-width: 1024px) 100vw, 1024px\" \/><figcaption class=\"wp-block-jetpack-slideshow_caption gallery-caption\">O Museu Neues, cortesia de SPK \/ David Chipperfield Architects, foto Joerg von Bruchhausen <\/figcaption><\/figure><\/li><li class=\"wp-block-jetpack-slideshow_slide swiper-slide\"><figure><img loading=\"lazy\" decoding=\"async\" width=\"683\" height=\"1024\" alt=\"\" class=\"wp-block-jetpack-slideshow_image wp-image-10573\" data-id=\"10573\" src=\"https:\/\/morarmais.com.br\/mms\/wp-content\/uploads\/2023\/03\/Procuratie-Vecchie-foto-cedida-por-Alessandra-Chemollo--683x1024.jpeg\" srcset=\"https:\/\/morarmais.com.br\/mms\/wp-content\/uploads\/2023\/03\/Procuratie-Vecchie-foto-cedida-por-Alessandra-Chemollo--683x1024.jpeg 683w, https:\/\/morarmais.com.br\/mms\/wp-content\/uploads\/2023\/03\/Procuratie-Vecchie-foto-cedida-por-Alessandra-Chemollo--200x300.jpeg 200w, https:\/\/morarmais.com.br\/mms\/wp-content\/uploads\/2023\/03\/Procuratie-Vecchie-foto-cedida-por-Alessandra-Chemollo--768x1152.jpeg 768w, https:\/\/morarmais.com.br\/mms\/wp-content\/uploads\/2023\/03\/Procuratie-Vecchie-foto-cedida-por-Alessandra-Chemollo--1024x1536.jpeg 1024w, https:\/\/morarmais.com.br\/mms\/wp-content\/uploads\/2023\/03\/Procuratie-Vecchie-foto-cedida-por-Alessandra-Chemollo--1365x2048.jpeg 1365w, https:\/\/morarmais.com.br\/mms\/wp-content\/uploads\/2023\/03\/Procuratie-Vecchie-foto-cedida-por-Alessandra-Chemollo--600x900.jpeg 600w, https:\/\/morarmais.com.br\/mms\/wp-content\/uploads\/2023\/03\/Procuratie-Vecchie-foto-cedida-por-Alessandra-Chemollo--350x525.jpeg 350w, https:\/\/morarmais.com.br\/mms\/wp-content\/uploads\/2023\/03\/Procuratie-Vecchie-foto-cedida-por-Alessandra-Chemollo--scaled.jpeg 1707w\" sizes=\"(max-width: 683px) 100vw, 683px\" \/><figcaption class=\"wp-block-jetpack-slideshow_caption gallery-caption\">Procuratie Vecchie, foto cedida por Alessandra Chemollo <\/figcaption><\/figure><\/li><li class=\"wp-block-jetpack-slideshow_slide swiper-slide\"><figure><img loading=\"lazy\" decoding=\"async\" width=\"1024\" height=\"683\" alt=\"Pr\u00eamio Pritzker 2023\" class=\"wp-block-jetpack-slideshow_image wp-image-10574\" data-id=\"10574\" src=\"https:\/\/morarmais.com.br\/mms\/wp-content\/uploads\/2023\/03\/Procuratie-Vecchie-foto-cedida-por-Alessandra-Chemollo-2-1024x683.jpeg\" srcset=\"https:\/\/morarmais.com.br\/mms\/wp-content\/uploads\/2023\/03\/Procuratie-Vecchie-foto-cedida-por-Alessandra-Chemollo-2-1024x683.jpeg 1024w, https:\/\/morarmais.com.br\/mms\/wp-content\/uploads\/2023\/03\/Procuratie-Vecchie-foto-cedida-por-Alessandra-Chemollo-2-300x200.jpeg 300w, https:\/\/morarmais.com.br\/mms\/wp-content\/uploads\/2023\/03\/Procuratie-Vecchie-foto-cedida-por-Alessandra-Chemollo-2-768x512.jpeg 768w, https:\/\/morarmais.com.br\/mms\/wp-content\/uploads\/2023\/03\/Procuratie-Vecchie-foto-cedida-por-Alessandra-Chemollo-2-1536x1024.jpeg 1536w, https:\/\/morarmais.com.br\/mms\/wp-content\/uploads\/2023\/03\/Procuratie-Vecchie-foto-cedida-por-Alessandra-Chemollo-2-2048x1365.jpeg 2048w, https:\/\/morarmais.com.br\/mms\/wp-content\/uploads\/2023\/03\/Procuratie-Vecchie-foto-cedida-por-Alessandra-Chemollo-2-1200x800.jpeg 1200w, https:\/\/morarmais.com.br\/mms\/wp-content\/uploads\/2023\/03\/Procuratie-Vecchie-foto-cedida-por-Alessandra-Chemollo-2-930x620.jpeg 930w, https:\/\/morarmais.com.br\/mms\/wp-content\/uploads\/2023\/03\/Procuratie-Vecchie-foto-cedida-por-Alessandra-Chemollo-2-350x233.jpeg 350w\" sizes=\"(max-width: 1024px) 100vw, 1024px\" \/><figcaption class=\"wp-block-jetpack-slideshow_caption gallery-caption\">Procuratie Vecchie, foto cedida por Alessandra Chemollo <\/figcaption><\/figure><\/li><li class=\"wp-block-jetpack-slideshow_slide swiper-slide\"><figure><img loading=\"lazy\" decoding=\"async\" width=\"1024\" height=\"785\" alt=\"\" class=\"wp-block-jetpack-slideshow_image wp-image-10575\" data-id=\"10575\" src=\"https:\/\/morarmais.com.br\/mms\/wp-content\/uploads\/2023\/03\/River-and-Rowing-Museum-foto-cedida-por-Richard-Bryant-Arcaid--1024x785.jpeg\" srcset=\"https:\/\/morarmais.com.br\/mms\/wp-content\/uploads\/2023\/03\/River-and-Rowing-Museum-foto-cedida-por-Richard-Bryant-Arcaid--1024x785.jpeg 1024w, https:\/\/morarmais.com.br\/mms\/wp-content\/uploads\/2023\/03\/River-and-Rowing-Museum-foto-cedida-por-Richard-Bryant-Arcaid--300x230.jpeg 300w, https:\/\/morarmais.com.br\/mms\/wp-content\/uploads\/2023\/03\/River-and-Rowing-Museum-foto-cedida-por-Richard-Bryant-Arcaid--768x588.jpeg 768w, https:\/\/morarmais.com.br\/mms\/wp-content\/uploads\/2023\/03\/River-and-Rowing-Museum-foto-cedida-por-Richard-Bryant-Arcaid--1536x1177.jpeg 1536w, https:\/\/morarmais.com.br\/mms\/wp-content\/uploads\/2023\/03\/River-and-Rowing-Museum-foto-cedida-por-Richard-Bryant-Arcaid--2048x1569.jpeg 2048w, https:\/\/morarmais.com.br\/mms\/wp-content\/uploads\/2023\/03\/River-and-Rowing-Museum-foto-cedida-por-Richard-Bryant-Arcaid--350x268.jpeg 350w\" sizes=\"(max-width: 1024px) 100vw, 1024px\" \/><figcaption class=\"wp-block-jetpack-slideshow_caption gallery-caption\">River and Rowing Museum, foto cedida por Richard Bryant \/ Arcaid <\/figcaption><\/figure><\/li><li class=\"wp-block-jetpack-slideshow_slide swiper-slide\"><figure><img loading=\"lazy\" decoding=\"async\" width=\"811\" height=\"1024\" alt=\"Pr\u00eamio Pritzker 2023\" class=\"wp-block-jetpack-slideshow_image wp-image-10576\" data-id=\"10576\" src=\"https:\/\/morarmais.com.br\/mms\/wp-content\/uploads\/2023\/03\/River-and-Rowing-Museum-foto-cedida-por-Richard-Bryant-Arcaid-2-811x1024.jpeg\" srcset=\"https:\/\/morarmais.com.br\/mms\/wp-content\/uploads\/2023\/03\/River-and-Rowing-Museum-foto-cedida-por-Richard-Bryant-Arcaid-2-811x1024.jpeg 811w, https:\/\/morarmais.com.br\/mms\/wp-content\/uploads\/2023\/03\/River-and-Rowing-Museum-foto-cedida-por-Richard-Bryant-Arcaid-2-238x300.jpeg 238w, https:\/\/morarmais.com.br\/mms\/wp-content\/uploads\/2023\/03\/River-and-Rowing-Museum-foto-cedida-por-Richard-Bryant-Arcaid-2-768x970.jpeg 768w, https:\/\/morarmais.com.br\/mms\/wp-content\/uploads\/2023\/03\/River-and-Rowing-Museum-foto-cedida-por-Richard-Bryant-Arcaid-2-1217x1536.jpeg 1217w, https:\/\/morarmais.com.br\/mms\/wp-content\/uploads\/2023\/03\/River-and-Rowing-Museum-foto-cedida-por-Richard-Bryant-Arcaid-2-1622x2048.jpeg 1622w, https:\/\/morarmais.com.br\/mms\/wp-content\/uploads\/2023\/03\/River-and-Rowing-Museum-foto-cedida-por-Richard-Bryant-Arcaid-2-350x442.jpeg 350w, https:\/\/morarmais.com.br\/mms\/wp-content\/uploads\/2023\/03\/River-and-Rowing-Museum-foto-cedida-por-Richard-Bryant-Arcaid-2-scaled.jpeg 2028w\" sizes=\"(max-width: 811px) 100vw, 811px\" \/><figcaption class=\"wp-block-jetpack-slideshow_caption gallery-caption\">River and Rowing Museum, foto cedida por Richard Bryant \/ Arcaid <\/figcaption><\/figure><\/li><li class=\"wp-block-jetpack-slideshow_slide swiper-slide\"><figure><img loading=\"lazy\" decoding=\"async\" width=\"1024\" height=\"803\" alt=\"\" class=\"wp-block-jetpack-slideshow_image wp-image-10577\" data-id=\"10577\" src=\"https:\/\/morarmais.com.br\/mms\/wp-content\/uploads\/2023\/03\/Royal-Academy-of-Arts-Masterplan-foto-cortesia-de-The-Royal-Academy-of-Arts--1024x803.jpeg\" srcset=\"https:\/\/morarmais.com.br\/mms\/wp-content\/uploads\/2023\/03\/Royal-Academy-of-Arts-Masterplan-foto-cortesia-de-The-Royal-Academy-of-Arts--1024x803.jpeg 1024w, https:\/\/morarmais.com.br\/mms\/wp-content\/uploads\/2023\/03\/Royal-Academy-of-Arts-Masterplan-foto-cortesia-de-The-Royal-Academy-of-Arts--300x235.jpeg 300w, https:\/\/morarmais.com.br\/mms\/wp-content\/uploads\/2023\/03\/Royal-Academy-of-Arts-Masterplan-foto-cortesia-de-The-Royal-Academy-of-Arts--768x602.jpeg 768w, https:\/\/morarmais.com.br\/mms\/wp-content\/uploads\/2023\/03\/Royal-Academy-of-Arts-Masterplan-foto-cortesia-de-The-Royal-Academy-of-Arts--1536x1205.jpeg 1536w, https:\/\/morarmais.com.br\/mms\/wp-content\/uploads\/2023\/03\/Royal-Academy-of-Arts-Masterplan-foto-cortesia-de-The-Royal-Academy-of-Arts--2048x1606.jpeg 2048w, https:\/\/morarmais.com.br\/mms\/wp-content\/uploads\/2023\/03\/Royal-Academy-of-Arts-Masterplan-foto-cortesia-de-The-Royal-Academy-of-Arts--350x275.jpeg 350w\" sizes=\"(max-width: 1024px) 100vw, 1024px\" \/><figcaption class=\"wp-block-jetpack-slideshow_caption gallery-caption\">Royal Academy of Arts Masterplan, foto cortesia de The Royal Academy of Arts <\/figcaption><\/figure><\/li><li class=\"wp-block-jetpack-slideshow_slide swiper-slide\"><figure><img loading=\"lazy\" decoding=\"async\" width=\"803\" height=\"1024\" alt=\"Pr\u00eamio Pritzker 2023\" class=\"wp-block-jetpack-slideshow_image wp-image-10578\" data-id=\"10578\" src=\"https:\/\/morarmais.com.br\/mms\/wp-content\/uploads\/2023\/03\/Royal-Academy-of-Arts-Masterplan-foto-cortesia-de-The-Royal-Academy-of-Arts-2-803x1024.jpeg\" srcset=\"https:\/\/morarmais.com.br\/mms\/wp-content\/uploads\/2023\/03\/Royal-Academy-of-Arts-Masterplan-foto-cortesia-de-The-Royal-Academy-of-Arts-2-803x1024.jpeg 803w, https:\/\/morarmais.com.br\/mms\/wp-content\/uploads\/2023\/03\/Royal-Academy-of-Arts-Masterplan-foto-cortesia-de-The-Royal-Academy-of-Arts-2-235x300.jpeg 235w, https:\/\/morarmais.com.br\/mms\/wp-content\/uploads\/2023\/03\/Royal-Academy-of-Arts-Masterplan-foto-cortesia-de-The-Royal-Academy-of-Arts-2-768x979.jpeg 768w, https:\/\/morarmais.com.br\/mms\/wp-content\/uploads\/2023\/03\/Royal-Academy-of-Arts-Masterplan-foto-cortesia-de-The-Royal-Academy-of-Arts-2-1205x1536.jpeg 1205w, https:\/\/morarmais.com.br\/mms\/wp-content\/uploads\/2023\/03\/Royal-Academy-of-Arts-Masterplan-foto-cortesia-de-The-Royal-Academy-of-Arts-2-1606x2048.jpeg 1606w, https:\/\/morarmais.com.br\/mms\/wp-content\/uploads\/2023\/03\/Royal-Academy-of-Arts-Masterplan-foto-cortesia-de-The-Royal-Academy-of-Arts-2-350x446.jpeg 350w, https:\/\/morarmais.com.br\/mms\/wp-content\/uploads\/2023\/03\/Royal-Academy-of-Arts-Masterplan-foto-cortesia-de-The-Royal-Academy-of-Arts-2-scaled.jpeg 2008w\" sizes=\"(max-width: 803px) 100vw, 803px\" \/><figcaption class=\"wp-block-jetpack-slideshow_caption gallery-caption\">Royal Academy of Arts Masterplan, foto cortesia de The Royal Academy of Arts <\/figcaption><\/figure><\/li><li class=\"wp-block-jetpack-slideshow_slide swiper-slide\"><figure><img loading=\"lazy\" decoding=\"async\" width=\"1024\" height=\"718\" alt=\"\" class=\"wp-block-jetpack-slideshow_image wp-image-10579\" data-id=\"10579\" src=\"https:\/\/morarmais.com.br\/mms\/wp-content\/uploads\/2023\/03\/Sede-da-Amorepacific-foto-cortesia-de-Noshe--1024x718.jpeg\" srcset=\"https:\/\/morarmais.com.br\/mms\/wp-content\/uploads\/2023\/03\/Sede-da-Amorepacific-foto-cortesia-de-Noshe--1024x718.jpeg 1024w, https:\/\/morarmais.com.br\/mms\/wp-content\/uploads\/2023\/03\/Sede-da-Amorepacific-foto-cortesia-de-Noshe--300x210.jpeg 300w, https:\/\/morarmais.com.br\/mms\/wp-content\/uploads\/2023\/03\/Sede-da-Amorepacific-foto-cortesia-de-Noshe--768x539.jpeg 768w, https:\/\/morarmais.com.br\/mms\/wp-content\/uploads\/2023\/03\/Sede-da-Amorepacific-foto-cortesia-de-Noshe--1536x1077.jpeg 1536w, https:\/\/morarmais.com.br\/mms\/wp-content\/uploads\/2023\/03\/Sede-da-Amorepacific-foto-cortesia-de-Noshe--2048x1437.jpeg 2048w, https:\/\/morarmais.com.br\/mms\/wp-content\/uploads\/2023\/03\/Sede-da-Amorepacific-foto-cortesia-de-Noshe--350x246.jpeg 350w\" sizes=\"(max-width: 1024px) 100vw, 1024px\" \/><figcaption class=\"wp-block-jetpack-slideshow_caption gallery-caption\">Sede da Amorepacific, foto cortesia de Noshe <\/figcaption><\/figure><\/li><li class=\"wp-block-jetpack-slideshow_slide swiper-slide\"><figure><img loading=\"lazy\" decoding=\"async\" width=\"759\" height=\"1024\" alt=\"Pr\u00eamio Pritzker 2023\" class=\"wp-block-jetpack-slideshow_image wp-image-10581\" data-id=\"10581\" src=\"https:\/\/morarmais.com.br\/mms\/wp-content\/uploads\/2023\/03\/Sede-da-Amorepacific-foto-cortesia-de-Noshe-3-759x1024.jpeg\" srcset=\"https:\/\/morarmais.com.br\/mms\/wp-content\/uploads\/2023\/03\/Sede-da-Amorepacific-foto-cortesia-de-Noshe-3-759x1024.jpeg 759w, https:\/\/morarmais.com.br\/mms\/wp-content\/uploads\/2023\/03\/Sede-da-Amorepacific-foto-cortesia-de-Noshe-3-222x300.jpeg 222w, https:\/\/morarmais.com.br\/mms\/wp-content\/uploads\/2023\/03\/Sede-da-Amorepacific-foto-cortesia-de-Noshe-3-768x1037.jpeg 768w, https:\/\/morarmais.com.br\/mms\/wp-content\/uploads\/2023\/03\/Sede-da-Amorepacific-foto-cortesia-de-Noshe-3-1138x1536.jpeg 1138w, https:\/\/morarmais.com.br\/mms\/wp-content\/uploads\/2023\/03\/Sede-da-Amorepacific-foto-cortesia-de-Noshe-3-1517x2048.jpeg 1517w, https:\/\/morarmais.com.br\/mms\/wp-content\/uploads\/2023\/03\/Sede-da-Amorepacific-foto-cortesia-de-Noshe-3-350x473.jpeg 350w, https:\/\/morarmais.com.br\/mms\/wp-content\/uploads\/2023\/03\/Sede-da-Amorepacific-foto-cortesia-de-Noshe-3-scaled.jpeg 1896w\" sizes=\"(max-width: 759px) 100vw, 759px\" \/><figcaption class=\"wp-block-jetpack-slideshow_caption gallery-caption\">Sede da Amorepacific, foto cortesia de Noshe <\/figcaption><\/figure><\/li><li class=\"wp-block-jetpack-slideshow_slide swiper-slide\"><figure><img loading=\"lazy\" decoding=\"async\" width=\"1024\" height=\"769\" alt=\"\" class=\"wp-block-jetpack-slideshow_image wp-image-10582\" data-id=\"10582\" src=\"https:\/\/morarmais.com.br\/mms\/wp-content\/uploads\/2023\/03\/Sede-da-BBC-na-Esco\u0301cia-foto-cortesia-de-Christian-Richters--1024x769.jpeg\" srcset=\"https:\/\/morarmais.com.br\/mms\/wp-content\/uploads\/2023\/03\/Sede-da-BBC-na-Esco\u0301cia-foto-cortesia-de-Christian-Richters--1024x769.jpeg 1024w, https:\/\/morarmais.com.br\/mms\/wp-content\/uploads\/2023\/03\/Sede-da-BBC-na-Esco\u0301cia-foto-cortesia-de-Christian-Richters--300x225.jpeg 300w, https:\/\/morarmais.com.br\/mms\/wp-content\/uploads\/2023\/03\/Sede-da-BBC-na-Esco\u0301cia-foto-cortesia-de-Christian-Richters--768x577.jpeg 768w, https:\/\/morarmais.com.br\/mms\/wp-content\/uploads\/2023\/03\/Sede-da-BBC-na-Esco\u0301cia-foto-cortesia-de-Christian-Richters--1536x1153.jpeg 1536w, https:\/\/morarmais.com.br\/mms\/wp-content\/uploads\/2023\/03\/Sede-da-BBC-na-Esco\u0301cia-foto-cortesia-de-Christian-Richters--2048x1538.jpeg 2048w, https:\/\/morarmais.com.br\/mms\/wp-content\/uploads\/2023\/03\/Sede-da-BBC-na-Esco\u0301cia-foto-cortesia-de-Christian-Richters--350x263.jpeg 350w\" sizes=\"(max-width: 1024px) 100vw, 1024px\" \/><figcaption class=\"wp-block-jetpack-slideshow_caption gallery-caption\">Sede da BBC na Esco\u0301cia, foto cortesia de Christian Richters <\/figcaption><\/figure><\/li><li class=\"wp-block-jetpack-slideshow_slide swiper-slide\"><figure><img loading=\"lazy\" decoding=\"async\" width=\"683\" height=\"1024\" alt=\"Pr\u00eamio Pritzker 2023\" class=\"wp-block-jetpack-slideshow_image wp-image-10583\" data-id=\"10583\" src=\"https:\/\/morarmais.com.br\/mms\/wp-content\/uploads\/2023\/03\/Sede-da-BBC-na-Esco\u0301cia-foto-cortesia-de-Christian-Richters-2-683x1024.jpeg\" srcset=\"https:\/\/morarmais.com.br\/mms\/wp-content\/uploads\/2023\/03\/Sede-da-BBC-na-Esco\u0301cia-foto-cortesia-de-Christian-Richters-2-683x1024.jpeg 683w, https:\/\/morarmais.com.br\/mms\/wp-content\/uploads\/2023\/03\/Sede-da-BBC-na-Esco\u0301cia-foto-cortesia-de-Christian-Richters-2-200x300.jpeg 200w, https:\/\/morarmais.com.br\/mms\/wp-content\/uploads\/2023\/03\/Sede-da-BBC-na-Esco\u0301cia-foto-cortesia-de-Christian-Richters-2-768x1152.jpeg 768w, https:\/\/morarmais.com.br\/mms\/wp-content\/uploads\/2023\/03\/Sede-da-BBC-na-Esco\u0301cia-foto-cortesia-de-Christian-Richters-2-1024x1536.jpeg 1024w, https:\/\/morarmais.com.br\/mms\/wp-content\/uploads\/2023\/03\/Sede-da-BBC-na-Esco\u0301cia-foto-cortesia-de-Christian-Richters-2-1365x2048.jpeg 1365w, https:\/\/morarmais.com.br\/mms\/wp-content\/uploads\/2023\/03\/Sede-da-BBC-na-Esco\u0301cia-foto-cortesia-de-Christian-Richters-2-600x900.jpeg 600w, https:\/\/morarmais.com.br\/mms\/wp-content\/uploads\/2023\/03\/Sede-da-BBC-na-Esco\u0301cia-foto-cortesia-de-Christian-Richters-2-350x525.jpeg 350w, https:\/\/morarmais.com.br\/mms\/wp-content\/uploads\/2023\/03\/Sede-da-BBC-na-Esco\u0301cia-foto-cortesia-de-Christian-Richters-2-scaled.jpeg 1707w\" sizes=\"(max-width: 683px) 100vw, 683px\" \/><figcaption class=\"wp-block-jetpack-slideshow_caption gallery-caption\">Sede da BBC na Esco\u0301cia, foto cortesia de Christian Richters <\/figcaption><\/figure><\/li><li class=\"wp-block-jetpack-slideshow_slide swiper-slide\"><figure><img loading=\"lazy\" decoding=\"async\" width=\"683\" height=\"1024\" alt=\"\" class=\"wp-block-jetpack-slideshow_image wp-image-10584\" data-id=\"10584\" src=\"https:\/\/morarmais.com.br\/mms\/wp-content\/uploads\/2023\/03\/The-Neues-Museum-foto-cortesia-de-SMB-Ute-Zscharnt-para-David-Chipperfield-Architects-2-683x1024.jpeg\" srcset=\"https:\/\/morarmais.com.br\/mms\/wp-content\/uploads\/2023\/03\/The-Neues-Museum-foto-cortesia-de-SMB-Ute-Zscharnt-para-David-Chipperfield-Architects-2-683x1024.jpeg 683w, https:\/\/morarmais.com.br\/mms\/wp-content\/uploads\/2023\/03\/The-Neues-Museum-foto-cortesia-de-SMB-Ute-Zscharnt-para-David-Chipperfield-Architects-2-200x300.jpeg 200w, https:\/\/morarmais.com.br\/mms\/wp-content\/uploads\/2023\/03\/The-Neues-Museum-foto-cortesia-de-SMB-Ute-Zscharnt-para-David-Chipperfield-Architects-2-768x1152.jpeg 768w, https:\/\/morarmais.com.br\/mms\/wp-content\/uploads\/2023\/03\/The-Neues-Museum-foto-cortesia-de-SMB-Ute-Zscharnt-para-David-Chipperfield-Architects-2-1024x1536.jpeg 1024w, https:\/\/morarmais.com.br\/mms\/wp-content\/uploads\/2023\/03\/The-Neues-Museum-foto-cortesia-de-SMB-Ute-Zscharnt-para-David-Chipperfield-Architects-2-1365x2048.jpeg 1365w, https:\/\/morarmais.com.br\/mms\/wp-content\/uploads\/2023\/03\/The-Neues-Museum-foto-cortesia-de-SMB-Ute-Zscharnt-para-David-Chipperfield-Architects-2-600x900.jpeg 600w, https:\/\/morarmais.com.br\/mms\/wp-content\/uploads\/2023\/03\/The-Neues-Museum-foto-cortesia-de-SMB-Ute-Zscharnt-para-David-Chipperfield-Architects-2-350x525.jpeg 350w, https:\/\/morarmais.com.br\/mms\/wp-content\/uploads\/2023\/03\/The-Neues-Museum-foto-cortesia-de-SMB-Ute-Zscharnt-para-David-Chipperfield-Architects-2-scaled.jpeg 1707w\" sizes=\"(max-width: 683px) 100vw, 683px\" \/><figcaption class=\"wp-block-jetpack-slideshow_caption gallery-caption\">The Neues Museum, foto cortesia de SMB \/ Ute Zscharnt para David Chipperfield Architects 2<\/figcaption><\/figure><\/li><li class=\"wp-block-jetpack-slideshow_slide swiper-slide\"><figure><img loading=\"lazy\" decoding=\"async\" width=\"1024\" height=\"788\" alt=\"Pr\u00eamio Pritzker 2023\" class=\"wp-block-jetpack-slideshow_image wp-image-10585\" data-id=\"10585\" src=\"https:\/\/morarmais.com.br\/mms\/wp-content\/uploads\/2023\/03\/Turner-Contemporary-foto-cortesia-de-Simon-Menges--1024x788.jpeg\" srcset=\"https:\/\/morarmais.com.br\/mms\/wp-content\/uploads\/2023\/03\/Turner-Contemporary-foto-cortesia-de-Simon-Menges--1024x788.jpeg 1024w, https:\/\/morarmais.com.br\/mms\/wp-content\/uploads\/2023\/03\/Turner-Contemporary-foto-cortesia-de-Simon-Menges--300x231.jpeg 300w, https:\/\/morarmais.com.br\/mms\/wp-content\/uploads\/2023\/03\/Turner-Contemporary-foto-cortesia-de-Simon-Menges--768x591.jpeg 768w, https:\/\/morarmais.com.br\/mms\/wp-content\/uploads\/2023\/03\/Turner-Contemporary-foto-cortesia-de-Simon-Menges--1536x1182.jpeg 1536w, https:\/\/morarmais.com.br\/mms\/wp-content\/uploads\/2023\/03\/Turner-Contemporary-foto-cortesia-de-Simon-Menges--2048x1575.jpeg 2048w, https:\/\/morarmais.com.br\/mms\/wp-content\/uploads\/2023\/03\/Turner-Contemporary-foto-cortesia-de-Simon-Menges--350x269.jpeg 350w\" sizes=\"(max-width: 1024px) 100vw, 1024px\" \/><figcaption class=\"wp-block-jetpack-slideshow_caption gallery-caption\">Turner Contemporary, foto cortesia de Simon Menges <\/figcaption><\/figure><\/li><\/ul><a class=\"wp-block-jetpack-slideshow_button-prev swiper-button-prev swiper-button-white\" role=\"button\"><\/a><a class=\"wp-block-jetpack-slideshow_button-next swiper-button-next swiper-button-white\" role=\"button\"><\/a><a aria-label=\"Pause Slideshow\" class=\"wp-block-jetpack-slideshow_button-pause\" role=\"button\"><\/a><div class=\"wp-block-jetpack-slideshow_pagination swiper-pagination swiper-pagination-white\"><\/div><\/div><\/div>\n\n\n\n<p class=\" eplus-wrapper\">Texto: Ale Devecchi<\/p>\n","protected":false},"excerpt":{"rendered":"<p>Dois dos conceitos do Morar Mais s\u00e3o referenciados como o novo caminho no maior pr\u00eamio de Arquitetura do mundo. O\u00a0 Morar Mais por menos mais uma vez comprova ser vanguardista, o Pr\u00eamio Pritzker foi dado por dois conceitos bastante usados no nosso neg\u00f3cio: o &#8220;Mais por menos&#8221; e a &#8220;Sustentabilidade&#8221;. Confira a mat\u00e9ria publicada na&hellip;&nbsp;<a href=\"https:\/\/morarmais.com.br\/mms\/mais-por-menos-e-sustentabilidade-no-premio-pritzker-2023\/\" rel=\"bookmark\">Continue a ler &raquo;<span class=\"screen-reader-text\">Mais por menos e sustentabilidade no Pr\u00eamio Pritzker 2023!<\/span><\/a><\/p>\n","protected":false},"author":6,"featured_media":10580,"comment_status":"open","ping_status":"open","sticky":false,"template":"","format":"standard","meta":{"_eb_attr":"","editor_plus_copied_stylings":"{}","neve_meta_sidebar":"","neve_meta_container":"","neve_meta_enable_content_width":"","neve_meta_content_width":0,"neve_meta_title_alignment":"","neve_meta_author_avatar":"","neve_post_elements_order":"","neve_meta_disable_header":"","neve_meta_disable_footer":"","neve_meta_disable_title":"","_themeisle_gutenberg_block_has_review":false,"_vp_format_video_url":"","_vp_image_focal_point":[],"footnotes":""},"categories":[23,25,26,29,1],"tags":[],"class_list":["post-10560","post","type-post","status-publish","format-standard","has-post-thumbnail","hentry","category-home","category-mais-lidos","category-mais-por-menos","category-um-mundo-sustentavel","category-uncategorized"],"yoast_head":"<!-- This site is optimized with the Yoast SEO plugin v25.6 - https:\/\/yoast.com\/wordpress\/plugins\/seo\/ -->\n<title>Mais por menos e sustentabilidade no Pr\u00eamio Pritzker 2023! - Morar mais<\/title>\n<meta name=\"description\" content=\"O\u00a0 Morar Mais mais uma vez comprova ser vanguardista, o Pr\u00eamio Pritzker 2023 foi dado por dois conceitos bastante usados no nosso neg\u00f3cio.\" \/>\n<meta name=\"robots\" content=\"index, follow, max-snippet:-1, max-image-preview:large, max-video-preview:-1\" \/>\n<link rel=\"canonical\" href=\"https:\/\/morarmais.com.br\/mms\/mais-por-menos-e-sustentabilidade-no-premio-pritzker-2023\/\" \/>\n<meta property=\"og:locale\" content=\"pt_BR\" \/>\n<meta property=\"og:type\" content=\"article\" \/>\n<meta property=\"og:title\" content=\"Mais por menos e sustentabilidade no Pr\u00eamio Pritzker 2023! - Morar mais\" \/>\n<meta property=\"og:description\" content=\"O\u00a0 Morar Mais mais uma vez comprova ser vanguardista, o Pr\u00eamio Pritzker 2023 foi dado por dois conceitos bastante usados no nosso neg\u00f3cio.\" \/>\n<meta property=\"og:url\" content=\"https:\/\/morarmais.com.br\/mms\/mais-por-menos-e-sustentabilidade-no-premio-pritzker-2023\/\" \/>\n<meta property=\"og:site_name\" content=\"Morar mais\" \/>\n<meta property=\"article:publisher\" content=\"https:\/\/www.facebook.com\/morarmais\" \/>\n<meta property=\"article:published_time\" content=\"2023-03-21T14:26:32+00:00\" \/>\n<meta property=\"article:modified_time\" content=\"2023-03-21T14:29:34+00:00\" \/>\n<meta property=\"og:image\" content=\"https:\/\/morarmais.com.br\/mms\/wp-content\/uploads\/2023\/03\/Sede-da-Amorepacific-foto-cortesia-de-Noshe-2-scaled.jpeg\" \/>\n\t<meta property=\"og:image:width\" content=\"2560\" \/>\n\t<meta property=\"og:image:height\" content=\"1701\" \/>\n\t<meta property=\"og:image:type\" content=\"image\/jpeg\" \/>\n<meta name=\"author\" content=\"Ale Devecchi\" \/>\n<meta name=\"twitter:card\" content=\"summary_large_image\" \/>\n<meta name=\"twitter:label1\" content=\"Escrito por\" \/>\n\t<meta name=\"twitter:data1\" content=\"Ale Devecchi\" \/>\n\t<meta name=\"twitter:label2\" content=\"Est. tempo de leitura\" \/>\n\t<meta name=\"twitter:data2\" content=\"8 minutos\" \/>\n<script type=\"application\/ld+json\" class=\"yoast-schema-graph\">{\"@context\":\"https:\/\/schema.org\",\"@graph\":[{\"@type\":\"Article\",\"@id\":\"https:\/\/morarmais.com.br\/mms\/mais-por-menos-e-sustentabilidade-no-premio-pritzker-2023\/#article\",\"isPartOf\":{\"@id\":\"https:\/\/morarmais.com.br\/mms\/mais-por-menos-e-sustentabilidade-no-premio-pritzker-2023\/\"},\"author\":{\"name\":\"Ale Devecchi\",\"@id\":\"https:\/\/morarmais.com.br\/mms\/#\/schema\/person\/67dda048cb1edaf0c66d3a7787857c2a\"},\"headline\":\"Mais por menos e sustentabilidade no Pr\u00eamio Pritzker 2023!\",\"datePublished\":\"2023-03-21T14:26:32+00:00\",\"dateModified\":\"2023-03-21T14:29:34+00:00\",\"mainEntityOfPage\":{\"@id\":\"https:\/\/morarmais.com.br\/mms\/mais-por-menos-e-sustentabilidade-no-premio-pritzker-2023\/\"},\"wordCount\":670,\"commentCount\":0,\"publisher\":{\"@id\":\"https:\/\/morarmais.com.br\/mms\/#organization\"},\"image\":{\"@id\":\"https:\/\/morarmais.com.br\/mms\/mais-por-menos-e-sustentabilidade-no-premio-pritzker-2023\/#primaryimage\"},\"thumbnailUrl\":\"https:\/\/morarmais.com.br\/mms\/wp-content\/uploads\/2023\/03\/Sede-da-Amorepacific-foto-cortesia-de-Noshe-2-scaled.jpeg\",\"articleSection\":[\"Home\",\"Mais Lidos\",\"Mais por Menos\",\"Um mundo Sustent\u00e1vel\",\"Uncategorized\"],\"inLanguage\":\"pt-BR\",\"potentialAction\":[{\"@type\":\"CommentAction\",\"name\":\"Comment\",\"target\":[\"https:\/\/morarmais.com.br\/mms\/mais-por-menos-e-sustentabilidade-no-premio-pritzker-2023\/#respond\"]}]},{\"@type\":\"WebPage\",\"@id\":\"https:\/\/morarmais.com.br\/mms\/mais-por-menos-e-sustentabilidade-no-premio-pritzker-2023\/\",\"url\":\"https:\/\/morarmais.com.br\/mms\/mais-por-menos-e-sustentabilidade-no-premio-pritzker-2023\/\",\"name\":\"Mais por menos e sustentabilidade no Pr\u00eamio Pritzker 2023! - Morar mais\",\"isPartOf\":{\"@id\":\"https:\/\/morarmais.com.br\/mms\/#website\"},\"primaryImageOfPage\":{\"@id\":\"https:\/\/morarmais.com.br\/mms\/mais-por-menos-e-sustentabilidade-no-premio-pritzker-2023\/#primaryimage\"},\"image\":{\"@id\":\"https:\/\/morarmais.com.br\/mms\/mais-por-menos-e-sustentabilidade-no-premio-pritzker-2023\/#primaryimage\"},\"thumbnailUrl\":\"https:\/\/morarmais.com.br\/mms\/wp-content\/uploads\/2023\/03\/Sede-da-Amorepacific-foto-cortesia-de-Noshe-2-scaled.jpeg\",\"datePublished\":\"2023-03-21T14:26:32+00:00\",\"dateModified\":\"2023-03-21T14:29:34+00:00\",\"description\":\"O\u00a0 Morar Mais mais uma vez comprova ser vanguardista, o Pr\u00eamio Pritzker 2023 foi dado por dois conceitos bastante usados no nosso neg\u00f3cio.\",\"breadcrumb\":{\"@id\":\"https:\/\/morarmais.com.br\/mms\/mais-por-menos-e-sustentabilidade-no-premio-pritzker-2023\/#breadcrumb\"},\"inLanguage\":\"pt-BR\",\"potentialAction\":[{\"@type\":\"ReadAction\",\"target\":[\"https:\/\/morarmais.com.br\/mms\/mais-por-menos-e-sustentabilidade-no-premio-pritzker-2023\/\"]}]},{\"@type\":\"ImageObject\",\"inLanguage\":\"pt-BR\",\"@id\":\"https:\/\/morarmais.com.br\/mms\/mais-por-menos-e-sustentabilidade-no-premio-pritzker-2023\/#primaryimage\",\"url\":\"https:\/\/morarmais.com.br\/mms\/wp-content\/uploads\/2023\/03\/Sede-da-Amorepacific-foto-cortesia-de-Noshe-2-scaled.jpeg\",\"contentUrl\":\"https:\/\/morarmais.com.br\/mms\/wp-content\/uploads\/2023\/03\/Sede-da-Amorepacific-foto-cortesia-de-Noshe-2-scaled.jpeg\",\"width\":2560,\"height\":1701,\"caption\":\"Sede da Amorepacific, foto cortesia de Noshe\"},{\"@type\":\"BreadcrumbList\",\"@id\":\"https:\/\/morarmais.com.br\/mms\/mais-por-menos-e-sustentabilidade-no-premio-pritzker-2023\/#breadcrumb\",\"itemListElement\":[{\"@type\":\"ListItem\",\"position\":1,\"name\":\"In\u00edcio\",\"item\":\"https:\/\/morarmais.com.br\/mms\/\"},{\"@type\":\"ListItem\",\"position\":2,\"name\":\"Mais por menos e sustentabilidade no Pr\u00eamio Pritzker 2023!\"}]},{\"@type\":\"WebSite\",\"@id\":\"https:\/\/morarmais.com.br\/mms\/#website\",\"url\":\"https:\/\/morarmais.com.br\/mms\/\",\"name\":\"Morar mais\",\"description\":\"O Chique que cabe no bolso\",\"publisher\":{\"@id\":\"https:\/\/morarmais.com.br\/mms\/#organization\"},\"potentialAction\":[{\"@type\":\"SearchAction\",\"target\":{\"@type\":\"EntryPoint\",\"urlTemplate\":\"https:\/\/morarmais.com.br\/mms\/?s={search_term_string}\"},\"query-input\":{\"@type\":\"PropertyValueSpecification\",\"valueRequired\":true,\"valueName\":\"search_term_string\"}}],\"inLanguage\":\"pt-BR\"},{\"@type\":\"Organization\",\"@id\":\"https:\/\/morarmais.com.br\/mms\/#organization\",\"name\":\"Morar mais\",\"url\":\"https:\/\/morarmais.com.br\/mms\/\",\"logo\":{\"@type\":\"ImageObject\",\"inLanguage\":\"pt-BR\",\"@id\":\"https:\/\/morarmais.com.br\/mms\/#\/schema\/logo\/image\/\",\"url\":\"https:\/\/morarmais.com.br\/mms\/wp-content\/uploads\/2019\/04\/cropped-logo-morar-mais-2-1-e1688661143585.png\",\"contentUrl\":\"https:\/\/morarmais.com.br\/mms\/wp-content\/uploads\/2019\/04\/cropped-logo-morar-mais-2-1-e1688661143585.png\",\"width\":130,\"height\":100,\"caption\":\"Morar mais\"},\"image\":{\"@id\":\"https:\/\/morarmais.com.br\/mms\/#\/schema\/logo\/image\/\"},\"sameAs\":[\"https:\/\/www.facebook.com\/morarmais\",\"https:\/\/www.instagram.com\/morarmaispormenos\",\"https:\/\/br.pinterest.com\/morarmais\/\"]},{\"@type\":\"Person\",\"@id\":\"https:\/\/morarmais.com.br\/mms\/#\/schema\/person\/67dda048cb1edaf0c66d3a7787857c2a\",\"name\":\"Ale Devecchi\",\"image\":{\"@type\":\"ImageObject\",\"inLanguage\":\"pt-BR\",\"@id\":\"https:\/\/morarmais.com.br\/mms\/#\/schema\/person\/image\/\",\"url\":\"https:\/\/secure.gravatar.com\/avatar\/194f7a41b78fc7f5fcbf2fb567b600b5?s=96&d=mm&r=g\",\"contentUrl\":\"https:\/\/secure.gravatar.com\/avatar\/194f7a41b78fc7f5fcbf2fb567b600b5?s=96&d=mm&r=g\",\"caption\":\"Ale Devecchi\"},\"url\":\"https:\/\/morarmais.com.br\/mms\/author\/marketing-mais\/\"}]}<\/script>\n<!-- \/ Yoast SEO plugin. -->","yoast_head_json":{"title":"Mais por menos e sustentabilidade no Pr\u00eamio Pritzker 2023! - Morar mais","description":"O\u00a0 Morar Mais mais uma vez comprova ser vanguardista, o Pr\u00eamio Pritzker 2023 foi dado por dois conceitos bastante usados no nosso neg\u00f3cio.","robots":{"index":"index","follow":"follow","max-snippet":"max-snippet:-1","max-image-preview":"max-image-preview:large","max-video-preview":"max-video-preview:-1"},"canonical":"https:\/\/morarmais.com.br\/mms\/mais-por-menos-e-sustentabilidade-no-premio-pritzker-2023\/","og_locale":"pt_BR","og_type":"article","og_title":"Mais por menos e sustentabilidade no Pr\u00eamio Pritzker 2023! - Morar mais","og_description":"O\u00a0 Morar Mais mais uma vez comprova ser vanguardista, o Pr\u00eamio Pritzker 2023 foi dado por dois conceitos bastante usados no nosso neg\u00f3cio.","og_url":"https:\/\/morarmais.com.br\/mms\/mais-por-menos-e-sustentabilidade-no-premio-pritzker-2023\/","og_site_name":"Morar mais","article_publisher":"https:\/\/www.facebook.com\/morarmais","article_published_time":"2023-03-21T14:26:32+00:00","article_modified_time":"2023-03-21T14:29:34+00:00","og_image":[{"width":2560,"height":1701,"url":"https:\/\/morarmais.com.br\/mms\/wp-content\/uploads\/2023\/03\/Sede-da-Amorepacific-foto-cortesia-de-Noshe-2-scaled.jpeg","type":"image\/jpeg"}],"author":"Ale Devecchi","twitter_card":"summary_large_image","twitter_misc":{"Escrito por":"Ale Devecchi","Est. tempo de leitura":"8 minutos"},"schema":{"@context":"https:\/\/schema.org","@graph":[{"@type":"Article","@id":"https:\/\/morarmais.com.br\/mms\/mais-por-menos-e-sustentabilidade-no-premio-pritzker-2023\/#article","isPartOf":{"@id":"https:\/\/morarmais.com.br\/mms\/mais-por-menos-e-sustentabilidade-no-premio-pritzker-2023\/"},"author":{"name":"Ale Devecchi","@id":"https:\/\/morarmais.com.br\/mms\/#\/schema\/person\/67dda048cb1edaf0c66d3a7787857c2a"},"headline":"Mais por menos e sustentabilidade no Pr\u00eamio Pritzker 2023!","datePublished":"2023-03-21T14:26:32+00:00","dateModified":"2023-03-21T14:29:34+00:00","mainEntityOfPage":{"@id":"https:\/\/morarmais.com.br\/mms\/mais-por-menos-e-sustentabilidade-no-premio-pritzker-2023\/"},"wordCount":670,"commentCount":0,"publisher":{"@id":"https:\/\/morarmais.com.br\/mms\/#organization"},"image":{"@id":"https:\/\/morarmais.com.br\/mms\/mais-por-menos-e-sustentabilidade-no-premio-pritzker-2023\/#primaryimage"},"thumbnailUrl":"https:\/\/morarmais.com.br\/mms\/wp-content\/uploads\/2023\/03\/Sede-da-Amorepacific-foto-cortesia-de-Noshe-2-scaled.jpeg","articleSection":["Home","Mais Lidos","Mais por Menos","Um mundo Sustent\u00e1vel","Uncategorized"],"inLanguage":"pt-BR","potentialAction":[{"@type":"CommentAction","name":"Comment","target":["https:\/\/morarmais.com.br\/mms\/mais-por-menos-e-sustentabilidade-no-premio-pritzker-2023\/#respond"]}]},{"@type":"WebPage","@id":"https:\/\/morarmais.com.br\/mms\/mais-por-menos-e-sustentabilidade-no-premio-pritzker-2023\/","url":"https:\/\/morarmais.com.br\/mms\/mais-por-menos-e-sustentabilidade-no-premio-pritzker-2023\/","name":"Mais por menos e sustentabilidade no Pr\u00eamio Pritzker 2023! - Morar mais","isPartOf":{"@id":"https:\/\/morarmais.com.br\/mms\/#website"},"primaryImageOfPage":{"@id":"https:\/\/morarmais.com.br\/mms\/mais-por-menos-e-sustentabilidade-no-premio-pritzker-2023\/#primaryimage"},"image":{"@id":"https:\/\/morarmais.com.br\/mms\/mais-por-menos-e-sustentabilidade-no-premio-pritzker-2023\/#primaryimage"},"thumbnailUrl":"https:\/\/morarmais.com.br\/mms\/wp-content\/uploads\/2023\/03\/Sede-da-Amorepacific-foto-cortesia-de-Noshe-2-scaled.jpeg","datePublished":"2023-03-21T14:26:32+00:00","dateModified":"2023-03-21T14:29:34+00:00","description":"O\u00a0 Morar Mais mais uma vez comprova ser vanguardista, o Pr\u00eamio Pritzker 2023 foi dado por dois conceitos bastante usados no nosso neg\u00f3cio.","breadcrumb":{"@id":"https:\/\/morarmais.com.br\/mms\/mais-por-menos-e-sustentabilidade-no-premio-pritzker-2023\/#breadcrumb"},"inLanguage":"pt-BR","potentialAction":[{"@type":"ReadAction","target":["https:\/\/morarmais.com.br\/mms\/mais-por-menos-e-sustentabilidade-no-premio-pritzker-2023\/"]}]},{"@type":"ImageObject","inLanguage":"pt-BR","@id":"https:\/\/morarmais.com.br\/mms\/mais-por-menos-e-sustentabilidade-no-premio-pritzker-2023\/#primaryimage","url":"https:\/\/morarmais.com.br\/mms\/wp-content\/uploads\/2023\/03\/Sede-da-Amorepacific-foto-cortesia-de-Noshe-2-scaled.jpeg","contentUrl":"https:\/\/morarmais.com.br\/mms\/wp-content\/uploads\/2023\/03\/Sede-da-Amorepacific-foto-cortesia-de-Noshe-2-scaled.jpeg","width":2560,"height":1701,"caption":"Sede da Amorepacific, foto cortesia de Noshe"},{"@type":"BreadcrumbList","@id":"https:\/\/morarmais.com.br\/mms\/mais-por-menos-e-sustentabilidade-no-premio-pritzker-2023\/#breadcrumb","itemListElement":[{"@type":"ListItem","position":1,"name":"In\u00edcio","item":"https:\/\/morarmais.com.br\/mms\/"},{"@type":"ListItem","position":2,"name":"Mais por menos e sustentabilidade no Pr\u00eamio Pritzker 2023!"}]},{"@type":"WebSite","@id":"https:\/\/morarmais.com.br\/mms\/#website","url":"https:\/\/morarmais.com.br\/mms\/","name":"Morar mais","description":"O Chique que cabe no bolso","publisher":{"@id":"https:\/\/morarmais.com.br\/mms\/#organization"},"potentialAction":[{"@type":"SearchAction","target":{"@type":"EntryPoint","urlTemplate":"https:\/\/morarmais.com.br\/mms\/?s={search_term_string}"},"query-input":{"@type":"PropertyValueSpecification","valueRequired":true,"valueName":"search_term_string"}}],"inLanguage":"pt-BR"},{"@type":"Organization","@id":"https:\/\/morarmais.com.br\/mms\/#organization","name":"Morar mais","url":"https:\/\/morarmais.com.br\/mms\/","logo":{"@type":"ImageObject","inLanguage":"pt-BR","@id":"https:\/\/morarmais.com.br\/mms\/#\/schema\/logo\/image\/","url":"https:\/\/morarmais.com.br\/mms\/wp-content\/uploads\/2019\/04\/cropped-logo-morar-mais-2-1-e1688661143585.png","contentUrl":"https:\/\/morarmais.com.br\/mms\/wp-content\/uploads\/2019\/04\/cropped-logo-morar-mais-2-1-e1688661143585.png","width":130,"height":100,"caption":"Morar mais"},"image":{"@id":"https:\/\/morarmais.com.br\/mms\/#\/schema\/logo\/image\/"},"sameAs":["https:\/\/www.facebook.com\/morarmais","https:\/\/www.instagram.com\/morarmaispormenos","https:\/\/br.pinterest.com\/morarmais\/"]},{"@type":"Person","@id":"https:\/\/morarmais.com.br\/mms\/#\/schema\/person\/67dda048cb1edaf0c66d3a7787857c2a","name":"Ale Devecchi","image":{"@type":"ImageObject","inLanguage":"pt-BR","@id":"https:\/\/morarmais.com.br\/mms\/#\/schema\/person\/image\/","url":"https:\/\/secure.gravatar.com\/avatar\/194f7a41b78fc7f5fcbf2fb567b600b5?s=96&d=mm&r=g","contentUrl":"https:\/\/secure.gravatar.com\/avatar\/194f7a41b78fc7f5fcbf2fb567b600b5?s=96&d=mm&r=g","caption":"Ale Devecchi"},"url":"https:\/\/morarmais.com.br\/mms\/author\/marketing-mais\/"}]}},"_links":{"self":[{"href":"https:\/\/morarmais.com.br\/mms\/wp-json\/wp\/v2\/posts\/10560"}],"collection":[{"href":"https:\/\/morarmais.com.br\/mms\/wp-json\/wp\/v2\/posts"}],"about":[{"href":"https:\/\/morarmais.com.br\/mms\/wp-json\/wp\/v2\/types\/post"}],"author":[{"embeddable":true,"href":"https:\/\/morarmais.com.br\/mms\/wp-json\/wp\/v2\/users\/6"}],"replies":[{"embeddable":true,"href":"https:\/\/morarmais.com.br\/mms\/wp-json\/wp\/v2\/comments?post=10560"}],"version-history":[{"count":0,"href":"https:\/\/morarmais.com.br\/mms\/wp-json\/wp\/v2\/posts\/10560\/revisions"}],"wp:featuredmedia":[{"embeddable":true,"href":"https:\/\/morarmais.com.br\/mms\/wp-json\/wp\/v2\/media\/10580"}],"wp:attachment":[{"href":"https:\/\/morarmais.com.br\/mms\/wp-json\/wp\/v2\/media?parent=10560"}],"wp:term":[{"taxonomy":"category","embeddable":true,"href":"https:\/\/morarmais.com.br\/mms\/wp-json\/wp\/v2\/categories?post=10560"},{"taxonomy":"post_tag","embeddable":true,"href":"https:\/\/morarmais.com.br\/mms\/wp-json\/wp\/v2\/tags?post=10560"}],"curies":[{"name":"wp","href":"https:\/\/api.w.org\/{rel}","templated":true}]}}