{"id":10527,"date":"2023-03-08T12:14:35","date_gmt":"2023-03-08T12:14:35","guid":{"rendered":"https:\/\/morarmais.com.br\/mms\/?p=10527"},"modified":"2024-04-25T16:58:48","modified_gmt":"2024-04-25T16:58:48","slug":"8-arquitetas-e-urbanistas-brasileiras-inspiradoras-que-fizeram-historia","status":"publish","type":"post","link":"https:\/\/morarmais.com.br\/mms\/8-arquitetas-e-urbanistas-brasileiras-inspiradoras-que-fizeram-historia\/","title":{"rendered":"8 arquitetas e urbanistas brasileiras inspiradoras que fizeram hist\u00f3ria"},"content":{"rendered":"\n<p class=\" eplus-wrapper\">Essas mulheres s\u00e3o um lembrete de que, juntas e juntos, podemos transformar o mundo!<\/p>\n\n\n\n<p class=\" eplus-wrapper\">Conhe\u00e7a 8 arquitetas e urbanistas brasileiras inspiradoras que fizeram hist\u00f3ria e continuam nos inspirando:<\/p>\n\n\n\n<p class=\" eplus-wrapper\"><\/p>\n\n\n\n<h2 class=\" wp-block-heading eplus-wrapper\"><strong>1. Carmen Velasco Portinho<\/strong><\/h2>\n\n\n\n<p class=\" eplus-wrapper\"><\/p>\n\n\n\n<figure class=\" wp-block-image size-full eplus-wrapper\"><img fetchpriority=\"high\" decoding=\"async\" width=\"860\" height=\"570\" src=\"https:\/\/morarmais.com.br\/mms\/wp-content\/uploads\/2023\/03\/carmem_portinho_em_frente_ao_museu_de_arte_moderna_2013_mam-_rio_de_janeiro.jpeg\" alt=\"\" class=\"wp-image-10529\" srcset=\"https:\/\/morarmais.com.br\/mms\/wp-content\/uploads\/2023\/03\/carmem_portinho_em_frente_ao_museu_de_arte_moderna_2013_mam-_rio_de_janeiro.jpeg 860w, https:\/\/morarmais.com.br\/mms\/wp-content\/uploads\/2023\/03\/carmem_portinho_em_frente_ao_museu_de_arte_moderna_2013_mam-_rio_de_janeiro-300x199.jpeg 300w, https:\/\/morarmais.com.br\/mms\/wp-content\/uploads\/2023\/03\/carmem_portinho_em_frente_ao_museu_de_arte_moderna_2013_mam-_rio_de_janeiro-768x509.jpeg 768w, https:\/\/morarmais.com.br\/mms\/wp-content\/uploads\/2023\/03\/carmem_portinho_em_frente_ao_museu_de_arte_moderna_2013_mam-_rio_de_janeiro-350x232.jpeg 350w\" sizes=\"(max-width: 860px) 100vw, 860px\" \/><figcaption class=\"wp-element-caption\">Carmem Portinho, em frente ao Museu de Arte Moderna do Rio de Janeiro. \nFoto: Arquivo Nacional<\/figcaption><\/figure>\n\n\n\n<p class=\" eplus-wrapper\">Carmen Portinho nasceu em Corumb\u00e1 (MS) e se formou em engenharia civil em 1925, na Escola Polit\u00e9cnica da antiga Universidade do Brasil, hoje Universidade Federal do Rio de Janeiro (UFRJ). Em 1939, tornou-se a primeira mulher a obter o t\u00edtulo de urbanista no Pa\u00eds. Em 2022 foi declarada por Lei a Patrona do urbanismo no Brasil.<\/p>\n\n\n\n<h2 class=\" wp-block-heading eplus-wrapper\"><strong>2. Chu Ming Silveira<\/strong><\/h2>\n\n\n\n<p class=\" eplus-wrapper\"><\/p>\n\n\n\n<figure class=\" wp-block-image size-full eplus-wrapper\"><img decoding=\"async\" width=\"750\" height=\"445\" src=\"https:\/\/morarmais.com.br\/mms\/wp-content\/uploads\/2023\/03\/orelhao-50-anos-orelhao.arq-02-750x445-1.jpg\" alt=\"\" class=\"wp-image-10535\" srcset=\"https:\/\/morarmais.com.br\/mms\/wp-content\/uploads\/2023\/03\/orelhao-50-anos-orelhao.arq-02-750x445-1.jpg 750w, https:\/\/morarmais.com.br\/mms\/wp-content\/uploads\/2023\/03\/orelhao-50-anos-orelhao.arq-02-750x445-1-300x178.jpg 300w, https:\/\/morarmais.com.br\/mms\/wp-content\/uploads\/2023\/03\/orelhao-50-anos-orelhao.arq-02-750x445-1-350x208.jpg 350w\" sizes=\"(max-width: 750px) 100vw, 750px\" \/><\/figure>\n\n\n\n<p class=\" eplus-wrapper\">Natural de Xangai, na China, veio morar no Brasil aos 10 anos de idade, em 1959. Estudou na Faculdade de Arquitetura e Urbanismo Mackenzie e em 1966 foi trabalhar na Companhia Telef\u00f4nica Brasileira (CTB) para desenvolver projetos de centrais telef\u00f4nicas. Neste cargo, ela criou a ic\u00f4nica cabine telef\u00f4nica: o orelh\u00e3o, que se popularizou em todo o pa\u00eds.<\/p>\n\n\n\n<h2 class=\" wp-block-heading eplus-wrapper\"><strong>3. Dora Alc\u00e2ntara<\/strong><\/h2>\n\n\n\n<p class=\" eplus-wrapper\"><\/p>\n\n\n\n<figure class=\" wp-block-image size-large eplus-wrapper\"><img decoding=\"async\" width=\"1024\" height=\"615\" src=\"https:\/\/morarmais.com.br\/mms\/wp-content\/uploads\/2023\/03\/2014092369945.jpg-GN31SAULK.1-1024x615.jpg\" alt=\"\" class=\"wp-image-10537\" srcset=\"https:\/\/morarmais.com.br\/mms\/wp-content\/uploads\/2023\/03\/2014092369945.jpg-GN31SAULK.1-1024x615.jpg 1024w, https:\/\/morarmais.com.br\/mms\/wp-content\/uploads\/2023\/03\/2014092369945.jpg-GN31SAULK.1-300x180.jpg 300w, https:\/\/morarmais.com.br\/mms\/wp-content\/uploads\/2023\/03\/2014092369945.jpg-GN31SAULK.1-768x461.jpg 768w, https:\/\/morarmais.com.br\/mms\/wp-content\/uploads\/2023\/03\/2014092369945.jpg-GN31SAULK.1-350x210.jpg 350w, https:\/\/morarmais.com.br\/mms\/wp-content\/uploads\/2023\/03\/2014092369945.jpg-GN31SAULK.1.jpg 1265w\" sizes=\"(max-width: 1024px) 100vw, 1024px\" \/><figcaption class=\"wp-element-caption\">Dora Alc\u00e2ntara, professora aposentada da Faculdade de Atquitetura e Urbanismo da UFRJ e maior especialista em azulejos do Brasil. Na foto, ela aparece em casa, na Lagoa, com um painel do s\u00e9culo XIX de uma constru\u00e7\u00e3o demolida em S\u00e3o Lu\u00eds, no Maranh\u00e3o Foto: Gustavo Miranda \/ Ag\u00eancia O Globo<\/figcaption><\/figure>\n\n\n\n<p class=\" eplus-wrapper\">Refer\u00eancia nos estudos sobre azulejaria, a arquiteta e urbanista Dora Alc\u00e2ntara escolheu uma profiss\u00e3o dominada por homens e viu esse quadro se reverter ao longo das d\u00e9cadas. Formada pela Faculdade Nacional de Arquitetura, atual FAU\/UFRJ, dedicou a carreira tamb\u00e9m ao ensino e \u00e0 preserva\u00e7\u00e3o do patrim\u00f4nio.&nbsp;<\/p>\n\n\n\n<h2 class=\" wp-block-heading eplus-wrapper\"><strong>4. Lina Bo Bardi<\/strong><\/h2>\n\n\n\n<p class=\" eplus-wrapper\"><\/p>\n\n\n\n<figure class=\" wp-block-image size-large eplus-wrapper\"><img loading=\"lazy\" decoding=\"async\" width=\"1024\" height=\"698\" src=\"https:\/\/morarmais.com.br\/mms\/wp-content\/uploads\/2023\/03\/Captura-de-Tela-2023-03-08-a\u0300s-09.04.58-1024x698.png\" alt=\"\" class=\"wp-image-10539\" srcset=\"https:\/\/morarmais.com.br\/mms\/wp-content\/uploads\/2023\/03\/Captura-de-Tela-2023-03-08-a\u0300s-09.04.58-1024x698.png 1024w, https:\/\/morarmais.com.br\/mms\/wp-content\/uploads\/2023\/03\/Captura-de-Tela-2023-03-08-a\u0300s-09.04.58-300x204.png 300w, https:\/\/morarmais.com.br\/mms\/wp-content\/uploads\/2023\/03\/Captura-de-Tela-2023-03-08-a\u0300s-09.04.58-768x523.png 768w, https:\/\/morarmais.com.br\/mms\/wp-content\/uploads\/2023\/03\/Captura-de-Tela-2023-03-08-a\u0300s-09.04.58-1536x1047.png 1536w, https:\/\/morarmais.com.br\/mms\/wp-content\/uploads\/2023\/03\/Captura-de-Tela-2023-03-08-a\u0300s-09.04.58-2048x1395.png 2048w, https:\/\/morarmais.com.br\/mms\/wp-content\/uploads\/2023\/03\/Captura-de-Tela-2023-03-08-a\u0300s-09.04.58-350x238.png 350w\" sizes=\"(max-width: 1024px) 100vw, 1024px\" \/><figcaption class=\"wp-element-caption\">Lina Bo Bardi, em 1967, no v\u00e3o livre do Masp, ao lado do suporte de vidro, com obra de Van Gogh, criado por ela para a Pinacoteca da institui\u00e7\u00e3o.<\/figcaption><\/figure>\n\n\n\n<p class=\" eplus-wrapper\">Uma das arquitetas brasileiras mais conhecidas no mundo, Lina nasceu na It\u00e1lia, em 1914. Ap\u00f3s a Segunda Guerra Mundial, veio com o marido, Pietro Maria Bardi para o Brasil. Ao lado dele, ela projetou o Museu de Arte de S\u00e3o Paulo (MASP), s\u00edmbolo arquitet\u00f4nico de S\u00e3o Paulo. Entre suas obras de destaque tamb\u00e9m est\u00e3o o Museu de Arte Moderna no Solar do Unh\u00e3o, em Salvador; a Casa de Vidro e o SESC Pomp\u00e9ia, ambos na capital paulista. Lina se aprofundou em pesquisas sobre a cultura popular brasileira para desenvolver seus projetos. Ela faleceu em 20 de mar\u00e7o de 1992.&nbsp;<\/p>\n\n\n\n<h2 class=\" wp-block-heading eplus-wrapper\"><strong>5. Lotta de Macedo Soares<\/strong><\/h2>\n\n\n\n<p class=\" eplus-wrapper\"><\/p>\n\n\n\n<figure class=\" wp-block-image size-full eplus-wrapper\"><img loading=\"lazy\" decoding=\"async\" width=\"620\" height=\"455\" src=\"https:\/\/morarmais.com.br\/mms\/wp-content\/uploads\/2023\/03\/lotta-de-macedo-soares-1.webp\" alt=\"\" class=\"wp-image-10542\" srcset=\"https:\/\/morarmais.com.br\/mms\/wp-content\/uploads\/2023\/03\/lotta-de-macedo-soares-1.webp 620w, https:\/\/morarmais.com.br\/mms\/wp-content\/uploads\/2023\/03\/lotta-de-macedo-soares-1-300x220.webp 300w, https:\/\/morarmais.com.br\/mms\/wp-content\/uploads\/2023\/03\/lotta-de-macedo-soares-1-350x257.webp 350w\" sizes=\"(max-width: 620px) 100vw, 620px\" \/><figcaption class=\"wp-element-caption\"><em>A arquiteta autodidata Lotta de Macedo Soares (Foto: Instituto Lotta \/ Reprodu\u00e7\u00e3o)<\/em><\/figcaption><\/figure>\n\n\n\n<p class=\" eplus-wrapper\">(Paris, 16 de mar\u00e7o de 1910 \u2013 Nova York, 25 de setembro de 1967) foi uma arquiteta-paisagista e urbanista autodidata brasileira. A convite de Carlos Lacerda, foi uma das respons\u00e1veis pelo projeto do Parque do Flamengo, localizado na cidade do Rio de Janeiro, o maior aterro urbano do mundo.<\/p>\n\n\n\n<h2 class=\" wp-block-heading eplus-wrapper\"><strong>6. Mayumi Watanabe Souza Lima<\/strong><\/h2>\n\n\n\n<p class=\" eplus-wrapper\"><\/p>\n\n\n\n<figure class=\" wp-block-image size-large eplus-wrapper\"><img loading=\"lazy\" decoding=\"async\" width=\"1024\" height=\"1024\" src=\"https:\/\/morarmais.com.br\/mms\/wp-content\/uploads\/2023\/03\/EP57_Mayumi-1024x1024.jpeg\" alt=\"\" class=\"wp-image-10544\" srcset=\"https:\/\/morarmais.com.br\/mms\/wp-content\/uploads\/2023\/03\/EP57_Mayumi-1024x1024.jpeg 1024w, https:\/\/morarmais.com.br\/mms\/wp-content\/uploads\/2023\/03\/EP57_Mayumi-300x300.jpeg 300w, https:\/\/morarmais.com.br\/mms\/wp-content\/uploads\/2023\/03\/EP57_Mayumi-150x150.jpeg 150w, https:\/\/morarmais.com.br\/mms\/wp-content\/uploads\/2023\/03\/EP57_Mayumi-768x768.jpeg 768w, https:\/\/morarmais.com.br\/mms\/wp-content\/uploads\/2023\/03\/EP57_Mayumi-600x600.jpeg 600w, https:\/\/morarmais.com.br\/mms\/wp-content\/uploads\/2023\/03\/EP57_Mayumi-350x350.jpeg 350w, https:\/\/morarmais.com.br\/mms\/wp-content\/uploads\/2023\/03\/EP57_Mayumi.jpeg 1400w\" sizes=\"(max-width: 1024px) 100vw, 1024px\" \/><figcaption class=\"wp-element-caption\"><em>A arquiteta Mayumi Watanabe Souza Lima nasceu no Jap\u00e3o em 1934 (Foto: Arquivo Arq \/ Reprodu\u00e7\u00e3o)<\/em><\/figcaption><\/figure>\n\n\n\n<p class=\" eplus-wrapper\">(Tokio, Jap\u00e3o, 1934- Brasil, 1994) foi uma arquiteta que se destacou por seu trabalho na teoria, planejamento e desenvolvimento de espa\u00e7os educativos p\u00fablicos e por sua coordena\u00e7\u00e3o nas obras do Museu de Arte de S\u00e3o Paulo. Ela estagiou com&nbsp;Lina Bo Bardi,&nbsp;Vilanova Artigas&nbsp;e Joaquim Guedes, e decidiu focar a carreira para desenvolver equipamentos p\u00fablicos voltados para a educa\u00e7\u00e3o. Foi casada com o arquiteto&nbsp;S\u00e9rgio Souza Lima, com quem chegou a projetar escolas p\u00fablicas e resid\u00eancias.&nbsp;<\/p>\n\n\n\n<h2 class=\" wp-block-heading eplus-wrapper\"><strong>7.  Miranda Maria Esmeralda Martinelli Magnoli<\/strong><\/h2>\n\n\n\n<p class=\" eplus-wrapper\"><\/p>\n\n\n\n<figure class=\" wp-block-image size-full eplus-wrapper\"><img loading=\"lazy\" decoding=\"async\" width=\"800\" height=\"420\" src=\"https:\/\/morarmais.com.br\/mms\/wp-content\/uploads\/2023\/03\/20170725_miranda.webp\" alt=\"\" class=\"wp-image-10545\" srcset=\"https:\/\/morarmais.com.br\/mms\/wp-content\/uploads\/2023\/03\/20170725_miranda.webp 800w, https:\/\/morarmais.com.br\/mms\/wp-content\/uploads\/2023\/03\/20170725_miranda-300x158.webp 300w, https:\/\/morarmais.com.br\/mms\/wp-content\/uploads\/2023\/03\/20170725_miranda-768x403.webp 768w, https:\/\/morarmais.com.br\/mms\/wp-content\/uploads\/2023\/03\/20170725_miranda-350x184.webp 350w\" sizes=\"(max-width: 800px) 100vw, 800px\" \/><figcaption class=\"wp-element-caption\">Foto:&nbsp;<em>Revista Paisagem e Ambiente<\/em>&nbsp;\u2013 2006<\/figcaption><\/figure>\n\n\n\n<p class=\" eplus-wrapper\">Ela estudou na Faculdade de Arquitetura e Urbanismo da USP nos anos 1950 e se interessou especialmente por estudos na \u00e1rea de paisagismo e teve papel essencial para fortalecer o ensino dessa \u00e1rea nos cursos de arquitetura do pa\u00eds. Trabalhou na Secretaria do Verde e do Meio Ambiente na Prefeitura Municipal de S\u00e3o Paulo e foi professora universit\u00e1ria. Devido \u00e0 sua contribui\u00e7\u00e3o para o setor, ganhou uma edi\u00e7\u00e3o da Revista Paisagem e Ambiente (n\u00famero 21; 2006), da USP, em sua homenagem.<\/p>\n\n\n\n<h2 class=\" wp-block-heading eplus-wrapper\"><strong>8. Rosa Grena Kliass<\/strong><\/h2>\n\n\n\n<p class=\" eplus-wrapper\"><\/p>\n\n\n\n<figure class=\" wp-block-image size-full eplus-wrapper\"><img loading=\"lazy\" decoding=\"async\" width=\"620\" height=\"455\" src=\"https:\/\/morarmais.com.br\/mms\/wp-content\/uploads\/2023\/03\/aruqiteta-senhorinha-_dsc2670.webp\" alt=\"\" class=\"wp-image-10547\" srcset=\"https:\/\/morarmais.com.br\/mms\/wp-content\/uploads\/2023\/03\/aruqiteta-senhorinha-_dsc2670.webp 620w, https:\/\/morarmais.com.br\/mms\/wp-content\/uploads\/2023\/03\/aruqiteta-senhorinha-_dsc2670-300x220.webp 300w, https:\/\/morarmais.com.br\/mms\/wp-content\/uploads\/2023\/03\/aruqiteta-senhorinha-_dsc2670-350x257.webp 350w\" sizes=\"(max-width: 620px) 100vw, 620px\" \/><figcaption class=\"wp-element-caption\">A arquiteta e paisagista Rosa Grena Kliass nasceu em 1932 (Foto: Adriano Campos \/ Divulga\u00e7\u00e3o)<\/figcaption><\/figure>\n\n\n\n<p class=\" eplus-wrapper\">\u00c9 uma arquiteta-paisagista brasileira, considerada uma das mais importantes na hist\u00f3ria do Paisagismo brasileiro moderno e contempor\u00e2neo. Considerada a dama do paisagismo brasileiro, Rosa Grena Kliass foi a mulher respons\u00e1vel pela transforma\u00e7\u00e3o no cen\u00e1rio, ao longo de uma caminhada de amadurecimento, traduzindo \u00e0 sociedade a luz sobre a import\u00e2ncia do papel do arquiteto paisagista.<br>Foi professora e fundadora da cadeira de paisagismo do curso de Arquitetura e Urbanismo da Faculdade de Arquitetura e Urbanismo da Universidade Presbiteriana Mackenzie. Entre suas obras mais significativas est\u00e3o a reforma do Vale do Anhangaba\u00fa e o projeto paisag\u00edstico do Parque da Juventude, ambos na cidade de S\u00e3o Paulo.<\/p>\n\n\n\n<p class=\" eplus-wrapper\"><\/p>\n\n\n\n<p class=\" eplus-wrapper\"><\/p>\n\n\n\n<p class=\" eplus-wrapper\"><em>Refer\u00eancias: CAU; Ag\u00eancia Senado; Revista Casa e Jardim e Jornal USP.<\/em><\/p>\n","protected":false},"excerpt":{"rendered":"<p>Essas mulheres s\u00e3o um lembrete de que, juntas e juntos, podemos transformar o mundo! Conhe\u00e7a 8 arquitetas e urbanistas brasileiras inspiradoras que fizeram hist\u00f3ria e continuam nos inspirando: 1. Carmen Velasco Portinho Carmen Portinho nasceu em Corumb\u00e1 (MS) e se formou em engenharia civil em 1925, na Escola Polit\u00e9cnica da antiga Universidade do Brasil, hoje&hellip;&nbsp;<a href=\"https:\/\/morarmais.com.br\/mms\/8-arquitetas-e-urbanistas-brasileiras-inspiradoras-que-fizeram-historia\/\" rel=\"bookmark\">Continue a ler &raquo;<span class=\"screen-reader-text\">8 arquitetas e urbanistas brasileiras inspiradoras que fizeram hist\u00f3ria<\/span><\/a><\/p>\n","protected":false},"author":6,"featured_media":10549,"comment_status":"open","ping_status":"open","sticky":false,"template":"","format":"standard","meta":{"_eb_attr":"","editor_plus_copied_stylings":"{}","neve_meta_sidebar":"full-width","neve_meta_container":"","neve_meta_enable_content_width":"","neve_meta_content_width":0,"neve_meta_title_alignment":"","neve_meta_author_avatar":"","neve_post_elements_order":"[\"title\",\"meta\",\"thumbnail\",\"content\",\"tags\",\"comments\"]","neve_meta_disable_header":"","neve_meta_disable_footer":"","neve_meta_disable_title":"","_themeisle_gutenberg_block_has_review":false,"_vp_format_video_url":"","_vp_image_focal_point":[],"footnotes":""},"categories":[70,23],"tags":[],"class_list":["post-10527","post","type-post","status-publish","format-standard","has-post-thumbnail","hentry","category-blog","category-home"],"yoast_head":"<!-- This site is optimized with the Yoast SEO plugin v25.6 - https:\/\/yoast.com\/wordpress\/plugins\/seo\/ -->\n<title>8 arquitetas e urbanistas brasileiras inspiradoras que fizeram hist\u00f3ria - Morar mais<\/title>\n<meta name=\"robots\" content=\"index, follow, max-snippet:-1, max-image-preview:large, max-video-preview:-1\" \/>\n<link rel=\"canonical\" href=\"https:\/\/morarmais.com.br\/mms\/8-arquitetas-e-urbanistas-brasileiras-inspiradoras-que-fizeram-historia\/\" \/>\n<meta property=\"og:locale\" content=\"pt_BR\" \/>\n<meta property=\"og:type\" content=\"article\" \/>\n<meta property=\"og:title\" content=\"8 arquitetas e urbanistas brasileiras inspiradoras que fizeram hist\u00f3ria - Morar mais\" \/>\n<meta property=\"og:description\" content=\"Essas mulheres s\u00e3o um lembrete de que, juntas e juntos, podemos transformar o mundo! Conhe\u00e7a 8 arquitetas e urbanistas brasileiras inspiradoras que fizeram hist\u00f3ria e continuam nos inspirando: 1. Carmen Velasco Portinho Carmen Portinho nasceu em Corumb\u00e1 (MS) e se formou em engenharia civil em 1925, na Escola Polit\u00e9cnica da antiga Universidade do Brasil, hoje&hellip;&nbsp;Continue a ler &raquo;8 arquitetas e urbanistas brasileiras inspiradoras que fizeram hist\u00f3ria\" \/>\n<meta property=\"og:url\" content=\"https:\/\/morarmais.com.br\/mms\/8-arquitetas-e-urbanistas-brasileiras-inspiradoras-que-fizeram-historia\/\" \/>\n<meta property=\"og:site_name\" content=\"Morar mais\" \/>\n<meta property=\"article:publisher\" content=\"https:\/\/www.facebook.com\/morarmais\" \/>\n<meta property=\"article:published_time\" content=\"2023-03-08T12:14:35+00:00\" \/>\n<meta property=\"article:modified_time\" content=\"2024-04-25T16:58:48+00:00\" \/>\n<meta property=\"og:image\" content=\"https:\/\/morarmais.com.br\/mms\/wp-content\/uploads\/2023\/03\/8-arquitetas-e-urbanistas-brasileiras-inspiradoras-que-fizeram-histo\u0301ria.jpg\" \/>\n\t<meta property=\"og:image:width\" content=\"1920\" \/>\n\t<meta property=\"og:image:height\" content=\"1080\" \/>\n\t<meta property=\"og:image:type\" content=\"image\/jpeg\" \/>\n<meta name=\"author\" content=\"Ale Devecchi\" \/>\n<meta name=\"twitter:card\" content=\"summary_large_image\" \/>\n<meta name=\"twitter:label1\" content=\"Escrito por\" \/>\n\t<meta name=\"twitter:data1\" content=\"Ale Devecchi\" \/>\n\t<meta name=\"twitter:label2\" content=\"Est. tempo de leitura\" \/>\n\t<meta name=\"twitter:data2\" content=\"7 minutos\" \/>\n<script type=\"application\/ld+json\" class=\"yoast-schema-graph\">{\"@context\":\"https:\/\/schema.org\",\"@graph\":[{\"@type\":\"Article\",\"@id\":\"https:\/\/morarmais.com.br\/mms\/8-arquitetas-e-urbanistas-brasileiras-inspiradoras-que-fizeram-historia\/#article\",\"isPartOf\":{\"@id\":\"https:\/\/morarmais.com.br\/mms\/8-arquitetas-e-urbanistas-brasileiras-inspiradoras-que-fizeram-historia\/\"},\"author\":{\"name\":\"Ale Devecchi\",\"@id\":\"https:\/\/morarmais.com.br\/mms\/#\/schema\/person\/67dda048cb1edaf0c66d3a7787857c2a\"},\"headline\":\"8 arquitetas e urbanistas brasileiras inspiradoras que fizeram hist\u00f3ria\",\"datePublished\":\"2023-03-08T12:14:35+00:00\",\"dateModified\":\"2024-04-25T16:58:48+00:00\",\"mainEntityOfPage\":{\"@id\":\"https:\/\/morarmais.com.br\/mms\/8-arquitetas-e-urbanistas-brasileiras-inspiradoras-que-fizeram-historia\/\"},\"wordCount\":839,\"commentCount\":0,\"publisher\":{\"@id\":\"https:\/\/morarmais.com.br\/mms\/#organization\"},\"image\":{\"@id\":\"https:\/\/morarmais.com.br\/mms\/8-arquitetas-e-urbanistas-brasileiras-inspiradoras-que-fizeram-historia\/#primaryimage\"},\"thumbnailUrl\":\"https:\/\/morarmais.com.br\/mms\/wp-content\/uploads\/2023\/03\/8-arquitetas-e-urbanistas-brasileiras-inspiradoras-que-fizeram-histo\u0301ria.jpg\",\"articleSection\":[\"Blog\",\"Home\"],\"inLanguage\":\"pt-BR\",\"potentialAction\":[{\"@type\":\"CommentAction\",\"name\":\"Comment\",\"target\":[\"https:\/\/morarmais.com.br\/mms\/8-arquitetas-e-urbanistas-brasileiras-inspiradoras-que-fizeram-historia\/#respond\"]}]},{\"@type\":\"WebPage\",\"@id\":\"https:\/\/morarmais.com.br\/mms\/8-arquitetas-e-urbanistas-brasileiras-inspiradoras-que-fizeram-historia\/\",\"url\":\"https:\/\/morarmais.com.br\/mms\/8-arquitetas-e-urbanistas-brasileiras-inspiradoras-que-fizeram-historia\/\",\"name\":\"8 arquitetas e urbanistas brasileiras inspiradoras que fizeram hist\u00f3ria - Morar mais\",\"isPartOf\":{\"@id\":\"https:\/\/morarmais.com.br\/mms\/#website\"},\"primaryImageOfPage\":{\"@id\":\"https:\/\/morarmais.com.br\/mms\/8-arquitetas-e-urbanistas-brasileiras-inspiradoras-que-fizeram-historia\/#primaryimage\"},\"image\":{\"@id\":\"https:\/\/morarmais.com.br\/mms\/8-arquitetas-e-urbanistas-brasileiras-inspiradoras-que-fizeram-historia\/#primaryimage\"},\"thumbnailUrl\":\"https:\/\/morarmais.com.br\/mms\/wp-content\/uploads\/2023\/03\/8-arquitetas-e-urbanistas-brasileiras-inspiradoras-que-fizeram-histo\u0301ria.jpg\",\"datePublished\":\"2023-03-08T12:14:35+00:00\",\"dateModified\":\"2024-04-25T16:58:48+00:00\",\"breadcrumb\":{\"@id\":\"https:\/\/morarmais.com.br\/mms\/8-arquitetas-e-urbanistas-brasileiras-inspiradoras-que-fizeram-historia\/#breadcrumb\"},\"inLanguage\":\"pt-BR\",\"potentialAction\":[{\"@type\":\"ReadAction\",\"target\":[\"https:\/\/morarmais.com.br\/mms\/8-arquitetas-e-urbanistas-brasileiras-inspiradoras-que-fizeram-historia\/\"]}]},{\"@type\":\"ImageObject\",\"inLanguage\":\"pt-BR\",\"@id\":\"https:\/\/morarmais.com.br\/mms\/8-arquitetas-e-urbanistas-brasileiras-inspiradoras-que-fizeram-historia\/#primaryimage\",\"url\":\"https:\/\/morarmais.com.br\/mms\/wp-content\/uploads\/2023\/03\/8-arquitetas-e-urbanistas-brasileiras-inspiradoras-que-fizeram-histo\u0301ria.jpg\",\"contentUrl\":\"https:\/\/morarmais.com.br\/mms\/wp-content\/uploads\/2023\/03\/8-arquitetas-e-urbanistas-brasileiras-inspiradoras-que-fizeram-histo\u0301ria.jpg\",\"width\":1920,\"height\":1080},{\"@type\":\"BreadcrumbList\",\"@id\":\"https:\/\/morarmais.com.br\/mms\/8-arquitetas-e-urbanistas-brasileiras-inspiradoras-que-fizeram-historia\/#breadcrumb\",\"itemListElement\":[{\"@type\":\"ListItem\",\"position\":1,\"name\":\"In\u00edcio\",\"item\":\"https:\/\/morarmais.com.br\/mms\/\"},{\"@type\":\"ListItem\",\"position\":2,\"name\":\"8 arquitetas e urbanistas brasileiras inspiradoras que fizeram hist\u00f3ria\"}]},{\"@type\":\"WebSite\",\"@id\":\"https:\/\/morarmais.com.br\/mms\/#website\",\"url\":\"https:\/\/morarmais.com.br\/mms\/\",\"name\":\"Morar mais\",\"description\":\"O Chique que cabe no bolso\",\"publisher\":{\"@id\":\"https:\/\/morarmais.com.br\/mms\/#organization\"},\"potentialAction\":[{\"@type\":\"SearchAction\",\"target\":{\"@type\":\"EntryPoint\",\"urlTemplate\":\"https:\/\/morarmais.com.br\/mms\/?s={search_term_string}\"},\"query-input\":{\"@type\":\"PropertyValueSpecification\",\"valueRequired\":true,\"valueName\":\"search_term_string\"}}],\"inLanguage\":\"pt-BR\"},{\"@type\":\"Organization\",\"@id\":\"https:\/\/morarmais.com.br\/mms\/#organization\",\"name\":\"Morar mais\",\"url\":\"https:\/\/morarmais.com.br\/mms\/\",\"logo\":{\"@type\":\"ImageObject\",\"inLanguage\":\"pt-BR\",\"@id\":\"https:\/\/morarmais.com.br\/mms\/#\/schema\/logo\/image\/\",\"url\":\"https:\/\/morarmais.com.br\/mms\/wp-content\/uploads\/2019\/04\/cropped-logo-morar-mais-2-1-e1688661143585.png\",\"contentUrl\":\"https:\/\/morarmais.com.br\/mms\/wp-content\/uploads\/2019\/04\/cropped-logo-morar-mais-2-1-e1688661143585.png\",\"width\":130,\"height\":100,\"caption\":\"Morar mais\"},\"image\":{\"@id\":\"https:\/\/morarmais.com.br\/mms\/#\/schema\/logo\/image\/\"},\"sameAs\":[\"https:\/\/www.facebook.com\/morarmais\",\"https:\/\/www.instagram.com\/morarmaispormenos\",\"https:\/\/br.pinterest.com\/morarmais\/\"]},{\"@type\":\"Person\",\"@id\":\"https:\/\/morarmais.com.br\/mms\/#\/schema\/person\/67dda048cb1edaf0c66d3a7787857c2a\",\"name\":\"Ale Devecchi\",\"image\":{\"@type\":\"ImageObject\",\"inLanguage\":\"pt-BR\",\"@id\":\"https:\/\/morarmais.com.br\/mms\/#\/schema\/person\/image\/\",\"url\":\"https:\/\/secure.gravatar.com\/avatar\/194f7a41b78fc7f5fcbf2fb567b600b5?s=96&d=mm&r=g\",\"contentUrl\":\"https:\/\/secure.gravatar.com\/avatar\/194f7a41b78fc7f5fcbf2fb567b600b5?s=96&d=mm&r=g\",\"caption\":\"Ale Devecchi\"},\"url\":\"https:\/\/morarmais.com.br\/mms\/author\/marketing-mais\/\"}]}<\/script>\n<!-- \/ Yoast SEO plugin. -->","yoast_head_json":{"title":"8 arquitetas e urbanistas brasileiras inspiradoras que fizeram hist\u00f3ria - Morar mais","robots":{"index":"index","follow":"follow","max-snippet":"max-snippet:-1","max-image-preview":"max-image-preview:large","max-video-preview":"max-video-preview:-1"},"canonical":"https:\/\/morarmais.com.br\/mms\/8-arquitetas-e-urbanistas-brasileiras-inspiradoras-que-fizeram-historia\/","og_locale":"pt_BR","og_type":"article","og_title":"8 arquitetas e urbanistas brasileiras inspiradoras que fizeram hist\u00f3ria - Morar mais","og_description":"Essas mulheres s\u00e3o um lembrete de que, juntas e juntos, podemos transformar o mundo! Conhe\u00e7a 8 arquitetas e urbanistas brasileiras inspiradoras que fizeram hist\u00f3ria e continuam nos inspirando: 1. Carmen Velasco Portinho Carmen Portinho nasceu em Corumb\u00e1 (MS) e se formou em engenharia civil em 1925, na Escola Polit\u00e9cnica da antiga Universidade do Brasil, hoje&hellip;&nbsp;Continue a ler &raquo;8 arquitetas e urbanistas brasileiras inspiradoras que fizeram hist\u00f3ria","og_url":"https:\/\/morarmais.com.br\/mms\/8-arquitetas-e-urbanistas-brasileiras-inspiradoras-que-fizeram-historia\/","og_site_name":"Morar mais","article_publisher":"https:\/\/www.facebook.com\/morarmais","article_published_time":"2023-03-08T12:14:35+00:00","article_modified_time":"2024-04-25T16:58:48+00:00","og_image":[{"width":1920,"height":1080,"url":"https:\/\/morarmais.com.br\/mms\/wp-content\/uploads\/2023\/03\/8-arquitetas-e-urbanistas-brasileiras-inspiradoras-que-fizeram-histo\u0301ria.jpg","type":"image\/jpeg"}],"author":"Ale Devecchi","twitter_card":"summary_large_image","twitter_misc":{"Escrito por":"Ale Devecchi","Est. tempo de leitura":"7 minutos"},"schema":{"@context":"https:\/\/schema.org","@graph":[{"@type":"Article","@id":"https:\/\/morarmais.com.br\/mms\/8-arquitetas-e-urbanistas-brasileiras-inspiradoras-que-fizeram-historia\/#article","isPartOf":{"@id":"https:\/\/morarmais.com.br\/mms\/8-arquitetas-e-urbanistas-brasileiras-inspiradoras-que-fizeram-historia\/"},"author":{"name":"Ale Devecchi","@id":"https:\/\/morarmais.com.br\/mms\/#\/schema\/person\/67dda048cb1edaf0c66d3a7787857c2a"},"headline":"8 arquitetas e urbanistas brasileiras inspiradoras que fizeram hist\u00f3ria","datePublished":"2023-03-08T12:14:35+00:00","dateModified":"2024-04-25T16:58:48+00:00","mainEntityOfPage":{"@id":"https:\/\/morarmais.com.br\/mms\/8-arquitetas-e-urbanistas-brasileiras-inspiradoras-que-fizeram-historia\/"},"wordCount":839,"commentCount":0,"publisher":{"@id":"https:\/\/morarmais.com.br\/mms\/#organization"},"image":{"@id":"https:\/\/morarmais.com.br\/mms\/8-arquitetas-e-urbanistas-brasileiras-inspiradoras-que-fizeram-historia\/#primaryimage"},"thumbnailUrl":"https:\/\/morarmais.com.br\/mms\/wp-content\/uploads\/2023\/03\/8-arquitetas-e-urbanistas-brasileiras-inspiradoras-que-fizeram-histo\u0301ria.jpg","articleSection":["Blog","Home"],"inLanguage":"pt-BR","potentialAction":[{"@type":"CommentAction","name":"Comment","target":["https:\/\/morarmais.com.br\/mms\/8-arquitetas-e-urbanistas-brasileiras-inspiradoras-que-fizeram-historia\/#respond"]}]},{"@type":"WebPage","@id":"https:\/\/morarmais.com.br\/mms\/8-arquitetas-e-urbanistas-brasileiras-inspiradoras-que-fizeram-historia\/","url":"https:\/\/morarmais.com.br\/mms\/8-arquitetas-e-urbanistas-brasileiras-inspiradoras-que-fizeram-historia\/","name":"8 arquitetas e urbanistas brasileiras inspiradoras que fizeram hist\u00f3ria - Morar mais","isPartOf":{"@id":"https:\/\/morarmais.com.br\/mms\/#website"},"primaryImageOfPage":{"@id":"https:\/\/morarmais.com.br\/mms\/8-arquitetas-e-urbanistas-brasileiras-inspiradoras-que-fizeram-historia\/#primaryimage"},"image":{"@id":"https:\/\/morarmais.com.br\/mms\/8-arquitetas-e-urbanistas-brasileiras-inspiradoras-que-fizeram-historia\/#primaryimage"},"thumbnailUrl":"https:\/\/morarmais.com.br\/mms\/wp-content\/uploads\/2023\/03\/8-arquitetas-e-urbanistas-brasileiras-inspiradoras-que-fizeram-histo\u0301ria.jpg","datePublished":"2023-03-08T12:14:35+00:00","dateModified":"2024-04-25T16:58:48+00:00","breadcrumb":{"@id":"https:\/\/morarmais.com.br\/mms\/8-arquitetas-e-urbanistas-brasileiras-inspiradoras-que-fizeram-historia\/#breadcrumb"},"inLanguage":"pt-BR","potentialAction":[{"@type":"ReadAction","target":["https:\/\/morarmais.com.br\/mms\/8-arquitetas-e-urbanistas-brasileiras-inspiradoras-que-fizeram-historia\/"]}]},{"@type":"ImageObject","inLanguage":"pt-BR","@id":"https:\/\/morarmais.com.br\/mms\/8-arquitetas-e-urbanistas-brasileiras-inspiradoras-que-fizeram-historia\/#primaryimage","url":"https:\/\/morarmais.com.br\/mms\/wp-content\/uploads\/2023\/03\/8-arquitetas-e-urbanistas-brasileiras-inspiradoras-que-fizeram-histo\u0301ria.jpg","contentUrl":"https:\/\/morarmais.com.br\/mms\/wp-content\/uploads\/2023\/03\/8-arquitetas-e-urbanistas-brasileiras-inspiradoras-que-fizeram-histo\u0301ria.jpg","width":1920,"height":1080},{"@type":"BreadcrumbList","@id":"https:\/\/morarmais.com.br\/mms\/8-arquitetas-e-urbanistas-brasileiras-inspiradoras-que-fizeram-historia\/#breadcrumb","itemListElement":[{"@type":"ListItem","position":1,"name":"In\u00edcio","item":"https:\/\/morarmais.com.br\/mms\/"},{"@type":"ListItem","position":2,"name":"8 arquitetas e urbanistas brasileiras inspiradoras que fizeram hist\u00f3ria"}]},{"@type":"WebSite","@id":"https:\/\/morarmais.com.br\/mms\/#website","url":"https:\/\/morarmais.com.br\/mms\/","name":"Morar mais","description":"O Chique que cabe no bolso","publisher":{"@id":"https:\/\/morarmais.com.br\/mms\/#organization"},"potentialAction":[{"@type":"SearchAction","target":{"@type":"EntryPoint","urlTemplate":"https:\/\/morarmais.com.br\/mms\/?s={search_term_string}"},"query-input":{"@type":"PropertyValueSpecification","valueRequired":true,"valueName":"search_term_string"}}],"inLanguage":"pt-BR"},{"@type":"Organization","@id":"https:\/\/morarmais.com.br\/mms\/#organization","name":"Morar mais","url":"https:\/\/morarmais.com.br\/mms\/","logo":{"@type":"ImageObject","inLanguage":"pt-BR","@id":"https:\/\/morarmais.com.br\/mms\/#\/schema\/logo\/image\/","url":"https:\/\/morarmais.com.br\/mms\/wp-content\/uploads\/2019\/04\/cropped-logo-morar-mais-2-1-e1688661143585.png","contentUrl":"https:\/\/morarmais.com.br\/mms\/wp-content\/uploads\/2019\/04\/cropped-logo-morar-mais-2-1-e1688661143585.png","width":130,"height":100,"caption":"Morar mais"},"image":{"@id":"https:\/\/morarmais.com.br\/mms\/#\/schema\/logo\/image\/"},"sameAs":["https:\/\/www.facebook.com\/morarmais","https:\/\/www.instagram.com\/morarmaispormenos","https:\/\/br.pinterest.com\/morarmais\/"]},{"@type":"Person","@id":"https:\/\/morarmais.com.br\/mms\/#\/schema\/person\/67dda048cb1edaf0c66d3a7787857c2a","name":"Ale Devecchi","image":{"@type":"ImageObject","inLanguage":"pt-BR","@id":"https:\/\/morarmais.com.br\/mms\/#\/schema\/person\/image\/","url":"https:\/\/secure.gravatar.com\/avatar\/194f7a41b78fc7f5fcbf2fb567b600b5?s=96&d=mm&r=g","contentUrl":"https:\/\/secure.gravatar.com\/avatar\/194f7a41b78fc7f5fcbf2fb567b600b5?s=96&d=mm&r=g","caption":"Ale Devecchi"},"url":"https:\/\/morarmais.com.br\/mms\/author\/marketing-mais\/"}]}},"_links":{"self":[{"href":"https:\/\/morarmais.com.br\/mms\/wp-json\/wp\/v2\/posts\/10527"}],"collection":[{"href":"https:\/\/morarmais.com.br\/mms\/wp-json\/wp\/v2\/posts"}],"about":[{"href":"https:\/\/morarmais.com.br\/mms\/wp-json\/wp\/v2\/types\/post"}],"author":[{"embeddable":true,"href":"https:\/\/morarmais.com.br\/mms\/wp-json\/wp\/v2\/users\/6"}],"replies":[{"embeddable":true,"href":"https:\/\/morarmais.com.br\/mms\/wp-json\/wp\/v2\/comments?post=10527"}],"version-history":[{"count":0,"href":"https:\/\/morarmais.com.br\/mms\/wp-json\/wp\/v2\/posts\/10527\/revisions"}],"wp:featuredmedia":[{"embeddable":true,"href":"https:\/\/morarmais.com.br\/mms\/wp-json\/wp\/v2\/media\/10549"}],"wp:attachment":[{"href":"https:\/\/morarmais.com.br\/mms\/wp-json\/wp\/v2\/media?parent=10527"}],"wp:term":[{"taxonomy":"category","embeddable":true,"href":"https:\/\/morarmais.com.br\/mms\/wp-json\/wp\/v2\/categories?post=10527"},{"taxonomy":"post_tag","embeddable":true,"href":"https:\/\/morarmais.com.br\/mms\/wp-json\/wp\/v2\/tags?post=10527"}],"curies":[{"name":"wp","href":"https:\/\/api.w.org\/{rel}","templated":true}]}}