{"id":10353,"date":"2023-01-31T22:07:42","date_gmt":"2023-01-31T22:07:42","guid":{"rendered":"https:\/\/morarmais.com.br\/mms\/?p=10353"},"modified":"2023-03-07T10:28:55","modified_gmt":"2023-03-07T10:28:55","slug":"no-aconchego-do-lar","status":"publish","type":"post","link":"https:\/\/morarmais.com.br\/mms\/no-aconchego-do-lar\/","title":{"rendered":"No aconchego do lar"},"content":{"rendered":"\n<p class=\" eplus-wrapper\">Morar Mais&nbsp; \u00e9 isso: casa com abra\u00e7o, ref\u00fagio, aconchego, casa pra chegar e ter pregui\u00e7a de sair, ir ficando&#8230; ficando&#8230;&nbsp;&nbsp;&nbsp;<\/p>\n\n\n\n<p class=\" eplus-wrapper\"><\/p>\n\n\n\n<figure class=\"wp-block-image size-full eplus-wrapper\"><img fetchpriority=\"high\" decoding=\"async\" width=\"1024\" height=\"768\" src=\"https:\/\/morarmais.com.br\/mms\/wp-content\/uploads\/2023\/01\/casa-sp-morar-mais-sp-2023-1.jpeg\" alt=\"No aconchego do lar\" class=\"wp-image-10115\" srcset=\"https:\/\/morarmais.com.br\/mms\/wp-content\/uploads\/2023\/01\/casa-sp-morar-mais-sp-2023-1.jpeg 1024w, https:\/\/morarmais.com.br\/mms\/wp-content\/uploads\/2023\/01\/casa-sp-morar-mais-sp-2023-1-300x225.jpeg 300w, https:\/\/morarmais.com.br\/mms\/wp-content\/uploads\/2023\/01\/casa-sp-morar-mais-sp-2023-1-768x576.jpeg 768w, https:\/\/morarmais.com.br\/mms\/wp-content\/uploads\/2023\/01\/casa-sp-morar-mais-sp-2023-1-350x263.jpeg 350w\" sizes=\"(max-width: 1024px) 100vw, 1024px\" \/><figcaption><em>Nem parece S\u00e3o paulo!<\/em><\/figcaption><\/figure>\n\n\n\n<p class=\" eplus-wrapper\">Nossa casa \u00e9 o lugar onde passamos a maior parte do nosso tempo, \u00e9 importante que&nbsp; seja acolhedora e confort\u00e1vel. A decora\u00e7\u00e3o ajuda a criar esse ambiente gostoso. trazendo conforto e bem-estar para todos os que nela&nbsp; residem.<br><meta charset=\"utf-8\">Confira alguns ambientes de edi\u00e7\u00f5es passadas e inspire-se com alguns elementos que podem ser usados para criar esse aconchego:<\/p>\n\n\n\n<p class=\" eplus-wrapper\"><strong>Cores quentes:<\/strong> tons de vermelho, laranja e amarelo s\u00e3o \u00f3timas solu\u00e7\u00f5es.<\/p>\n\n\n\n<div class=\"wp-block-jetpack-slideshow aligncenter\" data-effect=\"slide\"><div class=\"wp-block-jetpack-slideshow_container swiper-container\"><ul class=\"wp-block-jetpack-slideshow_swiper-wrapper swiper-wrapper\"><li class=\"wp-block-jetpack-slideshow_slide swiper-slide\"><figure><img decoding=\"async\" width=\"1024\" height=\"683\" alt=\"No aconchego do lar\" class=\"wp-block-jetpack-slideshow_image wp-image-10370\" data-id=\"10370\" src=\"https:\/\/morarmais.com.br\/mms\/wp-content\/uploads\/2023\/01\/MMBH22-\u00a9Ivan-Arau\u0301jo-28-1024x683.jpg\" srcset=\"https:\/\/morarmais.com.br\/mms\/wp-content\/uploads\/2023\/01\/MMBH22-\u00a9Ivan-Arau\u0301jo-28-1024x683.jpg 1024w, https:\/\/morarmais.com.br\/mms\/wp-content\/uploads\/2023\/01\/MMBH22-\u00a9Ivan-Arau\u0301jo-28-300x200.jpg 300w, https:\/\/morarmais.com.br\/mms\/wp-content\/uploads\/2023\/01\/MMBH22-\u00a9Ivan-Arau\u0301jo-28-768x512.jpg 768w, https:\/\/morarmais.com.br\/mms\/wp-content\/uploads\/2023\/01\/MMBH22-\u00a9Ivan-Arau\u0301jo-28-1536x1024.jpg 1536w, https:\/\/morarmais.com.br\/mms\/wp-content\/uploads\/2023\/01\/MMBH22-\u00a9Ivan-Arau\u0301jo-28-2048x1366.jpg 2048w, https:\/\/morarmais.com.br\/mms\/wp-content\/uploads\/2023\/01\/MMBH22-\u00a9Ivan-Arau\u0301jo-28-1200x800.jpg 1200w, https:\/\/morarmais.com.br\/mms\/wp-content\/uploads\/2023\/01\/MMBH22-\u00a9Ivan-Arau\u0301jo-28-930x620.jpg 930w, https:\/\/morarmais.com.br\/mms\/wp-content\/uploads\/2023\/01\/MMBH22-\u00a9Ivan-Arau\u0301jo-28-350x233.jpg 350w\" sizes=\"(max-width: 1024px) 100vw, 1024px\" \/><figcaption class=\"wp-block-jetpack-slideshow_caption gallery-caption\">Quarto da Jovem Artista, assinado por Let\u00edcia Lopes e Carolina Galantine &#8211; Morar Mais BH<\/figcaption><\/figure><\/li><li class=\"wp-block-jetpack-slideshow_slide swiper-slide\"><figure><img decoding=\"async\" width=\"1024\" height=\"683\" alt=\"No aconchego do lar\" class=\"wp-block-jetpack-slideshow_image wp-image-10369\" data-id=\"10369\" src=\"https:\/\/morarmais.com.br\/mms\/wp-content\/uploads\/2023\/01\/234A0606-1-1024x683.jpg\" srcset=\"https:\/\/morarmais.com.br\/mms\/wp-content\/uploads\/2023\/01\/234A0606-1-1024x683.jpg 1024w, https:\/\/morarmais.com.br\/mms\/wp-content\/uploads\/2023\/01\/234A0606-1-300x200.jpg 300w, https:\/\/morarmais.com.br\/mms\/wp-content\/uploads\/2023\/01\/234A0606-1-768x512.jpg 768w, https:\/\/morarmais.com.br\/mms\/wp-content\/uploads\/2023\/01\/234A0606-1-1536x1024.jpg 1536w, https:\/\/morarmais.com.br\/mms\/wp-content\/uploads\/2023\/01\/234A0606-1-2048x1365.jpg 2048w, https:\/\/morarmais.com.br\/mms\/wp-content\/uploads\/2023\/01\/234A0606-1-1200x800.jpg 1200w, https:\/\/morarmais.com.br\/mms\/wp-content\/uploads\/2023\/01\/234A0606-1-930x620.jpg 930w, https:\/\/morarmais.com.br\/mms\/wp-content\/uploads\/2023\/01\/234A0606-1-350x233.jpg 350w\" sizes=\"(max-width: 1024px) 100vw, 1024px\" \/><figcaption class=\"wp-block-jetpack-slideshow_caption gallery-caption\">Casa para viver Americanas, assinado por Unpack Design &#8211; Morar Mais Rio<\/figcaption><\/figure><\/li><li class=\"wp-block-jetpack-slideshow_slide swiper-slide\"><figure><img loading=\"lazy\" decoding=\"async\" width=\"1024\" height=\"683\" alt=\"No aconchego do lar\" class=\"wp-block-jetpack-slideshow_image wp-image-10378\" data-id=\"10378\" src=\"https:\/\/morarmais.com.br\/mms\/wp-content\/uploads\/2023\/01\/58-e-59-Refu\u0301gio-Temperado-Neza-Cesar-e-Sergio-de-Divitiis-7-1024x683.jpg\" srcset=\"https:\/\/morarmais.com.br\/mms\/wp-content\/uploads\/2023\/01\/58-e-59-Refu\u0301gio-Temperado-Neza-Cesar-e-Sergio-de-Divitiis-7-1024x683.jpg 1024w, https:\/\/morarmais.com.br\/mms\/wp-content\/uploads\/2023\/01\/58-e-59-Refu\u0301gio-Temperado-Neza-Cesar-e-Sergio-de-Divitiis-7-300x200.jpg 300w, https:\/\/morarmais.com.br\/mms\/wp-content\/uploads\/2023\/01\/58-e-59-Refu\u0301gio-Temperado-Neza-Cesar-e-Sergio-de-Divitiis-7-768x512.jpg 768w, https:\/\/morarmais.com.br\/mms\/wp-content\/uploads\/2023\/01\/58-e-59-Refu\u0301gio-Temperado-Neza-Cesar-e-Sergio-de-Divitiis-7-1200x800.jpg 1200w, https:\/\/morarmais.com.br\/mms\/wp-content\/uploads\/2023\/01\/58-e-59-Refu\u0301gio-Temperado-Neza-Cesar-e-Sergio-de-Divitiis-7-930x620.jpg 930w, https:\/\/morarmais.com.br\/mms\/wp-content\/uploads\/2023\/01\/58-e-59-Refu\u0301gio-Temperado-Neza-Cesar-e-Sergio-de-Divitiis-7-350x234.jpg 350w, https:\/\/morarmais.com.br\/mms\/wp-content\/uploads\/2023\/01\/58-e-59-Refu\u0301gio-Temperado-Neza-Cesar-e-Sergio-de-Divitiis-7.jpg 1280w\" sizes=\"(max-width: 1024px) 100vw, 1024px\" \/><figcaption class=\"wp-block-jetpack-slideshow_caption gallery-caption\">Ref\u00fagio Temperado, assinado por Neza Rodrigues e S\u00e9rio Divitiis &#8211; Morar Mais SP<\/figcaption><\/figure><\/li><\/ul><a class=\"wp-block-jetpack-slideshow_button-prev swiper-button-prev swiper-button-white\" role=\"button\"><\/a><a class=\"wp-block-jetpack-slideshow_button-next swiper-button-next swiper-button-white\" role=\"button\"><\/a><a aria-label=\"Pause Slideshow\" class=\"wp-block-jetpack-slideshow_button-pause\" role=\"button\"><\/a><div class=\"wp-block-jetpack-slideshow_pagination swiper-pagination swiper-pagination-white\"><\/div><\/div><\/div>\n\n\n\n<p class=\" eplus-wrapper\"><strong>Ilumina\u00e7\u00e3o:<\/strong> a luz natural \u00e9 ideal, mas tamb\u00e9m \u00e9 poss\u00edvel utilizar luzes indiretas e dimerizadas para criar um ambiente acolhedor \u00e0 noite.<\/p>\n\n\n\n<div class=\"wp-block-jetpack-slideshow aligncenter\" data-effect=\"slide\"><div class=\"wp-block-jetpack-slideshow_container swiper-container\"><ul class=\"wp-block-jetpack-slideshow_swiper-wrapper swiper-wrapper\"><li class=\"wp-block-jetpack-slideshow_slide swiper-slide\"><figure><img loading=\"lazy\" decoding=\"async\" width=\"1024\" height=\"687\" alt=\"No aconchego do lar\" class=\"wp-block-jetpack-slideshow_image wp-image-3122\" data-id=\"3122\" src=\"https:\/\/morarmais.com.br\/mms\/wp-content\/uploads\/2020\/04\/22.-Canto-de-Trabalho-Ju-Bortolotto-3.jpg\" srcset=\"https:\/\/morarmais.com.br\/mms\/wp-content\/uploads\/2020\/04\/22.-Canto-de-Trabalho-Ju-Bortolotto-3.jpg 1024w, https:\/\/morarmais.com.br\/mms\/wp-content\/uploads\/2020\/04\/22.-Canto-de-Trabalho-Ju-Bortolotto-3-300x201.jpg 300w, https:\/\/morarmais.com.br\/mms\/wp-content\/uploads\/2020\/04\/22.-Canto-de-Trabalho-Ju-Bortolotto-3-768x515.jpg 768w, https:\/\/morarmais.com.br\/mms\/wp-content\/uploads\/2020\/04\/22.-Canto-de-Trabalho-Ju-Bortolotto-3-350x235.jpg 350w\" sizes=\"(max-width: 1024px) 100vw, 1024px\" \/><figcaption class=\"wp-block-jetpack-slideshow_caption gallery-caption\">Canto de Trabalho &#8211; Ju Bortolotto<\/figcaption><\/figure><\/li><li class=\"wp-block-jetpack-slideshow_slide swiper-slide\"><figure><img loading=\"lazy\" decoding=\"async\" width=\"1024\" height=\"682\" alt=\"No aconchego do lar\" class=\"wp-block-jetpack-slideshow_image wp-image-10274\" data-id=\"10274\" src=\"https:\/\/morarmais.com.br\/mms\/wp-content\/uploads\/2023\/01\/B0A4845-1-29-Espac\u0327o-Decanto-Cozinha-E\u0301rica-Abinader-Lopes-de-Almeida-1-1024x682.jpg\" srcset=\"https:\/\/morarmais.com.br\/mms\/wp-content\/uploads\/2023\/01\/B0A4845-1-29-Espac\u0327o-Decanto-Cozinha-E\u0301rica-Abinader-Lopes-de-Almeida-1-1024x682.jpg 1024w, https:\/\/morarmais.com.br\/mms\/wp-content\/uploads\/2023\/01\/B0A4845-1-29-Espac\u0327o-Decanto-Cozinha-E\u0301rica-Abinader-Lopes-de-Almeida-1-300x200.jpg 300w, https:\/\/morarmais.com.br\/mms\/wp-content\/uploads\/2023\/01\/B0A4845-1-29-Espac\u0327o-Decanto-Cozinha-E\u0301rica-Abinader-Lopes-de-Almeida-1-768x512.jpg 768w, https:\/\/morarmais.com.br\/mms\/wp-content\/uploads\/2023\/01\/B0A4845-1-29-Espac\u0327o-Decanto-Cozinha-E\u0301rica-Abinader-Lopes-de-Almeida-1-1200x800.jpg 1200w, https:\/\/morarmais.com.br\/mms\/wp-content\/uploads\/2023\/01\/B0A4845-1-29-Espac\u0327o-Decanto-Cozinha-E\u0301rica-Abinader-Lopes-de-Almeida-1-930x620.jpg 930w, https:\/\/morarmais.com.br\/mms\/wp-content\/uploads\/2023\/01\/B0A4845-1-29-Espac\u0327o-Decanto-Cozinha-E\u0301rica-Abinader-Lopes-de-Almeida-1-350x233.jpg 350w, https:\/\/morarmais.com.br\/mms\/wp-content\/uploads\/2023\/01\/B0A4845-1-29-Espac\u0327o-Decanto-Cozinha-E\u0301rica-Abinader-Lopes-de-Almeida-1.jpg 1280w\" sizes=\"(max-width: 1024px) 100vw, 1024px\" \/><figcaption class=\"wp-block-jetpack-slideshow_caption gallery-caption\">Espa\u00e7o Decanto, assinado por \u00c9rica Abinader &#8211; Morar Mais Rio<\/figcaption><\/figure><\/li><li class=\"wp-block-jetpack-slideshow_slide swiper-slide\"><figure><img loading=\"lazy\" decoding=\"async\" width=\"1024\" height=\"683\" alt=\"No aconchego do lar\" class=\"wp-block-jetpack-slideshow_image wp-image-9266\" data-id=\"9266\" src=\"https:\/\/morarmais.com.br\/mms\/wp-content\/uploads\/2022\/08\/13-Sala-de-prosa_MMBH22_Ivan-Araujo_002-1024x683.jpg\" srcset=\"https:\/\/morarmais.com.br\/mms\/wp-content\/uploads\/2022\/08\/13-Sala-de-prosa_MMBH22_Ivan-Araujo_002-1024x683.jpg 1024w, https:\/\/morarmais.com.br\/mms\/wp-content\/uploads\/2022\/08\/13-Sala-de-prosa_MMBH22_Ivan-Araujo_002-300x200.jpg 300w, https:\/\/morarmais.com.br\/mms\/wp-content\/uploads\/2022\/08\/13-Sala-de-prosa_MMBH22_Ivan-Araujo_002-768x512.jpg 768w, https:\/\/morarmais.com.br\/mms\/wp-content\/uploads\/2022\/08\/13-Sala-de-prosa_MMBH22_Ivan-Araujo_002-1536x1024.jpg 1536w, https:\/\/morarmais.com.br\/mms\/wp-content\/uploads\/2022\/08\/13-Sala-de-prosa_MMBH22_Ivan-Araujo_002-2048x1365.jpg 2048w, https:\/\/morarmais.com.br\/mms\/wp-content\/uploads\/2022\/08\/13-Sala-de-prosa_MMBH22_Ivan-Araujo_002-1200x800.jpg 1200w, https:\/\/morarmais.com.br\/mms\/wp-content\/uploads\/2022\/08\/13-Sala-de-prosa_MMBH22_Ivan-Araujo_002-930x620.jpg 930w, https:\/\/morarmais.com.br\/mms\/wp-content\/uploads\/2022\/08\/13-Sala-de-prosa_MMBH22_Ivan-Araujo_002-350x233.jpg 350w\" sizes=\"(max-width: 1024px) 100vw, 1024px\" \/><figcaption class=\"wp-block-jetpack-slideshow_caption gallery-caption\">Sala de Prosa, assinada por Tarc\u00edsio Brum &#8211; Morar Mais BH<\/figcaption><\/figure><\/li><\/ul><a class=\"wp-block-jetpack-slideshow_button-prev swiper-button-prev swiper-button-white\" role=\"button\"><\/a><a class=\"wp-block-jetpack-slideshow_button-next swiper-button-next swiper-button-white\" role=\"button\"><\/a><a aria-label=\"Pause Slideshow\" class=\"wp-block-jetpack-slideshow_button-pause\" role=\"button\"><\/a><div class=\"wp-block-jetpack-slideshow_pagination swiper-pagination swiper-pagination-white\"><\/div><\/div><\/div>\n\n\n\n<p class=\" eplus-wrapper\"><br><strong>M\u00f3veis confort\u00e1veis:<\/strong> poltronas e sof\u00e1s confeccionados com tecidos macios convidam ao prazer do relaxamento<\/p>\n\n\n\n<div class=\"wp-block-jetpack-slideshow aligncenter\" data-effect=\"slide\"><div class=\"wp-block-jetpack-slideshow_container swiper-container\"><ul class=\"wp-block-jetpack-slideshow_swiper-wrapper swiper-wrapper\"><li class=\"wp-block-jetpack-slideshow_slide swiper-slide\"><figure><img loading=\"lazy\" decoding=\"async\" width=\"1024\" height=\"758\" alt=\"No aconchego do lar\" class=\"wp-block-jetpack-slideshow_image wp-image-10354\" data-id=\"10354\" src=\"https:\/\/morarmais.com.br\/mms\/wp-content\/uploads\/2023\/01\/60.-Jardim-da-Piscina_Marcelo-Faisal-5.jpg\" srcset=\"https:\/\/morarmais.com.br\/mms\/wp-content\/uploads\/2023\/01\/60.-Jardim-da-Piscina_Marcelo-Faisal-5.jpg 1024w, https:\/\/morarmais.com.br\/mms\/wp-content\/uploads\/2023\/01\/60.-Jardim-da-Piscina_Marcelo-Faisal-5-300x222.jpg 300w, https:\/\/morarmais.com.br\/mms\/wp-content\/uploads\/2023\/01\/60.-Jardim-da-Piscina_Marcelo-Faisal-5-768x569.jpg 768w, https:\/\/morarmais.com.br\/mms\/wp-content\/uploads\/2023\/01\/60.-Jardim-da-Piscina_Marcelo-Faisal-5-350x259.jpg 350w\" sizes=\"(max-width: 1024px) 100vw, 1024px\" \/><figcaption class=\"wp-block-jetpack-slideshow_caption gallery-caption\">Jardim da Piscina, assinado por Marcelo Faisal &#8211; Morar Mais SP<\/figcaption><\/figure><\/li><li class=\"wp-block-jetpack-slideshow_slide swiper-slide\"><figure><img loading=\"lazy\" decoding=\"async\" width=\"1024\" height=\"683\" alt=\"No aconchego do lar\" class=\"wp-block-jetpack-slideshow_image wp-image-10355\" data-id=\"10355\" src=\"https:\/\/morarmais.com.br\/mms\/wp-content\/uploads\/2023\/01\/MMBH22-\u00a9Ivan-Arau\u0301jo-4-1024x683.jpg\" srcset=\"https:\/\/morarmais.com.br\/mms\/wp-content\/uploads\/2023\/01\/MMBH22-\u00a9Ivan-Arau\u0301jo-4-1024x683.jpg 1024w, https:\/\/morarmais.com.br\/mms\/wp-content\/uploads\/2023\/01\/MMBH22-\u00a9Ivan-Arau\u0301jo-4-300x200.jpg 300w, https:\/\/morarmais.com.br\/mms\/wp-content\/uploads\/2023\/01\/MMBH22-\u00a9Ivan-Arau\u0301jo-4-768x512.jpg 768w, https:\/\/morarmais.com.br\/mms\/wp-content\/uploads\/2023\/01\/MMBH22-\u00a9Ivan-Arau\u0301jo-4-1536x1024.jpg 1536w, https:\/\/morarmais.com.br\/mms\/wp-content\/uploads\/2023\/01\/MMBH22-\u00a9Ivan-Arau\u0301jo-4-2048x1365.jpg 2048w, https:\/\/morarmais.com.br\/mms\/wp-content\/uploads\/2023\/01\/MMBH22-\u00a9Ivan-Arau\u0301jo-4-1200x800.jpg 1200w, https:\/\/morarmais.com.br\/mms\/wp-content\/uploads\/2023\/01\/MMBH22-\u00a9Ivan-Arau\u0301jo-4-930x620.jpg 930w, https:\/\/morarmais.com.br\/mms\/wp-content\/uploads\/2023\/01\/MMBH22-\u00a9Ivan-Arau\u0301jo-4-350x233.jpg 350w\" sizes=\"(max-width: 1024px) 100vw, 1024px\" \/><figcaption class=\"wp-block-jetpack-slideshow_caption gallery-caption\">Sala de Estar, assinada por Alex Meneses &#8211; Morar Mais BH<\/figcaption><\/figure><\/li><li class=\"wp-block-jetpack-slideshow_slide swiper-slide\"><figure><img loading=\"lazy\" decoding=\"async\" width=\"1024\" height=\"683\" alt=\"No aconchego do lar\" class=\"wp-block-jetpack-slideshow_image wp-image-10356\" data-id=\"10356\" src=\"https:\/\/morarmais.com.br\/mms\/wp-content\/uploads\/2023\/01\/MMBH22-\u00a9Ivan-Arau\u0301jo-49-1024x683.jpg\" srcset=\"https:\/\/morarmais.com.br\/mms\/wp-content\/uploads\/2023\/01\/MMBH22-\u00a9Ivan-Arau\u0301jo-49-1024x683.jpg 1024w, https:\/\/morarmais.com.br\/mms\/wp-content\/uploads\/2023\/01\/MMBH22-\u00a9Ivan-Arau\u0301jo-49-300x200.jpg 300w, https:\/\/morarmais.com.br\/mms\/wp-content\/uploads\/2023\/01\/MMBH22-\u00a9Ivan-Arau\u0301jo-49-768x512.jpg 768w, https:\/\/morarmais.com.br\/mms\/wp-content\/uploads\/2023\/01\/MMBH22-\u00a9Ivan-Arau\u0301jo-49-1536x1024.jpg 1536w, https:\/\/morarmais.com.br\/mms\/wp-content\/uploads\/2023\/01\/MMBH22-\u00a9Ivan-Arau\u0301jo-49-2048x1365.jpg 2048w, https:\/\/morarmais.com.br\/mms\/wp-content\/uploads\/2023\/01\/MMBH22-\u00a9Ivan-Arau\u0301jo-49-1200x800.jpg 1200w, https:\/\/morarmais.com.br\/mms\/wp-content\/uploads\/2023\/01\/MMBH22-\u00a9Ivan-Arau\u0301jo-49-930x620.jpg 930w, https:\/\/morarmais.com.br\/mms\/wp-content\/uploads\/2023\/01\/MMBH22-\u00a9Ivan-Arau\u0301jo-49-350x233.jpg 350w\" sizes=\"(max-width: 1024px) 100vw, 1024px\" \/><figcaption class=\"wp-block-jetpack-slideshow_caption gallery-caption\">Sala de Banho: A Flora, assinada por Yasmin Coelho Arquitetura e Alexia Moreira Arquitetura &#8211; Morar Mais BH<\/figcaption><\/figure><\/li><li class=\"wp-block-jetpack-slideshow_slide swiper-slide\"><figure><img loading=\"lazy\" decoding=\"async\" width=\"1024\" height=\"682\" alt=\"No aconchego do lar\" class=\"wp-block-jetpack-slideshow_image wp-image-10245\" data-id=\"10245\" src=\"https:\/\/morarmais.com.br\/mms\/wp-content\/uploads\/2023\/01\/B0A4135_1-49-Sala-Mar-Virna-Carvalho-1024x682.jpg\" srcset=\"https:\/\/morarmais.com.br\/mms\/wp-content\/uploads\/2023\/01\/B0A4135_1-49-Sala-Mar-Virna-Carvalho-1024x682.jpg 1024w, https:\/\/morarmais.com.br\/mms\/wp-content\/uploads\/2023\/01\/B0A4135_1-49-Sala-Mar-Virna-Carvalho-300x200.jpg 300w, https:\/\/morarmais.com.br\/mms\/wp-content\/uploads\/2023\/01\/B0A4135_1-49-Sala-Mar-Virna-Carvalho-768x512.jpg 768w, https:\/\/morarmais.com.br\/mms\/wp-content\/uploads\/2023\/01\/B0A4135_1-49-Sala-Mar-Virna-Carvalho-1200x800.jpg 1200w, https:\/\/morarmais.com.br\/mms\/wp-content\/uploads\/2023\/01\/B0A4135_1-49-Sala-Mar-Virna-Carvalho-930x620.jpg 930w, https:\/\/morarmais.com.br\/mms\/wp-content\/uploads\/2023\/01\/B0A4135_1-49-Sala-Mar-Virna-Carvalho-350x233.jpg 350w, https:\/\/morarmais.com.br\/mms\/wp-content\/uploads\/2023\/01\/B0A4135_1-49-Sala-Mar-Virna-Carvalho.jpg 1280w\" sizes=\"(max-width: 1024px) 100vw, 1024px\" \/><figcaption class=\"wp-block-jetpack-slideshow_caption gallery-caption\">Sala Mar, assinada por Virna Carvalho &#8211; Morar Mais Rio<\/figcaption><\/figure><\/li><\/ul><a class=\"wp-block-jetpack-slideshow_button-prev swiper-button-prev swiper-button-white\" role=\"button\"><\/a><a class=\"wp-block-jetpack-slideshow_button-next swiper-button-next swiper-button-white\" role=\"button\"><\/a><a aria-label=\"Pause Slideshow\" class=\"wp-block-jetpack-slideshow_button-pause\" role=\"button\"><\/a><div class=\"wp-block-jetpack-slideshow_pagination swiper-pagination swiper-pagination-white\"><\/div><\/div><\/div>\n\n\n\n<p class=\" eplus-wrapper\"><strong>Tecidos macios:<\/strong> cobrir o sof\u00e1 ou as cadeiras com tecidos macios, como l\u00e3 ou veludo, ajudam a criar um ambiente acolhedor e confort\u00e1vel.<\/p>\n\n\n\n<div class=\"wp-block-jetpack-slideshow aligncenter\" data-effect=\"slide\"><div class=\"wp-block-jetpack-slideshow_container swiper-container\"><ul class=\"wp-block-jetpack-slideshow_swiper-wrapper swiper-wrapper\"><li class=\"wp-block-jetpack-slideshow_slide swiper-slide\"><figure><img loading=\"lazy\" decoding=\"async\" width=\"1280\" height=\"853\" alt=\"\" class=\"wp-block-jetpack-slideshow_image wp-image-10287\" data-id=\"10287\" src=\"https:\/\/morarmais.com.br\/mms\/wp-content\/uploads\/2023\/01\/B0A5305_1-47-Galeria-Po\u0302r-do-sol-no-Rio-Juliana-Toledo-1.jpg\" srcset=\"https:\/\/morarmais.com.br\/mms\/wp-content\/uploads\/2023\/01\/B0A5305_1-47-Galeria-Po\u0302r-do-sol-no-Rio-Juliana-Toledo-1.jpg 1280w, https:\/\/morarmais.com.br\/mms\/wp-content\/uploads\/2023\/01\/B0A5305_1-47-Galeria-Po\u0302r-do-sol-no-Rio-Juliana-Toledo-1-300x200.jpg 300w, https:\/\/morarmais.com.br\/mms\/wp-content\/uploads\/2023\/01\/B0A5305_1-47-Galeria-Po\u0302r-do-sol-no-Rio-Juliana-Toledo-1-1024x682.jpg 1024w, https:\/\/morarmais.com.br\/mms\/wp-content\/uploads\/2023\/01\/B0A5305_1-47-Galeria-Po\u0302r-do-sol-no-Rio-Juliana-Toledo-1-768x512.jpg 768w, https:\/\/morarmais.com.br\/mms\/wp-content\/uploads\/2023\/01\/B0A5305_1-47-Galeria-Po\u0302r-do-sol-no-Rio-Juliana-Toledo-1-1200x800.jpg 1200w, https:\/\/morarmais.com.br\/mms\/wp-content\/uploads\/2023\/01\/B0A5305_1-47-Galeria-Po\u0302r-do-sol-no-Rio-Juliana-Toledo-1-930x620.jpg 930w, https:\/\/morarmais.com.br\/mms\/wp-content\/uploads\/2023\/01\/B0A5305_1-47-Galeria-Po\u0302r-do-sol-no-Rio-Juliana-Toledo-1-350x233.jpg 350w\" sizes=\"(max-width: 1280px) 100vw, 1280px\" \/><figcaption class=\"wp-block-jetpack-slideshow_caption gallery-caption\">Galeria P\u00f4r do Sol, assinada por Juliana Toledo &#8211; Morar Mais Rio<\/figcaption><\/figure><\/li><li class=\"wp-block-jetpack-slideshow_slide swiper-slide\"><figure><img loading=\"lazy\" decoding=\"async\" width=\"1024\" height=\"682\" alt=\"\" class=\"wp-block-jetpack-slideshow_image wp-image-10357\" data-id=\"10357\" src=\"https:\/\/morarmais.com.br\/mms\/wp-content\/uploads\/2023\/01\/Design-sem-nome-4.png\" srcset=\"https:\/\/morarmais.com.br\/mms\/wp-content\/uploads\/2023\/01\/Design-sem-nome-4.png 1024w, https:\/\/morarmais.com.br\/mms\/wp-content\/uploads\/2023\/01\/Design-sem-nome-4-300x200.png 300w, https:\/\/morarmais.com.br\/mms\/wp-content\/uploads\/2023\/01\/Design-sem-nome-4-768x512.png 768w, https:\/\/morarmais.com.br\/mms\/wp-content\/uploads\/2023\/01\/Design-sem-nome-4-930x620.png 930w, https:\/\/morarmais.com.br\/mms\/wp-content\/uploads\/2023\/01\/Design-sem-nome-4-350x233.png 350w\" sizes=\"(max-width: 1024px) 100vw, 1024px\" \/><figcaption class=\"wp-block-jetpack-slideshow_caption gallery-caption\">Estar da Fam\u00edlia, assinado por Nat\u00e1lia Faria e Rodrigo Rochet &#8211; Morar Mais SP<\/figcaption><\/figure><\/li><li class=\"wp-block-jetpack-slideshow_slide swiper-slide\"><figure><img loading=\"lazy\" decoding=\"async\" width=\"2560\" height=\"1707\" alt=\"\" class=\"wp-block-jetpack-slideshow_image wp-image-10358\" data-id=\"10358\" src=\"https:\/\/morarmais.com.br\/mms\/wp-content\/uploads\/2023\/01\/MMBH22-\u00a9Ivan-Arau\u0301jo-33-scaled.jpg\" srcset=\"https:\/\/morarmais.com.br\/mms\/wp-content\/uploads\/2023\/01\/MMBH22-\u00a9Ivan-Arau\u0301jo-33-scaled.jpg 2560w, https:\/\/morarmais.com.br\/mms\/wp-content\/uploads\/2023\/01\/MMBH22-\u00a9Ivan-Arau\u0301jo-33-300x200.jpg 300w, https:\/\/morarmais.com.br\/mms\/wp-content\/uploads\/2023\/01\/MMBH22-\u00a9Ivan-Arau\u0301jo-33-1024x683.jpg 1024w, https:\/\/morarmais.com.br\/mms\/wp-content\/uploads\/2023\/01\/MMBH22-\u00a9Ivan-Arau\u0301jo-33-768x512.jpg 768w, https:\/\/morarmais.com.br\/mms\/wp-content\/uploads\/2023\/01\/MMBH22-\u00a9Ivan-Arau\u0301jo-33-1536x1024.jpg 1536w, https:\/\/morarmais.com.br\/mms\/wp-content\/uploads\/2023\/01\/MMBH22-\u00a9Ivan-Arau\u0301jo-33-2048x1365.jpg 2048w, https:\/\/morarmais.com.br\/mms\/wp-content\/uploads\/2023\/01\/MMBH22-\u00a9Ivan-Arau\u0301jo-33-1200x800.jpg 1200w, https:\/\/morarmais.com.br\/mms\/wp-content\/uploads\/2023\/01\/MMBH22-\u00a9Ivan-Arau\u0301jo-33-930x620.jpg 930w, https:\/\/morarmais.com.br\/mms\/wp-content\/uploads\/2023\/01\/MMBH22-\u00a9Ivan-Arau\u0301jo-33-350x233.jpg 350w\" sizes=\"(max-width: 2560px) 100vw, 2560px\" \/><figcaption class=\"wp-block-jetpack-slideshow_caption gallery-caption\">Sala de Jantar Brisa, assinada por Maria Luiza Zacour e Marcela Ribeiro &#8211; Morar Mais BH<\/figcaption><\/figure><\/li><\/ul><a class=\"wp-block-jetpack-slideshow_button-prev swiper-button-prev swiper-button-white\" role=\"button\"><\/a><a class=\"wp-block-jetpack-slideshow_button-next swiper-button-next swiper-button-white\" role=\"button\"><\/a><a aria-label=\"Pause Slideshow\" class=\"wp-block-jetpack-slideshow_button-pause\" role=\"button\"><\/a><div class=\"wp-block-jetpack-slideshow_pagination swiper-pagination swiper-pagination-white\"><\/div><\/div><\/div>\n\n\n\n<p class=\" eplus-wrapper\"><strong>Plantas:<\/strong> as plantas trazem vida e aconchego ao lar. Priorize esp\u00e9cies que sejam f\u00e1ceis de cuidar e que sejam adequadas ao clima da sua regi\u00e3o.<\/p>\n\n\n\n<div class=\"wp-block-jetpack-slideshow aligncenter\" data-effect=\"slide\"><div class=\"wp-block-jetpack-slideshow_container swiper-container\"><ul class=\"wp-block-jetpack-slideshow_swiper-wrapper swiper-wrapper\"><li class=\"wp-block-jetpack-slideshow_slide swiper-slide\"><figure><img loading=\"lazy\" decoding=\"async\" width=\"2560\" height=\"1706\" alt=\"\" class=\"wp-block-jetpack-slideshow_image wp-image-10360\" data-id=\"10360\" src=\"https:\/\/morarmais.com.br\/mms\/wp-content\/uploads\/2023\/01\/MMBH22-\u00a9Ivan-Arau\u0301jo-6-scaled.jpg\" srcset=\"https:\/\/morarmais.com.br\/mms\/wp-content\/uploads\/2023\/01\/MMBH22-\u00a9Ivan-Arau\u0301jo-6-scaled.jpg 2560w, https:\/\/morarmais.com.br\/mms\/wp-content\/uploads\/2023\/01\/MMBH22-\u00a9Ivan-Arau\u0301jo-6-300x200.jpg 300w, https:\/\/morarmais.com.br\/mms\/wp-content\/uploads\/2023\/01\/MMBH22-\u00a9Ivan-Arau\u0301jo-6-1024x683.jpg 1024w, https:\/\/morarmais.com.br\/mms\/wp-content\/uploads\/2023\/01\/MMBH22-\u00a9Ivan-Arau\u0301jo-6-768x512.jpg 768w, https:\/\/morarmais.com.br\/mms\/wp-content\/uploads\/2023\/01\/MMBH22-\u00a9Ivan-Arau\u0301jo-6-1536x1024.jpg 1536w, https:\/\/morarmais.com.br\/mms\/wp-content\/uploads\/2023\/01\/MMBH22-\u00a9Ivan-Arau\u0301jo-6-2048x1365.jpg 2048w, https:\/\/morarmais.com.br\/mms\/wp-content\/uploads\/2023\/01\/MMBH22-\u00a9Ivan-Arau\u0301jo-6-1200x800.jpg 1200w, https:\/\/morarmais.com.br\/mms\/wp-content\/uploads\/2023\/01\/MMBH22-\u00a9Ivan-Arau\u0301jo-6-930x620.jpg 930w, https:\/\/morarmais.com.br\/mms\/wp-content\/uploads\/2023\/01\/MMBH22-\u00a9Ivan-Arau\u0301jo-6-350x233.jpg 350w\" sizes=\"(max-width: 2560px) 100vw, 2560px\" \/><figcaption class=\"wp-block-jetpack-slideshow_caption gallery-caption\">O Nosso Quintal, assinado por Fernanda Lucena, Ana Am\u00e9lia Goulart e Aline Ferreira &#8211; Morar Mais BH<\/figcaption><\/figure><\/li><li class=\"wp-block-jetpack-slideshow_slide swiper-slide\"><figure><img loading=\"lazy\" decoding=\"async\" width=\"1280\" height=\"853\" alt=\"\" class=\"wp-block-jetpack-slideshow_image wp-image-10359\" data-id=\"10359\" src=\"https:\/\/morarmais.com.br\/mms\/wp-content\/uploads\/2023\/01\/49-Estar-da-Fami\u0301lia-por-Rodrigo-Rochet-e-Nata\u0301lia-Faria-54.jpg\" srcset=\"https:\/\/morarmais.com.br\/mms\/wp-content\/uploads\/2023\/01\/49-Estar-da-Fami\u0301lia-por-Rodrigo-Rochet-e-Nata\u0301lia-Faria-54.jpg 1280w, https:\/\/morarmais.com.br\/mms\/wp-content\/uploads\/2023\/01\/49-Estar-da-Fami\u0301lia-por-Rodrigo-Rochet-e-Nata\u0301lia-Faria-54-300x200.jpg 300w, https:\/\/morarmais.com.br\/mms\/wp-content\/uploads\/2023\/01\/49-Estar-da-Fami\u0301lia-por-Rodrigo-Rochet-e-Nata\u0301lia-Faria-54-1024x682.jpg 1024w, https:\/\/morarmais.com.br\/mms\/wp-content\/uploads\/2023\/01\/49-Estar-da-Fami\u0301lia-por-Rodrigo-Rochet-e-Nata\u0301lia-Faria-54-768x512.jpg 768w, https:\/\/morarmais.com.br\/mms\/wp-content\/uploads\/2023\/01\/49-Estar-da-Fami\u0301lia-por-Rodrigo-Rochet-e-Nata\u0301lia-Faria-54-1200x800.jpg 1200w, https:\/\/morarmais.com.br\/mms\/wp-content\/uploads\/2023\/01\/49-Estar-da-Fami\u0301lia-por-Rodrigo-Rochet-e-Nata\u0301lia-Faria-54-930x620.jpg 930w, https:\/\/morarmais.com.br\/mms\/wp-content\/uploads\/2023\/01\/49-Estar-da-Fami\u0301lia-por-Rodrigo-Rochet-e-Nata\u0301lia-Faria-54-350x233.jpg 350w\" sizes=\"(max-width: 1280px) 100vw, 1280px\" \/><figcaption class=\"wp-block-jetpack-slideshow_caption gallery-caption\">Estar da Fam\u00edlia, assinado por Nat\u00e1lia Faria e Rodrigo Rochet &#8211; Morar Mais SP<\/figcaption><\/figure><\/li><li class=\"wp-block-jetpack-slideshow_slide swiper-slide\"><figure><img loading=\"lazy\" decoding=\"async\" width=\"1280\" height=\"853\" alt=\"\" class=\"wp-block-jetpack-slideshow_image wp-image-3100\" data-id=\"3100\" src=\"https:\/\/morarmais.com.br\/mms\/wp-content\/uploads\/2020\/04\/36_-Apartamento-Quinto-Andar-Marcella-Bacellar-MM-Rio-2019.jpg\" srcset=\"https:\/\/morarmais.com.br\/mms\/wp-content\/uploads\/2020\/04\/36_-Apartamento-Quinto-Andar-Marcella-Bacellar-MM-Rio-2019.jpg 1280w, https:\/\/morarmais.com.br\/mms\/wp-content\/uploads\/2020\/04\/36_-Apartamento-Quinto-Andar-Marcella-Bacellar-MM-Rio-2019-300x200.jpg 300w, https:\/\/morarmais.com.br\/mms\/wp-content\/uploads\/2020\/04\/36_-Apartamento-Quinto-Andar-Marcella-Bacellar-MM-Rio-2019-1024x682.jpg 1024w, https:\/\/morarmais.com.br\/mms\/wp-content\/uploads\/2020\/04\/36_-Apartamento-Quinto-Andar-Marcella-Bacellar-MM-Rio-2019-768x512.jpg 768w, https:\/\/morarmais.com.br\/mms\/wp-content\/uploads\/2020\/04\/36_-Apartamento-Quinto-Andar-Marcella-Bacellar-MM-Rio-2019-930x620.jpg 930w, https:\/\/morarmais.com.br\/mms\/wp-content\/uploads\/2020\/04\/36_-Apartamento-Quinto-Andar-Marcella-Bacellar-MM-Rio-2019-350x233.jpg 350w\" sizes=\"(max-width: 1280px) 100vw, 1280px\" \/><figcaption class=\"wp-block-jetpack-slideshow_caption gallery-caption\">Apartamento QuintoAndar, assinado pelo escrit\u00f3rio Marcella Bacellar Studio &#8211; Morar Mais Rio<\/figcaption><\/figure><\/li><\/ul><a class=\"wp-block-jetpack-slideshow_button-prev swiper-button-prev swiper-button-white\" role=\"button\"><\/a><a class=\"wp-block-jetpack-slideshow_button-next swiper-button-next swiper-button-white\" role=\"button\"><\/a><a aria-label=\"Pause Slideshow\" class=\"wp-block-jetpack-slideshow_button-pause\" role=\"button\"><\/a><div class=\"wp-block-jetpack-slideshow_pagination swiper-pagination swiper-pagination-white\"><\/div><\/div><\/div>\n\n\n\n<p class=\" eplus-wrapper\"><strong>Quadros e objetos de decora\u00e7\u00e3o:<\/strong> adicione quadros e objetos de decora\u00e7\u00e3o que sejam inspiradores que remetem a boas mem\u00f3rias.<\/p>\n\n\n\n<div class=\"wp-block-jetpack-slideshow aligncenter\" data-effect=\"slide\"><div class=\"wp-block-jetpack-slideshow_container swiper-container\"><ul class=\"wp-block-jetpack-slideshow_swiper-wrapper swiper-wrapper\"><li class=\"wp-block-jetpack-slideshow_slide swiper-slide\"><figure><img loading=\"lazy\" decoding=\"async\" width=\"1024\" height=\"683\" alt=\"\" class=\"wp-block-jetpack-slideshow_image wp-image-9272\" data-id=\"9272\" src=\"https:\/\/morarmais.com.br\/mms\/wp-content\/uploads\/2022\/08\/14-Quarto-de-hospedes_MMBH22_Ivan-Araujo_002-1024x683.jpg\" srcset=\"https:\/\/morarmais.com.br\/mms\/wp-content\/uploads\/2022\/08\/14-Quarto-de-hospedes_MMBH22_Ivan-Araujo_002-1024x683.jpg 1024w, https:\/\/morarmais.com.br\/mms\/wp-content\/uploads\/2022\/08\/14-Quarto-de-hospedes_MMBH22_Ivan-Araujo_002-300x200.jpg 300w, https:\/\/morarmais.com.br\/mms\/wp-content\/uploads\/2022\/08\/14-Quarto-de-hospedes_MMBH22_Ivan-Araujo_002-768x512.jpg 768w, https:\/\/morarmais.com.br\/mms\/wp-content\/uploads\/2022\/08\/14-Quarto-de-hospedes_MMBH22_Ivan-Araujo_002-1536x1024.jpg 1536w, https:\/\/morarmais.com.br\/mms\/wp-content\/uploads\/2022\/08\/14-Quarto-de-hospedes_MMBH22_Ivan-Araujo_002-2048x1365.jpg 2048w, https:\/\/morarmais.com.br\/mms\/wp-content\/uploads\/2022\/08\/14-Quarto-de-hospedes_MMBH22_Ivan-Araujo_002-1200x800.jpg 1200w, https:\/\/morarmais.com.br\/mms\/wp-content\/uploads\/2022\/08\/14-Quarto-de-hospedes_MMBH22_Ivan-Araujo_002-930x620.jpg 930w, https:\/\/morarmais.com.br\/mms\/wp-content\/uploads\/2022\/08\/14-Quarto-de-hospedes_MMBH22_Ivan-Araujo_002-350x233.jpg 350w\" sizes=\"(max-width: 1024px) 100vw, 1024px\" \/><figcaption class=\"wp-block-jetpack-slideshow_caption gallery-caption\">Quarto de H\u00f3spedes, assinado por Fernanda Loressa &#8211; Morar Mais BH<\/figcaption><\/figure><\/li><li class=\"wp-block-jetpack-slideshow_slide swiper-slide\"><figure><img loading=\"lazy\" decoding=\"async\" width=\"1024\" height=\"683\" alt=\"\" class=\"wp-block-jetpack-slideshow_image wp-image-10374\" data-id=\"10374\" src=\"https:\/\/morarmais.com.br\/mms\/wp-content\/uploads\/2023\/01\/5-Estu\u0301dio-da-Lareira-Idalia-Daudt-18-1024x683.jpg\" srcset=\"https:\/\/morarmais.com.br\/mms\/wp-content\/uploads\/2023\/01\/5-Estu\u0301dio-da-Lareira-Idalia-Daudt-18-1024x683.jpg 1024w, https:\/\/morarmais.com.br\/mms\/wp-content\/uploads\/2023\/01\/5-Estu\u0301dio-da-Lareira-Idalia-Daudt-18-300x200.jpg 300w, https:\/\/morarmais.com.br\/mms\/wp-content\/uploads\/2023\/01\/5-Estu\u0301dio-da-Lareira-Idalia-Daudt-18-768x512.jpg 768w, https:\/\/morarmais.com.br\/mms\/wp-content\/uploads\/2023\/01\/5-Estu\u0301dio-da-Lareira-Idalia-Daudt-18-1200x800.jpg 1200w, https:\/\/morarmais.com.br\/mms\/wp-content\/uploads\/2023\/01\/5-Estu\u0301dio-da-Lareira-Idalia-Daudt-18-930x620.jpg 930w, https:\/\/morarmais.com.br\/mms\/wp-content\/uploads\/2023\/01\/5-Estu\u0301dio-da-Lareira-Idalia-Daudt-18-350x234.jpg 350w, https:\/\/morarmais.com.br\/mms\/wp-content\/uploads\/2023\/01\/5-Estu\u0301dio-da-Lareira-Idalia-Daudt-18.jpg 1280w\" sizes=\"(max-width: 1024px) 100vw, 1024px\" \/><figcaption class=\"wp-block-jetpack-slideshow_caption gallery-caption\">Est\u00fadio da Lareira, assinado por Idalia Daudt &#8211; Morar Mais SP<\/figcaption><\/figure><\/li><li class=\"wp-block-jetpack-slideshow_slide swiper-slide\"><figure><img loading=\"lazy\" decoding=\"async\" width=\"1024\" height=\"682\" alt=\"\" class=\"wp-block-jetpack-slideshow_image wp-image-5914\" data-id=\"5914\" src=\"https:\/\/morarmais.com.br\/mms\/wp-content\/uploads\/2021\/05\/13.-Sala-Suburbano-Corac\u0327a\u0303o-Janete-Oldemburg-_-1-RIO-2017-1024x682.jpg\" srcset=\"https:\/\/morarmais.com.br\/mms\/wp-content\/uploads\/2021\/05\/13.-Sala-Suburbano-Corac\u0327a\u0303o-Janete-Oldemburg-_-1-RIO-2017-1024x682.jpg 1024w, https:\/\/morarmais.com.br\/mms\/wp-content\/uploads\/2021\/05\/13.-Sala-Suburbano-Corac\u0327a\u0303o-Janete-Oldemburg-_-1-RIO-2017-300x200.jpg 300w, https:\/\/morarmais.com.br\/mms\/wp-content\/uploads\/2021\/05\/13.-Sala-Suburbano-Corac\u0327a\u0303o-Janete-Oldemburg-_-1-RIO-2017-768x512.jpg 768w, https:\/\/morarmais.com.br\/mms\/wp-content\/uploads\/2021\/05\/13.-Sala-Suburbano-Corac\u0327a\u0303o-Janete-Oldemburg-_-1-RIO-2017-930x620.jpg 930w, https:\/\/morarmais.com.br\/mms\/wp-content\/uploads\/2021\/05\/13.-Sala-Suburbano-Corac\u0327a\u0303o-Janete-Oldemburg-_-1-RIO-2017-350x233.jpg 350w, https:\/\/morarmais.com.br\/mms\/wp-content\/uploads\/2021\/05\/13.-Sala-Suburbano-Corac\u0327a\u0303o-Janete-Oldemburg-_-1-RIO-2017.jpg 1280w\" sizes=\"(max-width: 1024px) 100vw, 1024px\" \/><figcaption class=\"wp-block-jetpack-slideshow_caption gallery-caption\">Sala Suburbano Cora\u00e7\u00e3o, assinada por Odete Oldemburg &#8211; Morar Mais Rio<\/figcaption><\/figure><\/li><\/ul><a class=\"wp-block-jetpack-slideshow_button-prev swiper-button-prev swiper-button-white\" role=\"button\"><\/a><a class=\"wp-block-jetpack-slideshow_button-next swiper-button-next swiper-button-white\" role=\"button\"><\/a><a aria-label=\"Pause Slideshow\" class=\"wp-block-jetpack-slideshow_button-pause\" role=\"button\"><\/a><div class=\"wp-block-jetpack-slideshow_pagination swiper-pagination swiper-pagination-white\"><\/div><\/div><\/div>\n\n\n\n<p class=\" eplus-wrapper\">A decora\u00e7\u00e3o \u00e9 uma forma de expressar nossa personalidade. Seja fiel a tudo que voc\u00ea gosta, e procure sempre objetos e materiais de&nbsp; qualidade. Lembre-se,&nbsp;sua casa \u00e9&nbsp;seu ref\u00fagio, seu porto&nbsp;seguro e ningu\u00e9m mais do que as pessoas que voc\u00ea ama merecem esses privil\u00e9gios.<\/p>\n\n\n\n<p class=\" eplus-wrapper\"><\/p>\n\n\n\n<p class=\"has-medium-font-size eplus-wrapper\"><strong>Quer participar da Edi\u00e7\u00e3o 2023? Entre em contato com a gente!<\/strong><\/p>\n\n\n\n<p class=\" eplus-wrapper\">Acompanhe as nossas redes sociais e fique por dentro de todas as novidades do Morar Mais! Fique de olho no nosso&nbsp;<a href=\"http:\/\/instagram.com\/morarmaispormenos\">Instagram<\/a>!<\/p>\n\n\n\n<p class=\" eplus-wrapper\">Texto: Ale Devecchi<\/p>\n","protected":false},"excerpt":{"rendered":"<p>Morar Mais&nbsp; \u00e9 isso: casa com abra\u00e7o, ref\u00fagio, aconchego, casa pra chegar e ter pregui\u00e7a de sair, ir ficando&#8230; ficando&#8230;&nbsp;&nbsp;&nbsp; Nossa casa \u00e9 o lugar onde passamos a maior parte do nosso tempo, \u00e9 importante que&nbsp; seja acolhedora e confort\u00e1vel. A decora\u00e7\u00e3o ajuda a criar esse ambiente gostoso. trazendo conforto e bem-estar para todos os&hellip;&nbsp;<a href=\"https:\/\/morarmais.com.br\/mms\/no-aconchego-do-lar\/\" rel=\"bookmark\">Continue a ler &raquo;<span class=\"screen-reader-text\">No aconchego do lar<\/span><\/a><\/p>\n","protected":false},"author":6,"featured_media":10524,"comment_status":"open","ping_status":"open","sticky":false,"template":"","format":"standard","meta":{"_eb_attr":"","editor_plus_copied_stylings":"{}","neve_meta_sidebar":"","neve_meta_container":"","neve_meta_enable_content_width":"","neve_meta_content_width":0,"neve_meta_title_alignment":"","neve_meta_author_avatar":"","neve_post_elements_order":"","neve_meta_disable_header":"","neve_meta_disable_footer":"","neve_meta_disable_title":"","_themeisle_gutenberg_block_has_review":false,"_vp_format_video_url":"","_vp_image_focal_point":[],"footnotes":""},"categories":[23,27],"tags":[],"class_list":["post-10353","post","type-post","status-publish","format-standard","has-post-thumbnail","hentry","category-home","category-morarmais-aposta"],"yoast_head":"<!-- This site is optimized with the Yoast SEO plugin v25.6 - https:\/\/yoast.com\/wordpress\/plugins\/seo\/ -->\n<title>No aconchego do lar - Morar mais<\/title>\n<meta name=\"description\" content=\"Morar Mais\u00a0 \u00e9 isso: casa com abra\u00e7o, ref\u00fagio, aconchego, casa pra chegar e ter pregui\u00e7a de sair, ir ficando... ficando...\u00a0\u00a0\u00a0\" \/>\n<meta name=\"robots\" content=\"index, follow, max-snippet:-1, max-image-preview:large, max-video-preview:-1\" \/>\n<link rel=\"canonical\" href=\"https:\/\/morarmais.com.br\/mms\/no-aconchego-do-lar\/\" \/>\n<meta property=\"og:locale\" content=\"pt_BR\" \/>\n<meta property=\"og:type\" content=\"article\" \/>\n<meta property=\"og:title\" content=\"No aconchego do lar - Morar mais\" \/>\n<meta property=\"og:description\" content=\"Morar Mais\u00a0 \u00e9 isso: casa com abra\u00e7o, ref\u00fagio, aconchego, casa pra chegar e ter pregui\u00e7a de sair, ir ficando... ficando...\u00a0\u00a0\u00a0\" \/>\n<meta property=\"og:url\" content=\"https:\/\/morarmais.com.br\/mms\/no-aconchego-do-lar\/\" \/>\n<meta property=\"og:site_name\" content=\"Morar mais\" \/>\n<meta property=\"article:publisher\" content=\"https:\/\/www.facebook.com\/morarmais\" \/>\n<meta property=\"article:published_time\" content=\"2023-01-31T22:07:42+00:00\" \/>\n<meta property=\"article:modified_time\" content=\"2023-03-07T10:28:55+00:00\" \/>\n<meta property=\"og:image\" content=\"https:\/\/morarmais.com.br\/mms\/wp-content\/uploads\/2023\/01\/maior-desfoque-e1678184919946.jpg\" \/>\n\t<meta property=\"og:image:width\" content=\"908\" \/>\n\t<meta property=\"og:image:height\" content=\"657\" \/>\n\t<meta property=\"og:image:type\" content=\"image\/jpeg\" \/>\n<meta name=\"author\" content=\"Ale Devecchi\" \/>\n<meta name=\"twitter:card\" content=\"summary_large_image\" \/>\n<meta name=\"twitter:label1\" content=\"Escrito por\" \/>\n\t<meta name=\"twitter:data1\" content=\"Ale Devecchi\" \/>\n\t<meta name=\"twitter:label2\" content=\"Est. tempo de leitura\" \/>\n\t<meta name=\"twitter:data2\" content=\"7 minutos\" \/>\n<script type=\"application\/ld+json\" class=\"yoast-schema-graph\">{\"@context\":\"https:\/\/schema.org\",\"@graph\":[{\"@type\":\"Article\",\"@id\":\"https:\/\/morarmais.com.br\/mms\/no-aconchego-do-lar\/#article\",\"isPartOf\":{\"@id\":\"https:\/\/morarmais.com.br\/mms\/no-aconchego-do-lar\/\"},\"author\":{\"name\":\"Ale Devecchi\",\"@id\":\"https:\/\/morarmais.com.br\/mms\/#\/schema\/person\/67dda048cb1edaf0c66d3a7787857c2a\"},\"headline\":\"No aconchego do lar\",\"datePublished\":\"2023-01-31T22:07:42+00:00\",\"dateModified\":\"2023-03-07T10:28:55+00:00\",\"mainEntityOfPage\":{\"@id\":\"https:\/\/morarmais.com.br\/mms\/no-aconchego-do-lar\/\"},\"wordCount\":560,\"commentCount\":0,\"publisher\":{\"@id\":\"https:\/\/morarmais.com.br\/mms\/#organization\"},\"image\":{\"@id\":\"https:\/\/morarmais.com.br\/mms\/no-aconchego-do-lar\/#primaryimage\"},\"thumbnailUrl\":\"https:\/\/morarmais.com.br\/mms\/wp-content\/uploads\/2023\/01\/maior-desfoque-e1678184919946.jpg\",\"articleSection\":[\"Home\",\"Morar Mais Aposta\"],\"inLanguage\":\"pt-BR\",\"potentialAction\":[{\"@type\":\"CommentAction\",\"name\":\"Comment\",\"target\":[\"https:\/\/morarmais.com.br\/mms\/no-aconchego-do-lar\/#respond\"]}]},{\"@type\":\"WebPage\",\"@id\":\"https:\/\/morarmais.com.br\/mms\/no-aconchego-do-lar\/\",\"url\":\"https:\/\/morarmais.com.br\/mms\/no-aconchego-do-lar\/\",\"name\":\"No aconchego do lar - Morar mais\",\"isPartOf\":{\"@id\":\"https:\/\/morarmais.com.br\/mms\/#website\"},\"primaryImageOfPage\":{\"@id\":\"https:\/\/morarmais.com.br\/mms\/no-aconchego-do-lar\/#primaryimage\"},\"image\":{\"@id\":\"https:\/\/morarmais.com.br\/mms\/no-aconchego-do-lar\/#primaryimage\"},\"thumbnailUrl\":\"https:\/\/morarmais.com.br\/mms\/wp-content\/uploads\/2023\/01\/maior-desfoque-e1678184919946.jpg\",\"datePublished\":\"2023-01-31T22:07:42+00:00\",\"dateModified\":\"2023-03-07T10:28:55+00:00\",\"description\":\"Morar Mais\u00a0 \u00e9 isso: casa com abra\u00e7o, ref\u00fagio, aconchego, casa pra chegar e ter pregui\u00e7a de sair, ir ficando... ficando...\u00a0\u00a0\u00a0\",\"breadcrumb\":{\"@id\":\"https:\/\/morarmais.com.br\/mms\/no-aconchego-do-lar\/#breadcrumb\"},\"inLanguage\":\"pt-BR\",\"potentialAction\":[{\"@type\":\"ReadAction\",\"target\":[\"https:\/\/morarmais.com.br\/mms\/no-aconchego-do-lar\/\"]}]},{\"@type\":\"ImageObject\",\"inLanguage\":\"pt-BR\",\"@id\":\"https:\/\/morarmais.com.br\/mms\/no-aconchego-do-lar\/#primaryimage\",\"url\":\"https:\/\/morarmais.com.br\/mms\/wp-content\/uploads\/2023\/01\/maior-desfoque-e1678184919946.jpg\",\"contentUrl\":\"https:\/\/morarmais.com.br\/mms\/wp-content\/uploads\/2023\/01\/maior-desfoque-e1678184919946.jpg\",\"width\":908,\"height\":657},{\"@type\":\"BreadcrumbList\",\"@id\":\"https:\/\/morarmais.com.br\/mms\/no-aconchego-do-lar\/#breadcrumb\",\"itemListElement\":[{\"@type\":\"ListItem\",\"position\":1,\"name\":\"In\u00edcio\",\"item\":\"https:\/\/morarmais.com.br\/mms\/\"},{\"@type\":\"ListItem\",\"position\":2,\"name\":\"No aconchego do lar\"}]},{\"@type\":\"WebSite\",\"@id\":\"https:\/\/morarmais.com.br\/mms\/#website\",\"url\":\"https:\/\/morarmais.com.br\/mms\/\",\"name\":\"Morar mais\",\"description\":\"O Chique que cabe no bolso\",\"publisher\":{\"@id\":\"https:\/\/morarmais.com.br\/mms\/#organization\"},\"potentialAction\":[{\"@type\":\"SearchAction\",\"target\":{\"@type\":\"EntryPoint\",\"urlTemplate\":\"https:\/\/morarmais.com.br\/mms\/?s={search_term_string}\"},\"query-input\":{\"@type\":\"PropertyValueSpecification\",\"valueRequired\":true,\"valueName\":\"search_term_string\"}}],\"inLanguage\":\"pt-BR\"},{\"@type\":\"Organization\",\"@id\":\"https:\/\/morarmais.com.br\/mms\/#organization\",\"name\":\"Morar mais\",\"url\":\"https:\/\/morarmais.com.br\/mms\/\",\"logo\":{\"@type\":\"ImageObject\",\"inLanguage\":\"pt-BR\",\"@id\":\"https:\/\/morarmais.com.br\/mms\/#\/schema\/logo\/image\/\",\"url\":\"https:\/\/morarmais.com.br\/mms\/wp-content\/uploads\/2019\/04\/cropped-logo-morar-mais-2-1-e1688661143585.png\",\"contentUrl\":\"https:\/\/morarmais.com.br\/mms\/wp-content\/uploads\/2019\/04\/cropped-logo-morar-mais-2-1-e1688661143585.png\",\"width\":130,\"height\":100,\"caption\":\"Morar mais\"},\"image\":{\"@id\":\"https:\/\/morarmais.com.br\/mms\/#\/schema\/logo\/image\/\"},\"sameAs\":[\"https:\/\/www.facebook.com\/morarmais\",\"https:\/\/www.instagram.com\/morarmaispormenos\",\"https:\/\/br.pinterest.com\/morarmais\/\"]},{\"@type\":\"Person\",\"@id\":\"https:\/\/morarmais.com.br\/mms\/#\/schema\/person\/67dda048cb1edaf0c66d3a7787857c2a\",\"name\":\"Ale Devecchi\",\"image\":{\"@type\":\"ImageObject\",\"inLanguage\":\"pt-BR\",\"@id\":\"https:\/\/morarmais.com.br\/mms\/#\/schema\/person\/image\/\",\"url\":\"https:\/\/secure.gravatar.com\/avatar\/194f7a41b78fc7f5fcbf2fb567b600b5?s=96&d=mm&r=g\",\"contentUrl\":\"https:\/\/secure.gravatar.com\/avatar\/194f7a41b78fc7f5fcbf2fb567b600b5?s=96&d=mm&r=g\",\"caption\":\"Ale Devecchi\"},\"url\":\"https:\/\/morarmais.com.br\/mms\/author\/marketing-mais\/\"}]}<\/script>\n<!-- \/ Yoast SEO plugin. -->","yoast_head_json":{"title":"No aconchego do lar - Morar mais","description":"Morar Mais\u00a0 \u00e9 isso: casa com abra\u00e7o, ref\u00fagio, aconchego, casa pra chegar e ter pregui\u00e7a de sair, ir ficando... ficando...\u00a0\u00a0\u00a0","robots":{"index":"index","follow":"follow","max-snippet":"max-snippet:-1","max-image-preview":"max-image-preview:large","max-video-preview":"max-video-preview:-1"},"canonical":"https:\/\/morarmais.com.br\/mms\/no-aconchego-do-lar\/","og_locale":"pt_BR","og_type":"article","og_title":"No aconchego do lar - Morar mais","og_description":"Morar Mais\u00a0 \u00e9 isso: casa com abra\u00e7o, ref\u00fagio, aconchego, casa pra chegar e ter pregui\u00e7a de sair, ir ficando... ficando...\u00a0\u00a0\u00a0","og_url":"https:\/\/morarmais.com.br\/mms\/no-aconchego-do-lar\/","og_site_name":"Morar mais","article_publisher":"https:\/\/www.facebook.com\/morarmais","article_published_time":"2023-01-31T22:07:42+00:00","article_modified_time":"2023-03-07T10:28:55+00:00","og_image":[{"width":908,"height":657,"url":"https:\/\/morarmais.com.br\/mms\/wp-content\/uploads\/2023\/01\/maior-desfoque-e1678184919946.jpg","type":"image\/jpeg"}],"author":"Ale Devecchi","twitter_card":"summary_large_image","twitter_misc":{"Escrito por":"Ale Devecchi","Est. tempo de leitura":"7 minutos"},"schema":{"@context":"https:\/\/schema.org","@graph":[{"@type":"Article","@id":"https:\/\/morarmais.com.br\/mms\/no-aconchego-do-lar\/#article","isPartOf":{"@id":"https:\/\/morarmais.com.br\/mms\/no-aconchego-do-lar\/"},"author":{"name":"Ale Devecchi","@id":"https:\/\/morarmais.com.br\/mms\/#\/schema\/person\/67dda048cb1edaf0c66d3a7787857c2a"},"headline":"No aconchego do lar","datePublished":"2023-01-31T22:07:42+00:00","dateModified":"2023-03-07T10:28:55+00:00","mainEntityOfPage":{"@id":"https:\/\/morarmais.com.br\/mms\/no-aconchego-do-lar\/"},"wordCount":560,"commentCount":0,"publisher":{"@id":"https:\/\/morarmais.com.br\/mms\/#organization"},"image":{"@id":"https:\/\/morarmais.com.br\/mms\/no-aconchego-do-lar\/#primaryimage"},"thumbnailUrl":"https:\/\/morarmais.com.br\/mms\/wp-content\/uploads\/2023\/01\/maior-desfoque-e1678184919946.jpg","articleSection":["Home","Morar Mais Aposta"],"inLanguage":"pt-BR","potentialAction":[{"@type":"CommentAction","name":"Comment","target":["https:\/\/morarmais.com.br\/mms\/no-aconchego-do-lar\/#respond"]}]},{"@type":"WebPage","@id":"https:\/\/morarmais.com.br\/mms\/no-aconchego-do-lar\/","url":"https:\/\/morarmais.com.br\/mms\/no-aconchego-do-lar\/","name":"No aconchego do lar - Morar mais","isPartOf":{"@id":"https:\/\/morarmais.com.br\/mms\/#website"},"primaryImageOfPage":{"@id":"https:\/\/morarmais.com.br\/mms\/no-aconchego-do-lar\/#primaryimage"},"image":{"@id":"https:\/\/morarmais.com.br\/mms\/no-aconchego-do-lar\/#primaryimage"},"thumbnailUrl":"https:\/\/morarmais.com.br\/mms\/wp-content\/uploads\/2023\/01\/maior-desfoque-e1678184919946.jpg","datePublished":"2023-01-31T22:07:42+00:00","dateModified":"2023-03-07T10:28:55+00:00","description":"Morar Mais\u00a0 \u00e9 isso: casa com abra\u00e7o, ref\u00fagio, aconchego, casa pra chegar e ter pregui\u00e7a de sair, ir ficando... ficando...\u00a0\u00a0\u00a0","breadcrumb":{"@id":"https:\/\/morarmais.com.br\/mms\/no-aconchego-do-lar\/#breadcrumb"},"inLanguage":"pt-BR","potentialAction":[{"@type":"ReadAction","target":["https:\/\/morarmais.com.br\/mms\/no-aconchego-do-lar\/"]}]},{"@type":"ImageObject","inLanguage":"pt-BR","@id":"https:\/\/morarmais.com.br\/mms\/no-aconchego-do-lar\/#primaryimage","url":"https:\/\/morarmais.com.br\/mms\/wp-content\/uploads\/2023\/01\/maior-desfoque-e1678184919946.jpg","contentUrl":"https:\/\/morarmais.com.br\/mms\/wp-content\/uploads\/2023\/01\/maior-desfoque-e1678184919946.jpg","width":908,"height":657},{"@type":"BreadcrumbList","@id":"https:\/\/morarmais.com.br\/mms\/no-aconchego-do-lar\/#breadcrumb","itemListElement":[{"@type":"ListItem","position":1,"name":"In\u00edcio","item":"https:\/\/morarmais.com.br\/mms\/"},{"@type":"ListItem","position":2,"name":"No aconchego do lar"}]},{"@type":"WebSite","@id":"https:\/\/morarmais.com.br\/mms\/#website","url":"https:\/\/morarmais.com.br\/mms\/","name":"Morar mais","description":"O Chique que cabe no bolso","publisher":{"@id":"https:\/\/morarmais.com.br\/mms\/#organization"},"potentialAction":[{"@type":"SearchAction","target":{"@type":"EntryPoint","urlTemplate":"https:\/\/morarmais.com.br\/mms\/?s={search_term_string}"},"query-input":{"@type":"PropertyValueSpecification","valueRequired":true,"valueName":"search_term_string"}}],"inLanguage":"pt-BR"},{"@type":"Organization","@id":"https:\/\/morarmais.com.br\/mms\/#organization","name":"Morar mais","url":"https:\/\/morarmais.com.br\/mms\/","logo":{"@type":"ImageObject","inLanguage":"pt-BR","@id":"https:\/\/morarmais.com.br\/mms\/#\/schema\/logo\/image\/","url":"https:\/\/morarmais.com.br\/mms\/wp-content\/uploads\/2019\/04\/cropped-logo-morar-mais-2-1-e1688661143585.png","contentUrl":"https:\/\/morarmais.com.br\/mms\/wp-content\/uploads\/2019\/04\/cropped-logo-morar-mais-2-1-e1688661143585.png","width":130,"height":100,"caption":"Morar mais"},"image":{"@id":"https:\/\/morarmais.com.br\/mms\/#\/schema\/logo\/image\/"},"sameAs":["https:\/\/www.facebook.com\/morarmais","https:\/\/www.instagram.com\/morarmaispormenos","https:\/\/br.pinterest.com\/morarmais\/"]},{"@type":"Person","@id":"https:\/\/morarmais.com.br\/mms\/#\/schema\/person\/67dda048cb1edaf0c66d3a7787857c2a","name":"Ale Devecchi","image":{"@type":"ImageObject","inLanguage":"pt-BR","@id":"https:\/\/morarmais.com.br\/mms\/#\/schema\/person\/image\/","url":"https:\/\/secure.gravatar.com\/avatar\/194f7a41b78fc7f5fcbf2fb567b600b5?s=96&d=mm&r=g","contentUrl":"https:\/\/secure.gravatar.com\/avatar\/194f7a41b78fc7f5fcbf2fb567b600b5?s=96&d=mm&r=g","caption":"Ale Devecchi"},"url":"https:\/\/morarmais.com.br\/mms\/author\/marketing-mais\/"}]}},"_links":{"self":[{"href":"https:\/\/morarmais.com.br\/mms\/wp-json\/wp\/v2\/posts\/10353"}],"collection":[{"href":"https:\/\/morarmais.com.br\/mms\/wp-json\/wp\/v2\/posts"}],"about":[{"href":"https:\/\/morarmais.com.br\/mms\/wp-json\/wp\/v2\/types\/post"}],"author":[{"embeddable":true,"href":"https:\/\/morarmais.com.br\/mms\/wp-json\/wp\/v2\/users\/6"}],"replies":[{"embeddable":true,"href":"https:\/\/morarmais.com.br\/mms\/wp-json\/wp\/v2\/comments?post=10353"}],"version-history":[{"count":0,"href":"https:\/\/morarmais.com.br\/mms\/wp-json\/wp\/v2\/posts\/10353\/revisions"}],"wp:featuredmedia":[{"embeddable":true,"href":"https:\/\/morarmais.com.br\/mms\/wp-json\/wp\/v2\/media\/10524"}],"wp:attachment":[{"href":"https:\/\/morarmais.com.br\/mms\/wp-json\/wp\/v2\/media?parent=10353"}],"wp:term":[{"taxonomy":"category","embeddable":true,"href":"https:\/\/morarmais.com.br\/mms\/wp-json\/wp\/v2\/categories?post=10353"},{"taxonomy":"post_tag","embeddable":true,"href":"https:\/\/morarmais.com.br\/mms\/wp-json\/wp\/v2\/tags?post=10353"}],"curies":[{"name":"wp","href":"https:\/\/api.w.org\/{rel}","templated":true}]}}