{"id":10341,"date":"2023-01-31T12:43:19","date_gmt":"2023-01-31T12:43:19","guid":{"rendered":"https:\/\/morarmais.com.br\/mms\/?p=10341"},"modified":"2023-01-31T12:43:31","modified_gmt":"2023-01-31T12:43:31","slug":"quarto-galeria","status":"publish","type":"post","link":"https:\/\/morarmais.com.br\/mms\/quarto-galeria\/","title":{"rendered":"Quarto &#8211; Galeria"},"content":{"rendered":"<div class=\"ep-custom-column wp-block-columns eplus-wrapper is-layout-flex wp-container-core-columns-is-layout-1 wp-block-columns-is-layout-flex eplus-styles-uid-d7fdb1\"><div class=\"wp-block-column eplus-wrapper is-layout-flow wp-block-column-is-layout-flow eplus-styles-uid-2c41fb\" style=\"flex-basis:10%\"><\/div>\n\n<div class=\"wp-block-column eplus-wrapper is-layout-flow wp-block-column-is-layout-flow eplus-styles-uid-2c41fb\" style=\"flex-basis:80%\">\n<div class=\"wp-block-jetpack-tiled-gallery aligncenter is-style-rectangular\"><div class=\"tiled-gallery__gallery\"><div class=\"tiled-gallery__row\"><div class=\"tiled-gallery__col\" style=\"flex-basis:69.23915%\"><figure class=\"tiled-gallery__item\"><img decoding=\"async\" alt=\"\" data-height=\"853\" data-id=\"10279\" data-link=\"https:\/\/morarmais.com.br\/mms\/_b0a5028-1-22-quarto-1-02-fernanda-de-oliveira-kelly-caetano\/\" data-url=\"https:\/\/morarmais.com.br\/mms\/wp-content\/uploads\/2023\/01\/B0A5028-1-22-Quarto-1-02-Fernanda-de-Oliveira-Kelly-Caetano-1024x682.jpg\" data-width=\"1280\" src=\"https:\/\/i1.wp.com\/morarmais.com.br\/mms\/wp-content\/uploads\/2023\/01\/B0A5028-1-22-Quarto-1-02-Fernanda-de-Oliveira-Kelly-Caetano-1024x682.jpg?ssl=1\" data-amp-layout=\"responsive\"><\/figure><\/div><div class=\"tiled-gallery__col\" style=\"flex-basis:30.76085%\"><figure class=\"tiled-gallery__item\"><img decoding=\"async\" alt=\"\" data-height=\"1280\" data-id=\"10272\" data-link=\"https:\/\/morarmais.com.br\/mms\/_b0a4797-1-24-quarto-da-moc%cc%a7a-georgette-de-faro-sleiman-giovanna-guerrini-brotto-e-rachel-santiago-de-oliveira\/\" data-url=\"https:\/\/morarmais.com.br\/mms\/wp-content\/uploads\/2023\/01\/B0A4797-1-24-Quarto-da-moc\u0327a-Georgette-de-Faro-Sleiman-Giovanna-Guerrini-Brotto-e-Rachel-Santiago-de-Oliveira-682x1024.jpg\" data-width=\"852\" src=\"https:\/\/i1.wp.com\/morarmais.com.br\/mms\/wp-content\/uploads\/2023\/01\/B0A4797-1-24-Quarto-da-moc%CC%A7a-Georgette-de-Faro-Sleiman-Giovanna-Guerrini-Brotto-e-Rachel-Santiago-de-Oliveira-682x1024.jpg?ssl=1\" data-amp-layout=\"responsive\"><\/figure><\/div><\/div><div class=\"tiled-gallery__row\"><div class=\"tiled-gallery__col\" style=\"flex-basis:31.30663%\"><figure class=\"tiled-gallery__item\"><img decoding=\"async\" alt=\"\" data-height=\"1280\" data-id=\"10270\" data-link=\"https:\/\/morarmais.com.br\/mms\/_b0a4771-1-38-quarto-do-sol-deborah-affonso\/\" data-url=\"https:\/\/morarmais.com.br\/mms\/wp-content\/uploads\/2023\/01\/B0A4771-1-38-Quarto-do-Sol-Deborah-Affonso-716x1024.jpg\" data-width=\"895\" src=\"https:\/\/i0.wp.com\/morarmais.com.br\/mms\/wp-content\/uploads\/2023\/01\/B0A4771-1-38-Quarto-do-Sol-Deborah-Affonso-716x1024.jpg?ssl=1\" data-amp-layout=\"responsive\"><\/figure><\/div><div class=\"tiled-gallery__col\" style=\"flex-basis:68.69337%\"><figure class=\"tiled-gallery__item\"><img decoding=\"async\" alt=\"\" data-height=\"833\" data-id=\"10269\" data-link=\"https:\/\/morarmais.com.br\/mms\/_b0a4744-1-38-quarto-do-sol-deborah-affonso\/\" data-url=\"https:\/\/morarmais.com.br\/mms\/wp-content\/uploads\/2023\/01\/B0A4744-1-38-Quarto-do-Sol-Deborah-Affonso-1024x666.jpg\" data-width=\"1280\" src=\"https:\/\/i1.wp.com\/morarmais.com.br\/mms\/wp-content\/uploads\/2023\/01\/B0A4744-1-38-Quarto-do-Sol-Deborah-Affonso-1024x666.jpg?ssl=1\" data-amp-layout=\"responsive\"><\/figure><\/div><\/div><div class=\"tiled-gallery__row\"><div class=\"tiled-gallery__col\" style=\"flex-basis:23.32173%\"><figure class=\"tiled-gallery__item\"><img decoding=\"async\" alt=\"\" data-height=\"1280\" data-id=\"10266\" data-link=\"https:\/\/morarmais.com.br\/mms\/_b0a4683-1-13-quarto-da-miss-raquel-larissa-e-raquel-lima\/\" data-url=\"https:\/\/morarmais.com.br\/mms\/wp-content\/uploads\/2023\/01\/B0A4683-1-13-Quarto-da-Miss-Raquel-Larissa-e-Raquel-Lima-682x1024.jpg\" data-width=\"853\" src=\"https:\/\/i1.wp.com\/morarmais.com.br\/mms\/wp-content\/uploads\/2023\/01\/B0A4683-1-13-Quarto-da-Miss-Raquel-Larissa-e-Raquel-Lima-682x1024.jpg?ssl=1\" data-amp-layout=\"responsive\"><\/figure><\/div><div class=\"tiled-gallery__col\" style=\"flex-basis:53.35653%\"><figure class=\"tiled-gallery__item\"><img decoding=\"async\" alt=\"\" data-height=\"838\" data-id=\"10265\" data-link=\"https:\/\/morarmais.com.br\/mms\/_b0a4659-1-13-quarto-da-miss-raquel-larissa-e-raquel-lima\/\" data-url=\"https:\/\/morarmais.com.br\/mms\/wp-content\/uploads\/2023\/01\/B0A4659-1-13-Quarto-da-Miss-Raquel-Larissa-e-Raquel-Lima-1024x670.jpg\" data-width=\"1280\" src=\"https:\/\/i1.wp.com\/morarmais.com.br\/mms\/wp-content\/uploads\/2023\/01\/B0A4659-1-13-Quarto-da-Miss-Raquel-Larissa-e-Raquel-Lima-1024x670.jpg?ssl=1\" data-amp-layout=\"responsive\"><\/figure><\/div><div class=\"tiled-gallery__col\" style=\"flex-basis:23.32173%\"><figure class=\"tiled-gallery__item\"><img decoding=\"async\" alt=\"\" data-height=\"1280\" data-id=\"10258\" data-link=\"https:\/\/morarmais.com.br\/mms\/_b0a4435-1-08-quarto-masculino-karen-nascimento-souza\/\" data-url=\"https:\/\/morarmais.com.br\/mms\/wp-content\/uploads\/2023\/01\/B0A4435-1-08-Quarto-masculino-Karen-Nascimento-Souza-682x1024.jpg\" data-width=\"853\" src=\"https:\/\/i2.wp.com\/morarmais.com.br\/mms\/wp-content\/uploads\/2023\/01\/B0A4435-1-08-Quarto-masculino-Karen-Nascimento-Souza-682x1024.jpg?ssl=1\" data-amp-layout=\"responsive\"><\/figure><\/div><\/div><div class=\"tiled-gallery__row\"><div class=\"tiled-gallery__col\" style=\"flex-basis:50.94144%\"><figure class=\"tiled-gallery__item\"><img decoding=\"async\" alt=\"\" data-height=\"865\" data-id=\"10257\" data-link=\"https:\/\/morarmais.com.br\/mms\/_b0a4410-1-08-quarto-masculino-karen-nascimento-souza\/\" data-url=\"https:\/\/morarmais.com.br\/mms\/wp-content\/uploads\/2023\/01\/B0A4410-1-08-Quarto-masculino-Karen-Nascimento-Souza-1024x692.jpg\" data-width=\"1280\" src=\"https:\/\/i2.wp.com\/morarmais.com.br\/mms\/wp-content\/uploads\/2023\/01\/B0A4410-1-08-Quarto-masculino-Karen-Nascimento-Souza-1024x692.jpg?ssl=1\" data-amp-layout=\"responsive\"><\/figure><figure class=\"tiled-gallery__item\"><img decoding=\"async\" alt=\"\" data-height=\"1706\" data-id=\"9321\" data-link=\"https:\/\/morarmais.com.br\/mms\/21-quarto-da-jovem-artista\/21-quarto-jovem-artista_mmbh22_ivan-araujo_001\/\" data-url=\"https:\/\/morarmais.com.br\/mms\/wp-content\/uploads\/2022\/08\/21-Quarto-Jovem-Artista_MMBH22_Ivan-Araujo_001-1024x683.jpg\" data-width=\"2560\" src=\"https:\/\/i2.wp.com\/morarmais.com.br\/mms\/wp-content\/uploads\/2022\/08\/21-Quarto-Jovem-Artista_MMBH22_Ivan-Araujo_001-1024x683.jpg?ssl=1\" data-amp-layout=\"responsive\"><\/figure><\/div><div class=\"tiled-gallery__col\" style=\"flex-basis:49.05856%\"><figure class=\"tiled-gallery__item\"><img decoding=\"async\" alt=\"\" data-height=\"2560\" data-id=\"9320\" data-link=\"https:\/\/morarmais.com.br\/mms\/21-quarto-da-jovem-artista\/21-quarto-jovem-artista_mmbh22_ivan-araujo_003\/\" data-url=\"https:\/\/morarmais.com.br\/mms\/wp-content\/uploads\/2022\/08\/21-Quarto-Jovem-Artista_MMBH22_Ivan-Araujo_003-731x1024.jpg\" data-width=\"1828\" src=\"https:\/\/i0.wp.com\/morarmais.com.br\/mms\/wp-content\/uploads\/2022\/08\/21-Quarto-Jovem-Artista_MMBH22_Ivan-Araujo_003-731x1024.jpg?ssl=1\" data-amp-layout=\"responsive\"><\/figure><\/div><\/div><div class=\"tiled-gallery__row\"><div class=\"tiled-gallery__col\" style=\"flex-basis:65.19836%\"><figure class=\"tiled-gallery__item\"><img decoding=\"async\" alt=\"\" data-height=\"1706\" data-id=\"9274\" data-link=\"https:\/\/morarmais.com.br\/mms\/14-quarto-de-hospedes\/14-quarto-de-hospedes_mmbh22_ivan-araujo_001\/\" data-url=\"https:\/\/morarmais.com.br\/mms\/wp-content\/uploads\/2022\/08\/14-Quarto-de-hospedes_MMBH22_Ivan-Araujo_001-1024x683.jpg\" data-width=\"2560\" src=\"https:\/\/i1.wp.com\/morarmais.com.br\/mms\/wp-content\/uploads\/2022\/08\/14-Quarto-de-hospedes_MMBH22_Ivan-Araujo_001-1024x683.jpg?ssl=1\" data-amp-layout=\"responsive\"><\/figure><\/div><div class=\"tiled-gallery__col\" style=\"flex-basis:34.80164%\"><figure class=\"tiled-gallery__item\"><img decoding=\"async\" alt=\"\" data-height=\"2560\" data-id=\"9273\" data-link=\"https:\/\/morarmais.com.br\/mms\/14-quarto-de-hospedes\/14-quarto-de-hospedes_mmbh22_ivan-araujo_003\/\" data-url=\"https:\/\/morarmais.com.br\/mms\/wp-content\/uploads\/2022\/08\/14-Quarto-de-hospedes_MMBH22_Ivan-Araujo_003-819x1024.jpg\" data-width=\"2048\" src=\"https:\/\/i1.wp.com\/morarmais.com.br\/mms\/wp-content\/uploads\/2022\/08\/14-Quarto-de-hospedes_MMBH22_Ivan-Araujo_003-819x1024.jpg?ssl=1\" data-amp-layout=\"responsive\"><\/figure><\/div><\/div><div class=\"tiled-gallery__row\"><div class=\"tiled-gallery__col\" style=\"flex-basis:57.29345%\"><figure class=\"tiled-gallery__item\"><img decoding=\"async\" alt=\"\" data-height=\"768\" data-id=\"8873\" data-link=\"https:\/\/morarmais.com.br\/mms\/very-peri-como-a-cor-pantone-2022-inspira-novos-ares\/45-quarto-da-ma%cc%83e-moderna-danielle-dantas-e-paula-passos-1-sp-2019-detalge-papel-de-parede\/\" data-url=\"https:\/\/morarmais.com.br\/mms\/wp-content\/uploads\/2022\/04\/45.-Quarto-da-Ma\u0303e-Moderna-Danielle-Dantas-e-Paula-Passos-1-sp-2019-detalge-papel-de-parede.jpg\" data-width=\"511\" src=\"https:\/\/i2.wp.com\/morarmais.com.br\/mms\/wp-content\/uploads\/2022\/04\/45.-Quarto-da-Ma%CC%83e-Moderna-Danielle-Dantas-e-Paula-Passos-1-sp-2019-detalge-papel-de-parede.jpg?ssl=1\" data-amp-layout=\"responsive\"><\/figure><\/div><div class=\"tiled-gallery__col\" style=\"flex-basis:42.70655%\"><figure class=\"tiled-gallery__item\"><img decoding=\"async\" alt=\"\" data-height=\"470\" data-id=\"8870\" data-link=\"https:\/\/morarmais.com.br\/mms\/very-peri-como-a-cor-pantone-2022-inspira-novos-ares\/quarto-de-brincar-e-jardim-secreto-das-criancas-silvia-turci-cristhiane-prado-bh2015\/\" data-url=\"https:\/\/morarmais.com.br\/mms\/wp-content\/uploads\/2022\/04\/quarto-de-brincar-e-jardim-secreto-das-criancas-silvia-turci-cristhiane-prado-bh2015.jpg\" data-width=\"700\" src=\"https:\/\/i2.wp.com\/morarmais.com.br\/mms\/wp-content\/uploads\/2022\/04\/quarto-de-brincar-e-jardim-secreto-das-criancas-silvia-turci-cristhiane-prado-bh2015.jpg?ssl=1\" data-amp-layout=\"responsive\"><\/figure><figure class=\"tiled-gallery__item\"><img decoding=\"async\" alt=\"\" data-height=\"1707\" data-id=\"8447\" data-link=\"https:\/\/morarmais.com.br\/mms\/27-quarto-dele_joao-amand_ca_0533-1\/\" data-url=\"https:\/\/morarmais.com.br\/mms\/wp-content\/uploads\/2022\/04\/27.Quarto-Dele_Joao-Amand_CA_0533-1-1024x683.jpg\" data-width=\"2560\" src=\"https:\/\/i2.wp.com\/morarmais.com.br\/mms\/wp-content\/uploads\/2022\/04\/27.Quarto-Dele_Joao-Amand_CA_0533-1-1024x683.jpg?ssl=1\" data-amp-layout=\"responsive\"><\/figure><figure class=\"tiled-gallery__item\"><img decoding=\"async\" alt=\"\" data-height=\"682\" data-id=\"8224\" data-link=\"https:\/\/morarmais.com.br\/mms\/de-bracos-dados-a-moda-e-a-decoracao\/sp-2019-45-quarto-da-ma%cc%83e-moderna-danielle-dantas-e-paula-passos-4\/\" data-url=\"https:\/\/morarmais.com.br\/mms\/wp-content\/uploads\/2022\/03\/sp-2019-45.-Quarto-da-Ma\u0303e-Moderna-Danielle-Dantas-e-Paula-Passos-4.jpg\" data-width=\"1024\" src=\"https:\/\/i1.wp.com\/morarmais.com.br\/mms\/wp-content\/uploads\/2022\/03\/sp-2019-45.-Quarto-da-Ma%CC%83e-Moderna-Danielle-Dantas-e-Paula-Passos-4.jpg?ssl=1\" data-amp-layout=\"responsive\"><\/figure><\/div><\/div><div class=\"tiled-gallery__row\"><div class=\"tiled-gallery__col\" style=\"flex-basis:50.03340%\"><figure class=\"tiled-gallery__item\"><img decoding=\"async\" alt=\"Pr\u00eamio Morar Mais Customiza\u00e7\u00e3o\" data-height=\"533\" data-id=\"8021\" data-link=\"https:\/\/morarmais.com.br\/mms\/os-queridinhos-do-morar-mais-2021-premio-morar-mais\/15-16-varanda-e-quarto-da-artista-baiana_amanda-ferreira-e-talita-neri_76a0627-1-copia\/\" data-url=\"https:\/\/morarmais.com.br\/mms\/wp-content\/uploads\/2022\/02\/15.16.Varanda-e-Quarto-da-Artista-Baiana_Amanda-Ferreira-e-Talita-Neri_76A0627-1-co\u0301pia.jpg\" data-width=\"800\" src=\"https:\/\/i0.wp.com\/morarmais.com.br\/mms\/wp-content\/uploads\/2022\/02\/15.16.Varanda-e-Quarto-da-Artista-Baiana_Amanda-Ferreira-e-Talita-Neri_76A0627-1-co%CC%81pia.jpg?ssl=1\" data-amp-layout=\"responsive\"><\/figure><\/div><div class=\"tiled-gallery__col\" style=\"flex-basis:49.96660%\"><figure class=\"tiled-gallery__item\"><img decoding=\"async\" alt=\"\" data-height=\"467\" data-id=\"7934\" data-link=\"https:\/\/morarmais.com.br\/mms\/35-quarto-do-otto_vanessa-nascimento_ca_0573-1\/\" data-url=\"https:\/\/morarmais.com.br\/mms\/wp-content\/uploads\/2021\/12\/35.Quarto-do-Otto_Vanessa-Nascimento_CA_0573-1.jpg\" data-width=\"700\" src=\"https:\/\/i0.wp.com\/morarmais.com.br\/mms\/wp-content\/uploads\/2021\/12\/35.Quarto-do-Otto_Vanessa-Nascimento_CA_0573-1.jpg?ssl=1\" data-amp-layout=\"responsive\"><\/figure><\/div><\/div><div class=\"tiled-gallery__row\"><div class=\"tiled-gallery__col\" style=\"flex-basis:100.00000%\"><figure class=\"tiled-gallery__item\"><img decoding=\"async\" alt=\"\" data-height=\"490\" data-id=\"6703\" data-link=\"https:\/\/morarmais.com.br\/mms\/29-estudio-e-lavabo-do-filho\/29-quartodofilho\/\" data-url=\"https:\/\/morarmais.com.br\/mms\/wp-content\/uploads\/2021\/09\/29-QuartoDoFilho-1024x368.png\" data-width=\"1365\" src=\"https:\/\/i1.wp.com\/morarmais.com.br\/mms\/wp-content\/uploads\/2021\/09\/29-QuartoDoFilho-1024x368.png?ssl=1\" data-amp-layout=\"responsive\"><\/figure><\/div><\/div><div class=\"tiled-gallery__row\"><div class=\"tiled-gallery__col\" style=\"flex-basis:32.88150%\"><figure class=\"tiled-gallery__item\"><img decoding=\"async\" alt=\"\" data-height=\"768\" data-id=\"5927\" data-link=\"https:\/\/morarmais.com.br\/mms\/memoria-afetiva-na-decoracao-ideias-para-deixar-seu-ambiente-alegre-e-cheio-de-personalidade\/46-quarto-do-filho-adolescente-carina-pederzoli-e-rodrigo-amaral-1\/\" data-url=\"https:\/\/morarmais.com.br\/mms\/wp-content\/uploads\/2021\/05\/46.-Quarto-do-Filho-Adolescente-Carina-Pederzoli-e-Rodrigo-Amaral-1.jpg\" data-width=\"511\" src=\"https:\/\/i2.wp.com\/morarmais.com.br\/mms\/wp-content\/uploads\/2021\/05\/46.-Quarto-do-Filho-Adolescente-Carina-Pederzoli-e-Rodrigo-Amaral-1.jpg?ssl=1\" data-amp-layout=\"responsive\"><\/figure><\/div><div class=\"tiled-gallery__col\" style=\"flex-basis:32.93289%\"><figure class=\"tiled-gallery__item\"><img decoding=\"async\" alt=\"\" data-height=\"1280\" data-id=\"5987\" data-link=\"https:\/\/morarmais.com.br\/mms\/22-quarto-de-uma-jovem-leitora-76a7701-1\/\" data-url=\"https:\/\/morarmais.com.br\/mms\/wp-content\/uploads\/2021\/07\/22-Quarto-de-uma-Jovem-Leitora-76A7701-1-682x1024.jpg\" data-width=\"853\" src=\"https:\/\/i0.wp.com\/morarmais.com.br\/mms\/wp-content\/uploads\/2021\/07\/22-Quarto-de-uma-Jovem-Leitora-76A7701-1-682x1024.jpg?ssl=1\" data-amp-layout=\"responsive\"><\/figure><\/div><div class=\"tiled-gallery__col\" style=\"flex-basis:34.18561%\"><figure class=\"tiled-gallery__item\"><img decoding=\"async\" alt=\"\" data-height=\"2560\" data-id=\"6172\" data-link=\"https:\/\/morarmais.com.br\/mms\/15_-quarto-do-zion-luana-bombiere-e-dafne-sampaio-mm-rio-2019-1\/\" data-url=\"https:\/\/morarmais.com.br\/mms\/wp-content\/uploads\/2021\/08\/15_-Quarto-do-Zion-Luana-Bombiere-e-Dafne-Sampaio-MM-RIO-2019-1-708x1024.jpg\" data-width=\"1771\" src=\"https:\/\/i0.wp.com\/morarmais.com.br\/mms\/wp-content\/uploads\/2021\/08\/15_-Quarto-do-Zion-Luana-Bombiere-e-Dafne-Sampaio-MM-RIO-2019-1-708x1024.jpg?ssl=1\" data-amp-layout=\"responsive\"><\/figure><\/div><\/div><div class=\"tiled-gallery__row\"><div class=\"tiled-gallery__col\" style=\"flex-basis:39.37978%\"><figure class=\"tiled-gallery__item\"><img decoding=\"async\" alt=\"\" data-height=\"844\" data-id=\"5926\" data-link=\"https:\/\/morarmais.com.br\/mms\/memoria-afetiva-na-decoracao-ideias-para-deixar-seu-ambiente-alegre-e-cheio-de-personalidade\/6-quarto-do-filho-adolescente-carina-pederzoli-e-rodrigo-amaral-3-mmsp-2019-2\/\" data-url=\"https:\/\/morarmais.com.br\/mms\/wp-content\/uploads\/2021\/05\/6-Quarto-do-Filho-Adolescente-Carina-Pederzoli-e-Rodrigo-Amaral-3-mmsp-2019-1024x675.jpg\" data-width=\"1280\" src=\"https:\/\/i1.wp.com\/morarmais.com.br\/mms\/wp-content\/uploads\/2021\/05\/6-Quarto-do-Filho-Adolescente-Carina-Pederzoli-e-Rodrigo-Amaral-3-mmsp-2019-1024x675.jpg?ssl=1\" data-amp-layout=\"responsive\"><\/figure><figure class=\"tiled-gallery__item\"><img decoding=\"async\" alt=\"\" data-height=\"1707\" data-id=\"5913\" data-link=\"https:\/\/morarmais.com.br\/mms\/memoria-afetiva-na-decoracao-ideias-para-deixar-seu-ambiente-alegre-e-cheio-de-personalidade\/15-quarto-da-menina-que-ama-livros_ca_2077-1-rio-2018\/\" data-url=\"https:\/\/morarmais.com.br\/mms\/wp-content\/uploads\/2021\/05\/15-Quarto-da-Menina-que-Ama-Livros_CA_2077-1-RIO-2018-1024x683.jpg\" data-width=\"2560\" src=\"https:\/\/i2.wp.com\/morarmais.com.br\/mms\/wp-content\/uploads\/2021\/05\/15-Quarto-da-Menina-que-Ama-Livros_CA_2077-1-RIO-2018-1024x683.jpg?ssl=1\" data-amp-layout=\"responsive\"><\/figure><figure class=\"tiled-gallery__item\"><img decoding=\"async\" alt=\"Brasilidade no quarto\" data-height=\"523\" data-id=\"5850\" data-link=\"https:\/\/morarmais.com.br\/mms\/brasilidade-da-decoracao-a-filosofia-do-morar-mais\/quarto-brasileiro-contemporaneo-brasilidade\/\" data-url=\"https:\/\/morarmais.com.br\/mms\/wp-content\/uploads\/2021\/04\/quarto-brasileiro-contemporaneo-brasilidade.png\" data-width=\"665\" src=\"https:\/\/i1.wp.com\/morarmais.com.br\/mms\/wp-content\/uploads\/2021\/04\/quarto-brasileiro-contemporaneo-brasilidade.png?ssl=1\" data-amp-layout=\"responsive\"><\/figure><\/div><div class=\"tiled-gallery__col\" style=\"flex-basis:60.62022%\"><figure class=\"tiled-gallery__item\"><img decoding=\"async\" alt=\"\" data-height=\"1024\" data-id=\"5430\" data-link=\"https:\/\/morarmais.com.br\/mms\/morar-mais-e-vanguarda-tb-na-sustentabilidade\/quarto-do-jovem-ana-paula-carlos-henrique-sandra-piloto-mm-go-2017-1\/\" data-url=\"https:\/\/morarmais.com.br\/mms\/wp-content\/uploads\/2021\/02\/Quarto-do-Jovem-Ana-Paula-Carlos-Henrique-Sandra-Piloto-MM-GO-2017-1.jpg\" data-width=\"742\" src=\"https:\/\/i2.wp.com\/morarmais.com.br\/mms\/wp-content\/uploads\/2021\/02\/Quarto-do-Jovem-Ana-Paula-Carlos-Henrique-Sandra-Piloto-MM-GO-2017-1.jpg?ssl=1\" data-amp-layout=\"responsive\"><\/figure><\/div><\/div><div class=\"tiled-gallery__row\"><div class=\"tiled-gallery__col\" style=\"flex-basis:67.36263%\"><figure class=\"tiled-gallery__item\"><img decoding=\"async\" alt=\"\" data-height=\"685\" data-id=\"5381\" data-link=\"https:\/\/morarmais.com.br\/mms\/morar-mais-e-vanguarda-tb-na-sustentabilidade\/quarto-de-vestir-do-esportista-projeto-de-may-lee-chaves-e-solange-barciela-morar-mais-por-menos-rio-2014-foto-1\/\" data-url=\"https:\/\/morarmais.com.br\/mms\/wp-content\/uploads\/2021\/02\/Quarto-de-Vestir-do-Esportista-projeto-de-May-Lee-Chaves-e-Solange-Barciela-MORAR-MAIS-por-menos-Rio-2014-foto-1.jpg\" data-width=\"1024\" src=\"https:\/\/i0.wp.com\/morarmais.com.br\/mms\/wp-content\/uploads\/2021\/02\/Quarto-de-Vestir-do-Esportista-projeto-de-May-Lee-Chaves-e-Solange-Barciela-MORAR-MAIS-por-menos-Rio-2014-foto-1.jpg?ssl=1\" data-amp-layout=\"responsive\"><\/figure><\/div><div class=\"tiled-gallery__col\" style=\"flex-basis:32.63737%\"><figure class=\"tiled-gallery__item\"><img decoding=\"async\" alt=\"\" data-height=\"682\" data-id=\"5363\" data-link=\"https:\/\/morarmais.com.br\/mms\/morar-mais-e-vanguarda-tb-na-sustentabilidade\/09-quarto-do-rapaz-nova-sustentabilidade-rima-com-brasilidade-na-morar-mais-por-menos-cuiaba\/\" data-url=\"https:\/\/morarmais.com.br\/mms\/wp-content\/uploads\/2021\/02\/09-quarto-do-rapaz-nova-sustentabilidade-rima-com-brasilidade-na-morar-mais-por-menos-cuiaba.jpeg\" data-width=\"1024\" src=\"https:\/\/i1.wp.com\/morarmais.com.br\/mms\/wp-content\/uploads\/2021\/02\/09-quarto-do-rapaz-nova-sustentabilidade-rima-com-brasilidade-na-morar-mais-por-menos-cuiaba.jpeg?ssl=1\" data-amp-layout=\"responsive\"><\/figure><figure class=\"tiled-gallery__item\"><img decoding=\"async\" alt=\"\" data-height=\"727\" data-id=\"5723\" data-link=\"https:\/\/morarmais.com.br\/mms\/9-quarto-do-jovem-ana-paula-carlos-henrique-sandra-piloto-mm-go-2017\/\" data-url=\"https:\/\/morarmais.com.br\/mms\/wp-content\/uploads\/2021\/03\/9-Quarto-do-Jovem-Ana-Paula-Carlos-Henrique-Sandra-Piloto-MM-GO-2017.jpg\" data-width=\"1024\" src=\"https:\/\/i2.wp.com\/morarmais.com.br\/mms\/wp-content\/uploads\/2021\/03\/9-Quarto-do-Jovem-Ana-Paula-Carlos-Henrique-Sandra-Piloto-MM-GO-2017.jpg?ssl=1\" data-amp-layout=\"responsive\"><\/figure><\/div><\/div><div class=\"tiled-gallery__row\"><div class=\"tiled-gallery__col\" style=\"flex-basis:69.20796%\"><figure class=\"tiled-gallery__item\"><img decoding=\"async\" alt=\"espa\u00e7os infantis\" data-height=\"682\" data-id=\"4567\" data-link=\"https:\/\/morarmais.com.br\/mms\/hora-de-brincar-espacos-infantis-no-morar-mais\/4-quarto-do-bebe%cc%82-menina-danielle-bastos-e-gustavo-amorim-mm-rio-2015\/\" data-url=\"https:\/\/morarmais.com.br\/mms\/wp-content\/uploads\/2020\/09\/4-QUARTO-DO-BEBE\u0302-MENINA-Danielle-Bastos-e-Gustavo-Amorim-MM-Rio-2015.jpg\" data-width=\"1024\" src=\"https:\/\/i1.wp.com\/morarmais.com.br\/mms\/wp-content\/uploads\/2020\/09\/4-QUARTO-DO-BEBE%CC%82-MENINA-Danielle-Bastos-e-Gustavo-Amorim-MM-Rio-2015.jpg?ssl=1\" data-amp-layout=\"responsive\"><\/figure><\/div><div class=\"tiled-gallery__col\" style=\"flex-basis:30.79204%\"><figure class=\"tiled-gallery__item\"><img decoding=\"async\" alt=\"\" data-height=\"1024\" data-id=\"4375\" data-link=\"https:\/\/morarmais.com.br\/mms\/morar-mais-bom-pra-cachorro\/1-quarto-da-filha-por-camila-saavedra-e-larissa-mogilewsky-rio-2018-1\/\" data-url=\"https:\/\/morarmais.com.br\/mms\/wp-content\/uploads\/2020\/07\/1-QUARTO-DA-FILHA-por-Camila-Saavedra-e-Larissa-Mogilewsky-RIO-2018-1.jpg\" data-width=\"683\" src=\"https:\/\/i2.wp.com\/morarmais.com.br\/mms\/wp-content\/uploads\/2020\/07\/1-QUARTO-DA-FILHA-por-Camila-Saavedra-e-Larissa-Mogilewsky-RIO-2018-1.jpg?ssl=1\" data-amp-layout=\"responsive\"><\/figure><\/div><\/div><div class=\"tiled-gallery__row\"><div class=\"tiled-gallery__col\" style=\"flex-basis:39.08026%\"><figure class=\"tiled-gallery__item\"><img decoding=\"async\" alt=\"\" data-height=\"680\" data-id=\"4213\" data-link=\"https:\/\/morarmais.com.br\/mms\/7-ideias-de-como-decorar-as-paredes-da-sua-casa-com-criatividade\/quarto-do-jovem-atleta-paula-bianquini-e-leticia-queiroz-3\/\" data-url=\"https:\/\/morarmais.com.br\/mms\/wp-content\/uploads\/2020\/06\/QUARTO-DO-JOVEM-ATLETA-Paula-Bianquini-e-Leti\u0301cia-Queiroz-3.jpg\" data-width=\"1024\" src=\"https:\/\/i2.wp.com\/morarmais.com.br\/mms\/wp-content\/uploads\/2020\/06\/QUARTO-DO-JOVEM-ATLETA-Paula-Bianquini-e-Leti%CC%81cia-Queiroz-3.jpg?ssl=1\" data-amp-layout=\"responsive\"><\/figure><figure class=\"tiled-gallery__item\"><img decoding=\"async\" alt=\"\" data-height=\"680\" data-id=\"4214\" data-link=\"https:\/\/morarmais.com.br\/mms\/7-ideias-de-como-decorar-as-paredes-da-sua-casa-com-criatividade\/quarto-do-jovem-atleta-paula-bianquini-e-leticia-queiroz\/\" data-url=\"https:\/\/morarmais.com.br\/mms\/wp-content\/uploads\/2020\/06\/QUARTO-DO-JOVEM-ATLETA-Paula-Bianquini-e-Leti\u0301cia-Queiroz.jpg\" data-width=\"1024\" src=\"https:\/\/i2.wp.com\/morarmais.com.br\/mms\/wp-content\/uploads\/2020\/06\/QUARTO-DO-JOVEM-ATLETA-Paula-Bianquini-e-Leti%CC%81cia-Queiroz.jpg?ssl=1\" data-amp-layout=\"responsive\"><\/figure><\/div><div class=\"tiled-gallery__col\" style=\"flex-basis:60.91974%\"><figure class=\"tiled-gallery__item\"><img decoding=\"async\" alt=\"Sustentabilidade: Ganchos de parede feitos com canos de PVC e banquetas feitas a partir de lata de tinta, no Quarto do Menino assinado por Fabiane Pracownik, Carolina Gayoso e Alejandra Kahn\" data-height=\"876\" data-id=\"5298\" data-link=\"https:\/\/morarmais.com.br\/mms\/quarto-do-beba-unissex-kika-simon-e-alessandra-reis-foto-3\/\" data-url=\"https:\/\/morarmais.com.br\/mms\/wp-content\/uploads\/2021\/03\/Quarto-do-Beba\u0300-Unissex-Kika-Simon-e-Alessandra-Reis-foto-3.jpg\" data-width=\"1024\" src=\"https:\/\/i0.wp.com\/morarmais.com.br\/mms\/wp-content\/uploads\/2021\/03\/Quarto-do-Beba%CC%80-Unissex-Kika-Simon-e-Alessandra-Reis-foto-3.jpg?ssl=1\" data-amp-layout=\"responsive\"><\/figure><\/div><\/div><\/div><\/div>\n<\/div>\n\n\n<div class=\"wp-block-column eplus-wrapper is-layout-flow wp-block-column-is-layout-flow\" style=\"flex-basis:10%\"><\/div>\n<\/div>","protected":false},"excerpt":{"rendered":"","protected":false},"author":1,"featured_media":0,"comment_status":"closed","ping_status":"closed","sticky":false,"template":"elementor_header_footer","format":"standard","meta":{"_eb_attr":"","editor_plus_copied_stylings":"{}","neve_meta_sidebar":"","neve_meta_container":"","neve_meta_enable_content_width":"","neve_meta_content_width":0,"neve_meta_title_alignment":"","neve_meta_author_avatar":"","neve_post_elements_order":"","neve_meta_disable_header":"","neve_meta_disable_footer":"","neve_meta_disable_title":"","_themeisle_gutenberg_block_has_review":false,"_vp_format_video_url":"","_vp_image_focal_point":[],"footnotes":""},"categories":[311,316],"tags":[],"class_list":["post-10341","post","type-post","status-publish","format-standard","hentry","category-ambiente-decorado","category-quarto"],"yoast_head":"<!-- This site is optimized with the Yoast SEO plugin v25.6 - https:\/\/yoast.com\/wordpress\/plugins\/seo\/ -->\n<title>Quarto - Galeria - Morar mais<\/title>\n<meta name=\"robots\" content=\"index, follow, max-snippet:-1, max-image-preview:large, max-video-preview:-1\" \/>\n<link rel=\"canonical\" href=\"https:\/\/morarmais.com.br\/mms\/quarto-galeria\/\" \/>\n<meta property=\"og:locale\" content=\"pt_BR\" \/>\n<meta property=\"og:type\" content=\"article\" \/>\n<meta property=\"og:title\" content=\"Quarto - Galeria - Morar mais\" \/>\n<meta property=\"og:url\" content=\"https:\/\/morarmais.com.br\/mms\/quarto-galeria\/\" \/>\n<meta property=\"og:site_name\" content=\"Morar mais\" \/>\n<meta property=\"article:publisher\" content=\"https:\/\/www.facebook.com\/morarmais\" \/>\n<meta property=\"article:published_time\" content=\"2023-01-31T12:43:19+00:00\" \/>\n<meta property=\"article:modified_time\" content=\"2023-01-31T12:43:31+00:00\" \/>\n<meta property=\"og:image\" content=\"https:\/\/i1.wp.com\/morarmais.com.br\/mms\/wp-content\/uploads\/2023\/01\/B0A5028-1-22-Quarto-1-02-Fernanda-de-Oliveira-Kelly-Caetano-1024x682.jpg?ssl=1\" \/>\n<meta name=\"author\" content=\"morarmais\" \/>\n<meta name=\"twitter:card\" content=\"summary_large_image\" \/>\n<meta name=\"twitter:label1\" content=\"Escrito por\" \/>\n\t<meta name=\"twitter:data1\" content=\"morarmais\" \/>\n\t<meta name=\"twitter:label2\" content=\"Est. tempo de leitura\" \/>\n\t<meta name=\"twitter:data2\" content=\"7 minutos\" \/>\n<script type=\"application\/ld+json\" class=\"yoast-schema-graph\">{\"@context\":\"https:\/\/schema.org\",\"@graph\":[{\"@type\":\"Article\",\"@id\":\"https:\/\/morarmais.com.br\/mms\/quarto-galeria\/#article\",\"isPartOf\":{\"@id\":\"https:\/\/morarmais.com.br\/mms\/quarto-galeria\/\"},\"author\":{\"name\":\"morarmais\",\"@id\":\"https:\/\/morarmais.com.br\/mms\/#\/schema\/person\/279595a0d25fac9a49b182b180dd4460\"},\"headline\":\"Quarto &#8211; Galeria\",\"datePublished\":\"2023-01-31T12:43:19+00:00\",\"dateModified\":\"2023-01-31T12:43:31+00:00\",\"mainEntityOfPage\":{\"@id\":\"https:\/\/morarmais.com.br\/mms\/quarto-galeria\/\"},\"wordCount\":3,\"publisher\":{\"@id\":\"https:\/\/morarmais.com.br\/mms\/#organization\"},\"image\":{\"@id\":\"https:\/\/morarmais.com.br\/mms\/quarto-galeria\/#primaryimage\"},\"thumbnailUrl\":\"https:\/\/i1.wp.com\/morarmais.com.br\/mms\/wp-content\/uploads\/2023\/01\/B0A5028-1-22-Quarto-1-02-Fernanda-de-Oliveira-Kelly-Caetano-1024x682.jpg?ssl=1\",\"articleSection\":[\"Ambiente Decorado\",\"Quarto\"],\"inLanguage\":\"pt-BR\"},{\"@type\":\"WebPage\",\"@id\":\"https:\/\/morarmais.com.br\/mms\/quarto-galeria\/\",\"url\":\"https:\/\/morarmais.com.br\/mms\/quarto-galeria\/\",\"name\":\"Quarto - Galeria - Morar mais\",\"isPartOf\":{\"@id\":\"https:\/\/morarmais.com.br\/mms\/#website\"},\"primaryImageOfPage\":{\"@id\":\"https:\/\/morarmais.com.br\/mms\/quarto-galeria\/#primaryimage\"},\"image\":{\"@id\":\"https:\/\/morarmais.com.br\/mms\/quarto-galeria\/#primaryimage\"},\"thumbnailUrl\":\"https:\/\/i1.wp.com\/morarmais.com.br\/mms\/wp-content\/uploads\/2023\/01\/B0A5028-1-22-Quarto-1-02-Fernanda-de-Oliveira-Kelly-Caetano-1024x682.jpg?ssl=1\",\"datePublished\":\"2023-01-31T12:43:19+00:00\",\"dateModified\":\"2023-01-31T12:43:31+00:00\",\"breadcrumb\":{\"@id\":\"https:\/\/morarmais.com.br\/mms\/quarto-galeria\/#breadcrumb\"},\"inLanguage\":\"pt-BR\",\"potentialAction\":[{\"@type\":\"ReadAction\",\"target\":[\"https:\/\/morarmais.com.br\/mms\/quarto-galeria\/\"]}]},{\"@type\":\"ImageObject\",\"inLanguage\":\"pt-BR\",\"@id\":\"https:\/\/morarmais.com.br\/mms\/quarto-galeria\/#primaryimage\",\"url\":\"https:\/\/i1.wp.com\/morarmais.com.br\/mms\/wp-content\/uploads\/2023\/01\/B0A5028-1-22-Quarto-1-02-Fernanda-de-Oliveira-Kelly-Caetano-1024x682.jpg?ssl=1\",\"contentUrl\":\"https:\/\/i1.wp.com\/morarmais.com.br\/mms\/wp-content\/uploads\/2023\/01\/B0A5028-1-22-Quarto-1-02-Fernanda-de-Oliveira-Kelly-Caetano-1024x682.jpg?ssl=1\"},{\"@type\":\"BreadcrumbList\",\"@id\":\"https:\/\/morarmais.com.br\/mms\/quarto-galeria\/#breadcrumb\",\"itemListElement\":[{\"@type\":\"ListItem\",\"position\":1,\"name\":\"In\u00edcio\",\"item\":\"https:\/\/morarmais.com.br\/mms\/\"},{\"@type\":\"ListItem\",\"position\":2,\"name\":\"Quarto &#8211; Galeria\"}]},{\"@type\":\"WebSite\",\"@id\":\"https:\/\/morarmais.com.br\/mms\/#website\",\"url\":\"https:\/\/morarmais.com.br\/mms\/\",\"name\":\"Morar mais\",\"description\":\"O Chique que cabe no bolso\",\"publisher\":{\"@id\":\"https:\/\/morarmais.com.br\/mms\/#organization\"},\"potentialAction\":[{\"@type\":\"SearchAction\",\"target\":{\"@type\":\"EntryPoint\",\"urlTemplate\":\"https:\/\/morarmais.com.br\/mms\/?s={search_term_string}\"},\"query-input\":{\"@type\":\"PropertyValueSpecification\",\"valueRequired\":true,\"valueName\":\"search_term_string\"}}],\"inLanguage\":\"pt-BR\"},{\"@type\":\"Organization\",\"@id\":\"https:\/\/morarmais.com.br\/mms\/#organization\",\"name\":\"Morar mais\",\"url\":\"https:\/\/morarmais.com.br\/mms\/\",\"logo\":{\"@type\":\"ImageObject\",\"inLanguage\":\"pt-BR\",\"@id\":\"https:\/\/morarmais.com.br\/mms\/#\/schema\/logo\/image\/\",\"url\":\"https:\/\/morarmais.com.br\/mms\/wp-content\/uploads\/2019\/04\/cropped-logo-morar-mais-2-1-e1688661143585.png\",\"contentUrl\":\"https:\/\/morarmais.com.br\/mms\/wp-content\/uploads\/2019\/04\/cropped-logo-morar-mais-2-1-e1688661143585.png\",\"width\":130,\"height\":100,\"caption\":\"Morar mais\"},\"image\":{\"@id\":\"https:\/\/morarmais.com.br\/mms\/#\/schema\/logo\/image\/\"},\"sameAs\":[\"https:\/\/www.facebook.com\/morarmais\",\"https:\/\/www.instagram.com\/morarmaispormenos\",\"https:\/\/br.pinterest.com\/morarmais\/\"]},{\"@type\":\"Person\",\"@id\":\"https:\/\/morarmais.com.br\/mms\/#\/schema\/person\/279595a0d25fac9a49b182b180dd4460\",\"name\":\"morarmais\",\"image\":{\"@type\":\"ImageObject\",\"inLanguage\":\"pt-BR\",\"@id\":\"https:\/\/morarmais.com.br\/mms\/#\/schema\/person\/image\/\",\"url\":\"https:\/\/secure.gravatar.com\/avatar\/c61120420671a49f41c532958efe436f?s=96&d=mm&r=g\",\"contentUrl\":\"https:\/\/secure.gravatar.com\/avatar\/c61120420671a49f41c532958efe436f?s=96&d=mm&r=g\",\"caption\":\"morarmais\"},\"url\":\"https:\/\/morarmais.com.br\/mms\/author\/morarmais\/\"}]}<\/script>\n<!-- \/ Yoast SEO plugin. -->","yoast_head_json":{"title":"Quarto - Galeria - Morar mais","robots":{"index":"index","follow":"follow","max-snippet":"max-snippet:-1","max-image-preview":"max-image-preview:large","max-video-preview":"max-video-preview:-1"},"canonical":"https:\/\/morarmais.com.br\/mms\/quarto-galeria\/","og_locale":"pt_BR","og_type":"article","og_title":"Quarto - Galeria - Morar mais","og_url":"https:\/\/morarmais.com.br\/mms\/quarto-galeria\/","og_site_name":"Morar mais","article_publisher":"https:\/\/www.facebook.com\/morarmais","article_published_time":"2023-01-31T12:43:19+00:00","article_modified_time":"2023-01-31T12:43:31+00:00","og_image":[{"url":"https:\/\/i1.wp.com\/morarmais.com.br\/mms\/wp-content\/uploads\/2023\/01\/B0A5028-1-22-Quarto-1-02-Fernanda-de-Oliveira-Kelly-Caetano-1024x682.jpg?ssl=1","type":"","width":"","height":""}],"author":"morarmais","twitter_card":"summary_large_image","twitter_misc":{"Escrito por":"morarmais","Est. tempo de leitura":"7 minutos"},"schema":{"@context":"https:\/\/schema.org","@graph":[{"@type":"Article","@id":"https:\/\/morarmais.com.br\/mms\/quarto-galeria\/#article","isPartOf":{"@id":"https:\/\/morarmais.com.br\/mms\/quarto-galeria\/"},"author":{"name":"morarmais","@id":"https:\/\/morarmais.com.br\/mms\/#\/schema\/person\/279595a0d25fac9a49b182b180dd4460"},"headline":"Quarto &#8211; Galeria","datePublished":"2023-01-31T12:43:19+00:00","dateModified":"2023-01-31T12:43:31+00:00","mainEntityOfPage":{"@id":"https:\/\/morarmais.com.br\/mms\/quarto-galeria\/"},"wordCount":3,"publisher":{"@id":"https:\/\/morarmais.com.br\/mms\/#organization"},"image":{"@id":"https:\/\/morarmais.com.br\/mms\/quarto-galeria\/#primaryimage"},"thumbnailUrl":"https:\/\/i1.wp.com\/morarmais.com.br\/mms\/wp-content\/uploads\/2023\/01\/B0A5028-1-22-Quarto-1-02-Fernanda-de-Oliveira-Kelly-Caetano-1024x682.jpg?ssl=1","articleSection":["Ambiente Decorado","Quarto"],"inLanguage":"pt-BR"},{"@type":"WebPage","@id":"https:\/\/morarmais.com.br\/mms\/quarto-galeria\/","url":"https:\/\/morarmais.com.br\/mms\/quarto-galeria\/","name":"Quarto - Galeria - Morar mais","isPartOf":{"@id":"https:\/\/morarmais.com.br\/mms\/#website"},"primaryImageOfPage":{"@id":"https:\/\/morarmais.com.br\/mms\/quarto-galeria\/#primaryimage"},"image":{"@id":"https:\/\/morarmais.com.br\/mms\/quarto-galeria\/#primaryimage"},"thumbnailUrl":"https:\/\/i1.wp.com\/morarmais.com.br\/mms\/wp-content\/uploads\/2023\/01\/B0A5028-1-22-Quarto-1-02-Fernanda-de-Oliveira-Kelly-Caetano-1024x682.jpg?ssl=1","datePublished":"2023-01-31T12:43:19+00:00","dateModified":"2023-01-31T12:43:31+00:00","breadcrumb":{"@id":"https:\/\/morarmais.com.br\/mms\/quarto-galeria\/#breadcrumb"},"inLanguage":"pt-BR","potentialAction":[{"@type":"ReadAction","target":["https:\/\/morarmais.com.br\/mms\/quarto-galeria\/"]}]},{"@type":"ImageObject","inLanguage":"pt-BR","@id":"https:\/\/morarmais.com.br\/mms\/quarto-galeria\/#primaryimage","url":"https:\/\/i1.wp.com\/morarmais.com.br\/mms\/wp-content\/uploads\/2023\/01\/B0A5028-1-22-Quarto-1-02-Fernanda-de-Oliveira-Kelly-Caetano-1024x682.jpg?ssl=1","contentUrl":"https:\/\/i1.wp.com\/morarmais.com.br\/mms\/wp-content\/uploads\/2023\/01\/B0A5028-1-22-Quarto-1-02-Fernanda-de-Oliveira-Kelly-Caetano-1024x682.jpg?ssl=1"},{"@type":"BreadcrumbList","@id":"https:\/\/morarmais.com.br\/mms\/quarto-galeria\/#breadcrumb","itemListElement":[{"@type":"ListItem","position":1,"name":"In\u00edcio","item":"https:\/\/morarmais.com.br\/mms\/"},{"@type":"ListItem","position":2,"name":"Quarto &#8211; Galeria"}]},{"@type":"WebSite","@id":"https:\/\/morarmais.com.br\/mms\/#website","url":"https:\/\/morarmais.com.br\/mms\/","name":"Morar mais","description":"O Chique que cabe no bolso","publisher":{"@id":"https:\/\/morarmais.com.br\/mms\/#organization"},"potentialAction":[{"@type":"SearchAction","target":{"@type":"EntryPoint","urlTemplate":"https:\/\/morarmais.com.br\/mms\/?s={search_term_string}"},"query-input":{"@type":"PropertyValueSpecification","valueRequired":true,"valueName":"search_term_string"}}],"inLanguage":"pt-BR"},{"@type":"Organization","@id":"https:\/\/morarmais.com.br\/mms\/#organization","name":"Morar mais","url":"https:\/\/morarmais.com.br\/mms\/","logo":{"@type":"ImageObject","inLanguage":"pt-BR","@id":"https:\/\/morarmais.com.br\/mms\/#\/schema\/logo\/image\/","url":"https:\/\/morarmais.com.br\/mms\/wp-content\/uploads\/2019\/04\/cropped-logo-morar-mais-2-1-e1688661143585.png","contentUrl":"https:\/\/morarmais.com.br\/mms\/wp-content\/uploads\/2019\/04\/cropped-logo-morar-mais-2-1-e1688661143585.png","width":130,"height":100,"caption":"Morar mais"},"image":{"@id":"https:\/\/morarmais.com.br\/mms\/#\/schema\/logo\/image\/"},"sameAs":["https:\/\/www.facebook.com\/morarmais","https:\/\/www.instagram.com\/morarmaispormenos","https:\/\/br.pinterest.com\/morarmais\/"]},{"@type":"Person","@id":"https:\/\/morarmais.com.br\/mms\/#\/schema\/person\/279595a0d25fac9a49b182b180dd4460","name":"morarmais","image":{"@type":"ImageObject","inLanguage":"pt-BR","@id":"https:\/\/morarmais.com.br\/mms\/#\/schema\/person\/image\/","url":"https:\/\/secure.gravatar.com\/avatar\/c61120420671a49f41c532958efe436f?s=96&d=mm&r=g","contentUrl":"https:\/\/secure.gravatar.com\/avatar\/c61120420671a49f41c532958efe436f?s=96&d=mm&r=g","caption":"morarmais"},"url":"https:\/\/morarmais.com.br\/mms\/author\/morarmais\/"}]}},"_links":{"self":[{"href":"https:\/\/morarmais.com.br\/mms\/wp-json\/wp\/v2\/posts\/10341"}],"collection":[{"href":"https:\/\/morarmais.com.br\/mms\/wp-json\/wp\/v2\/posts"}],"about":[{"href":"https:\/\/morarmais.com.br\/mms\/wp-json\/wp\/v2\/types\/post"}],"author":[{"embeddable":true,"href":"https:\/\/morarmais.com.br\/mms\/wp-json\/wp\/v2\/users\/1"}],"replies":[{"embeddable":true,"href":"https:\/\/morarmais.com.br\/mms\/wp-json\/wp\/v2\/comments?post=10341"}],"version-history":[{"count":0,"href":"https:\/\/morarmais.com.br\/mms\/wp-json\/wp\/v2\/posts\/10341\/revisions"}],"wp:attachment":[{"href":"https:\/\/morarmais.com.br\/mms\/wp-json\/wp\/v2\/media?parent=10341"}],"wp:term":[{"taxonomy":"category","embeddable":true,"href":"https:\/\/morarmais.com.br\/mms\/wp-json\/wp\/v2\/categories?post=10341"},{"taxonomy":"post_tag","embeddable":true,"href":"https:\/\/morarmais.com.br\/mms\/wp-json\/wp\/v2\/tags?post=10341"}],"curies":[{"name":"wp","href":"https:\/\/api.w.org\/{rel}","templated":true}]}}